{"id":186730,"date":"2022-10-11T10:22:00","date_gmt":"2022-10-11T10:22:00","guid":{"rendered":"https:\/\/www.webdo.tn\/fr\/blog\/fakher-fakhfakh-presente-ses-priorites-pour-la-periode-a-venir\/186730\/"},"modified":"2022-10-11T10:22:00","modified_gmt":"2022-10-11T10:22:00","slug":"fakher-fakhfakh-presente-ses-priorites-pour-la-periode-a-venir","status":"publish","type":"post","link":"https:\/\/www.webdo.tn\/fr\/actualite\/national\/fakher-fakhfakh-presente-ses-priorites-pour-la-periode-a-venir\/186730\/","title":{"rendered":"Fakher Fakhfakh pr\u00e9sente ses priorit\u00e9s pour la p\u00e9riode \u00e0 venir"},"content":{"rendered":"<p>Le gouverneur de Sfax, Fakher Fakhfakh a remerci\u00e9 le pr\u00e9sident de la R\u00e9publique, Ka\u00efs Sa\u00efed, d&rsquo;avoir nomm\u00e9 \u00ab\u00a0un Sfaxien \u00e0 la t\u00eate du gouvernorat\u00a0\u00bb.<\/p>\n<p>\u00ab Je veux donner de l&rsquo;espoir aux autres. J&rsquo;ai seulement besoin du soutien du pouvoir central car Sfax peut \u00eatre le Duba\u00ef de la Tunisie et de l&rsquo;Afrique du nord \u00bb, a-t-il affirm\u00e9 au micro d\u2019Express fm, ce mardi 11 octobre 2022.<\/p>\n<p>Concernant ses priorit\u00e9s pour la p\u00e9riode \u00e0 venir, Fakhfakh a fait savoir qu\u2019elles portent sur la garantie d&rsquo;un environnement sain, l&rsquo;am\u00e9lioration des conditions de transport et faire de Sfax une destination touristique.<\/p>\n<p>Pour ce qui est du probl\u00e8me de gestion des d\u00e9chets, Fakhfakh a affirm\u00e9 que le conseil r\u00e9gional \u00ab\u00a0ne suffit pas \u00e0 r\u00e9pondre aux besoins de la r\u00e9gion\u00a0\u00bb. C\u2019est dans ce cadre qu\u2019il a cr\u00e9\u00e9 un comit\u00e9 \u00e9conomique, permettant aux investisseurs et aux hommes d&rsquo;affaires de soumettre leurs propositions.<\/p>\n<p>Quant \u00e0 la d\u00e9charge El Gonna, il a indiqu\u00e9 que les habitants de la ville de Agareb avaient mal interpr\u00e9t\u00e9 sa r\u00e9ouverture\u00a0: \u00ab\u00a0Il s&rsquo;agissait d&rsquo;une mesure temporaire. Les r\u00e9unions du conseil r\u00e9gional ont abouti \u00e0 la proposition de la cr\u00e9ation d&rsquo;une agence sfaxienne de gestion des d\u00e9chets. La proposition a \u00e9t\u00e9 soumise aux autorit\u00e9s centrales et attend d&rsquo;\u00eatre valid\u00e9e sous forme d&rsquo;un d\u00e9cret\u00a0\u00bb.<\/p>\n","protected":false},"excerpt":{"rendered":"<p>Fakher Fakhfakh pr\u00e9sente ses priorit\u00e9s pour la p\u00e9riode \u00e0 venir<\/p>\n","protected":false},"author":3222,"featured_media":253597,"comment_status":"open","ping_status":"closed","sticky":false,"template":"","format":"standard","meta":{"footnotes":""},"categories":[44],"tags":[],"class_list":["post-186730","post","type-post","status-publish","format-standard","has-post-thumbnail","hentry","category-national"],"yoast_head":"<!-- This site is optimized with the Yoast SEO Premium plugin v27.4 (Yoast SEO v27.4) - https:\/\/yoast.com\/product\/yoast-seo-premium-wordpress\/ -->\n<title>Fakher Fakhfakh pr\u00e9sente ses priorit\u00e9s pour la p\u00e9riode \u00e0 venir<\/title>\n<meta name=\"description\" content=\"Fakher Fakhfakh pr\u00e9sente ses priorit\u00e9s pour la p\u00e9riode \u00e0 venir\" \/>\n<link rel=\"canonical\" href=\"https:\/\/www.webdo.tn\/fr\/actualite\/national\/fakher-fakhfakh-presente-ses-priorites-pour-la-periode-a-venir\/186730\/\" \/>\n<meta property=\"og:locale\" content=\"fr_FR\" \/>\n<meta property=\"og:type\" content=\"article\" \/>\n<meta property=\"og:title\" content=\"Fakher Fakhfakh pr\u00e9sente ses priorit\u00e9s pour la p\u00e9riode \u00e0 venir\" \/>\n<meta property=\"og:description\" content=\"Fakher Fakhfakh pr\u00e9sente ses priorit\u00e9s pour la p\u00e9riode \u00e0 venir\" \/>\n<meta property=\"og:url\" content=\"https:\/\/www.webdo.tn\/fr\/actualite\/national\/fakher-fakhfakh-presente-ses-priorites-pour-la-periode-a-venir\/186730\/\" \/>\n<meta property=\"og:site_name\" content=\"webdo\" \/>\n<meta property=\"article:publisher\" content=\"https:\/\/www.facebook.com\/webdotn\" \/>\n<meta property=\"article:published_time\" content=\"2022-10-11T10:22:00+00:00\" \/>\n<meta property=\"og:image\" content=\"https:\/\/www.webdo.tn\/fr\/wp-content\/uploads\/2022\/10\/Fakher-Fakhfakh.jpg\" \/>\n\t<meta property=\"og:image:width\" content=\"1000\" \/>\n\t<meta property=\"og:image:height\" content=\"600\" \/>\n\t<meta property=\"og:image:type\" content=\"image\/jpeg\" \/>\n<meta name=\"author\" content=\"webdo.tn\" \/>\n<meta name=\"twitter:card\" content=\"summary_large_image\" \/>\n<meta name=\"twitter:creator\" content=\"@webdo_tn\" \/>\n<meta name=\"twitter:site\" content=\"@webdo_tn\" \/>\n<meta name=\"twitter:label1\" content=\"\u00c9crit par\" \/>\n\t<meta name=\"twitter:data1\" content=\"webdo.tn\" \/>\n\t<meta name=\"twitter:label2\" content=\"Dur\u00e9e de lecture estim\u00e9e\" \/>\n\t<meta name=\"twitter:data2\" content=\"1 minute\" \/>\n<script type=\"application\/ld+json\" class=\"yoast-schema-graph\">{\"@context\":\"https:\\\/\\\/schema.org\",\"@graph\":[{\"@type\":\"NewsArticle\",\"@id\":\"https:\\\/\\\/www.webdo.tn\\\/fr\\\/actualite\\\/national\\\/fakher-fakhfakh-presente-ses-priorites-pour-la-periode-a-venir\\\/186730\\\/#article\",\"isPartOf\":{\"@id\":\"https:\\\/\\\/www.webdo.tn\\\/fr\\\/actualite\\\/national\\\/fakher-fakhfakh-presente-ses-priorites-pour-la-periode-a-venir\\\/186730\\\/\"},\"author\":{\"name\":\"webdo.tn\",\"@id\":\"https:\\\/\\\/www.webdo.tn\\\/fr\\\/#\\\/schema\\\/person\\\/9a9c6118d687c117df8ef3cc36a4d175\"},\"headline\":\"Fakher Fakhfakh pr\u00e9sente ses priorit\u00e9s pour la p\u00e9riode \u00e0 venir\",\"datePublished\":\"2022-10-11T10:22:00+00:00\",\"mainEntityOfPage\":{\"@id\":\"https:\\\/\\\/www.webdo.tn\\\/fr\\\/actualite\\\/national\\\/fakher-fakhfakh-presente-ses-priorites-pour-la-periode-a-venir\\\/186730\\\/\"},\"wordCount\":251,\"commentCount\":0,\"publisher\":{\"@id\":\"https:\\\/\\\/www.webdo.tn\\\/fr\\\/#organization\"},\"image\":{\"@id\":\"https:\\\/\\\/www.webdo.tn\\\/fr\\\/actualite\\\/national\\\/fakher-fakhfakh-presente-ses-priorites-pour-la-periode-a-venir\\\/186730\\\/#primaryimage\"},\"thumbnailUrl\":\"https:\\\/\\\/www.webdo.tn\\\/fr\\\/wp-content\\\/uploads\\\/2022\\\/10\\\/Fakher-Fakhfakh.jpg\",\"articleSection\":[\"National\"],\"inLanguage\":\"fr-FR\"},{\"@type\":\"WebPage\",\"@id\":\"https:\\\/\\\/www.webdo.tn\\\/fr\\\/actualite\\\/national\\\/fakher-fakhfakh-presente-ses-priorites-pour-la-periode-a-venir\\\/186730\\\/\",\"url\":\"https:\\\/\\\/www.webdo.tn\\\/fr\\\/actualite\\\/national\\\/fakher-fakhfakh-presente-ses-priorites-pour-la-periode-a-venir\\\/186730\\\/\",\"name\":\"Fakher Fakhfakh pr\u00e9sente ses priorit\u00e9s pour la p\u00e9riode \u00e0 venir\",\"isPartOf\":{\"@id\":\"https:\\\/\\\/www.webdo.tn\\\/fr\\\/#website\"},\"primaryImageOfPage\":{\"@id\":\"https:\\\/\\\/www.webdo.tn\\\/fr\\\/actualite\\\/national\\\/fakher-fakhfakh-presente-ses-priorites-pour-la-periode-a-venir\\\/186730\\\/#primaryimage\"},\"image\":{\"@id\":\"https:\\\/\\\/www.webdo.tn\\\/fr\\\/actualite\\\/national\\\/fakher-fakhfakh-presente-ses-priorites-pour-la-periode-a-venir\\\/186730\\\/#primaryimage\"},\"thumbnailUrl\":\"https:\\\/\\\/www.webdo.tn\\\/fr\\\/wp-content\\\/uploads\\\/2022\\\/10\\\/Fakher-Fakhfakh.jpg\",\"datePublished\":\"2022-10-11T10:22:00+00:00\",\"description\":\"Fakher Fakhfakh pr\u00e9sente ses priorit\u00e9s pour la p\u00e9riode \u00e0 venir\",\"breadcrumb\":{\"@id\":\"https:\\\/\\\/www.webdo.tn\\\/fr\\\/actualite\\\/national\\\/fakher-fakhfakh-presente-ses-priorites-pour-la-periode-a-venir\\\/186730\\\/#breadcrumb\"},\"inLanguage\":\"fr-FR\",\"potentialAction\":[{\"@type\":\"ReadAction\",\"target\":[\"https:\\\/\\\/www.webdo.tn\\\/fr\\\/actualite\\\/national\\\/fakher-fakhfakh-presente-ses-priorites-pour-la-periode-a-venir\\\/186730\\\/\"]}]},{\"@type\":\"ImageObject\",\"inLanguage\":\"fr-FR\",\"@id\":\"https:\\\/\\\/www.webdo.tn\\\/fr\\\/actualite\\\/national\\\/fakher-fakhfakh-presente-ses-priorites-pour-la-periode-a-venir\\\/186730\\\/#primaryimage\",\"url\":\"https:\\\/\\\/www.webdo.tn\\\/fr\\\/wp-content\\\/uploads\\\/2022\\\/10\\\/Fakher-Fakhfakh.jpg\",\"contentUrl\":\"https:\\\/\\\/www.webdo.tn\\\/fr\\\/wp-content\\\/uploads\\\/2022\\\/10\\\/Fakher-Fakhfakh.jpg\",\"width\":1000,\"height\":600,\"caption\":\"Fakher Fakhfakh pr\u00e9sente ses priorit\u00e9s pour la p\u00e9riode \u00e0 venir\"},{\"@type\":\"BreadcrumbList\",\"@id\":\"https:\\\/\\\/www.webdo.tn\\\/fr\\\/actualite\\\/national\\\/fakher-fakhfakh-presente-ses-priorites-pour-la-periode-a-venir\\\/186730\\\/#breadcrumb\",\"itemListElement\":[{\"@type\":\"ListItem\",\"position\":1,\"name\":\"Accueil\",\"item\":\"https:\\\/\\\/www.webdo.tn\\\/fr\\\/\"},{\"@type\":\"ListItem\",\"position\":2,\"name\":\"Fakher Fakhfakh pr\u00e9sente ses priorit\u00e9s pour la p\u00e9riode \u00e0 venir\"}]},{\"@type\":\"WebSite\",\"@id\":\"https:\\\/\\\/www.webdo.tn\\\/fr\\\/#website\",\"url\":\"https:\\\/\\\/www.webdo.tn\\\/fr\\\/\",\"name\":\"webdo\",\"description\":\"Tunisie - News en Tunisie et \u00e0 l&#039;international sur Webdo.tn\",\"publisher\":{\"@id\":\"https:\\\/\\\/www.webdo.tn\\\/fr\\\/#organization\"},\"potentialAction\":[{\"@type\":\"SearchAction\",\"target\":{\"@type\":\"EntryPoint\",\"urlTemplate\":\"https:\\\/\\\/www.webdo.tn\\\/fr\\\/?s={search_term_string}\"},\"query-input\":{\"@type\":\"PropertyValueSpecification\",\"valueRequired\":true,\"valueName\":\"search_term_string\"}}],\"inLanguage\":\"fr-FR\"},{\"@type\":\"Organization\",\"@id\":\"https:\\\/\\\/www.webdo.tn\\\/fr\\\/#organization\",\"name\":\"Webdo\",\"alternateName\":\"Webdo.tn\",\"url\":\"https:\\\/\\\/www.webdo.tn\\\/fr\\\/\",\"logo\":{\"@type\":\"ImageObject\",\"inLanguage\":\"fr-FR\",\"@id\":\"https:\\\/\\\/www.webdo.tn\\\/fr\\\/#\\\/schema\\\/logo\\\/image\\\/\",\"url\":\"https:\\\/\\\/www.webdo.tn\\\/fr\\\/wp-content\\\/uploads\\\/2025\\\/06\\\/Webdo-Tunisie_168377.jpg\",\"contentUrl\":\"https:\\\/\\\/www.webdo.tn\\\/fr\\\/wp-content\\\/uploads\\\/2025\\\/06\\\/Webdo-Tunisie_168377.jpg\",\"width\":301,\"height\":301,\"caption\":\"Webdo\"},\"image\":{\"@id\":\"https:\\\/\\\/www.webdo.tn\\\/fr\\\/#\\\/schema\\\/logo\\\/image\\\/\"},\"sameAs\":[\"https:\\\/\\\/www.facebook.com\\\/webdotn\",\"https:\\\/\\\/x.com\\\/webdo_tn\"],\"description\":\"Webdo est un m\u00e9dia num\u00e9rique tunisien fond\u00e9 en 2010, sp\u00e9cialis\u00e9 dans l\u2019actualit\u00e9 nationale et internationale, l\u2019\u00e9conomie, la soci\u00e9t\u00e9 et les analyses politiques. Le site s\u2019adresse \u00e0 un large public francophone et couvre l\u2019information tunisienne en temps r\u00e9el.\",\"email\":\"redac@webdo.tn\",\"legalName\":\"YNJ SARL\",\"foundingDate\":\"2010-09-06\",\"numberOfEmployees\":{\"@type\":\"QuantitativeValue\",\"minValue\":\"11\",\"maxValue\":\"50\"}},{\"@type\":\"Person\",\"@id\":\"https:\\\/\\\/www.webdo.tn\\\/fr\\\/#\\\/schema\\\/person\\\/9a9c6118d687c117df8ef3cc36a4d175\",\"name\":\"webdo.tn\",\"image\":{\"@type\":\"ImageObject\",\"inLanguage\":\"fr-FR\",\"@id\":\"https:\\\/\\\/secure.gravatar.com\\\/avatar\\\/7ce1f28c0c3bbac99ff550b85ef8e44a6950c6ee24514fb6a5489e51d06f0298?s=96&d=mm&r=g\",\"url\":\"https:\\\/\\\/secure.gravatar.com\\\/avatar\\\/7ce1f28c0c3bbac99ff550b85ef8e44a6950c6ee24514fb6a5489e51d06f0298?s=96&d=mm&r=g\",\"contentUrl\":\"https:\\\/\\\/secure.gravatar.com\\\/avatar\\\/7ce1f28c0c3bbac99ff550b85ef8e44a6950c6ee24514fb6a5489e51d06f0298?s=96&d=mm&r=g\",\"caption\":\"webdo.tn\"},\"url\":\"https:\\\/\\\/www.webdo.tn\\\/fr\\\/actualite\\\/author\\\/webdotn\\\/\"}]}<\/script>\n<!-- \/ Yoast SEO Premium plugin. -->","yoast_head_json":{"title":"Fakher Fakhfakh pr\u00e9sente ses priorit\u00e9s pour la p\u00e9riode \u00e0 venir","description":"Fakher Fakhfakh pr\u00e9sente ses priorit\u00e9s pour la p\u00e9riode \u00e0 venir","canonical":"https:\/\/www.webdo.tn\/fr\/actualite\/national\/fakher-fakhfakh-presente-ses-priorites-pour-la-periode-a-venir\/186730\/","og_locale":"fr_FR","og_type":"article","og_title":"Fakher Fakhfakh pr\u00e9sente ses priorit\u00e9s pour la p\u00e9riode \u00e0 venir","og_description":"Fakher Fakhfakh pr\u00e9sente ses priorit\u00e9s pour la p\u00e9riode \u00e0 venir","og_url":"https:\/\/www.webdo.tn\/fr\/actualite\/national\/fakher-fakhfakh-presente-ses-priorites-pour-la-periode-a-venir\/186730\/","og_site_name":"webdo","article_publisher":"https:\/\/www.facebook.com\/webdotn","article_published_time":"2022-10-11T10:22:00+00:00","og_image":[{"width":1000,"height":600,"url":"https:\/\/www.webdo.tn\/fr\/wp-content\/uploads\/2022\/10\/Fakher-Fakhfakh.jpg","type":"image\/jpeg"}],"author":"webdo.tn","twitter_card":"summary_large_image","twitter_creator":"@webdo_tn","twitter_site":"@webdo_tn","twitter_misc":{"\u00c9crit par":"webdo.tn","Dur\u00e9e de lecture estim\u00e9e":"1 minute"},"schema":{"@context":"https:\/\/schema.org","@graph":[{"@type":"NewsArticle","@id":"https:\/\/www.webdo.tn\/fr\/actualite\/national\/fakher-fakhfakh-presente-ses-priorites-pour-la-periode-a-venir\/186730\/#article","isPartOf":{"@id":"https:\/\/www.webdo.tn\/fr\/actualite\/national\/fakher-fakhfakh-presente-ses-priorites-pour-la-periode-a-venir\/186730\/"},"author":{"name":"webdo.tn","@id":"https:\/\/www.webdo.tn\/fr\/#\/schema\/person\/9a9c6118d687c117df8ef3cc36a4d175"},"headline":"Fakher Fakhfakh pr\u00e9sente ses priorit\u00e9s pour la p\u00e9riode \u00e0 venir","datePublished":"2022-10-11T10:22:00+00:00","mainEntityOfPage":{"@id":"https:\/\/www.webdo.tn\/fr\/actualite\/national\/fakher-fakhfakh-presente-ses-priorites-pour-la-periode-a-venir\/186730\/"},"wordCount":251,"commentCount":0,"publisher":{"@id":"https:\/\/www.webdo.tn\/fr\/#organization"},"image":{"@id":"https:\/\/www.webdo.tn\/fr\/actualite\/national\/fakher-fakhfakh-presente-ses-priorites-pour-la-periode-a-venir\/186730\/#primaryimage"},"thumbnailUrl":"https:\/\/www.webdo.tn\/fr\/wp-content\/uploads\/2022\/10\/Fakher-Fakhfakh.jpg","articleSection":["National"],"inLanguage":"fr-FR"},{"@type":"WebPage","@id":"https:\/\/www.webdo.tn\/fr\/actualite\/national\/fakher-fakhfakh-presente-ses-priorites-pour-la-periode-a-venir\/186730\/","url":"https:\/\/www.webdo.tn\/fr\/actualite\/national\/fakher-fakhfakh-presente-ses-priorites-pour-la-periode-a-venir\/186730\/","name":"Fakher Fakhfakh pr\u00e9sente ses priorit\u00e9s pour la p\u00e9riode \u00e0 venir","isPartOf":{"@id":"https:\/\/www.webdo.tn\/fr\/#website"},"primaryImageOfPage":{"@id":"https:\/\/www.webdo.tn\/fr\/actualite\/national\/fakher-fakhfakh-presente-ses-priorites-pour-la-periode-a-venir\/186730\/#primaryimage"},"image":{"@id":"https:\/\/www.webdo.tn\/fr\/actualite\/national\/fakher-fakhfakh-presente-ses-priorites-pour-la-periode-a-venir\/186730\/#primaryimage"},"thumbnailUrl":"https:\/\/www.webdo.tn\/fr\/wp-content\/uploads\/2022\/10\/Fakher-Fakhfakh.jpg","datePublished":"2022-10-11T10:22:00+00:00","description":"Fakher Fakhfakh pr\u00e9sente ses priorit\u00e9s pour la p\u00e9riode \u00e0 venir","breadcrumb":{"@id":"https:\/\/www.webdo.tn\/fr\/actualite\/national\/fakher-fakhfakh-presente-ses-priorites-pour-la-periode-a-venir\/186730\/#breadcrumb"},"inLanguage":"fr-FR","potentialAction":[{"@type":"ReadAction","target":["https:\/\/www.webdo.tn\/fr\/actualite\/national\/fakher-fakhfakh-presente-ses-priorites-pour-la-periode-a-venir\/186730\/"]}]},{"@type":"ImageObject","inLanguage":"fr-FR","@id":"https:\/\/www.webdo.tn\/fr\/actualite\/national\/fakher-fakhfakh-presente-ses-priorites-pour-la-periode-a-venir\/186730\/#primaryimage","url":"https:\/\/www.webdo.tn\/fr\/wp-content\/uploads\/2022\/10\/Fakher-Fakhfakh.jpg","contentUrl":"https:\/\/www.webdo.tn\/fr\/wp-content\/uploads\/2022\/10\/Fakher-Fakhfakh.jpg","width":1000,"height":600,"caption":"Fakher Fakhfakh pr\u00e9sente ses priorit\u00e9s pour la p\u00e9riode \u00e0 venir"},{"@type":"BreadcrumbList","@id":"https:\/\/www.webdo.tn\/fr\/actualite\/national\/fakher-fakhfakh-presente-ses-priorites-pour-la-periode-a-venir\/186730\/#breadcrumb","itemListElement":[{"@type":"ListItem","position":1,"name":"Accueil","item":"https:\/\/www.webdo.tn\/fr\/"},{"@type":"ListItem","position":2,"name":"Fakher Fakhfakh pr\u00e9sente ses priorit\u00e9s pour la p\u00e9riode \u00e0 venir"}]},{"@type":"WebSite","@id":"https:\/\/www.webdo.tn\/fr\/#website","url":"https:\/\/www.webdo.tn\/fr\/","name":"webdo","description":"Tunisie - News en Tunisie et \u00e0 l&#039;international sur Webdo.tn","publisher":{"@id":"https:\/\/www.webdo.tn\/fr\/#organization"},"potentialAction":[{"@type":"SearchAction","target":{"@type":"EntryPoint","urlTemplate":"https:\/\/www.webdo.tn\/fr\/?s={search_term_string}"},"query-input":{"@type":"PropertyValueSpecification","valueRequired":true,"valueName":"search_term_string"}}],"inLanguage":"fr-FR"},{"@type":"Organization","@id":"https:\/\/www.webdo.tn\/fr\/#organization","name":"Webdo","alternateName":"Webdo.tn","url":"https:\/\/www.webdo.tn\/fr\/","logo":{"@type":"ImageObject","inLanguage":"fr-FR","@id":"https:\/\/www.webdo.tn\/fr\/#\/schema\/logo\/image\/","url":"https:\/\/www.webdo.tn\/fr\/wp-content\/uploads\/2025\/06\/Webdo-Tunisie_168377.jpg","contentUrl":"https:\/\/www.webdo.tn\/fr\/wp-content\/uploads\/2025\/06\/Webdo-Tunisie_168377.jpg","width":301,"height":301,"caption":"Webdo"},"image":{"@id":"https:\/\/www.webdo.tn\/fr\/#\/schema\/logo\/image\/"},"sameAs":["https:\/\/www.facebook.com\/webdotn","https:\/\/x.com\/webdo_tn"],"description":"Webdo est un m\u00e9dia num\u00e9rique tunisien fond\u00e9 en 2010, sp\u00e9cialis\u00e9 dans l\u2019actualit\u00e9 nationale et internationale, l\u2019\u00e9conomie, la soci\u00e9t\u00e9 et les analyses politiques. Le site s\u2019adresse \u00e0 un large public francophone et couvre l\u2019information tunisienne en temps r\u00e9el.","email":"redac@webdo.tn","legalName":"YNJ SARL","foundingDate":"2010-09-06","numberOfEmployees":{"@type":"QuantitativeValue","minValue":"11","maxValue":"50"}},{"@type":"Person","@id":"https:\/\/www.webdo.tn\/fr\/#\/schema\/person\/9a9c6118d687c117df8ef3cc36a4d175","name":"webdo.tn","image":{"@type":"ImageObject","inLanguage":"fr-FR","@id":"https:\/\/secure.gravatar.com\/avatar\/7ce1f28c0c3bbac99ff550b85ef8e44a6950c6ee24514fb6a5489e51d06f0298?s=96&d=mm&r=g","url":"https:\/\/secure.gravatar.com\/avatar\/7ce1f28c0c3bbac99ff550b85ef8e44a6950c6ee24514fb6a5489e51d06f0298?s=96&d=mm&r=g","contentUrl":"https:\/\/secure.gravatar.com\/avatar\/7ce1f28c0c3bbac99ff550b85ef8e44a6950c6ee24514fb6a5489e51d06f0298?s=96&d=mm&r=g","caption":"webdo.tn"},"url":"https:\/\/www.webdo.tn\/fr\/actualite\/author\/webdotn\/"}]}},"_links":{"self":[{"href":"https:\/\/www.webdo.tn\/fr\/wp-json\/wp\/v2\/posts\/186730","targetHints":{"allow":["GET"]}}],"collection":[{"href":"https:\/\/www.webdo.tn\/fr\/wp-json\/wp\/v2\/posts"}],"about":[{"href":"https:\/\/www.webdo.tn\/fr\/wp-json\/wp\/v2\/types\/post"}],"author":[{"embeddable":true,"href":"https:\/\/www.webdo.tn\/fr\/wp-json\/wp\/v2\/users\/3222"}],"replies":[{"embeddable":true,"href":"https:\/\/www.webdo.tn\/fr\/wp-json\/wp\/v2\/comments?post=186730"}],"version-history":[{"count":0,"href":"https:\/\/www.webdo.tn\/fr\/wp-json\/wp\/v2\/posts\/186730\/revisions"}],"wp:featuredmedia":[{"embeddable":true,"href":"https:\/\/www.webdo.tn\/fr\/wp-json\/wp\/v2\/media\/253597"}],"wp:attachment":[{"href":"https:\/\/www.webdo.tn\/fr\/wp-json\/wp\/v2\/media?parent=186730"}],"wp:term":[{"taxonomy":"category","embeddable":true,"href":"https:\/\/www.webdo.tn\/fr\/wp-json\/wp\/v2\/categories?post=186730"},{"taxonomy":"post_tag","embeddable":true,"href":"https:\/\/www.webdo.tn\/fr\/wp-json\/wp\/v2\/tags?post=186730"}],"curies":[{"name":"wp","href":"https:\/\/api.w.org\/{rel}","templated":true}]}}