{"id":186726,"date":"2022-10-10T19:12:00","date_gmt":"2022-10-10T19:12:00","guid":{"rendered":"https:\/\/www.webdo.tn\/fr\/blog\/une-exposition-sur-la-transition-energetique-mondiale-inauguree-en-tunisie\/186726\/"},"modified":"2025-05-17T20:56:54","modified_gmt":"2025-05-17T20:56:54","slug":"une-exposition-sur-la-transition-energetique-mondiale-inauguree-en-tunisie","status":"publish","type":"post","link":"https:\/\/www.webdo.tn\/fr\/actualite\/national\/une-exposition-sur-la-transition-energetique-mondiale-inauguree-en-tunisie\/186726\/","title":{"rendered":"Une exposition sur la transition \u00e9nerg\u00e9tique mondiale inaugur\u00e9e en Tunisie"},"content":{"rendered":"<p>La Tunisie accueille, depuis le 7 octobre 2022 et jusqu&rsquo;au 21 du m\u00eame mois, une exposition itin\u00e9rante qui pr\u00e9sente les multiples aspects, d\u00e9fis et potentiels de la transition \u00e9nerg\u00e9tique mondiale, lanc\u00e9e par le minist\u00e8re f\u00e9d\u00e9ral allemand des Affaires \u00e9trang\u00e8res, en collaboration avec la coop\u00e9ration allemande en Tunisie (GIZ).L&rsquo;\u00e9v\u00e9nement est organis\u00e9e pour la premi\u00e8re fois dans un pays de la r\u00e9gion MENA.<\/p>\n<p>Ladite exposition a \u00e9t\u00e9 inaugur\u00e9e \u00e0 la Cit\u00e9 des Sciences \u00e0 Tunis, ce lundi 10 octobre 2022, et a pour th\u00e8me \u00ab Energy in Transition \u2013 Powering Tomorrow \u00bb. Elle vise \u00e0 montrer aux entrepreneurs et au public, les d\u00e9fis et l\u2019importance de r\u00e9ussir cette transition, a indiqu\u00e9, lundi, l\u2019ambassadeur d\u2019Allemagne en Tunisie, Peter Pr\u00fcgel, lors d\u2019un point de presse consacr\u00e9 au lancement de cette exposition.<\/p>\n<p>Cette exposition vise, \u00e9galement, \u00e0 pr\u00e9senter les derni\u00e8res nouvelles dans le domaine du d\u00e9veloppement technologique li\u00e9 \u00e0 la transition \u00e9nerg\u00e9tique, vulgariser cette m\u00eame th\u00e9matique et mettre l\u2019accent sur l\u2019imp\u00e9ratif d\u2019acc\u00e9l\u00e9rer la transition \u00e9nerg\u00e9tique, tout en r\u00e9fl\u00e9chissant au mix \u00e9nerg\u00e9tique.<\/p>\n<p>Il est \u00e0 rappeler que des projets dans le domaine des \u00e9nergies renouvelables d\u2019une valeur de 350 millions d\u2019euros, sont en cours de mise en \u0153uvre dans la cadre de la coop\u00e9ration entre l\u2019Allemagne et la Tunisie qui pr\u00e9voit d\u2019atteindre 35% d\u2019utilisation d\u2019\u00e9nergies renouvelables d\u2019ici 2030, contre 4% actuellement.<\/p>\n","protected":false},"excerpt":{"rendered":"<p>Une exposition sur la transition \u00e9nerg\u00e9tique mondiale inaugur\u00e9e en Tunisie<\/p>\n","protected":false},"author":3222,"featured_media":277086,"comment_status":"open","ping_status":"closed","sticky":false,"template":"","format":"standard","meta":{"footnotes":""},"categories":[44],"tags":[2600],"class_list":["post-186726","post","type-post","status-publish","format-standard","has-post-thumbnail","hentry","category-national","tag-guerre"],"yoast_head":"<!-- This site is optimized with the Yoast SEO Premium plugin v27.4 (Yoast SEO v27.4) - https:\/\/yoast.com\/product\/yoast-seo-premium-wordpress\/ -->\n<title>Une exposition sur la transition \u00e9nerg\u00e9tique mondiale inaugur\u00e9e en Tunisie<\/title>\n<meta name=\"description\" content=\"Une exposition sur la transition \u00e9nerg\u00e9tique mondiale inaugur\u00e9e en Tunisie\" \/>\n<link rel=\"canonical\" href=\"https:\/\/www.webdo.tn\/fr\/actualite\/national\/une-exposition-sur-la-transition-energetique-mondiale-inauguree-en-tunisie\/186726\/\" \/>\n<meta property=\"og:locale\" content=\"fr_FR\" \/>\n<meta property=\"og:type\" content=\"article\" \/>\n<meta property=\"og:title\" content=\"Une exposition sur la transition \u00e9nerg\u00e9tique mondiale inaugur\u00e9e en Tunisie\" \/>\n<meta property=\"og:description\" content=\"Une exposition sur la transition \u00e9nerg\u00e9tique mondiale inaugur\u00e9e en Tunisie\" \/>\n<meta property=\"og:url\" content=\"https:\/\/www.webdo.tn\/fr\/actualite\/national\/une-exposition-sur-la-transition-energetique-mondiale-inauguree-en-tunisie\/186726\/\" \/>\n<meta property=\"og:site_name\" content=\"webdo\" \/>\n<meta property=\"article:publisher\" content=\"https:\/\/www.facebook.com\/webdotn\" \/>\n<meta property=\"article:published_time\" content=\"2022-10-10T19:12:00+00:00\" \/>\n<meta property=\"article:modified_time\" content=\"2025-05-17T20:56:54+00:00\" \/>\n<meta property=\"og:image\" content=\"https:\/\/www.webdo.tn\/fr\/wp-content\/uploads\/2022\/10\/transition_energie_1010.jpg\" \/>\n\t<meta property=\"og:image:width\" content=\"768\" \/>\n\t<meta property=\"og:image:height\" content=\"432\" \/>\n\t<meta property=\"og:image:type\" content=\"image\/jpeg\" \/>\n<meta name=\"author\" content=\"webdo.tn\" \/>\n<meta name=\"twitter:card\" content=\"summary_large_image\" \/>\n<meta name=\"twitter:creator\" content=\"@webdo_tn\" \/>\n<meta name=\"twitter:site\" content=\"@webdo_tn\" \/>\n<meta name=\"twitter:label1\" content=\"\u00c9crit par\" \/>\n\t<meta name=\"twitter:data1\" content=\"webdo.tn\" \/>\n\t<meta name=\"twitter:label2\" content=\"Dur\u00e9e de lecture estim\u00e9e\" \/>\n\t<meta name=\"twitter:data2\" content=\"1 minute\" \/>\n<script type=\"application\/ld+json\" class=\"yoast-schema-graph\">{\"@context\":\"https:\\\/\\\/schema.org\",\"@graph\":[{\"@type\":\"NewsArticle\",\"@id\":\"https:\\\/\\\/www.webdo.tn\\\/fr\\\/actualite\\\/national\\\/une-exposition-sur-la-transition-energetique-mondiale-inauguree-en-tunisie\\\/186726\\\/#article\",\"isPartOf\":{\"@id\":\"https:\\\/\\\/www.webdo.tn\\\/fr\\\/actualite\\\/national\\\/une-exposition-sur-la-transition-energetique-mondiale-inauguree-en-tunisie\\\/186726\\\/\"},\"author\":{\"name\":\"webdo.tn\",\"@id\":\"https:\\\/\\\/www.webdo.tn\\\/fr\\\/#\\\/schema\\\/person\\\/9a9c6118d687c117df8ef3cc36a4d175\"},\"headline\":\"Une exposition sur la transition \u00e9nerg\u00e9tique mondiale inaugur\u00e9e en Tunisie\",\"datePublished\":\"2022-10-10T19:12:00+00:00\",\"dateModified\":\"2025-05-17T20:56:54+00:00\",\"mainEntityOfPage\":{\"@id\":\"https:\\\/\\\/www.webdo.tn\\\/fr\\\/actualite\\\/national\\\/une-exposition-sur-la-transition-energetique-mondiale-inauguree-en-tunisie\\\/186726\\\/\"},\"wordCount\":261,\"commentCount\":0,\"publisher\":{\"@id\":\"https:\\\/\\\/www.webdo.tn\\\/fr\\\/#organization\"},\"image\":{\"@id\":\"https:\\\/\\\/www.webdo.tn\\\/fr\\\/actualite\\\/national\\\/une-exposition-sur-la-transition-energetique-mondiale-inauguree-en-tunisie\\\/186726\\\/#primaryimage\"},\"thumbnailUrl\":\"https:\\\/\\\/www.webdo.tn\\\/fr\\\/wp-content\\\/uploads\\\/2022\\\/10\\\/transition_energie_1010.jpg\",\"keywords\":[\"guerre\"],\"articleSection\":[\"National\"],\"inLanguage\":\"fr-FR\"},{\"@type\":\"WebPage\",\"@id\":\"https:\\\/\\\/www.webdo.tn\\\/fr\\\/actualite\\\/national\\\/une-exposition-sur-la-transition-energetique-mondiale-inauguree-en-tunisie\\\/186726\\\/\",\"url\":\"https:\\\/\\\/www.webdo.tn\\\/fr\\\/actualite\\\/national\\\/une-exposition-sur-la-transition-energetique-mondiale-inauguree-en-tunisie\\\/186726\\\/\",\"name\":\"Une exposition sur la transition \u00e9nerg\u00e9tique mondiale inaugur\u00e9e en Tunisie\",\"isPartOf\":{\"@id\":\"https:\\\/\\\/www.webdo.tn\\\/fr\\\/#website\"},\"primaryImageOfPage\":{\"@id\":\"https:\\\/\\\/www.webdo.tn\\\/fr\\\/actualite\\\/national\\\/une-exposition-sur-la-transition-energetique-mondiale-inauguree-en-tunisie\\\/186726\\\/#primaryimage\"},\"image\":{\"@id\":\"https:\\\/\\\/www.webdo.tn\\\/fr\\\/actualite\\\/national\\\/une-exposition-sur-la-transition-energetique-mondiale-inauguree-en-tunisie\\\/186726\\\/#primaryimage\"},\"thumbnailUrl\":\"https:\\\/\\\/www.webdo.tn\\\/fr\\\/wp-content\\\/uploads\\\/2022\\\/10\\\/transition_energie_1010.jpg\",\"datePublished\":\"2022-10-10T19:12:00+00:00\",\"dateModified\":\"2025-05-17T20:56:54+00:00\",\"description\":\"Une exposition sur la transition \u00e9nerg\u00e9tique mondiale inaugur\u00e9e en Tunisie\",\"breadcrumb\":{\"@id\":\"https:\\\/\\\/www.webdo.tn\\\/fr\\\/actualite\\\/national\\\/une-exposition-sur-la-transition-energetique-mondiale-inauguree-en-tunisie\\\/186726\\\/#breadcrumb\"},\"inLanguage\":\"fr-FR\",\"potentialAction\":[{\"@type\":\"ReadAction\",\"target\":[\"https:\\\/\\\/www.webdo.tn\\\/fr\\\/actualite\\\/national\\\/une-exposition-sur-la-transition-energetique-mondiale-inauguree-en-tunisie\\\/186726\\\/\"]}]},{\"@type\":\"ImageObject\",\"inLanguage\":\"fr-FR\",\"@id\":\"https:\\\/\\\/www.webdo.tn\\\/fr\\\/actualite\\\/national\\\/une-exposition-sur-la-transition-energetique-mondiale-inauguree-en-tunisie\\\/186726\\\/#primaryimage\",\"url\":\"https:\\\/\\\/www.webdo.tn\\\/fr\\\/wp-content\\\/uploads\\\/2022\\\/10\\\/transition_energie_1010.jpg\",\"contentUrl\":\"https:\\\/\\\/www.webdo.tn\\\/fr\\\/wp-content\\\/uploads\\\/2022\\\/10\\\/transition_energie_1010.jpg\",\"width\":768,\"height\":432,\"caption\":\"Une exposition sur la transition \u00e9nerg\u00e9tique mondiale inaugur\u00e9e en Tunisie\"},{\"@type\":\"BreadcrumbList\",\"@id\":\"https:\\\/\\\/www.webdo.tn\\\/fr\\\/actualite\\\/national\\\/une-exposition-sur-la-transition-energetique-mondiale-inauguree-en-tunisie\\\/186726\\\/#breadcrumb\",\"itemListElement\":[{\"@type\":\"ListItem\",\"position\":1,\"name\":\"Accueil\",\"item\":\"https:\\\/\\\/www.webdo.tn\\\/fr\\\/\"},{\"@type\":\"ListItem\",\"position\":2,\"name\":\"Une exposition sur la transition \u00e9nerg\u00e9tique mondiale inaugur\u00e9e en Tunisie\"}]},{\"@type\":\"WebSite\",\"@id\":\"https:\\\/\\\/www.webdo.tn\\\/fr\\\/#website\",\"url\":\"https:\\\/\\\/www.webdo.tn\\\/fr\\\/\",\"name\":\"webdo\",\"description\":\"Tunisie - News en Tunisie et \u00e0 l&#039;international sur Webdo.tn\",\"publisher\":{\"@id\":\"https:\\\/\\\/www.webdo.tn\\\/fr\\\/#organization\"},\"potentialAction\":[{\"@type\":\"SearchAction\",\"target\":{\"@type\":\"EntryPoint\",\"urlTemplate\":\"https:\\\/\\\/www.webdo.tn\\\/fr\\\/?s={search_term_string}\"},\"query-input\":{\"@type\":\"PropertyValueSpecification\",\"valueRequired\":true,\"valueName\":\"search_term_string\"}}],\"inLanguage\":\"fr-FR\"},{\"@type\":\"Organization\",\"@id\":\"https:\\\/\\\/www.webdo.tn\\\/fr\\\/#organization\",\"name\":\"Webdo\",\"alternateName\":\"Webdo.tn\",\"url\":\"https:\\\/\\\/www.webdo.tn\\\/fr\\\/\",\"logo\":{\"@type\":\"ImageObject\",\"inLanguage\":\"fr-FR\",\"@id\":\"https:\\\/\\\/www.webdo.tn\\\/fr\\\/#\\\/schema\\\/logo\\\/image\\\/\",\"url\":\"https:\\\/\\\/www.webdo.tn\\\/fr\\\/wp-content\\\/uploads\\\/2025\\\/06\\\/Webdo-Tunisie_168377.jpg\",\"contentUrl\":\"https:\\\/\\\/www.webdo.tn\\\/fr\\\/wp-content\\\/uploads\\\/2025\\\/06\\\/Webdo-Tunisie_168377.jpg\",\"width\":301,\"height\":301,\"caption\":\"Webdo\"},\"image\":{\"@id\":\"https:\\\/\\\/www.webdo.tn\\\/fr\\\/#\\\/schema\\\/logo\\\/image\\\/\"},\"sameAs\":[\"https:\\\/\\\/www.facebook.com\\\/webdotn\",\"https:\\\/\\\/x.com\\\/webdo_tn\"],\"description\":\"Webdo est un m\u00e9dia num\u00e9rique tunisien fond\u00e9 en 2010, sp\u00e9cialis\u00e9 dans l\u2019actualit\u00e9 nationale et internationale, l\u2019\u00e9conomie, la soci\u00e9t\u00e9 et les analyses politiques. Le site s\u2019adresse \u00e0 un large public francophone et couvre l\u2019information tunisienne en temps r\u00e9el.\",\"email\":\"redac@webdo.tn\",\"legalName\":\"YNJ SARL\",\"foundingDate\":\"2010-09-06\",\"numberOfEmployees\":{\"@type\":\"QuantitativeValue\",\"minValue\":\"11\",\"maxValue\":\"50\"}},{\"@type\":\"Person\",\"@id\":\"https:\\\/\\\/www.webdo.tn\\\/fr\\\/#\\\/schema\\\/person\\\/9a9c6118d687c117df8ef3cc36a4d175\",\"name\":\"webdo.tn\",\"image\":{\"@type\":\"ImageObject\",\"inLanguage\":\"fr-FR\",\"@id\":\"https:\\\/\\\/secure.gravatar.com\\\/avatar\\\/7ce1f28c0c3bbac99ff550b85ef8e44a6950c6ee24514fb6a5489e51d06f0298?s=96&d=mm&r=g\",\"url\":\"https:\\\/\\\/secure.gravatar.com\\\/avatar\\\/7ce1f28c0c3bbac99ff550b85ef8e44a6950c6ee24514fb6a5489e51d06f0298?s=96&d=mm&r=g\",\"contentUrl\":\"https:\\\/\\\/secure.gravatar.com\\\/avatar\\\/7ce1f28c0c3bbac99ff550b85ef8e44a6950c6ee24514fb6a5489e51d06f0298?s=96&d=mm&r=g\",\"caption\":\"webdo.tn\"},\"url\":\"https:\\\/\\\/www.webdo.tn\\\/fr\\\/actualite\\\/author\\\/webdotn\\\/\"}]}<\/script>\n<!-- \/ Yoast SEO Premium plugin. -->","yoast_head_json":{"title":"Une exposition sur la transition \u00e9nerg\u00e9tique mondiale inaugur\u00e9e en Tunisie","description":"Une exposition sur la transition \u00e9nerg\u00e9tique mondiale inaugur\u00e9e en Tunisie","canonical":"https:\/\/www.webdo.tn\/fr\/actualite\/national\/une-exposition-sur-la-transition-energetique-mondiale-inauguree-en-tunisie\/186726\/","og_locale":"fr_FR","og_type":"article","og_title":"Une exposition sur la transition \u00e9nerg\u00e9tique mondiale inaugur\u00e9e en Tunisie","og_description":"Une exposition sur la transition \u00e9nerg\u00e9tique mondiale inaugur\u00e9e en Tunisie","og_url":"https:\/\/www.webdo.tn\/fr\/actualite\/national\/une-exposition-sur-la-transition-energetique-mondiale-inauguree-en-tunisie\/186726\/","og_site_name":"webdo","article_publisher":"https:\/\/www.facebook.com\/webdotn","article_published_time":"2022-10-10T19:12:00+00:00","article_modified_time":"2025-05-17T20:56:54+00:00","og_image":[{"width":768,"height":432,"url":"https:\/\/www.webdo.tn\/fr\/wp-content\/uploads\/2022\/10\/transition_energie_1010.jpg","type":"image\/jpeg"}],"author":"webdo.tn","twitter_card":"summary_large_image","twitter_creator":"@webdo_tn","twitter_site":"@webdo_tn","twitter_misc":{"\u00c9crit par":"webdo.tn","Dur\u00e9e de lecture estim\u00e9e":"1 minute"},"schema":{"@context":"https:\/\/schema.org","@graph":[{"@type":"NewsArticle","@id":"https:\/\/www.webdo.tn\/fr\/actualite\/national\/une-exposition-sur-la-transition-energetique-mondiale-inauguree-en-tunisie\/186726\/#article","isPartOf":{"@id":"https:\/\/www.webdo.tn\/fr\/actualite\/national\/une-exposition-sur-la-transition-energetique-mondiale-inauguree-en-tunisie\/186726\/"},"author":{"name":"webdo.tn","@id":"https:\/\/www.webdo.tn\/fr\/#\/schema\/person\/9a9c6118d687c117df8ef3cc36a4d175"},"headline":"Une exposition sur la transition \u00e9nerg\u00e9tique mondiale inaugur\u00e9e en Tunisie","datePublished":"2022-10-10T19:12:00+00:00","dateModified":"2025-05-17T20:56:54+00:00","mainEntityOfPage":{"@id":"https:\/\/www.webdo.tn\/fr\/actualite\/national\/une-exposition-sur-la-transition-energetique-mondiale-inauguree-en-tunisie\/186726\/"},"wordCount":261,"commentCount":0,"publisher":{"@id":"https:\/\/www.webdo.tn\/fr\/#organization"},"image":{"@id":"https:\/\/www.webdo.tn\/fr\/actualite\/national\/une-exposition-sur-la-transition-energetique-mondiale-inauguree-en-tunisie\/186726\/#primaryimage"},"thumbnailUrl":"https:\/\/www.webdo.tn\/fr\/wp-content\/uploads\/2022\/10\/transition_energie_1010.jpg","keywords":["guerre"],"articleSection":["National"],"inLanguage":"fr-FR"},{"@type":"WebPage","@id":"https:\/\/www.webdo.tn\/fr\/actualite\/national\/une-exposition-sur-la-transition-energetique-mondiale-inauguree-en-tunisie\/186726\/","url":"https:\/\/www.webdo.tn\/fr\/actualite\/national\/une-exposition-sur-la-transition-energetique-mondiale-inauguree-en-tunisie\/186726\/","name":"Une exposition sur la transition \u00e9nerg\u00e9tique mondiale inaugur\u00e9e en Tunisie","isPartOf":{"@id":"https:\/\/www.webdo.tn\/fr\/#website"},"primaryImageOfPage":{"@id":"https:\/\/www.webdo.tn\/fr\/actualite\/national\/une-exposition-sur-la-transition-energetique-mondiale-inauguree-en-tunisie\/186726\/#primaryimage"},"image":{"@id":"https:\/\/www.webdo.tn\/fr\/actualite\/national\/une-exposition-sur-la-transition-energetique-mondiale-inauguree-en-tunisie\/186726\/#primaryimage"},"thumbnailUrl":"https:\/\/www.webdo.tn\/fr\/wp-content\/uploads\/2022\/10\/transition_energie_1010.jpg","datePublished":"2022-10-10T19:12:00+00:00","dateModified":"2025-05-17T20:56:54+00:00","description":"Une exposition sur la transition \u00e9nerg\u00e9tique mondiale inaugur\u00e9e en Tunisie","breadcrumb":{"@id":"https:\/\/www.webdo.tn\/fr\/actualite\/national\/une-exposition-sur-la-transition-energetique-mondiale-inauguree-en-tunisie\/186726\/#breadcrumb"},"inLanguage":"fr-FR","potentialAction":[{"@type":"ReadAction","target":["https:\/\/www.webdo.tn\/fr\/actualite\/national\/une-exposition-sur-la-transition-energetique-mondiale-inauguree-en-tunisie\/186726\/"]}]},{"@type":"ImageObject","inLanguage":"fr-FR","@id":"https:\/\/www.webdo.tn\/fr\/actualite\/national\/une-exposition-sur-la-transition-energetique-mondiale-inauguree-en-tunisie\/186726\/#primaryimage","url":"https:\/\/www.webdo.tn\/fr\/wp-content\/uploads\/2022\/10\/transition_energie_1010.jpg","contentUrl":"https:\/\/www.webdo.tn\/fr\/wp-content\/uploads\/2022\/10\/transition_energie_1010.jpg","width":768,"height":432,"caption":"Une exposition sur la transition \u00e9nerg\u00e9tique mondiale inaugur\u00e9e en Tunisie"},{"@type":"BreadcrumbList","@id":"https:\/\/www.webdo.tn\/fr\/actualite\/national\/une-exposition-sur-la-transition-energetique-mondiale-inauguree-en-tunisie\/186726\/#breadcrumb","itemListElement":[{"@type":"ListItem","position":1,"name":"Accueil","item":"https:\/\/www.webdo.tn\/fr\/"},{"@type":"ListItem","position":2,"name":"Une exposition sur la transition \u00e9nerg\u00e9tique mondiale inaugur\u00e9e en Tunisie"}]},{"@type":"WebSite","@id":"https:\/\/www.webdo.tn\/fr\/#website","url":"https:\/\/www.webdo.tn\/fr\/","name":"webdo","description":"Tunisie - News en Tunisie et \u00e0 l&#039;international sur Webdo.tn","publisher":{"@id":"https:\/\/www.webdo.tn\/fr\/#organization"},"potentialAction":[{"@type":"SearchAction","target":{"@type":"EntryPoint","urlTemplate":"https:\/\/www.webdo.tn\/fr\/?s={search_term_string}"},"query-input":{"@type":"PropertyValueSpecification","valueRequired":true,"valueName":"search_term_string"}}],"inLanguage":"fr-FR"},{"@type":"Organization","@id":"https:\/\/www.webdo.tn\/fr\/#organization","name":"Webdo","alternateName":"Webdo.tn","url":"https:\/\/www.webdo.tn\/fr\/","logo":{"@type":"ImageObject","inLanguage":"fr-FR","@id":"https:\/\/www.webdo.tn\/fr\/#\/schema\/logo\/image\/","url":"https:\/\/www.webdo.tn\/fr\/wp-content\/uploads\/2025\/06\/Webdo-Tunisie_168377.jpg","contentUrl":"https:\/\/www.webdo.tn\/fr\/wp-content\/uploads\/2025\/06\/Webdo-Tunisie_168377.jpg","width":301,"height":301,"caption":"Webdo"},"image":{"@id":"https:\/\/www.webdo.tn\/fr\/#\/schema\/logo\/image\/"},"sameAs":["https:\/\/www.facebook.com\/webdotn","https:\/\/x.com\/webdo_tn"],"description":"Webdo est un m\u00e9dia num\u00e9rique tunisien fond\u00e9 en 2010, sp\u00e9cialis\u00e9 dans l\u2019actualit\u00e9 nationale et internationale, l\u2019\u00e9conomie, la soci\u00e9t\u00e9 et les analyses politiques. Le site s\u2019adresse \u00e0 un large public francophone et couvre l\u2019information tunisienne en temps r\u00e9el.","email":"redac@webdo.tn","legalName":"YNJ SARL","foundingDate":"2010-09-06","numberOfEmployees":{"@type":"QuantitativeValue","minValue":"11","maxValue":"50"}},{"@type":"Person","@id":"https:\/\/www.webdo.tn\/fr\/#\/schema\/person\/9a9c6118d687c117df8ef3cc36a4d175","name":"webdo.tn","image":{"@type":"ImageObject","inLanguage":"fr-FR","@id":"https:\/\/secure.gravatar.com\/avatar\/7ce1f28c0c3bbac99ff550b85ef8e44a6950c6ee24514fb6a5489e51d06f0298?s=96&d=mm&r=g","url":"https:\/\/secure.gravatar.com\/avatar\/7ce1f28c0c3bbac99ff550b85ef8e44a6950c6ee24514fb6a5489e51d06f0298?s=96&d=mm&r=g","contentUrl":"https:\/\/secure.gravatar.com\/avatar\/7ce1f28c0c3bbac99ff550b85ef8e44a6950c6ee24514fb6a5489e51d06f0298?s=96&d=mm&r=g","caption":"webdo.tn"},"url":"https:\/\/www.webdo.tn\/fr\/actualite\/author\/webdotn\/"}]}},"_links":{"self":[{"href":"https:\/\/www.webdo.tn\/fr\/wp-json\/wp\/v2\/posts\/186726","targetHints":{"allow":["GET"]}}],"collection":[{"href":"https:\/\/www.webdo.tn\/fr\/wp-json\/wp\/v2\/posts"}],"about":[{"href":"https:\/\/www.webdo.tn\/fr\/wp-json\/wp\/v2\/types\/post"}],"author":[{"embeddable":true,"href":"https:\/\/www.webdo.tn\/fr\/wp-json\/wp\/v2\/users\/3222"}],"replies":[{"embeddable":true,"href":"https:\/\/www.webdo.tn\/fr\/wp-json\/wp\/v2\/comments?post=186726"}],"version-history":[{"count":0,"href":"https:\/\/www.webdo.tn\/fr\/wp-json\/wp\/v2\/posts\/186726\/revisions"}],"wp:featuredmedia":[{"embeddable":true,"href":"https:\/\/www.webdo.tn\/fr\/wp-json\/wp\/v2\/media\/277086"}],"wp:attachment":[{"href":"https:\/\/www.webdo.tn\/fr\/wp-json\/wp\/v2\/media?parent=186726"}],"wp:term":[{"taxonomy":"category","embeddable":true,"href":"https:\/\/www.webdo.tn\/fr\/wp-json\/wp\/v2\/categories?post=186726"},{"taxonomy":"post_tag","embeddable":true,"href":"https:\/\/www.webdo.tn\/fr\/wp-json\/wp\/v2\/tags?post=186726"}],"curies":[{"name":"wp","href":"https:\/\/api.w.org\/{rel}","templated":true}]}}