{"id":186724,"date":"2022-10-10T15:52:00","date_gmt":"2022-10-10T15:52:00","guid":{"rendered":"https:\/\/www.webdo.tn\/fr\/blog\/peine-de-mort-la-tunisie-ne-respecte-pas-ses-engagements\/186724\/"},"modified":"2025-05-17T20:56:54","modified_gmt":"2025-05-17T20:56:54","slug":"peine-de-mort-la-tunisie-ne-respecte-pas-ses-engagements","status":"publish","type":"post","link":"https:\/\/www.webdo.tn\/fr\/actualite\/national\/peine-de-mort-la-tunisie-ne-respecte-pas-ses-engagements\/186724\/","title":{"rendered":"Peine de mort : la Tunisie ne respecte pas ses engagements !"},"content":{"rendered":"<p>La Coalition Tunisienne Contre la Peine de Mort (CTCPM) a organis\u00e9, ce lundi 10 octobre 2022, une conf\u00e9rence de presse tenue au si\u00e8ge du Syndicat national des journalistes tunisiens (SNJT), \u00e0 l&rsquo;occasion de la Journ\u00e9e mondiale contre la peine de mort.<\/p>\n<p>La secr\u00e9taire g\u00e9n\u00e9rale de la CTCPM, Hajer Naceur, a notamment estim\u00e9, lors de ce point de presse, que \u00ab\u00a0la situation est encore pr\u00e9caire en Tunisie, d&rsquo;autant plus que le pr\u00e9sident de la R\u00e9publique, Kais Saied, soutient la peine de mort\u00a0\u00bb.<\/p>\n<p>\u00ab\u00a0Il s&rsquo;agit d&rsquo;une faille importante de la constitution 2022 dans la mesure o\u00f9 elle n&rsquo;annule pas cette peine\u00a0\u00bb, a-t-elle d\u00e9clar\u00e9, selon des propos rapport\u00e9s par l&rsquo;agence TAP, soulignant que les magistrats continuent de prononcer des peines de mort malgr\u00e9 le moratoire appliqu\u00e9 \u00e0 cette peine depuis plus de 30 ans.<\/p>\n<p>Hajer Naceur a appel\u00e9 \u00e0 respecter les r\u00e9solutions internationales sur l&rsquo;amendement du code p\u00e9nal et l&rsquo;abolition d\u00e9finitive de la peine de mort en la commuant en peine de prison.<\/p>\n<p>Elle a propos\u00e9 l&rsquo;organisation d&rsquo;un dialogue national sur la peine de mort avec la participation du Comit\u00e9 sup\u00e9rieur des droits de l&rsquo;Homme et des libert\u00e9s fondamentales afin d&rsquo;adopter le 2e protocole se rapportant au Pacte international relatif aux droits civils et politiques et qui vise, justement, \u00e0 abolir la peine de mort.<\/p>\n<p>A la suite de chaque mort tragique, le d\u00e9bat autour de l\u2019application de la peine de mort est rouvert en Tunisie.<\/p>\n<p>Entre opinions favorables et oppos\u00e9es \u00e0 la peine de mort, le d\u00e9bat n\u2019a jamais \u00e9t\u00e9 v\u00e9ritablement tranch\u00e9 et continue \u00e0 resurgir apr\u00e8s chaque drame. On se rappelle tous de l\u2019affaire de la jeune Rahma qui a \u00e9t\u00e9 viol\u00e9e puis tu\u00e9e sur l\u2019autoroute de la Marsa, o\u00f9 son corps avait \u00e9t\u00e9 retrouv\u00e9e plusieurs jours apr\u00e8s.<\/p>\n<p>Suite \u00e0 cette affaire, le pr\u00e9sident de la R\u00e9publique s\u2019est dit clairement pour la peine de mort dans ce genre de crime, tout en assurant tous les droits de d\u00e9fense \u00e0 tous les accus\u00e9s.<\/p>\n<p>En se pronon\u00e7ant clairement pour la peine de mort, lors d\u2019un conseil de S\u00e9curit\u00e9 Nationale, tenu le 28 septembre 2020, le pr\u00e9sident de la R\u00e9publique Kais Saied, a suscit\u00e9 de nombreuses r\u00e9actions notamment celle d\u2019Amnesty Internationale qui s&rsquo;est d\u00e9clar\u00e9, \u00ab choqu\u00e9e \u00bb par cette position.<\/p>\n<p>Amnesty International avait r\u00e9agi \u00e0 cette annonce en rappelant que \u00ab\u00a0la Tunisie n\u2019a proc\u00e9d\u00e9 \u00e0 aucune ex\u00e9cution depuis 1991\u00a0\u00bb.<\/p>\n<p>\u00ab\u00a0L\u2019annonce du pr\u00e9sident en faveur de la peine de mort est choquante et va \u00e0 l\u2019encontre de la pratique \u00e9tablie depuis des d\u00e9cennies consistant \u00e0 ne pas proc\u00e9der \u00e0 des ex\u00e9cutions. Ka\u00efs Sa\u00efed est le premier pr\u00e9sident \u00e0 faire part de son intention d\u2019appliquer les sentences capitales en Tunisie\u00a0\u00bb, avait d\u00e9nonc\u00e9 Amnesty, rappelant que depuis 2012, la Tunisie a vot\u00e9 en faveur de la r\u00e9solution de l\u2019Assembl\u00e9e g\u00e9n\u00e9rale des Nations unies appelant \u00e0 un moratoire sur l\u2019application de la peine de mort.<\/p>\n","protected":false},"excerpt":{"rendered":"<p>Peine de mort : la Tunisie ne respecte pas ses engagements !<\/p>\n","protected":false},"author":3222,"featured_media":277084,"comment_status":"open","ping_status":"closed","sticky":false,"template":"","format":"standard","meta":{"footnotes":""},"categories":[44],"tags":[2600],"class_list":["post-186724","post","type-post","status-publish","format-standard","has-post-thumbnail","hentry","category-national","tag-guerre"],"yoast_head":"<!-- This site is optimized with the Yoast SEO Premium plugin v27.4 (Yoast SEO v27.4) - https:\/\/yoast.com\/product\/yoast-seo-premium-wordpress\/ -->\n<title>Peine de mort : la Tunisie ne respecte pas ses engagements !<\/title>\n<meta name=\"description\" content=\"Peine de mort : la Tunisie ne respecte pas ses engagements !\" \/>\n<link rel=\"canonical\" href=\"https:\/\/www.webdo.tn\/fr\/actualite\/national\/peine-de-mort-la-tunisie-ne-respecte-pas-ses-engagements\/186724\/\" \/>\n<meta property=\"og:locale\" content=\"fr_FR\" \/>\n<meta property=\"og:type\" content=\"article\" \/>\n<meta property=\"og:title\" content=\"Peine de mort : la Tunisie ne respecte pas ses engagements !\" \/>\n<meta property=\"og:description\" content=\"Peine de mort : la Tunisie ne respecte pas ses engagements !\" \/>\n<meta property=\"og:url\" content=\"https:\/\/www.webdo.tn\/fr\/actualite\/national\/peine-de-mort-la-tunisie-ne-respecte-pas-ses-engagements\/186724\/\" \/>\n<meta property=\"og:site_name\" content=\"webdo\" \/>\n<meta property=\"article:publisher\" content=\"https:\/\/www.facebook.com\/webdotn\" \/>\n<meta property=\"article:published_time\" content=\"2022-10-10T15:52:00+00:00\" \/>\n<meta property=\"article:modified_time\" content=\"2025-05-17T20:56:54+00:00\" \/>\n<meta property=\"og:image\" content=\"https:\/\/www.webdo.tn\/fr\/wp-content\/uploads\/2022\/10\/justice2-1.jpg\" \/>\n\t<meta property=\"og:image:width\" content=\"870\" \/>\n\t<meta property=\"og:image:height\" content=\"489\" \/>\n\t<meta property=\"og:image:type\" content=\"image\/jpeg\" \/>\n<meta name=\"author\" content=\"webdo.tn\" \/>\n<meta name=\"twitter:card\" content=\"summary_large_image\" \/>\n<meta name=\"twitter:creator\" content=\"@webdo_tn\" \/>\n<meta name=\"twitter:site\" content=\"@webdo_tn\" \/>\n<meta name=\"twitter:label1\" content=\"\u00c9crit par\" \/>\n\t<meta name=\"twitter:data1\" content=\"webdo.tn\" \/>\n\t<meta name=\"twitter:label2\" content=\"Dur\u00e9e de lecture estim\u00e9e\" \/>\n\t<meta name=\"twitter:data2\" content=\"3 minutes\" \/>\n<script type=\"application\/ld+json\" class=\"yoast-schema-graph\">{\"@context\":\"https:\\\/\\\/schema.org\",\"@graph\":[{\"@type\":\"NewsArticle\",\"@id\":\"https:\\\/\\\/www.webdo.tn\\\/fr\\\/actualite\\\/national\\\/peine-de-mort-la-tunisie-ne-respecte-pas-ses-engagements\\\/186724\\\/#article\",\"isPartOf\":{\"@id\":\"https:\\\/\\\/www.webdo.tn\\\/fr\\\/actualite\\\/national\\\/peine-de-mort-la-tunisie-ne-respecte-pas-ses-engagements\\\/186724\\\/\"},\"author\":{\"name\":\"webdo.tn\",\"@id\":\"https:\\\/\\\/www.webdo.tn\\\/fr\\\/#\\\/schema\\\/person\\\/9a9c6118d687c117df8ef3cc36a4d175\"},\"headline\":\"Peine de mort : la Tunisie ne respecte pas ses engagements !\",\"datePublished\":\"2022-10-10T15:52:00+00:00\",\"dateModified\":\"2025-05-17T20:56:54+00:00\",\"mainEntityOfPage\":{\"@id\":\"https:\\\/\\\/www.webdo.tn\\\/fr\\\/actualite\\\/national\\\/peine-de-mort-la-tunisie-ne-respecte-pas-ses-engagements\\\/186724\\\/\"},\"wordCount\":529,\"commentCount\":0,\"publisher\":{\"@id\":\"https:\\\/\\\/www.webdo.tn\\\/fr\\\/#organization\"},\"image\":{\"@id\":\"https:\\\/\\\/www.webdo.tn\\\/fr\\\/actualite\\\/national\\\/peine-de-mort-la-tunisie-ne-respecte-pas-ses-engagements\\\/186724\\\/#primaryimage\"},\"thumbnailUrl\":\"https:\\\/\\\/www.webdo.tn\\\/fr\\\/wp-content\\\/uploads\\\/2022\\\/10\\\/justice2-1.jpg\",\"keywords\":[\"guerre\"],\"articleSection\":[\"National\"],\"inLanguage\":\"fr-FR\"},{\"@type\":\"WebPage\",\"@id\":\"https:\\\/\\\/www.webdo.tn\\\/fr\\\/actualite\\\/national\\\/peine-de-mort-la-tunisie-ne-respecte-pas-ses-engagements\\\/186724\\\/\",\"url\":\"https:\\\/\\\/www.webdo.tn\\\/fr\\\/actualite\\\/national\\\/peine-de-mort-la-tunisie-ne-respecte-pas-ses-engagements\\\/186724\\\/\",\"name\":\"Peine de mort : la Tunisie ne respecte pas ses engagements !\",\"isPartOf\":{\"@id\":\"https:\\\/\\\/www.webdo.tn\\\/fr\\\/#website\"},\"primaryImageOfPage\":{\"@id\":\"https:\\\/\\\/www.webdo.tn\\\/fr\\\/actualite\\\/national\\\/peine-de-mort-la-tunisie-ne-respecte-pas-ses-engagements\\\/186724\\\/#primaryimage\"},\"image\":{\"@id\":\"https:\\\/\\\/www.webdo.tn\\\/fr\\\/actualite\\\/national\\\/peine-de-mort-la-tunisie-ne-respecte-pas-ses-engagements\\\/186724\\\/#primaryimage\"},\"thumbnailUrl\":\"https:\\\/\\\/www.webdo.tn\\\/fr\\\/wp-content\\\/uploads\\\/2022\\\/10\\\/justice2-1.jpg\",\"datePublished\":\"2022-10-10T15:52:00+00:00\",\"dateModified\":\"2025-05-17T20:56:54+00:00\",\"description\":\"Peine de mort : la Tunisie ne respecte pas ses engagements !\",\"breadcrumb\":{\"@id\":\"https:\\\/\\\/www.webdo.tn\\\/fr\\\/actualite\\\/national\\\/peine-de-mort-la-tunisie-ne-respecte-pas-ses-engagements\\\/186724\\\/#breadcrumb\"},\"inLanguage\":\"fr-FR\",\"potentialAction\":[{\"@type\":\"ReadAction\",\"target\":[\"https:\\\/\\\/www.webdo.tn\\\/fr\\\/actualite\\\/national\\\/peine-de-mort-la-tunisie-ne-respecte-pas-ses-engagements\\\/186724\\\/\"]}]},{\"@type\":\"ImageObject\",\"inLanguage\":\"fr-FR\",\"@id\":\"https:\\\/\\\/www.webdo.tn\\\/fr\\\/actualite\\\/national\\\/peine-de-mort-la-tunisie-ne-respecte-pas-ses-engagements\\\/186724\\\/#primaryimage\",\"url\":\"https:\\\/\\\/www.webdo.tn\\\/fr\\\/wp-content\\\/uploads\\\/2022\\\/10\\\/justice2-1.jpg\",\"contentUrl\":\"https:\\\/\\\/www.webdo.tn\\\/fr\\\/wp-content\\\/uploads\\\/2022\\\/10\\\/justice2-1.jpg\",\"width\":870,\"height\":489,\"caption\":\"Peine de mort : la Tunisie ne respecte pas ses engagements !\"},{\"@type\":\"BreadcrumbList\",\"@id\":\"https:\\\/\\\/www.webdo.tn\\\/fr\\\/actualite\\\/national\\\/peine-de-mort-la-tunisie-ne-respecte-pas-ses-engagements\\\/186724\\\/#breadcrumb\",\"itemListElement\":[{\"@type\":\"ListItem\",\"position\":1,\"name\":\"Accueil\",\"item\":\"https:\\\/\\\/www.webdo.tn\\\/fr\\\/\"},{\"@type\":\"ListItem\",\"position\":2,\"name\":\"Peine de mort : la Tunisie ne respecte pas ses engagements !\"}]},{\"@type\":\"WebSite\",\"@id\":\"https:\\\/\\\/www.webdo.tn\\\/fr\\\/#website\",\"url\":\"https:\\\/\\\/www.webdo.tn\\\/fr\\\/\",\"name\":\"webdo\",\"description\":\"Tunisie - News en Tunisie et \u00e0 l&#039;international sur Webdo.tn\",\"publisher\":{\"@id\":\"https:\\\/\\\/www.webdo.tn\\\/fr\\\/#organization\"},\"potentialAction\":[{\"@type\":\"SearchAction\",\"target\":{\"@type\":\"EntryPoint\",\"urlTemplate\":\"https:\\\/\\\/www.webdo.tn\\\/fr\\\/?s={search_term_string}\"},\"query-input\":{\"@type\":\"PropertyValueSpecification\",\"valueRequired\":true,\"valueName\":\"search_term_string\"}}],\"inLanguage\":\"fr-FR\"},{\"@type\":\"Organization\",\"@id\":\"https:\\\/\\\/www.webdo.tn\\\/fr\\\/#organization\",\"name\":\"Webdo\",\"alternateName\":\"Webdo.tn\",\"url\":\"https:\\\/\\\/www.webdo.tn\\\/fr\\\/\",\"logo\":{\"@type\":\"ImageObject\",\"inLanguage\":\"fr-FR\",\"@id\":\"https:\\\/\\\/www.webdo.tn\\\/fr\\\/#\\\/schema\\\/logo\\\/image\\\/\",\"url\":\"https:\\\/\\\/www.webdo.tn\\\/fr\\\/wp-content\\\/uploads\\\/2025\\\/06\\\/Webdo-Tunisie_168377.jpg\",\"contentUrl\":\"https:\\\/\\\/www.webdo.tn\\\/fr\\\/wp-content\\\/uploads\\\/2025\\\/06\\\/Webdo-Tunisie_168377.jpg\",\"width\":301,\"height\":301,\"caption\":\"Webdo\"},\"image\":{\"@id\":\"https:\\\/\\\/www.webdo.tn\\\/fr\\\/#\\\/schema\\\/logo\\\/image\\\/\"},\"sameAs\":[\"https:\\\/\\\/www.facebook.com\\\/webdotn\",\"https:\\\/\\\/x.com\\\/webdo_tn\"],\"description\":\"Webdo est un m\u00e9dia num\u00e9rique tunisien fond\u00e9 en 2010, sp\u00e9cialis\u00e9 dans l\u2019actualit\u00e9 nationale et internationale, l\u2019\u00e9conomie, la soci\u00e9t\u00e9 et les analyses politiques. Le site s\u2019adresse \u00e0 un large public francophone et couvre l\u2019information tunisienne en temps r\u00e9el.\",\"email\":\"redac@webdo.tn\",\"legalName\":\"YNJ SARL\",\"foundingDate\":\"2010-09-06\",\"numberOfEmployees\":{\"@type\":\"QuantitativeValue\",\"minValue\":\"11\",\"maxValue\":\"50\"}},{\"@type\":\"Person\",\"@id\":\"https:\\\/\\\/www.webdo.tn\\\/fr\\\/#\\\/schema\\\/person\\\/9a9c6118d687c117df8ef3cc36a4d175\",\"name\":\"webdo.tn\",\"image\":{\"@type\":\"ImageObject\",\"inLanguage\":\"fr-FR\",\"@id\":\"https:\\\/\\\/secure.gravatar.com\\\/avatar\\\/7ce1f28c0c3bbac99ff550b85ef8e44a6950c6ee24514fb6a5489e51d06f0298?s=96&d=mm&r=g\",\"url\":\"https:\\\/\\\/secure.gravatar.com\\\/avatar\\\/7ce1f28c0c3bbac99ff550b85ef8e44a6950c6ee24514fb6a5489e51d06f0298?s=96&d=mm&r=g\",\"contentUrl\":\"https:\\\/\\\/secure.gravatar.com\\\/avatar\\\/7ce1f28c0c3bbac99ff550b85ef8e44a6950c6ee24514fb6a5489e51d06f0298?s=96&d=mm&r=g\",\"caption\":\"webdo.tn\"},\"url\":\"https:\\\/\\\/www.webdo.tn\\\/fr\\\/actualite\\\/author\\\/webdotn\\\/\"}]}<\/script>\n<!-- \/ Yoast SEO Premium plugin. -->","yoast_head_json":{"title":"Peine de mort : la Tunisie ne respecte pas ses engagements !","description":"Peine de mort : la Tunisie ne respecte pas ses engagements !","canonical":"https:\/\/www.webdo.tn\/fr\/actualite\/national\/peine-de-mort-la-tunisie-ne-respecte-pas-ses-engagements\/186724\/","og_locale":"fr_FR","og_type":"article","og_title":"Peine de mort : la Tunisie ne respecte pas ses engagements !","og_description":"Peine de mort : la Tunisie ne respecte pas ses engagements !","og_url":"https:\/\/www.webdo.tn\/fr\/actualite\/national\/peine-de-mort-la-tunisie-ne-respecte-pas-ses-engagements\/186724\/","og_site_name":"webdo","article_publisher":"https:\/\/www.facebook.com\/webdotn","article_published_time":"2022-10-10T15:52:00+00:00","article_modified_time":"2025-05-17T20:56:54+00:00","og_image":[{"width":870,"height":489,"url":"https:\/\/www.webdo.tn\/fr\/wp-content\/uploads\/2022\/10\/justice2-1.jpg","type":"image\/jpeg"}],"author":"webdo.tn","twitter_card":"summary_large_image","twitter_creator":"@webdo_tn","twitter_site":"@webdo_tn","twitter_misc":{"\u00c9crit par":"webdo.tn","Dur\u00e9e de lecture estim\u00e9e":"3 minutes"},"schema":{"@context":"https:\/\/schema.org","@graph":[{"@type":"NewsArticle","@id":"https:\/\/www.webdo.tn\/fr\/actualite\/national\/peine-de-mort-la-tunisie-ne-respecte-pas-ses-engagements\/186724\/#article","isPartOf":{"@id":"https:\/\/www.webdo.tn\/fr\/actualite\/national\/peine-de-mort-la-tunisie-ne-respecte-pas-ses-engagements\/186724\/"},"author":{"name":"webdo.tn","@id":"https:\/\/www.webdo.tn\/fr\/#\/schema\/person\/9a9c6118d687c117df8ef3cc36a4d175"},"headline":"Peine de mort : la Tunisie ne respecte pas ses engagements !","datePublished":"2022-10-10T15:52:00+00:00","dateModified":"2025-05-17T20:56:54+00:00","mainEntityOfPage":{"@id":"https:\/\/www.webdo.tn\/fr\/actualite\/national\/peine-de-mort-la-tunisie-ne-respecte-pas-ses-engagements\/186724\/"},"wordCount":529,"commentCount":0,"publisher":{"@id":"https:\/\/www.webdo.tn\/fr\/#organization"},"image":{"@id":"https:\/\/www.webdo.tn\/fr\/actualite\/national\/peine-de-mort-la-tunisie-ne-respecte-pas-ses-engagements\/186724\/#primaryimage"},"thumbnailUrl":"https:\/\/www.webdo.tn\/fr\/wp-content\/uploads\/2022\/10\/justice2-1.jpg","keywords":["guerre"],"articleSection":["National"],"inLanguage":"fr-FR"},{"@type":"WebPage","@id":"https:\/\/www.webdo.tn\/fr\/actualite\/national\/peine-de-mort-la-tunisie-ne-respecte-pas-ses-engagements\/186724\/","url":"https:\/\/www.webdo.tn\/fr\/actualite\/national\/peine-de-mort-la-tunisie-ne-respecte-pas-ses-engagements\/186724\/","name":"Peine de mort : la Tunisie ne respecte pas ses engagements !","isPartOf":{"@id":"https:\/\/www.webdo.tn\/fr\/#website"},"primaryImageOfPage":{"@id":"https:\/\/www.webdo.tn\/fr\/actualite\/national\/peine-de-mort-la-tunisie-ne-respecte-pas-ses-engagements\/186724\/#primaryimage"},"image":{"@id":"https:\/\/www.webdo.tn\/fr\/actualite\/national\/peine-de-mort-la-tunisie-ne-respecte-pas-ses-engagements\/186724\/#primaryimage"},"thumbnailUrl":"https:\/\/www.webdo.tn\/fr\/wp-content\/uploads\/2022\/10\/justice2-1.jpg","datePublished":"2022-10-10T15:52:00+00:00","dateModified":"2025-05-17T20:56:54+00:00","description":"Peine de mort : la Tunisie ne respecte pas ses engagements !","breadcrumb":{"@id":"https:\/\/www.webdo.tn\/fr\/actualite\/national\/peine-de-mort-la-tunisie-ne-respecte-pas-ses-engagements\/186724\/#breadcrumb"},"inLanguage":"fr-FR","potentialAction":[{"@type":"ReadAction","target":["https:\/\/www.webdo.tn\/fr\/actualite\/national\/peine-de-mort-la-tunisie-ne-respecte-pas-ses-engagements\/186724\/"]}]},{"@type":"ImageObject","inLanguage":"fr-FR","@id":"https:\/\/www.webdo.tn\/fr\/actualite\/national\/peine-de-mort-la-tunisie-ne-respecte-pas-ses-engagements\/186724\/#primaryimage","url":"https:\/\/www.webdo.tn\/fr\/wp-content\/uploads\/2022\/10\/justice2-1.jpg","contentUrl":"https:\/\/www.webdo.tn\/fr\/wp-content\/uploads\/2022\/10\/justice2-1.jpg","width":870,"height":489,"caption":"Peine de mort : la Tunisie ne respecte pas ses engagements !"},{"@type":"BreadcrumbList","@id":"https:\/\/www.webdo.tn\/fr\/actualite\/national\/peine-de-mort-la-tunisie-ne-respecte-pas-ses-engagements\/186724\/#breadcrumb","itemListElement":[{"@type":"ListItem","position":1,"name":"Accueil","item":"https:\/\/www.webdo.tn\/fr\/"},{"@type":"ListItem","position":2,"name":"Peine de mort : la Tunisie ne respecte pas ses engagements !"}]},{"@type":"WebSite","@id":"https:\/\/www.webdo.tn\/fr\/#website","url":"https:\/\/www.webdo.tn\/fr\/","name":"webdo","description":"Tunisie - News en Tunisie et \u00e0 l&#039;international sur Webdo.tn","publisher":{"@id":"https:\/\/www.webdo.tn\/fr\/#organization"},"potentialAction":[{"@type":"SearchAction","target":{"@type":"EntryPoint","urlTemplate":"https:\/\/www.webdo.tn\/fr\/?s={search_term_string}"},"query-input":{"@type":"PropertyValueSpecification","valueRequired":true,"valueName":"search_term_string"}}],"inLanguage":"fr-FR"},{"@type":"Organization","@id":"https:\/\/www.webdo.tn\/fr\/#organization","name":"Webdo","alternateName":"Webdo.tn","url":"https:\/\/www.webdo.tn\/fr\/","logo":{"@type":"ImageObject","inLanguage":"fr-FR","@id":"https:\/\/www.webdo.tn\/fr\/#\/schema\/logo\/image\/","url":"https:\/\/www.webdo.tn\/fr\/wp-content\/uploads\/2025\/06\/Webdo-Tunisie_168377.jpg","contentUrl":"https:\/\/www.webdo.tn\/fr\/wp-content\/uploads\/2025\/06\/Webdo-Tunisie_168377.jpg","width":301,"height":301,"caption":"Webdo"},"image":{"@id":"https:\/\/www.webdo.tn\/fr\/#\/schema\/logo\/image\/"},"sameAs":["https:\/\/www.facebook.com\/webdotn","https:\/\/x.com\/webdo_tn"],"description":"Webdo est un m\u00e9dia num\u00e9rique tunisien fond\u00e9 en 2010, sp\u00e9cialis\u00e9 dans l\u2019actualit\u00e9 nationale et internationale, l\u2019\u00e9conomie, la soci\u00e9t\u00e9 et les analyses politiques. Le site s\u2019adresse \u00e0 un large public francophone et couvre l\u2019information tunisienne en temps r\u00e9el.","email":"redac@webdo.tn","legalName":"YNJ SARL","foundingDate":"2010-09-06","numberOfEmployees":{"@type":"QuantitativeValue","minValue":"11","maxValue":"50"}},{"@type":"Person","@id":"https:\/\/www.webdo.tn\/fr\/#\/schema\/person\/9a9c6118d687c117df8ef3cc36a4d175","name":"webdo.tn","image":{"@type":"ImageObject","inLanguage":"fr-FR","@id":"https:\/\/secure.gravatar.com\/avatar\/7ce1f28c0c3bbac99ff550b85ef8e44a6950c6ee24514fb6a5489e51d06f0298?s=96&d=mm&r=g","url":"https:\/\/secure.gravatar.com\/avatar\/7ce1f28c0c3bbac99ff550b85ef8e44a6950c6ee24514fb6a5489e51d06f0298?s=96&d=mm&r=g","contentUrl":"https:\/\/secure.gravatar.com\/avatar\/7ce1f28c0c3bbac99ff550b85ef8e44a6950c6ee24514fb6a5489e51d06f0298?s=96&d=mm&r=g","caption":"webdo.tn"},"url":"https:\/\/www.webdo.tn\/fr\/actualite\/author\/webdotn\/"}]}},"_links":{"self":[{"href":"https:\/\/www.webdo.tn\/fr\/wp-json\/wp\/v2\/posts\/186724","targetHints":{"allow":["GET"]}}],"collection":[{"href":"https:\/\/www.webdo.tn\/fr\/wp-json\/wp\/v2\/posts"}],"about":[{"href":"https:\/\/www.webdo.tn\/fr\/wp-json\/wp\/v2\/types\/post"}],"author":[{"embeddable":true,"href":"https:\/\/www.webdo.tn\/fr\/wp-json\/wp\/v2\/users\/3222"}],"replies":[{"embeddable":true,"href":"https:\/\/www.webdo.tn\/fr\/wp-json\/wp\/v2\/comments?post=186724"}],"version-history":[{"count":0,"href":"https:\/\/www.webdo.tn\/fr\/wp-json\/wp\/v2\/posts\/186724\/revisions"}],"wp:featuredmedia":[{"embeddable":true,"href":"https:\/\/www.webdo.tn\/fr\/wp-json\/wp\/v2\/media\/277084"}],"wp:attachment":[{"href":"https:\/\/www.webdo.tn\/fr\/wp-json\/wp\/v2\/media?parent=186724"}],"wp:term":[{"taxonomy":"category","embeddable":true,"href":"https:\/\/www.webdo.tn\/fr\/wp-json\/wp\/v2\/categories?post=186724"},{"taxonomy":"post_tag","embeddable":true,"href":"https:\/\/www.webdo.tn\/fr\/wp-json\/wp\/v2\/tags?post=186724"}],"curies":[{"name":"wp","href":"https:\/\/api.w.org\/{rel}","templated":true}]}}