{"id":186723,"date":"2022-10-10T15:24:00","date_gmt":"2022-10-10T15:24:00","guid":{"rendered":"https:\/\/www.webdo.tn\/fr\/blog\/certification-des-facilitateurs-de-eight-par-lehl\/186723\/"},"modified":"2025-05-17T20:56:53","modified_gmt":"2025-05-17T20:56:53","slug":"certification-des-facilitateurs-de-eight-par-lehl","status":"publish","type":"post","link":"https:\/\/www.webdo.tn\/fr\/actualite\/national\/certification-des-facilitateurs-de-eight-par-lehl\/186723\/","title":{"rendered":"Certification des facilitateurs de EIGHT par l\u2019EHL"},"content":{"rendered":"<p>Apr\u00e8s une semaine de formation QLF \u00ab Qualified Learning Facilitator \u00bb qui s\u2019est tenue \u00e0 Djerba assur\u00e9e par M. \u00c9ric Debetaz, Consultant et formateur \u00e0 l\u2019Ecole H\u00f4teli\u00e8re de Lausanne Advisory Services, du 8 au 12 ao\u00fbt 2022, les facilitateurs \/ instructeurs de EIGHT Hospitality Business School se sont rendus la semaine du 3 au 9 Octobre 2022 \u00e0 Lausanne au sein du Campus de l\u2019Ecole H\u00f4teli\u00e8re de Lausanne pour compl\u00e9ter la deuxi\u00e8me partie de la formation et obtenir le certificat \u00ab QLF \u00bb.<\/p>\n<p>Un programme exig\u00e9 par l\u2019Ecole H\u00f4teli\u00e8re de Lausanne pour certifier ses partenaires et qui est d\u00e9di\u00e9 aux professionnels de l\u2019industrie (cuisiniers, responsables de services) qui vont enseigner aux \u00e9l\u00e8ves de EIGHT Hospitality Business School.<\/p>\n<p>Le programme QLF couvre un panel de comp\u00e9tences, de connaissances, et de savoir-faire que l\u2019Ecole H\u00f4teli\u00e8re de Lausanne transf\u00e8re \u00e0 ses futurs enseignants.<\/p>\n<p>L\u2019objectif de cette formation est de sensibiliser tout le personnel qui va enseigner sur les derni\u00e8res techniques technologiques de l\u2019enseignement notamment l\u2019apprentissage hybride et la classe invers\u00e9e, mais aussi de les introduire aux notions de p\u00e9dagogie, andragogie et \u00e9pist\u00e9mologie \u00e0 travers des pr\u00e9sentations, exercices et diff\u00e9rentes activit\u00e9s pour leur inculquer l\u2019importance de centrer l\u2019apprentissage sur l\u2019\u00e9tudiant.<\/p>\n<p>Le soir du 7 Octobre 2022, les facilitateurs \/ instructeurs de EIGHT Hospitality Business School ont re\u00e7u leurs dipl\u00f4mes et sont d\u00e9sormais certifi\u00e9s par l\u2019Ecole H\u00f4teli\u00e8re de Lausanne. De ce fait, ils enseigneront \u00e0 EIGHT d\u00e8s la rentr\u00e9e pr\u00e9vue pour le 31 octobre.<\/p>\n","protected":false},"excerpt":{"rendered":"<p>Certification des facilitateurs de EIGHT par l\u2019EHL<\/p>\n","protected":false},"author":3222,"featured_media":277081,"comment_status":"open","ping_status":"closed","sticky":false,"template":"","format":"standard","meta":{"footnotes":""},"categories":[44],"tags":[2600],"class_list":["post-186723","post","type-post","status-publish","format-standard","has-post-thumbnail","hentry","category-national","tag-guerre"],"yoast_head":"<!-- This site is optimized with the Yoast SEO Premium plugin v27.4 (Yoast SEO v27.4) - https:\/\/yoast.com\/product\/yoast-seo-premium-wordpress\/ -->\n<title>Certification des facilitateurs de EIGHT par l\u2019EHL<\/title>\n<meta name=\"description\" content=\"Certification des facilitateurs de EIGHT par l\u2019EHL\" \/>\n<link rel=\"canonical\" href=\"https:\/\/www.webdo.tn\/fr\/actualite\/national\/certification-des-facilitateurs-de-eight-par-lehl\/186723\/\" \/>\n<meta property=\"og:locale\" content=\"fr_FR\" \/>\n<meta property=\"og:type\" content=\"article\" \/>\n<meta property=\"og:title\" content=\"Certification des facilitateurs de EIGHT par l\u2019EHL\" \/>\n<meta property=\"og:description\" content=\"Certification des facilitateurs de EIGHT par l\u2019EHL\" \/>\n<meta property=\"og:url\" content=\"https:\/\/www.webdo.tn\/fr\/actualite\/national\/certification-des-facilitateurs-de-eight-par-lehl\/186723\/\" \/>\n<meta property=\"og:site_name\" content=\"webdo\" \/>\n<meta property=\"article:publisher\" content=\"https:\/\/www.facebook.com\/webdotn\" \/>\n<meta property=\"article:published_time\" content=\"2022-10-10T15:24:00+00:00\" \/>\n<meta property=\"article:modified_time\" content=\"2025-05-17T20:56:53+00:00\" \/>\n<meta property=\"og:image\" content=\"https:\/\/www.webdo.tn\/fr\/wp-content\/uploads\/2022\/10\/WhatsApp-Image-2022-10-07-at-16.41.09-1024x768-1.jpeg\" \/>\n\t<meta property=\"og:image:width\" content=\"1024\" \/>\n\t<meta property=\"og:image:height\" content=\"768\" \/>\n\t<meta property=\"og:image:type\" content=\"image\/jpeg\" \/>\n<meta name=\"author\" content=\"webdo.tn\" \/>\n<meta name=\"twitter:card\" content=\"summary_large_image\" \/>\n<meta name=\"twitter:creator\" content=\"@webdo_tn\" \/>\n<meta name=\"twitter:site\" content=\"@webdo_tn\" \/>\n<meta name=\"twitter:label1\" content=\"\u00c9crit par\" \/>\n\t<meta name=\"twitter:data1\" content=\"webdo.tn\" \/>\n\t<meta name=\"twitter:label2\" content=\"Dur\u00e9e de lecture estim\u00e9e\" \/>\n\t<meta name=\"twitter:data2\" content=\"1 minute\" \/>\n<script type=\"application\/ld+json\" class=\"yoast-schema-graph\">{\"@context\":\"https:\\\/\\\/schema.org\",\"@graph\":[{\"@type\":\"NewsArticle\",\"@id\":\"https:\\\/\\\/www.webdo.tn\\\/fr\\\/actualite\\\/national\\\/certification-des-facilitateurs-de-eight-par-lehl\\\/186723\\\/#article\",\"isPartOf\":{\"@id\":\"https:\\\/\\\/www.webdo.tn\\\/fr\\\/actualite\\\/national\\\/certification-des-facilitateurs-de-eight-par-lehl\\\/186723\\\/\"},\"author\":{\"name\":\"webdo.tn\",\"@id\":\"https:\\\/\\\/www.webdo.tn\\\/fr\\\/#\\\/schema\\\/person\\\/9a9c6118d687c117df8ef3cc36a4d175\"},\"headline\":\"Certification des facilitateurs de EIGHT par l\u2019EHL\",\"datePublished\":\"2022-10-10T15:24:00+00:00\",\"dateModified\":\"2025-05-17T20:56:53+00:00\",\"mainEntityOfPage\":{\"@id\":\"https:\\\/\\\/www.webdo.tn\\\/fr\\\/actualite\\\/national\\\/certification-des-facilitateurs-de-eight-par-lehl\\\/186723\\\/\"},\"wordCount\":272,\"commentCount\":0,\"publisher\":{\"@id\":\"https:\\\/\\\/www.webdo.tn\\\/fr\\\/#organization\"},\"image\":{\"@id\":\"https:\\\/\\\/www.webdo.tn\\\/fr\\\/actualite\\\/national\\\/certification-des-facilitateurs-de-eight-par-lehl\\\/186723\\\/#primaryimage\"},\"thumbnailUrl\":\"https:\\\/\\\/www.webdo.tn\\\/fr\\\/wp-content\\\/uploads\\\/2022\\\/10\\\/WhatsApp-Image-2022-10-07-at-16.41.09-1024x768-1.jpeg\",\"keywords\":[\"guerre\"],\"articleSection\":[\"National\"],\"inLanguage\":\"fr-FR\"},{\"@type\":\"WebPage\",\"@id\":\"https:\\\/\\\/www.webdo.tn\\\/fr\\\/actualite\\\/national\\\/certification-des-facilitateurs-de-eight-par-lehl\\\/186723\\\/\",\"url\":\"https:\\\/\\\/www.webdo.tn\\\/fr\\\/actualite\\\/national\\\/certification-des-facilitateurs-de-eight-par-lehl\\\/186723\\\/\",\"name\":\"Certification des facilitateurs de EIGHT par l\u2019EHL\",\"isPartOf\":{\"@id\":\"https:\\\/\\\/www.webdo.tn\\\/fr\\\/#website\"},\"primaryImageOfPage\":{\"@id\":\"https:\\\/\\\/www.webdo.tn\\\/fr\\\/actualite\\\/national\\\/certification-des-facilitateurs-de-eight-par-lehl\\\/186723\\\/#primaryimage\"},\"image\":{\"@id\":\"https:\\\/\\\/www.webdo.tn\\\/fr\\\/actualite\\\/national\\\/certification-des-facilitateurs-de-eight-par-lehl\\\/186723\\\/#primaryimage\"},\"thumbnailUrl\":\"https:\\\/\\\/www.webdo.tn\\\/fr\\\/wp-content\\\/uploads\\\/2022\\\/10\\\/WhatsApp-Image-2022-10-07-at-16.41.09-1024x768-1.jpeg\",\"datePublished\":\"2022-10-10T15:24:00+00:00\",\"dateModified\":\"2025-05-17T20:56:53+00:00\",\"description\":\"Certification des facilitateurs de EIGHT par l\u2019EHL\",\"breadcrumb\":{\"@id\":\"https:\\\/\\\/www.webdo.tn\\\/fr\\\/actualite\\\/national\\\/certification-des-facilitateurs-de-eight-par-lehl\\\/186723\\\/#breadcrumb\"},\"inLanguage\":\"fr-FR\",\"potentialAction\":[{\"@type\":\"ReadAction\",\"target\":[\"https:\\\/\\\/www.webdo.tn\\\/fr\\\/actualite\\\/national\\\/certification-des-facilitateurs-de-eight-par-lehl\\\/186723\\\/\"]}]},{\"@type\":\"ImageObject\",\"inLanguage\":\"fr-FR\",\"@id\":\"https:\\\/\\\/www.webdo.tn\\\/fr\\\/actualite\\\/national\\\/certification-des-facilitateurs-de-eight-par-lehl\\\/186723\\\/#primaryimage\",\"url\":\"https:\\\/\\\/www.webdo.tn\\\/fr\\\/wp-content\\\/uploads\\\/2022\\\/10\\\/WhatsApp-Image-2022-10-07-at-16.41.09-1024x768-1.jpeg\",\"contentUrl\":\"https:\\\/\\\/www.webdo.tn\\\/fr\\\/wp-content\\\/uploads\\\/2022\\\/10\\\/WhatsApp-Image-2022-10-07-at-16.41.09-1024x768-1.jpeg\",\"width\":1024,\"height\":768,\"caption\":\"Certification des facilitateurs de EIGHT par l\u2019EHL\"},{\"@type\":\"BreadcrumbList\",\"@id\":\"https:\\\/\\\/www.webdo.tn\\\/fr\\\/actualite\\\/national\\\/certification-des-facilitateurs-de-eight-par-lehl\\\/186723\\\/#breadcrumb\",\"itemListElement\":[{\"@type\":\"ListItem\",\"position\":1,\"name\":\"Accueil\",\"item\":\"https:\\\/\\\/www.webdo.tn\\\/fr\\\/\"},{\"@type\":\"ListItem\",\"position\":2,\"name\":\"Certification des facilitateurs de EIGHT par l\u2019EHL\"}]},{\"@type\":\"WebSite\",\"@id\":\"https:\\\/\\\/www.webdo.tn\\\/fr\\\/#website\",\"url\":\"https:\\\/\\\/www.webdo.tn\\\/fr\\\/\",\"name\":\"webdo\",\"description\":\"Tunisie - News en Tunisie et \u00e0 l&#039;international sur Webdo.tn\",\"publisher\":{\"@id\":\"https:\\\/\\\/www.webdo.tn\\\/fr\\\/#organization\"},\"potentialAction\":[{\"@type\":\"SearchAction\",\"target\":{\"@type\":\"EntryPoint\",\"urlTemplate\":\"https:\\\/\\\/www.webdo.tn\\\/fr\\\/?s={search_term_string}\"},\"query-input\":{\"@type\":\"PropertyValueSpecification\",\"valueRequired\":true,\"valueName\":\"search_term_string\"}}],\"inLanguage\":\"fr-FR\"},{\"@type\":\"Organization\",\"@id\":\"https:\\\/\\\/www.webdo.tn\\\/fr\\\/#organization\",\"name\":\"Webdo\",\"alternateName\":\"Webdo.tn\",\"url\":\"https:\\\/\\\/www.webdo.tn\\\/fr\\\/\",\"logo\":{\"@type\":\"ImageObject\",\"inLanguage\":\"fr-FR\",\"@id\":\"https:\\\/\\\/www.webdo.tn\\\/fr\\\/#\\\/schema\\\/logo\\\/image\\\/\",\"url\":\"https:\\\/\\\/www.webdo.tn\\\/fr\\\/wp-content\\\/uploads\\\/2025\\\/06\\\/Webdo-Tunisie_168377.jpg\",\"contentUrl\":\"https:\\\/\\\/www.webdo.tn\\\/fr\\\/wp-content\\\/uploads\\\/2025\\\/06\\\/Webdo-Tunisie_168377.jpg\",\"width\":301,\"height\":301,\"caption\":\"Webdo\"},\"image\":{\"@id\":\"https:\\\/\\\/www.webdo.tn\\\/fr\\\/#\\\/schema\\\/logo\\\/image\\\/\"},\"sameAs\":[\"https:\\\/\\\/www.facebook.com\\\/webdotn\",\"https:\\\/\\\/x.com\\\/webdo_tn\"],\"description\":\"Webdo est un m\u00e9dia num\u00e9rique tunisien fond\u00e9 en 2010, sp\u00e9cialis\u00e9 dans l\u2019actualit\u00e9 nationale et internationale, l\u2019\u00e9conomie, la soci\u00e9t\u00e9 et les analyses politiques. Le site s\u2019adresse \u00e0 un large public francophone et couvre l\u2019information tunisienne en temps r\u00e9el.\",\"email\":\"redac@webdo.tn\",\"legalName\":\"YNJ SARL\",\"foundingDate\":\"2010-09-06\",\"numberOfEmployees\":{\"@type\":\"QuantitativeValue\",\"minValue\":\"11\",\"maxValue\":\"50\"}},{\"@type\":\"Person\",\"@id\":\"https:\\\/\\\/www.webdo.tn\\\/fr\\\/#\\\/schema\\\/person\\\/9a9c6118d687c117df8ef3cc36a4d175\",\"name\":\"webdo.tn\",\"image\":{\"@type\":\"ImageObject\",\"inLanguage\":\"fr-FR\",\"@id\":\"https:\\\/\\\/secure.gravatar.com\\\/avatar\\\/7ce1f28c0c3bbac99ff550b85ef8e44a6950c6ee24514fb6a5489e51d06f0298?s=96&d=mm&r=g\",\"url\":\"https:\\\/\\\/secure.gravatar.com\\\/avatar\\\/7ce1f28c0c3bbac99ff550b85ef8e44a6950c6ee24514fb6a5489e51d06f0298?s=96&d=mm&r=g\",\"contentUrl\":\"https:\\\/\\\/secure.gravatar.com\\\/avatar\\\/7ce1f28c0c3bbac99ff550b85ef8e44a6950c6ee24514fb6a5489e51d06f0298?s=96&d=mm&r=g\",\"caption\":\"webdo.tn\"},\"url\":\"https:\\\/\\\/www.webdo.tn\\\/fr\\\/actualite\\\/author\\\/webdotn\\\/\"}]}<\/script>\n<!-- \/ Yoast SEO Premium plugin. -->","yoast_head_json":{"title":"Certification des facilitateurs de EIGHT par l\u2019EHL","description":"Certification des facilitateurs de EIGHT par l\u2019EHL","canonical":"https:\/\/www.webdo.tn\/fr\/actualite\/national\/certification-des-facilitateurs-de-eight-par-lehl\/186723\/","og_locale":"fr_FR","og_type":"article","og_title":"Certification des facilitateurs de EIGHT par l\u2019EHL","og_description":"Certification des facilitateurs de EIGHT par l\u2019EHL","og_url":"https:\/\/www.webdo.tn\/fr\/actualite\/national\/certification-des-facilitateurs-de-eight-par-lehl\/186723\/","og_site_name":"webdo","article_publisher":"https:\/\/www.facebook.com\/webdotn","article_published_time":"2022-10-10T15:24:00+00:00","article_modified_time":"2025-05-17T20:56:53+00:00","og_image":[{"width":1024,"height":768,"url":"https:\/\/www.webdo.tn\/fr\/wp-content\/uploads\/2022\/10\/WhatsApp-Image-2022-10-07-at-16.41.09-1024x768-1.jpeg","type":"image\/jpeg"}],"author":"webdo.tn","twitter_card":"summary_large_image","twitter_creator":"@webdo_tn","twitter_site":"@webdo_tn","twitter_misc":{"\u00c9crit par":"webdo.tn","Dur\u00e9e de lecture estim\u00e9e":"1 minute"},"schema":{"@context":"https:\/\/schema.org","@graph":[{"@type":"NewsArticle","@id":"https:\/\/www.webdo.tn\/fr\/actualite\/national\/certification-des-facilitateurs-de-eight-par-lehl\/186723\/#article","isPartOf":{"@id":"https:\/\/www.webdo.tn\/fr\/actualite\/national\/certification-des-facilitateurs-de-eight-par-lehl\/186723\/"},"author":{"name":"webdo.tn","@id":"https:\/\/www.webdo.tn\/fr\/#\/schema\/person\/9a9c6118d687c117df8ef3cc36a4d175"},"headline":"Certification des facilitateurs de EIGHT par l\u2019EHL","datePublished":"2022-10-10T15:24:00+00:00","dateModified":"2025-05-17T20:56:53+00:00","mainEntityOfPage":{"@id":"https:\/\/www.webdo.tn\/fr\/actualite\/national\/certification-des-facilitateurs-de-eight-par-lehl\/186723\/"},"wordCount":272,"commentCount":0,"publisher":{"@id":"https:\/\/www.webdo.tn\/fr\/#organization"},"image":{"@id":"https:\/\/www.webdo.tn\/fr\/actualite\/national\/certification-des-facilitateurs-de-eight-par-lehl\/186723\/#primaryimage"},"thumbnailUrl":"https:\/\/www.webdo.tn\/fr\/wp-content\/uploads\/2022\/10\/WhatsApp-Image-2022-10-07-at-16.41.09-1024x768-1.jpeg","keywords":["guerre"],"articleSection":["National"],"inLanguage":"fr-FR"},{"@type":"WebPage","@id":"https:\/\/www.webdo.tn\/fr\/actualite\/national\/certification-des-facilitateurs-de-eight-par-lehl\/186723\/","url":"https:\/\/www.webdo.tn\/fr\/actualite\/national\/certification-des-facilitateurs-de-eight-par-lehl\/186723\/","name":"Certification des facilitateurs de EIGHT par l\u2019EHL","isPartOf":{"@id":"https:\/\/www.webdo.tn\/fr\/#website"},"primaryImageOfPage":{"@id":"https:\/\/www.webdo.tn\/fr\/actualite\/national\/certification-des-facilitateurs-de-eight-par-lehl\/186723\/#primaryimage"},"image":{"@id":"https:\/\/www.webdo.tn\/fr\/actualite\/national\/certification-des-facilitateurs-de-eight-par-lehl\/186723\/#primaryimage"},"thumbnailUrl":"https:\/\/www.webdo.tn\/fr\/wp-content\/uploads\/2022\/10\/WhatsApp-Image-2022-10-07-at-16.41.09-1024x768-1.jpeg","datePublished":"2022-10-10T15:24:00+00:00","dateModified":"2025-05-17T20:56:53+00:00","description":"Certification des facilitateurs de EIGHT par l\u2019EHL","breadcrumb":{"@id":"https:\/\/www.webdo.tn\/fr\/actualite\/national\/certification-des-facilitateurs-de-eight-par-lehl\/186723\/#breadcrumb"},"inLanguage":"fr-FR","potentialAction":[{"@type":"ReadAction","target":["https:\/\/www.webdo.tn\/fr\/actualite\/national\/certification-des-facilitateurs-de-eight-par-lehl\/186723\/"]}]},{"@type":"ImageObject","inLanguage":"fr-FR","@id":"https:\/\/www.webdo.tn\/fr\/actualite\/national\/certification-des-facilitateurs-de-eight-par-lehl\/186723\/#primaryimage","url":"https:\/\/www.webdo.tn\/fr\/wp-content\/uploads\/2022\/10\/WhatsApp-Image-2022-10-07-at-16.41.09-1024x768-1.jpeg","contentUrl":"https:\/\/www.webdo.tn\/fr\/wp-content\/uploads\/2022\/10\/WhatsApp-Image-2022-10-07-at-16.41.09-1024x768-1.jpeg","width":1024,"height":768,"caption":"Certification des facilitateurs de EIGHT par l\u2019EHL"},{"@type":"BreadcrumbList","@id":"https:\/\/www.webdo.tn\/fr\/actualite\/national\/certification-des-facilitateurs-de-eight-par-lehl\/186723\/#breadcrumb","itemListElement":[{"@type":"ListItem","position":1,"name":"Accueil","item":"https:\/\/www.webdo.tn\/fr\/"},{"@type":"ListItem","position":2,"name":"Certification des facilitateurs de EIGHT par l\u2019EHL"}]},{"@type":"WebSite","@id":"https:\/\/www.webdo.tn\/fr\/#website","url":"https:\/\/www.webdo.tn\/fr\/","name":"webdo","description":"Tunisie - News en Tunisie et \u00e0 l&#039;international sur Webdo.tn","publisher":{"@id":"https:\/\/www.webdo.tn\/fr\/#organization"},"potentialAction":[{"@type":"SearchAction","target":{"@type":"EntryPoint","urlTemplate":"https:\/\/www.webdo.tn\/fr\/?s={search_term_string}"},"query-input":{"@type":"PropertyValueSpecification","valueRequired":true,"valueName":"search_term_string"}}],"inLanguage":"fr-FR"},{"@type":"Organization","@id":"https:\/\/www.webdo.tn\/fr\/#organization","name":"Webdo","alternateName":"Webdo.tn","url":"https:\/\/www.webdo.tn\/fr\/","logo":{"@type":"ImageObject","inLanguage":"fr-FR","@id":"https:\/\/www.webdo.tn\/fr\/#\/schema\/logo\/image\/","url":"https:\/\/www.webdo.tn\/fr\/wp-content\/uploads\/2025\/06\/Webdo-Tunisie_168377.jpg","contentUrl":"https:\/\/www.webdo.tn\/fr\/wp-content\/uploads\/2025\/06\/Webdo-Tunisie_168377.jpg","width":301,"height":301,"caption":"Webdo"},"image":{"@id":"https:\/\/www.webdo.tn\/fr\/#\/schema\/logo\/image\/"},"sameAs":["https:\/\/www.facebook.com\/webdotn","https:\/\/x.com\/webdo_tn"],"description":"Webdo est un m\u00e9dia num\u00e9rique tunisien fond\u00e9 en 2010, sp\u00e9cialis\u00e9 dans l\u2019actualit\u00e9 nationale et internationale, l\u2019\u00e9conomie, la soci\u00e9t\u00e9 et les analyses politiques. Le site s\u2019adresse \u00e0 un large public francophone et couvre l\u2019information tunisienne en temps r\u00e9el.","email":"redac@webdo.tn","legalName":"YNJ SARL","foundingDate":"2010-09-06","numberOfEmployees":{"@type":"QuantitativeValue","minValue":"11","maxValue":"50"}},{"@type":"Person","@id":"https:\/\/www.webdo.tn\/fr\/#\/schema\/person\/9a9c6118d687c117df8ef3cc36a4d175","name":"webdo.tn","image":{"@type":"ImageObject","inLanguage":"fr-FR","@id":"https:\/\/secure.gravatar.com\/avatar\/7ce1f28c0c3bbac99ff550b85ef8e44a6950c6ee24514fb6a5489e51d06f0298?s=96&d=mm&r=g","url":"https:\/\/secure.gravatar.com\/avatar\/7ce1f28c0c3bbac99ff550b85ef8e44a6950c6ee24514fb6a5489e51d06f0298?s=96&d=mm&r=g","contentUrl":"https:\/\/secure.gravatar.com\/avatar\/7ce1f28c0c3bbac99ff550b85ef8e44a6950c6ee24514fb6a5489e51d06f0298?s=96&d=mm&r=g","caption":"webdo.tn"},"url":"https:\/\/www.webdo.tn\/fr\/actualite\/author\/webdotn\/"}]}},"_links":{"self":[{"href":"https:\/\/www.webdo.tn\/fr\/wp-json\/wp\/v2\/posts\/186723","targetHints":{"allow":["GET"]}}],"collection":[{"href":"https:\/\/www.webdo.tn\/fr\/wp-json\/wp\/v2\/posts"}],"about":[{"href":"https:\/\/www.webdo.tn\/fr\/wp-json\/wp\/v2\/types\/post"}],"author":[{"embeddable":true,"href":"https:\/\/www.webdo.tn\/fr\/wp-json\/wp\/v2\/users\/3222"}],"replies":[{"embeddable":true,"href":"https:\/\/www.webdo.tn\/fr\/wp-json\/wp\/v2\/comments?post=186723"}],"version-history":[{"count":0,"href":"https:\/\/www.webdo.tn\/fr\/wp-json\/wp\/v2\/posts\/186723\/revisions"}],"wp:featuredmedia":[{"embeddable":true,"href":"https:\/\/www.webdo.tn\/fr\/wp-json\/wp\/v2\/media\/277081"}],"wp:attachment":[{"href":"https:\/\/www.webdo.tn\/fr\/wp-json\/wp\/v2\/media?parent=186723"}],"wp:term":[{"taxonomy":"category","embeddable":true,"href":"https:\/\/www.webdo.tn\/fr\/wp-json\/wp\/v2\/categories?post=186723"},{"taxonomy":"post_tag","embeddable":true,"href":"https:\/\/www.webdo.tn\/fr\/wp-json\/wp\/v2\/tags?post=186723"}],"curies":[{"name":"wp","href":"https:\/\/api.w.org\/{rel}","templated":true}]}}