{"id":186721,"date":"2022-10-10T13:46:00","date_gmt":"2022-10-10T13:46:00","guid":{"rendered":"https:\/\/www.webdo.tn\/fr\/blog\/chambre-syndicale-des-industries-du-lait-une-augmentation-de-300-millimes-litre-simpose\/186721\/"},"modified":"2025-05-14T10:56:10","modified_gmt":"2025-05-14T10:56:10","slug":"chambre-syndicale-des-industries-du-lait-une-augmentation-de-300-millimes-litre-simpose","status":"publish","type":"post","link":"https:\/\/www.webdo.tn\/fr\/actualite\/national\/chambre-syndicale-des-industries-du-lait-une-augmentation-de-300-millimes-litre-simpose\/186721\/","title":{"rendered":"Chambre syndicale des industries du lait\u00a0: une augmentation de 300 millimes\/litre s\u2019impose"},"content":{"rendered":"<p>Le vice-pr\u00e9sident de la Chambre syndicale nationale des industries du lait et d\u00e9riv\u00e9s, Ali Kolebi, a affirm\u00e9 que la p\u00e9nurie du lait est due \u00e0 un d\u00e9ficit de production entre 200 et 300 mille litres quotidiennement.<\/p>\n<p>Il a pr\u00e9cis\u00e9, au micro de Mosa\u00efque fm, ce lundi 10 octobre 2022, que les les besoins locaux quotidiens s\u2019\u00e9l\u00e8vent \u00e0 1.8 million. Or, les trois unit\u00e9s industrielles du lait produisent entre 1.5 et 1.6 million de litres.<\/p>\n<p>Ali Kolebi a expliqu\u00e9 ce manque de production par l\u2019incapacit\u00e9 des agriculteurs \u00e0 faire face \u00e0 la hausse des co\u00fbts de production, notamment les prix des fourrages.<\/p>\n<p>\u00ab\u00a0Le co\u00fbt de production d\u2019un litre de lait est estim\u00e9 \u00e0 1650 millimes, alors que l\u2019agriculteur ne touche que 1150 millimes\u00a0\u00bb, a-t-il ajout\u00e9, appelant \u00e0 instaurer une augmentation de 300 millimes par litre.<\/p>\n","protected":false},"excerpt":{"rendered":"<p>Chambre syndicale des industries du lait\u00a0: une augmentation de 300 millimes\/litre s\u2019impose<\/p>\n","protected":false},"author":3222,"featured_media":253642,"comment_status":"open","ping_status":"closed","sticky":false,"template":"","format":"standard","meta":{"footnotes":""},"categories":[44],"tags":[],"class_list":["post-186721","post","type-post","status-publish","format-standard","has-post-thumbnail","hentry","category-national"],"yoast_head":"<!-- This site is optimized with the Yoast SEO Premium plugin v27.4 (Yoast SEO v27.4) - https:\/\/yoast.com\/product\/yoast-seo-premium-wordpress\/ -->\n<title>Chambre syndicale des industries du lait\u00a0: une augmentation de 300 millimes\/litre s\u2019impose<\/title>\n<meta name=\"description\" content=\"Chambre syndicale des industries du lait\u00a0: une augmentation de 300 millimes\/litre s\u2019impose\" \/>\n<link rel=\"canonical\" href=\"https:\/\/www.webdo.tn\/fr\/actualite\/national\/chambre-syndicale-des-industries-du-lait-une-augmentation-de-300-millimes-litre-simpose\/186721\/\" \/>\n<meta property=\"og:locale\" content=\"fr_FR\" \/>\n<meta property=\"og:type\" content=\"article\" \/>\n<meta property=\"og:title\" content=\"Chambre syndicale des industries du lait\u00a0: une augmentation de 300 millimes\/litre s\u2019impose\" \/>\n<meta property=\"og:description\" content=\"Chambre syndicale des industries du lait\u00a0: une augmentation de 300 millimes\/litre s\u2019impose\" \/>\n<meta property=\"og:url\" content=\"https:\/\/www.webdo.tn\/fr\/actualite\/national\/chambre-syndicale-des-industries-du-lait-une-augmentation-de-300-millimes-litre-simpose\/186721\/\" \/>\n<meta property=\"og:site_name\" content=\"webdo\" \/>\n<meta property=\"article:publisher\" content=\"https:\/\/www.facebook.com\/webdotn\" \/>\n<meta property=\"article:published_time\" content=\"2022-10-10T13:46:00+00:00\" \/>\n<meta property=\"article:modified_time\" content=\"2025-05-14T10:56:10+00:00\" \/>\n<meta property=\"og:image\" content=\"https:\/\/www.webdo.tn\/fr\/wp-content\/uploads\/2022\/10\/lait.jpg\" \/>\n\t<meta property=\"og:image:width\" content=\"533\" \/>\n\t<meta property=\"og:image:height\" content=\"400\" \/>\n\t<meta property=\"og:image:type\" content=\"image\/jpeg\" \/>\n<meta name=\"author\" content=\"webdo.tn\" \/>\n<meta name=\"twitter:card\" content=\"summary_large_image\" \/>\n<meta name=\"twitter:creator\" content=\"@webdo_tn\" \/>\n<meta name=\"twitter:site\" content=\"@webdo_tn\" \/>\n<meta name=\"twitter:label1\" content=\"\u00c9crit par\" \/>\n\t<meta name=\"twitter:data1\" content=\"webdo.tn\" \/>\n\t<meta name=\"twitter:label2\" content=\"Dur\u00e9e de lecture estim\u00e9e\" \/>\n\t<meta name=\"twitter:data2\" content=\"1 minute\" \/>\n<script type=\"application\/ld+json\" class=\"yoast-schema-graph\">{\"@context\":\"https:\\\/\\\/schema.org\",\"@graph\":[{\"@type\":\"NewsArticle\",\"@id\":\"https:\\\/\\\/www.webdo.tn\\\/fr\\\/actualite\\\/national\\\/chambre-syndicale-des-industries-du-lait-une-augmentation-de-300-millimes-litre-simpose\\\/186721\\\/#article\",\"isPartOf\":{\"@id\":\"https:\\\/\\\/www.webdo.tn\\\/fr\\\/actualite\\\/national\\\/chambre-syndicale-des-industries-du-lait-une-augmentation-de-300-millimes-litre-simpose\\\/186721\\\/\"},\"author\":{\"name\":\"webdo.tn\",\"@id\":\"https:\\\/\\\/www.webdo.tn\\\/fr\\\/#\\\/schema\\\/person\\\/9a9c6118d687c117df8ef3cc36a4d175\"},\"headline\":\"Chambre syndicale des industries du lait\u00a0: une augmentation de 300 millimes\\\/litre s\u2019impose\",\"datePublished\":\"2022-10-10T13:46:00+00:00\",\"dateModified\":\"2025-05-14T10:56:10+00:00\",\"mainEntityOfPage\":{\"@id\":\"https:\\\/\\\/www.webdo.tn\\\/fr\\\/actualite\\\/national\\\/chambre-syndicale-des-industries-du-lait-une-augmentation-de-300-millimes-litre-simpose\\\/186721\\\/\"},\"wordCount\":146,\"commentCount\":0,\"publisher\":{\"@id\":\"https:\\\/\\\/www.webdo.tn\\\/fr\\\/#organization\"},\"image\":{\"@id\":\"https:\\\/\\\/www.webdo.tn\\\/fr\\\/actualite\\\/national\\\/chambre-syndicale-des-industries-du-lait-une-augmentation-de-300-millimes-litre-simpose\\\/186721\\\/#primaryimage\"},\"thumbnailUrl\":\"https:\\\/\\\/www.webdo.tn\\\/fr\\\/wp-content\\\/uploads\\\/2022\\\/10\\\/lait.jpg\",\"articleSection\":[\"National\"],\"inLanguage\":\"fr-FR\"},{\"@type\":\"WebPage\",\"@id\":\"https:\\\/\\\/www.webdo.tn\\\/fr\\\/actualite\\\/national\\\/chambre-syndicale-des-industries-du-lait-une-augmentation-de-300-millimes-litre-simpose\\\/186721\\\/\",\"url\":\"https:\\\/\\\/www.webdo.tn\\\/fr\\\/actualite\\\/national\\\/chambre-syndicale-des-industries-du-lait-une-augmentation-de-300-millimes-litre-simpose\\\/186721\\\/\",\"name\":\"Chambre syndicale des industries du lait\u00a0: une augmentation de 300 millimes\\\/litre s\u2019impose\",\"isPartOf\":{\"@id\":\"https:\\\/\\\/www.webdo.tn\\\/fr\\\/#website\"},\"primaryImageOfPage\":{\"@id\":\"https:\\\/\\\/www.webdo.tn\\\/fr\\\/actualite\\\/national\\\/chambre-syndicale-des-industries-du-lait-une-augmentation-de-300-millimes-litre-simpose\\\/186721\\\/#primaryimage\"},\"image\":{\"@id\":\"https:\\\/\\\/www.webdo.tn\\\/fr\\\/actualite\\\/national\\\/chambre-syndicale-des-industries-du-lait-une-augmentation-de-300-millimes-litre-simpose\\\/186721\\\/#primaryimage\"},\"thumbnailUrl\":\"https:\\\/\\\/www.webdo.tn\\\/fr\\\/wp-content\\\/uploads\\\/2022\\\/10\\\/lait.jpg\",\"datePublished\":\"2022-10-10T13:46:00+00:00\",\"dateModified\":\"2025-05-14T10:56:10+00:00\",\"description\":\"Chambre syndicale des industries du lait\u00a0: une augmentation de 300 millimes\\\/litre s\u2019impose\",\"breadcrumb\":{\"@id\":\"https:\\\/\\\/www.webdo.tn\\\/fr\\\/actualite\\\/national\\\/chambre-syndicale-des-industries-du-lait-une-augmentation-de-300-millimes-litre-simpose\\\/186721\\\/#breadcrumb\"},\"inLanguage\":\"fr-FR\",\"potentialAction\":[{\"@type\":\"ReadAction\",\"target\":[\"https:\\\/\\\/www.webdo.tn\\\/fr\\\/actualite\\\/national\\\/chambre-syndicale-des-industries-du-lait-une-augmentation-de-300-millimes-litre-simpose\\\/186721\\\/\"]}]},{\"@type\":\"ImageObject\",\"inLanguage\":\"fr-FR\",\"@id\":\"https:\\\/\\\/www.webdo.tn\\\/fr\\\/actualite\\\/national\\\/chambre-syndicale-des-industries-du-lait-une-augmentation-de-300-millimes-litre-simpose\\\/186721\\\/#primaryimage\",\"url\":\"https:\\\/\\\/www.webdo.tn\\\/fr\\\/wp-content\\\/uploads\\\/2022\\\/10\\\/lait.jpg\",\"contentUrl\":\"https:\\\/\\\/www.webdo.tn\\\/fr\\\/wp-content\\\/uploads\\\/2022\\\/10\\\/lait.jpg\",\"width\":533,\"height\":400,\"caption\":\"Chambre syndicale des industries du lait\u00a0: une augmentation de 300 millimes\\\/litre s\u2019impose\"},{\"@type\":\"BreadcrumbList\",\"@id\":\"https:\\\/\\\/www.webdo.tn\\\/fr\\\/actualite\\\/national\\\/chambre-syndicale-des-industries-du-lait-une-augmentation-de-300-millimes-litre-simpose\\\/186721\\\/#breadcrumb\",\"itemListElement\":[{\"@type\":\"ListItem\",\"position\":1,\"name\":\"Accueil\",\"item\":\"https:\\\/\\\/www.webdo.tn\\\/fr\\\/\"},{\"@type\":\"ListItem\",\"position\":2,\"name\":\"Chambre syndicale des industries du lait\u00a0: une augmentation de 300 millimes\\\/litre s\u2019impose\"}]},{\"@type\":\"WebSite\",\"@id\":\"https:\\\/\\\/www.webdo.tn\\\/fr\\\/#website\",\"url\":\"https:\\\/\\\/www.webdo.tn\\\/fr\\\/\",\"name\":\"webdo\",\"description\":\"Tunisie - News en Tunisie et \u00e0 l&#039;international sur Webdo.tn\",\"publisher\":{\"@id\":\"https:\\\/\\\/www.webdo.tn\\\/fr\\\/#organization\"},\"potentialAction\":[{\"@type\":\"SearchAction\",\"target\":{\"@type\":\"EntryPoint\",\"urlTemplate\":\"https:\\\/\\\/www.webdo.tn\\\/fr\\\/?s={search_term_string}\"},\"query-input\":{\"@type\":\"PropertyValueSpecification\",\"valueRequired\":true,\"valueName\":\"search_term_string\"}}],\"inLanguage\":\"fr-FR\"},{\"@type\":\"Organization\",\"@id\":\"https:\\\/\\\/www.webdo.tn\\\/fr\\\/#organization\",\"name\":\"Webdo\",\"alternateName\":\"Webdo.tn\",\"url\":\"https:\\\/\\\/www.webdo.tn\\\/fr\\\/\",\"logo\":{\"@type\":\"ImageObject\",\"inLanguage\":\"fr-FR\",\"@id\":\"https:\\\/\\\/www.webdo.tn\\\/fr\\\/#\\\/schema\\\/logo\\\/image\\\/\",\"url\":\"https:\\\/\\\/www.webdo.tn\\\/fr\\\/wp-content\\\/uploads\\\/2025\\\/06\\\/Webdo-Tunisie_168377.jpg\",\"contentUrl\":\"https:\\\/\\\/www.webdo.tn\\\/fr\\\/wp-content\\\/uploads\\\/2025\\\/06\\\/Webdo-Tunisie_168377.jpg\",\"width\":301,\"height\":301,\"caption\":\"Webdo\"},\"image\":{\"@id\":\"https:\\\/\\\/www.webdo.tn\\\/fr\\\/#\\\/schema\\\/logo\\\/image\\\/\"},\"sameAs\":[\"https:\\\/\\\/www.facebook.com\\\/webdotn\",\"https:\\\/\\\/x.com\\\/webdo_tn\"],\"description\":\"Webdo est un m\u00e9dia num\u00e9rique tunisien fond\u00e9 en 2010, sp\u00e9cialis\u00e9 dans l\u2019actualit\u00e9 nationale et internationale, l\u2019\u00e9conomie, la soci\u00e9t\u00e9 et les analyses politiques. Le site s\u2019adresse \u00e0 un large public francophone et couvre l\u2019information tunisienne en temps r\u00e9el.\",\"email\":\"redac@webdo.tn\",\"legalName\":\"YNJ SARL\",\"foundingDate\":\"2010-09-06\",\"numberOfEmployees\":{\"@type\":\"QuantitativeValue\",\"minValue\":\"11\",\"maxValue\":\"50\"}},{\"@type\":\"Person\",\"@id\":\"https:\\\/\\\/www.webdo.tn\\\/fr\\\/#\\\/schema\\\/person\\\/9a9c6118d687c117df8ef3cc36a4d175\",\"name\":\"webdo.tn\",\"image\":{\"@type\":\"ImageObject\",\"inLanguage\":\"fr-FR\",\"@id\":\"https:\\\/\\\/secure.gravatar.com\\\/avatar\\\/7ce1f28c0c3bbac99ff550b85ef8e44a6950c6ee24514fb6a5489e51d06f0298?s=96&d=mm&r=g\",\"url\":\"https:\\\/\\\/secure.gravatar.com\\\/avatar\\\/7ce1f28c0c3bbac99ff550b85ef8e44a6950c6ee24514fb6a5489e51d06f0298?s=96&d=mm&r=g\",\"contentUrl\":\"https:\\\/\\\/secure.gravatar.com\\\/avatar\\\/7ce1f28c0c3bbac99ff550b85ef8e44a6950c6ee24514fb6a5489e51d06f0298?s=96&d=mm&r=g\",\"caption\":\"webdo.tn\"},\"url\":\"https:\\\/\\\/www.webdo.tn\\\/fr\\\/actualite\\\/author\\\/webdotn\\\/\"}]}<\/script>\n<!-- \/ Yoast SEO Premium plugin. -->","yoast_head_json":{"title":"Chambre syndicale des industries du lait\u00a0: une augmentation de 300 millimes\/litre s\u2019impose","description":"Chambre syndicale des industries du lait\u00a0: une augmentation de 300 millimes\/litre s\u2019impose","canonical":"https:\/\/www.webdo.tn\/fr\/actualite\/national\/chambre-syndicale-des-industries-du-lait-une-augmentation-de-300-millimes-litre-simpose\/186721\/","og_locale":"fr_FR","og_type":"article","og_title":"Chambre syndicale des industries du lait\u00a0: une augmentation de 300 millimes\/litre s\u2019impose","og_description":"Chambre syndicale des industries du lait\u00a0: une augmentation de 300 millimes\/litre s\u2019impose","og_url":"https:\/\/www.webdo.tn\/fr\/actualite\/national\/chambre-syndicale-des-industries-du-lait-une-augmentation-de-300-millimes-litre-simpose\/186721\/","og_site_name":"webdo","article_publisher":"https:\/\/www.facebook.com\/webdotn","article_published_time":"2022-10-10T13:46:00+00:00","article_modified_time":"2025-05-14T10:56:10+00:00","og_image":[{"width":533,"height":400,"url":"https:\/\/www.webdo.tn\/fr\/wp-content\/uploads\/2022\/10\/lait.jpg","type":"image\/jpeg"}],"author":"webdo.tn","twitter_card":"summary_large_image","twitter_creator":"@webdo_tn","twitter_site":"@webdo_tn","twitter_misc":{"\u00c9crit par":"webdo.tn","Dur\u00e9e de lecture estim\u00e9e":"1 minute"},"schema":{"@context":"https:\/\/schema.org","@graph":[{"@type":"NewsArticle","@id":"https:\/\/www.webdo.tn\/fr\/actualite\/national\/chambre-syndicale-des-industries-du-lait-une-augmentation-de-300-millimes-litre-simpose\/186721\/#article","isPartOf":{"@id":"https:\/\/www.webdo.tn\/fr\/actualite\/national\/chambre-syndicale-des-industries-du-lait-une-augmentation-de-300-millimes-litre-simpose\/186721\/"},"author":{"name":"webdo.tn","@id":"https:\/\/www.webdo.tn\/fr\/#\/schema\/person\/9a9c6118d687c117df8ef3cc36a4d175"},"headline":"Chambre syndicale des industries du lait\u00a0: une augmentation de 300 millimes\/litre s\u2019impose","datePublished":"2022-10-10T13:46:00+00:00","dateModified":"2025-05-14T10:56:10+00:00","mainEntityOfPage":{"@id":"https:\/\/www.webdo.tn\/fr\/actualite\/national\/chambre-syndicale-des-industries-du-lait-une-augmentation-de-300-millimes-litre-simpose\/186721\/"},"wordCount":146,"commentCount":0,"publisher":{"@id":"https:\/\/www.webdo.tn\/fr\/#organization"},"image":{"@id":"https:\/\/www.webdo.tn\/fr\/actualite\/national\/chambre-syndicale-des-industries-du-lait-une-augmentation-de-300-millimes-litre-simpose\/186721\/#primaryimage"},"thumbnailUrl":"https:\/\/www.webdo.tn\/fr\/wp-content\/uploads\/2022\/10\/lait.jpg","articleSection":["National"],"inLanguage":"fr-FR"},{"@type":"WebPage","@id":"https:\/\/www.webdo.tn\/fr\/actualite\/national\/chambre-syndicale-des-industries-du-lait-une-augmentation-de-300-millimes-litre-simpose\/186721\/","url":"https:\/\/www.webdo.tn\/fr\/actualite\/national\/chambre-syndicale-des-industries-du-lait-une-augmentation-de-300-millimes-litre-simpose\/186721\/","name":"Chambre syndicale des industries du lait\u00a0: une augmentation de 300 millimes\/litre s\u2019impose","isPartOf":{"@id":"https:\/\/www.webdo.tn\/fr\/#website"},"primaryImageOfPage":{"@id":"https:\/\/www.webdo.tn\/fr\/actualite\/national\/chambre-syndicale-des-industries-du-lait-une-augmentation-de-300-millimes-litre-simpose\/186721\/#primaryimage"},"image":{"@id":"https:\/\/www.webdo.tn\/fr\/actualite\/national\/chambre-syndicale-des-industries-du-lait-une-augmentation-de-300-millimes-litre-simpose\/186721\/#primaryimage"},"thumbnailUrl":"https:\/\/www.webdo.tn\/fr\/wp-content\/uploads\/2022\/10\/lait.jpg","datePublished":"2022-10-10T13:46:00+00:00","dateModified":"2025-05-14T10:56:10+00:00","description":"Chambre syndicale des industries du lait\u00a0: une augmentation de 300 millimes\/litre s\u2019impose","breadcrumb":{"@id":"https:\/\/www.webdo.tn\/fr\/actualite\/national\/chambre-syndicale-des-industries-du-lait-une-augmentation-de-300-millimes-litre-simpose\/186721\/#breadcrumb"},"inLanguage":"fr-FR","potentialAction":[{"@type":"ReadAction","target":["https:\/\/www.webdo.tn\/fr\/actualite\/national\/chambre-syndicale-des-industries-du-lait-une-augmentation-de-300-millimes-litre-simpose\/186721\/"]}]},{"@type":"ImageObject","inLanguage":"fr-FR","@id":"https:\/\/www.webdo.tn\/fr\/actualite\/national\/chambre-syndicale-des-industries-du-lait-une-augmentation-de-300-millimes-litre-simpose\/186721\/#primaryimage","url":"https:\/\/www.webdo.tn\/fr\/wp-content\/uploads\/2022\/10\/lait.jpg","contentUrl":"https:\/\/www.webdo.tn\/fr\/wp-content\/uploads\/2022\/10\/lait.jpg","width":533,"height":400,"caption":"Chambre syndicale des industries du lait\u00a0: une augmentation de 300 millimes\/litre s\u2019impose"},{"@type":"BreadcrumbList","@id":"https:\/\/www.webdo.tn\/fr\/actualite\/national\/chambre-syndicale-des-industries-du-lait-une-augmentation-de-300-millimes-litre-simpose\/186721\/#breadcrumb","itemListElement":[{"@type":"ListItem","position":1,"name":"Accueil","item":"https:\/\/www.webdo.tn\/fr\/"},{"@type":"ListItem","position":2,"name":"Chambre syndicale des industries du lait\u00a0: une augmentation de 300 millimes\/litre s\u2019impose"}]},{"@type":"WebSite","@id":"https:\/\/www.webdo.tn\/fr\/#website","url":"https:\/\/www.webdo.tn\/fr\/","name":"webdo","description":"Tunisie - News en Tunisie et \u00e0 l&#039;international sur Webdo.tn","publisher":{"@id":"https:\/\/www.webdo.tn\/fr\/#organization"},"potentialAction":[{"@type":"SearchAction","target":{"@type":"EntryPoint","urlTemplate":"https:\/\/www.webdo.tn\/fr\/?s={search_term_string}"},"query-input":{"@type":"PropertyValueSpecification","valueRequired":true,"valueName":"search_term_string"}}],"inLanguage":"fr-FR"},{"@type":"Organization","@id":"https:\/\/www.webdo.tn\/fr\/#organization","name":"Webdo","alternateName":"Webdo.tn","url":"https:\/\/www.webdo.tn\/fr\/","logo":{"@type":"ImageObject","inLanguage":"fr-FR","@id":"https:\/\/www.webdo.tn\/fr\/#\/schema\/logo\/image\/","url":"https:\/\/www.webdo.tn\/fr\/wp-content\/uploads\/2025\/06\/Webdo-Tunisie_168377.jpg","contentUrl":"https:\/\/www.webdo.tn\/fr\/wp-content\/uploads\/2025\/06\/Webdo-Tunisie_168377.jpg","width":301,"height":301,"caption":"Webdo"},"image":{"@id":"https:\/\/www.webdo.tn\/fr\/#\/schema\/logo\/image\/"},"sameAs":["https:\/\/www.facebook.com\/webdotn","https:\/\/x.com\/webdo_tn"],"description":"Webdo est un m\u00e9dia num\u00e9rique tunisien fond\u00e9 en 2010, sp\u00e9cialis\u00e9 dans l\u2019actualit\u00e9 nationale et internationale, l\u2019\u00e9conomie, la soci\u00e9t\u00e9 et les analyses politiques. Le site s\u2019adresse \u00e0 un large public francophone et couvre l\u2019information tunisienne en temps r\u00e9el.","email":"redac@webdo.tn","legalName":"YNJ SARL","foundingDate":"2010-09-06","numberOfEmployees":{"@type":"QuantitativeValue","minValue":"11","maxValue":"50"}},{"@type":"Person","@id":"https:\/\/www.webdo.tn\/fr\/#\/schema\/person\/9a9c6118d687c117df8ef3cc36a4d175","name":"webdo.tn","image":{"@type":"ImageObject","inLanguage":"fr-FR","@id":"https:\/\/secure.gravatar.com\/avatar\/7ce1f28c0c3bbac99ff550b85ef8e44a6950c6ee24514fb6a5489e51d06f0298?s=96&d=mm&r=g","url":"https:\/\/secure.gravatar.com\/avatar\/7ce1f28c0c3bbac99ff550b85ef8e44a6950c6ee24514fb6a5489e51d06f0298?s=96&d=mm&r=g","contentUrl":"https:\/\/secure.gravatar.com\/avatar\/7ce1f28c0c3bbac99ff550b85ef8e44a6950c6ee24514fb6a5489e51d06f0298?s=96&d=mm&r=g","caption":"webdo.tn"},"url":"https:\/\/www.webdo.tn\/fr\/actualite\/author\/webdotn\/"}]}},"_links":{"self":[{"href":"https:\/\/www.webdo.tn\/fr\/wp-json\/wp\/v2\/posts\/186721","targetHints":{"allow":["GET"]}}],"collection":[{"href":"https:\/\/www.webdo.tn\/fr\/wp-json\/wp\/v2\/posts"}],"about":[{"href":"https:\/\/www.webdo.tn\/fr\/wp-json\/wp\/v2\/types\/post"}],"author":[{"embeddable":true,"href":"https:\/\/www.webdo.tn\/fr\/wp-json\/wp\/v2\/users\/3222"}],"replies":[{"embeddable":true,"href":"https:\/\/www.webdo.tn\/fr\/wp-json\/wp\/v2\/comments?post=186721"}],"version-history":[{"count":0,"href":"https:\/\/www.webdo.tn\/fr\/wp-json\/wp\/v2\/posts\/186721\/revisions"}],"wp:featuredmedia":[{"embeddable":true,"href":"https:\/\/www.webdo.tn\/fr\/wp-json\/wp\/v2\/media\/253642"}],"wp:attachment":[{"href":"https:\/\/www.webdo.tn\/fr\/wp-json\/wp\/v2\/media?parent=186721"}],"wp:term":[{"taxonomy":"category","embeddable":true,"href":"https:\/\/www.webdo.tn\/fr\/wp-json\/wp\/v2\/categories?post=186721"},{"taxonomy":"post_tag","embeddable":true,"href":"https:\/\/www.webdo.tn\/fr\/wp-json\/wp\/v2\/tags?post=186721"}],"curies":[{"name":"wp","href":"https:\/\/api.w.org\/{rel}","templated":true}]}}