{"id":186719,"date":"2022-10-10T13:07:00","date_gmt":"2022-10-10T13:07:00","guid":{"rendered":"https:\/\/www.webdo.tn\/fr\/blog\/naufrage-dun-bateau-a-zarzis-8-cadavres-retrouves\/186719\/"},"modified":"2025-05-14T10:56:09","modified_gmt":"2025-05-14T10:56:09","slug":"naufrage-dun-bateau-a-zarzis-8-cadavres-retrouves","status":"publish","type":"post","link":"https:\/\/www.webdo.tn\/fr\/actualite\/national\/naufrage-dun-bateau-a-zarzis-8-cadavres-retrouves\/186719\/","title":{"rendered":"Naufrage d\u2019un bateau \u00e0 Zarzis\u00a0: 8 cadavres retrouv\u00e9s"},"content":{"rendered":"<p>Des p\u00eacheurs de Zarzis ont retrouv\u00e9, ce lundi 10 octobre 2022, huit cadavres appartenant aux immigr\u00e9s clandestins disparus en mer depuis le 21 septembre.<\/p>\n<p>Les cadavres ont \u00e9t\u00e9 rep\u00each\u00e9s par la garde maritime et transport\u00e9s \u00e0 l&rsquo;h\u00f4pital r\u00e9gional de Zarzis pour autopsie et pour les identifier.<\/p>\n<p>Il est \u00e0 rappeler que les familles des port\u00e9s disparus apr\u00e8s le naufrage d\u2019un bateau transportant des migrants clandestins au large Zarzis ont organis\u00e9, hier, un rassemblement de protestation devant les si\u00e8ges de la d\u00e9l\u00e9gation de la garde maritime.<\/p>\n<p>Elles ont bloqu\u00e9, hier soir, l\u2019acc\u00e8s \u00e0 la place des martyrs au centre-ville de Zarzis, revendiquant l\u2019ouverture d\u2019une enqu\u00eate s\u00e9rieuse.<\/p>\n<p>Elles r\u00e9clament aussi des informations sur le sort des personnes qui \u00e9taient \u00e0 bord du bateau.<\/p>\n","protected":false},"excerpt":{"rendered":"<p>Naufrage d\u2019un bateau \u00e0 Zarzis\u00a0: 8 cadavres retrouv\u00e9s<\/p>\n","protected":false},"author":3222,"featured_media":253641,"comment_status":"open","ping_status":"closed","sticky":false,"template":"","format":"standard","meta":{"footnotes":""},"categories":[44],"tags":[],"class_list":["post-186719","post","type-post","status-publish","format-standard","has-post-thumbnail","hentry","category-national"],"yoast_head":"<!-- This site is optimized with the Yoast SEO Premium plugin v27.4 (Yoast SEO v27.4) - https:\/\/yoast.com\/product\/yoast-seo-premium-wordpress\/ -->\n<title>Naufrage d\u2019un bateau \u00e0 Zarzis\u00a0: 8 cadavres retrouv\u00e9s<\/title>\n<meta name=\"description\" content=\"Naufrage d\u2019un bateau \u00e0 Zarzis\u00a0: 8 cadavres retrouv\u00e9s\" \/>\n<link rel=\"canonical\" href=\"https:\/\/www.webdo.tn\/fr\/actualite\/national\/naufrage-dun-bateau-a-zarzis-8-cadavres-retrouves\/186719\/\" \/>\n<meta property=\"og:locale\" content=\"fr_FR\" \/>\n<meta property=\"og:type\" content=\"article\" \/>\n<meta property=\"og:title\" content=\"Naufrage d\u2019un bateau \u00e0 Zarzis\u00a0: 8 cadavres retrouv\u00e9s\" \/>\n<meta property=\"og:description\" content=\"Naufrage d\u2019un bateau \u00e0 Zarzis\u00a0: 8 cadavres retrouv\u00e9s\" \/>\n<meta property=\"og:url\" content=\"https:\/\/www.webdo.tn\/fr\/actualite\/national\/naufrage-dun-bateau-a-zarzis-8-cadavres-retrouves\/186719\/\" \/>\n<meta property=\"og:site_name\" content=\"webdo\" \/>\n<meta property=\"article:publisher\" content=\"https:\/\/www.facebook.com\/webdotn\" \/>\n<meta property=\"article:published_time\" content=\"2022-10-10T13:07:00+00:00\" \/>\n<meta property=\"article:modified_time\" content=\"2025-05-14T10:56:09+00:00\" \/>\n<meta property=\"og:image\" content=\"https:\/\/www.webdo.tn\/fr\/wp-content\/uploads\/2022\/10\/Emigration-Naufrage.jpg\" \/>\n\t<meta property=\"og:image:width\" content=\"1280\" \/>\n\t<meta property=\"og:image:height\" content=\"841\" \/>\n\t<meta property=\"og:image:type\" content=\"image\/jpeg\" \/>\n<meta name=\"author\" content=\"webdo.tn\" \/>\n<meta name=\"twitter:card\" content=\"summary_large_image\" \/>\n<meta name=\"twitter:creator\" content=\"@webdo_tn\" \/>\n<meta name=\"twitter:site\" content=\"@webdo_tn\" \/>\n<meta name=\"twitter:label1\" content=\"\u00c9crit par\" \/>\n\t<meta name=\"twitter:data1\" content=\"webdo.tn\" \/>\n\t<meta name=\"twitter:label2\" content=\"Dur\u00e9e de lecture estim\u00e9e\" \/>\n\t<meta name=\"twitter:data2\" content=\"1 minute\" \/>\n<script type=\"application\/ld+json\" class=\"yoast-schema-graph\">{\"@context\":\"https:\\\/\\\/schema.org\",\"@graph\":[{\"@type\":\"NewsArticle\",\"@id\":\"https:\\\/\\\/www.webdo.tn\\\/fr\\\/actualite\\\/national\\\/naufrage-dun-bateau-a-zarzis-8-cadavres-retrouves\\\/186719\\\/#article\",\"isPartOf\":{\"@id\":\"https:\\\/\\\/www.webdo.tn\\\/fr\\\/actualite\\\/national\\\/naufrage-dun-bateau-a-zarzis-8-cadavres-retrouves\\\/186719\\\/\"},\"author\":{\"name\":\"webdo.tn\",\"@id\":\"https:\\\/\\\/www.webdo.tn\\\/fr\\\/#\\\/schema\\\/person\\\/9a9c6118d687c117df8ef3cc36a4d175\"},\"headline\":\"Naufrage d\u2019un bateau \u00e0 Zarzis\u00a0: 8 cadavres retrouv\u00e9s\",\"datePublished\":\"2022-10-10T13:07:00+00:00\",\"dateModified\":\"2025-05-14T10:56:09+00:00\",\"mainEntityOfPage\":{\"@id\":\"https:\\\/\\\/www.webdo.tn\\\/fr\\\/actualite\\\/national\\\/naufrage-dun-bateau-a-zarzis-8-cadavres-retrouves\\\/186719\\\/\"},\"wordCount\":143,\"commentCount\":0,\"publisher\":{\"@id\":\"https:\\\/\\\/www.webdo.tn\\\/fr\\\/#organization\"},\"image\":{\"@id\":\"https:\\\/\\\/www.webdo.tn\\\/fr\\\/actualite\\\/national\\\/naufrage-dun-bateau-a-zarzis-8-cadavres-retrouves\\\/186719\\\/#primaryimage\"},\"thumbnailUrl\":\"https:\\\/\\\/www.webdo.tn\\\/fr\\\/wp-content\\\/uploads\\\/2022\\\/10\\\/Emigration-Naufrage.jpg\",\"articleSection\":[\"National\"],\"inLanguage\":\"fr-FR\"},{\"@type\":\"WebPage\",\"@id\":\"https:\\\/\\\/www.webdo.tn\\\/fr\\\/actualite\\\/national\\\/naufrage-dun-bateau-a-zarzis-8-cadavres-retrouves\\\/186719\\\/\",\"url\":\"https:\\\/\\\/www.webdo.tn\\\/fr\\\/actualite\\\/national\\\/naufrage-dun-bateau-a-zarzis-8-cadavres-retrouves\\\/186719\\\/\",\"name\":\"Naufrage d\u2019un bateau \u00e0 Zarzis\u00a0: 8 cadavres retrouv\u00e9s\",\"isPartOf\":{\"@id\":\"https:\\\/\\\/www.webdo.tn\\\/fr\\\/#website\"},\"primaryImageOfPage\":{\"@id\":\"https:\\\/\\\/www.webdo.tn\\\/fr\\\/actualite\\\/national\\\/naufrage-dun-bateau-a-zarzis-8-cadavres-retrouves\\\/186719\\\/#primaryimage\"},\"image\":{\"@id\":\"https:\\\/\\\/www.webdo.tn\\\/fr\\\/actualite\\\/national\\\/naufrage-dun-bateau-a-zarzis-8-cadavres-retrouves\\\/186719\\\/#primaryimage\"},\"thumbnailUrl\":\"https:\\\/\\\/www.webdo.tn\\\/fr\\\/wp-content\\\/uploads\\\/2022\\\/10\\\/Emigration-Naufrage.jpg\",\"datePublished\":\"2022-10-10T13:07:00+00:00\",\"dateModified\":\"2025-05-14T10:56:09+00:00\",\"description\":\"Naufrage d\u2019un bateau \u00e0 Zarzis\u00a0: 8 cadavres retrouv\u00e9s\",\"breadcrumb\":{\"@id\":\"https:\\\/\\\/www.webdo.tn\\\/fr\\\/actualite\\\/national\\\/naufrage-dun-bateau-a-zarzis-8-cadavres-retrouves\\\/186719\\\/#breadcrumb\"},\"inLanguage\":\"fr-FR\",\"potentialAction\":[{\"@type\":\"ReadAction\",\"target\":[\"https:\\\/\\\/www.webdo.tn\\\/fr\\\/actualite\\\/national\\\/naufrage-dun-bateau-a-zarzis-8-cadavres-retrouves\\\/186719\\\/\"]}]},{\"@type\":\"ImageObject\",\"inLanguage\":\"fr-FR\",\"@id\":\"https:\\\/\\\/www.webdo.tn\\\/fr\\\/actualite\\\/national\\\/naufrage-dun-bateau-a-zarzis-8-cadavres-retrouves\\\/186719\\\/#primaryimage\",\"url\":\"https:\\\/\\\/www.webdo.tn\\\/fr\\\/wp-content\\\/uploads\\\/2022\\\/10\\\/Emigration-Naufrage.jpg\",\"contentUrl\":\"https:\\\/\\\/www.webdo.tn\\\/fr\\\/wp-content\\\/uploads\\\/2022\\\/10\\\/Emigration-Naufrage.jpg\",\"width\":1280,\"height\":841,\"caption\":\"Naufrage d\u2019un bateau \u00e0 Zarzis\u00a0: 8 cadavres retrouv\u00e9s\"},{\"@type\":\"BreadcrumbList\",\"@id\":\"https:\\\/\\\/www.webdo.tn\\\/fr\\\/actualite\\\/national\\\/naufrage-dun-bateau-a-zarzis-8-cadavres-retrouves\\\/186719\\\/#breadcrumb\",\"itemListElement\":[{\"@type\":\"ListItem\",\"position\":1,\"name\":\"Accueil\",\"item\":\"https:\\\/\\\/www.webdo.tn\\\/fr\\\/\"},{\"@type\":\"ListItem\",\"position\":2,\"name\":\"Naufrage d\u2019un bateau \u00e0 Zarzis\u00a0: 8 cadavres retrouv\u00e9s\"}]},{\"@type\":\"WebSite\",\"@id\":\"https:\\\/\\\/www.webdo.tn\\\/fr\\\/#website\",\"url\":\"https:\\\/\\\/www.webdo.tn\\\/fr\\\/\",\"name\":\"webdo\",\"description\":\"Tunisie - News en Tunisie et \u00e0 l&#039;international sur Webdo.tn\",\"publisher\":{\"@id\":\"https:\\\/\\\/www.webdo.tn\\\/fr\\\/#organization\"},\"potentialAction\":[{\"@type\":\"SearchAction\",\"target\":{\"@type\":\"EntryPoint\",\"urlTemplate\":\"https:\\\/\\\/www.webdo.tn\\\/fr\\\/?s={search_term_string}\"},\"query-input\":{\"@type\":\"PropertyValueSpecification\",\"valueRequired\":true,\"valueName\":\"search_term_string\"}}],\"inLanguage\":\"fr-FR\"},{\"@type\":\"Organization\",\"@id\":\"https:\\\/\\\/www.webdo.tn\\\/fr\\\/#organization\",\"name\":\"Webdo\",\"alternateName\":\"Webdo.tn\",\"url\":\"https:\\\/\\\/www.webdo.tn\\\/fr\\\/\",\"logo\":{\"@type\":\"ImageObject\",\"inLanguage\":\"fr-FR\",\"@id\":\"https:\\\/\\\/www.webdo.tn\\\/fr\\\/#\\\/schema\\\/logo\\\/image\\\/\",\"url\":\"https:\\\/\\\/www.webdo.tn\\\/fr\\\/wp-content\\\/uploads\\\/2025\\\/06\\\/Webdo-Tunisie_168377.jpg\",\"contentUrl\":\"https:\\\/\\\/www.webdo.tn\\\/fr\\\/wp-content\\\/uploads\\\/2025\\\/06\\\/Webdo-Tunisie_168377.jpg\",\"width\":301,\"height\":301,\"caption\":\"Webdo\"},\"image\":{\"@id\":\"https:\\\/\\\/www.webdo.tn\\\/fr\\\/#\\\/schema\\\/logo\\\/image\\\/\"},\"sameAs\":[\"https:\\\/\\\/www.facebook.com\\\/webdotn\",\"https:\\\/\\\/x.com\\\/webdo_tn\"],\"description\":\"Webdo est un m\u00e9dia num\u00e9rique tunisien fond\u00e9 en 2010, sp\u00e9cialis\u00e9 dans l\u2019actualit\u00e9 nationale et internationale, l\u2019\u00e9conomie, la soci\u00e9t\u00e9 et les analyses politiques. Le site s\u2019adresse \u00e0 un large public francophone et couvre l\u2019information tunisienne en temps r\u00e9el.\",\"email\":\"redac@webdo.tn\",\"legalName\":\"YNJ SARL\",\"foundingDate\":\"2010-09-06\",\"numberOfEmployees\":{\"@type\":\"QuantitativeValue\",\"minValue\":\"11\",\"maxValue\":\"50\"}},{\"@type\":\"Person\",\"@id\":\"https:\\\/\\\/www.webdo.tn\\\/fr\\\/#\\\/schema\\\/person\\\/9a9c6118d687c117df8ef3cc36a4d175\",\"name\":\"webdo.tn\",\"image\":{\"@type\":\"ImageObject\",\"inLanguage\":\"fr-FR\",\"@id\":\"https:\\\/\\\/secure.gravatar.com\\\/avatar\\\/7ce1f28c0c3bbac99ff550b85ef8e44a6950c6ee24514fb6a5489e51d06f0298?s=96&d=mm&r=g\",\"url\":\"https:\\\/\\\/secure.gravatar.com\\\/avatar\\\/7ce1f28c0c3bbac99ff550b85ef8e44a6950c6ee24514fb6a5489e51d06f0298?s=96&d=mm&r=g\",\"contentUrl\":\"https:\\\/\\\/secure.gravatar.com\\\/avatar\\\/7ce1f28c0c3bbac99ff550b85ef8e44a6950c6ee24514fb6a5489e51d06f0298?s=96&d=mm&r=g\",\"caption\":\"webdo.tn\"},\"url\":\"https:\\\/\\\/www.webdo.tn\\\/fr\\\/actualite\\\/author\\\/webdotn\\\/\"}]}<\/script>\n<!-- \/ Yoast SEO Premium plugin. -->","yoast_head_json":{"title":"Naufrage d\u2019un bateau \u00e0 Zarzis\u00a0: 8 cadavres retrouv\u00e9s","description":"Naufrage d\u2019un bateau \u00e0 Zarzis\u00a0: 8 cadavres retrouv\u00e9s","canonical":"https:\/\/www.webdo.tn\/fr\/actualite\/national\/naufrage-dun-bateau-a-zarzis-8-cadavres-retrouves\/186719\/","og_locale":"fr_FR","og_type":"article","og_title":"Naufrage d\u2019un bateau \u00e0 Zarzis\u00a0: 8 cadavres retrouv\u00e9s","og_description":"Naufrage d\u2019un bateau \u00e0 Zarzis\u00a0: 8 cadavres retrouv\u00e9s","og_url":"https:\/\/www.webdo.tn\/fr\/actualite\/national\/naufrage-dun-bateau-a-zarzis-8-cadavres-retrouves\/186719\/","og_site_name":"webdo","article_publisher":"https:\/\/www.facebook.com\/webdotn","article_published_time":"2022-10-10T13:07:00+00:00","article_modified_time":"2025-05-14T10:56:09+00:00","og_image":[{"width":1280,"height":841,"url":"https:\/\/www.webdo.tn\/fr\/wp-content\/uploads\/2022\/10\/Emigration-Naufrage.jpg","type":"image\/jpeg"}],"author":"webdo.tn","twitter_card":"summary_large_image","twitter_creator":"@webdo_tn","twitter_site":"@webdo_tn","twitter_misc":{"\u00c9crit par":"webdo.tn","Dur\u00e9e de lecture estim\u00e9e":"1 minute"},"schema":{"@context":"https:\/\/schema.org","@graph":[{"@type":"NewsArticle","@id":"https:\/\/www.webdo.tn\/fr\/actualite\/national\/naufrage-dun-bateau-a-zarzis-8-cadavres-retrouves\/186719\/#article","isPartOf":{"@id":"https:\/\/www.webdo.tn\/fr\/actualite\/national\/naufrage-dun-bateau-a-zarzis-8-cadavres-retrouves\/186719\/"},"author":{"name":"webdo.tn","@id":"https:\/\/www.webdo.tn\/fr\/#\/schema\/person\/9a9c6118d687c117df8ef3cc36a4d175"},"headline":"Naufrage d\u2019un bateau \u00e0 Zarzis\u00a0: 8 cadavres retrouv\u00e9s","datePublished":"2022-10-10T13:07:00+00:00","dateModified":"2025-05-14T10:56:09+00:00","mainEntityOfPage":{"@id":"https:\/\/www.webdo.tn\/fr\/actualite\/national\/naufrage-dun-bateau-a-zarzis-8-cadavres-retrouves\/186719\/"},"wordCount":143,"commentCount":0,"publisher":{"@id":"https:\/\/www.webdo.tn\/fr\/#organization"},"image":{"@id":"https:\/\/www.webdo.tn\/fr\/actualite\/national\/naufrage-dun-bateau-a-zarzis-8-cadavres-retrouves\/186719\/#primaryimage"},"thumbnailUrl":"https:\/\/www.webdo.tn\/fr\/wp-content\/uploads\/2022\/10\/Emigration-Naufrage.jpg","articleSection":["National"],"inLanguage":"fr-FR"},{"@type":"WebPage","@id":"https:\/\/www.webdo.tn\/fr\/actualite\/national\/naufrage-dun-bateau-a-zarzis-8-cadavres-retrouves\/186719\/","url":"https:\/\/www.webdo.tn\/fr\/actualite\/national\/naufrage-dun-bateau-a-zarzis-8-cadavres-retrouves\/186719\/","name":"Naufrage d\u2019un bateau \u00e0 Zarzis\u00a0: 8 cadavres retrouv\u00e9s","isPartOf":{"@id":"https:\/\/www.webdo.tn\/fr\/#website"},"primaryImageOfPage":{"@id":"https:\/\/www.webdo.tn\/fr\/actualite\/national\/naufrage-dun-bateau-a-zarzis-8-cadavres-retrouves\/186719\/#primaryimage"},"image":{"@id":"https:\/\/www.webdo.tn\/fr\/actualite\/national\/naufrage-dun-bateau-a-zarzis-8-cadavres-retrouves\/186719\/#primaryimage"},"thumbnailUrl":"https:\/\/www.webdo.tn\/fr\/wp-content\/uploads\/2022\/10\/Emigration-Naufrage.jpg","datePublished":"2022-10-10T13:07:00+00:00","dateModified":"2025-05-14T10:56:09+00:00","description":"Naufrage d\u2019un bateau \u00e0 Zarzis\u00a0: 8 cadavres retrouv\u00e9s","breadcrumb":{"@id":"https:\/\/www.webdo.tn\/fr\/actualite\/national\/naufrage-dun-bateau-a-zarzis-8-cadavres-retrouves\/186719\/#breadcrumb"},"inLanguage":"fr-FR","potentialAction":[{"@type":"ReadAction","target":["https:\/\/www.webdo.tn\/fr\/actualite\/national\/naufrage-dun-bateau-a-zarzis-8-cadavres-retrouves\/186719\/"]}]},{"@type":"ImageObject","inLanguage":"fr-FR","@id":"https:\/\/www.webdo.tn\/fr\/actualite\/national\/naufrage-dun-bateau-a-zarzis-8-cadavres-retrouves\/186719\/#primaryimage","url":"https:\/\/www.webdo.tn\/fr\/wp-content\/uploads\/2022\/10\/Emigration-Naufrage.jpg","contentUrl":"https:\/\/www.webdo.tn\/fr\/wp-content\/uploads\/2022\/10\/Emigration-Naufrage.jpg","width":1280,"height":841,"caption":"Naufrage d\u2019un bateau \u00e0 Zarzis\u00a0: 8 cadavres retrouv\u00e9s"},{"@type":"BreadcrumbList","@id":"https:\/\/www.webdo.tn\/fr\/actualite\/national\/naufrage-dun-bateau-a-zarzis-8-cadavres-retrouves\/186719\/#breadcrumb","itemListElement":[{"@type":"ListItem","position":1,"name":"Accueil","item":"https:\/\/www.webdo.tn\/fr\/"},{"@type":"ListItem","position":2,"name":"Naufrage d\u2019un bateau \u00e0 Zarzis\u00a0: 8 cadavres retrouv\u00e9s"}]},{"@type":"WebSite","@id":"https:\/\/www.webdo.tn\/fr\/#website","url":"https:\/\/www.webdo.tn\/fr\/","name":"webdo","description":"Tunisie - News en Tunisie et \u00e0 l&#039;international sur Webdo.tn","publisher":{"@id":"https:\/\/www.webdo.tn\/fr\/#organization"},"potentialAction":[{"@type":"SearchAction","target":{"@type":"EntryPoint","urlTemplate":"https:\/\/www.webdo.tn\/fr\/?s={search_term_string}"},"query-input":{"@type":"PropertyValueSpecification","valueRequired":true,"valueName":"search_term_string"}}],"inLanguage":"fr-FR"},{"@type":"Organization","@id":"https:\/\/www.webdo.tn\/fr\/#organization","name":"Webdo","alternateName":"Webdo.tn","url":"https:\/\/www.webdo.tn\/fr\/","logo":{"@type":"ImageObject","inLanguage":"fr-FR","@id":"https:\/\/www.webdo.tn\/fr\/#\/schema\/logo\/image\/","url":"https:\/\/www.webdo.tn\/fr\/wp-content\/uploads\/2025\/06\/Webdo-Tunisie_168377.jpg","contentUrl":"https:\/\/www.webdo.tn\/fr\/wp-content\/uploads\/2025\/06\/Webdo-Tunisie_168377.jpg","width":301,"height":301,"caption":"Webdo"},"image":{"@id":"https:\/\/www.webdo.tn\/fr\/#\/schema\/logo\/image\/"},"sameAs":["https:\/\/www.facebook.com\/webdotn","https:\/\/x.com\/webdo_tn"],"description":"Webdo est un m\u00e9dia num\u00e9rique tunisien fond\u00e9 en 2010, sp\u00e9cialis\u00e9 dans l\u2019actualit\u00e9 nationale et internationale, l\u2019\u00e9conomie, la soci\u00e9t\u00e9 et les analyses politiques. Le site s\u2019adresse \u00e0 un large public francophone et couvre l\u2019information tunisienne en temps r\u00e9el.","email":"redac@webdo.tn","legalName":"YNJ SARL","foundingDate":"2010-09-06","numberOfEmployees":{"@type":"QuantitativeValue","minValue":"11","maxValue":"50"}},{"@type":"Person","@id":"https:\/\/www.webdo.tn\/fr\/#\/schema\/person\/9a9c6118d687c117df8ef3cc36a4d175","name":"webdo.tn","image":{"@type":"ImageObject","inLanguage":"fr-FR","@id":"https:\/\/secure.gravatar.com\/avatar\/7ce1f28c0c3bbac99ff550b85ef8e44a6950c6ee24514fb6a5489e51d06f0298?s=96&d=mm&r=g","url":"https:\/\/secure.gravatar.com\/avatar\/7ce1f28c0c3bbac99ff550b85ef8e44a6950c6ee24514fb6a5489e51d06f0298?s=96&d=mm&r=g","contentUrl":"https:\/\/secure.gravatar.com\/avatar\/7ce1f28c0c3bbac99ff550b85ef8e44a6950c6ee24514fb6a5489e51d06f0298?s=96&d=mm&r=g","caption":"webdo.tn"},"url":"https:\/\/www.webdo.tn\/fr\/actualite\/author\/webdotn\/"}]}},"_links":{"self":[{"href":"https:\/\/www.webdo.tn\/fr\/wp-json\/wp\/v2\/posts\/186719","targetHints":{"allow":["GET"]}}],"collection":[{"href":"https:\/\/www.webdo.tn\/fr\/wp-json\/wp\/v2\/posts"}],"about":[{"href":"https:\/\/www.webdo.tn\/fr\/wp-json\/wp\/v2\/types\/post"}],"author":[{"embeddable":true,"href":"https:\/\/www.webdo.tn\/fr\/wp-json\/wp\/v2\/users\/3222"}],"replies":[{"embeddable":true,"href":"https:\/\/www.webdo.tn\/fr\/wp-json\/wp\/v2\/comments?post=186719"}],"version-history":[{"count":0,"href":"https:\/\/www.webdo.tn\/fr\/wp-json\/wp\/v2\/posts\/186719\/revisions"}],"wp:featuredmedia":[{"embeddable":true,"href":"https:\/\/www.webdo.tn\/fr\/wp-json\/wp\/v2\/media\/253641"}],"wp:attachment":[{"href":"https:\/\/www.webdo.tn\/fr\/wp-json\/wp\/v2\/media?parent=186719"}],"wp:term":[{"taxonomy":"category","embeddable":true,"href":"https:\/\/www.webdo.tn\/fr\/wp-json\/wp\/v2\/categories?post=186719"},{"taxonomy":"post_tag","embeddable":true,"href":"https:\/\/www.webdo.tn\/fr\/wp-json\/wp\/v2\/tags?post=186719"}],"curies":[{"name":"wp","href":"https:\/\/api.w.org\/{rel}","templated":true}]}}