{"id":186718,"date":"2022-10-10T12:50:00","date_gmt":"2022-10-10T12:50:00","guid":{"rendered":"https:\/\/www.webdo.tn\/fr\/blog\/le-president-de-lisie-contre-lamendement-de-la-loi-electorale\/186718\/"},"modified":"2025-05-14T10:56:09","modified_gmt":"2025-05-14T10:56:09","slug":"le-president-de-lisie-contre-lamendement-de-la-loi-electorale","status":"publish","type":"post","link":"https:\/\/www.webdo.tn\/fr\/actualite\/national\/le-president-de-lisie-contre-lamendement-de-la-loi-electorale\/186718\/","title":{"rendered":"Le pr\u00e9sident de l\u2019ISIE contre l\u2019amendement de la loi \u00e9lectorale"},"content":{"rendered":"<p>Le pr\u00e9sident de l&rsquo;instance sup\u00e9rieure ind\u00e9pendante pour les \u00e9lections (ISIE), Farouk Bouasker, a indiqu\u00e9, qu\u2019il n\u2019y aura pas abandon de l\u2019actuelle loi \u00e9letorale.<\/p>\n<p>Il a pr\u00e9cis\u00e9, au micro de IFM, ce lundi 10 octobre 2022, que le processus est d\u00e9j\u00e0 lanc\u00e9 et que 140.000 parrainages ont \u00e9t\u00e9 enregistr\u00e9s\u00a0: \u00ab\u00a0on peut agir sur des d\u00e9tails techniques pour limiter les fraudes, mais il est peu probable qu\u2019on abandonne totalement les parrainages. Il vaut mieux ne pas toucher \u00e0 la loi \u00e9lectorale \u00e0 ce stade\u00a0\u00bb.<\/p>\n<p>Bouasker a ajout\u00e9 que si des r\u00e9ajustements techniques doivent \u00eatre op\u00e9r\u00e9s, il faut le faire apr\u00e8s examen de la situation et en prenant en consid\u00e9ration l\u2019avis de l\u2019ISIE.<\/p>\n<p>Il est \u00e0 rappeler que le pr\u00e9sident de la R\u00e9publique, Kais Sa\u00efed, a estim\u00e9, en recevant, le 8 octobre, la cheffe du gouvernement, n\u00e9cessaire d\u2019amender la loi \u00e9lectorale au vu des pratiques ill\u00e9gales relatives aux parrainages.<\/p>\n<p>Cette d\u00e9cision intervient suite au communiqu\u00e9 publi\u00e9 par l\u2019ISIE jeudi 6 octobre, dans lequel elle a annonc\u00e9 avoir d\u00e9couvert que certaines personnes souhaitant se pr\u00e9senter aux \u00e9lections l\u00e9gislatives ont proc\u00e9d\u00e9 \u00e0 une collecte de parrainages avec contrepartie.<\/p>\n","protected":false},"excerpt":{"rendered":"<p>Le pr\u00e9sident de l\u2019ISIE contre l\u2019amendement de la loi \u00e9lectorale<\/p>\n","protected":false},"author":3222,"featured_media":253639,"comment_status":"open","ping_status":"closed","sticky":false,"template":"","format":"standard","meta":{"footnotes":""},"categories":[44],"tags":[],"class_list":["post-186718","post","type-post","status-publish","format-standard","has-post-thumbnail","hentry","category-national"],"yoast_head":"<!-- This site is optimized with the Yoast SEO Premium plugin v27.4 (Yoast SEO v27.4) - https:\/\/yoast.com\/product\/yoast-seo-premium-wordpress\/ -->\n<title>Le pr\u00e9sident de l\u2019ISIE contre l\u2019amendement de la loi \u00e9lectorale<\/title>\n<meta name=\"description\" content=\"Le pr\u00e9sident de l\u2019ISIE contre l\u2019amendement de la loi \u00e9lectorale\" \/>\n<link rel=\"canonical\" href=\"https:\/\/www.webdo.tn\/fr\/actualite\/national\/le-president-de-lisie-contre-lamendement-de-la-loi-electorale\/186718\/\" \/>\n<meta property=\"og:locale\" content=\"fr_FR\" \/>\n<meta property=\"og:type\" content=\"article\" \/>\n<meta property=\"og:title\" content=\"Le pr\u00e9sident de l\u2019ISIE contre l\u2019amendement de la loi \u00e9lectorale\" \/>\n<meta property=\"og:description\" content=\"Le pr\u00e9sident de l\u2019ISIE contre l\u2019amendement de la loi \u00e9lectorale\" \/>\n<meta property=\"og:url\" content=\"https:\/\/www.webdo.tn\/fr\/actualite\/national\/le-president-de-lisie-contre-lamendement-de-la-loi-electorale\/186718\/\" \/>\n<meta property=\"og:site_name\" content=\"webdo\" \/>\n<meta property=\"article:publisher\" content=\"https:\/\/www.facebook.com\/webdotn\" \/>\n<meta property=\"article:published_time\" content=\"2022-10-10T12:50:00+00:00\" \/>\n<meta property=\"article:modified_time\" content=\"2025-05-14T10:56:09+00:00\" \/>\n<meta property=\"og:image\" content=\"https:\/\/www.webdo.tn\/fr\/wp-content\/uploads\/2022\/10\/Kais-Saied-Farouk-Bouasker-18-05-2022.jpg\" \/>\n\t<meta property=\"og:image:width\" content=\"843\" \/>\n\t<meta property=\"og:image:height\" content=\"524\" \/>\n\t<meta property=\"og:image:type\" content=\"image\/jpeg\" \/>\n<meta name=\"author\" content=\"webdo.tn\" \/>\n<meta name=\"twitter:card\" content=\"summary_large_image\" \/>\n<meta name=\"twitter:creator\" content=\"@webdo_tn\" \/>\n<meta name=\"twitter:site\" content=\"@webdo_tn\" \/>\n<meta name=\"twitter:label1\" content=\"\u00c9crit par\" \/>\n\t<meta name=\"twitter:data1\" content=\"webdo.tn\" \/>\n\t<meta name=\"twitter:label2\" content=\"Dur\u00e9e de lecture estim\u00e9e\" \/>\n\t<meta name=\"twitter:data2\" content=\"1 minute\" \/>\n<script type=\"application\/ld+json\" class=\"yoast-schema-graph\">{\"@context\":\"https:\\\/\\\/schema.org\",\"@graph\":[{\"@type\":\"NewsArticle\",\"@id\":\"https:\\\/\\\/www.webdo.tn\\\/fr\\\/actualite\\\/national\\\/le-president-de-lisie-contre-lamendement-de-la-loi-electorale\\\/186718\\\/#article\",\"isPartOf\":{\"@id\":\"https:\\\/\\\/www.webdo.tn\\\/fr\\\/actualite\\\/national\\\/le-president-de-lisie-contre-lamendement-de-la-loi-electorale\\\/186718\\\/\"},\"author\":{\"name\":\"webdo.tn\",\"@id\":\"https:\\\/\\\/www.webdo.tn\\\/fr\\\/#\\\/schema\\\/person\\\/9a9c6118d687c117df8ef3cc36a4d175\"},\"headline\":\"Le pr\u00e9sident de l\u2019ISIE contre l\u2019amendement de la loi \u00e9lectorale\",\"datePublished\":\"2022-10-10T12:50:00+00:00\",\"dateModified\":\"2025-05-14T10:56:09+00:00\",\"mainEntityOfPage\":{\"@id\":\"https:\\\/\\\/www.webdo.tn\\\/fr\\\/actualite\\\/national\\\/le-president-de-lisie-contre-lamendement-de-la-loi-electorale\\\/186718\\\/\"},\"wordCount\":218,\"commentCount\":0,\"publisher\":{\"@id\":\"https:\\\/\\\/www.webdo.tn\\\/fr\\\/#organization\"},\"image\":{\"@id\":\"https:\\\/\\\/www.webdo.tn\\\/fr\\\/actualite\\\/national\\\/le-president-de-lisie-contre-lamendement-de-la-loi-electorale\\\/186718\\\/#primaryimage\"},\"thumbnailUrl\":\"https:\\\/\\\/www.webdo.tn\\\/fr\\\/wp-content\\\/uploads\\\/2022\\\/10\\\/Kais-Saied-Farouk-Bouasker-18-05-2022.jpg\",\"articleSection\":[\"National\"],\"inLanguage\":\"fr-FR\"},{\"@type\":\"WebPage\",\"@id\":\"https:\\\/\\\/www.webdo.tn\\\/fr\\\/actualite\\\/national\\\/le-president-de-lisie-contre-lamendement-de-la-loi-electorale\\\/186718\\\/\",\"url\":\"https:\\\/\\\/www.webdo.tn\\\/fr\\\/actualite\\\/national\\\/le-president-de-lisie-contre-lamendement-de-la-loi-electorale\\\/186718\\\/\",\"name\":\"Le pr\u00e9sident de l\u2019ISIE contre l\u2019amendement de la loi \u00e9lectorale\",\"isPartOf\":{\"@id\":\"https:\\\/\\\/www.webdo.tn\\\/fr\\\/#website\"},\"primaryImageOfPage\":{\"@id\":\"https:\\\/\\\/www.webdo.tn\\\/fr\\\/actualite\\\/national\\\/le-president-de-lisie-contre-lamendement-de-la-loi-electorale\\\/186718\\\/#primaryimage\"},\"image\":{\"@id\":\"https:\\\/\\\/www.webdo.tn\\\/fr\\\/actualite\\\/national\\\/le-president-de-lisie-contre-lamendement-de-la-loi-electorale\\\/186718\\\/#primaryimage\"},\"thumbnailUrl\":\"https:\\\/\\\/www.webdo.tn\\\/fr\\\/wp-content\\\/uploads\\\/2022\\\/10\\\/Kais-Saied-Farouk-Bouasker-18-05-2022.jpg\",\"datePublished\":\"2022-10-10T12:50:00+00:00\",\"dateModified\":\"2025-05-14T10:56:09+00:00\",\"description\":\"Le pr\u00e9sident de l\u2019ISIE contre l\u2019amendement de la loi \u00e9lectorale\",\"breadcrumb\":{\"@id\":\"https:\\\/\\\/www.webdo.tn\\\/fr\\\/actualite\\\/national\\\/le-president-de-lisie-contre-lamendement-de-la-loi-electorale\\\/186718\\\/#breadcrumb\"},\"inLanguage\":\"fr-FR\",\"potentialAction\":[{\"@type\":\"ReadAction\",\"target\":[\"https:\\\/\\\/www.webdo.tn\\\/fr\\\/actualite\\\/national\\\/le-president-de-lisie-contre-lamendement-de-la-loi-electorale\\\/186718\\\/\"]}]},{\"@type\":\"ImageObject\",\"inLanguage\":\"fr-FR\",\"@id\":\"https:\\\/\\\/www.webdo.tn\\\/fr\\\/actualite\\\/national\\\/le-president-de-lisie-contre-lamendement-de-la-loi-electorale\\\/186718\\\/#primaryimage\",\"url\":\"https:\\\/\\\/www.webdo.tn\\\/fr\\\/wp-content\\\/uploads\\\/2022\\\/10\\\/Kais-Saied-Farouk-Bouasker-18-05-2022.jpg\",\"contentUrl\":\"https:\\\/\\\/www.webdo.tn\\\/fr\\\/wp-content\\\/uploads\\\/2022\\\/10\\\/Kais-Saied-Farouk-Bouasker-18-05-2022.jpg\",\"width\":843,\"height\":524,\"caption\":\"Le pr\u00e9sident de l\u2019ISIE contre l\u2019amendement de la loi \u00e9lectorale\"},{\"@type\":\"BreadcrumbList\",\"@id\":\"https:\\\/\\\/www.webdo.tn\\\/fr\\\/actualite\\\/national\\\/le-president-de-lisie-contre-lamendement-de-la-loi-electorale\\\/186718\\\/#breadcrumb\",\"itemListElement\":[{\"@type\":\"ListItem\",\"position\":1,\"name\":\"Accueil\",\"item\":\"https:\\\/\\\/www.webdo.tn\\\/fr\\\/\"},{\"@type\":\"ListItem\",\"position\":2,\"name\":\"Le pr\u00e9sident de l\u2019ISIE contre l\u2019amendement de la loi \u00e9lectorale\"}]},{\"@type\":\"WebSite\",\"@id\":\"https:\\\/\\\/www.webdo.tn\\\/fr\\\/#website\",\"url\":\"https:\\\/\\\/www.webdo.tn\\\/fr\\\/\",\"name\":\"webdo\",\"description\":\"Tunisie - News en Tunisie et \u00e0 l&#039;international sur Webdo.tn\",\"publisher\":{\"@id\":\"https:\\\/\\\/www.webdo.tn\\\/fr\\\/#organization\"},\"potentialAction\":[{\"@type\":\"SearchAction\",\"target\":{\"@type\":\"EntryPoint\",\"urlTemplate\":\"https:\\\/\\\/www.webdo.tn\\\/fr\\\/?s={search_term_string}\"},\"query-input\":{\"@type\":\"PropertyValueSpecification\",\"valueRequired\":true,\"valueName\":\"search_term_string\"}}],\"inLanguage\":\"fr-FR\"},{\"@type\":\"Organization\",\"@id\":\"https:\\\/\\\/www.webdo.tn\\\/fr\\\/#organization\",\"name\":\"Webdo\",\"alternateName\":\"Webdo.tn\",\"url\":\"https:\\\/\\\/www.webdo.tn\\\/fr\\\/\",\"logo\":{\"@type\":\"ImageObject\",\"inLanguage\":\"fr-FR\",\"@id\":\"https:\\\/\\\/www.webdo.tn\\\/fr\\\/#\\\/schema\\\/logo\\\/image\\\/\",\"url\":\"https:\\\/\\\/www.webdo.tn\\\/fr\\\/wp-content\\\/uploads\\\/2025\\\/06\\\/Webdo-Tunisie_168377.jpg\",\"contentUrl\":\"https:\\\/\\\/www.webdo.tn\\\/fr\\\/wp-content\\\/uploads\\\/2025\\\/06\\\/Webdo-Tunisie_168377.jpg\",\"width\":301,\"height\":301,\"caption\":\"Webdo\"},\"image\":{\"@id\":\"https:\\\/\\\/www.webdo.tn\\\/fr\\\/#\\\/schema\\\/logo\\\/image\\\/\"},\"sameAs\":[\"https:\\\/\\\/www.facebook.com\\\/webdotn\",\"https:\\\/\\\/x.com\\\/webdo_tn\"],\"description\":\"Webdo est un m\u00e9dia num\u00e9rique tunisien fond\u00e9 en 2010, sp\u00e9cialis\u00e9 dans l\u2019actualit\u00e9 nationale et internationale, l\u2019\u00e9conomie, la soci\u00e9t\u00e9 et les analyses politiques. Le site s\u2019adresse \u00e0 un large public francophone et couvre l\u2019information tunisienne en temps r\u00e9el.\",\"email\":\"redac@webdo.tn\",\"legalName\":\"YNJ SARL\",\"foundingDate\":\"2010-09-06\",\"numberOfEmployees\":{\"@type\":\"QuantitativeValue\",\"minValue\":\"11\",\"maxValue\":\"50\"}},{\"@type\":\"Person\",\"@id\":\"https:\\\/\\\/www.webdo.tn\\\/fr\\\/#\\\/schema\\\/person\\\/9a9c6118d687c117df8ef3cc36a4d175\",\"name\":\"webdo.tn\",\"image\":{\"@type\":\"ImageObject\",\"inLanguage\":\"fr-FR\",\"@id\":\"https:\\\/\\\/secure.gravatar.com\\\/avatar\\\/7ce1f28c0c3bbac99ff550b85ef8e44a6950c6ee24514fb6a5489e51d06f0298?s=96&d=mm&r=g\",\"url\":\"https:\\\/\\\/secure.gravatar.com\\\/avatar\\\/7ce1f28c0c3bbac99ff550b85ef8e44a6950c6ee24514fb6a5489e51d06f0298?s=96&d=mm&r=g\",\"contentUrl\":\"https:\\\/\\\/secure.gravatar.com\\\/avatar\\\/7ce1f28c0c3bbac99ff550b85ef8e44a6950c6ee24514fb6a5489e51d06f0298?s=96&d=mm&r=g\",\"caption\":\"webdo.tn\"},\"url\":\"https:\\\/\\\/www.webdo.tn\\\/fr\\\/actualite\\\/author\\\/webdotn\\\/\"}]}<\/script>\n<!-- \/ Yoast SEO Premium plugin. -->","yoast_head_json":{"title":"Le pr\u00e9sident de l\u2019ISIE contre l\u2019amendement de la loi \u00e9lectorale","description":"Le pr\u00e9sident de l\u2019ISIE contre l\u2019amendement de la loi \u00e9lectorale","canonical":"https:\/\/www.webdo.tn\/fr\/actualite\/national\/le-president-de-lisie-contre-lamendement-de-la-loi-electorale\/186718\/","og_locale":"fr_FR","og_type":"article","og_title":"Le pr\u00e9sident de l\u2019ISIE contre l\u2019amendement de la loi \u00e9lectorale","og_description":"Le pr\u00e9sident de l\u2019ISIE contre l\u2019amendement de la loi \u00e9lectorale","og_url":"https:\/\/www.webdo.tn\/fr\/actualite\/national\/le-president-de-lisie-contre-lamendement-de-la-loi-electorale\/186718\/","og_site_name":"webdo","article_publisher":"https:\/\/www.facebook.com\/webdotn","article_published_time":"2022-10-10T12:50:00+00:00","article_modified_time":"2025-05-14T10:56:09+00:00","og_image":[{"width":843,"height":524,"url":"https:\/\/www.webdo.tn\/fr\/wp-content\/uploads\/2022\/10\/Kais-Saied-Farouk-Bouasker-18-05-2022.jpg","type":"image\/jpeg"}],"author":"webdo.tn","twitter_card":"summary_large_image","twitter_creator":"@webdo_tn","twitter_site":"@webdo_tn","twitter_misc":{"\u00c9crit par":"webdo.tn","Dur\u00e9e de lecture estim\u00e9e":"1 minute"},"schema":{"@context":"https:\/\/schema.org","@graph":[{"@type":"NewsArticle","@id":"https:\/\/www.webdo.tn\/fr\/actualite\/national\/le-president-de-lisie-contre-lamendement-de-la-loi-electorale\/186718\/#article","isPartOf":{"@id":"https:\/\/www.webdo.tn\/fr\/actualite\/national\/le-president-de-lisie-contre-lamendement-de-la-loi-electorale\/186718\/"},"author":{"name":"webdo.tn","@id":"https:\/\/www.webdo.tn\/fr\/#\/schema\/person\/9a9c6118d687c117df8ef3cc36a4d175"},"headline":"Le pr\u00e9sident de l\u2019ISIE contre l\u2019amendement de la loi \u00e9lectorale","datePublished":"2022-10-10T12:50:00+00:00","dateModified":"2025-05-14T10:56:09+00:00","mainEntityOfPage":{"@id":"https:\/\/www.webdo.tn\/fr\/actualite\/national\/le-president-de-lisie-contre-lamendement-de-la-loi-electorale\/186718\/"},"wordCount":218,"commentCount":0,"publisher":{"@id":"https:\/\/www.webdo.tn\/fr\/#organization"},"image":{"@id":"https:\/\/www.webdo.tn\/fr\/actualite\/national\/le-president-de-lisie-contre-lamendement-de-la-loi-electorale\/186718\/#primaryimage"},"thumbnailUrl":"https:\/\/www.webdo.tn\/fr\/wp-content\/uploads\/2022\/10\/Kais-Saied-Farouk-Bouasker-18-05-2022.jpg","articleSection":["National"],"inLanguage":"fr-FR"},{"@type":"WebPage","@id":"https:\/\/www.webdo.tn\/fr\/actualite\/national\/le-president-de-lisie-contre-lamendement-de-la-loi-electorale\/186718\/","url":"https:\/\/www.webdo.tn\/fr\/actualite\/national\/le-president-de-lisie-contre-lamendement-de-la-loi-electorale\/186718\/","name":"Le pr\u00e9sident de l\u2019ISIE contre l\u2019amendement de la loi \u00e9lectorale","isPartOf":{"@id":"https:\/\/www.webdo.tn\/fr\/#website"},"primaryImageOfPage":{"@id":"https:\/\/www.webdo.tn\/fr\/actualite\/national\/le-president-de-lisie-contre-lamendement-de-la-loi-electorale\/186718\/#primaryimage"},"image":{"@id":"https:\/\/www.webdo.tn\/fr\/actualite\/national\/le-president-de-lisie-contre-lamendement-de-la-loi-electorale\/186718\/#primaryimage"},"thumbnailUrl":"https:\/\/www.webdo.tn\/fr\/wp-content\/uploads\/2022\/10\/Kais-Saied-Farouk-Bouasker-18-05-2022.jpg","datePublished":"2022-10-10T12:50:00+00:00","dateModified":"2025-05-14T10:56:09+00:00","description":"Le pr\u00e9sident de l\u2019ISIE contre l\u2019amendement de la loi \u00e9lectorale","breadcrumb":{"@id":"https:\/\/www.webdo.tn\/fr\/actualite\/national\/le-president-de-lisie-contre-lamendement-de-la-loi-electorale\/186718\/#breadcrumb"},"inLanguage":"fr-FR","potentialAction":[{"@type":"ReadAction","target":["https:\/\/www.webdo.tn\/fr\/actualite\/national\/le-president-de-lisie-contre-lamendement-de-la-loi-electorale\/186718\/"]}]},{"@type":"ImageObject","inLanguage":"fr-FR","@id":"https:\/\/www.webdo.tn\/fr\/actualite\/national\/le-president-de-lisie-contre-lamendement-de-la-loi-electorale\/186718\/#primaryimage","url":"https:\/\/www.webdo.tn\/fr\/wp-content\/uploads\/2022\/10\/Kais-Saied-Farouk-Bouasker-18-05-2022.jpg","contentUrl":"https:\/\/www.webdo.tn\/fr\/wp-content\/uploads\/2022\/10\/Kais-Saied-Farouk-Bouasker-18-05-2022.jpg","width":843,"height":524,"caption":"Le pr\u00e9sident de l\u2019ISIE contre l\u2019amendement de la loi \u00e9lectorale"},{"@type":"BreadcrumbList","@id":"https:\/\/www.webdo.tn\/fr\/actualite\/national\/le-president-de-lisie-contre-lamendement-de-la-loi-electorale\/186718\/#breadcrumb","itemListElement":[{"@type":"ListItem","position":1,"name":"Accueil","item":"https:\/\/www.webdo.tn\/fr\/"},{"@type":"ListItem","position":2,"name":"Le pr\u00e9sident de l\u2019ISIE contre l\u2019amendement de la loi \u00e9lectorale"}]},{"@type":"WebSite","@id":"https:\/\/www.webdo.tn\/fr\/#website","url":"https:\/\/www.webdo.tn\/fr\/","name":"webdo","description":"Tunisie - News en Tunisie et \u00e0 l&#039;international sur Webdo.tn","publisher":{"@id":"https:\/\/www.webdo.tn\/fr\/#organization"},"potentialAction":[{"@type":"SearchAction","target":{"@type":"EntryPoint","urlTemplate":"https:\/\/www.webdo.tn\/fr\/?s={search_term_string}"},"query-input":{"@type":"PropertyValueSpecification","valueRequired":true,"valueName":"search_term_string"}}],"inLanguage":"fr-FR"},{"@type":"Organization","@id":"https:\/\/www.webdo.tn\/fr\/#organization","name":"Webdo","alternateName":"Webdo.tn","url":"https:\/\/www.webdo.tn\/fr\/","logo":{"@type":"ImageObject","inLanguage":"fr-FR","@id":"https:\/\/www.webdo.tn\/fr\/#\/schema\/logo\/image\/","url":"https:\/\/www.webdo.tn\/fr\/wp-content\/uploads\/2025\/06\/Webdo-Tunisie_168377.jpg","contentUrl":"https:\/\/www.webdo.tn\/fr\/wp-content\/uploads\/2025\/06\/Webdo-Tunisie_168377.jpg","width":301,"height":301,"caption":"Webdo"},"image":{"@id":"https:\/\/www.webdo.tn\/fr\/#\/schema\/logo\/image\/"},"sameAs":["https:\/\/www.facebook.com\/webdotn","https:\/\/x.com\/webdo_tn"],"description":"Webdo est un m\u00e9dia num\u00e9rique tunisien fond\u00e9 en 2010, sp\u00e9cialis\u00e9 dans l\u2019actualit\u00e9 nationale et internationale, l\u2019\u00e9conomie, la soci\u00e9t\u00e9 et les analyses politiques. Le site s\u2019adresse \u00e0 un large public francophone et couvre l\u2019information tunisienne en temps r\u00e9el.","email":"redac@webdo.tn","legalName":"YNJ SARL","foundingDate":"2010-09-06","numberOfEmployees":{"@type":"QuantitativeValue","minValue":"11","maxValue":"50"}},{"@type":"Person","@id":"https:\/\/www.webdo.tn\/fr\/#\/schema\/person\/9a9c6118d687c117df8ef3cc36a4d175","name":"webdo.tn","image":{"@type":"ImageObject","inLanguage":"fr-FR","@id":"https:\/\/secure.gravatar.com\/avatar\/7ce1f28c0c3bbac99ff550b85ef8e44a6950c6ee24514fb6a5489e51d06f0298?s=96&d=mm&r=g","url":"https:\/\/secure.gravatar.com\/avatar\/7ce1f28c0c3bbac99ff550b85ef8e44a6950c6ee24514fb6a5489e51d06f0298?s=96&d=mm&r=g","contentUrl":"https:\/\/secure.gravatar.com\/avatar\/7ce1f28c0c3bbac99ff550b85ef8e44a6950c6ee24514fb6a5489e51d06f0298?s=96&d=mm&r=g","caption":"webdo.tn"},"url":"https:\/\/www.webdo.tn\/fr\/actualite\/author\/webdotn\/"}]}},"_links":{"self":[{"href":"https:\/\/www.webdo.tn\/fr\/wp-json\/wp\/v2\/posts\/186718","targetHints":{"allow":["GET"]}}],"collection":[{"href":"https:\/\/www.webdo.tn\/fr\/wp-json\/wp\/v2\/posts"}],"about":[{"href":"https:\/\/www.webdo.tn\/fr\/wp-json\/wp\/v2\/types\/post"}],"author":[{"embeddable":true,"href":"https:\/\/www.webdo.tn\/fr\/wp-json\/wp\/v2\/users\/3222"}],"replies":[{"embeddable":true,"href":"https:\/\/www.webdo.tn\/fr\/wp-json\/wp\/v2\/comments?post=186718"}],"version-history":[{"count":0,"href":"https:\/\/www.webdo.tn\/fr\/wp-json\/wp\/v2\/posts\/186718\/revisions"}],"wp:featuredmedia":[{"embeddable":true,"href":"https:\/\/www.webdo.tn\/fr\/wp-json\/wp\/v2\/media\/253639"}],"wp:attachment":[{"href":"https:\/\/www.webdo.tn\/fr\/wp-json\/wp\/v2\/media?parent=186718"}],"wp:term":[{"taxonomy":"category","embeddable":true,"href":"https:\/\/www.webdo.tn\/fr\/wp-json\/wp\/v2\/categories?post=186718"},{"taxonomy":"post_tag","embeddable":true,"href":"https:\/\/www.webdo.tn\/fr\/wp-json\/wp\/v2\/tags?post=186718"}],"curies":[{"name":"wp","href":"https:\/\/api.w.org\/{rel}","templated":true}]}}