{"id":186717,"date":"2022-10-10T12:14:00","date_gmt":"2022-10-10T12:14:00","guid":{"rendered":"https:\/\/www.webdo.tn\/fr\/blog\/le-stock-strategique-en-carburant-sest-altere-selon-un-responsable-syndical\/186717\/"},"modified":"2025-05-14T10:56:09","modified_gmt":"2025-05-14T10:56:09","slug":"le-stock-strategique-en-carburant-sest-altere-selon-un-responsable-syndical","status":"publish","type":"post","link":"https:\/\/www.webdo.tn\/fr\/actualite\/national\/le-stock-strategique-en-carburant-sest-altere-selon-un-responsable-syndical\/186717\/","title":{"rendered":"Le stock strat\u00e9gique en carburant s&rsquo;est alt\u00e9r\u00e9, selon un responsable syndical"},"content":{"rendered":"<p>La ministre de l\u2019Industrie, de l\u2019\u00c9nergie et des Mines, Neila Nouira Gongi, a r\u00e9v\u00e9l\u00e9, aujourd&rsquo;hui, les causes \u00e0 l&rsquo;origine des perturbations d\u2019approvisionnement en carburant.<\/p>\n<p>Or, selon Salwan Smiri, secr\u00e9taire g\u00e9n\u00e9ral de la f\u00e9d\u00e9ration g\u00e9n\u00e9rale du p\u00e9trole et des produits chimiques, relevant de l&rsquo;Union g\u00e9n\u00e9rale tunisienne du travail, la Tunisie ne dispose que d&rsquo;une quantit\u00e9 d&rsquo;essence suffisante pour une semaine.<\/p>\n<p>Une d\u00e9claration faite aujourd&rsquo;hui sur les ondes de Shems fm, ajoutant que \u00ab\u00a0la p\u00e9nurie d&rsquo;approvisionnement en carburant est susceptible de reprendre si l&rsquo;\u00c9tat ne trouve pas de liquidit\u00e9s\u00a0\u00bb.<\/p>\n<p>Il a confirm\u00e9 que \u00ab\u00a0l&rsquo;approvisionnement en carburant devrait reprendre ce soir, et que le stock strat\u00e9gique a diminu\u00e9 \u00e0 seulement une semaine\u00a0\u00bb, expliquant que la p\u00e9nurie de carburant qui a \u00e9t\u00e9 enregistr\u00e9e est principalement due \u00e0 la baisse du stock strat\u00e9gique, \u00e0 seulement une semaine, alors qu&rsquo;il s&rsquo;\u00e9valuait \u00e0 deux mois\u00a0\u00bb.<\/p>\n<p>Salwan Smiri a confirm\u00e9 qu&rsquo;un p\u00e9trolier charg\u00e9 de \u00ab\u00a0sans plomb\u00a0\u00bb avait accost\u00e9 \u00e0 Bizerte et fournira \u00e0 la Tunisie quelques jours suppl\u00e9mentaires d&rsquo;approvisionnement, portant \u00e0 10-15 jours au total, contre les 60 jours habituels de r\u00e9serves strat\u00e9giques.<\/p>\n","protected":false},"excerpt":{"rendered":"<p>Le stock strat\u00e9gique en carburant s&rsquo;est alt\u00e9r\u00e9, selon un responsable syndical<\/p>\n","protected":false},"author":3222,"featured_media":253636,"comment_status":"open","ping_status":"closed","sticky":false,"template":"","format":"standard","meta":{"footnotes":""},"categories":[44],"tags":[],"class_list":["post-186717","post","type-post","status-publish","format-standard","has-post-thumbnail","hentry","category-national"],"yoast_head":"<!-- This site is optimized with the Yoast SEO Premium plugin v27.4 (Yoast SEO v27.4) - https:\/\/yoast.com\/product\/yoast-seo-premium-wordpress\/ -->\n<title>Le stock strat\u00e9gique en carburant s&#039;est alt\u00e9r\u00e9, selon un responsable syndical<\/title>\n<meta name=\"description\" content=\"Le stock strat\u00e9gique en carburant s&#039;est alt\u00e9r\u00e9, selon un responsable syndical\" \/>\n<link rel=\"canonical\" href=\"https:\/\/www.webdo.tn\/fr\/actualite\/national\/le-stock-strategique-en-carburant-sest-altere-selon-un-responsable-syndical\/186717\/\" \/>\n<meta property=\"og:locale\" content=\"fr_FR\" \/>\n<meta property=\"og:type\" content=\"article\" \/>\n<meta property=\"og:title\" content=\"Le stock strat\u00e9gique en carburant s&#039;est alt\u00e9r\u00e9, selon un responsable syndical\" \/>\n<meta property=\"og:description\" content=\"Le stock strat\u00e9gique en carburant s&#039;est alt\u00e9r\u00e9, selon un responsable syndical\" \/>\n<meta property=\"og:url\" content=\"https:\/\/www.webdo.tn\/fr\/actualite\/national\/le-stock-strategique-en-carburant-sest-altere-selon-un-responsable-syndical\/186717\/\" \/>\n<meta property=\"og:site_name\" content=\"webdo\" \/>\n<meta property=\"article:publisher\" content=\"https:\/\/www.facebook.com\/webdotn\" \/>\n<meta property=\"article:published_time\" content=\"2022-10-10T12:14:00+00:00\" \/>\n<meta property=\"article:modified_time\" content=\"2025-05-14T10:56:09+00:00\" \/>\n<meta property=\"og:image\" content=\"https:\/\/www.webdo.tn\/fr\/wp-content\/uploads\/2022\/10\/Transporteurs-de-carburant.jpg\" \/>\n\t<meta property=\"og:image:width\" content=\"680\" \/>\n\t<meta property=\"og:image:height\" content=\"340\" \/>\n\t<meta property=\"og:image:type\" content=\"image\/jpeg\" \/>\n<meta name=\"author\" content=\"webdo.tn\" \/>\n<meta name=\"twitter:card\" content=\"summary_large_image\" \/>\n<meta name=\"twitter:creator\" content=\"@webdo_tn\" \/>\n<meta name=\"twitter:site\" content=\"@webdo_tn\" \/>\n<meta name=\"twitter:label1\" content=\"\u00c9crit par\" \/>\n\t<meta name=\"twitter:data1\" content=\"webdo.tn\" \/>\n\t<meta name=\"twitter:label2\" content=\"Dur\u00e9e de lecture estim\u00e9e\" \/>\n\t<meta name=\"twitter:data2\" content=\"1 minute\" \/>\n<script type=\"application\/ld+json\" class=\"yoast-schema-graph\">{\"@context\":\"https:\\\/\\\/schema.org\",\"@graph\":[{\"@type\":\"NewsArticle\",\"@id\":\"https:\\\/\\\/www.webdo.tn\\\/fr\\\/actualite\\\/national\\\/le-stock-strategique-en-carburant-sest-altere-selon-un-responsable-syndical\\\/186717\\\/#article\",\"isPartOf\":{\"@id\":\"https:\\\/\\\/www.webdo.tn\\\/fr\\\/actualite\\\/national\\\/le-stock-strategique-en-carburant-sest-altere-selon-un-responsable-syndical\\\/186717\\\/\"},\"author\":{\"name\":\"webdo.tn\",\"@id\":\"https:\\\/\\\/www.webdo.tn\\\/fr\\\/#\\\/schema\\\/person\\\/9a9c6118d687c117df8ef3cc36a4d175\"},\"headline\":\"Le stock strat\u00e9gique en carburant s&rsquo;est alt\u00e9r\u00e9, selon un responsable syndical\",\"datePublished\":\"2022-10-10T12:14:00+00:00\",\"dateModified\":\"2025-05-14T10:56:09+00:00\",\"mainEntityOfPage\":{\"@id\":\"https:\\\/\\\/www.webdo.tn\\\/fr\\\/actualite\\\/national\\\/le-stock-strategique-en-carburant-sest-altere-selon-un-responsable-syndical\\\/186717\\\/\"},\"wordCount\":219,\"commentCount\":0,\"publisher\":{\"@id\":\"https:\\\/\\\/www.webdo.tn\\\/fr\\\/#organization\"},\"image\":{\"@id\":\"https:\\\/\\\/www.webdo.tn\\\/fr\\\/actualite\\\/national\\\/le-stock-strategique-en-carburant-sest-altere-selon-un-responsable-syndical\\\/186717\\\/#primaryimage\"},\"thumbnailUrl\":\"https:\\\/\\\/www.webdo.tn\\\/fr\\\/wp-content\\\/uploads\\\/2022\\\/10\\\/Transporteurs-de-carburant.jpg\",\"articleSection\":[\"National\"],\"inLanguage\":\"fr-FR\"},{\"@type\":\"WebPage\",\"@id\":\"https:\\\/\\\/www.webdo.tn\\\/fr\\\/actualite\\\/national\\\/le-stock-strategique-en-carburant-sest-altere-selon-un-responsable-syndical\\\/186717\\\/\",\"url\":\"https:\\\/\\\/www.webdo.tn\\\/fr\\\/actualite\\\/national\\\/le-stock-strategique-en-carburant-sest-altere-selon-un-responsable-syndical\\\/186717\\\/\",\"name\":\"Le stock strat\u00e9gique en carburant s'est alt\u00e9r\u00e9, selon un responsable syndical\",\"isPartOf\":{\"@id\":\"https:\\\/\\\/www.webdo.tn\\\/fr\\\/#website\"},\"primaryImageOfPage\":{\"@id\":\"https:\\\/\\\/www.webdo.tn\\\/fr\\\/actualite\\\/national\\\/le-stock-strategique-en-carburant-sest-altere-selon-un-responsable-syndical\\\/186717\\\/#primaryimage\"},\"image\":{\"@id\":\"https:\\\/\\\/www.webdo.tn\\\/fr\\\/actualite\\\/national\\\/le-stock-strategique-en-carburant-sest-altere-selon-un-responsable-syndical\\\/186717\\\/#primaryimage\"},\"thumbnailUrl\":\"https:\\\/\\\/www.webdo.tn\\\/fr\\\/wp-content\\\/uploads\\\/2022\\\/10\\\/Transporteurs-de-carburant.jpg\",\"datePublished\":\"2022-10-10T12:14:00+00:00\",\"dateModified\":\"2025-05-14T10:56:09+00:00\",\"description\":\"Le stock strat\u00e9gique en carburant s'est alt\u00e9r\u00e9, selon un responsable syndical\",\"breadcrumb\":{\"@id\":\"https:\\\/\\\/www.webdo.tn\\\/fr\\\/actualite\\\/national\\\/le-stock-strategique-en-carburant-sest-altere-selon-un-responsable-syndical\\\/186717\\\/#breadcrumb\"},\"inLanguage\":\"fr-FR\",\"potentialAction\":[{\"@type\":\"ReadAction\",\"target\":[\"https:\\\/\\\/www.webdo.tn\\\/fr\\\/actualite\\\/national\\\/le-stock-strategique-en-carburant-sest-altere-selon-un-responsable-syndical\\\/186717\\\/\"]}]},{\"@type\":\"ImageObject\",\"inLanguage\":\"fr-FR\",\"@id\":\"https:\\\/\\\/www.webdo.tn\\\/fr\\\/actualite\\\/national\\\/le-stock-strategique-en-carburant-sest-altere-selon-un-responsable-syndical\\\/186717\\\/#primaryimage\",\"url\":\"https:\\\/\\\/www.webdo.tn\\\/fr\\\/wp-content\\\/uploads\\\/2022\\\/10\\\/Transporteurs-de-carburant.jpg\",\"contentUrl\":\"https:\\\/\\\/www.webdo.tn\\\/fr\\\/wp-content\\\/uploads\\\/2022\\\/10\\\/Transporteurs-de-carburant.jpg\",\"width\":680,\"height\":340,\"caption\":\"Le stock strat\u00e9gique en carburant s'est alt\u00e9r\u00e9, selon un responsable syndical\"},{\"@type\":\"BreadcrumbList\",\"@id\":\"https:\\\/\\\/www.webdo.tn\\\/fr\\\/actualite\\\/national\\\/le-stock-strategique-en-carburant-sest-altere-selon-un-responsable-syndical\\\/186717\\\/#breadcrumb\",\"itemListElement\":[{\"@type\":\"ListItem\",\"position\":1,\"name\":\"Accueil\",\"item\":\"https:\\\/\\\/www.webdo.tn\\\/fr\\\/\"},{\"@type\":\"ListItem\",\"position\":2,\"name\":\"Le stock strat\u00e9gique en carburant s&#8217;est alt\u00e9r\u00e9, selon un responsable syndical\"}]},{\"@type\":\"WebSite\",\"@id\":\"https:\\\/\\\/www.webdo.tn\\\/fr\\\/#website\",\"url\":\"https:\\\/\\\/www.webdo.tn\\\/fr\\\/\",\"name\":\"webdo\",\"description\":\"Tunisie - News en Tunisie et \u00e0 l&#039;international sur Webdo.tn\",\"publisher\":{\"@id\":\"https:\\\/\\\/www.webdo.tn\\\/fr\\\/#organization\"},\"potentialAction\":[{\"@type\":\"SearchAction\",\"target\":{\"@type\":\"EntryPoint\",\"urlTemplate\":\"https:\\\/\\\/www.webdo.tn\\\/fr\\\/?s={search_term_string}\"},\"query-input\":{\"@type\":\"PropertyValueSpecification\",\"valueRequired\":true,\"valueName\":\"search_term_string\"}}],\"inLanguage\":\"fr-FR\"},{\"@type\":\"Organization\",\"@id\":\"https:\\\/\\\/www.webdo.tn\\\/fr\\\/#organization\",\"name\":\"Webdo\",\"alternateName\":\"Webdo.tn\",\"url\":\"https:\\\/\\\/www.webdo.tn\\\/fr\\\/\",\"logo\":{\"@type\":\"ImageObject\",\"inLanguage\":\"fr-FR\",\"@id\":\"https:\\\/\\\/www.webdo.tn\\\/fr\\\/#\\\/schema\\\/logo\\\/image\\\/\",\"url\":\"https:\\\/\\\/www.webdo.tn\\\/fr\\\/wp-content\\\/uploads\\\/2025\\\/06\\\/Webdo-Tunisie_168377.jpg\",\"contentUrl\":\"https:\\\/\\\/www.webdo.tn\\\/fr\\\/wp-content\\\/uploads\\\/2025\\\/06\\\/Webdo-Tunisie_168377.jpg\",\"width\":301,\"height\":301,\"caption\":\"Webdo\"},\"image\":{\"@id\":\"https:\\\/\\\/www.webdo.tn\\\/fr\\\/#\\\/schema\\\/logo\\\/image\\\/\"},\"sameAs\":[\"https:\\\/\\\/www.facebook.com\\\/webdotn\",\"https:\\\/\\\/x.com\\\/webdo_tn\"],\"description\":\"Webdo est un m\u00e9dia num\u00e9rique tunisien fond\u00e9 en 2010, sp\u00e9cialis\u00e9 dans l\u2019actualit\u00e9 nationale et internationale, l\u2019\u00e9conomie, la soci\u00e9t\u00e9 et les analyses politiques. Le site s\u2019adresse \u00e0 un large public francophone et couvre l\u2019information tunisienne en temps r\u00e9el.\",\"email\":\"redac@webdo.tn\",\"legalName\":\"YNJ SARL\",\"foundingDate\":\"2010-09-06\",\"numberOfEmployees\":{\"@type\":\"QuantitativeValue\",\"minValue\":\"11\",\"maxValue\":\"50\"}},{\"@type\":\"Person\",\"@id\":\"https:\\\/\\\/www.webdo.tn\\\/fr\\\/#\\\/schema\\\/person\\\/9a9c6118d687c117df8ef3cc36a4d175\",\"name\":\"webdo.tn\",\"image\":{\"@type\":\"ImageObject\",\"inLanguage\":\"fr-FR\",\"@id\":\"https:\\\/\\\/secure.gravatar.com\\\/avatar\\\/7ce1f28c0c3bbac99ff550b85ef8e44a6950c6ee24514fb6a5489e51d06f0298?s=96&d=mm&r=g\",\"url\":\"https:\\\/\\\/secure.gravatar.com\\\/avatar\\\/7ce1f28c0c3bbac99ff550b85ef8e44a6950c6ee24514fb6a5489e51d06f0298?s=96&d=mm&r=g\",\"contentUrl\":\"https:\\\/\\\/secure.gravatar.com\\\/avatar\\\/7ce1f28c0c3bbac99ff550b85ef8e44a6950c6ee24514fb6a5489e51d06f0298?s=96&d=mm&r=g\",\"caption\":\"webdo.tn\"},\"url\":\"https:\\\/\\\/www.webdo.tn\\\/fr\\\/actualite\\\/author\\\/webdotn\\\/\"}]}<\/script>\n<!-- \/ Yoast SEO Premium plugin. -->","yoast_head_json":{"title":"Le stock strat\u00e9gique en carburant s'est alt\u00e9r\u00e9, selon un responsable syndical","description":"Le stock strat\u00e9gique en carburant s'est alt\u00e9r\u00e9, selon un responsable syndical","canonical":"https:\/\/www.webdo.tn\/fr\/actualite\/national\/le-stock-strategique-en-carburant-sest-altere-selon-un-responsable-syndical\/186717\/","og_locale":"fr_FR","og_type":"article","og_title":"Le stock strat\u00e9gique en carburant s'est alt\u00e9r\u00e9, selon un responsable syndical","og_description":"Le stock strat\u00e9gique en carburant s'est alt\u00e9r\u00e9, selon un responsable syndical","og_url":"https:\/\/www.webdo.tn\/fr\/actualite\/national\/le-stock-strategique-en-carburant-sest-altere-selon-un-responsable-syndical\/186717\/","og_site_name":"webdo","article_publisher":"https:\/\/www.facebook.com\/webdotn","article_published_time":"2022-10-10T12:14:00+00:00","article_modified_time":"2025-05-14T10:56:09+00:00","og_image":[{"width":680,"height":340,"url":"https:\/\/www.webdo.tn\/fr\/wp-content\/uploads\/2022\/10\/Transporteurs-de-carburant.jpg","type":"image\/jpeg"}],"author":"webdo.tn","twitter_card":"summary_large_image","twitter_creator":"@webdo_tn","twitter_site":"@webdo_tn","twitter_misc":{"\u00c9crit par":"webdo.tn","Dur\u00e9e de lecture estim\u00e9e":"1 minute"},"schema":{"@context":"https:\/\/schema.org","@graph":[{"@type":"NewsArticle","@id":"https:\/\/www.webdo.tn\/fr\/actualite\/national\/le-stock-strategique-en-carburant-sest-altere-selon-un-responsable-syndical\/186717\/#article","isPartOf":{"@id":"https:\/\/www.webdo.tn\/fr\/actualite\/national\/le-stock-strategique-en-carburant-sest-altere-selon-un-responsable-syndical\/186717\/"},"author":{"name":"webdo.tn","@id":"https:\/\/www.webdo.tn\/fr\/#\/schema\/person\/9a9c6118d687c117df8ef3cc36a4d175"},"headline":"Le stock strat\u00e9gique en carburant s&rsquo;est alt\u00e9r\u00e9, selon un responsable syndical","datePublished":"2022-10-10T12:14:00+00:00","dateModified":"2025-05-14T10:56:09+00:00","mainEntityOfPage":{"@id":"https:\/\/www.webdo.tn\/fr\/actualite\/national\/le-stock-strategique-en-carburant-sest-altere-selon-un-responsable-syndical\/186717\/"},"wordCount":219,"commentCount":0,"publisher":{"@id":"https:\/\/www.webdo.tn\/fr\/#organization"},"image":{"@id":"https:\/\/www.webdo.tn\/fr\/actualite\/national\/le-stock-strategique-en-carburant-sest-altere-selon-un-responsable-syndical\/186717\/#primaryimage"},"thumbnailUrl":"https:\/\/www.webdo.tn\/fr\/wp-content\/uploads\/2022\/10\/Transporteurs-de-carburant.jpg","articleSection":["National"],"inLanguage":"fr-FR"},{"@type":"WebPage","@id":"https:\/\/www.webdo.tn\/fr\/actualite\/national\/le-stock-strategique-en-carburant-sest-altere-selon-un-responsable-syndical\/186717\/","url":"https:\/\/www.webdo.tn\/fr\/actualite\/national\/le-stock-strategique-en-carburant-sest-altere-selon-un-responsable-syndical\/186717\/","name":"Le stock strat\u00e9gique en carburant s'est alt\u00e9r\u00e9, selon un responsable syndical","isPartOf":{"@id":"https:\/\/www.webdo.tn\/fr\/#website"},"primaryImageOfPage":{"@id":"https:\/\/www.webdo.tn\/fr\/actualite\/national\/le-stock-strategique-en-carburant-sest-altere-selon-un-responsable-syndical\/186717\/#primaryimage"},"image":{"@id":"https:\/\/www.webdo.tn\/fr\/actualite\/national\/le-stock-strategique-en-carburant-sest-altere-selon-un-responsable-syndical\/186717\/#primaryimage"},"thumbnailUrl":"https:\/\/www.webdo.tn\/fr\/wp-content\/uploads\/2022\/10\/Transporteurs-de-carburant.jpg","datePublished":"2022-10-10T12:14:00+00:00","dateModified":"2025-05-14T10:56:09+00:00","description":"Le stock strat\u00e9gique en carburant s'est alt\u00e9r\u00e9, selon un responsable syndical","breadcrumb":{"@id":"https:\/\/www.webdo.tn\/fr\/actualite\/national\/le-stock-strategique-en-carburant-sest-altere-selon-un-responsable-syndical\/186717\/#breadcrumb"},"inLanguage":"fr-FR","potentialAction":[{"@type":"ReadAction","target":["https:\/\/www.webdo.tn\/fr\/actualite\/national\/le-stock-strategique-en-carburant-sest-altere-selon-un-responsable-syndical\/186717\/"]}]},{"@type":"ImageObject","inLanguage":"fr-FR","@id":"https:\/\/www.webdo.tn\/fr\/actualite\/national\/le-stock-strategique-en-carburant-sest-altere-selon-un-responsable-syndical\/186717\/#primaryimage","url":"https:\/\/www.webdo.tn\/fr\/wp-content\/uploads\/2022\/10\/Transporteurs-de-carburant.jpg","contentUrl":"https:\/\/www.webdo.tn\/fr\/wp-content\/uploads\/2022\/10\/Transporteurs-de-carburant.jpg","width":680,"height":340,"caption":"Le stock strat\u00e9gique en carburant s'est alt\u00e9r\u00e9, selon un responsable syndical"},{"@type":"BreadcrumbList","@id":"https:\/\/www.webdo.tn\/fr\/actualite\/national\/le-stock-strategique-en-carburant-sest-altere-selon-un-responsable-syndical\/186717\/#breadcrumb","itemListElement":[{"@type":"ListItem","position":1,"name":"Accueil","item":"https:\/\/www.webdo.tn\/fr\/"},{"@type":"ListItem","position":2,"name":"Le stock strat\u00e9gique en carburant s&#8217;est alt\u00e9r\u00e9, selon un responsable syndical"}]},{"@type":"WebSite","@id":"https:\/\/www.webdo.tn\/fr\/#website","url":"https:\/\/www.webdo.tn\/fr\/","name":"webdo","description":"Tunisie - News en Tunisie et \u00e0 l&#039;international sur Webdo.tn","publisher":{"@id":"https:\/\/www.webdo.tn\/fr\/#organization"},"potentialAction":[{"@type":"SearchAction","target":{"@type":"EntryPoint","urlTemplate":"https:\/\/www.webdo.tn\/fr\/?s={search_term_string}"},"query-input":{"@type":"PropertyValueSpecification","valueRequired":true,"valueName":"search_term_string"}}],"inLanguage":"fr-FR"},{"@type":"Organization","@id":"https:\/\/www.webdo.tn\/fr\/#organization","name":"Webdo","alternateName":"Webdo.tn","url":"https:\/\/www.webdo.tn\/fr\/","logo":{"@type":"ImageObject","inLanguage":"fr-FR","@id":"https:\/\/www.webdo.tn\/fr\/#\/schema\/logo\/image\/","url":"https:\/\/www.webdo.tn\/fr\/wp-content\/uploads\/2025\/06\/Webdo-Tunisie_168377.jpg","contentUrl":"https:\/\/www.webdo.tn\/fr\/wp-content\/uploads\/2025\/06\/Webdo-Tunisie_168377.jpg","width":301,"height":301,"caption":"Webdo"},"image":{"@id":"https:\/\/www.webdo.tn\/fr\/#\/schema\/logo\/image\/"},"sameAs":["https:\/\/www.facebook.com\/webdotn","https:\/\/x.com\/webdo_tn"],"description":"Webdo est un m\u00e9dia num\u00e9rique tunisien fond\u00e9 en 2010, sp\u00e9cialis\u00e9 dans l\u2019actualit\u00e9 nationale et internationale, l\u2019\u00e9conomie, la soci\u00e9t\u00e9 et les analyses politiques. Le site s\u2019adresse \u00e0 un large public francophone et couvre l\u2019information tunisienne en temps r\u00e9el.","email":"redac@webdo.tn","legalName":"YNJ SARL","foundingDate":"2010-09-06","numberOfEmployees":{"@type":"QuantitativeValue","minValue":"11","maxValue":"50"}},{"@type":"Person","@id":"https:\/\/www.webdo.tn\/fr\/#\/schema\/person\/9a9c6118d687c117df8ef3cc36a4d175","name":"webdo.tn","image":{"@type":"ImageObject","inLanguage":"fr-FR","@id":"https:\/\/secure.gravatar.com\/avatar\/7ce1f28c0c3bbac99ff550b85ef8e44a6950c6ee24514fb6a5489e51d06f0298?s=96&d=mm&r=g","url":"https:\/\/secure.gravatar.com\/avatar\/7ce1f28c0c3bbac99ff550b85ef8e44a6950c6ee24514fb6a5489e51d06f0298?s=96&d=mm&r=g","contentUrl":"https:\/\/secure.gravatar.com\/avatar\/7ce1f28c0c3bbac99ff550b85ef8e44a6950c6ee24514fb6a5489e51d06f0298?s=96&d=mm&r=g","caption":"webdo.tn"},"url":"https:\/\/www.webdo.tn\/fr\/actualite\/author\/webdotn\/"}]}},"_links":{"self":[{"href":"https:\/\/www.webdo.tn\/fr\/wp-json\/wp\/v2\/posts\/186717","targetHints":{"allow":["GET"]}}],"collection":[{"href":"https:\/\/www.webdo.tn\/fr\/wp-json\/wp\/v2\/posts"}],"about":[{"href":"https:\/\/www.webdo.tn\/fr\/wp-json\/wp\/v2\/types\/post"}],"author":[{"embeddable":true,"href":"https:\/\/www.webdo.tn\/fr\/wp-json\/wp\/v2\/users\/3222"}],"replies":[{"embeddable":true,"href":"https:\/\/www.webdo.tn\/fr\/wp-json\/wp\/v2\/comments?post=186717"}],"version-history":[{"count":0,"href":"https:\/\/www.webdo.tn\/fr\/wp-json\/wp\/v2\/posts\/186717\/revisions"}],"wp:featuredmedia":[{"embeddable":true,"href":"https:\/\/www.webdo.tn\/fr\/wp-json\/wp\/v2\/media\/253636"}],"wp:attachment":[{"href":"https:\/\/www.webdo.tn\/fr\/wp-json\/wp\/v2\/media?parent=186717"}],"wp:term":[{"taxonomy":"category","embeddable":true,"href":"https:\/\/www.webdo.tn\/fr\/wp-json\/wp\/v2\/categories?post=186717"},{"taxonomy":"post_tag","embeddable":true,"href":"https:\/\/www.webdo.tn\/fr\/wp-json\/wp\/v2\/tags?post=186717"}],"curies":[{"name":"wp","href":"https:\/\/api.w.org\/{rel}","templated":true}]}}