{"id":186715,"date":"2022-10-10T09:46:00","date_gmt":"2022-10-10T09:46:00","guid":{"rendered":"https:\/\/www.webdo.tn\/fr\/blog\/tunisair-seance-de-concertations-concernant-les-saisies-conservatoires-sur-les-comptes\/186715\/"},"modified":"2025-05-14T10:56:07","modified_gmt":"2025-05-14T10:56:07","slug":"tunisair-seance-de-concertations-concernant-les-saisies-conservatoires-sur-les-comptes","status":"publish","type":"post","link":"https:\/\/www.webdo.tn\/fr\/actualite\/national\/tunisair-seance-de-concertations-concernant-les-saisies-conservatoires-sur-les-comptes\/186715\/","title":{"rendered":"Tunisair\u00a0: s\u00e9ance de concertations concernant les saisies conservatoires sur les comptes"},"content":{"rendered":"<p>L&rsquo;avocat des agents de Tunisair, ma\u00eetre Jamel Maars, a indiqu\u00e9 qu&rsquo;une s\u00e9ance de concertations se tiendra demain mardi 11 octobre, avec la direction g\u00e9n\u00e9rale de Tunisair, pour trouver une solution \u00e0 l&rsquo;amiable concernant les saisies conservatoires sur les comptes bancaires de la compagnie a\u00e9rienne.<\/p>\n<p>Jamel Maars a affirm\u00e9 dans une d\u00e9claration accord\u00e9e au Journal Achourouk, dans son \u00e9dition du lundi 10 octobre 2022, que ses clients sont pr\u00eats \u00e0 trouver un accord qui garantit leurs droits financiers et prend en compte la situation financi\u00e8re de Tunisair.<\/p>\n<p>Il a expliqu\u00e9 que les employ\u00e9s de la compagnie ont d\u00e9pos\u00e9 une plainte pour b\u00e9n\u00e9ficier \u00e0 effet r\u00e9troactif d\u2019un avantage d\u2019une loi de 1996 que la tutelle avait d\u00e9cr\u00e9t\u00e9 inapplicable sur Tunisair.<\/p>\n<p>Il est \u00e0 rappeler qu\u2019une note interne de Tunisair avait fuit\u00e9, vendredi 30 septembre 2022, selon laquelle la compagnie nationale pourrait \u00eatre dans l\u2019incapacit\u00e9 de payer les salaires et les primes du mois d\u2019octobre, mais aussi des mois suivants.<\/p>\n<p>Selon la note cette situation est due \u00e0 des saisies conservatoires sur les comptes en banque de Tunisair \u00e0 la suite de litiges contentieux l\u2019opposant \u00e0 des fonctionnaires et des ouvriers de la compagnie.<\/p>\n<p>La direction g\u00e9n\u00e9rale de Tunisair avait publi\u00e9 un communiqu\u00e9 expliquant que les comptes bancaires de la compagnie lui permettent d\u2019assurer ses obligations aupr\u00e8s de ses fournisseurs et clients dans les d\u00e9lais convenus. Ils lui permettent \u00e9galement de r\u00e9gler les salaires \u00e0 temps.<\/p>\n<p>Toutefois, la compagnie explique que les saisies conservatoires pourraient emp\u00eacher les services de la compagnie d\u2019acc\u00e9der \u00e0 ses comptes temporairement, notamment durant la p\u00e9riode de versement des salaires. Tunisair impute cela \u00e0 la lenteur des proc\u00e9dures judiciaires pour lever les saisies.<\/p>\n","protected":false},"excerpt":{"rendered":"<p>Tunisair\u00a0: s\u00e9ance de concertations concernant les saisies conservatoires sur les comptes<\/p>\n","protected":false},"author":3222,"featured_media":253629,"comment_status":"open","ping_status":"closed","sticky":false,"template":"","format":"standard","meta":{"footnotes":""},"categories":[44],"tags":[],"class_list":["post-186715","post","type-post","status-publish","format-standard","has-post-thumbnail","hentry","category-national"],"yoast_head":"<!-- This site is optimized with the Yoast SEO Premium plugin v27.4 (Yoast SEO v27.4) - https:\/\/yoast.com\/product\/yoast-seo-premium-wordpress\/ -->\n<title>Tunisair\u00a0: s\u00e9ance de concertations concernant les saisies conservatoires sur les comptes<\/title>\n<meta name=\"description\" content=\"Tunisair\u00a0: s\u00e9ance de concertations concernant les saisies conservatoires sur les comptes\" \/>\n<link rel=\"canonical\" href=\"https:\/\/www.webdo.tn\/fr\/actualite\/national\/tunisair-seance-de-concertations-concernant-les-saisies-conservatoires-sur-les-comptes\/186715\/\" \/>\n<meta property=\"og:locale\" content=\"fr_FR\" \/>\n<meta property=\"og:type\" content=\"article\" \/>\n<meta property=\"og:title\" content=\"Tunisair\u00a0: s\u00e9ance de concertations concernant les saisies conservatoires sur les comptes\" \/>\n<meta property=\"og:description\" content=\"Tunisair\u00a0: s\u00e9ance de concertations concernant les saisies conservatoires sur les comptes\" \/>\n<meta property=\"og:url\" content=\"https:\/\/www.webdo.tn\/fr\/actualite\/national\/tunisair-seance-de-concertations-concernant-les-saisies-conservatoires-sur-les-comptes\/186715\/\" \/>\n<meta property=\"og:site_name\" content=\"webdo\" \/>\n<meta property=\"article:publisher\" content=\"https:\/\/www.facebook.com\/webdotn\" \/>\n<meta property=\"article:published_time\" content=\"2022-10-10T09:46:00+00:00\" \/>\n<meta property=\"article:modified_time\" content=\"2025-05-14T10:56:07+00:00\" \/>\n<meta property=\"og:image\" content=\"https:\/\/www.webdo.tn\/fr\/wp-content\/uploads\/2022\/10\/Tunisair.jpg\" \/>\n\t<meta property=\"og:image:width\" content=\"850\" \/>\n\t<meta property=\"og:image:height\" content=\"491\" \/>\n\t<meta property=\"og:image:type\" content=\"image\/jpeg\" \/>\n<meta name=\"author\" content=\"webdo.tn\" \/>\n<meta name=\"twitter:card\" content=\"summary_large_image\" \/>\n<meta name=\"twitter:creator\" content=\"@webdo_tn\" \/>\n<meta name=\"twitter:site\" content=\"@webdo_tn\" \/>\n<meta name=\"twitter:label1\" content=\"\u00c9crit par\" \/>\n\t<meta name=\"twitter:data1\" content=\"webdo.tn\" \/>\n\t<meta name=\"twitter:label2\" content=\"Dur\u00e9e de lecture estim\u00e9e\" \/>\n\t<meta name=\"twitter:data2\" content=\"1 minute\" \/>\n<script type=\"application\/ld+json\" class=\"yoast-schema-graph\">{\"@context\":\"https:\\\/\\\/schema.org\",\"@graph\":[{\"@type\":\"NewsArticle\",\"@id\":\"https:\\\/\\\/www.webdo.tn\\\/fr\\\/actualite\\\/national\\\/tunisair-seance-de-concertations-concernant-les-saisies-conservatoires-sur-les-comptes\\\/186715\\\/#article\",\"isPartOf\":{\"@id\":\"https:\\\/\\\/www.webdo.tn\\\/fr\\\/actualite\\\/national\\\/tunisair-seance-de-concertations-concernant-les-saisies-conservatoires-sur-les-comptes\\\/186715\\\/\"},\"author\":{\"name\":\"webdo.tn\",\"@id\":\"https:\\\/\\\/www.webdo.tn\\\/fr\\\/#\\\/schema\\\/person\\\/9a9c6118d687c117df8ef3cc36a4d175\"},\"headline\":\"Tunisair\u00a0: s\u00e9ance de concertations concernant les saisies conservatoires sur les comptes\",\"datePublished\":\"2022-10-10T09:46:00+00:00\",\"dateModified\":\"2025-05-14T10:56:07+00:00\",\"mainEntityOfPage\":{\"@id\":\"https:\\\/\\\/www.webdo.tn\\\/fr\\\/actualite\\\/national\\\/tunisair-seance-de-concertations-concernant-les-saisies-conservatoires-sur-les-comptes\\\/186715\\\/\"},\"wordCount\":306,\"commentCount\":0,\"publisher\":{\"@id\":\"https:\\\/\\\/www.webdo.tn\\\/fr\\\/#organization\"},\"image\":{\"@id\":\"https:\\\/\\\/www.webdo.tn\\\/fr\\\/actualite\\\/national\\\/tunisair-seance-de-concertations-concernant-les-saisies-conservatoires-sur-les-comptes\\\/186715\\\/#primaryimage\"},\"thumbnailUrl\":\"https:\\\/\\\/www.webdo.tn\\\/fr\\\/wp-content\\\/uploads\\\/2022\\\/10\\\/Tunisair.jpg\",\"articleSection\":[\"National\"],\"inLanguage\":\"fr-FR\"},{\"@type\":\"WebPage\",\"@id\":\"https:\\\/\\\/www.webdo.tn\\\/fr\\\/actualite\\\/national\\\/tunisair-seance-de-concertations-concernant-les-saisies-conservatoires-sur-les-comptes\\\/186715\\\/\",\"url\":\"https:\\\/\\\/www.webdo.tn\\\/fr\\\/actualite\\\/national\\\/tunisair-seance-de-concertations-concernant-les-saisies-conservatoires-sur-les-comptes\\\/186715\\\/\",\"name\":\"Tunisair\u00a0: s\u00e9ance de concertations concernant les saisies conservatoires sur les comptes\",\"isPartOf\":{\"@id\":\"https:\\\/\\\/www.webdo.tn\\\/fr\\\/#website\"},\"primaryImageOfPage\":{\"@id\":\"https:\\\/\\\/www.webdo.tn\\\/fr\\\/actualite\\\/national\\\/tunisair-seance-de-concertations-concernant-les-saisies-conservatoires-sur-les-comptes\\\/186715\\\/#primaryimage\"},\"image\":{\"@id\":\"https:\\\/\\\/www.webdo.tn\\\/fr\\\/actualite\\\/national\\\/tunisair-seance-de-concertations-concernant-les-saisies-conservatoires-sur-les-comptes\\\/186715\\\/#primaryimage\"},\"thumbnailUrl\":\"https:\\\/\\\/www.webdo.tn\\\/fr\\\/wp-content\\\/uploads\\\/2022\\\/10\\\/Tunisair.jpg\",\"datePublished\":\"2022-10-10T09:46:00+00:00\",\"dateModified\":\"2025-05-14T10:56:07+00:00\",\"description\":\"Tunisair\u00a0: s\u00e9ance de concertations concernant les saisies conservatoires sur les comptes\",\"breadcrumb\":{\"@id\":\"https:\\\/\\\/www.webdo.tn\\\/fr\\\/actualite\\\/national\\\/tunisair-seance-de-concertations-concernant-les-saisies-conservatoires-sur-les-comptes\\\/186715\\\/#breadcrumb\"},\"inLanguage\":\"fr-FR\",\"potentialAction\":[{\"@type\":\"ReadAction\",\"target\":[\"https:\\\/\\\/www.webdo.tn\\\/fr\\\/actualite\\\/national\\\/tunisair-seance-de-concertations-concernant-les-saisies-conservatoires-sur-les-comptes\\\/186715\\\/\"]}]},{\"@type\":\"ImageObject\",\"inLanguage\":\"fr-FR\",\"@id\":\"https:\\\/\\\/www.webdo.tn\\\/fr\\\/actualite\\\/national\\\/tunisair-seance-de-concertations-concernant-les-saisies-conservatoires-sur-les-comptes\\\/186715\\\/#primaryimage\",\"url\":\"https:\\\/\\\/www.webdo.tn\\\/fr\\\/wp-content\\\/uploads\\\/2022\\\/10\\\/Tunisair.jpg\",\"contentUrl\":\"https:\\\/\\\/www.webdo.tn\\\/fr\\\/wp-content\\\/uploads\\\/2022\\\/10\\\/Tunisair.jpg\",\"width\":850,\"height\":491,\"caption\":\"Tunisair\u00a0: s\u00e9ance de concertations concernant les saisies conservatoires sur les comptes\"},{\"@type\":\"BreadcrumbList\",\"@id\":\"https:\\\/\\\/www.webdo.tn\\\/fr\\\/actualite\\\/national\\\/tunisair-seance-de-concertations-concernant-les-saisies-conservatoires-sur-les-comptes\\\/186715\\\/#breadcrumb\",\"itemListElement\":[{\"@type\":\"ListItem\",\"position\":1,\"name\":\"Accueil\",\"item\":\"https:\\\/\\\/www.webdo.tn\\\/fr\\\/\"},{\"@type\":\"ListItem\",\"position\":2,\"name\":\"Tunisair\u00a0: s\u00e9ance de concertations concernant les saisies conservatoires sur les comptes\"}]},{\"@type\":\"WebSite\",\"@id\":\"https:\\\/\\\/www.webdo.tn\\\/fr\\\/#website\",\"url\":\"https:\\\/\\\/www.webdo.tn\\\/fr\\\/\",\"name\":\"webdo\",\"description\":\"Tunisie - News en Tunisie et \u00e0 l&#039;international sur Webdo.tn\",\"publisher\":{\"@id\":\"https:\\\/\\\/www.webdo.tn\\\/fr\\\/#organization\"},\"potentialAction\":[{\"@type\":\"SearchAction\",\"target\":{\"@type\":\"EntryPoint\",\"urlTemplate\":\"https:\\\/\\\/www.webdo.tn\\\/fr\\\/?s={search_term_string}\"},\"query-input\":{\"@type\":\"PropertyValueSpecification\",\"valueRequired\":true,\"valueName\":\"search_term_string\"}}],\"inLanguage\":\"fr-FR\"},{\"@type\":\"Organization\",\"@id\":\"https:\\\/\\\/www.webdo.tn\\\/fr\\\/#organization\",\"name\":\"Webdo\",\"alternateName\":\"Webdo.tn\",\"url\":\"https:\\\/\\\/www.webdo.tn\\\/fr\\\/\",\"logo\":{\"@type\":\"ImageObject\",\"inLanguage\":\"fr-FR\",\"@id\":\"https:\\\/\\\/www.webdo.tn\\\/fr\\\/#\\\/schema\\\/logo\\\/image\\\/\",\"url\":\"https:\\\/\\\/www.webdo.tn\\\/fr\\\/wp-content\\\/uploads\\\/2025\\\/06\\\/Webdo-Tunisie_168377.jpg\",\"contentUrl\":\"https:\\\/\\\/www.webdo.tn\\\/fr\\\/wp-content\\\/uploads\\\/2025\\\/06\\\/Webdo-Tunisie_168377.jpg\",\"width\":301,\"height\":301,\"caption\":\"Webdo\"},\"image\":{\"@id\":\"https:\\\/\\\/www.webdo.tn\\\/fr\\\/#\\\/schema\\\/logo\\\/image\\\/\"},\"sameAs\":[\"https:\\\/\\\/www.facebook.com\\\/webdotn\",\"https:\\\/\\\/x.com\\\/webdo_tn\"],\"description\":\"Webdo est un m\u00e9dia num\u00e9rique tunisien fond\u00e9 en 2010, sp\u00e9cialis\u00e9 dans l\u2019actualit\u00e9 nationale et internationale, l\u2019\u00e9conomie, la soci\u00e9t\u00e9 et les analyses politiques. Le site s\u2019adresse \u00e0 un large public francophone et couvre l\u2019information tunisienne en temps r\u00e9el.\",\"email\":\"redac@webdo.tn\",\"legalName\":\"YNJ SARL\",\"foundingDate\":\"2010-09-06\",\"numberOfEmployees\":{\"@type\":\"QuantitativeValue\",\"minValue\":\"11\",\"maxValue\":\"50\"}},{\"@type\":\"Person\",\"@id\":\"https:\\\/\\\/www.webdo.tn\\\/fr\\\/#\\\/schema\\\/person\\\/9a9c6118d687c117df8ef3cc36a4d175\",\"name\":\"webdo.tn\",\"image\":{\"@type\":\"ImageObject\",\"inLanguage\":\"fr-FR\",\"@id\":\"https:\\\/\\\/secure.gravatar.com\\\/avatar\\\/7ce1f28c0c3bbac99ff550b85ef8e44a6950c6ee24514fb6a5489e51d06f0298?s=96&d=mm&r=g\",\"url\":\"https:\\\/\\\/secure.gravatar.com\\\/avatar\\\/7ce1f28c0c3bbac99ff550b85ef8e44a6950c6ee24514fb6a5489e51d06f0298?s=96&d=mm&r=g\",\"contentUrl\":\"https:\\\/\\\/secure.gravatar.com\\\/avatar\\\/7ce1f28c0c3bbac99ff550b85ef8e44a6950c6ee24514fb6a5489e51d06f0298?s=96&d=mm&r=g\",\"caption\":\"webdo.tn\"},\"url\":\"https:\\\/\\\/www.webdo.tn\\\/fr\\\/actualite\\\/author\\\/webdotn\\\/\"}]}<\/script>\n<!-- \/ Yoast SEO Premium plugin. -->","yoast_head_json":{"title":"Tunisair\u00a0: s\u00e9ance de concertations concernant les saisies conservatoires sur les comptes","description":"Tunisair\u00a0: s\u00e9ance de concertations concernant les saisies conservatoires sur les comptes","canonical":"https:\/\/www.webdo.tn\/fr\/actualite\/national\/tunisair-seance-de-concertations-concernant-les-saisies-conservatoires-sur-les-comptes\/186715\/","og_locale":"fr_FR","og_type":"article","og_title":"Tunisair\u00a0: s\u00e9ance de concertations concernant les saisies conservatoires sur les comptes","og_description":"Tunisair\u00a0: s\u00e9ance de concertations concernant les saisies conservatoires sur les comptes","og_url":"https:\/\/www.webdo.tn\/fr\/actualite\/national\/tunisair-seance-de-concertations-concernant-les-saisies-conservatoires-sur-les-comptes\/186715\/","og_site_name":"webdo","article_publisher":"https:\/\/www.facebook.com\/webdotn","article_published_time":"2022-10-10T09:46:00+00:00","article_modified_time":"2025-05-14T10:56:07+00:00","og_image":[{"width":850,"height":491,"url":"https:\/\/www.webdo.tn\/fr\/wp-content\/uploads\/2022\/10\/Tunisair.jpg","type":"image\/jpeg"}],"author":"webdo.tn","twitter_card":"summary_large_image","twitter_creator":"@webdo_tn","twitter_site":"@webdo_tn","twitter_misc":{"\u00c9crit par":"webdo.tn","Dur\u00e9e de lecture estim\u00e9e":"1 minute"},"schema":{"@context":"https:\/\/schema.org","@graph":[{"@type":"NewsArticle","@id":"https:\/\/www.webdo.tn\/fr\/actualite\/national\/tunisair-seance-de-concertations-concernant-les-saisies-conservatoires-sur-les-comptes\/186715\/#article","isPartOf":{"@id":"https:\/\/www.webdo.tn\/fr\/actualite\/national\/tunisair-seance-de-concertations-concernant-les-saisies-conservatoires-sur-les-comptes\/186715\/"},"author":{"name":"webdo.tn","@id":"https:\/\/www.webdo.tn\/fr\/#\/schema\/person\/9a9c6118d687c117df8ef3cc36a4d175"},"headline":"Tunisair\u00a0: s\u00e9ance de concertations concernant les saisies conservatoires sur les comptes","datePublished":"2022-10-10T09:46:00+00:00","dateModified":"2025-05-14T10:56:07+00:00","mainEntityOfPage":{"@id":"https:\/\/www.webdo.tn\/fr\/actualite\/national\/tunisair-seance-de-concertations-concernant-les-saisies-conservatoires-sur-les-comptes\/186715\/"},"wordCount":306,"commentCount":0,"publisher":{"@id":"https:\/\/www.webdo.tn\/fr\/#organization"},"image":{"@id":"https:\/\/www.webdo.tn\/fr\/actualite\/national\/tunisair-seance-de-concertations-concernant-les-saisies-conservatoires-sur-les-comptes\/186715\/#primaryimage"},"thumbnailUrl":"https:\/\/www.webdo.tn\/fr\/wp-content\/uploads\/2022\/10\/Tunisair.jpg","articleSection":["National"],"inLanguage":"fr-FR"},{"@type":"WebPage","@id":"https:\/\/www.webdo.tn\/fr\/actualite\/national\/tunisair-seance-de-concertations-concernant-les-saisies-conservatoires-sur-les-comptes\/186715\/","url":"https:\/\/www.webdo.tn\/fr\/actualite\/national\/tunisair-seance-de-concertations-concernant-les-saisies-conservatoires-sur-les-comptes\/186715\/","name":"Tunisair\u00a0: s\u00e9ance de concertations concernant les saisies conservatoires sur les comptes","isPartOf":{"@id":"https:\/\/www.webdo.tn\/fr\/#website"},"primaryImageOfPage":{"@id":"https:\/\/www.webdo.tn\/fr\/actualite\/national\/tunisair-seance-de-concertations-concernant-les-saisies-conservatoires-sur-les-comptes\/186715\/#primaryimage"},"image":{"@id":"https:\/\/www.webdo.tn\/fr\/actualite\/national\/tunisair-seance-de-concertations-concernant-les-saisies-conservatoires-sur-les-comptes\/186715\/#primaryimage"},"thumbnailUrl":"https:\/\/www.webdo.tn\/fr\/wp-content\/uploads\/2022\/10\/Tunisair.jpg","datePublished":"2022-10-10T09:46:00+00:00","dateModified":"2025-05-14T10:56:07+00:00","description":"Tunisair\u00a0: s\u00e9ance de concertations concernant les saisies conservatoires sur les comptes","breadcrumb":{"@id":"https:\/\/www.webdo.tn\/fr\/actualite\/national\/tunisair-seance-de-concertations-concernant-les-saisies-conservatoires-sur-les-comptes\/186715\/#breadcrumb"},"inLanguage":"fr-FR","potentialAction":[{"@type":"ReadAction","target":["https:\/\/www.webdo.tn\/fr\/actualite\/national\/tunisair-seance-de-concertations-concernant-les-saisies-conservatoires-sur-les-comptes\/186715\/"]}]},{"@type":"ImageObject","inLanguage":"fr-FR","@id":"https:\/\/www.webdo.tn\/fr\/actualite\/national\/tunisair-seance-de-concertations-concernant-les-saisies-conservatoires-sur-les-comptes\/186715\/#primaryimage","url":"https:\/\/www.webdo.tn\/fr\/wp-content\/uploads\/2022\/10\/Tunisair.jpg","contentUrl":"https:\/\/www.webdo.tn\/fr\/wp-content\/uploads\/2022\/10\/Tunisair.jpg","width":850,"height":491,"caption":"Tunisair\u00a0: s\u00e9ance de concertations concernant les saisies conservatoires sur les comptes"},{"@type":"BreadcrumbList","@id":"https:\/\/www.webdo.tn\/fr\/actualite\/national\/tunisair-seance-de-concertations-concernant-les-saisies-conservatoires-sur-les-comptes\/186715\/#breadcrumb","itemListElement":[{"@type":"ListItem","position":1,"name":"Accueil","item":"https:\/\/www.webdo.tn\/fr\/"},{"@type":"ListItem","position":2,"name":"Tunisair\u00a0: s\u00e9ance de concertations concernant les saisies conservatoires sur les comptes"}]},{"@type":"WebSite","@id":"https:\/\/www.webdo.tn\/fr\/#website","url":"https:\/\/www.webdo.tn\/fr\/","name":"webdo","description":"Tunisie - News en Tunisie et \u00e0 l&#039;international sur Webdo.tn","publisher":{"@id":"https:\/\/www.webdo.tn\/fr\/#organization"},"potentialAction":[{"@type":"SearchAction","target":{"@type":"EntryPoint","urlTemplate":"https:\/\/www.webdo.tn\/fr\/?s={search_term_string}"},"query-input":{"@type":"PropertyValueSpecification","valueRequired":true,"valueName":"search_term_string"}}],"inLanguage":"fr-FR"},{"@type":"Organization","@id":"https:\/\/www.webdo.tn\/fr\/#organization","name":"Webdo","alternateName":"Webdo.tn","url":"https:\/\/www.webdo.tn\/fr\/","logo":{"@type":"ImageObject","inLanguage":"fr-FR","@id":"https:\/\/www.webdo.tn\/fr\/#\/schema\/logo\/image\/","url":"https:\/\/www.webdo.tn\/fr\/wp-content\/uploads\/2025\/06\/Webdo-Tunisie_168377.jpg","contentUrl":"https:\/\/www.webdo.tn\/fr\/wp-content\/uploads\/2025\/06\/Webdo-Tunisie_168377.jpg","width":301,"height":301,"caption":"Webdo"},"image":{"@id":"https:\/\/www.webdo.tn\/fr\/#\/schema\/logo\/image\/"},"sameAs":["https:\/\/www.facebook.com\/webdotn","https:\/\/x.com\/webdo_tn"],"description":"Webdo est un m\u00e9dia num\u00e9rique tunisien fond\u00e9 en 2010, sp\u00e9cialis\u00e9 dans l\u2019actualit\u00e9 nationale et internationale, l\u2019\u00e9conomie, la soci\u00e9t\u00e9 et les analyses politiques. Le site s\u2019adresse \u00e0 un large public francophone et couvre l\u2019information tunisienne en temps r\u00e9el.","email":"redac@webdo.tn","legalName":"YNJ SARL","foundingDate":"2010-09-06","numberOfEmployees":{"@type":"QuantitativeValue","minValue":"11","maxValue":"50"}},{"@type":"Person","@id":"https:\/\/www.webdo.tn\/fr\/#\/schema\/person\/9a9c6118d687c117df8ef3cc36a4d175","name":"webdo.tn","image":{"@type":"ImageObject","inLanguage":"fr-FR","@id":"https:\/\/secure.gravatar.com\/avatar\/7ce1f28c0c3bbac99ff550b85ef8e44a6950c6ee24514fb6a5489e51d06f0298?s=96&d=mm&r=g","url":"https:\/\/secure.gravatar.com\/avatar\/7ce1f28c0c3bbac99ff550b85ef8e44a6950c6ee24514fb6a5489e51d06f0298?s=96&d=mm&r=g","contentUrl":"https:\/\/secure.gravatar.com\/avatar\/7ce1f28c0c3bbac99ff550b85ef8e44a6950c6ee24514fb6a5489e51d06f0298?s=96&d=mm&r=g","caption":"webdo.tn"},"url":"https:\/\/www.webdo.tn\/fr\/actualite\/author\/webdotn\/"}]}},"_links":{"self":[{"href":"https:\/\/www.webdo.tn\/fr\/wp-json\/wp\/v2\/posts\/186715","targetHints":{"allow":["GET"]}}],"collection":[{"href":"https:\/\/www.webdo.tn\/fr\/wp-json\/wp\/v2\/posts"}],"about":[{"href":"https:\/\/www.webdo.tn\/fr\/wp-json\/wp\/v2\/types\/post"}],"author":[{"embeddable":true,"href":"https:\/\/www.webdo.tn\/fr\/wp-json\/wp\/v2\/users\/3222"}],"replies":[{"embeddable":true,"href":"https:\/\/www.webdo.tn\/fr\/wp-json\/wp\/v2\/comments?post=186715"}],"version-history":[{"count":0,"href":"https:\/\/www.webdo.tn\/fr\/wp-json\/wp\/v2\/posts\/186715\/revisions"}],"wp:featuredmedia":[{"embeddable":true,"href":"https:\/\/www.webdo.tn\/fr\/wp-json\/wp\/v2\/media\/253629"}],"wp:attachment":[{"href":"https:\/\/www.webdo.tn\/fr\/wp-json\/wp\/v2\/media?parent=186715"}],"wp:term":[{"taxonomy":"category","embeddable":true,"href":"https:\/\/www.webdo.tn\/fr\/wp-json\/wp\/v2\/categories?post=186715"},{"taxonomy":"post_tag","embeddable":true,"href":"https:\/\/www.webdo.tn\/fr\/wp-json\/wp\/v2\/tags?post=186715"}],"curies":[{"name":"wp","href":"https:\/\/api.w.org\/{rel}","templated":true}]}}