{"id":186714,"date":"2022-10-10T09:05:00","date_gmt":"2022-10-10T09:05:00","guid":{"rendered":"https:\/\/www.webdo.tn\/fr\/blog\/salon-international-de-laerospatiale-et-de-la-defense-a-laeroport-denfidha\/186714\/"},"modified":"2022-10-10T09:05:00","modified_gmt":"2022-10-10T09:05:00","slug":"salon-international-de-laerospatiale-et-de-la-defense-a-laeroport-denfidha","status":"publish","type":"post","link":"https:\/\/www.webdo.tn\/fr\/actualite\/national\/salon-international-de-laerospatiale-et-de-la-defense-a-laeroport-denfidha\/186714\/","title":{"rendered":"Salon international de l&rsquo;a\u00e9rospatiale et de la d\u00e9fense \u00e0 l&rsquo;a\u00e9roport d&rsquo;Enfidha"},"content":{"rendered":"<p>La 2e \u00e9dition du salon international de l&rsquo;a\u00e9rospatiale et de la d\u00e9fense IADE Tunisia se tiendra, du 12 au 16 octobre, \u00e0 l&rsquo;a\u00e9roport international d&rsquo;Enfidha Hammamet, avec la participation de 200 entreprises exposantes.<\/p>\n<p>Plac\u00e9 sous l\u2019\u00e9gide de la pr\u00e9sidence de la R\u00e9publique, ce salon s\u2019\u00e9talera sur une superficie de 300 m2 et verra la participation de plus de 90 pays principalement africains et arabes, selon les organisateurs.<\/p>\n<p>Cette deuxi\u00e8me \u00e9dition rassemblera diff\u00e9rents acteurs internationaux de l&rsquo;industrie a\u00e9rospatiale et de d\u00e9fense et aura pour objectif de booster l\u2019investissement et de promouvoir le tourisme tunisien.<\/p>\n<p>Dans le cadre de cet \u00e9v\u00e9nement, des journ\u00e9es portes ouvertes destin\u00e9es aux professionnels seront organis\u00e9es du 12 au 14 octobre courant pour leur permettre de prendre connaissance des derni\u00e8res avanc\u00e9es du secteur. Des rencontres Business to Business (B2B) entre les industriels internationaux et les participants sont \u00e9galement pr\u00e9vues.<\/p>\n<p>L\u2019objectif \u00e9tant de cr\u00e9er de nouvelles opportunit\u00e9s d\u2019investissement et de d\u00e9veloppement en Afrique.<\/p>\n<p>En marge de cette deuxi\u00e8me \u00e9dition, une conf\u00e9rence sera organis\u00e9e \u00e0 l\u2019initiative de l\u2019arm\u00e9e tunisienne, rassemblant plus de 100 militaires de 40 pays africains pour discuter des d\u00e9fis s\u00e9curitaires nationaux et r\u00e9gionaux. Le salon sera ouvert au public les 15 et 16 octobre.<\/p>\n","protected":false},"excerpt":{"rendered":"<p>Salon international de l&rsquo;a\u00e9rospatiale et de la d\u00e9fense \u00e0 l&rsquo;a\u00e9roport d&rsquo;Enfidha<\/p>\n","protected":false},"author":3222,"featured_media":253626,"comment_status":"open","ping_status":"closed","sticky":false,"template":"","format":"standard","meta":{"footnotes":""},"categories":[44],"tags":[],"class_list":["post-186714","post","type-post","status-publish","format-standard","has-post-thumbnail","hentry","category-national"],"yoast_head":"<!-- This site is optimized with the Yoast SEO Premium plugin v27.4 (Yoast SEO v27.4) - https:\/\/yoast.com\/product\/yoast-seo-premium-wordpress\/ -->\n<title>Salon international de l&#039;a\u00e9rospatiale et de la d\u00e9fense \u00e0 l&#039;a\u00e9roport d&#039;Enfidha<\/title>\n<meta name=\"description\" content=\"Salon international de l&#039;a\u00e9rospatiale et de la d\u00e9fense \u00e0 l&#039;a\u00e9roport d&#039;Enfidha\" \/>\n<link rel=\"canonical\" href=\"https:\/\/www.webdo.tn\/fr\/actualite\/national\/salon-international-de-laerospatiale-et-de-la-defense-a-laeroport-denfidha\/186714\/\" \/>\n<meta property=\"og:locale\" content=\"fr_FR\" \/>\n<meta property=\"og:type\" content=\"article\" \/>\n<meta property=\"og:title\" content=\"Salon international de l&#039;a\u00e9rospatiale et de la d\u00e9fense \u00e0 l&#039;a\u00e9roport d&#039;Enfidha\" \/>\n<meta property=\"og:description\" content=\"Salon international de l&#039;a\u00e9rospatiale et de la d\u00e9fense \u00e0 l&#039;a\u00e9roport d&#039;Enfidha\" \/>\n<meta property=\"og:url\" content=\"https:\/\/www.webdo.tn\/fr\/actualite\/national\/salon-international-de-laerospatiale-et-de-la-defense-a-laeroport-denfidha\/186714\/\" \/>\n<meta property=\"og:site_name\" content=\"webdo\" \/>\n<meta property=\"article:publisher\" content=\"https:\/\/www.facebook.com\/webdotn\" \/>\n<meta property=\"article:published_time\" content=\"2022-10-10T09:05:00+00:00\" \/>\n<meta property=\"og:image\" content=\"https:\/\/www.webdo.tn\/fr\/wp-content\/uploads\/2022\/10\/Aeroport-Enfidha-1024x333-1.jpg\" \/>\n\t<meta property=\"og:image:width\" content=\"1024\" \/>\n\t<meta property=\"og:image:height\" content=\"333\" \/>\n\t<meta property=\"og:image:type\" content=\"image\/jpeg\" \/>\n<meta name=\"author\" content=\"webdo.tn\" \/>\n<meta name=\"twitter:card\" content=\"summary_large_image\" \/>\n<meta name=\"twitter:creator\" content=\"@webdo_tn\" \/>\n<meta name=\"twitter:site\" content=\"@webdo_tn\" \/>\n<meta name=\"twitter:label1\" content=\"\u00c9crit par\" \/>\n\t<meta name=\"twitter:data1\" content=\"webdo.tn\" \/>\n\t<meta name=\"twitter:label2\" content=\"Dur\u00e9e de lecture estim\u00e9e\" \/>\n\t<meta name=\"twitter:data2\" content=\"1 minute\" \/>\n<script type=\"application\/ld+json\" class=\"yoast-schema-graph\">{\"@context\":\"https:\\\/\\\/schema.org\",\"@graph\":[{\"@type\":\"NewsArticle\",\"@id\":\"https:\\\/\\\/www.webdo.tn\\\/fr\\\/actualite\\\/national\\\/salon-international-de-laerospatiale-et-de-la-defense-a-laeroport-denfidha\\\/186714\\\/#article\",\"isPartOf\":{\"@id\":\"https:\\\/\\\/www.webdo.tn\\\/fr\\\/actualite\\\/national\\\/salon-international-de-laerospatiale-et-de-la-defense-a-laeroport-denfidha\\\/186714\\\/\"},\"author\":{\"name\":\"webdo.tn\",\"@id\":\"https:\\\/\\\/www.webdo.tn\\\/fr\\\/#\\\/schema\\\/person\\\/9a9c6118d687c117df8ef3cc36a4d175\"},\"headline\":\"Salon international de l&rsquo;a\u00e9rospatiale et de la d\u00e9fense \u00e0 l&rsquo;a\u00e9roport d&rsquo;Enfidha\",\"datePublished\":\"2022-10-10T09:05:00+00:00\",\"mainEntityOfPage\":{\"@id\":\"https:\\\/\\\/www.webdo.tn\\\/fr\\\/actualite\\\/national\\\/salon-international-de-laerospatiale-et-de-la-defense-a-laeroport-denfidha\\\/186714\\\/\"},\"wordCount\":238,\"commentCount\":0,\"publisher\":{\"@id\":\"https:\\\/\\\/www.webdo.tn\\\/fr\\\/#organization\"},\"image\":{\"@id\":\"https:\\\/\\\/www.webdo.tn\\\/fr\\\/actualite\\\/national\\\/salon-international-de-laerospatiale-et-de-la-defense-a-laeroport-denfidha\\\/186714\\\/#primaryimage\"},\"thumbnailUrl\":\"https:\\\/\\\/www.webdo.tn\\\/fr\\\/wp-content\\\/uploads\\\/2022\\\/10\\\/Aeroport-Enfidha-1024x333-1.jpg\",\"articleSection\":[\"National\"],\"inLanguage\":\"fr-FR\"},{\"@type\":\"WebPage\",\"@id\":\"https:\\\/\\\/www.webdo.tn\\\/fr\\\/actualite\\\/national\\\/salon-international-de-laerospatiale-et-de-la-defense-a-laeroport-denfidha\\\/186714\\\/\",\"url\":\"https:\\\/\\\/www.webdo.tn\\\/fr\\\/actualite\\\/national\\\/salon-international-de-laerospatiale-et-de-la-defense-a-laeroport-denfidha\\\/186714\\\/\",\"name\":\"Salon international de l'a\u00e9rospatiale et de la d\u00e9fense \u00e0 l'a\u00e9roport d'Enfidha\",\"isPartOf\":{\"@id\":\"https:\\\/\\\/www.webdo.tn\\\/fr\\\/#website\"},\"primaryImageOfPage\":{\"@id\":\"https:\\\/\\\/www.webdo.tn\\\/fr\\\/actualite\\\/national\\\/salon-international-de-laerospatiale-et-de-la-defense-a-laeroport-denfidha\\\/186714\\\/#primaryimage\"},\"image\":{\"@id\":\"https:\\\/\\\/www.webdo.tn\\\/fr\\\/actualite\\\/national\\\/salon-international-de-laerospatiale-et-de-la-defense-a-laeroport-denfidha\\\/186714\\\/#primaryimage\"},\"thumbnailUrl\":\"https:\\\/\\\/www.webdo.tn\\\/fr\\\/wp-content\\\/uploads\\\/2022\\\/10\\\/Aeroport-Enfidha-1024x333-1.jpg\",\"datePublished\":\"2022-10-10T09:05:00+00:00\",\"description\":\"Salon international de l'a\u00e9rospatiale et de la d\u00e9fense \u00e0 l'a\u00e9roport d'Enfidha\",\"breadcrumb\":{\"@id\":\"https:\\\/\\\/www.webdo.tn\\\/fr\\\/actualite\\\/national\\\/salon-international-de-laerospatiale-et-de-la-defense-a-laeroport-denfidha\\\/186714\\\/#breadcrumb\"},\"inLanguage\":\"fr-FR\",\"potentialAction\":[{\"@type\":\"ReadAction\",\"target\":[\"https:\\\/\\\/www.webdo.tn\\\/fr\\\/actualite\\\/national\\\/salon-international-de-laerospatiale-et-de-la-defense-a-laeroport-denfidha\\\/186714\\\/\"]}]},{\"@type\":\"ImageObject\",\"inLanguage\":\"fr-FR\",\"@id\":\"https:\\\/\\\/www.webdo.tn\\\/fr\\\/actualite\\\/national\\\/salon-international-de-laerospatiale-et-de-la-defense-a-laeroport-denfidha\\\/186714\\\/#primaryimage\",\"url\":\"https:\\\/\\\/www.webdo.tn\\\/fr\\\/wp-content\\\/uploads\\\/2022\\\/10\\\/Aeroport-Enfidha-1024x333-1.jpg\",\"contentUrl\":\"https:\\\/\\\/www.webdo.tn\\\/fr\\\/wp-content\\\/uploads\\\/2022\\\/10\\\/Aeroport-Enfidha-1024x333-1.jpg\",\"width\":1024,\"height\":333,\"caption\":\"Salon international de l'a\u00e9rospatiale et de la d\u00e9fense \u00e0 l'a\u00e9roport d'Enfidha\"},{\"@type\":\"BreadcrumbList\",\"@id\":\"https:\\\/\\\/www.webdo.tn\\\/fr\\\/actualite\\\/national\\\/salon-international-de-laerospatiale-et-de-la-defense-a-laeroport-denfidha\\\/186714\\\/#breadcrumb\",\"itemListElement\":[{\"@type\":\"ListItem\",\"position\":1,\"name\":\"Accueil\",\"item\":\"https:\\\/\\\/www.webdo.tn\\\/fr\\\/\"},{\"@type\":\"ListItem\",\"position\":2,\"name\":\"Salon international de l&#8217;a\u00e9rospatiale et de la d\u00e9fense \u00e0 l&#8217;a\u00e9roport d&#8217;Enfidha\"}]},{\"@type\":\"WebSite\",\"@id\":\"https:\\\/\\\/www.webdo.tn\\\/fr\\\/#website\",\"url\":\"https:\\\/\\\/www.webdo.tn\\\/fr\\\/\",\"name\":\"webdo\",\"description\":\"Tunisie - News en Tunisie et \u00e0 l&#039;international sur Webdo.tn\",\"publisher\":{\"@id\":\"https:\\\/\\\/www.webdo.tn\\\/fr\\\/#organization\"},\"potentialAction\":[{\"@type\":\"SearchAction\",\"target\":{\"@type\":\"EntryPoint\",\"urlTemplate\":\"https:\\\/\\\/www.webdo.tn\\\/fr\\\/?s={search_term_string}\"},\"query-input\":{\"@type\":\"PropertyValueSpecification\",\"valueRequired\":true,\"valueName\":\"search_term_string\"}}],\"inLanguage\":\"fr-FR\"},{\"@type\":\"Organization\",\"@id\":\"https:\\\/\\\/www.webdo.tn\\\/fr\\\/#organization\",\"name\":\"Webdo\",\"alternateName\":\"Webdo.tn\",\"url\":\"https:\\\/\\\/www.webdo.tn\\\/fr\\\/\",\"logo\":{\"@type\":\"ImageObject\",\"inLanguage\":\"fr-FR\",\"@id\":\"https:\\\/\\\/www.webdo.tn\\\/fr\\\/#\\\/schema\\\/logo\\\/image\\\/\",\"url\":\"https:\\\/\\\/www.webdo.tn\\\/fr\\\/wp-content\\\/uploads\\\/2025\\\/06\\\/Webdo-Tunisie_168377.jpg\",\"contentUrl\":\"https:\\\/\\\/www.webdo.tn\\\/fr\\\/wp-content\\\/uploads\\\/2025\\\/06\\\/Webdo-Tunisie_168377.jpg\",\"width\":301,\"height\":301,\"caption\":\"Webdo\"},\"image\":{\"@id\":\"https:\\\/\\\/www.webdo.tn\\\/fr\\\/#\\\/schema\\\/logo\\\/image\\\/\"},\"sameAs\":[\"https:\\\/\\\/www.facebook.com\\\/webdotn\",\"https:\\\/\\\/x.com\\\/webdo_tn\"],\"description\":\"Webdo est un m\u00e9dia num\u00e9rique tunisien fond\u00e9 en 2010, sp\u00e9cialis\u00e9 dans l\u2019actualit\u00e9 nationale et internationale, l\u2019\u00e9conomie, la soci\u00e9t\u00e9 et les analyses politiques. Le site s\u2019adresse \u00e0 un large public francophone et couvre l\u2019information tunisienne en temps r\u00e9el.\",\"email\":\"redac@webdo.tn\",\"legalName\":\"YNJ SARL\",\"foundingDate\":\"2010-09-06\",\"numberOfEmployees\":{\"@type\":\"QuantitativeValue\",\"minValue\":\"11\",\"maxValue\":\"50\"}},{\"@type\":\"Person\",\"@id\":\"https:\\\/\\\/www.webdo.tn\\\/fr\\\/#\\\/schema\\\/person\\\/9a9c6118d687c117df8ef3cc36a4d175\",\"name\":\"webdo.tn\",\"image\":{\"@type\":\"ImageObject\",\"inLanguage\":\"fr-FR\",\"@id\":\"https:\\\/\\\/secure.gravatar.com\\\/avatar\\\/7ce1f28c0c3bbac99ff550b85ef8e44a6950c6ee24514fb6a5489e51d06f0298?s=96&d=mm&r=g\",\"url\":\"https:\\\/\\\/secure.gravatar.com\\\/avatar\\\/7ce1f28c0c3bbac99ff550b85ef8e44a6950c6ee24514fb6a5489e51d06f0298?s=96&d=mm&r=g\",\"contentUrl\":\"https:\\\/\\\/secure.gravatar.com\\\/avatar\\\/7ce1f28c0c3bbac99ff550b85ef8e44a6950c6ee24514fb6a5489e51d06f0298?s=96&d=mm&r=g\",\"caption\":\"webdo.tn\"},\"url\":\"https:\\\/\\\/www.webdo.tn\\\/fr\\\/actualite\\\/author\\\/webdotn\\\/\"}]}<\/script>\n<!-- \/ Yoast SEO Premium plugin. -->","yoast_head_json":{"title":"Salon international de l'a\u00e9rospatiale et de la d\u00e9fense \u00e0 l'a\u00e9roport d'Enfidha","description":"Salon international de l'a\u00e9rospatiale et de la d\u00e9fense \u00e0 l'a\u00e9roport d'Enfidha","canonical":"https:\/\/www.webdo.tn\/fr\/actualite\/national\/salon-international-de-laerospatiale-et-de-la-defense-a-laeroport-denfidha\/186714\/","og_locale":"fr_FR","og_type":"article","og_title":"Salon international de l'a\u00e9rospatiale et de la d\u00e9fense \u00e0 l'a\u00e9roport d'Enfidha","og_description":"Salon international de l'a\u00e9rospatiale et de la d\u00e9fense \u00e0 l'a\u00e9roport d'Enfidha","og_url":"https:\/\/www.webdo.tn\/fr\/actualite\/national\/salon-international-de-laerospatiale-et-de-la-defense-a-laeroport-denfidha\/186714\/","og_site_name":"webdo","article_publisher":"https:\/\/www.facebook.com\/webdotn","article_published_time":"2022-10-10T09:05:00+00:00","og_image":[{"width":1024,"height":333,"url":"https:\/\/www.webdo.tn\/fr\/wp-content\/uploads\/2022\/10\/Aeroport-Enfidha-1024x333-1.jpg","type":"image\/jpeg"}],"author":"webdo.tn","twitter_card":"summary_large_image","twitter_creator":"@webdo_tn","twitter_site":"@webdo_tn","twitter_misc":{"\u00c9crit par":"webdo.tn","Dur\u00e9e de lecture estim\u00e9e":"1 minute"},"schema":{"@context":"https:\/\/schema.org","@graph":[{"@type":"NewsArticle","@id":"https:\/\/www.webdo.tn\/fr\/actualite\/national\/salon-international-de-laerospatiale-et-de-la-defense-a-laeroport-denfidha\/186714\/#article","isPartOf":{"@id":"https:\/\/www.webdo.tn\/fr\/actualite\/national\/salon-international-de-laerospatiale-et-de-la-defense-a-laeroport-denfidha\/186714\/"},"author":{"name":"webdo.tn","@id":"https:\/\/www.webdo.tn\/fr\/#\/schema\/person\/9a9c6118d687c117df8ef3cc36a4d175"},"headline":"Salon international de l&rsquo;a\u00e9rospatiale et de la d\u00e9fense \u00e0 l&rsquo;a\u00e9roport d&rsquo;Enfidha","datePublished":"2022-10-10T09:05:00+00:00","mainEntityOfPage":{"@id":"https:\/\/www.webdo.tn\/fr\/actualite\/national\/salon-international-de-laerospatiale-et-de-la-defense-a-laeroport-denfidha\/186714\/"},"wordCount":238,"commentCount":0,"publisher":{"@id":"https:\/\/www.webdo.tn\/fr\/#organization"},"image":{"@id":"https:\/\/www.webdo.tn\/fr\/actualite\/national\/salon-international-de-laerospatiale-et-de-la-defense-a-laeroport-denfidha\/186714\/#primaryimage"},"thumbnailUrl":"https:\/\/www.webdo.tn\/fr\/wp-content\/uploads\/2022\/10\/Aeroport-Enfidha-1024x333-1.jpg","articleSection":["National"],"inLanguage":"fr-FR"},{"@type":"WebPage","@id":"https:\/\/www.webdo.tn\/fr\/actualite\/national\/salon-international-de-laerospatiale-et-de-la-defense-a-laeroport-denfidha\/186714\/","url":"https:\/\/www.webdo.tn\/fr\/actualite\/national\/salon-international-de-laerospatiale-et-de-la-defense-a-laeroport-denfidha\/186714\/","name":"Salon international de l'a\u00e9rospatiale et de la d\u00e9fense \u00e0 l'a\u00e9roport d'Enfidha","isPartOf":{"@id":"https:\/\/www.webdo.tn\/fr\/#website"},"primaryImageOfPage":{"@id":"https:\/\/www.webdo.tn\/fr\/actualite\/national\/salon-international-de-laerospatiale-et-de-la-defense-a-laeroport-denfidha\/186714\/#primaryimage"},"image":{"@id":"https:\/\/www.webdo.tn\/fr\/actualite\/national\/salon-international-de-laerospatiale-et-de-la-defense-a-laeroport-denfidha\/186714\/#primaryimage"},"thumbnailUrl":"https:\/\/www.webdo.tn\/fr\/wp-content\/uploads\/2022\/10\/Aeroport-Enfidha-1024x333-1.jpg","datePublished":"2022-10-10T09:05:00+00:00","description":"Salon international de l'a\u00e9rospatiale et de la d\u00e9fense \u00e0 l'a\u00e9roport d'Enfidha","breadcrumb":{"@id":"https:\/\/www.webdo.tn\/fr\/actualite\/national\/salon-international-de-laerospatiale-et-de-la-defense-a-laeroport-denfidha\/186714\/#breadcrumb"},"inLanguage":"fr-FR","potentialAction":[{"@type":"ReadAction","target":["https:\/\/www.webdo.tn\/fr\/actualite\/national\/salon-international-de-laerospatiale-et-de-la-defense-a-laeroport-denfidha\/186714\/"]}]},{"@type":"ImageObject","inLanguage":"fr-FR","@id":"https:\/\/www.webdo.tn\/fr\/actualite\/national\/salon-international-de-laerospatiale-et-de-la-defense-a-laeroport-denfidha\/186714\/#primaryimage","url":"https:\/\/www.webdo.tn\/fr\/wp-content\/uploads\/2022\/10\/Aeroport-Enfidha-1024x333-1.jpg","contentUrl":"https:\/\/www.webdo.tn\/fr\/wp-content\/uploads\/2022\/10\/Aeroport-Enfidha-1024x333-1.jpg","width":1024,"height":333,"caption":"Salon international de l'a\u00e9rospatiale et de la d\u00e9fense \u00e0 l'a\u00e9roport d'Enfidha"},{"@type":"BreadcrumbList","@id":"https:\/\/www.webdo.tn\/fr\/actualite\/national\/salon-international-de-laerospatiale-et-de-la-defense-a-laeroport-denfidha\/186714\/#breadcrumb","itemListElement":[{"@type":"ListItem","position":1,"name":"Accueil","item":"https:\/\/www.webdo.tn\/fr\/"},{"@type":"ListItem","position":2,"name":"Salon international de l&#8217;a\u00e9rospatiale et de la d\u00e9fense \u00e0 l&#8217;a\u00e9roport d&#8217;Enfidha"}]},{"@type":"WebSite","@id":"https:\/\/www.webdo.tn\/fr\/#website","url":"https:\/\/www.webdo.tn\/fr\/","name":"webdo","description":"Tunisie - News en Tunisie et \u00e0 l&#039;international sur Webdo.tn","publisher":{"@id":"https:\/\/www.webdo.tn\/fr\/#organization"},"potentialAction":[{"@type":"SearchAction","target":{"@type":"EntryPoint","urlTemplate":"https:\/\/www.webdo.tn\/fr\/?s={search_term_string}"},"query-input":{"@type":"PropertyValueSpecification","valueRequired":true,"valueName":"search_term_string"}}],"inLanguage":"fr-FR"},{"@type":"Organization","@id":"https:\/\/www.webdo.tn\/fr\/#organization","name":"Webdo","alternateName":"Webdo.tn","url":"https:\/\/www.webdo.tn\/fr\/","logo":{"@type":"ImageObject","inLanguage":"fr-FR","@id":"https:\/\/www.webdo.tn\/fr\/#\/schema\/logo\/image\/","url":"https:\/\/www.webdo.tn\/fr\/wp-content\/uploads\/2025\/06\/Webdo-Tunisie_168377.jpg","contentUrl":"https:\/\/www.webdo.tn\/fr\/wp-content\/uploads\/2025\/06\/Webdo-Tunisie_168377.jpg","width":301,"height":301,"caption":"Webdo"},"image":{"@id":"https:\/\/www.webdo.tn\/fr\/#\/schema\/logo\/image\/"},"sameAs":["https:\/\/www.facebook.com\/webdotn","https:\/\/x.com\/webdo_tn"],"description":"Webdo est un m\u00e9dia num\u00e9rique tunisien fond\u00e9 en 2010, sp\u00e9cialis\u00e9 dans l\u2019actualit\u00e9 nationale et internationale, l\u2019\u00e9conomie, la soci\u00e9t\u00e9 et les analyses politiques. Le site s\u2019adresse \u00e0 un large public francophone et couvre l\u2019information tunisienne en temps r\u00e9el.","email":"redac@webdo.tn","legalName":"YNJ SARL","foundingDate":"2010-09-06","numberOfEmployees":{"@type":"QuantitativeValue","minValue":"11","maxValue":"50"}},{"@type":"Person","@id":"https:\/\/www.webdo.tn\/fr\/#\/schema\/person\/9a9c6118d687c117df8ef3cc36a4d175","name":"webdo.tn","image":{"@type":"ImageObject","inLanguage":"fr-FR","@id":"https:\/\/secure.gravatar.com\/avatar\/7ce1f28c0c3bbac99ff550b85ef8e44a6950c6ee24514fb6a5489e51d06f0298?s=96&d=mm&r=g","url":"https:\/\/secure.gravatar.com\/avatar\/7ce1f28c0c3bbac99ff550b85ef8e44a6950c6ee24514fb6a5489e51d06f0298?s=96&d=mm&r=g","contentUrl":"https:\/\/secure.gravatar.com\/avatar\/7ce1f28c0c3bbac99ff550b85ef8e44a6950c6ee24514fb6a5489e51d06f0298?s=96&d=mm&r=g","caption":"webdo.tn"},"url":"https:\/\/www.webdo.tn\/fr\/actualite\/author\/webdotn\/"}]}},"_links":{"self":[{"href":"https:\/\/www.webdo.tn\/fr\/wp-json\/wp\/v2\/posts\/186714","targetHints":{"allow":["GET"]}}],"collection":[{"href":"https:\/\/www.webdo.tn\/fr\/wp-json\/wp\/v2\/posts"}],"about":[{"href":"https:\/\/www.webdo.tn\/fr\/wp-json\/wp\/v2\/types\/post"}],"author":[{"embeddable":true,"href":"https:\/\/www.webdo.tn\/fr\/wp-json\/wp\/v2\/users\/3222"}],"replies":[{"embeddable":true,"href":"https:\/\/www.webdo.tn\/fr\/wp-json\/wp\/v2\/comments?post=186714"}],"version-history":[{"count":0,"href":"https:\/\/www.webdo.tn\/fr\/wp-json\/wp\/v2\/posts\/186714\/revisions"}],"wp:featuredmedia":[{"embeddable":true,"href":"https:\/\/www.webdo.tn\/fr\/wp-json\/wp\/v2\/media\/253626"}],"wp:attachment":[{"href":"https:\/\/www.webdo.tn\/fr\/wp-json\/wp\/v2\/media?parent=186714"}],"wp:term":[{"taxonomy":"category","embeddable":true,"href":"https:\/\/www.webdo.tn\/fr\/wp-json\/wp\/v2\/categories?post=186714"},{"taxonomy":"post_tag","embeddable":true,"href":"https:\/\/www.webdo.tn\/fr\/wp-json\/wp\/v2\/tags?post=186714"}],"curies":[{"name":"wp","href":"https:\/\/api.w.org\/{rel}","templated":true}]}}