{"id":186712,"date":"2022-10-09T12:47:00","date_gmt":"2022-10-09T12:47:00","guid":{"rendered":"https:\/\/www.webdo.tn\/fr\/blog\/al-jomhouri-modifier-la-loi-electorale-est-un-aveu-de-lechec-des-choix-du-pouvoir\/186712\/"},"modified":"2025-05-17T20:56:51","modified_gmt":"2025-05-17T20:56:51","slug":"al-jomhouri-modifier-la-loi-electorale-est-un-aveu-de-lechec-des-choix-du-pouvoir","status":"publish","type":"post","link":"https:\/\/www.webdo.tn\/fr\/actualite\/national\/al-jomhouri-modifier-la-loi-electorale-est-un-aveu-de-lechec-des-choix-du-pouvoir\/186712\/","title":{"rendered":"Al Jomhouri\u00a0: modifier la loi \u00e9lectorale est un aveu de l\u2019\u00e9chec des choix du pouvoir"},"content":{"rendered":"<p>Le parti Al Jomhouri a affirm\u00e9 que la modification de la loi \u00e9lectorale dans cette circonstance particuli\u00e8re \u00ab\u00a0est un aveu de la part de l\u2019autorit\u00e9 de son \u00e9chec et de sa confusion politique, et un signe que le pays entrera dans une phase de chaos l\u00e9gislatif, avec un r\u00e8gne individuel sans contr\u00f4le\u00a0\u00bb.<\/p>\n<p>Dans un communiqu\u00e9 rendu public ce dimanche 9 octobre 2022, le parti a rejet\u00e9 ce qu&rsquo;il consid\u00e8re comme \u00ab une tentative de l&rsquo;autorit\u00e9 de rechercher des boucs \u00e9missaires pour son \u00e9chec et des pr\u00e9textes pour attaquer les conseils municipaux \u00e9lus, en vue de leur dissolution et de la suppression de leur r\u00f4le \u00bb.<\/p>\n<p>Le parti a, \u00e9galement, r\u00e9it\u00e9r\u00e9 son rejet du processus du 25 juillet et son boycott des l\u00e9gislatives qu&rsquo;il a qualifi\u00e9es de \u00ab\u00a0farce\u00a0\u00bb.<\/p>\n","protected":false},"excerpt":{"rendered":"<p>Al Jomhouri\u00a0: modifier la loi \u00e9lectorale est un aveu de l\u2019\u00e9chec des choix du pouvoir<\/p>\n","protected":false},"author":3222,"featured_media":370331,"comment_status":"open","ping_status":"closed","sticky":false,"template":"","format":"standard","meta":{"footnotes":""},"categories":[44],"tags":[2600],"class_list":["post-186712","post","type-post","status-publish","format-standard","has-post-thumbnail","hentry","category-national","tag-guerre"],"yoast_head":"<!-- This site is optimized with the Yoast SEO Premium plugin v27.4 (Yoast SEO v27.4) - https:\/\/yoast.com\/product\/yoast-seo-premium-wordpress\/ -->\n<title>Al Jomhouri\u00a0: modifier la loi \u00e9lectorale est un aveu de l\u2019\u00e9chec des choix du pouvoir<\/title>\n<meta name=\"description\" content=\"Al Jomhouri\u00a0: modifier la loi \u00e9lectorale est un aveu de l\u2019\u00e9chec des choix du pouvoir\" \/>\n<link rel=\"canonical\" href=\"https:\/\/www.webdo.tn\/fr\/actualite\/national\/al-jomhouri-modifier-la-loi-electorale-est-un-aveu-de-lechec-des-choix-du-pouvoir\/186712\/\" \/>\n<meta property=\"og:locale\" content=\"fr_FR\" \/>\n<meta property=\"og:type\" content=\"article\" \/>\n<meta property=\"og:title\" content=\"Al Jomhouri\u00a0: modifier la loi \u00e9lectorale est un aveu de l\u2019\u00e9chec des choix du pouvoir\" \/>\n<meta property=\"og:description\" content=\"Al Jomhouri\u00a0: modifier la loi \u00e9lectorale est un aveu de l\u2019\u00e9chec des choix du pouvoir\" \/>\n<meta property=\"og:url\" content=\"https:\/\/www.webdo.tn\/fr\/actualite\/national\/al-jomhouri-modifier-la-loi-electorale-est-un-aveu-de-lechec-des-choix-du-pouvoir\/186712\/\" \/>\n<meta property=\"og:site_name\" content=\"webdo\" \/>\n<meta property=\"article:publisher\" content=\"https:\/\/www.facebook.com\/webdotn\" \/>\n<meta property=\"article:published_time\" content=\"2022-10-09T12:47:00+00:00\" \/>\n<meta property=\"article:modified_time\" content=\"2025-05-17T20:56:51+00:00\" \/>\n<meta property=\"og:image\" content=\"https:\/\/www.webdo.tn\/fr\/wp-content\/uploads\/2025\/06\/Capture-decran-2014-12-08-a-10.15.27_186712.png\" \/>\n\t<meta property=\"og:image:width\" content=\"564\" \/>\n\t<meta property=\"og:image:height\" content=\"427\" \/>\n\t<meta property=\"og:image:type\" content=\"image\/png\" \/>\n<meta name=\"author\" content=\"webdo.tn\" \/>\n<meta name=\"twitter:card\" content=\"summary_large_image\" \/>\n<meta name=\"twitter:creator\" content=\"@webdo_tn\" \/>\n<meta name=\"twitter:site\" content=\"@webdo_tn\" \/>\n<meta name=\"twitter:label1\" content=\"\u00c9crit par\" \/>\n\t<meta name=\"twitter:data1\" content=\"webdo.tn\" \/>\n\t<meta name=\"twitter:label2\" content=\"Dur\u00e9e de lecture estim\u00e9e\" \/>\n\t<meta name=\"twitter:data2\" content=\"1 minute\" \/>\n<script type=\"application\/ld+json\" class=\"yoast-schema-graph\">{\"@context\":\"https:\\\/\\\/schema.org\",\"@graph\":[{\"@type\":\"NewsArticle\",\"@id\":\"https:\\\/\\\/www.webdo.tn\\\/fr\\\/actualite\\\/national\\\/al-jomhouri-modifier-la-loi-electorale-est-un-aveu-de-lechec-des-choix-du-pouvoir\\\/186712\\\/#article\",\"isPartOf\":{\"@id\":\"https:\\\/\\\/www.webdo.tn\\\/fr\\\/actualite\\\/national\\\/al-jomhouri-modifier-la-loi-electorale-est-un-aveu-de-lechec-des-choix-du-pouvoir\\\/186712\\\/\"},\"author\":{\"name\":\"webdo.tn\",\"@id\":\"https:\\\/\\\/www.webdo.tn\\\/fr\\\/#\\\/schema\\\/person\\\/9a9c6118d687c117df8ef3cc36a4d175\"},\"headline\":\"Al Jomhouri\u00a0: modifier la loi \u00e9lectorale est un aveu de l\u2019\u00e9chec des choix du pouvoir\",\"datePublished\":\"2022-10-09T12:47:00+00:00\",\"dateModified\":\"2025-05-17T20:56:51+00:00\",\"mainEntityOfPage\":{\"@id\":\"https:\\\/\\\/www.webdo.tn\\\/fr\\\/actualite\\\/national\\\/al-jomhouri-modifier-la-loi-electorale-est-un-aveu-de-lechec-des-choix-du-pouvoir\\\/186712\\\/\"},\"wordCount\":153,\"commentCount\":0,\"publisher\":{\"@id\":\"https:\\\/\\\/www.webdo.tn\\\/fr\\\/#organization\"},\"image\":{\"@id\":\"https:\\\/\\\/www.webdo.tn\\\/fr\\\/actualite\\\/national\\\/al-jomhouri-modifier-la-loi-electorale-est-un-aveu-de-lechec-des-choix-du-pouvoir\\\/186712\\\/#primaryimage\"},\"thumbnailUrl\":\"https:\\\/\\\/www.webdo.tn\\\/fr\\\/wp-content\\\/uploads\\\/2025\\\/06\\\/Capture-decran-2014-12-08-a-10.15.27_186712.png\",\"keywords\":[\"guerre\"],\"articleSection\":[\"National\"],\"inLanguage\":\"fr-FR\"},{\"@type\":\"WebPage\",\"@id\":\"https:\\\/\\\/www.webdo.tn\\\/fr\\\/actualite\\\/national\\\/al-jomhouri-modifier-la-loi-electorale-est-un-aveu-de-lechec-des-choix-du-pouvoir\\\/186712\\\/\",\"url\":\"https:\\\/\\\/www.webdo.tn\\\/fr\\\/actualite\\\/national\\\/al-jomhouri-modifier-la-loi-electorale-est-un-aveu-de-lechec-des-choix-du-pouvoir\\\/186712\\\/\",\"name\":\"Al Jomhouri\u00a0: modifier la loi \u00e9lectorale est un aveu de l\u2019\u00e9chec des choix du pouvoir\",\"isPartOf\":{\"@id\":\"https:\\\/\\\/www.webdo.tn\\\/fr\\\/#website\"},\"primaryImageOfPage\":{\"@id\":\"https:\\\/\\\/www.webdo.tn\\\/fr\\\/actualite\\\/national\\\/al-jomhouri-modifier-la-loi-electorale-est-un-aveu-de-lechec-des-choix-du-pouvoir\\\/186712\\\/#primaryimage\"},\"image\":{\"@id\":\"https:\\\/\\\/www.webdo.tn\\\/fr\\\/actualite\\\/national\\\/al-jomhouri-modifier-la-loi-electorale-est-un-aveu-de-lechec-des-choix-du-pouvoir\\\/186712\\\/#primaryimage\"},\"thumbnailUrl\":\"https:\\\/\\\/www.webdo.tn\\\/fr\\\/wp-content\\\/uploads\\\/2025\\\/06\\\/Capture-decran-2014-12-08-a-10.15.27_186712.png\",\"datePublished\":\"2022-10-09T12:47:00+00:00\",\"dateModified\":\"2025-05-17T20:56:51+00:00\",\"description\":\"Al Jomhouri\u00a0: modifier la loi \u00e9lectorale est un aveu de l\u2019\u00e9chec des choix du pouvoir\",\"breadcrumb\":{\"@id\":\"https:\\\/\\\/www.webdo.tn\\\/fr\\\/actualite\\\/national\\\/al-jomhouri-modifier-la-loi-electorale-est-un-aveu-de-lechec-des-choix-du-pouvoir\\\/186712\\\/#breadcrumb\"},\"inLanguage\":\"fr-FR\",\"potentialAction\":[{\"@type\":\"ReadAction\",\"target\":[\"https:\\\/\\\/www.webdo.tn\\\/fr\\\/actualite\\\/national\\\/al-jomhouri-modifier-la-loi-electorale-est-un-aveu-de-lechec-des-choix-du-pouvoir\\\/186712\\\/\"]}]},{\"@type\":\"ImageObject\",\"inLanguage\":\"fr-FR\",\"@id\":\"https:\\\/\\\/www.webdo.tn\\\/fr\\\/actualite\\\/national\\\/al-jomhouri-modifier-la-loi-electorale-est-un-aveu-de-lechec-des-choix-du-pouvoir\\\/186712\\\/#primaryimage\",\"url\":\"https:\\\/\\\/www.webdo.tn\\\/fr\\\/wp-content\\\/uploads\\\/2025\\\/06\\\/Capture-decran-2014-12-08-a-10.15.27_186712.png\",\"contentUrl\":\"https:\\\/\\\/www.webdo.tn\\\/fr\\\/wp-content\\\/uploads\\\/2025\\\/06\\\/Capture-decran-2014-12-08-a-10.15.27_186712.png\",\"width\":564,\"height\":427,\"caption\":\"Al Jomhouri\u00a0: modifier la loi \u00e9lectorale est un aveu de l\u2019\u00e9chec des choix du pouvoir\"},{\"@type\":\"BreadcrumbList\",\"@id\":\"https:\\\/\\\/www.webdo.tn\\\/fr\\\/actualite\\\/national\\\/al-jomhouri-modifier-la-loi-electorale-est-un-aveu-de-lechec-des-choix-du-pouvoir\\\/186712\\\/#breadcrumb\",\"itemListElement\":[{\"@type\":\"ListItem\",\"position\":1,\"name\":\"Accueil\",\"item\":\"https:\\\/\\\/www.webdo.tn\\\/fr\\\/\"},{\"@type\":\"ListItem\",\"position\":2,\"name\":\"Al Jomhouri\u00a0: modifier la loi \u00e9lectorale est un aveu de l\u2019\u00e9chec des choix du pouvoir\"}]},{\"@type\":\"WebSite\",\"@id\":\"https:\\\/\\\/www.webdo.tn\\\/fr\\\/#website\",\"url\":\"https:\\\/\\\/www.webdo.tn\\\/fr\\\/\",\"name\":\"webdo\",\"description\":\"Tunisie - News en Tunisie et \u00e0 l&#039;international sur Webdo.tn\",\"publisher\":{\"@id\":\"https:\\\/\\\/www.webdo.tn\\\/fr\\\/#organization\"},\"potentialAction\":[{\"@type\":\"SearchAction\",\"target\":{\"@type\":\"EntryPoint\",\"urlTemplate\":\"https:\\\/\\\/www.webdo.tn\\\/fr\\\/?s={search_term_string}\"},\"query-input\":{\"@type\":\"PropertyValueSpecification\",\"valueRequired\":true,\"valueName\":\"search_term_string\"}}],\"inLanguage\":\"fr-FR\"},{\"@type\":\"Organization\",\"@id\":\"https:\\\/\\\/www.webdo.tn\\\/fr\\\/#organization\",\"name\":\"Webdo\",\"alternateName\":\"Webdo.tn\",\"url\":\"https:\\\/\\\/www.webdo.tn\\\/fr\\\/\",\"logo\":{\"@type\":\"ImageObject\",\"inLanguage\":\"fr-FR\",\"@id\":\"https:\\\/\\\/www.webdo.tn\\\/fr\\\/#\\\/schema\\\/logo\\\/image\\\/\",\"url\":\"https:\\\/\\\/www.webdo.tn\\\/fr\\\/wp-content\\\/uploads\\\/2025\\\/06\\\/Webdo-Tunisie_168377.jpg\",\"contentUrl\":\"https:\\\/\\\/www.webdo.tn\\\/fr\\\/wp-content\\\/uploads\\\/2025\\\/06\\\/Webdo-Tunisie_168377.jpg\",\"width\":301,\"height\":301,\"caption\":\"Webdo\"},\"image\":{\"@id\":\"https:\\\/\\\/www.webdo.tn\\\/fr\\\/#\\\/schema\\\/logo\\\/image\\\/\"},\"sameAs\":[\"https:\\\/\\\/www.facebook.com\\\/webdotn\",\"https:\\\/\\\/x.com\\\/webdo_tn\"],\"description\":\"Webdo est un m\u00e9dia num\u00e9rique tunisien fond\u00e9 en 2010, sp\u00e9cialis\u00e9 dans l\u2019actualit\u00e9 nationale et internationale, l\u2019\u00e9conomie, la soci\u00e9t\u00e9 et les analyses politiques. Le site s\u2019adresse \u00e0 un large public francophone et couvre l\u2019information tunisienne en temps r\u00e9el.\",\"email\":\"redac@webdo.tn\",\"legalName\":\"YNJ SARL\",\"foundingDate\":\"2010-09-06\",\"numberOfEmployees\":{\"@type\":\"QuantitativeValue\",\"minValue\":\"11\",\"maxValue\":\"50\"}},{\"@type\":\"Person\",\"@id\":\"https:\\\/\\\/www.webdo.tn\\\/fr\\\/#\\\/schema\\\/person\\\/9a9c6118d687c117df8ef3cc36a4d175\",\"name\":\"webdo.tn\",\"image\":{\"@type\":\"ImageObject\",\"inLanguage\":\"fr-FR\",\"@id\":\"https:\\\/\\\/secure.gravatar.com\\\/avatar\\\/7ce1f28c0c3bbac99ff550b85ef8e44a6950c6ee24514fb6a5489e51d06f0298?s=96&d=mm&r=g\",\"url\":\"https:\\\/\\\/secure.gravatar.com\\\/avatar\\\/7ce1f28c0c3bbac99ff550b85ef8e44a6950c6ee24514fb6a5489e51d06f0298?s=96&d=mm&r=g\",\"contentUrl\":\"https:\\\/\\\/secure.gravatar.com\\\/avatar\\\/7ce1f28c0c3bbac99ff550b85ef8e44a6950c6ee24514fb6a5489e51d06f0298?s=96&d=mm&r=g\",\"caption\":\"webdo.tn\"},\"url\":\"https:\\\/\\\/www.webdo.tn\\\/fr\\\/actualite\\\/author\\\/webdotn\\\/\"}]}<\/script>\n<!-- \/ Yoast SEO Premium plugin. -->","yoast_head_json":{"title":"Al Jomhouri\u00a0: modifier la loi \u00e9lectorale est un aveu de l\u2019\u00e9chec des choix du pouvoir","description":"Al Jomhouri\u00a0: modifier la loi \u00e9lectorale est un aveu de l\u2019\u00e9chec des choix du pouvoir","canonical":"https:\/\/www.webdo.tn\/fr\/actualite\/national\/al-jomhouri-modifier-la-loi-electorale-est-un-aveu-de-lechec-des-choix-du-pouvoir\/186712\/","og_locale":"fr_FR","og_type":"article","og_title":"Al Jomhouri\u00a0: modifier la loi \u00e9lectorale est un aveu de l\u2019\u00e9chec des choix du pouvoir","og_description":"Al Jomhouri\u00a0: modifier la loi \u00e9lectorale est un aveu de l\u2019\u00e9chec des choix du pouvoir","og_url":"https:\/\/www.webdo.tn\/fr\/actualite\/national\/al-jomhouri-modifier-la-loi-electorale-est-un-aveu-de-lechec-des-choix-du-pouvoir\/186712\/","og_site_name":"webdo","article_publisher":"https:\/\/www.facebook.com\/webdotn","article_published_time":"2022-10-09T12:47:00+00:00","article_modified_time":"2025-05-17T20:56:51+00:00","og_image":[{"width":564,"height":427,"url":"https:\/\/www.webdo.tn\/fr\/wp-content\/uploads\/2025\/06\/Capture-decran-2014-12-08-a-10.15.27_186712.png","type":"image\/png"}],"author":"webdo.tn","twitter_card":"summary_large_image","twitter_creator":"@webdo_tn","twitter_site":"@webdo_tn","twitter_misc":{"\u00c9crit par":"webdo.tn","Dur\u00e9e de lecture estim\u00e9e":"1 minute"},"schema":{"@context":"https:\/\/schema.org","@graph":[{"@type":"NewsArticle","@id":"https:\/\/www.webdo.tn\/fr\/actualite\/national\/al-jomhouri-modifier-la-loi-electorale-est-un-aveu-de-lechec-des-choix-du-pouvoir\/186712\/#article","isPartOf":{"@id":"https:\/\/www.webdo.tn\/fr\/actualite\/national\/al-jomhouri-modifier-la-loi-electorale-est-un-aveu-de-lechec-des-choix-du-pouvoir\/186712\/"},"author":{"name":"webdo.tn","@id":"https:\/\/www.webdo.tn\/fr\/#\/schema\/person\/9a9c6118d687c117df8ef3cc36a4d175"},"headline":"Al Jomhouri\u00a0: modifier la loi \u00e9lectorale est un aveu de l\u2019\u00e9chec des choix du pouvoir","datePublished":"2022-10-09T12:47:00+00:00","dateModified":"2025-05-17T20:56:51+00:00","mainEntityOfPage":{"@id":"https:\/\/www.webdo.tn\/fr\/actualite\/national\/al-jomhouri-modifier-la-loi-electorale-est-un-aveu-de-lechec-des-choix-du-pouvoir\/186712\/"},"wordCount":153,"commentCount":0,"publisher":{"@id":"https:\/\/www.webdo.tn\/fr\/#organization"},"image":{"@id":"https:\/\/www.webdo.tn\/fr\/actualite\/national\/al-jomhouri-modifier-la-loi-electorale-est-un-aveu-de-lechec-des-choix-du-pouvoir\/186712\/#primaryimage"},"thumbnailUrl":"https:\/\/www.webdo.tn\/fr\/wp-content\/uploads\/2025\/06\/Capture-decran-2014-12-08-a-10.15.27_186712.png","keywords":["guerre"],"articleSection":["National"],"inLanguage":"fr-FR"},{"@type":"WebPage","@id":"https:\/\/www.webdo.tn\/fr\/actualite\/national\/al-jomhouri-modifier-la-loi-electorale-est-un-aveu-de-lechec-des-choix-du-pouvoir\/186712\/","url":"https:\/\/www.webdo.tn\/fr\/actualite\/national\/al-jomhouri-modifier-la-loi-electorale-est-un-aveu-de-lechec-des-choix-du-pouvoir\/186712\/","name":"Al Jomhouri\u00a0: modifier la loi \u00e9lectorale est un aveu de l\u2019\u00e9chec des choix du pouvoir","isPartOf":{"@id":"https:\/\/www.webdo.tn\/fr\/#website"},"primaryImageOfPage":{"@id":"https:\/\/www.webdo.tn\/fr\/actualite\/national\/al-jomhouri-modifier-la-loi-electorale-est-un-aveu-de-lechec-des-choix-du-pouvoir\/186712\/#primaryimage"},"image":{"@id":"https:\/\/www.webdo.tn\/fr\/actualite\/national\/al-jomhouri-modifier-la-loi-electorale-est-un-aveu-de-lechec-des-choix-du-pouvoir\/186712\/#primaryimage"},"thumbnailUrl":"https:\/\/www.webdo.tn\/fr\/wp-content\/uploads\/2025\/06\/Capture-decran-2014-12-08-a-10.15.27_186712.png","datePublished":"2022-10-09T12:47:00+00:00","dateModified":"2025-05-17T20:56:51+00:00","description":"Al Jomhouri\u00a0: modifier la loi \u00e9lectorale est un aveu de l\u2019\u00e9chec des choix du pouvoir","breadcrumb":{"@id":"https:\/\/www.webdo.tn\/fr\/actualite\/national\/al-jomhouri-modifier-la-loi-electorale-est-un-aveu-de-lechec-des-choix-du-pouvoir\/186712\/#breadcrumb"},"inLanguage":"fr-FR","potentialAction":[{"@type":"ReadAction","target":["https:\/\/www.webdo.tn\/fr\/actualite\/national\/al-jomhouri-modifier-la-loi-electorale-est-un-aveu-de-lechec-des-choix-du-pouvoir\/186712\/"]}]},{"@type":"ImageObject","inLanguage":"fr-FR","@id":"https:\/\/www.webdo.tn\/fr\/actualite\/national\/al-jomhouri-modifier-la-loi-electorale-est-un-aveu-de-lechec-des-choix-du-pouvoir\/186712\/#primaryimage","url":"https:\/\/www.webdo.tn\/fr\/wp-content\/uploads\/2025\/06\/Capture-decran-2014-12-08-a-10.15.27_186712.png","contentUrl":"https:\/\/www.webdo.tn\/fr\/wp-content\/uploads\/2025\/06\/Capture-decran-2014-12-08-a-10.15.27_186712.png","width":564,"height":427,"caption":"Al Jomhouri\u00a0: modifier la loi \u00e9lectorale est un aveu de l\u2019\u00e9chec des choix du pouvoir"},{"@type":"BreadcrumbList","@id":"https:\/\/www.webdo.tn\/fr\/actualite\/national\/al-jomhouri-modifier-la-loi-electorale-est-un-aveu-de-lechec-des-choix-du-pouvoir\/186712\/#breadcrumb","itemListElement":[{"@type":"ListItem","position":1,"name":"Accueil","item":"https:\/\/www.webdo.tn\/fr\/"},{"@type":"ListItem","position":2,"name":"Al Jomhouri\u00a0: modifier la loi \u00e9lectorale est un aveu de l\u2019\u00e9chec des choix du pouvoir"}]},{"@type":"WebSite","@id":"https:\/\/www.webdo.tn\/fr\/#website","url":"https:\/\/www.webdo.tn\/fr\/","name":"webdo","description":"Tunisie - News en Tunisie et \u00e0 l&#039;international sur Webdo.tn","publisher":{"@id":"https:\/\/www.webdo.tn\/fr\/#organization"},"potentialAction":[{"@type":"SearchAction","target":{"@type":"EntryPoint","urlTemplate":"https:\/\/www.webdo.tn\/fr\/?s={search_term_string}"},"query-input":{"@type":"PropertyValueSpecification","valueRequired":true,"valueName":"search_term_string"}}],"inLanguage":"fr-FR"},{"@type":"Organization","@id":"https:\/\/www.webdo.tn\/fr\/#organization","name":"Webdo","alternateName":"Webdo.tn","url":"https:\/\/www.webdo.tn\/fr\/","logo":{"@type":"ImageObject","inLanguage":"fr-FR","@id":"https:\/\/www.webdo.tn\/fr\/#\/schema\/logo\/image\/","url":"https:\/\/www.webdo.tn\/fr\/wp-content\/uploads\/2025\/06\/Webdo-Tunisie_168377.jpg","contentUrl":"https:\/\/www.webdo.tn\/fr\/wp-content\/uploads\/2025\/06\/Webdo-Tunisie_168377.jpg","width":301,"height":301,"caption":"Webdo"},"image":{"@id":"https:\/\/www.webdo.tn\/fr\/#\/schema\/logo\/image\/"},"sameAs":["https:\/\/www.facebook.com\/webdotn","https:\/\/x.com\/webdo_tn"],"description":"Webdo est un m\u00e9dia num\u00e9rique tunisien fond\u00e9 en 2010, sp\u00e9cialis\u00e9 dans l\u2019actualit\u00e9 nationale et internationale, l\u2019\u00e9conomie, la soci\u00e9t\u00e9 et les analyses politiques. Le site s\u2019adresse \u00e0 un large public francophone et couvre l\u2019information tunisienne en temps r\u00e9el.","email":"redac@webdo.tn","legalName":"YNJ SARL","foundingDate":"2010-09-06","numberOfEmployees":{"@type":"QuantitativeValue","minValue":"11","maxValue":"50"}},{"@type":"Person","@id":"https:\/\/www.webdo.tn\/fr\/#\/schema\/person\/9a9c6118d687c117df8ef3cc36a4d175","name":"webdo.tn","image":{"@type":"ImageObject","inLanguage":"fr-FR","@id":"https:\/\/secure.gravatar.com\/avatar\/7ce1f28c0c3bbac99ff550b85ef8e44a6950c6ee24514fb6a5489e51d06f0298?s=96&d=mm&r=g","url":"https:\/\/secure.gravatar.com\/avatar\/7ce1f28c0c3bbac99ff550b85ef8e44a6950c6ee24514fb6a5489e51d06f0298?s=96&d=mm&r=g","contentUrl":"https:\/\/secure.gravatar.com\/avatar\/7ce1f28c0c3bbac99ff550b85ef8e44a6950c6ee24514fb6a5489e51d06f0298?s=96&d=mm&r=g","caption":"webdo.tn"},"url":"https:\/\/www.webdo.tn\/fr\/actualite\/author\/webdotn\/"}]}},"_links":{"self":[{"href":"https:\/\/www.webdo.tn\/fr\/wp-json\/wp\/v2\/posts\/186712","targetHints":{"allow":["GET"]}}],"collection":[{"href":"https:\/\/www.webdo.tn\/fr\/wp-json\/wp\/v2\/posts"}],"about":[{"href":"https:\/\/www.webdo.tn\/fr\/wp-json\/wp\/v2\/types\/post"}],"author":[{"embeddable":true,"href":"https:\/\/www.webdo.tn\/fr\/wp-json\/wp\/v2\/users\/3222"}],"replies":[{"embeddable":true,"href":"https:\/\/www.webdo.tn\/fr\/wp-json\/wp\/v2\/comments?post=186712"}],"version-history":[{"count":0,"href":"https:\/\/www.webdo.tn\/fr\/wp-json\/wp\/v2\/posts\/186712\/revisions"}],"wp:featuredmedia":[{"embeddable":true,"href":"https:\/\/www.webdo.tn\/fr\/wp-json\/wp\/v2\/media\/370331"}],"wp:attachment":[{"href":"https:\/\/www.webdo.tn\/fr\/wp-json\/wp\/v2\/media?parent=186712"}],"wp:term":[{"taxonomy":"category","embeddable":true,"href":"https:\/\/www.webdo.tn\/fr\/wp-json\/wp\/v2\/categories?post=186712"},{"taxonomy":"post_tag","embeddable":true,"href":"https:\/\/www.webdo.tn\/fr\/wp-json\/wp\/v2\/tags?post=186712"}],"curies":[{"name":"wp","href":"https:\/\/api.w.org\/{rel}","templated":true}]}}