{"id":186669,"date":"2022-10-11T15:25:00","date_gmt":"2022-10-11T15:25:00","guid":{"rendered":"https:\/\/www.webdo.tn\/fr\/blog\/ligue-1-la-ftf-accorde-la-retransmission-aux-chaines-tv-et-a-watchnow-jusqua-la-fin-doctobre\/186669\/"},"modified":"2025-05-14T10:56:02","modified_gmt":"2025-05-14T10:56:02","slug":"ligue-1-la-ftf-accorde-la-retransmission-aux-chaines-tv-et-a-watchnow-jusqua-la-fin-doctobre","status":"publish","type":"post","link":"https:\/\/www.webdo.tn\/fr\/actualite\/sport\/ligue-1-la-ftf-accorde-la-retransmission-aux-chaines-tv-et-a-watchnow-jusqua-la-fin-doctobre\/186669\/","title":{"rendered":"Ligue 1\u00a0: la FTF accorde la retransmission aux cha\u00eenes TV et \u00e0 watchnow jusqu\u2019\u00e0 la fin d\u2019octobre"},"content":{"rendered":"<p>Le bureau f\u00e9d\u00e9ral a d\u00e9cid\u00e9 d\u2019accorder le droit de diffusion de la Ligue 1 aux cha\u00eenes TV et \u00e0 watchnow jusqu\u2019\u00e0 la fin du mois d\u2019octobre, date de l\u2019examen d\u00e9finitif de toutes les offres et apr\u00e8s la fin des n\u00e9gociations par les commissions avec la participation des pr\u00e9sidents des clubs.<\/p>\n<p>La FTf a \u00e9galement annonc\u00e9 qu\u2019un contrat sera sign\u00e9 avec la Chaine Al Kass TV, qui a fait une offre qui r\u00e9pond aux demandes inscrites dans le cahier des charges.<\/p>\n<p>L\u2019Etablissement de la t\u00e9l\u00e9vision tunisienne a fait une offre de 2250 millions de dinars (la moiti\u00e9 du prix fix\u00e9 dans le cahier de charges de la FTF).<\/p>\n<p>Quant \u00e0 Attassia TV, elle a particip\u00e9 \u00e0 l\u2019offre pour le droit d\u2019acc\u00e8s et du tournage de trois minutes. L\u2019offre est inf\u00e9rieure \u00e0 la somme inscrite dans le contrat de l\u2019ann\u00e9e pr\u00e9c\u00e9dente et n\u2019atteignant pas la somme inscrite dans le cahier de charges.<\/p>\n<p>Carthage + a, quant \u00e0 elle, pr\u00e9sent\u00e9 une offre \u00e9gale \u00e0 celle de Attassia TV et la moiti\u00e9 du montant inscrit la saison derni\u00e8re. Il est inf\u00e9rieur \u00e0 la somme inscrite au cahier de charges.<\/p>\n<p>Le bureau f\u00e9d\u00e9ral a charg\u00e9 un comit\u00e9 form\u00e9 de Wassef Jela\u00efel, Amine Mougou, Hichem Dhib et Mohamed Larbi de poursuivre les n\u00e9gociations avec l\u2019Etablissement de la t\u00e9l\u00e9vision tunisienne, Attassia TV et Carthage +. Les pr\u00e9sidents des clubs de Ligue 1 sont invit\u00e9s \u00e0 charger trois pr\u00e9sidents pour faire partie de ce comit\u00e9.<\/p>\n<p>En cas de d\u00e9saccord, la FTF r\u00e9clamera une r\u00e9union avec la ministre des Finances et la Cheffe du gouvernement, peut-on lire dans le communiqu\u00e9 de la FTF. En cas de persistance du d\u00e9saccord, une r\u00e9union urgente sera organis\u00e9e avec les clubs pour fixer les alternatives, dont accorder \u00e0 chaque club le droit de diffusion contre un accord avec la FTF. Il s\u2019agit d\u2019une mesure en vigueur dans certains championnats.<\/p>\n<p>Pour ce qui est du livestreaming, la FTF a indiqu\u00e9 que la soci\u00e9t\u00e9 \u00ab\u00a0watchnow\u00a0\u00bb a fait une offre pour la retransmission de tous les matchs. Le bureau f\u00e9d\u00e9ral a d\u00e9cid\u00e9 de charger le m\u00eame comit\u00e9 de n\u00e9gocier avec la soci\u00e9t\u00e9.<\/p>\n","protected":false},"excerpt":{"rendered":"<p>Ligue 1\u00a0: la FTF accorde la retransmission aux cha\u00eenes TV et \u00e0 watchnow jusqu\u2019\u00e0 la fin d\u2019octobre<\/p>\n","protected":false},"author":3222,"featured_media":253611,"comment_status":"open","ping_status":"closed","sticky":false,"template":"","format":"standard","meta":{"footnotes":""},"categories":[2593],"tags":[],"class_list":["post-186669","post","type-post","status-publish","format-standard","has-post-thumbnail","hentry","category-sport"],"yoast_head":"<!-- This site is optimized with the Yoast SEO Premium plugin v27.4 (Yoast SEO v27.4) - https:\/\/yoast.com\/product\/yoast-seo-premium-wordpress\/ -->\n<title>Ligue 1\u00a0: la FTF accorde la retransmission aux cha\u00eenes TV et \u00e0 watchnow jusqu\u2019\u00e0 la fin d\u2019octobre<\/title>\n<meta name=\"description\" content=\"Ligue 1\u00a0: la FTF accorde la retransmission aux cha\u00eenes TV et \u00e0 watchnow jusqu\u2019\u00e0 la fin d\u2019octobre\" \/>\n<link rel=\"canonical\" href=\"https:\/\/www.webdo.tn\/fr\/actualite\/sport\/ligue-1-la-ftf-accorde-la-retransmission-aux-chaines-tv-et-a-watchnow-jusqua-la-fin-doctobre\/186669\/\" \/>\n<meta property=\"og:locale\" content=\"fr_FR\" \/>\n<meta property=\"og:type\" content=\"article\" \/>\n<meta property=\"og:title\" content=\"Ligue 1\u00a0: la FTF accorde la retransmission aux cha\u00eenes TV et \u00e0 watchnow jusqu\u2019\u00e0 la fin d\u2019octobre\" \/>\n<meta property=\"og:description\" content=\"Ligue 1\u00a0: la FTF accorde la retransmission aux cha\u00eenes TV et \u00e0 watchnow jusqu\u2019\u00e0 la fin d\u2019octobre\" \/>\n<meta property=\"og:url\" content=\"https:\/\/www.webdo.tn\/fr\/actualite\/sport\/ligue-1-la-ftf-accorde-la-retransmission-aux-chaines-tv-et-a-watchnow-jusqua-la-fin-doctobre\/186669\/\" \/>\n<meta property=\"og:site_name\" content=\"webdo\" \/>\n<meta property=\"article:publisher\" content=\"https:\/\/www.facebook.com\/webdotn\" \/>\n<meta property=\"article:published_time\" content=\"2022-10-11T15:25:00+00:00\" \/>\n<meta property=\"article:modified_time\" content=\"2025-05-14T10:56:02+00:00\" \/>\n<meta property=\"og:image\" content=\"https:\/\/www.webdo.tn\/fr\/wp-content\/uploads\/2022\/10\/Ligue-1-retransmission-tv.jpg\" \/>\n\t<meta property=\"og:image:width\" content=\"1280\" \/>\n\t<meta property=\"og:image:height\" content=\"619\" \/>\n\t<meta property=\"og:image:type\" content=\"image\/jpeg\" \/>\n<meta name=\"author\" content=\"webdo.tn\" \/>\n<meta name=\"twitter:card\" content=\"summary_large_image\" \/>\n<meta name=\"twitter:creator\" content=\"@webdo_tn\" \/>\n<meta name=\"twitter:site\" content=\"@webdo_tn\" \/>\n<meta name=\"twitter:label1\" content=\"\u00c9crit par\" \/>\n\t<meta name=\"twitter:data1\" content=\"webdo.tn\" \/>\n\t<meta name=\"twitter:label2\" content=\"Dur\u00e9e de lecture estim\u00e9e\" \/>\n\t<meta name=\"twitter:data2\" content=\"2 minutes\" \/>\n<script type=\"application\/ld+json\" class=\"yoast-schema-graph\">{\"@context\":\"https:\\\/\\\/schema.org\",\"@graph\":[{\"@type\":\"NewsArticle\",\"@id\":\"https:\\\/\\\/www.webdo.tn\\\/fr\\\/actualite\\\/sport\\\/ligue-1-la-ftf-accorde-la-retransmission-aux-chaines-tv-et-a-watchnow-jusqua-la-fin-doctobre\\\/186669\\\/#article\",\"isPartOf\":{\"@id\":\"https:\\\/\\\/www.webdo.tn\\\/fr\\\/actualite\\\/sport\\\/ligue-1-la-ftf-accorde-la-retransmission-aux-chaines-tv-et-a-watchnow-jusqua-la-fin-doctobre\\\/186669\\\/\"},\"author\":{\"name\":\"webdo.tn\",\"@id\":\"https:\\\/\\\/www.webdo.tn\\\/fr\\\/#\\\/schema\\\/person\\\/9a9c6118d687c117df8ef3cc36a4d175\"},\"headline\":\"Ligue 1\u00a0: la FTF accorde la retransmission aux cha\u00eenes TV et \u00e0 watchnow jusqu\u2019\u00e0 la fin d\u2019octobre\",\"datePublished\":\"2022-10-11T15:25:00+00:00\",\"dateModified\":\"2025-05-14T10:56:02+00:00\",\"mainEntityOfPage\":{\"@id\":\"https:\\\/\\\/www.webdo.tn\\\/fr\\\/actualite\\\/sport\\\/ligue-1-la-ftf-accorde-la-retransmission-aux-chaines-tv-et-a-watchnow-jusqua-la-fin-doctobre\\\/186669\\\/\"},\"wordCount\":403,\"commentCount\":0,\"publisher\":{\"@id\":\"https:\\\/\\\/www.webdo.tn\\\/fr\\\/#organization\"},\"image\":{\"@id\":\"https:\\\/\\\/www.webdo.tn\\\/fr\\\/actualite\\\/sport\\\/ligue-1-la-ftf-accorde-la-retransmission-aux-chaines-tv-et-a-watchnow-jusqua-la-fin-doctobre\\\/186669\\\/#primaryimage\"},\"thumbnailUrl\":\"https:\\\/\\\/www.webdo.tn\\\/fr\\\/wp-content\\\/uploads\\\/2022\\\/10\\\/Ligue-1-retransmission-tv.jpg\",\"articleSection\":[\"Sport\"],\"inLanguage\":\"fr-FR\"},{\"@type\":\"WebPage\",\"@id\":\"https:\\\/\\\/www.webdo.tn\\\/fr\\\/actualite\\\/sport\\\/ligue-1-la-ftf-accorde-la-retransmission-aux-chaines-tv-et-a-watchnow-jusqua-la-fin-doctobre\\\/186669\\\/\",\"url\":\"https:\\\/\\\/www.webdo.tn\\\/fr\\\/actualite\\\/sport\\\/ligue-1-la-ftf-accorde-la-retransmission-aux-chaines-tv-et-a-watchnow-jusqua-la-fin-doctobre\\\/186669\\\/\",\"name\":\"Ligue 1\u00a0: la FTF accorde la retransmission aux cha\u00eenes TV et \u00e0 watchnow jusqu\u2019\u00e0 la fin d\u2019octobre\",\"isPartOf\":{\"@id\":\"https:\\\/\\\/www.webdo.tn\\\/fr\\\/#website\"},\"primaryImageOfPage\":{\"@id\":\"https:\\\/\\\/www.webdo.tn\\\/fr\\\/actualite\\\/sport\\\/ligue-1-la-ftf-accorde-la-retransmission-aux-chaines-tv-et-a-watchnow-jusqua-la-fin-doctobre\\\/186669\\\/#primaryimage\"},\"image\":{\"@id\":\"https:\\\/\\\/www.webdo.tn\\\/fr\\\/actualite\\\/sport\\\/ligue-1-la-ftf-accorde-la-retransmission-aux-chaines-tv-et-a-watchnow-jusqua-la-fin-doctobre\\\/186669\\\/#primaryimage\"},\"thumbnailUrl\":\"https:\\\/\\\/www.webdo.tn\\\/fr\\\/wp-content\\\/uploads\\\/2022\\\/10\\\/Ligue-1-retransmission-tv.jpg\",\"datePublished\":\"2022-10-11T15:25:00+00:00\",\"dateModified\":\"2025-05-14T10:56:02+00:00\",\"description\":\"Ligue 1\u00a0: la FTF accorde la retransmission aux cha\u00eenes TV et \u00e0 watchnow jusqu\u2019\u00e0 la fin d\u2019octobre\",\"breadcrumb\":{\"@id\":\"https:\\\/\\\/www.webdo.tn\\\/fr\\\/actualite\\\/sport\\\/ligue-1-la-ftf-accorde-la-retransmission-aux-chaines-tv-et-a-watchnow-jusqua-la-fin-doctobre\\\/186669\\\/#breadcrumb\"},\"inLanguage\":\"fr-FR\",\"potentialAction\":[{\"@type\":\"ReadAction\",\"target\":[\"https:\\\/\\\/www.webdo.tn\\\/fr\\\/actualite\\\/sport\\\/ligue-1-la-ftf-accorde-la-retransmission-aux-chaines-tv-et-a-watchnow-jusqua-la-fin-doctobre\\\/186669\\\/\"]}]},{\"@type\":\"ImageObject\",\"inLanguage\":\"fr-FR\",\"@id\":\"https:\\\/\\\/www.webdo.tn\\\/fr\\\/actualite\\\/sport\\\/ligue-1-la-ftf-accorde-la-retransmission-aux-chaines-tv-et-a-watchnow-jusqua-la-fin-doctobre\\\/186669\\\/#primaryimage\",\"url\":\"https:\\\/\\\/www.webdo.tn\\\/fr\\\/wp-content\\\/uploads\\\/2022\\\/10\\\/Ligue-1-retransmission-tv.jpg\",\"contentUrl\":\"https:\\\/\\\/www.webdo.tn\\\/fr\\\/wp-content\\\/uploads\\\/2022\\\/10\\\/Ligue-1-retransmission-tv.jpg\",\"width\":1280,\"height\":619,\"caption\":\"Ligue 1\u00a0: la FTF accorde la retransmission aux cha\u00eenes TV et \u00e0 watchnow jusqu\u2019\u00e0 la fin d\u2019octobre\"},{\"@type\":\"BreadcrumbList\",\"@id\":\"https:\\\/\\\/www.webdo.tn\\\/fr\\\/actualite\\\/sport\\\/ligue-1-la-ftf-accorde-la-retransmission-aux-chaines-tv-et-a-watchnow-jusqua-la-fin-doctobre\\\/186669\\\/#breadcrumb\",\"itemListElement\":[{\"@type\":\"ListItem\",\"position\":1,\"name\":\"Accueil\",\"item\":\"https:\\\/\\\/www.webdo.tn\\\/fr\\\/\"},{\"@type\":\"ListItem\",\"position\":2,\"name\":\"Ligue 1\u00a0: la FTF accorde la retransmission aux cha\u00eenes TV et \u00e0 watchnow jusqu\u2019\u00e0 la fin d\u2019octobre\"}]},{\"@type\":\"WebSite\",\"@id\":\"https:\\\/\\\/www.webdo.tn\\\/fr\\\/#website\",\"url\":\"https:\\\/\\\/www.webdo.tn\\\/fr\\\/\",\"name\":\"webdo\",\"description\":\"Tunisie - News en Tunisie et \u00e0 l&#039;international sur Webdo.tn\",\"publisher\":{\"@id\":\"https:\\\/\\\/www.webdo.tn\\\/fr\\\/#organization\"},\"potentialAction\":[{\"@type\":\"SearchAction\",\"target\":{\"@type\":\"EntryPoint\",\"urlTemplate\":\"https:\\\/\\\/www.webdo.tn\\\/fr\\\/?s={search_term_string}\"},\"query-input\":{\"@type\":\"PropertyValueSpecification\",\"valueRequired\":true,\"valueName\":\"search_term_string\"}}],\"inLanguage\":\"fr-FR\"},{\"@type\":\"Organization\",\"@id\":\"https:\\\/\\\/www.webdo.tn\\\/fr\\\/#organization\",\"name\":\"Webdo\",\"alternateName\":\"Webdo.tn\",\"url\":\"https:\\\/\\\/www.webdo.tn\\\/fr\\\/\",\"logo\":{\"@type\":\"ImageObject\",\"inLanguage\":\"fr-FR\",\"@id\":\"https:\\\/\\\/www.webdo.tn\\\/fr\\\/#\\\/schema\\\/logo\\\/image\\\/\",\"url\":\"https:\\\/\\\/www.webdo.tn\\\/fr\\\/wp-content\\\/uploads\\\/2025\\\/06\\\/Webdo-Tunisie_168377.jpg\",\"contentUrl\":\"https:\\\/\\\/www.webdo.tn\\\/fr\\\/wp-content\\\/uploads\\\/2025\\\/06\\\/Webdo-Tunisie_168377.jpg\",\"width\":301,\"height\":301,\"caption\":\"Webdo\"},\"image\":{\"@id\":\"https:\\\/\\\/www.webdo.tn\\\/fr\\\/#\\\/schema\\\/logo\\\/image\\\/\"},\"sameAs\":[\"https:\\\/\\\/www.facebook.com\\\/webdotn\",\"https:\\\/\\\/x.com\\\/webdo_tn\"],\"description\":\"Webdo est un m\u00e9dia num\u00e9rique tunisien fond\u00e9 en 2010, sp\u00e9cialis\u00e9 dans l\u2019actualit\u00e9 nationale et internationale, l\u2019\u00e9conomie, la soci\u00e9t\u00e9 et les analyses politiques. Le site s\u2019adresse \u00e0 un large public francophone et couvre l\u2019information tunisienne en temps r\u00e9el.\",\"email\":\"redac@webdo.tn\",\"legalName\":\"YNJ SARL\",\"foundingDate\":\"2010-09-06\",\"numberOfEmployees\":{\"@type\":\"QuantitativeValue\",\"minValue\":\"11\",\"maxValue\":\"50\"}},{\"@type\":\"Person\",\"@id\":\"https:\\\/\\\/www.webdo.tn\\\/fr\\\/#\\\/schema\\\/person\\\/9a9c6118d687c117df8ef3cc36a4d175\",\"name\":\"webdo.tn\",\"image\":{\"@type\":\"ImageObject\",\"inLanguage\":\"fr-FR\",\"@id\":\"https:\\\/\\\/secure.gravatar.com\\\/avatar\\\/7ce1f28c0c3bbac99ff550b85ef8e44a6950c6ee24514fb6a5489e51d06f0298?s=96&d=mm&r=g\",\"url\":\"https:\\\/\\\/secure.gravatar.com\\\/avatar\\\/7ce1f28c0c3bbac99ff550b85ef8e44a6950c6ee24514fb6a5489e51d06f0298?s=96&d=mm&r=g\",\"contentUrl\":\"https:\\\/\\\/secure.gravatar.com\\\/avatar\\\/7ce1f28c0c3bbac99ff550b85ef8e44a6950c6ee24514fb6a5489e51d06f0298?s=96&d=mm&r=g\",\"caption\":\"webdo.tn\"},\"url\":\"https:\\\/\\\/www.webdo.tn\\\/fr\\\/actualite\\\/author\\\/webdotn\\\/\"}]}<\/script>\n<!-- \/ Yoast SEO Premium plugin. -->","yoast_head_json":{"title":"Ligue 1\u00a0: la FTF accorde la retransmission aux cha\u00eenes TV et \u00e0 watchnow jusqu\u2019\u00e0 la fin d\u2019octobre","description":"Ligue 1\u00a0: la FTF accorde la retransmission aux cha\u00eenes TV et \u00e0 watchnow jusqu\u2019\u00e0 la fin d\u2019octobre","canonical":"https:\/\/www.webdo.tn\/fr\/actualite\/sport\/ligue-1-la-ftf-accorde-la-retransmission-aux-chaines-tv-et-a-watchnow-jusqua-la-fin-doctobre\/186669\/","og_locale":"fr_FR","og_type":"article","og_title":"Ligue 1\u00a0: la FTF accorde la retransmission aux cha\u00eenes TV et \u00e0 watchnow jusqu\u2019\u00e0 la fin d\u2019octobre","og_description":"Ligue 1\u00a0: la FTF accorde la retransmission aux cha\u00eenes TV et \u00e0 watchnow jusqu\u2019\u00e0 la fin d\u2019octobre","og_url":"https:\/\/www.webdo.tn\/fr\/actualite\/sport\/ligue-1-la-ftf-accorde-la-retransmission-aux-chaines-tv-et-a-watchnow-jusqua-la-fin-doctobre\/186669\/","og_site_name":"webdo","article_publisher":"https:\/\/www.facebook.com\/webdotn","article_published_time":"2022-10-11T15:25:00+00:00","article_modified_time":"2025-05-14T10:56:02+00:00","og_image":[{"width":1280,"height":619,"url":"https:\/\/www.webdo.tn\/fr\/wp-content\/uploads\/2022\/10\/Ligue-1-retransmission-tv.jpg","type":"image\/jpeg"}],"author":"webdo.tn","twitter_card":"summary_large_image","twitter_creator":"@webdo_tn","twitter_site":"@webdo_tn","twitter_misc":{"\u00c9crit par":"webdo.tn","Dur\u00e9e de lecture estim\u00e9e":"2 minutes"},"schema":{"@context":"https:\/\/schema.org","@graph":[{"@type":"NewsArticle","@id":"https:\/\/www.webdo.tn\/fr\/actualite\/sport\/ligue-1-la-ftf-accorde-la-retransmission-aux-chaines-tv-et-a-watchnow-jusqua-la-fin-doctobre\/186669\/#article","isPartOf":{"@id":"https:\/\/www.webdo.tn\/fr\/actualite\/sport\/ligue-1-la-ftf-accorde-la-retransmission-aux-chaines-tv-et-a-watchnow-jusqua-la-fin-doctobre\/186669\/"},"author":{"name":"webdo.tn","@id":"https:\/\/www.webdo.tn\/fr\/#\/schema\/person\/9a9c6118d687c117df8ef3cc36a4d175"},"headline":"Ligue 1\u00a0: la FTF accorde la retransmission aux cha\u00eenes TV et \u00e0 watchnow jusqu\u2019\u00e0 la fin d\u2019octobre","datePublished":"2022-10-11T15:25:00+00:00","dateModified":"2025-05-14T10:56:02+00:00","mainEntityOfPage":{"@id":"https:\/\/www.webdo.tn\/fr\/actualite\/sport\/ligue-1-la-ftf-accorde-la-retransmission-aux-chaines-tv-et-a-watchnow-jusqua-la-fin-doctobre\/186669\/"},"wordCount":403,"commentCount":0,"publisher":{"@id":"https:\/\/www.webdo.tn\/fr\/#organization"},"image":{"@id":"https:\/\/www.webdo.tn\/fr\/actualite\/sport\/ligue-1-la-ftf-accorde-la-retransmission-aux-chaines-tv-et-a-watchnow-jusqua-la-fin-doctobre\/186669\/#primaryimage"},"thumbnailUrl":"https:\/\/www.webdo.tn\/fr\/wp-content\/uploads\/2022\/10\/Ligue-1-retransmission-tv.jpg","articleSection":["Sport"],"inLanguage":"fr-FR"},{"@type":"WebPage","@id":"https:\/\/www.webdo.tn\/fr\/actualite\/sport\/ligue-1-la-ftf-accorde-la-retransmission-aux-chaines-tv-et-a-watchnow-jusqua-la-fin-doctobre\/186669\/","url":"https:\/\/www.webdo.tn\/fr\/actualite\/sport\/ligue-1-la-ftf-accorde-la-retransmission-aux-chaines-tv-et-a-watchnow-jusqua-la-fin-doctobre\/186669\/","name":"Ligue 1\u00a0: la FTF accorde la retransmission aux cha\u00eenes TV et \u00e0 watchnow jusqu\u2019\u00e0 la fin d\u2019octobre","isPartOf":{"@id":"https:\/\/www.webdo.tn\/fr\/#website"},"primaryImageOfPage":{"@id":"https:\/\/www.webdo.tn\/fr\/actualite\/sport\/ligue-1-la-ftf-accorde-la-retransmission-aux-chaines-tv-et-a-watchnow-jusqua-la-fin-doctobre\/186669\/#primaryimage"},"image":{"@id":"https:\/\/www.webdo.tn\/fr\/actualite\/sport\/ligue-1-la-ftf-accorde-la-retransmission-aux-chaines-tv-et-a-watchnow-jusqua-la-fin-doctobre\/186669\/#primaryimage"},"thumbnailUrl":"https:\/\/www.webdo.tn\/fr\/wp-content\/uploads\/2022\/10\/Ligue-1-retransmission-tv.jpg","datePublished":"2022-10-11T15:25:00+00:00","dateModified":"2025-05-14T10:56:02+00:00","description":"Ligue 1\u00a0: la FTF accorde la retransmission aux cha\u00eenes TV et \u00e0 watchnow jusqu\u2019\u00e0 la fin d\u2019octobre","breadcrumb":{"@id":"https:\/\/www.webdo.tn\/fr\/actualite\/sport\/ligue-1-la-ftf-accorde-la-retransmission-aux-chaines-tv-et-a-watchnow-jusqua-la-fin-doctobre\/186669\/#breadcrumb"},"inLanguage":"fr-FR","potentialAction":[{"@type":"ReadAction","target":["https:\/\/www.webdo.tn\/fr\/actualite\/sport\/ligue-1-la-ftf-accorde-la-retransmission-aux-chaines-tv-et-a-watchnow-jusqua-la-fin-doctobre\/186669\/"]}]},{"@type":"ImageObject","inLanguage":"fr-FR","@id":"https:\/\/www.webdo.tn\/fr\/actualite\/sport\/ligue-1-la-ftf-accorde-la-retransmission-aux-chaines-tv-et-a-watchnow-jusqua-la-fin-doctobre\/186669\/#primaryimage","url":"https:\/\/www.webdo.tn\/fr\/wp-content\/uploads\/2022\/10\/Ligue-1-retransmission-tv.jpg","contentUrl":"https:\/\/www.webdo.tn\/fr\/wp-content\/uploads\/2022\/10\/Ligue-1-retransmission-tv.jpg","width":1280,"height":619,"caption":"Ligue 1\u00a0: la FTF accorde la retransmission aux cha\u00eenes TV et \u00e0 watchnow jusqu\u2019\u00e0 la fin d\u2019octobre"},{"@type":"BreadcrumbList","@id":"https:\/\/www.webdo.tn\/fr\/actualite\/sport\/ligue-1-la-ftf-accorde-la-retransmission-aux-chaines-tv-et-a-watchnow-jusqua-la-fin-doctobre\/186669\/#breadcrumb","itemListElement":[{"@type":"ListItem","position":1,"name":"Accueil","item":"https:\/\/www.webdo.tn\/fr\/"},{"@type":"ListItem","position":2,"name":"Ligue 1\u00a0: la FTF accorde la retransmission aux cha\u00eenes TV et \u00e0 watchnow jusqu\u2019\u00e0 la fin d\u2019octobre"}]},{"@type":"WebSite","@id":"https:\/\/www.webdo.tn\/fr\/#website","url":"https:\/\/www.webdo.tn\/fr\/","name":"webdo","description":"Tunisie - News en Tunisie et \u00e0 l&#039;international sur Webdo.tn","publisher":{"@id":"https:\/\/www.webdo.tn\/fr\/#organization"},"potentialAction":[{"@type":"SearchAction","target":{"@type":"EntryPoint","urlTemplate":"https:\/\/www.webdo.tn\/fr\/?s={search_term_string}"},"query-input":{"@type":"PropertyValueSpecification","valueRequired":true,"valueName":"search_term_string"}}],"inLanguage":"fr-FR"},{"@type":"Organization","@id":"https:\/\/www.webdo.tn\/fr\/#organization","name":"Webdo","alternateName":"Webdo.tn","url":"https:\/\/www.webdo.tn\/fr\/","logo":{"@type":"ImageObject","inLanguage":"fr-FR","@id":"https:\/\/www.webdo.tn\/fr\/#\/schema\/logo\/image\/","url":"https:\/\/www.webdo.tn\/fr\/wp-content\/uploads\/2025\/06\/Webdo-Tunisie_168377.jpg","contentUrl":"https:\/\/www.webdo.tn\/fr\/wp-content\/uploads\/2025\/06\/Webdo-Tunisie_168377.jpg","width":301,"height":301,"caption":"Webdo"},"image":{"@id":"https:\/\/www.webdo.tn\/fr\/#\/schema\/logo\/image\/"},"sameAs":["https:\/\/www.facebook.com\/webdotn","https:\/\/x.com\/webdo_tn"],"description":"Webdo est un m\u00e9dia num\u00e9rique tunisien fond\u00e9 en 2010, sp\u00e9cialis\u00e9 dans l\u2019actualit\u00e9 nationale et internationale, l\u2019\u00e9conomie, la soci\u00e9t\u00e9 et les analyses politiques. Le site s\u2019adresse \u00e0 un large public francophone et couvre l\u2019information tunisienne en temps r\u00e9el.","email":"redac@webdo.tn","legalName":"YNJ SARL","foundingDate":"2010-09-06","numberOfEmployees":{"@type":"QuantitativeValue","minValue":"11","maxValue":"50"}},{"@type":"Person","@id":"https:\/\/www.webdo.tn\/fr\/#\/schema\/person\/9a9c6118d687c117df8ef3cc36a4d175","name":"webdo.tn","image":{"@type":"ImageObject","inLanguage":"fr-FR","@id":"https:\/\/secure.gravatar.com\/avatar\/7ce1f28c0c3bbac99ff550b85ef8e44a6950c6ee24514fb6a5489e51d06f0298?s=96&d=mm&r=g","url":"https:\/\/secure.gravatar.com\/avatar\/7ce1f28c0c3bbac99ff550b85ef8e44a6950c6ee24514fb6a5489e51d06f0298?s=96&d=mm&r=g","contentUrl":"https:\/\/secure.gravatar.com\/avatar\/7ce1f28c0c3bbac99ff550b85ef8e44a6950c6ee24514fb6a5489e51d06f0298?s=96&d=mm&r=g","caption":"webdo.tn"},"url":"https:\/\/www.webdo.tn\/fr\/actualite\/author\/webdotn\/"}]}},"_links":{"self":[{"href":"https:\/\/www.webdo.tn\/fr\/wp-json\/wp\/v2\/posts\/186669","targetHints":{"allow":["GET"]}}],"collection":[{"href":"https:\/\/www.webdo.tn\/fr\/wp-json\/wp\/v2\/posts"}],"about":[{"href":"https:\/\/www.webdo.tn\/fr\/wp-json\/wp\/v2\/types\/post"}],"author":[{"embeddable":true,"href":"https:\/\/www.webdo.tn\/fr\/wp-json\/wp\/v2\/users\/3222"}],"replies":[{"embeddable":true,"href":"https:\/\/www.webdo.tn\/fr\/wp-json\/wp\/v2\/comments?post=186669"}],"version-history":[{"count":0,"href":"https:\/\/www.webdo.tn\/fr\/wp-json\/wp\/v2\/posts\/186669\/revisions"}],"wp:featuredmedia":[{"embeddable":true,"href":"https:\/\/www.webdo.tn\/fr\/wp-json\/wp\/v2\/media\/253611"}],"wp:attachment":[{"href":"https:\/\/www.webdo.tn\/fr\/wp-json\/wp\/v2\/media?parent=186669"}],"wp:term":[{"taxonomy":"category","embeddable":true,"href":"https:\/\/www.webdo.tn\/fr\/wp-json\/wp\/v2\/categories?post=186669"},{"taxonomy":"post_tag","embeddable":true,"href":"https:\/\/www.webdo.tn\/fr\/wp-json\/wp\/v2\/tags?post=186669"}],"curies":[{"name":"wp","href":"https:\/\/api.w.org\/{rel}","templated":true}]}}