{"id":185803,"date":"2014-10-28T16:29:00","date_gmt":"2014-10-28T16:29:00","guid":{"rendered":"https:\/\/www.webdo.tn\/fr\/blog\/legislatives-en-tunisie-le-handicap-les-pas-empeches-daller-voter\/185803\/"},"modified":"2025-05-22T13:02:24","modified_gmt":"2025-05-22T13:02:24","slug":"legislatives-en-tunisie-le-handicap-les-pas-empeches-daller-voter","status":"publish","type":"post","link":"https:\/\/www.webdo.tn\/fr\/actualite\/reportage\/legislatives-en-tunisie-le-handicap-les-pas-empeches-daller-voter\/185803\/","title":{"rendered":"L\u00e9gislatives en Tunisie : Le handicap ne les a pas emp\u00each\u00e9s d&rsquo;aller voter ! [Vid\u00e9o]"},"content":{"rendered":"<p>Le jour des \u00e9lections l\u00e9gislatives en Tunisie, ce dimanche 26 octobre, nous avons couvert l&rsquo;\u00e9v\u00e9nement, entre autres dans la ville de Bizerte. Nous nous sommes focalis\u00e9s aussi sur les citoyens \u00e2g\u00e9s et\/ou ayant un handicap physique pour mieux percevoir les difficult\u00e9s auxquelles ils ont \u00e9t\u00e9 confront\u00e9s.<\/p>\n<p>Reportage<br \/>\nMehdi Bouhalleb<\/p>\n","protected":false},"excerpt":{"rendered":"<p>L\u00e9gislatives en Tunisie : Le handicap ne les a pas emp\u00each\u00e9s d&rsquo;aller voter ! [Vid\u00e9o]<\/p>\n","protected":false},"author":3222,"featured_media":373269,"comment_status":"open","ping_status":"closed","sticky":false,"template":"","format":"standard","meta":{"footnotes":""},"categories":[9104],"tags":[],"class_list":["post-185803","post","type-post","status-publish","format-standard","has-post-thumbnail","hentry","category-reportage"],"yoast_head":"<!-- This site is optimized with the Yoast SEO Premium plugin v27.5 (Yoast SEO v27.5) - https:\/\/yoast.com\/product\/yoast-seo-premium-wordpress\/ -->\n<title>L\u00e9gislatives en Tunisie : Le handicap ne les a pas emp\u00each\u00e9s d&#039;aller voter ! [Vid\u00e9o]<\/title>\n<meta name=\"description\" content=\"L\u00e9gislatives en Tunisie : Le handicap ne les a pas emp\u00each\u00e9s d&#039;aller voter ! [Vid\u00e9o]\" \/>\n<link rel=\"canonical\" href=\"https:\/\/www.webdo.tn\/fr\/actualite\/reportage\/legislatives-en-tunisie-le-handicap-les-pas-empeches-daller-voter\/185803\/\" \/>\n<meta property=\"og:locale\" content=\"fr_FR\" \/>\n<meta property=\"og:type\" content=\"article\" \/>\n<meta property=\"og:title\" content=\"L\u00e9gislatives en Tunisie : Le handicap ne les a pas emp\u00each\u00e9s d&#039;aller voter ! [Vid\u00e9o]\" \/>\n<meta property=\"og:description\" content=\"L\u00e9gislatives en Tunisie : Le handicap ne les a pas emp\u00each\u00e9s d&#039;aller voter ! [Vid\u00e9o]\" \/>\n<meta property=\"og:url\" content=\"https:\/\/www.webdo.tn\/fr\/actualite\/reportage\/legislatives-en-tunisie-le-handicap-les-pas-empeches-daller-voter\/185803\/\" \/>\n<meta property=\"og:site_name\" content=\"webdo\" \/>\n<meta property=\"article:publisher\" content=\"https:\/\/www.facebook.com\/webdotn\" \/>\n<meta property=\"article:published_time\" content=\"2014-10-28T16:29:00+00:00\" \/>\n<meta property=\"article:modified_time\" content=\"2025-05-22T13:02:24+00:00\" \/>\n<meta property=\"og:image\" content=\"https:\/\/www.webdo.tn\/fr\/wp-content\/uploads\/2025\/06\/Capture-decran-2014-10-28-a-16.04.28-e1414509248799_185803.png\" \/>\n\t<meta property=\"og:image:width\" content=\"423\" \/>\n\t<meta property=\"og:image:height\" content=\"300\" \/>\n\t<meta property=\"og:image:type\" content=\"image\/png\" \/>\n<meta name=\"author\" content=\"webdo.tn\" \/>\n<meta name=\"twitter:card\" content=\"summary_large_image\" \/>\n<meta name=\"twitter:creator\" content=\"@webdo_tn\" \/>\n<meta name=\"twitter:site\" content=\"@webdo_tn\" \/>\n<meta name=\"twitter:label1\" content=\"\u00c9crit par\" \/>\n\t<meta name=\"twitter:data1\" content=\"webdo.tn\" \/>\n<script type=\"application\/ld+json\" class=\"yoast-schema-graph\">{\"@context\":\"https:\\\/\\\/schema.org\",\"@graph\":[{\"@type\":\"NewsArticle\",\"@id\":\"https:\\\/\\\/www.webdo.tn\\\/fr\\\/actualite\\\/reportage\\\/legislatives-en-tunisie-le-handicap-les-pas-empeches-daller-voter\\\/185803\\\/#article\",\"isPartOf\":{\"@id\":\"https:\\\/\\\/www.webdo.tn\\\/fr\\\/actualite\\\/reportage\\\/legislatives-en-tunisie-le-handicap-les-pas-empeches-daller-voter\\\/185803\\\/\"},\"author\":{\"name\":\"webdo.tn\",\"@id\":\"https:\\\/\\\/www.webdo.tn\\\/fr\\\/#\\\/schema\\\/person\\\/9a9c6118d687c117df8ef3cc36a4d175\"},\"headline\":\"L\u00e9gislatives en Tunisie : Le handicap ne les a pas emp\u00each\u00e9s d&rsquo;aller voter ! [Vid\u00e9o]\",\"datePublished\":\"2014-10-28T16:29:00+00:00\",\"dateModified\":\"2025-05-22T13:02:24+00:00\",\"mainEntityOfPage\":{\"@id\":\"https:\\\/\\\/www.webdo.tn\\\/fr\\\/actualite\\\/reportage\\\/legislatives-en-tunisie-le-handicap-les-pas-empeches-daller-voter\\\/185803\\\/\"},\"wordCount\":74,\"commentCount\":0,\"publisher\":{\"@id\":\"https:\\\/\\\/www.webdo.tn\\\/fr\\\/#organization\"},\"image\":{\"@id\":\"https:\\\/\\\/www.webdo.tn\\\/fr\\\/actualite\\\/reportage\\\/legislatives-en-tunisie-le-handicap-les-pas-empeches-daller-voter\\\/185803\\\/#primaryimage\"},\"thumbnailUrl\":\"https:\\\/\\\/www.webdo.tn\\\/fr\\\/wp-content\\\/uploads\\\/2025\\\/06\\\/Capture-decran-2014-10-28-a-16.04.28-e1414509248799_185803.png\",\"articleSection\":[\"Reportage\"],\"inLanguage\":\"fr-FR\"},{\"@type\":\"WebPage\",\"@id\":\"https:\\\/\\\/www.webdo.tn\\\/fr\\\/actualite\\\/reportage\\\/legislatives-en-tunisie-le-handicap-les-pas-empeches-daller-voter\\\/185803\\\/\",\"url\":\"https:\\\/\\\/www.webdo.tn\\\/fr\\\/actualite\\\/reportage\\\/legislatives-en-tunisie-le-handicap-les-pas-empeches-daller-voter\\\/185803\\\/\",\"name\":\"L\u00e9gislatives en Tunisie : Le handicap ne les a pas emp\u00each\u00e9s d'aller voter ! [Vid\u00e9o]\",\"isPartOf\":{\"@id\":\"https:\\\/\\\/www.webdo.tn\\\/fr\\\/#website\"},\"primaryImageOfPage\":{\"@id\":\"https:\\\/\\\/www.webdo.tn\\\/fr\\\/actualite\\\/reportage\\\/legislatives-en-tunisie-le-handicap-les-pas-empeches-daller-voter\\\/185803\\\/#primaryimage\"},\"image\":{\"@id\":\"https:\\\/\\\/www.webdo.tn\\\/fr\\\/actualite\\\/reportage\\\/legislatives-en-tunisie-le-handicap-les-pas-empeches-daller-voter\\\/185803\\\/#primaryimage\"},\"thumbnailUrl\":\"https:\\\/\\\/www.webdo.tn\\\/fr\\\/wp-content\\\/uploads\\\/2025\\\/06\\\/Capture-decran-2014-10-28-a-16.04.28-e1414509248799_185803.png\",\"datePublished\":\"2014-10-28T16:29:00+00:00\",\"dateModified\":\"2025-05-22T13:02:24+00:00\",\"description\":\"L\u00e9gislatives en Tunisie : Le handicap ne les a pas emp\u00each\u00e9s d'aller voter ! [Vid\u00e9o]\",\"breadcrumb\":{\"@id\":\"https:\\\/\\\/www.webdo.tn\\\/fr\\\/actualite\\\/reportage\\\/legislatives-en-tunisie-le-handicap-les-pas-empeches-daller-voter\\\/185803\\\/#breadcrumb\"},\"inLanguage\":\"fr-FR\",\"potentialAction\":[{\"@type\":\"ReadAction\",\"target\":[\"https:\\\/\\\/www.webdo.tn\\\/fr\\\/actualite\\\/reportage\\\/legislatives-en-tunisie-le-handicap-les-pas-empeches-daller-voter\\\/185803\\\/\"]}]},{\"@type\":\"ImageObject\",\"inLanguage\":\"fr-FR\",\"@id\":\"https:\\\/\\\/www.webdo.tn\\\/fr\\\/actualite\\\/reportage\\\/legislatives-en-tunisie-le-handicap-les-pas-empeches-daller-voter\\\/185803\\\/#primaryimage\",\"url\":\"https:\\\/\\\/www.webdo.tn\\\/fr\\\/wp-content\\\/uploads\\\/2025\\\/06\\\/Capture-decran-2014-10-28-a-16.04.28-e1414509248799_185803.png\",\"contentUrl\":\"https:\\\/\\\/www.webdo.tn\\\/fr\\\/wp-content\\\/uploads\\\/2025\\\/06\\\/Capture-decran-2014-10-28-a-16.04.28-e1414509248799_185803.png\",\"width\":423,\"height\":300,\"caption\":\"L\u00e9gislatives en Tunisie : Le handicap ne les a pas emp\u00each\u00e9s d'aller voter ! [Vid\u00e9o]\"},{\"@type\":\"BreadcrumbList\",\"@id\":\"https:\\\/\\\/www.webdo.tn\\\/fr\\\/actualite\\\/reportage\\\/legislatives-en-tunisie-le-handicap-les-pas-empeches-daller-voter\\\/185803\\\/#breadcrumb\",\"itemListElement\":[{\"@type\":\"ListItem\",\"position\":1,\"name\":\"Accueil\",\"item\":\"https:\\\/\\\/www.webdo.tn\\\/fr\\\/\"},{\"@type\":\"ListItem\",\"position\":2,\"name\":\"L\u00e9gislatives en Tunisie : Le handicap ne les a pas emp\u00each\u00e9s d&rsquo;aller voter ! [Vid\u00e9o]\"}]},{\"@type\":\"WebSite\",\"@id\":\"https:\\\/\\\/www.webdo.tn\\\/fr\\\/#website\",\"url\":\"https:\\\/\\\/www.webdo.tn\\\/fr\\\/\",\"name\":\"webdo\",\"description\":\"Tunisie - News en Tunisie et \u00e0 l&#039;international sur Webdo.tn\",\"publisher\":{\"@id\":\"https:\\\/\\\/www.webdo.tn\\\/fr\\\/#organization\"},\"potentialAction\":[{\"@type\":\"SearchAction\",\"target\":{\"@type\":\"EntryPoint\",\"urlTemplate\":\"https:\\\/\\\/www.webdo.tn\\\/fr\\\/?s={search_term_string}\"},\"query-input\":{\"@type\":\"PropertyValueSpecification\",\"valueRequired\":true,\"valueName\":\"search_term_string\"}}],\"inLanguage\":\"fr-FR\"},{\"@type\":\"Organization\",\"@id\":\"https:\\\/\\\/www.webdo.tn\\\/fr\\\/#organization\",\"name\":\"Webdo\",\"alternateName\":\"Webdo.tn\",\"url\":\"https:\\\/\\\/www.webdo.tn\\\/fr\\\/\",\"logo\":{\"@type\":\"ImageObject\",\"inLanguage\":\"fr-FR\",\"@id\":\"https:\\\/\\\/www.webdo.tn\\\/fr\\\/#\\\/schema\\\/logo\\\/image\\\/\",\"url\":\"https:\\\/\\\/www.webdo.tn\\\/fr\\\/wp-content\\\/uploads\\\/2025\\\/06\\\/Webdo-Tunisie_168377.jpg\",\"contentUrl\":\"https:\\\/\\\/www.webdo.tn\\\/fr\\\/wp-content\\\/uploads\\\/2025\\\/06\\\/Webdo-Tunisie_168377.jpg\",\"width\":301,\"height\":301,\"caption\":\"Webdo\"},\"image\":{\"@id\":\"https:\\\/\\\/www.webdo.tn\\\/fr\\\/#\\\/schema\\\/logo\\\/image\\\/\"},\"sameAs\":[\"https:\\\/\\\/www.facebook.com\\\/webdotn\",\"https:\\\/\\\/x.com\\\/webdo_tn\"],\"description\":\"Webdo est un m\u00e9dia num\u00e9rique tunisien fond\u00e9 en 2010, sp\u00e9cialis\u00e9 dans l\u2019actualit\u00e9 nationale et internationale, l\u2019\u00e9conomie, la soci\u00e9t\u00e9 et les analyses politiques. Le site s\u2019adresse \u00e0 un large public francophone et couvre l\u2019information tunisienne en temps r\u00e9el.\",\"email\":\"redac@webdo.tn\",\"legalName\":\"YNJ SARL\",\"foundingDate\":\"2010-09-06\",\"numberOfEmployees\":{\"@type\":\"QuantitativeValue\",\"minValue\":\"11\",\"maxValue\":\"50\"}},{\"@type\":\"Person\",\"@id\":\"https:\\\/\\\/www.webdo.tn\\\/fr\\\/#\\\/schema\\\/person\\\/9a9c6118d687c117df8ef3cc36a4d175\",\"name\":\"webdo.tn\",\"image\":{\"@type\":\"ImageObject\",\"inLanguage\":\"fr-FR\",\"@id\":\"https:\\\/\\\/secure.gravatar.com\\\/avatar\\\/7ce1f28c0c3bbac99ff550b85ef8e44a6950c6ee24514fb6a5489e51d06f0298?s=96&d=mm&r=g\",\"url\":\"https:\\\/\\\/secure.gravatar.com\\\/avatar\\\/7ce1f28c0c3bbac99ff550b85ef8e44a6950c6ee24514fb6a5489e51d06f0298?s=96&d=mm&r=g\",\"contentUrl\":\"https:\\\/\\\/secure.gravatar.com\\\/avatar\\\/7ce1f28c0c3bbac99ff550b85ef8e44a6950c6ee24514fb6a5489e51d06f0298?s=96&d=mm&r=g\",\"caption\":\"webdo.tn\"},\"url\":\"https:\\\/\\\/www.webdo.tn\\\/fr\\\/actualite\\\/author\\\/webdotn\\\/\"}]}<\/script>\n<!-- \/ Yoast SEO Premium plugin. -->","yoast_head_json":{"title":"L\u00e9gislatives en Tunisie : Le handicap ne les a pas emp\u00each\u00e9s d'aller voter ! [Vid\u00e9o]","description":"L\u00e9gislatives en Tunisie : Le handicap ne les a pas emp\u00each\u00e9s d'aller voter ! [Vid\u00e9o]","canonical":"https:\/\/www.webdo.tn\/fr\/actualite\/reportage\/legislatives-en-tunisie-le-handicap-les-pas-empeches-daller-voter\/185803\/","og_locale":"fr_FR","og_type":"article","og_title":"L\u00e9gislatives en Tunisie : Le handicap ne les a pas emp\u00each\u00e9s d'aller voter ! [Vid\u00e9o]","og_description":"L\u00e9gislatives en Tunisie : Le handicap ne les a pas emp\u00each\u00e9s d'aller voter ! [Vid\u00e9o]","og_url":"https:\/\/www.webdo.tn\/fr\/actualite\/reportage\/legislatives-en-tunisie-le-handicap-les-pas-empeches-daller-voter\/185803\/","og_site_name":"webdo","article_publisher":"https:\/\/www.facebook.com\/webdotn","article_published_time":"2014-10-28T16:29:00+00:00","article_modified_time":"2025-05-22T13:02:24+00:00","og_image":[{"width":423,"height":300,"url":"https:\/\/www.webdo.tn\/fr\/wp-content\/uploads\/2025\/06\/Capture-decran-2014-10-28-a-16.04.28-e1414509248799_185803.png","type":"image\/png"}],"author":"webdo.tn","twitter_card":"summary_large_image","twitter_creator":"@webdo_tn","twitter_site":"@webdo_tn","twitter_misc":{"\u00c9crit par":"webdo.tn"},"schema":{"@context":"https:\/\/schema.org","@graph":[{"@type":"NewsArticle","@id":"https:\/\/www.webdo.tn\/fr\/actualite\/reportage\/legislatives-en-tunisie-le-handicap-les-pas-empeches-daller-voter\/185803\/#article","isPartOf":{"@id":"https:\/\/www.webdo.tn\/fr\/actualite\/reportage\/legislatives-en-tunisie-le-handicap-les-pas-empeches-daller-voter\/185803\/"},"author":{"name":"webdo.tn","@id":"https:\/\/www.webdo.tn\/fr\/#\/schema\/person\/9a9c6118d687c117df8ef3cc36a4d175"},"headline":"L\u00e9gislatives en Tunisie : Le handicap ne les a pas emp\u00each\u00e9s d&rsquo;aller voter ! [Vid\u00e9o]","datePublished":"2014-10-28T16:29:00+00:00","dateModified":"2025-05-22T13:02:24+00:00","mainEntityOfPage":{"@id":"https:\/\/www.webdo.tn\/fr\/actualite\/reportage\/legislatives-en-tunisie-le-handicap-les-pas-empeches-daller-voter\/185803\/"},"wordCount":74,"commentCount":0,"publisher":{"@id":"https:\/\/www.webdo.tn\/fr\/#organization"},"image":{"@id":"https:\/\/www.webdo.tn\/fr\/actualite\/reportage\/legislatives-en-tunisie-le-handicap-les-pas-empeches-daller-voter\/185803\/#primaryimage"},"thumbnailUrl":"https:\/\/www.webdo.tn\/fr\/wp-content\/uploads\/2025\/06\/Capture-decran-2014-10-28-a-16.04.28-e1414509248799_185803.png","articleSection":["Reportage"],"inLanguage":"fr-FR"},{"@type":"WebPage","@id":"https:\/\/www.webdo.tn\/fr\/actualite\/reportage\/legislatives-en-tunisie-le-handicap-les-pas-empeches-daller-voter\/185803\/","url":"https:\/\/www.webdo.tn\/fr\/actualite\/reportage\/legislatives-en-tunisie-le-handicap-les-pas-empeches-daller-voter\/185803\/","name":"L\u00e9gislatives en Tunisie : Le handicap ne les a pas emp\u00each\u00e9s d'aller voter ! [Vid\u00e9o]","isPartOf":{"@id":"https:\/\/www.webdo.tn\/fr\/#website"},"primaryImageOfPage":{"@id":"https:\/\/www.webdo.tn\/fr\/actualite\/reportage\/legislatives-en-tunisie-le-handicap-les-pas-empeches-daller-voter\/185803\/#primaryimage"},"image":{"@id":"https:\/\/www.webdo.tn\/fr\/actualite\/reportage\/legislatives-en-tunisie-le-handicap-les-pas-empeches-daller-voter\/185803\/#primaryimage"},"thumbnailUrl":"https:\/\/www.webdo.tn\/fr\/wp-content\/uploads\/2025\/06\/Capture-decran-2014-10-28-a-16.04.28-e1414509248799_185803.png","datePublished":"2014-10-28T16:29:00+00:00","dateModified":"2025-05-22T13:02:24+00:00","description":"L\u00e9gislatives en Tunisie : Le handicap ne les a pas emp\u00each\u00e9s d'aller voter ! [Vid\u00e9o]","breadcrumb":{"@id":"https:\/\/www.webdo.tn\/fr\/actualite\/reportage\/legislatives-en-tunisie-le-handicap-les-pas-empeches-daller-voter\/185803\/#breadcrumb"},"inLanguage":"fr-FR","potentialAction":[{"@type":"ReadAction","target":["https:\/\/www.webdo.tn\/fr\/actualite\/reportage\/legislatives-en-tunisie-le-handicap-les-pas-empeches-daller-voter\/185803\/"]}]},{"@type":"ImageObject","inLanguage":"fr-FR","@id":"https:\/\/www.webdo.tn\/fr\/actualite\/reportage\/legislatives-en-tunisie-le-handicap-les-pas-empeches-daller-voter\/185803\/#primaryimage","url":"https:\/\/www.webdo.tn\/fr\/wp-content\/uploads\/2025\/06\/Capture-decran-2014-10-28-a-16.04.28-e1414509248799_185803.png","contentUrl":"https:\/\/www.webdo.tn\/fr\/wp-content\/uploads\/2025\/06\/Capture-decran-2014-10-28-a-16.04.28-e1414509248799_185803.png","width":423,"height":300,"caption":"L\u00e9gislatives en Tunisie : Le handicap ne les a pas emp\u00each\u00e9s d'aller voter ! [Vid\u00e9o]"},{"@type":"BreadcrumbList","@id":"https:\/\/www.webdo.tn\/fr\/actualite\/reportage\/legislatives-en-tunisie-le-handicap-les-pas-empeches-daller-voter\/185803\/#breadcrumb","itemListElement":[{"@type":"ListItem","position":1,"name":"Accueil","item":"https:\/\/www.webdo.tn\/fr\/"},{"@type":"ListItem","position":2,"name":"L\u00e9gislatives en Tunisie : Le handicap ne les a pas emp\u00each\u00e9s d&rsquo;aller voter ! [Vid\u00e9o]"}]},{"@type":"WebSite","@id":"https:\/\/www.webdo.tn\/fr\/#website","url":"https:\/\/www.webdo.tn\/fr\/","name":"webdo","description":"Tunisie - News en Tunisie et \u00e0 l&#039;international sur Webdo.tn","publisher":{"@id":"https:\/\/www.webdo.tn\/fr\/#organization"},"potentialAction":[{"@type":"SearchAction","target":{"@type":"EntryPoint","urlTemplate":"https:\/\/www.webdo.tn\/fr\/?s={search_term_string}"},"query-input":{"@type":"PropertyValueSpecification","valueRequired":true,"valueName":"search_term_string"}}],"inLanguage":"fr-FR"},{"@type":"Organization","@id":"https:\/\/www.webdo.tn\/fr\/#organization","name":"Webdo","alternateName":"Webdo.tn","url":"https:\/\/www.webdo.tn\/fr\/","logo":{"@type":"ImageObject","inLanguage":"fr-FR","@id":"https:\/\/www.webdo.tn\/fr\/#\/schema\/logo\/image\/","url":"https:\/\/www.webdo.tn\/fr\/wp-content\/uploads\/2025\/06\/Webdo-Tunisie_168377.jpg","contentUrl":"https:\/\/www.webdo.tn\/fr\/wp-content\/uploads\/2025\/06\/Webdo-Tunisie_168377.jpg","width":301,"height":301,"caption":"Webdo"},"image":{"@id":"https:\/\/www.webdo.tn\/fr\/#\/schema\/logo\/image\/"},"sameAs":["https:\/\/www.facebook.com\/webdotn","https:\/\/x.com\/webdo_tn"],"description":"Webdo est un m\u00e9dia num\u00e9rique tunisien fond\u00e9 en 2010, sp\u00e9cialis\u00e9 dans l\u2019actualit\u00e9 nationale et internationale, l\u2019\u00e9conomie, la soci\u00e9t\u00e9 et les analyses politiques. Le site s\u2019adresse \u00e0 un large public francophone et couvre l\u2019information tunisienne en temps r\u00e9el.","email":"redac@webdo.tn","legalName":"YNJ SARL","foundingDate":"2010-09-06","numberOfEmployees":{"@type":"QuantitativeValue","minValue":"11","maxValue":"50"}},{"@type":"Person","@id":"https:\/\/www.webdo.tn\/fr\/#\/schema\/person\/9a9c6118d687c117df8ef3cc36a4d175","name":"webdo.tn","image":{"@type":"ImageObject","inLanguage":"fr-FR","@id":"https:\/\/secure.gravatar.com\/avatar\/7ce1f28c0c3bbac99ff550b85ef8e44a6950c6ee24514fb6a5489e51d06f0298?s=96&d=mm&r=g","url":"https:\/\/secure.gravatar.com\/avatar\/7ce1f28c0c3bbac99ff550b85ef8e44a6950c6ee24514fb6a5489e51d06f0298?s=96&d=mm&r=g","contentUrl":"https:\/\/secure.gravatar.com\/avatar\/7ce1f28c0c3bbac99ff550b85ef8e44a6950c6ee24514fb6a5489e51d06f0298?s=96&d=mm&r=g","caption":"webdo.tn"},"url":"https:\/\/www.webdo.tn\/fr\/actualite\/author\/webdotn\/"}]}},"_links":{"self":[{"href":"https:\/\/www.webdo.tn\/fr\/wp-json\/wp\/v2\/posts\/185803","targetHints":{"allow":["GET"]}}],"collection":[{"href":"https:\/\/www.webdo.tn\/fr\/wp-json\/wp\/v2\/posts"}],"about":[{"href":"https:\/\/www.webdo.tn\/fr\/wp-json\/wp\/v2\/types\/post"}],"author":[{"embeddable":true,"href":"https:\/\/www.webdo.tn\/fr\/wp-json\/wp\/v2\/users\/3222"}],"replies":[{"embeddable":true,"href":"https:\/\/www.webdo.tn\/fr\/wp-json\/wp\/v2\/comments?post=185803"}],"version-history":[{"count":0,"href":"https:\/\/www.webdo.tn\/fr\/wp-json\/wp\/v2\/posts\/185803\/revisions"}],"wp:featuredmedia":[{"embeddable":true,"href":"https:\/\/www.webdo.tn\/fr\/wp-json\/wp\/v2\/media\/373269"}],"wp:attachment":[{"href":"https:\/\/www.webdo.tn\/fr\/wp-json\/wp\/v2\/media?parent=185803"}],"wp:term":[{"taxonomy":"category","embeddable":true,"href":"https:\/\/www.webdo.tn\/fr\/wp-json\/wp\/v2\/categories?post=185803"},{"taxonomy":"post_tag","embeddable":true,"href":"https:\/\/www.webdo.tn\/fr\/wp-json\/wp\/v2\/tags?post=185803"}],"curies":[{"name":"wp","href":"https:\/\/api.w.org\/{rel}","templated":true}]}}