{"id":185802,"date":"2015-04-20T14:57:00","date_gmt":"2015-04-20T14:57:00","guid":{"rendered":"https:\/\/www.webdo.tn\/fr\/actualite\/blog\/tunisie-association-el-fourat-la-societe-doit-beneficier-des-autistes-ils-peuvent-lui-apporter-beaucoup\/185802\/"},"modified":"2025-05-22T12:57:04","modified_gmt":"2025-05-22T12:57:04","slug":"tunisie-association-el-fourat-la-societe-doit-beneficier-des-autistes-ils-peuvent-lui-apporter-beaucoup","status":"publish","type":"post","link":"https:\/\/www.webdo.tn\/fr\/actualite\/reportage\/tunisie-association-el-fourat-la-societe-doit-beneficier-des-autistes-ils-peuvent-lui-apporter-beaucoup\/185802\/","title":{"rendered":"Association El Fourat : \u00ab\u00a0La soci\u00e9t\u00e9 doit b\u00e9n\u00e9ficier des autistes&#8230; ils peuvent lui apporter beaucoup\u00a0\u00bb"},"content":{"rendered":"<p>Tunis | Lanc\u00e9e en septembre 2011 par Mme Semira El Goulli, l&rsquo;association El Fourat pour l&rsquo;int\u00e9gration des autistes, a organis\u00e9 ce dimanche 19 avril une journ\u00e9e portes ouvertes pour c\u00e9l\u00e9brer l&rsquo;inauguration de son nouveau local \u00e0 la m\u00e9dina de Tunis.<br \/>\n\u0152uvrer pour l&rsquo;int\u00e9gration des autiste de 5 \u00e0 15 ans<br \/>\ndans les classes de l&rsquo;enseignement de base<br \/>\nMme Semira El Goulli, pr\u00e9sidente de cette association et \u00e9galement m\u00e8re d&rsquo;autiste, nous a pr\u00e9sent\u00e9 son association, son combat pour l&rsquo;int\u00e9gration des autistes dans la soci\u00e9t\u00e9 ainsi que les raisons qui l&rsquo;ont pouss\u00e9e \u00e0 aller jusqu&rsquo;au bout de son objectif.<\/p>\n<p>L&rsquo;Association El Fourat a deux principaux objectifs : \u0152uvrer pour l&rsquo;int\u00e9gration des autiste de 5 \u00e0 15 ans dans les classes de l&rsquo;enseignement de base et la cr\u00e9ation d&rsquo;un lieu de vie pour les plus de 15 ans.\u00a0\u00bbLa m\u00e9dina est un terrain d&rsquo;accueil pour tous\u00a0\u00bb<br \/>\nMme Semira El Goulli \u00e9tait tout sourire lors de notre premi\u00e8re rencontre \u00e0 la veille de la journ\u00e9e portes ouvertes, visiblement satisfaite que son association puisse enfin d\u00e9buter son travail apr\u00e8s avoir pein\u00e9 pour d\u00e9nicher un local.<\/p>\n<p>Ce nouveau local situ\u00e9 \u00e0 la m\u00e9dina de Tunis, repr\u00e9sente pour elle un succ\u00e8s d&rsquo;autant plus grand que la m\u00e9dina de Tunis est, selon elle \u00ab\u00a0une sorte de terrain d&rsquo;accueil pour tous, o\u00f9 les autistes pourraient trouver une place parmi les corporations de m\u00e9tiers.\u00a0\u00bb Elle a aussi lanc\u00e9 un appel pour le d\u00e9veloppement de jeux vid\u00e9os pour autistes.<br \/>\nPermettre que des artistes et des autistes se rencontrent<br \/>\n[quote_box_center]Cet espace est une premi\u00e8re pour montrer les objectifs de l&rsquo;association, permettre que des artistes et des autistes se rencontrent et aussi des jeunes qui ont envie de pr\u00e9senter leurs cr\u00e9ations. L&rsquo;id\u00e9e c&rsquo;est d&rsquo;encourager ces micro-entreprises et en m\u00eame temps r\u00e9fl\u00e9chir \u00e0 la cr\u00e9ation d&rsquo;un espace plus grand qui serait en sorte d&rsquo;un mini-village d&rsquo;un mini-projet pilote o\u00f9 des jeunes qui viennent de sortir d&rsquo;une formation universitaire puissent avoir leur espace \u00e0 eux o\u00f9 ils peuvent d\u00e9velopper leurs projets. La seule condition est qu&rsquo;ils acceptent d&rsquo;avoir dans leurs ateliers des autistes parce qu&rsquo;il ne faut pas qu&rsquo;il y ait une formation normale, il faut les laisser d\u00e9ambuler d&rsquo;un truc \u00e0 l&rsquo;autre.[\/quote_box_center]<\/p>\n<p>\u00ab\u00a0L&rsquo;autisme est une source de savoir, de sentiment, d&rsquo;\u00e9motion&#8230;\u00a0\u00bbRiche d&rsquo;une exp\u00e9rience personnelle, Mme El Goulli, qui \u00e9tait \u00e9crivaine de contes pour enfants dont le dernier livre s&rsquo;intitule \u00ab\u00a0La lumi\u00e8re de l&rsquo;eau\u00a0\u00bb, nous a fait part que son fils Fourat, 27 ans, atteint d&rsquo;autisme a r\u00e9ussi \u00e0 apprendre suite \u00e0 son int\u00e9gration avec d&rsquo;autres personnes \u00ab\u00a0normales\u00a0\u00bb et qu&rsquo;il est imp\u00e9ratif de sensibiliser les parents ainsi que les \u00e9l\u00e8ves \u00e0 la \u00ab\u00a0notion de partage\u00a0\u00bb.<br \/>\n[quote_box_center]Mon projet sera un coup de pouce aux normaux et aux autistes et dans la m\u00e9dina c&rsquo;\u00e9tait le cas, tout le monde s&rsquo;\u00e9paulait. Il n&rsquo;a pas la main qui se tend, il est celui qui rayonne celui qui va apporter un plus, c&rsquo;est pas de la charit\u00e9 c&rsquo;est lui qui fait offre la charit\u00e9. L&rsquo;id\u00e9e c&rsquo;est que la soci\u00e9t\u00e9 b\u00e9n\u00e9ficie des autistes parce qu&rsquo;ils peuvent apporter beaucoup \u00e0 la soci\u00e9t\u00e9 et peuvent servir de trait d&rsquo;union entre les gens. Ceux qui vont s&rsquo;int\u00e9resser \u00e0 l&rsquo;autisme ne vont jamais le regretter, c&rsquo;est une source de savoir, de sentiment, d&rsquo;\u00e9motion.[\/quote_box_center]<\/p>\n<p>\u00ab\u00a0Un centre culturel pour autistes\u00a0\u00bbCombien d&rsquo;autistes compte la Tunisie ?<br \/>\nLa pr\u00e9sidente de l&rsquo;association El Fourat pour l&rsquo;int\u00e9gration des autistes s&rsquo;est notamment exprim\u00e9e sur les probl\u00e8mes rencontr\u00e9s par les autistes en Tunisie, d\u00e9clarant qu&rsquo;il existe assez de\u00a0difficult\u00e9s\u00a0pour d\u00e9chiffrer le nombre exact d&rsquo;autistes en Tunisie.<br \/>\n[quote_box_center]Le probl\u00e8me c&rsquo;est qu&rsquo;avant en Tunisie, il y avait quelques autistes sur 1000 maintenant il y a un autiste sur 100 ce qui est un peu grave. Si on arrive \u00e0 les aider c&rsquo;est s\u00fbr qu&rsquo;on va arriver \u00e0 aider beaucoup de gens. On demande \u00e0 l&rsquo;Etat d&rsquo;\u00eatre \u00e0 la hauteur, mais ce n&rsquo;est pas l&rsquo;Etat qui va tout donner, le r\u00f4le des associations est \u00e0 pr\u00e9voir. Notre association est un peu comme un centre culturel pour autistes. On va essayer de les m\u00e9langer \u00e0 la soci\u00e9t\u00e9 pour les int\u00e9grer.[\/quote_box_center]r.<br \/>\nMme Semira El Goulli a cl\u00f4tur\u00e9 notre entrevue en faisant l&rsquo;\u00e9loge des autres associations qui ont pour but de sensibiliser face \u00e0 l&rsquo;autisme : \u00ab\u00a0la diversification des actions aidera \u00e0 r\u00e9soudre les probl\u00e8mes rencontr\u00e9s par les parents\u00a0\u00bb, dit-elle.<br \/>\n[pull_quote_center]\u00a0\u00bbJ&rsquo;estime que plus on ait d&rsquo;associations qui s&rsquo;int\u00e9ressent \u00e0 l&rsquo;autisme mieux c&rsquo;est, plus on est diff\u00e9rents c&rsquo;est peut \u00eatre mieux pour que les parents puissent aller d&rsquo;un endroit \u00e0 l&rsquo;autre parce qu&rsquo;il y a autant d&rsquo;autisme qu&rsquo;il y a d&rsquo;autistes. Les parents ont beaucoup de probl\u00e8mes et les associations sont l\u00e0 pour essayer de faire en sorte que chacun apporte une contribution avec ce qu&rsquo;il peut.\u00a0\u00bb[\/pull_quote_center]<\/p>\n<p>Table ronde autour de \u00ab\u00a0l&rsquo;autisme\u00a0\u00bb durant la journ\u00e9e portes-ouvertes<br \/>\nL&rsquo;association El Fourat pour l&rsquo;int\u00e9gration des autistes a organis\u00e9, dimanche 19 avril, une journ\u00e9e portes-ouvertes durant laquelle ont pris part de nombreux intervenants, entre des membres de l&rsquo;association et des parents.<\/p>\n<p>Pour Sirine Saadi, jeune membre active \u00e0 l&rsquo;association depuis septembre 2014, \u00ab\u00a0l&rsquo;autisme repr\u00e9sente quelque chose d&rsquo;extraordinaire et de surnaturelle\u00a0\u00bb.\u00a0Pour elle l&rsquo;association aura pour but de travailler sur \u00ab\u00a0l&rsquo;art th\u00e9rapie\u00a0\u00bb\u00a0et l&rsquo;espace de l&rsquo;association sera \u00ab\u00a0un espace d&rsquo;\u00e9change et de partage.\u00a0\u00bbPar ailleurs, le tr\u00e9sorier de l&rsquo;association, Mr Raf\u00e2a Bejaoui, consid\u00e8re \u00ab\u00a0qu&rsquo;il y a autant d&rsquo;autisme que d&rsquo;autistes, les autistes ne se ressemblent pas et chaque exp\u00e9rience peut enrichir les autres\u00a0\u00bb\u00a0remerciant la pr\u00e9sidente de l&rsquo;association pour son courage et sa lutte pour qu&rsquo;un tel projet se r\u00e9alise.<\/p>\n<p>L&rsquo;association El Fourat pour l&rsquo;int\u00e9gration des autistes a cr\u00e9\u00e9 une page facebook pour interagir avec les parents et les citoyens qui d\u00e9sirent proposer leur aide. Pour Mr Bejaoui ce moyen de communication est tr\u00e8s efficace pour sensibiliser les gens.<br \/>\nInternet au service des autistes<br \/>\n[quote_box_center]\u00a0\u00bbInternet nous a un peu aid\u00e9. En cr\u00e9ant une page facebook, les gens s&rsquo;y int\u00e9ressent de plus en plus, nous avons commenc\u00e9 \u00e0 en parler dans les m\u00e9dias, \u00e0 la radio surtout, on attend que les gens s&rsquo;y int\u00e9ressent de plus en plus, ce n&rsquo;est pas \u00e9vident pour un parent ayant un enfant autiste de franchir le pas et de venir vers\u00a0une association.\u00a0\u00bb[\/quote_box_center]Enfin, Chaima Issa, parente mais \u00e9galement \u00e9crivaine et chercheuse en sciences sociales, s&rsquo;est d\u00e9clar\u00e9e \u00ab\u00a0sensible\u00a0\u00bb\u00a0\u00e0 la cause des autistes et esp\u00e8re\u00a0que les autistes r\u00e9ussiront \u00e0 se d\u00e9velopper et sortir de leur autisme \u00ab\u00a0si on leur tend nos bras.\u00a0\u00bb<\/p>\n","protected":false},"excerpt":{"rendered":"<p>Association El Fourat :  La soci\u00e9t\u00e9 doit b\u00e9n\u00e9ficier des autistes&#8230; ils peuvent lui apporter beaucoup <\/p>\n","protected":false},"author":3222,"featured_media":352129,"comment_status":"open","ping_status":"closed","sticky":false,"template":"","format":"standard","meta":{"footnotes":""},"categories":[9104],"tags":[],"class_list":["post-185802","post","type-post","status-publish","format-standard","has-post-thumbnail","hentry","category-reportage"],"yoast_head":"<!-- This site is optimized with the Yoast SEO Premium plugin v27.5 (Yoast SEO v27.5) - https:\/\/yoast.com\/product\/yoast-seo-premium-wordpress\/ -->\n<title>Association El Fourat : La soci\u00e9t\u00e9 doit b\u00e9n\u00e9ficier des autistes... ils peuvent lui apporter beaucoup<\/title>\n<meta name=\"description\" content=\"Association El Fourat : La soci\u00e9t\u00e9 doit b\u00e9n\u00e9ficier des autistes... ils peuvent lui apporter beaucoup\" \/>\n<link rel=\"canonical\" href=\"https:\/\/www.webdo.tn\/fr\/actualite\/reportage\/tunisie-association-el-fourat-la-societe-doit-beneficier-des-autistes-ils-peuvent-lui-apporter-beaucoup\/185802\/\" \/>\n<meta property=\"og:locale\" content=\"fr_FR\" \/>\n<meta property=\"og:type\" content=\"article\" \/>\n<meta property=\"og:title\" content=\"Association El Fourat : &quot;La soci\u00e9t\u00e9 doit b\u00e9n\u00e9ficier des autistes... ils peuvent lui apporter beaucoup&quot;\" \/>\n<meta property=\"og:description\" content=\"Association El Fourat : La soci\u00e9t\u00e9 doit b\u00e9n\u00e9ficier des autistes... ils peuvent lui apporter beaucoup\" \/>\n<meta property=\"og:url\" content=\"https:\/\/www.webdo.tn\/fr\/actualite\/reportage\/tunisie-association-el-fourat-la-societe-doit-beneficier-des-autistes-ils-peuvent-lui-apporter-beaucoup\/185802\/\" \/>\n<meta property=\"og:site_name\" content=\"webdo\" \/>\n<meta property=\"article:publisher\" content=\"https:\/\/www.facebook.com\/webdotn\" \/>\n<meta property=\"article:published_time\" content=\"2015-04-20T14:57:00+00:00\" \/>\n<meta property=\"article:modified_time\" content=\"2025-05-22T12:57:04+00:00\" \/>\n<meta property=\"og:image\" content=\"https:\/\/www.webdo.tn\/fr\/wp-content\/uploads\/2015\/04\/11150820_1638247583078319_7547132444969804870_n-e1429531941855.jpg\" \/>\n\t<meta property=\"og:image:width\" content=\"600\" \/>\n\t<meta property=\"og:image:height\" content=\"450\" \/>\n\t<meta property=\"og:image:type\" content=\"image\/jpeg\" \/>\n<meta name=\"author\" content=\"webdo.tn\" \/>\n<meta name=\"twitter:card\" content=\"summary_large_image\" \/>\n<meta name=\"twitter:creator\" content=\"@webdo_tn\" \/>\n<meta name=\"twitter:site\" content=\"@webdo_tn\" \/>\n<meta name=\"twitter:label1\" content=\"\u00c9crit par\" \/>\n\t<meta name=\"twitter:data1\" content=\"webdo.tn\" \/>\n\t<meta name=\"twitter:label2\" content=\"Dur\u00e9e de lecture estim\u00e9e\" \/>\n\t<meta name=\"twitter:data2\" content=\"6 minutes\" \/>\n<script type=\"application\/ld+json\" class=\"yoast-schema-graph\">{\"@context\":\"https:\\\/\\\/schema.org\",\"@graph\":[{\"@type\":\"NewsArticle\",\"@id\":\"https:\\\/\\\/www.webdo.tn\\\/fr\\\/actualite\\\/reportage\\\/tunisie-association-el-fourat-la-societe-doit-beneficier-des-autistes-ils-peuvent-lui-apporter-beaucoup\\\/185802\\\/#article\",\"isPartOf\":{\"@id\":\"https:\\\/\\\/www.webdo.tn\\\/fr\\\/actualite\\\/reportage\\\/tunisie-association-el-fourat-la-societe-doit-beneficier-des-autistes-ils-peuvent-lui-apporter-beaucoup\\\/185802\\\/\"},\"author\":{\"name\":\"webdo.tn\",\"@id\":\"https:\\\/\\\/www.webdo.tn\\\/fr\\\/#\\\/schema\\\/person\\\/9a9c6118d687c117df8ef3cc36a4d175\"},\"headline\":\"Association El Fourat : \u00ab\u00a0La soci\u00e9t\u00e9 doit b\u00e9n\u00e9ficier des autistes&#8230; ils peuvent lui apporter beaucoup\u00a0\u00bb\",\"datePublished\":\"2015-04-20T14:57:00+00:00\",\"dateModified\":\"2025-05-22T12:57:04+00:00\",\"mainEntityOfPage\":{\"@id\":\"https:\\\/\\\/www.webdo.tn\\\/fr\\\/actualite\\\/reportage\\\/tunisie-association-el-fourat-la-societe-doit-beneficier-des-autistes-ils-peuvent-lui-apporter-beaucoup\\\/185802\\\/\"},\"wordCount\":1249,\"commentCount\":0,\"publisher\":{\"@id\":\"https:\\\/\\\/www.webdo.tn\\\/fr\\\/#organization\"},\"image\":{\"@id\":\"https:\\\/\\\/www.webdo.tn\\\/fr\\\/actualite\\\/reportage\\\/tunisie-association-el-fourat-la-societe-doit-beneficier-des-autistes-ils-peuvent-lui-apporter-beaucoup\\\/185802\\\/#primaryimage\"},\"thumbnailUrl\":\"https:\\\/\\\/www.webdo.tn\\\/fr\\\/wp-content\\\/uploads\\\/2015\\\/04\\\/11150820_1638247583078319_7547132444969804870_n-e1429531941855.jpg\",\"articleSection\":[\"Reportage\"],\"inLanguage\":\"fr-FR\"},{\"@type\":\"WebPage\",\"@id\":\"https:\\\/\\\/www.webdo.tn\\\/fr\\\/actualite\\\/reportage\\\/tunisie-association-el-fourat-la-societe-doit-beneficier-des-autistes-ils-peuvent-lui-apporter-beaucoup\\\/185802\\\/\",\"url\":\"https:\\\/\\\/www.webdo.tn\\\/fr\\\/actualite\\\/reportage\\\/tunisie-association-el-fourat-la-societe-doit-beneficier-des-autistes-ils-peuvent-lui-apporter-beaucoup\\\/185802\\\/\",\"name\":\"Association El Fourat : La soci\u00e9t\u00e9 doit b\u00e9n\u00e9ficier des autistes... ils peuvent lui apporter beaucoup\",\"isPartOf\":{\"@id\":\"https:\\\/\\\/www.webdo.tn\\\/fr\\\/#website\"},\"primaryImageOfPage\":{\"@id\":\"https:\\\/\\\/www.webdo.tn\\\/fr\\\/actualite\\\/reportage\\\/tunisie-association-el-fourat-la-societe-doit-beneficier-des-autistes-ils-peuvent-lui-apporter-beaucoup\\\/185802\\\/#primaryimage\"},\"image\":{\"@id\":\"https:\\\/\\\/www.webdo.tn\\\/fr\\\/actualite\\\/reportage\\\/tunisie-association-el-fourat-la-societe-doit-beneficier-des-autistes-ils-peuvent-lui-apporter-beaucoup\\\/185802\\\/#primaryimage\"},\"thumbnailUrl\":\"https:\\\/\\\/www.webdo.tn\\\/fr\\\/wp-content\\\/uploads\\\/2015\\\/04\\\/11150820_1638247583078319_7547132444969804870_n-e1429531941855.jpg\",\"datePublished\":\"2015-04-20T14:57:00+00:00\",\"dateModified\":\"2025-05-22T12:57:04+00:00\",\"description\":\"Association El Fourat : La soci\u00e9t\u00e9 doit b\u00e9n\u00e9ficier des autistes... ils peuvent lui apporter beaucoup\",\"breadcrumb\":{\"@id\":\"https:\\\/\\\/www.webdo.tn\\\/fr\\\/actualite\\\/reportage\\\/tunisie-association-el-fourat-la-societe-doit-beneficier-des-autistes-ils-peuvent-lui-apporter-beaucoup\\\/185802\\\/#breadcrumb\"},\"inLanguage\":\"fr-FR\",\"potentialAction\":[{\"@type\":\"ReadAction\",\"target\":[\"https:\\\/\\\/www.webdo.tn\\\/fr\\\/actualite\\\/reportage\\\/tunisie-association-el-fourat-la-societe-doit-beneficier-des-autistes-ils-peuvent-lui-apporter-beaucoup\\\/185802\\\/\"]}]},{\"@type\":\"ImageObject\",\"inLanguage\":\"fr-FR\",\"@id\":\"https:\\\/\\\/www.webdo.tn\\\/fr\\\/actualite\\\/reportage\\\/tunisie-association-el-fourat-la-societe-doit-beneficier-des-autistes-ils-peuvent-lui-apporter-beaucoup\\\/185802\\\/#primaryimage\",\"url\":\"https:\\\/\\\/www.webdo.tn\\\/fr\\\/wp-content\\\/uploads\\\/2015\\\/04\\\/11150820_1638247583078319_7547132444969804870_n-e1429531941855.jpg\",\"contentUrl\":\"https:\\\/\\\/www.webdo.tn\\\/fr\\\/wp-content\\\/uploads\\\/2015\\\/04\\\/11150820_1638247583078319_7547132444969804870_n-e1429531941855.jpg\",\"width\":600,\"height\":450,\"caption\":\"Association El Fourat : \\\"La soci\u00e9t\u00e9 doit b\u00e9n\u00e9ficier des autistes... ils peuvent lui apporter beaucoup\\\"\"},{\"@type\":\"BreadcrumbList\",\"@id\":\"https:\\\/\\\/www.webdo.tn\\\/fr\\\/actualite\\\/reportage\\\/tunisie-association-el-fourat-la-societe-doit-beneficier-des-autistes-ils-peuvent-lui-apporter-beaucoup\\\/185802\\\/#breadcrumb\",\"itemListElement\":[{\"@type\":\"ListItem\",\"position\":1,\"name\":\"Accueil\",\"item\":\"https:\\\/\\\/www.webdo.tn\\\/fr\\\/\"},{\"@type\":\"ListItem\",\"position\":2,\"name\":\"Association El Fourat : \u00ab\u00a0La soci\u00e9t\u00e9 doit b\u00e9n\u00e9ficier des autistes&#8230; ils peuvent lui apporter beaucoup\u00a0\u00bb\"}]},{\"@type\":\"WebSite\",\"@id\":\"https:\\\/\\\/www.webdo.tn\\\/fr\\\/#website\",\"url\":\"https:\\\/\\\/www.webdo.tn\\\/fr\\\/\",\"name\":\"webdo\",\"description\":\"Tunisie - News en Tunisie et \u00e0 l&#039;international sur Webdo.tn\",\"publisher\":{\"@id\":\"https:\\\/\\\/www.webdo.tn\\\/fr\\\/#organization\"},\"potentialAction\":[{\"@type\":\"SearchAction\",\"target\":{\"@type\":\"EntryPoint\",\"urlTemplate\":\"https:\\\/\\\/www.webdo.tn\\\/fr\\\/?s={search_term_string}\"},\"query-input\":{\"@type\":\"PropertyValueSpecification\",\"valueRequired\":true,\"valueName\":\"search_term_string\"}}],\"inLanguage\":\"fr-FR\"},{\"@type\":\"Organization\",\"@id\":\"https:\\\/\\\/www.webdo.tn\\\/fr\\\/#organization\",\"name\":\"Webdo\",\"alternateName\":\"Webdo.tn\",\"url\":\"https:\\\/\\\/www.webdo.tn\\\/fr\\\/\",\"logo\":{\"@type\":\"ImageObject\",\"inLanguage\":\"fr-FR\",\"@id\":\"https:\\\/\\\/www.webdo.tn\\\/fr\\\/#\\\/schema\\\/logo\\\/image\\\/\",\"url\":\"https:\\\/\\\/www.webdo.tn\\\/fr\\\/wp-content\\\/uploads\\\/2025\\\/06\\\/Webdo-Tunisie_168377.jpg\",\"contentUrl\":\"https:\\\/\\\/www.webdo.tn\\\/fr\\\/wp-content\\\/uploads\\\/2025\\\/06\\\/Webdo-Tunisie_168377.jpg\",\"width\":301,\"height\":301,\"caption\":\"Webdo\"},\"image\":{\"@id\":\"https:\\\/\\\/www.webdo.tn\\\/fr\\\/#\\\/schema\\\/logo\\\/image\\\/\"},\"sameAs\":[\"https:\\\/\\\/www.facebook.com\\\/webdotn\",\"https:\\\/\\\/x.com\\\/webdo_tn\"],\"description\":\"Webdo est un m\u00e9dia num\u00e9rique tunisien fond\u00e9 en 2010, sp\u00e9cialis\u00e9 dans l\u2019actualit\u00e9 nationale et internationale, l\u2019\u00e9conomie, la soci\u00e9t\u00e9 et les analyses politiques. Le site s\u2019adresse \u00e0 un large public francophone et couvre l\u2019information tunisienne en temps r\u00e9el.\",\"email\":\"redac@webdo.tn\",\"legalName\":\"YNJ SARL\",\"foundingDate\":\"2010-09-06\",\"numberOfEmployees\":{\"@type\":\"QuantitativeValue\",\"minValue\":\"11\",\"maxValue\":\"50\"}},{\"@type\":\"Person\",\"@id\":\"https:\\\/\\\/www.webdo.tn\\\/fr\\\/#\\\/schema\\\/person\\\/9a9c6118d687c117df8ef3cc36a4d175\",\"name\":\"webdo.tn\",\"image\":{\"@type\":\"ImageObject\",\"inLanguage\":\"fr-FR\",\"@id\":\"https:\\\/\\\/secure.gravatar.com\\\/avatar\\\/7ce1f28c0c3bbac99ff550b85ef8e44a6950c6ee24514fb6a5489e51d06f0298?s=96&d=mm&r=g\",\"url\":\"https:\\\/\\\/secure.gravatar.com\\\/avatar\\\/7ce1f28c0c3bbac99ff550b85ef8e44a6950c6ee24514fb6a5489e51d06f0298?s=96&d=mm&r=g\",\"contentUrl\":\"https:\\\/\\\/secure.gravatar.com\\\/avatar\\\/7ce1f28c0c3bbac99ff550b85ef8e44a6950c6ee24514fb6a5489e51d06f0298?s=96&d=mm&r=g\",\"caption\":\"webdo.tn\"},\"url\":\"https:\\\/\\\/www.webdo.tn\\\/fr\\\/actualite\\\/author\\\/webdotn\\\/\"}]}<\/script>\n<!-- \/ Yoast SEO Premium plugin. -->","yoast_head_json":{"title":"Association El Fourat : La soci\u00e9t\u00e9 doit b\u00e9n\u00e9ficier des autistes... ils peuvent lui apporter beaucoup","description":"Association El Fourat : La soci\u00e9t\u00e9 doit b\u00e9n\u00e9ficier des autistes... ils peuvent lui apporter beaucoup","canonical":"https:\/\/www.webdo.tn\/fr\/actualite\/reportage\/tunisie-association-el-fourat-la-societe-doit-beneficier-des-autistes-ils-peuvent-lui-apporter-beaucoup\/185802\/","og_locale":"fr_FR","og_type":"article","og_title":"Association El Fourat : \"La soci\u00e9t\u00e9 doit b\u00e9n\u00e9ficier des autistes... ils peuvent lui apporter beaucoup\"","og_description":"Association El Fourat : La soci\u00e9t\u00e9 doit b\u00e9n\u00e9ficier des autistes... ils peuvent lui apporter beaucoup","og_url":"https:\/\/www.webdo.tn\/fr\/actualite\/reportage\/tunisie-association-el-fourat-la-societe-doit-beneficier-des-autistes-ils-peuvent-lui-apporter-beaucoup\/185802\/","og_site_name":"webdo","article_publisher":"https:\/\/www.facebook.com\/webdotn","article_published_time":"2015-04-20T14:57:00+00:00","article_modified_time":"2025-05-22T12:57:04+00:00","og_image":[{"width":600,"height":450,"url":"https:\/\/www.webdo.tn\/fr\/wp-content\/uploads\/2015\/04\/11150820_1638247583078319_7547132444969804870_n-e1429531941855.jpg","type":"image\/jpeg"}],"author":"webdo.tn","twitter_card":"summary_large_image","twitter_creator":"@webdo_tn","twitter_site":"@webdo_tn","twitter_misc":{"\u00c9crit par":"webdo.tn","Dur\u00e9e de lecture estim\u00e9e":"6 minutes"},"schema":{"@context":"https:\/\/schema.org","@graph":[{"@type":"NewsArticle","@id":"https:\/\/www.webdo.tn\/fr\/actualite\/reportage\/tunisie-association-el-fourat-la-societe-doit-beneficier-des-autistes-ils-peuvent-lui-apporter-beaucoup\/185802\/#article","isPartOf":{"@id":"https:\/\/www.webdo.tn\/fr\/actualite\/reportage\/tunisie-association-el-fourat-la-societe-doit-beneficier-des-autistes-ils-peuvent-lui-apporter-beaucoup\/185802\/"},"author":{"name":"webdo.tn","@id":"https:\/\/www.webdo.tn\/fr\/#\/schema\/person\/9a9c6118d687c117df8ef3cc36a4d175"},"headline":"Association El Fourat : \u00ab\u00a0La soci\u00e9t\u00e9 doit b\u00e9n\u00e9ficier des autistes&#8230; ils peuvent lui apporter beaucoup\u00a0\u00bb","datePublished":"2015-04-20T14:57:00+00:00","dateModified":"2025-05-22T12:57:04+00:00","mainEntityOfPage":{"@id":"https:\/\/www.webdo.tn\/fr\/actualite\/reportage\/tunisie-association-el-fourat-la-societe-doit-beneficier-des-autistes-ils-peuvent-lui-apporter-beaucoup\/185802\/"},"wordCount":1249,"commentCount":0,"publisher":{"@id":"https:\/\/www.webdo.tn\/fr\/#organization"},"image":{"@id":"https:\/\/www.webdo.tn\/fr\/actualite\/reportage\/tunisie-association-el-fourat-la-societe-doit-beneficier-des-autistes-ils-peuvent-lui-apporter-beaucoup\/185802\/#primaryimage"},"thumbnailUrl":"https:\/\/www.webdo.tn\/fr\/wp-content\/uploads\/2015\/04\/11150820_1638247583078319_7547132444969804870_n-e1429531941855.jpg","articleSection":["Reportage"],"inLanguage":"fr-FR"},{"@type":"WebPage","@id":"https:\/\/www.webdo.tn\/fr\/actualite\/reportage\/tunisie-association-el-fourat-la-societe-doit-beneficier-des-autistes-ils-peuvent-lui-apporter-beaucoup\/185802\/","url":"https:\/\/www.webdo.tn\/fr\/actualite\/reportage\/tunisie-association-el-fourat-la-societe-doit-beneficier-des-autistes-ils-peuvent-lui-apporter-beaucoup\/185802\/","name":"Association El Fourat : La soci\u00e9t\u00e9 doit b\u00e9n\u00e9ficier des autistes... ils peuvent lui apporter beaucoup","isPartOf":{"@id":"https:\/\/www.webdo.tn\/fr\/#website"},"primaryImageOfPage":{"@id":"https:\/\/www.webdo.tn\/fr\/actualite\/reportage\/tunisie-association-el-fourat-la-societe-doit-beneficier-des-autistes-ils-peuvent-lui-apporter-beaucoup\/185802\/#primaryimage"},"image":{"@id":"https:\/\/www.webdo.tn\/fr\/actualite\/reportage\/tunisie-association-el-fourat-la-societe-doit-beneficier-des-autistes-ils-peuvent-lui-apporter-beaucoup\/185802\/#primaryimage"},"thumbnailUrl":"https:\/\/www.webdo.tn\/fr\/wp-content\/uploads\/2015\/04\/11150820_1638247583078319_7547132444969804870_n-e1429531941855.jpg","datePublished":"2015-04-20T14:57:00+00:00","dateModified":"2025-05-22T12:57:04+00:00","description":"Association El Fourat : La soci\u00e9t\u00e9 doit b\u00e9n\u00e9ficier des autistes... ils peuvent lui apporter beaucoup","breadcrumb":{"@id":"https:\/\/www.webdo.tn\/fr\/actualite\/reportage\/tunisie-association-el-fourat-la-societe-doit-beneficier-des-autistes-ils-peuvent-lui-apporter-beaucoup\/185802\/#breadcrumb"},"inLanguage":"fr-FR","potentialAction":[{"@type":"ReadAction","target":["https:\/\/www.webdo.tn\/fr\/actualite\/reportage\/tunisie-association-el-fourat-la-societe-doit-beneficier-des-autistes-ils-peuvent-lui-apporter-beaucoup\/185802\/"]}]},{"@type":"ImageObject","inLanguage":"fr-FR","@id":"https:\/\/www.webdo.tn\/fr\/actualite\/reportage\/tunisie-association-el-fourat-la-societe-doit-beneficier-des-autistes-ils-peuvent-lui-apporter-beaucoup\/185802\/#primaryimage","url":"https:\/\/www.webdo.tn\/fr\/wp-content\/uploads\/2015\/04\/11150820_1638247583078319_7547132444969804870_n-e1429531941855.jpg","contentUrl":"https:\/\/www.webdo.tn\/fr\/wp-content\/uploads\/2015\/04\/11150820_1638247583078319_7547132444969804870_n-e1429531941855.jpg","width":600,"height":450,"caption":"Association El Fourat : \"La soci\u00e9t\u00e9 doit b\u00e9n\u00e9ficier des autistes... ils peuvent lui apporter beaucoup\""},{"@type":"BreadcrumbList","@id":"https:\/\/www.webdo.tn\/fr\/actualite\/reportage\/tunisie-association-el-fourat-la-societe-doit-beneficier-des-autistes-ils-peuvent-lui-apporter-beaucoup\/185802\/#breadcrumb","itemListElement":[{"@type":"ListItem","position":1,"name":"Accueil","item":"https:\/\/www.webdo.tn\/fr\/"},{"@type":"ListItem","position":2,"name":"Association El Fourat : \u00ab\u00a0La soci\u00e9t\u00e9 doit b\u00e9n\u00e9ficier des autistes&#8230; ils peuvent lui apporter beaucoup\u00a0\u00bb"}]},{"@type":"WebSite","@id":"https:\/\/www.webdo.tn\/fr\/#website","url":"https:\/\/www.webdo.tn\/fr\/","name":"webdo","description":"Tunisie - News en Tunisie et \u00e0 l&#039;international sur Webdo.tn","publisher":{"@id":"https:\/\/www.webdo.tn\/fr\/#organization"},"potentialAction":[{"@type":"SearchAction","target":{"@type":"EntryPoint","urlTemplate":"https:\/\/www.webdo.tn\/fr\/?s={search_term_string}"},"query-input":{"@type":"PropertyValueSpecification","valueRequired":true,"valueName":"search_term_string"}}],"inLanguage":"fr-FR"},{"@type":"Organization","@id":"https:\/\/www.webdo.tn\/fr\/#organization","name":"Webdo","alternateName":"Webdo.tn","url":"https:\/\/www.webdo.tn\/fr\/","logo":{"@type":"ImageObject","inLanguage":"fr-FR","@id":"https:\/\/www.webdo.tn\/fr\/#\/schema\/logo\/image\/","url":"https:\/\/www.webdo.tn\/fr\/wp-content\/uploads\/2025\/06\/Webdo-Tunisie_168377.jpg","contentUrl":"https:\/\/www.webdo.tn\/fr\/wp-content\/uploads\/2025\/06\/Webdo-Tunisie_168377.jpg","width":301,"height":301,"caption":"Webdo"},"image":{"@id":"https:\/\/www.webdo.tn\/fr\/#\/schema\/logo\/image\/"},"sameAs":["https:\/\/www.facebook.com\/webdotn","https:\/\/x.com\/webdo_tn"],"description":"Webdo est un m\u00e9dia num\u00e9rique tunisien fond\u00e9 en 2010, sp\u00e9cialis\u00e9 dans l\u2019actualit\u00e9 nationale et internationale, l\u2019\u00e9conomie, la soci\u00e9t\u00e9 et les analyses politiques. Le site s\u2019adresse \u00e0 un large public francophone et couvre l\u2019information tunisienne en temps r\u00e9el.","email":"redac@webdo.tn","legalName":"YNJ SARL","foundingDate":"2010-09-06","numberOfEmployees":{"@type":"QuantitativeValue","minValue":"11","maxValue":"50"}},{"@type":"Person","@id":"https:\/\/www.webdo.tn\/fr\/#\/schema\/person\/9a9c6118d687c117df8ef3cc36a4d175","name":"webdo.tn","image":{"@type":"ImageObject","inLanguage":"fr-FR","@id":"https:\/\/secure.gravatar.com\/avatar\/7ce1f28c0c3bbac99ff550b85ef8e44a6950c6ee24514fb6a5489e51d06f0298?s=96&d=mm&r=g","url":"https:\/\/secure.gravatar.com\/avatar\/7ce1f28c0c3bbac99ff550b85ef8e44a6950c6ee24514fb6a5489e51d06f0298?s=96&d=mm&r=g","contentUrl":"https:\/\/secure.gravatar.com\/avatar\/7ce1f28c0c3bbac99ff550b85ef8e44a6950c6ee24514fb6a5489e51d06f0298?s=96&d=mm&r=g","caption":"webdo.tn"},"url":"https:\/\/www.webdo.tn\/fr\/actualite\/author\/webdotn\/"}]}},"_links":{"self":[{"href":"https:\/\/www.webdo.tn\/fr\/wp-json\/wp\/v2\/posts\/185802","targetHints":{"allow":["GET"]}}],"collection":[{"href":"https:\/\/www.webdo.tn\/fr\/wp-json\/wp\/v2\/posts"}],"about":[{"href":"https:\/\/www.webdo.tn\/fr\/wp-json\/wp\/v2\/types\/post"}],"author":[{"embeddable":true,"href":"https:\/\/www.webdo.tn\/fr\/wp-json\/wp\/v2\/users\/3222"}],"replies":[{"embeddable":true,"href":"https:\/\/www.webdo.tn\/fr\/wp-json\/wp\/v2\/comments?post=185802"}],"version-history":[{"count":0,"href":"https:\/\/www.webdo.tn\/fr\/wp-json\/wp\/v2\/posts\/185802\/revisions"}],"wp:featuredmedia":[{"embeddable":true,"href":"https:\/\/www.webdo.tn\/fr\/wp-json\/wp\/v2\/media\/352129"}],"wp:attachment":[{"href":"https:\/\/www.webdo.tn\/fr\/wp-json\/wp\/v2\/media?parent=185802"}],"wp:term":[{"taxonomy":"category","embeddable":true,"href":"https:\/\/www.webdo.tn\/fr\/wp-json\/wp\/v2\/categories?post=185802"},{"taxonomy":"post_tag","embeddable":true,"href":"https:\/\/www.webdo.tn\/fr\/wp-json\/wp\/v2\/tags?post=185802"}],"curies":[{"name":"wp","href":"https:\/\/api.w.org\/{rel}","templated":true}]}}