{"id":185799,"date":"2020-07-22T13:53:00","date_gmt":"2020-07-22T13:53:00","guid":{"rendered":"https:\/\/www.webdo.tn\/fr\/blog\/djerba-en-quete-dune-saison-touristique\/185799\/"},"modified":"2025-05-17T19:34:06","modified_gmt":"2025-05-17T19:34:06","slug":"djerba-en-quete-dune-saison-touristique","status":"publish","type":"post","link":"https:\/\/www.webdo.tn\/fr\/actualite\/reportage\/djerba-en-quete-dune-saison-touristique\/185799\/","title":{"rendered":"Djerba en qu\u00eate d&rsquo;une saison touristique"},"content":{"rendered":"<p>Par Imene Boudali<\/p>\n<p>A peine les fronti\u00e8res ouvertes, l&rsquo;\u00eele de Djerba s\u2019est lanc\u00e9e dans la pr\u00e9paration de l\u2019accueil des visiteurs. Cette r\u00e9gion, o\u00f9 environ 70% des habitants vivent directement et indirectement du secteur du tourisme, connait des temps difficiles depuis le d\u00e9but de la pand\u00e9mie.<\/p>\n<p>Il y a un an, plus d\u2019un million de visiteurs \u00e9taient \u00e0 Djerba. Aujourd\u2019hui, l\u2019ile tente de se rattraper et de sauver ce qui reste de la saison touristique. A l\u2019a\u00e9roport Djerba-Zarzis comme \u00e0 Houmet Souk ou dans les h\u00f4tels de la r\u00e9gion, les professionnels du secteur et les citoyens esp\u00e8rent une reprise rapide et la multiplication du nombre de touristes dans la r\u00e9gion.<\/p>\n<p>Le premier vol charter \u00e0 destination de l&rsquo;\u00eele, accueilli samedi 18 juillet 2020 a d\u2019ailleurs \u00e9t\u00e9 un \u00e9v\u00e9nement majeur et boostant pour le moral des Djerbiens. En provenance du Luxembourg, le vol transportait pr\u00e8s de 160 touristes Fran\u00e7ais, Allemands et Luxembourgeois ayant fui le vieux Continent pour profiter du soleil et de la stabilit\u00e9 sanitaire de la Tunisie. Un deuxi\u00e8me vol avait \u00e9t\u00e9 re\u00e7u le lendemain, dimanche, avec \u00e0 son bord d\u2019autres visiteurs impatients de rejoindre la plage.<br \/>\nToumi \u00e0 Djerba<br \/>\nPour sa premi\u00e8re visite officielle, le ministre du Tourisme et de l\u2019Artisanat Mohamed Ali Toumi s\u2019est dirig\u00e9 vers l\u2019ile des r\u00eaves. Le responsable a d\u00e9cid\u00e9 d\u2019\u00eatre pr\u00e9sent \u00e0 l\u2019accueil des visiteurs du premier vol charter afin de passer un message positif sur la saison touristique \u00e0 peine lanc\u00e9e.<\/p>\n<p>Accompagn\u00e9 du nouveau directeur de l\u2019office national du tourisme tunisien (ONTT), Moez Ben Hassine, du commissaire r\u00e9gional du tourisme Hichem Mahouech et du gouverneur de M\u00e9denine Habib Chaouat, Toumi a esp\u00e9r\u00e9 que ces vols constitueront le retour et le lancement de la saison touristique \u00ab Ready and safe \u00bb.<\/p>\n<p>\u00ab Djerba reste une destination assez particuli\u00e8re. Je suis tr\u00e8s content pour les Djerbiens et pour les professionnels du Tourisme de la r\u00e9gion. J\u2019esp\u00e8re que l\u2019arriv\u00e9e de cet avion aidera \u00e0 redorer le blason du tourisme tunisien \u00e0 Djerba et ailleurs \u00bb, a d\u00e9clar\u00e9 le responsable.<br \/>\nProtocole sanitaire dans les h\u00f4tels<br \/>\nMasques, d\u00e9sinfection, distributeurs de gel, distanciation\u2026 les proc\u00e9dures du plan \u00ab Ready and Safe \u00bb sont appliqu\u00e9es \u00e0 la lettre par les h\u00f4tels qui attendaient impatiemment la r\u00e9ouverture des fronti\u00e8res et le retour des visiteurs.<\/p>\n<p>\u00c0 cet \u00e9gard, Anis Chemli, directeur g\u00e9n\u00e9ral d\u2019un h\u00f4tel 4 \u00e9toiles de Djerba, nous a assur\u00e9 que toutes les mesures annonc\u00e9es dans le protocole sanitaire touristique sont adopt\u00e9es pour assurer la s\u00e9curit\u00e9 des clients et des employ\u00e9s.<\/p>\n<p>L\u2019application de ces mesures commence d\u00e8s l&rsquo;arriv\u00e9e du client : A la porte, les bagages sont d\u00e9sinfect\u00e9s et la temp\u00e9rature est mesur\u00e9e. En cas o\u00f9 cette derni\u00e8re est sup\u00e9rieure \u00e0 38\u00b0C, le client sera transf\u00e9r\u00e9 vers une zone Covid 19, o\u00f9 un m\u00e9decin viendra \u00e0 sa rencontre. Dans ce contexte, des dizaines de chambres de l\u2019h\u00f4tel ont \u00e9t\u00e9 consacr\u00e9es aux cas suspects pour les accueillir loin du reste des clients.<\/p>\n<p>Notre source a \u00e9galement indiqu\u00e9 que les proc\u00e9dures incluent la pr\u00e9sence de gel d\u00e9sinfectant dans toutes les parties de l\u2019unit\u00e9 h\u00f4teli\u00e8re, en plus des op\u00e9rations de nettoyage continu du mat\u00e9riel, des chaises et autres durant toute la journ\u00e9e.<br \/>\nStrat\u00e9gie ambitieuse<br \/>\nDepuis quelque temps, le ministre du Tourisme indique qu\u2019une strat\u00e9gie visant \u00e0 d\u00e9poussi\u00e9rer le tourisme tunisien est en cours de pr\u00e9paration. Une \u00e9quipe d\u2019experts a d\u2019ailleurs \u00e9t\u00e9 mise en place pour focaliser sur le sujet.<\/p>\n<p>Plusieurs id\u00e9es ambitieuses ont \u00e9t\u00e9 \u00e9tal\u00e9es par le responsable qui vise loin : r\u00e9volutionner un secteur qui souffre de stagnation depuis des d\u00e9cennies.<\/p>\n<p>La premi\u00e8re proposition porte sur la cr\u00e9ation d\u2019une cit\u00e9 sportive \u00e0 Zaghouan, \u00e0 l\u2019exemple d\u2019Aspire du Qatar. Le climat de la r\u00e9gion mais aussi sa proximit\u00e9 des zones touristiques de Sousse et Monastir rendent ce gouvernorat un endroit parfait pour ce projet qui permettra aux h\u00f4tels de travailler tout au long de l\u2019ann\u00e9e.<\/p>\n<p>La deuxi\u00e8me proposition vise \u00e0 cr\u00e9er un parcours touristique en commen\u00e7ant par un port de croisi\u00e8re \u00e0 Mahdia dont pourront profiter les zones environnantes comme El Jem ou Kairouan.<\/p>\n<p>La troisi\u00e8me id\u00e9e de Toumi consiste \u00e0 reconsid\u00e9rer la valeur des \u00eelots, comme Galite. Ces zones pourraient accueillir des ports de plaisance haut de gamme qui attireront les touristes souhaitant d\u00e9couvrir davantage la mer, estime le responsable.<\/p>\n<p>Mohamed Ali Toumi \u00e9voque, comme quatri\u00e8me id\u00e9e, la cr\u00e9ation d\u2019un parc Disneyland dans notre pays. Selon lui, il s\u2019agirait, via ce projet, de doter l\u2019Afrique d\u2019un \u00ab Africa Disney \u00bb en Tunisie en raison de son emplacement strat\u00e9gique et qui permettrait aux touristes africains d\u2019y venir au lieu de se d\u00e9placer vers des parcs d\u2019attraction Walt Disney plus lointains.<\/p>\n<p>Ces id\u00e9es repr\u00e9sentent une strat\u00e9gie ambitieuse pour les quinze prochaines ann\u00e9es. Un r\u00eave de s\u2019\u00e9tendre vers plus de diversit\u00e9 dans un secteur crucial mais stagnant.<\/p>\n","protected":false},"excerpt":{"rendered":"<p>Djerba en qu\u00eate d&rsquo;une saison touristique<\/p>\n","protected":false},"author":3222,"featured_media":266135,"comment_status":"open","ping_status":"closed","sticky":false,"template":"","format":"standard","meta":{"footnotes":""},"categories":[9104],"tags":[],"class_list":["post-185799","post","type-post","status-publish","format-standard","has-post-thumbnail","hentry","category-reportage"],"yoast_head":"<!-- This site is optimized with the Yoast SEO Premium plugin v27.5 (Yoast SEO v27.5) - https:\/\/yoast.com\/product\/yoast-seo-premium-wordpress\/ -->\n<title>Djerba en qu\u00eate d&#039;une saison touristique<\/title>\n<meta name=\"description\" content=\"Djerba en qu\u00eate d&#039;une saison touristique\" \/>\n<link rel=\"canonical\" href=\"https:\/\/www.webdo.tn\/fr\/actualite\/reportage\/djerba-en-quete-dune-saison-touristique\/185799\/\" \/>\n<meta property=\"og:locale\" content=\"fr_FR\" \/>\n<meta property=\"og:type\" content=\"article\" \/>\n<meta property=\"og:title\" content=\"Djerba en qu\u00eate d&#039;une saison touristique\" \/>\n<meta property=\"og:description\" content=\"Djerba en qu\u00eate d&#039;une saison touristique\" \/>\n<meta property=\"og:url\" content=\"https:\/\/www.webdo.tn\/fr\/actualite\/reportage\/djerba-en-quete-dune-saison-touristique\/185799\/\" \/>\n<meta property=\"og:site_name\" content=\"webdo\" \/>\n<meta property=\"article:publisher\" content=\"https:\/\/www.facebook.com\/webdotn\" \/>\n<meta property=\"article:published_time\" content=\"2020-07-22T13:53:00+00:00\" \/>\n<meta property=\"article:modified_time\" content=\"2025-05-17T19:34:06+00:00\" \/>\n<meta property=\"og:image\" content=\"https:\/\/www.webdo.tn\/fr\/wp-content\/uploads\/2020\/07\/djerba.jpg\" \/>\n\t<meta property=\"og:image:width\" content=\"775\" \/>\n\t<meta property=\"og:image:height\" content=\"515\" \/>\n\t<meta property=\"og:image:type\" content=\"image\/jpeg\" \/>\n<meta name=\"author\" content=\"webdo.tn\" \/>\n<meta name=\"twitter:card\" content=\"summary_large_image\" \/>\n<meta name=\"twitter:creator\" content=\"@webdo_tn\" \/>\n<meta name=\"twitter:site\" content=\"@webdo_tn\" \/>\n<meta name=\"twitter:label1\" content=\"\u00c9crit par\" \/>\n\t<meta name=\"twitter:data1\" content=\"webdo.tn\" \/>\n\t<meta name=\"twitter:label2\" content=\"Dur\u00e9e de lecture estim\u00e9e\" \/>\n\t<meta name=\"twitter:data2\" content=\"4 minutes\" \/>\n<script type=\"application\/ld+json\" class=\"yoast-schema-graph\">{\"@context\":\"https:\\\/\\\/schema.org\",\"@graph\":[{\"@type\":\"NewsArticle\",\"@id\":\"https:\\\/\\\/www.webdo.tn\\\/fr\\\/actualite\\\/reportage\\\/djerba-en-quete-dune-saison-touristique\\\/185799\\\/#article\",\"isPartOf\":{\"@id\":\"https:\\\/\\\/www.webdo.tn\\\/fr\\\/actualite\\\/reportage\\\/djerba-en-quete-dune-saison-touristique\\\/185799\\\/\"},\"author\":{\"name\":\"webdo.tn\",\"@id\":\"https:\\\/\\\/www.webdo.tn\\\/fr\\\/#\\\/schema\\\/person\\\/9a9c6118d687c117df8ef3cc36a4d175\"},\"headline\":\"Djerba en qu\u00eate d&rsquo;une saison touristique\",\"datePublished\":\"2020-07-22T13:53:00+00:00\",\"dateModified\":\"2025-05-17T19:34:06+00:00\",\"mainEntityOfPage\":{\"@id\":\"https:\\\/\\\/www.webdo.tn\\\/fr\\\/actualite\\\/reportage\\\/djerba-en-quete-dune-saison-touristique\\\/185799\\\/\"},\"wordCount\":887,\"commentCount\":0,\"publisher\":{\"@id\":\"https:\\\/\\\/www.webdo.tn\\\/fr\\\/#organization\"},\"image\":{\"@id\":\"https:\\\/\\\/www.webdo.tn\\\/fr\\\/actualite\\\/reportage\\\/djerba-en-quete-dune-saison-touristique\\\/185799\\\/#primaryimage\"},\"thumbnailUrl\":\"https:\\\/\\\/www.webdo.tn\\\/fr\\\/wp-content\\\/uploads\\\/2020\\\/07\\\/djerba.jpg\",\"articleSection\":[\"Reportage\"],\"inLanguage\":\"fr-FR\"},{\"@type\":\"WebPage\",\"@id\":\"https:\\\/\\\/www.webdo.tn\\\/fr\\\/actualite\\\/reportage\\\/djerba-en-quete-dune-saison-touristique\\\/185799\\\/\",\"url\":\"https:\\\/\\\/www.webdo.tn\\\/fr\\\/actualite\\\/reportage\\\/djerba-en-quete-dune-saison-touristique\\\/185799\\\/\",\"name\":\"Djerba en qu\u00eate d'une saison touristique\",\"isPartOf\":{\"@id\":\"https:\\\/\\\/www.webdo.tn\\\/fr\\\/#website\"},\"primaryImageOfPage\":{\"@id\":\"https:\\\/\\\/www.webdo.tn\\\/fr\\\/actualite\\\/reportage\\\/djerba-en-quete-dune-saison-touristique\\\/185799\\\/#primaryimage\"},\"image\":{\"@id\":\"https:\\\/\\\/www.webdo.tn\\\/fr\\\/actualite\\\/reportage\\\/djerba-en-quete-dune-saison-touristique\\\/185799\\\/#primaryimage\"},\"thumbnailUrl\":\"https:\\\/\\\/www.webdo.tn\\\/fr\\\/wp-content\\\/uploads\\\/2020\\\/07\\\/djerba.jpg\",\"datePublished\":\"2020-07-22T13:53:00+00:00\",\"dateModified\":\"2025-05-17T19:34:06+00:00\",\"description\":\"Djerba en qu\u00eate d'une saison touristique\",\"breadcrumb\":{\"@id\":\"https:\\\/\\\/www.webdo.tn\\\/fr\\\/actualite\\\/reportage\\\/djerba-en-quete-dune-saison-touristique\\\/185799\\\/#breadcrumb\"},\"inLanguage\":\"fr-FR\",\"potentialAction\":[{\"@type\":\"ReadAction\",\"target\":[\"https:\\\/\\\/www.webdo.tn\\\/fr\\\/actualite\\\/reportage\\\/djerba-en-quete-dune-saison-touristique\\\/185799\\\/\"]}]},{\"@type\":\"ImageObject\",\"inLanguage\":\"fr-FR\",\"@id\":\"https:\\\/\\\/www.webdo.tn\\\/fr\\\/actualite\\\/reportage\\\/djerba-en-quete-dune-saison-touristique\\\/185799\\\/#primaryimage\",\"url\":\"https:\\\/\\\/www.webdo.tn\\\/fr\\\/wp-content\\\/uploads\\\/2020\\\/07\\\/djerba.jpg\",\"contentUrl\":\"https:\\\/\\\/www.webdo.tn\\\/fr\\\/wp-content\\\/uploads\\\/2020\\\/07\\\/djerba.jpg\",\"width\":775,\"height\":515,\"caption\":\"Djerba en qu\u00eate d'une saison touristique\"},{\"@type\":\"BreadcrumbList\",\"@id\":\"https:\\\/\\\/www.webdo.tn\\\/fr\\\/actualite\\\/reportage\\\/djerba-en-quete-dune-saison-touristique\\\/185799\\\/#breadcrumb\",\"itemListElement\":[{\"@type\":\"ListItem\",\"position\":1,\"name\":\"Accueil\",\"item\":\"https:\\\/\\\/www.webdo.tn\\\/fr\\\/\"},{\"@type\":\"ListItem\",\"position\":2,\"name\":\"Djerba en qu\u00eate d&rsquo;une saison touristique\"}]},{\"@type\":\"WebSite\",\"@id\":\"https:\\\/\\\/www.webdo.tn\\\/fr\\\/#website\",\"url\":\"https:\\\/\\\/www.webdo.tn\\\/fr\\\/\",\"name\":\"webdo\",\"description\":\"Tunisie - News en Tunisie et \u00e0 l&#039;international sur Webdo.tn\",\"publisher\":{\"@id\":\"https:\\\/\\\/www.webdo.tn\\\/fr\\\/#organization\"},\"potentialAction\":[{\"@type\":\"SearchAction\",\"target\":{\"@type\":\"EntryPoint\",\"urlTemplate\":\"https:\\\/\\\/www.webdo.tn\\\/fr\\\/?s={search_term_string}\"},\"query-input\":{\"@type\":\"PropertyValueSpecification\",\"valueRequired\":true,\"valueName\":\"search_term_string\"}}],\"inLanguage\":\"fr-FR\"},{\"@type\":\"Organization\",\"@id\":\"https:\\\/\\\/www.webdo.tn\\\/fr\\\/#organization\",\"name\":\"Webdo\",\"alternateName\":\"Webdo.tn\",\"url\":\"https:\\\/\\\/www.webdo.tn\\\/fr\\\/\",\"logo\":{\"@type\":\"ImageObject\",\"inLanguage\":\"fr-FR\",\"@id\":\"https:\\\/\\\/www.webdo.tn\\\/fr\\\/#\\\/schema\\\/logo\\\/image\\\/\",\"url\":\"https:\\\/\\\/www.webdo.tn\\\/fr\\\/wp-content\\\/uploads\\\/2025\\\/06\\\/Webdo-Tunisie_168377.jpg\",\"contentUrl\":\"https:\\\/\\\/www.webdo.tn\\\/fr\\\/wp-content\\\/uploads\\\/2025\\\/06\\\/Webdo-Tunisie_168377.jpg\",\"width\":301,\"height\":301,\"caption\":\"Webdo\"},\"image\":{\"@id\":\"https:\\\/\\\/www.webdo.tn\\\/fr\\\/#\\\/schema\\\/logo\\\/image\\\/\"},\"sameAs\":[\"https:\\\/\\\/www.facebook.com\\\/webdotn\",\"https:\\\/\\\/x.com\\\/webdo_tn\"],\"description\":\"Webdo est un m\u00e9dia num\u00e9rique tunisien fond\u00e9 en 2010, sp\u00e9cialis\u00e9 dans l\u2019actualit\u00e9 nationale et internationale, l\u2019\u00e9conomie, la soci\u00e9t\u00e9 et les analyses politiques. Le site s\u2019adresse \u00e0 un large public francophone et couvre l\u2019information tunisienne en temps r\u00e9el.\",\"email\":\"redac@webdo.tn\",\"legalName\":\"YNJ SARL\",\"foundingDate\":\"2010-09-06\",\"numberOfEmployees\":{\"@type\":\"QuantitativeValue\",\"minValue\":\"11\",\"maxValue\":\"50\"}},{\"@type\":\"Person\",\"@id\":\"https:\\\/\\\/www.webdo.tn\\\/fr\\\/#\\\/schema\\\/person\\\/9a9c6118d687c117df8ef3cc36a4d175\",\"name\":\"webdo.tn\",\"image\":{\"@type\":\"ImageObject\",\"inLanguage\":\"fr-FR\",\"@id\":\"https:\\\/\\\/secure.gravatar.com\\\/avatar\\\/7ce1f28c0c3bbac99ff550b85ef8e44a6950c6ee24514fb6a5489e51d06f0298?s=96&d=mm&r=g\",\"url\":\"https:\\\/\\\/secure.gravatar.com\\\/avatar\\\/7ce1f28c0c3bbac99ff550b85ef8e44a6950c6ee24514fb6a5489e51d06f0298?s=96&d=mm&r=g\",\"contentUrl\":\"https:\\\/\\\/secure.gravatar.com\\\/avatar\\\/7ce1f28c0c3bbac99ff550b85ef8e44a6950c6ee24514fb6a5489e51d06f0298?s=96&d=mm&r=g\",\"caption\":\"webdo.tn\"},\"url\":\"https:\\\/\\\/www.webdo.tn\\\/fr\\\/actualite\\\/author\\\/webdotn\\\/\"}]}<\/script>\n<!-- \/ Yoast SEO Premium plugin. -->","yoast_head_json":{"title":"Djerba en qu\u00eate d'une saison touristique","description":"Djerba en qu\u00eate d'une saison touristique","canonical":"https:\/\/www.webdo.tn\/fr\/actualite\/reportage\/djerba-en-quete-dune-saison-touristique\/185799\/","og_locale":"fr_FR","og_type":"article","og_title":"Djerba en qu\u00eate d'une saison touristique","og_description":"Djerba en qu\u00eate d'une saison touristique","og_url":"https:\/\/www.webdo.tn\/fr\/actualite\/reportage\/djerba-en-quete-dune-saison-touristique\/185799\/","og_site_name":"webdo","article_publisher":"https:\/\/www.facebook.com\/webdotn","article_published_time":"2020-07-22T13:53:00+00:00","article_modified_time":"2025-05-17T19:34:06+00:00","og_image":[{"width":775,"height":515,"url":"https:\/\/www.webdo.tn\/fr\/wp-content\/uploads\/2020\/07\/djerba.jpg","type":"image\/jpeg"}],"author":"webdo.tn","twitter_card":"summary_large_image","twitter_creator":"@webdo_tn","twitter_site":"@webdo_tn","twitter_misc":{"\u00c9crit par":"webdo.tn","Dur\u00e9e de lecture estim\u00e9e":"4 minutes"},"schema":{"@context":"https:\/\/schema.org","@graph":[{"@type":"NewsArticle","@id":"https:\/\/www.webdo.tn\/fr\/actualite\/reportage\/djerba-en-quete-dune-saison-touristique\/185799\/#article","isPartOf":{"@id":"https:\/\/www.webdo.tn\/fr\/actualite\/reportage\/djerba-en-quete-dune-saison-touristique\/185799\/"},"author":{"name":"webdo.tn","@id":"https:\/\/www.webdo.tn\/fr\/#\/schema\/person\/9a9c6118d687c117df8ef3cc36a4d175"},"headline":"Djerba en qu\u00eate d&rsquo;une saison touristique","datePublished":"2020-07-22T13:53:00+00:00","dateModified":"2025-05-17T19:34:06+00:00","mainEntityOfPage":{"@id":"https:\/\/www.webdo.tn\/fr\/actualite\/reportage\/djerba-en-quete-dune-saison-touristique\/185799\/"},"wordCount":887,"commentCount":0,"publisher":{"@id":"https:\/\/www.webdo.tn\/fr\/#organization"},"image":{"@id":"https:\/\/www.webdo.tn\/fr\/actualite\/reportage\/djerba-en-quete-dune-saison-touristique\/185799\/#primaryimage"},"thumbnailUrl":"https:\/\/www.webdo.tn\/fr\/wp-content\/uploads\/2020\/07\/djerba.jpg","articleSection":["Reportage"],"inLanguage":"fr-FR"},{"@type":"WebPage","@id":"https:\/\/www.webdo.tn\/fr\/actualite\/reportage\/djerba-en-quete-dune-saison-touristique\/185799\/","url":"https:\/\/www.webdo.tn\/fr\/actualite\/reportage\/djerba-en-quete-dune-saison-touristique\/185799\/","name":"Djerba en qu\u00eate d'une saison touristique","isPartOf":{"@id":"https:\/\/www.webdo.tn\/fr\/#website"},"primaryImageOfPage":{"@id":"https:\/\/www.webdo.tn\/fr\/actualite\/reportage\/djerba-en-quete-dune-saison-touristique\/185799\/#primaryimage"},"image":{"@id":"https:\/\/www.webdo.tn\/fr\/actualite\/reportage\/djerba-en-quete-dune-saison-touristique\/185799\/#primaryimage"},"thumbnailUrl":"https:\/\/www.webdo.tn\/fr\/wp-content\/uploads\/2020\/07\/djerba.jpg","datePublished":"2020-07-22T13:53:00+00:00","dateModified":"2025-05-17T19:34:06+00:00","description":"Djerba en qu\u00eate d'une saison touristique","breadcrumb":{"@id":"https:\/\/www.webdo.tn\/fr\/actualite\/reportage\/djerba-en-quete-dune-saison-touristique\/185799\/#breadcrumb"},"inLanguage":"fr-FR","potentialAction":[{"@type":"ReadAction","target":["https:\/\/www.webdo.tn\/fr\/actualite\/reportage\/djerba-en-quete-dune-saison-touristique\/185799\/"]}]},{"@type":"ImageObject","inLanguage":"fr-FR","@id":"https:\/\/www.webdo.tn\/fr\/actualite\/reportage\/djerba-en-quete-dune-saison-touristique\/185799\/#primaryimage","url":"https:\/\/www.webdo.tn\/fr\/wp-content\/uploads\/2020\/07\/djerba.jpg","contentUrl":"https:\/\/www.webdo.tn\/fr\/wp-content\/uploads\/2020\/07\/djerba.jpg","width":775,"height":515,"caption":"Djerba en qu\u00eate d'une saison touristique"},{"@type":"BreadcrumbList","@id":"https:\/\/www.webdo.tn\/fr\/actualite\/reportage\/djerba-en-quete-dune-saison-touristique\/185799\/#breadcrumb","itemListElement":[{"@type":"ListItem","position":1,"name":"Accueil","item":"https:\/\/www.webdo.tn\/fr\/"},{"@type":"ListItem","position":2,"name":"Djerba en qu\u00eate d&rsquo;une saison touristique"}]},{"@type":"WebSite","@id":"https:\/\/www.webdo.tn\/fr\/#website","url":"https:\/\/www.webdo.tn\/fr\/","name":"webdo","description":"Tunisie - News en Tunisie et \u00e0 l&#039;international sur Webdo.tn","publisher":{"@id":"https:\/\/www.webdo.tn\/fr\/#organization"},"potentialAction":[{"@type":"SearchAction","target":{"@type":"EntryPoint","urlTemplate":"https:\/\/www.webdo.tn\/fr\/?s={search_term_string}"},"query-input":{"@type":"PropertyValueSpecification","valueRequired":true,"valueName":"search_term_string"}}],"inLanguage":"fr-FR"},{"@type":"Organization","@id":"https:\/\/www.webdo.tn\/fr\/#organization","name":"Webdo","alternateName":"Webdo.tn","url":"https:\/\/www.webdo.tn\/fr\/","logo":{"@type":"ImageObject","inLanguage":"fr-FR","@id":"https:\/\/www.webdo.tn\/fr\/#\/schema\/logo\/image\/","url":"https:\/\/www.webdo.tn\/fr\/wp-content\/uploads\/2025\/06\/Webdo-Tunisie_168377.jpg","contentUrl":"https:\/\/www.webdo.tn\/fr\/wp-content\/uploads\/2025\/06\/Webdo-Tunisie_168377.jpg","width":301,"height":301,"caption":"Webdo"},"image":{"@id":"https:\/\/www.webdo.tn\/fr\/#\/schema\/logo\/image\/"},"sameAs":["https:\/\/www.facebook.com\/webdotn","https:\/\/x.com\/webdo_tn"],"description":"Webdo est un m\u00e9dia num\u00e9rique tunisien fond\u00e9 en 2010, sp\u00e9cialis\u00e9 dans l\u2019actualit\u00e9 nationale et internationale, l\u2019\u00e9conomie, la soci\u00e9t\u00e9 et les analyses politiques. Le site s\u2019adresse \u00e0 un large public francophone et couvre l\u2019information tunisienne en temps r\u00e9el.","email":"redac@webdo.tn","legalName":"YNJ SARL","foundingDate":"2010-09-06","numberOfEmployees":{"@type":"QuantitativeValue","minValue":"11","maxValue":"50"}},{"@type":"Person","@id":"https:\/\/www.webdo.tn\/fr\/#\/schema\/person\/9a9c6118d687c117df8ef3cc36a4d175","name":"webdo.tn","image":{"@type":"ImageObject","inLanguage":"fr-FR","@id":"https:\/\/secure.gravatar.com\/avatar\/7ce1f28c0c3bbac99ff550b85ef8e44a6950c6ee24514fb6a5489e51d06f0298?s=96&d=mm&r=g","url":"https:\/\/secure.gravatar.com\/avatar\/7ce1f28c0c3bbac99ff550b85ef8e44a6950c6ee24514fb6a5489e51d06f0298?s=96&d=mm&r=g","contentUrl":"https:\/\/secure.gravatar.com\/avatar\/7ce1f28c0c3bbac99ff550b85ef8e44a6950c6ee24514fb6a5489e51d06f0298?s=96&d=mm&r=g","caption":"webdo.tn"},"url":"https:\/\/www.webdo.tn\/fr\/actualite\/author\/webdotn\/"}]}},"_links":{"self":[{"href":"https:\/\/www.webdo.tn\/fr\/wp-json\/wp\/v2\/posts\/185799","targetHints":{"allow":["GET"]}}],"collection":[{"href":"https:\/\/www.webdo.tn\/fr\/wp-json\/wp\/v2\/posts"}],"about":[{"href":"https:\/\/www.webdo.tn\/fr\/wp-json\/wp\/v2\/types\/post"}],"author":[{"embeddable":true,"href":"https:\/\/www.webdo.tn\/fr\/wp-json\/wp\/v2\/users\/3222"}],"replies":[{"embeddable":true,"href":"https:\/\/www.webdo.tn\/fr\/wp-json\/wp\/v2\/comments?post=185799"}],"version-history":[{"count":0,"href":"https:\/\/www.webdo.tn\/fr\/wp-json\/wp\/v2\/posts\/185799\/revisions"}],"wp:featuredmedia":[{"embeddable":true,"href":"https:\/\/www.webdo.tn\/fr\/wp-json\/wp\/v2\/media\/266135"}],"wp:attachment":[{"href":"https:\/\/www.webdo.tn\/fr\/wp-json\/wp\/v2\/media?parent=185799"}],"wp:term":[{"taxonomy":"category","embeddable":true,"href":"https:\/\/www.webdo.tn\/fr\/wp-json\/wp\/v2\/categories?post=185799"},{"taxonomy":"post_tag","embeddable":true,"href":"https:\/\/www.webdo.tn\/fr\/wp-json\/wp\/v2\/tags?post=185799"}],"curies":[{"name":"wp","href":"https:\/\/api.w.org\/{rel}","templated":true}]}}