{"id":185796,"date":"2014-09-08T14:21:00","date_gmt":"2014-09-08T14:21:00","guid":{"rendered":"https:\/\/www.webdo.tn\/fr\/blog\/conect-lance-plateforme-creation-dentreprises-les-regions-reculees\/184598\/"},"modified":"2025-05-22T13:21:33","modified_gmt":"2025-05-22T13:21:33","slug":"conect-lance-plateforme-creation-dentreprises-les-regions-reculees","status":"publish","type":"post","link":"https:\/\/www.webdo.tn\/fr\/actualite\/economie\/conect-lance-plateforme-creation-dentreprises-les-regions-reculees\/185796\/","title":{"rendered":"La CONECT lance une plateforme pour la cr\u00e9ation d\u2019entreprises dans les r\u00e9gions recul\u00e9es"},"content":{"rendered":"<p>La Conf\u00e9d\u00e9ration des Entreprises Citoyennes de Tunisie (CONECT) a lanc\u00e9 une plateforme ayant pour objectif de faciliter la cr\u00e9ation d\u2019entreprises dans les r\u00e9gions les moins d\u00e9velopp\u00e9es, et destin\u00e9e en particulier aux femmes, aux jeunes et aux porteurs de handicaps. Cette plateforme, CONECT Innovation &amp; Entrepeneurship Platform (CIEP), se manifeste par une caravane qui va sillonner 14 r\u00e9gions.<\/p>\n<p>Selon Mme Douja Gharbi, premi\u00e8re vice-pr\u00e9sidente de la CONECT et coordinatrice du projet, cette caravane concernera trois r\u00e9gions en 2014 : Tataouine, Sidi Bouzid et Bizerte.<\/p>\n<p>Un lien entre les porteurs de projets et les organismes financiers<\/p>\n<p>\u00ab C\u2019est une caravane r\u00e9serv\u00e9 aux porteurs d\u2019id\u00e9es. Dans chaque r\u00e9gion, elle aura pour mission de collecter les inscriptions, puis dans une seconde \u00e9tape, nous s\u00e9lectionnons les 30 meilleures id\u00e9es de projets. Notre r\u00f4le est de faire le lien entre les porteurs de projets et les organismes financiers et de leur faciliter l\u2019inscription sur la plateforme CIEP, et de promouvoir l&rsquo;esprit d&rsquo;entrepreneuriat \u00bb.<\/p>\n<p>\u00ab A partir de janvier 2015, la caravane s\u2019\u00e9tendra \u00e0 11 autres r\u00e9gions (Le Kef, Siliana, Zaghouan, Kairouan, Mahdia, Kasserine, Gafsa, Tozeur, Kebili, Gabes et M\u00e9denine) et se r\u00e9p\u00e8tera, ensuite, chaque ann\u00e9e \u00bb, nous pr\u00e9cise Mme Gharbi.<\/p>\n<p>Plus de 200 porteurs de projets enregistr\u00e9s en une demi-journ\u00e9e \u00e0 Tataouine<\/p>\n<p>\u00ab Pour cette premi\u00e8re demi-journ\u00e9e \u00e0 Tataouine, nous avons d\u00e9j\u00e0 enregistr\u00e9 plus de 200 porteurs de projets. Il y aura 30 s\u00e9lectionn\u00e9s et 15 projets mis en attente pour l\u2019ann\u00e9e prochaine \u00bb, d\u00e9clare Mme Gharbi.<\/p>\n<p>Les \u00ablaur\u00e9ats\u00bb pourront suivre une formation et \u00eatre guid\u00e9s pour le financement, le lancement et le suivi de leur projet.<\/p>\n<p>La caravane CIEP sera\u00a0 lundi 8 et mardi 9 septembre \u00e0 Tataouine, les 10 et 11 septembre \u00e0 Sidi Bouzid, et les 13 et 14 septembre \u00e0 Bizerte.<\/p>\n<p>La caravane est organis\u00e9e en collaboration avec le Qatar Friendship Fund.<\/p>\n","protected":false},"excerpt":{"rendered":"<p>La CONECT lance une plateforme pour la cr\u00e9ation d\u2019entreprises dans les r\u00e9gions recul\u00e9es<\/p>\n","protected":false},"author":3222,"featured_media":331499,"comment_status":"open","ping_status":"closed","sticky":false,"template":"","format":"standard","meta":{"footnotes":""},"categories":[11334],"tags":[],"class_list":["post-185796","post","type-post","status-publish","format-standard","has-post-thumbnail","hentry","category-economie"],"yoast_head":"<!-- This site is optimized with the Yoast SEO Premium plugin v27.5 (Yoast SEO v27.5) - https:\/\/yoast.com\/product\/yoast-seo-premium-wordpress\/ -->\n<title>La CONECT lance une plateforme pour la cr\u00e9ation d\u2019entreprises dans les r\u00e9gions recul\u00e9es<\/title>\n<meta name=\"description\" content=\"La CONECT lance une plateforme pour la cr\u00e9ation d\u2019entreprises dans les r\u00e9gions recul\u00e9es\" \/>\n<link rel=\"canonical\" href=\"https:\/\/www.webdo.tn\/fr\/actualite\/economie\/conect-lance-plateforme-creation-dentreprises-les-regions-reculees\/185796\/\" \/>\n<meta property=\"og:locale\" content=\"fr_FR\" \/>\n<meta property=\"og:type\" content=\"article\" \/>\n<meta property=\"og:title\" content=\"La CONECT lance une plateforme pour la cr\u00e9ation d\u2019entreprises dans les r\u00e9gions recul\u00e9es\" \/>\n<meta property=\"og:description\" content=\"La CONECT lance une plateforme pour la cr\u00e9ation d\u2019entreprises dans les r\u00e9gions recul\u00e9es\" \/>\n<meta property=\"og:url\" content=\"https:\/\/www.webdo.tn\/fr\/actualite\/economie\/conect-lance-plateforme-creation-dentreprises-les-regions-reculees\/185796\/\" \/>\n<meta property=\"og:site_name\" content=\"webdo\" \/>\n<meta property=\"article:publisher\" content=\"https:\/\/www.facebook.com\/webdotn\" \/>\n<meta property=\"article:published_time\" content=\"2014-09-08T14:21:00+00:00\" \/>\n<meta property=\"article:modified_time\" content=\"2025-05-22T13:21:33+00:00\" \/>\n<meta property=\"og:image\" content=\"https:\/\/www.webdo.tn\/fr\/wp-content\/uploads\/2014\/09\/Caravane-CIEP-Conect.jpg\" \/>\n\t<meta property=\"og:image:width\" content=\"298\" \/>\n\t<meta property=\"og:image:height\" content=\"569\" \/>\n\t<meta property=\"og:image:type\" content=\"image\/jpeg\" \/>\n<meta name=\"author\" content=\"webdo.tn\" \/>\n<meta name=\"twitter:card\" content=\"summary_large_image\" \/>\n<meta name=\"twitter:creator\" content=\"@webdo_tn\" \/>\n<meta name=\"twitter:site\" content=\"@webdo_tn\" \/>\n<meta name=\"twitter:label1\" content=\"\u00c9crit par\" \/>\n\t<meta name=\"twitter:data1\" content=\"webdo.tn\" \/>\n\t<meta name=\"twitter:label2\" content=\"Dur\u00e9e de lecture estim\u00e9e\" \/>\n\t<meta name=\"twitter:data2\" content=\"2 minutes\" \/>\n<script type=\"application\/ld+json\" class=\"yoast-schema-graph\">{\"@context\":\"https:\\\/\\\/schema.org\",\"@graph\":[{\"@type\":\"NewsArticle\",\"@id\":\"https:\\\/\\\/www.webdo.tn\\\/fr\\\/actualite\\\/economie\\\/conect-lance-plateforme-creation-dentreprises-les-regions-reculees\\\/185796\\\/#article\",\"isPartOf\":{\"@id\":\"https:\\\/\\\/www.webdo.tn\\\/fr\\\/actualite\\\/economie\\\/conect-lance-plateforme-creation-dentreprises-les-regions-reculees\\\/185796\\\/\"},\"author\":{\"name\":\"webdo.tn\",\"@id\":\"https:\\\/\\\/www.webdo.tn\\\/fr\\\/#\\\/schema\\\/person\\\/9a9c6118d687c117df8ef3cc36a4d175\"},\"headline\":\"La CONECT lance une plateforme pour la cr\u00e9ation d\u2019entreprises dans les r\u00e9gions recul\u00e9es\",\"datePublished\":\"2014-09-08T14:21:00+00:00\",\"dateModified\":\"2025-05-22T13:21:33+00:00\",\"mainEntityOfPage\":{\"@id\":\"https:\\\/\\\/www.webdo.tn\\\/fr\\\/actualite\\\/economie\\\/conect-lance-plateforme-creation-dentreprises-les-regions-reculees\\\/185796\\\/\"},\"wordCount\":332,\"commentCount\":0,\"publisher\":{\"@id\":\"https:\\\/\\\/www.webdo.tn\\\/fr\\\/#organization\"},\"image\":{\"@id\":\"https:\\\/\\\/www.webdo.tn\\\/fr\\\/actualite\\\/economie\\\/conect-lance-plateforme-creation-dentreprises-les-regions-reculees\\\/185796\\\/#primaryimage\"},\"thumbnailUrl\":\"https:\\\/\\\/www.webdo.tn\\\/fr\\\/wp-content\\\/uploads\\\/2014\\\/09\\\/Caravane-CIEP-Conect.jpg\",\"articleSection\":[\"Economie\"],\"inLanguage\":\"fr-FR\"},{\"@type\":\"WebPage\",\"@id\":\"https:\\\/\\\/www.webdo.tn\\\/fr\\\/actualite\\\/economie\\\/conect-lance-plateforme-creation-dentreprises-les-regions-reculees\\\/185796\\\/\",\"url\":\"https:\\\/\\\/www.webdo.tn\\\/fr\\\/actualite\\\/economie\\\/conect-lance-plateforme-creation-dentreprises-les-regions-reculees\\\/185796\\\/\",\"name\":\"La CONECT lance une plateforme pour la cr\u00e9ation d\u2019entreprises dans les r\u00e9gions recul\u00e9es\",\"isPartOf\":{\"@id\":\"https:\\\/\\\/www.webdo.tn\\\/fr\\\/#website\"},\"primaryImageOfPage\":{\"@id\":\"https:\\\/\\\/www.webdo.tn\\\/fr\\\/actualite\\\/economie\\\/conect-lance-plateforme-creation-dentreprises-les-regions-reculees\\\/185796\\\/#primaryimage\"},\"image\":{\"@id\":\"https:\\\/\\\/www.webdo.tn\\\/fr\\\/actualite\\\/economie\\\/conect-lance-plateforme-creation-dentreprises-les-regions-reculees\\\/185796\\\/#primaryimage\"},\"thumbnailUrl\":\"https:\\\/\\\/www.webdo.tn\\\/fr\\\/wp-content\\\/uploads\\\/2014\\\/09\\\/Caravane-CIEP-Conect.jpg\",\"datePublished\":\"2014-09-08T14:21:00+00:00\",\"dateModified\":\"2025-05-22T13:21:33+00:00\",\"description\":\"La CONECT lance une plateforme pour la cr\u00e9ation d\u2019entreprises dans les r\u00e9gions recul\u00e9es\",\"breadcrumb\":{\"@id\":\"https:\\\/\\\/www.webdo.tn\\\/fr\\\/actualite\\\/economie\\\/conect-lance-plateforme-creation-dentreprises-les-regions-reculees\\\/185796\\\/#breadcrumb\"},\"inLanguage\":\"fr-FR\",\"potentialAction\":[{\"@type\":\"ReadAction\",\"target\":[\"https:\\\/\\\/www.webdo.tn\\\/fr\\\/actualite\\\/economie\\\/conect-lance-plateforme-creation-dentreprises-les-regions-reculees\\\/185796\\\/\"]}]},{\"@type\":\"ImageObject\",\"inLanguage\":\"fr-FR\",\"@id\":\"https:\\\/\\\/www.webdo.tn\\\/fr\\\/actualite\\\/economie\\\/conect-lance-plateforme-creation-dentreprises-les-regions-reculees\\\/185796\\\/#primaryimage\",\"url\":\"https:\\\/\\\/www.webdo.tn\\\/fr\\\/wp-content\\\/uploads\\\/2014\\\/09\\\/Caravane-CIEP-Conect.jpg\",\"contentUrl\":\"https:\\\/\\\/www.webdo.tn\\\/fr\\\/wp-content\\\/uploads\\\/2014\\\/09\\\/Caravane-CIEP-Conect.jpg\",\"width\":298,\"height\":569,\"caption\":\"La CONECT lance une plateforme pour la cr\u00e9ation d\u2019entreprises dans les r\u00e9gions recul\u00e9es\"},{\"@type\":\"BreadcrumbList\",\"@id\":\"https:\\\/\\\/www.webdo.tn\\\/fr\\\/actualite\\\/economie\\\/conect-lance-plateforme-creation-dentreprises-les-regions-reculees\\\/185796\\\/#breadcrumb\",\"itemListElement\":[{\"@type\":\"ListItem\",\"position\":1,\"name\":\"Accueil\",\"item\":\"https:\\\/\\\/www.webdo.tn\\\/fr\\\/\"},{\"@type\":\"ListItem\",\"position\":2,\"name\":\"La CONECT lance une plateforme pour la cr\u00e9ation d\u2019entreprises dans les r\u00e9gions recul\u00e9es\"}]},{\"@type\":\"WebSite\",\"@id\":\"https:\\\/\\\/www.webdo.tn\\\/fr\\\/#website\",\"url\":\"https:\\\/\\\/www.webdo.tn\\\/fr\\\/\",\"name\":\"webdo\",\"description\":\"Tunisie - News en Tunisie et \u00e0 l&#039;international sur Webdo.tn\",\"publisher\":{\"@id\":\"https:\\\/\\\/www.webdo.tn\\\/fr\\\/#organization\"},\"potentialAction\":[{\"@type\":\"SearchAction\",\"target\":{\"@type\":\"EntryPoint\",\"urlTemplate\":\"https:\\\/\\\/www.webdo.tn\\\/fr\\\/?s={search_term_string}\"},\"query-input\":{\"@type\":\"PropertyValueSpecification\",\"valueRequired\":true,\"valueName\":\"search_term_string\"}}],\"inLanguage\":\"fr-FR\"},{\"@type\":\"Organization\",\"@id\":\"https:\\\/\\\/www.webdo.tn\\\/fr\\\/#organization\",\"name\":\"Webdo\",\"alternateName\":\"Webdo.tn\",\"url\":\"https:\\\/\\\/www.webdo.tn\\\/fr\\\/\",\"logo\":{\"@type\":\"ImageObject\",\"inLanguage\":\"fr-FR\",\"@id\":\"https:\\\/\\\/www.webdo.tn\\\/fr\\\/#\\\/schema\\\/logo\\\/image\\\/\",\"url\":\"https:\\\/\\\/www.webdo.tn\\\/fr\\\/wp-content\\\/uploads\\\/2025\\\/06\\\/Webdo-Tunisie_168377.jpg\",\"contentUrl\":\"https:\\\/\\\/www.webdo.tn\\\/fr\\\/wp-content\\\/uploads\\\/2025\\\/06\\\/Webdo-Tunisie_168377.jpg\",\"width\":301,\"height\":301,\"caption\":\"Webdo\"},\"image\":{\"@id\":\"https:\\\/\\\/www.webdo.tn\\\/fr\\\/#\\\/schema\\\/logo\\\/image\\\/\"},\"sameAs\":[\"https:\\\/\\\/www.facebook.com\\\/webdotn\",\"https:\\\/\\\/x.com\\\/webdo_tn\"],\"description\":\"Webdo est un m\u00e9dia num\u00e9rique tunisien fond\u00e9 en 2010, sp\u00e9cialis\u00e9 dans l\u2019actualit\u00e9 nationale et internationale, l\u2019\u00e9conomie, la soci\u00e9t\u00e9 et les analyses politiques. Le site s\u2019adresse \u00e0 un large public francophone et couvre l\u2019information tunisienne en temps r\u00e9el.\",\"email\":\"redac@webdo.tn\",\"legalName\":\"YNJ SARL\",\"foundingDate\":\"2010-09-06\",\"numberOfEmployees\":{\"@type\":\"QuantitativeValue\",\"minValue\":\"11\",\"maxValue\":\"50\"}},{\"@type\":\"Person\",\"@id\":\"https:\\\/\\\/www.webdo.tn\\\/fr\\\/#\\\/schema\\\/person\\\/9a9c6118d687c117df8ef3cc36a4d175\",\"name\":\"webdo.tn\",\"image\":{\"@type\":\"ImageObject\",\"inLanguage\":\"fr-FR\",\"@id\":\"https:\\\/\\\/secure.gravatar.com\\\/avatar\\\/7ce1f28c0c3bbac99ff550b85ef8e44a6950c6ee24514fb6a5489e51d06f0298?s=96&d=mm&r=g\",\"url\":\"https:\\\/\\\/secure.gravatar.com\\\/avatar\\\/7ce1f28c0c3bbac99ff550b85ef8e44a6950c6ee24514fb6a5489e51d06f0298?s=96&d=mm&r=g\",\"contentUrl\":\"https:\\\/\\\/secure.gravatar.com\\\/avatar\\\/7ce1f28c0c3bbac99ff550b85ef8e44a6950c6ee24514fb6a5489e51d06f0298?s=96&d=mm&r=g\",\"caption\":\"webdo.tn\"},\"url\":\"https:\\\/\\\/www.webdo.tn\\\/fr\\\/actualite\\\/author\\\/webdotn\\\/\"}]}<\/script>\n<!-- \/ Yoast SEO Premium plugin. -->","yoast_head_json":{"title":"La CONECT lance une plateforme pour la cr\u00e9ation d\u2019entreprises dans les r\u00e9gions recul\u00e9es","description":"La CONECT lance une plateforme pour la cr\u00e9ation d\u2019entreprises dans les r\u00e9gions recul\u00e9es","canonical":"https:\/\/www.webdo.tn\/fr\/actualite\/economie\/conect-lance-plateforme-creation-dentreprises-les-regions-reculees\/185796\/","og_locale":"fr_FR","og_type":"article","og_title":"La CONECT lance une plateforme pour la cr\u00e9ation d\u2019entreprises dans les r\u00e9gions recul\u00e9es","og_description":"La CONECT lance une plateforme pour la cr\u00e9ation d\u2019entreprises dans les r\u00e9gions recul\u00e9es","og_url":"https:\/\/www.webdo.tn\/fr\/actualite\/economie\/conect-lance-plateforme-creation-dentreprises-les-regions-reculees\/185796\/","og_site_name":"webdo","article_publisher":"https:\/\/www.facebook.com\/webdotn","article_published_time":"2014-09-08T14:21:00+00:00","article_modified_time":"2025-05-22T13:21:33+00:00","og_image":[{"width":298,"height":569,"url":"https:\/\/www.webdo.tn\/fr\/wp-content\/uploads\/2014\/09\/Caravane-CIEP-Conect.jpg","type":"image\/jpeg"}],"author":"webdo.tn","twitter_card":"summary_large_image","twitter_creator":"@webdo_tn","twitter_site":"@webdo_tn","twitter_misc":{"\u00c9crit par":"webdo.tn","Dur\u00e9e de lecture estim\u00e9e":"2 minutes"},"schema":{"@context":"https:\/\/schema.org","@graph":[{"@type":"NewsArticle","@id":"https:\/\/www.webdo.tn\/fr\/actualite\/economie\/conect-lance-plateforme-creation-dentreprises-les-regions-reculees\/185796\/#article","isPartOf":{"@id":"https:\/\/www.webdo.tn\/fr\/actualite\/economie\/conect-lance-plateforme-creation-dentreprises-les-regions-reculees\/185796\/"},"author":{"name":"webdo.tn","@id":"https:\/\/www.webdo.tn\/fr\/#\/schema\/person\/9a9c6118d687c117df8ef3cc36a4d175"},"headline":"La CONECT lance une plateforme pour la cr\u00e9ation d\u2019entreprises dans les r\u00e9gions recul\u00e9es","datePublished":"2014-09-08T14:21:00+00:00","dateModified":"2025-05-22T13:21:33+00:00","mainEntityOfPage":{"@id":"https:\/\/www.webdo.tn\/fr\/actualite\/economie\/conect-lance-plateforme-creation-dentreprises-les-regions-reculees\/185796\/"},"wordCount":332,"commentCount":0,"publisher":{"@id":"https:\/\/www.webdo.tn\/fr\/#organization"},"image":{"@id":"https:\/\/www.webdo.tn\/fr\/actualite\/economie\/conect-lance-plateforme-creation-dentreprises-les-regions-reculees\/185796\/#primaryimage"},"thumbnailUrl":"https:\/\/www.webdo.tn\/fr\/wp-content\/uploads\/2014\/09\/Caravane-CIEP-Conect.jpg","articleSection":["Economie"],"inLanguage":"fr-FR"},{"@type":"WebPage","@id":"https:\/\/www.webdo.tn\/fr\/actualite\/economie\/conect-lance-plateforme-creation-dentreprises-les-regions-reculees\/185796\/","url":"https:\/\/www.webdo.tn\/fr\/actualite\/economie\/conect-lance-plateforme-creation-dentreprises-les-regions-reculees\/185796\/","name":"La CONECT lance une plateforme pour la cr\u00e9ation d\u2019entreprises dans les r\u00e9gions recul\u00e9es","isPartOf":{"@id":"https:\/\/www.webdo.tn\/fr\/#website"},"primaryImageOfPage":{"@id":"https:\/\/www.webdo.tn\/fr\/actualite\/economie\/conect-lance-plateforme-creation-dentreprises-les-regions-reculees\/185796\/#primaryimage"},"image":{"@id":"https:\/\/www.webdo.tn\/fr\/actualite\/economie\/conect-lance-plateforme-creation-dentreprises-les-regions-reculees\/185796\/#primaryimage"},"thumbnailUrl":"https:\/\/www.webdo.tn\/fr\/wp-content\/uploads\/2014\/09\/Caravane-CIEP-Conect.jpg","datePublished":"2014-09-08T14:21:00+00:00","dateModified":"2025-05-22T13:21:33+00:00","description":"La CONECT lance une plateforme pour la cr\u00e9ation d\u2019entreprises dans les r\u00e9gions recul\u00e9es","breadcrumb":{"@id":"https:\/\/www.webdo.tn\/fr\/actualite\/economie\/conect-lance-plateforme-creation-dentreprises-les-regions-reculees\/185796\/#breadcrumb"},"inLanguage":"fr-FR","potentialAction":[{"@type":"ReadAction","target":["https:\/\/www.webdo.tn\/fr\/actualite\/economie\/conect-lance-plateforme-creation-dentreprises-les-regions-reculees\/185796\/"]}]},{"@type":"ImageObject","inLanguage":"fr-FR","@id":"https:\/\/www.webdo.tn\/fr\/actualite\/economie\/conect-lance-plateforme-creation-dentreprises-les-regions-reculees\/185796\/#primaryimage","url":"https:\/\/www.webdo.tn\/fr\/wp-content\/uploads\/2014\/09\/Caravane-CIEP-Conect.jpg","contentUrl":"https:\/\/www.webdo.tn\/fr\/wp-content\/uploads\/2014\/09\/Caravane-CIEP-Conect.jpg","width":298,"height":569,"caption":"La CONECT lance une plateforme pour la cr\u00e9ation d\u2019entreprises dans les r\u00e9gions recul\u00e9es"},{"@type":"BreadcrumbList","@id":"https:\/\/www.webdo.tn\/fr\/actualite\/economie\/conect-lance-plateforme-creation-dentreprises-les-regions-reculees\/185796\/#breadcrumb","itemListElement":[{"@type":"ListItem","position":1,"name":"Accueil","item":"https:\/\/www.webdo.tn\/fr\/"},{"@type":"ListItem","position":2,"name":"La CONECT lance une plateforme pour la cr\u00e9ation d\u2019entreprises dans les r\u00e9gions recul\u00e9es"}]},{"@type":"WebSite","@id":"https:\/\/www.webdo.tn\/fr\/#website","url":"https:\/\/www.webdo.tn\/fr\/","name":"webdo","description":"Tunisie - News en Tunisie et \u00e0 l&#039;international sur Webdo.tn","publisher":{"@id":"https:\/\/www.webdo.tn\/fr\/#organization"},"potentialAction":[{"@type":"SearchAction","target":{"@type":"EntryPoint","urlTemplate":"https:\/\/www.webdo.tn\/fr\/?s={search_term_string}"},"query-input":{"@type":"PropertyValueSpecification","valueRequired":true,"valueName":"search_term_string"}}],"inLanguage":"fr-FR"},{"@type":"Organization","@id":"https:\/\/www.webdo.tn\/fr\/#organization","name":"Webdo","alternateName":"Webdo.tn","url":"https:\/\/www.webdo.tn\/fr\/","logo":{"@type":"ImageObject","inLanguage":"fr-FR","@id":"https:\/\/www.webdo.tn\/fr\/#\/schema\/logo\/image\/","url":"https:\/\/www.webdo.tn\/fr\/wp-content\/uploads\/2025\/06\/Webdo-Tunisie_168377.jpg","contentUrl":"https:\/\/www.webdo.tn\/fr\/wp-content\/uploads\/2025\/06\/Webdo-Tunisie_168377.jpg","width":301,"height":301,"caption":"Webdo"},"image":{"@id":"https:\/\/www.webdo.tn\/fr\/#\/schema\/logo\/image\/"},"sameAs":["https:\/\/www.facebook.com\/webdotn","https:\/\/x.com\/webdo_tn"],"description":"Webdo est un m\u00e9dia num\u00e9rique tunisien fond\u00e9 en 2010, sp\u00e9cialis\u00e9 dans l\u2019actualit\u00e9 nationale et internationale, l\u2019\u00e9conomie, la soci\u00e9t\u00e9 et les analyses politiques. Le site s\u2019adresse \u00e0 un large public francophone et couvre l\u2019information tunisienne en temps r\u00e9el.","email":"redac@webdo.tn","legalName":"YNJ SARL","foundingDate":"2010-09-06","numberOfEmployees":{"@type":"QuantitativeValue","minValue":"11","maxValue":"50"}},{"@type":"Person","@id":"https:\/\/www.webdo.tn\/fr\/#\/schema\/person\/9a9c6118d687c117df8ef3cc36a4d175","name":"webdo.tn","image":{"@type":"ImageObject","inLanguage":"fr-FR","@id":"https:\/\/secure.gravatar.com\/avatar\/7ce1f28c0c3bbac99ff550b85ef8e44a6950c6ee24514fb6a5489e51d06f0298?s=96&d=mm&r=g","url":"https:\/\/secure.gravatar.com\/avatar\/7ce1f28c0c3bbac99ff550b85ef8e44a6950c6ee24514fb6a5489e51d06f0298?s=96&d=mm&r=g","contentUrl":"https:\/\/secure.gravatar.com\/avatar\/7ce1f28c0c3bbac99ff550b85ef8e44a6950c6ee24514fb6a5489e51d06f0298?s=96&d=mm&r=g","caption":"webdo.tn"},"url":"https:\/\/www.webdo.tn\/fr\/actualite\/author\/webdotn\/"}]}},"_links":{"self":[{"href":"https:\/\/www.webdo.tn\/fr\/wp-json\/wp\/v2\/posts\/185796","targetHints":{"allow":["GET"]}}],"collection":[{"href":"https:\/\/www.webdo.tn\/fr\/wp-json\/wp\/v2\/posts"}],"about":[{"href":"https:\/\/www.webdo.tn\/fr\/wp-json\/wp\/v2\/types\/post"}],"author":[{"embeddable":true,"href":"https:\/\/www.webdo.tn\/fr\/wp-json\/wp\/v2\/users\/3222"}],"replies":[{"embeddable":true,"href":"https:\/\/www.webdo.tn\/fr\/wp-json\/wp\/v2\/comments?post=185796"}],"version-history":[{"count":0,"href":"https:\/\/www.webdo.tn\/fr\/wp-json\/wp\/v2\/posts\/185796\/revisions"}],"wp:featuredmedia":[{"embeddable":true,"href":"https:\/\/www.webdo.tn\/fr\/wp-json\/wp\/v2\/media\/331499"}],"wp:attachment":[{"href":"https:\/\/www.webdo.tn\/fr\/wp-json\/wp\/v2\/media?parent=185796"}],"wp:term":[{"taxonomy":"category","embeddable":true,"href":"https:\/\/www.webdo.tn\/fr\/wp-json\/wp\/v2\/categories?post=185796"},{"taxonomy":"post_tag","embeddable":true,"href":"https:\/\/www.webdo.tn\/fr\/wp-json\/wp\/v2\/tags?post=185796"}],"curies":[{"name":"wp","href":"https:\/\/api.w.org\/{rel}","templated":true}]}}