{"id":185795,"date":"2014-09-08T15:36:00","date_gmt":"2014-09-08T15:36:00","guid":{"rendered":"https:\/\/www.webdo.tn\/fr\/blog\/conference-investir-en-tunisie-start-up-democracy-programme-charge-du-premier-ministre-francais-manuel-valls\/185795\/"},"modified":"2025-05-22T13:05:15","modified_gmt":"2025-05-22T13:05:15","slug":"conference-investir-en-tunisie-start-up-democracy-programme-charge-du-premier-ministre-francais-manuel-valls","status":"publish","type":"post","link":"https:\/\/www.webdo.tn\/fr\/actualite\/economie\/conference-investir-en-tunisie-start-up-democracy-programme-charge-du-premier-ministre-francais-manuel-valls\/185795\/","title":{"rendered":"Conf\u00e9rence \u00ab\u00a0Investir en Tunisie, Start-up democracy\u00a0\u00bb : Le programme charg\u00e9 du Premier ministre fran\u00e7ais Manuel Valls"},"content":{"rendered":"<p>Le Premier ministre fran\u00e7ais Manuel Valls est aujourd&rsquo;hui lundi 8 septembre en Tunisie \u00e0 l&rsquo;occasion de la conf\u00e9rence \u00ab\u00a0Investir en Tunisie, Start-up democracy\u00a0\u00bb, co-organis\u00e9e par la France et la Tunisie et qu&rsquo;il pr\u00e9side en compagnie du chef du gouvernement tunisien Mehdi Joma\u00e2.<\/p>\n<p>Pour son premier voyage officiel \u00e0 l&rsquo;\u00e9tranger (hors Union europ\u00e9enne), le Premier ministre fran\u00e7ais est \u00e9galement accompagn\u00e9 de son ministre des Affaires \u00e9trang\u00e8res et du D\u00e9veloppement international Laurent Fabius, et de Matthias Felk, secr\u00e9taire d&rsquo;\u00c9tat charg\u00e9 du commerce ext\u00e9rieur, de la Promotion du tourisme et des Fran\u00e7ais de l&rsquo;\u00e9tranger.<\/p>\n<p>\u00ab\u00a0La France demeure le premier partenaire \u00e9conomique et social de la Tunisie\u00a0\u00bb, a d\u00e9clar\u00e9 Manuel Valls dans une d\u00e9claration tenue ce matin \u00e0 Gammarth \u00e0 l&rsquo;occasion de l&rsquo;ouverture de la conf\u00e9rence. \u00ab\u00a0L&rsquo;ann\u00e9e derni\u00e8re, 4 000 emplois ont \u00e9t\u00e9 cr\u00e9\u00e9s en Tunisie par des soci\u00e9t\u00e9s fran\u00e7aises dans l&rsquo;h\u00f4tellerie, la banque, l&rsquo;agro-alimentaire et la papeterie\u00a0\u00bb, a affirm\u00e9 le Premier ministre fran\u00e7ais, insistant sur \u00ab\u00a0les r\u00e9formes \u00e9conomiques et sociales qui permettront de r\u00e9pondre aux attentes du peuple tunisien\u00a0\u00bb.<\/p>\n<p>Manuel Valls a \u00e9galement rappel\u00e9 que \u00ab\u00a0la bataille contre le terrorisme n&rsquo;est pas termin\u00e9e en Tunisie\u00a0\u00bb, estimant que \u00ab\u00a0la tenue des \u00e9lections\u00a0\u00bb \u00e9tait \u00ab\u00a0la meilleure r\u00e9ponse\u00a0\u00bb \u00e0 ce ph\u00e9nom\u00e8ne.<br \/>\n\u00ab\u00a0La Tunisie est un mod\u00e8le de d\u00e9mocratie qui doit rayonner partout\u00a0\u00bb, a-t-il d\u00e9clar\u00e9.<br \/>\nVisite du parc a\u00e9ronautique Aerolia Tunisie<\/p>\n<p>Apr\u00e8s son discours, le Premier ministre fran\u00e7ais s&rsquo;est rendu au Palais de Carthage, o\u00f9 il s&rsquo;est entretenu avec le pr\u00e9sident de la R\u00e9publique Moncef Marzouki, puis a d\u00e9jeun\u00e9 avec \u00ab\u00a0des acteurs de la soci\u00e9t\u00e9 civile tunisienne\u00a0\u00bb, indique le programme officiel.<\/p>\n<p>M. Valls doit rencontrer dans l&rsquo;apr\u00e8s-midi le pr\u00e9sident de l&rsquo;Assembl\u00e9e nationale constituante (ANC) Mustapha Ben Ja\u00e2far, avant de visiter trois sites industriels du parc a\u00e9ronautique Aerolia Tunisie, dans la zone industrielle de Mghira (au sud de Tunis), o\u00f9 sont produites des pi\u00e8ces de fuselage pour Airbus. Sa journ\u00e9e se terminera par une table-ronde avec des chefs d&rsquo;entreprise fran\u00e7ais et tunisiens \u00e0 la r\u00e9sidence de l&rsquo;ambassadeur de France \u00e0 La Marsa.<\/p>\n<p>Un \u00ab\u00a0grand bluff\u00a0\u00bb ?<\/p>\n<p>La conf\u00e9rence \u00ab\u00a0Investir en Tunisie, Start-up democracy\u00a0\u00bb doit aboutir au financement de 22 projets (pour l&rsquo;instant non rendus publics) au b\u00e9n\u00e9fice de la Tunisie.<\/p>\n<p>Malgr\u00e9 le soutien affich\u00e9 de la France \u00e0 la Tunisie, le journaliste fran\u00e7ais Nicolas Beau, auteur de plusieurs ouvrages sur la Tunisie et fondateur du site d&rsquo;information sur l&rsquo;Afrique mondafrique.com, estime dans un article que l&rsquo;aide \u00e9conomique fran\u00e7aise \u00e0 la Tunisie n&rsquo;est qu&rsquo;un \u00ab\u00a0grand bluff\u00a0\u00bb, les Fran\u00e7ais ayant eux-m\u00eames des difficult\u00e9s budg\u00e9taires et peu de marge de manoeuvre.<\/p>\n<p>\u00ab\u00a0En priv\u00e9, les diplomates fran\u00e7ais comptent sur le Qatar pour financer la vingtaine de projets propos\u00e9s\u00a0\u00bb, assure Nicolas Beau, citant des sources diplomatiques.<\/p>\n","protected":false},"excerpt":{"rendered":"<p>Conf\u00e9rence  Investir en Tunisie, Start-up democracy  : Le programme charg\u00e9 du Premier ministre fran\u00e7ais Manuel Valls<\/p>\n","protected":false},"author":3222,"featured_media":331502,"comment_status":"open","ping_status":"closed","sticky":false,"template":"","format":"standard","meta":{"footnotes":""},"categories":[11334],"tags":[],"class_list":["post-185795","post","type-post","status-publish","format-standard","has-post-thumbnail","hentry","category-economie"],"yoast_head":"<!-- This site is optimized with the Yoast SEO Premium plugin v27.5 (Yoast SEO v27.5) - https:\/\/yoast.com\/product\/yoast-seo-premium-wordpress\/ -->\n<title>Conf\u00e9rence Investir en Tunisie, Start-up democracy : Le programme charg\u00e9 du Premier ministre fran\u00e7ais Manuel Valls<\/title>\n<meta name=\"description\" content=\"Conf\u00e9rence Investir en Tunisie, Start-up democracy : Le programme charg\u00e9 du Premier ministre fran\u00e7ais Manuel Valls\" \/>\n<link rel=\"canonical\" href=\"https:\/\/www.webdo.tn\/fr\/actualite\/economie\/conference-investir-en-tunisie-start-up-democracy-programme-charge-du-premier-ministre-francais-manuel-valls\/185795\/\" \/>\n<meta property=\"og:locale\" content=\"fr_FR\" \/>\n<meta property=\"og:type\" content=\"article\" \/>\n<meta property=\"og:title\" content=\"Conf\u00e9rence &quot;Investir en Tunisie, Start-up democracy&quot; : Le programme charg\u00e9 du Premier ministre fran\u00e7ais Manuel Valls\" \/>\n<meta property=\"og:description\" content=\"Conf\u00e9rence Investir en Tunisie, Start-up democracy : Le programme charg\u00e9 du Premier ministre fran\u00e7ais Manuel Valls\" \/>\n<meta property=\"og:url\" content=\"https:\/\/www.webdo.tn\/fr\/actualite\/economie\/conference-investir-en-tunisie-start-up-democracy-programme-charge-du-premier-ministre-francais-manuel-valls\/185795\/\" \/>\n<meta property=\"og:site_name\" content=\"webdo\" \/>\n<meta property=\"article:publisher\" content=\"https:\/\/www.facebook.com\/webdotn\" \/>\n<meta property=\"article:published_time\" content=\"2014-09-08T15:36:00+00:00\" \/>\n<meta property=\"article:modified_time\" content=\"2025-05-22T13:05:15+00:00\" \/>\n<meta property=\"og:image\" content=\"https:\/\/www.webdo.tn\/fr\/wp-content\/uploads\/2014\/09\/manuel-valls-mehdi-jomaa-conference-investir-en-tunisie-start-up-democracy-300x200-1.jpg\" \/>\n\t<meta property=\"og:image:width\" content=\"300\" \/>\n\t<meta property=\"og:image:height\" content=\"200\" \/>\n\t<meta property=\"og:image:type\" content=\"image\/jpeg\" \/>\n<meta name=\"author\" content=\"webdo.tn\" \/>\n<meta name=\"twitter:card\" content=\"summary_large_image\" \/>\n<meta name=\"twitter:creator\" content=\"@webdo_tn\" \/>\n<meta name=\"twitter:site\" content=\"@webdo_tn\" \/>\n<meta name=\"twitter:label1\" content=\"\u00c9crit par\" \/>\n\t<meta name=\"twitter:data1\" content=\"webdo.tn\" \/>\n\t<meta name=\"twitter:label2\" content=\"Dur\u00e9e de lecture estim\u00e9e\" \/>\n\t<meta name=\"twitter:data2\" content=\"2 minutes\" \/>\n<script type=\"application\/ld+json\" class=\"yoast-schema-graph\">{\"@context\":\"https:\\\/\\\/schema.org\",\"@graph\":[{\"@type\":\"NewsArticle\",\"@id\":\"https:\\\/\\\/www.webdo.tn\\\/fr\\\/actualite\\\/economie\\\/conference-investir-en-tunisie-start-up-democracy-programme-charge-du-premier-ministre-francais-manuel-valls\\\/185795\\\/#article\",\"isPartOf\":{\"@id\":\"https:\\\/\\\/www.webdo.tn\\\/fr\\\/actualite\\\/economie\\\/conference-investir-en-tunisie-start-up-democracy-programme-charge-du-premier-ministre-francais-manuel-valls\\\/185795\\\/\"},\"author\":{\"name\":\"webdo.tn\",\"@id\":\"https:\\\/\\\/www.webdo.tn\\\/fr\\\/#\\\/schema\\\/person\\\/9a9c6118d687c117df8ef3cc36a4d175\"},\"headline\":\"Conf\u00e9rence \u00ab\u00a0Investir en Tunisie, Start-up democracy\u00a0\u00bb : Le programme charg\u00e9 du Premier ministre fran\u00e7ais Manuel Valls\",\"datePublished\":\"2014-09-08T15:36:00+00:00\",\"dateModified\":\"2025-05-22T13:05:15+00:00\",\"mainEntityOfPage\":{\"@id\":\"https:\\\/\\\/www.webdo.tn\\\/fr\\\/actualite\\\/economie\\\/conference-investir-en-tunisie-start-up-democracy-programme-charge-du-premier-ministre-francais-manuel-valls\\\/185795\\\/\"},\"wordCount\":519,\"commentCount\":0,\"publisher\":{\"@id\":\"https:\\\/\\\/www.webdo.tn\\\/fr\\\/#organization\"},\"image\":{\"@id\":\"https:\\\/\\\/www.webdo.tn\\\/fr\\\/actualite\\\/economie\\\/conference-investir-en-tunisie-start-up-democracy-programme-charge-du-premier-ministre-francais-manuel-valls\\\/185795\\\/#primaryimage\"},\"thumbnailUrl\":\"https:\\\/\\\/www.webdo.tn\\\/fr\\\/wp-content\\\/uploads\\\/2014\\\/09\\\/manuel-valls-mehdi-jomaa-conference-investir-en-tunisie-start-up-democracy-300x200-1.jpg\",\"articleSection\":[\"Economie\"],\"inLanguage\":\"fr-FR\"},{\"@type\":\"WebPage\",\"@id\":\"https:\\\/\\\/www.webdo.tn\\\/fr\\\/actualite\\\/economie\\\/conference-investir-en-tunisie-start-up-democracy-programme-charge-du-premier-ministre-francais-manuel-valls\\\/185795\\\/\",\"url\":\"https:\\\/\\\/www.webdo.tn\\\/fr\\\/actualite\\\/economie\\\/conference-investir-en-tunisie-start-up-democracy-programme-charge-du-premier-ministre-francais-manuel-valls\\\/185795\\\/\",\"name\":\"Conf\u00e9rence Investir en Tunisie, Start-up democracy : Le programme charg\u00e9 du Premier ministre fran\u00e7ais Manuel Valls\",\"isPartOf\":{\"@id\":\"https:\\\/\\\/www.webdo.tn\\\/fr\\\/#website\"},\"primaryImageOfPage\":{\"@id\":\"https:\\\/\\\/www.webdo.tn\\\/fr\\\/actualite\\\/economie\\\/conference-investir-en-tunisie-start-up-democracy-programme-charge-du-premier-ministre-francais-manuel-valls\\\/185795\\\/#primaryimage\"},\"image\":{\"@id\":\"https:\\\/\\\/www.webdo.tn\\\/fr\\\/actualite\\\/economie\\\/conference-investir-en-tunisie-start-up-democracy-programme-charge-du-premier-ministre-francais-manuel-valls\\\/185795\\\/#primaryimage\"},\"thumbnailUrl\":\"https:\\\/\\\/www.webdo.tn\\\/fr\\\/wp-content\\\/uploads\\\/2014\\\/09\\\/manuel-valls-mehdi-jomaa-conference-investir-en-tunisie-start-up-democracy-300x200-1.jpg\",\"datePublished\":\"2014-09-08T15:36:00+00:00\",\"dateModified\":\"2025-05-22T13:05:15+00:00\",\"description\":\"Conf\u00e9rence Investir en Tunisie, Start-up democracy : Le programme charg\u00e9 du Premier ministre fran\u00e7ais Manuel Valls\",\"breadcrumb\":{\"@id\":\"https:\\\/\\\/www.webdo.tn\\\/fr\\\/actualite\\\/economie\\\/conference-investir-en-tunisie-start-up-democracy-programme-charge-du-premier-ministre-francais-manuel-valls\\\/185795\\\/#breadcrumb\"},\"inLanguage\":\"fr-FR\",\"potentialAction\":[{\"@type\":\"ReadAction\",\"target\":[\"https:\\\/\\\/www.webdo.tn\\\/fr\\\/actualite\\\/economie\\\/conference-investir-en-tunisie-start-up-democracy-programme-charge-du-premier-ministre-francais-manuel-valls\\\/185795\\\/\"]}]},{\"@type\":\"ImageObject\",\"inLanguage\":\"fr-FR\",\"@id\":\"https:\\\/\\\/www.webdo.tn\\\/fr\\\/actualite\\\/economie\\\/conference-investir-en-tunisie-start-up-democracy-programme-charge-du-premier-ministre-francais-manuel-valls\\\/185795\\\/#primaryimage\",\"url\":\"https:\\\/\\\/www.webdo.tn\\\/fr\\\/wp-content\\\/uploads\\\/2014\\\/09\\\/manuel-valls-mehdi-jomaa-conference-investir-en-tunisie-start-up-democracy-300x200-1.jpg\",\"contentUrl\":\"https:\\\/\\\/www.webdo.tn\\\/fr\\\/wp-content\\\/uploads\\\/2014\\\/09\\\/manuel-valls-mehdi-jomaa-conference-investir-en-tunisie-start-up-democracy-300x200-1.jpg\",\"width\":300,\"height\":200,\"caption\":\"Conf\u00e9rence \\\"Investir en Tunisie, Start-up democracy\\\" : Le programme charg\u00e9 du Premier ministre fran\u00e7ais Manuel Valls\"},{\"@type\":\"BreadcrumbList\",\"@id\":\"https:\\\/\\\/www.webdo.tn\\\/fr\\\/actualite\\\/economie\\\/conference-investir-en-tunisie-start-up-democracy-programme-charge-du-premier-ministre-francais-manuel-valls\\\/185795\\\/#breadcrumb\",\"itemListElement\":[{\"@type\":\"ListItem\",\"position\":1,\"name\":\"Accueil\",\"item\":\"https:\\\/\\\/www.webdo.tn\\\/fr\\\/\"},{\"@type\":\"ListItem\",\"position\":2,\"name\":\"Conf\u00e9rence \u00ab\u00a0Investir en Tunisie, Start-up democracy\u00a0\u00bb : Le programme charg\u00e9 du Premier ministre fran\u00e7ais Manuel Valls\"}]},{\"@type\":\"WebSite\",\"@id\":\"https:\\\/\\\/www.webdo.tn\\\/fr\\\/#website\",\"url\":\"https:\\\/\\\/www.webdo.tn\\\/fr\\\/\",\"name\":\"webdo\",\"description\":\"Tunisie - News en Tunisie et \u00e0 l&#039;international sur Webdo.tn\",\"publisher\":{\"@id\":\"https:\\\/\\\/www.webdo.tn\\\/fr\\\/#organization\"},\"potentialAction\":[{\"@type\":\"SearchAction\",\"target\":{\"@type\":\"EntryPoint\",\"urlTemplate\":\"https:\\\/\\\/www.webdo.tn\\\/fr\\\/?s={search_term_string}\"},\"query-input\":{\"@type\":\"PropertyValueSpecification\",\"valueRequired\":true,\"valueName\":\"search_term_string\"}}],\"inLanguage\":\"fr-FR\"},{\"@type\":\"Organization\",\"@id\":\"https:\\\/\\\/www.webdo.tn\\\/fr\\\/#organization\",\"name\":\"Webdo\",\"alternateName\":\"Webdo.tn\",\"url\":\"https:\\\/\\\/www.webdo.tn\\\/fr\\\/\",\"logo\":{\"@type\":\"ImageObject\",\"inLanguage\":\"fr-FR\",\"@id\":\"https:\\\/\\\/www.webdo.tn\\\/fr\\\/#\\\/schema\\\/logo\\\/image\\\/\",\"url\":\"https:\\\/\\\/www.webdo.tn\\\/fr\\\/wp-content\\\/uploads\\\/2025\\\/06\\\/Webdo-Tunisie_168377.jpg\",\"contentUrl\":\"https:\\\/\\\/www.webdo.tn\\\/fr\\\/wp-content\\\/uploads\\\/2025\\\/06\\\/Webdo-Tunisie_168377.jpg\",\"width\":301,\"height\":301,\"caption\":\"Webdo\"},\"image\":{\"@id\":\"https:\\\/\\\/www.webdo.tn\\\/fr\\\/#\\\/schema\\\/logo\\\/image\\\/\"},\"sameAs\":[\"https:\\\/\\\/www.facebook.com\\\/webdotn\",\"https:\\\/\\\/x.com\\\/webdo_tn\"],\"description\":\"Webdo est un m\u00e9dia num\u00e9rique tunisien fond\u00e9 en 2010, sp\u00e9cialis\u00e9 dans l\u2019actualit\u00e9 nationale et internationale, l\u2019\u00e9conomie, la soci\u00e9t\u00e9 et les analyses politiques. Le site s\u2019adresse \u00e0 un large public francophone et couvre l\u2019information tunisienne en temps r\u00e9el.\",\"email\":\"redac@webdo.tn\",\"legalName\":\"YNJ SARL\",\"foundingDate\":\"2010-09-06\",\"numberOfEmployees\":{\"@type\":\"QuantitativeValue\",\"minValue\":\"11\",\"maxValue\":\"50\"}},{\"@type\":\"Person\",\"@id\":\"https:\\\/\\\/www.webdo.tn\\\/fr\\\/#\\\/schema\\\/person\\\/9a9c6118d687c117df8ef3cc36a4d175\",\"name\":\"webdo.tn\",\"image\":{\"@type\":\"ImageObject\",\"inLanguage\":\"fr-FR\",\"@id\":\"https:\\\/\\\/secure.gravatar.com\\\/avatar\\\/7ce1f28c0c3bbac99ff550b85ef8e44a6950c6ee24514fb6a5489e51d06f0298?s=96&d=mm&r=g\",\"url\":\"https:\\\/\\\/secure.gravatar.com\\\/avatar\\\/7ce1f28c0c3bbac99ff550b85ef8e44a6950c6ee24514fb6a5489e51d06f0298?s=96&d=mm&r=g\",\"contentUrl\":\"https:\\\/\\\/secure.gravatar.com\\\/avatar\\\/7ce1f28c0c3bbac99ff550b85ef8e44a6950c6ee24514fb6a5489e51d06f0298?s=96&d=mm&r=g\",\"caption\":\"webdo.tn\"},\"url\":\"https:\\\/\\\/www.webdo.tn\\\/fr\\\/actualite\\\/author\\\/webdotn\\\/\"}]}<\/script>\n<!-- \/ Yoast SEO Premium plugin. -->","yoast_head_json":{"title":"Conf\u00e9rence Investir en Tunisie, Start-up democracy : Le programme charg\u00e9 du Premier ministre fran\u00e7ais Manuel Valls","description":"Conf\u00e9rence Investir en Tunisie, Start-up democracy : Le programme charg\u00e9 du Premier ministre fran\u00e7ais Manuel Valls","canonical":"https:\/\/www.webdo.tn\/fr\/actualite\/economie\/conference-investir-en-tunisie-start-up-democracy-programme-charge-du-premier-ministre-francais-manuel-valls\/185795\/","og_locale":"fr_FR","og_type":"article","og_title":"Conf\u00e9rence \"Investir en Tunisie, Start-up democracy\" : Le programme charg\u00e9 du Premier ministre fran\u00e7ais Manuel Valls","og_description":"Conf\u00e9rence Investir en Tunisie, Start-up democracy : Le programme charg\u00e9 du Premier ministre fran\u00e7ais Manuel Valls","og_url":"https:\/\/www.webdo.tn\/fr\/actualite\/economie\/conference-investir-en-tunisie-start-up-democracy-programme-charge-du-premier-ministre-francais-manuel-valls\/185795\/","og_site_name":"webdo","article_publisher":"https:\/\/www.facebook.com\/webdotn","article_published_time":"2014-09-08T15:36:00+00:00","article_modified_time":"2025-05-22T13:05:15+00:00","og_image":[{"width":300,"height":200,"url":"https:\/\/www.webdo.tn\/fr\/wp-content\/uploads\/2014\/09\/manuel-valls-mehdi-jomaa-conference-investir-en-tunisie-start-up-democracy-300x200-1.jpg","type":"image\/jpeg"}],"author":"webdo.tn","twitter_card":"summary_large_image","twitter_creator":"@webdo_tn","twitter_site":"@webdo_tn","twitter_misc":{"\u00c9crit par":"webdo.tn","Dur\u00e9e de lecture estim\u00e9e":"2 minutes"},"schema":{"@context":"https:\/\/schema.org","@graph":[{"@type":"NewsArticle","@id":"https:\/\/www.webdo.tn\/fr\/actualite\/economie\/conference-investir-en-tunisie-start-up-democracy-programme-charge-du-premier-ministre-francais-manuel-valls\/185795\/#article","isPartOf":{"@id":"https:\/\/www.webdo.tn\/fr\/actualite\/economie\/conference-investir-en-tunisie-start-up-democracy-programme-charge-du-premier-ministre-francais-manuel-valls\/185795\/"},"author":{"name":"webdo.tn","@id":"https:\/\/www.webdo.tn\/fr\/#\/schema\/person\/9a9c6118d687c117df8ef3cc36a4d175"},"headline":"Conf\u00e9rence \u00ab\u00a0Investir en Tunisie, Start-up democracy\u00a0\u00bb : Le programme charg\u00e9 du Premier ministre fran\u00e7ais Manuel Valls","datePublished":"2014-09-08T15:36:00+00:00","dateModified":"2025-05-22T13:05:15+00:00","mainEntityOfPage":{"@id":"https:\/\/www.webdo.tn\/fr\/actualite\/economie\/conference-investir-en-tunisie-start-up-democracy-programme-charge-du-premier-ministre-francais-manuel-valls\/185795\/"},"wordCount":519,"commentCount":0,"publisher":{"@id":"https:\/\/www.webdo.tn\/fr\/#organization"},"image":{"@id":"https:\/\/www.webdo.tn\/fr\/actualite\/economie\/conference-investir-en-tunisie-start-up-democracy-programme-charge-du-premier-ministre-francais-manuel-valls\/185795\/#primaryimage"},"thumbnailUrl":"https:\/\/www.webdo.tn\/fr\/wp-content\/uploads\/2014\/09\/manuel-valls-mehdi-jomaa-conference-investir-en-tunisie-start-up-democracy-300x200-1.jpg","articleSection":["Economie"],"inLanguage":"fr-FR"},{"@type":"WebPage","@id":"https:\/\/www.webdo.tn\/fr\/actualite\/economie\/conference-investir-en-tunisie-start-up-democracy-programme-charge-du-premier-ministre-francais-manuel-valls\/185795\/","url":"https:\/\/www.webdo.tn\/fr\/actualite\/economie\/conference-investir-en-tunisie-start-up-democracy-programme-charge-du-premier-ministre-francais-manuel-valls\/185795\/","name":"Conf\u00e9rence Investir en Tunisie, Start-up democracy : Le programme charg\u00e9 du Premier ministre fran\u00e7ais Manuel Valls","isPartOf":{"@id":"https:\/\/www.webdo.tn\/fr\/#website"},"primaryImageOfPage":{"@id":"https:\/\/www.webdo.tn\/fr\/actualite\/economie\/conference-investir-en-tunisie-start-up-democracy-programme-charge-du-premier-ministre-francais-manuel-valls\/185795\/#primaryimage"},"image":{"@id":"https:\/\/www.webdo.tn\/fr\/actualite\/economie\/conference-investir-en-tunisie-start-up-democracy-programme-charge-du-premier-ministre-francais-manuel-valls\/185795\/#primaryimage"},"thumbnailUrl":"https:\/\/www.webdo.tn\/fr\/wp-content\/uploads\/2014\/09\/manuel-valls-mehdi-jomaa-conference-investir-en-tunisie-start-up-democracy-300x200-1.jpg","datePublished":"2014-09-08T15:36:00+00:00","dateModified":"2025-05-22T13:05:15+00:00","description":"Conf\u00e9rence Investir en Tunisie, Start-up democracy : Le programme charg\u00e9 du Premier ministre fran\u00e7ais Manuel Valls","breadcrumb":{"@id":"https:\/\/www.webdo.tn\/fr\/actualite\/economie\/conference-investir-en-tunisie-start-up-democracy-programme-charge-du-premier-ministre-francais-manuel-valls\/185795\/#breadcrumb"},"inLanguage":"fr-FR","potentialAction":[{"@type":"ReadAction","target":["https:\/\/www.webdo.tn\/fr\/actualite\/economie\/conference-investir-en-tunisie-start-up-democracy-programme-charge-du-premier-ministre-francais-manuel-valls\/185795\/"]}]},{"@type":"ImageObject","inLanguage":"fr-FR","@id":"https:\/\/www.webdo.tn\/fr\/actualite\/economie\/conference-investir-en-tunisie-start-up-democracy-programme-charge-du-premier-ministre-francais-manuel-valls\/185795\/#primaryimage","url":"https:\/\/www.webdo.tn\/fr\/wp-content\/uploads\/2014\/09\/manuel-valls-mehdi-jomaa-conference-investir-en-tunisie-start-up-democracy-300x200-1.jpg","contentUrl":"https:\/\/www.webdo.tn\/fr\/wp-content\/uploads\/2014\/09\/manuel-valls-mehdi-jomaa-conference-investir-en-tunisie-start-up-democracy-300x200-1.jpg","width":300,"height":200,"caption":"Conf\u00e9rence \"Investir en Tunisie, Start-up democracy\" : Le programme charg\u00e9 du Premier ministre fran\u00e7ais Manuel Valls"},{"@type":"BreadcrumbList","@id":"https:\/\/www.webdo.tn\/fr\/actualite\/economie\/conference-investir-en-tunisie-start-up-democracy-programme-charge-du-premier-ministre-francais-manuel-valls\/185795\/#breadcrumb","itemListElement":[{"@type":"ListItem","position":1,"name":"Accueil","item":"https:\/\/www.webdo.tn\/fr\/"},{"@type":"ListItem","position":2,"name":"Conf\u00e9rence \u00ab\u00a0Investir en Tunisie, Start-up democracy\u00a0\u00bb : Le programme charg\u00e9 du Premier ministre fran\u00e7ais Manuel Valls"}]},{"@type":"WebSite","@id":"https:\/\/www.webdo.tn\/fr\/#website","url":"https:\/\/www.webdo.tn\/fr\/","name":"webdo","description":"Tunisie - News en Tunisie et \u00e0 l&#039;international sur Webdo.tn","publisher":{"@id":"https:\/\/www.webdo.tn\/fr\/#organization"},"potentialAction":[{"@type":"SearchAction","target":{"@type":"EntryPoint","urlTemplate":"https:\/\/www.webdo.tn\/fr\/?s={search_term_string}"},"query-input":{"@type":"PropertyValueSpecification","valueRequired":true,"valueName":"search_term_string"}}],"inLanguage":"fr-FR"},{"@type":"Organization","@id":"https:\/\/www.webdo.tn\/fr\/#organization","name":"Webdo","alternateName":"Webdo.tn","url":"https:\/\/www.webdo.tn\/fr\/","logo":{"@type":"ImageObject","inLanguage":"fr-FR","@id":"https:\/\/www.webdo.tn\/fr\/#\/schema\/logo\/image\/","url":"https:\/\/www.webdo.tn\/fr\/wp-content\/uploads\/2025\/06\/Webdo-Tunisie_168377.jpg","contentUrl":"https:\/\/www.webdo.tn\/fr\/wp-content\/uploads\/2025\/06\/Webdo-Tunisie_168377.jpg","width":301,"height":301,"caption":"Webdo"},"image":{"@id":"https:\/\/www.webdo.tn\/fr\/#\/schema\/logo\/image\/"},"sameAs":["https:\/\/www.facebook.com\/webdotn","https:\/\/x.com\/webdo_tn"],"description":"Webdo est un m\u00e9dia num\u00e9rique tunisien fond\u00e9 en 2010, sp\u00e9cialis\u00e9 dans l\u2019actualit\u00e9 nationale et internationale, l\u2019\u00e9conomie, la soci\u00e9t\u00e9 et les analyses politiques. Le site s\u2019adresse \u00e0 un large public francophone et couvre l\u2019information tunisienne en temps r\u00e9el.","email":"redac@webdo.tn","legalName":"YNJ SARL","foundingDate":"2010-09-06","numberOfEmployees":{"@type":"QuantitativeValue","minValue":"11","maxValue":"50"}},{"@type":"Person","@id":"https:\/\/www.webdo.tn\/fr\/#\/schema\/person\/9a9c6118d687c117df8ef3cc36a4d175","name":"webdo.tn","image":{"@type":"ImageObject","inLanguage":"fr-FR","@id":"https:\/\/secure.gravatar.com\/avatar\/7ce1f28c0c3bbac99ff550b85ef8e44a6950c6ee24514fb6a5489e51d06f0298?s=96&d=mm&r=g","url":"https:\/\/secure.gravatar.com\/avatar\/7ce1f28c0c3bbac99ff550b85ef8e44a6950c6ee24514fb6a5489e51d06f0298?s=96&d=mm&r=g","contentUrl":"https:\/\/secure.gravatar.com\/avatar\/7ce1f28c0c3bbac99ff550b85ef8e44a6950c6ee24514fb6a5489e51d06f0298?s=96&d=mm&r=g","caption":"webdo.tn"},"url":"https:\/\/www.webdo.tn\/fr\/actualite\/author\/webdotn\/"}]}},"_links":{"self":[{"href":"https:\/\/www.webdo.tn\/fr\/wp-json\/wp\/v2\/posts\/185795","targetHints":{"allow":["GET"]}}],"collection":[{"href":"https:\/\/www.webdo.tn\/fr\/wp-json\/wp\/v2\/posts"}],"about":[{"href":"https:\/\/www.webdo.tn\/fr\/wp-json\/wp\/v2\/types\/post"}],"author":[{"embeddable":true,"href":"https:\/\/www.webdo.tn\/fr\/wp-json\/wp\/v2\/users\/3222"}],"replies":[{"embeddable":true,"href":"https:\/\/www.webdo.tn\/fr\/wp-json\/wp\/v2\/comments?post=185795"}],"version-history":[{"count":0,"href":"https:\/\/www.webdo.tn\/fr\/wp-json\/wp\/v2\/posts\/185795\/revisions"}],"wp:featuredmedia":[{"embeddable":true,"href":"https:\/\/www.webdo.tn\/fr\/wp-json\/wp\/v2\/media\/331502"}],"wp:attachment":[{"href":"https:\/\/www.webdo.tn\/fr\/wp-json\/wp\/v2\/media?parent=185795"}],"wp:term":[{"taxonomy":"category","embeddable":true,"href":"https:\/\/www.webdo.tn\/fr\/wp-json\/wp\/v2\/categories?post=185795"},{"taxonomy":"post_tag","embeddable":true,"href":"https:\/\/www.webdo.tn\/fr\/wp-json\/wp\/v2\/tags?post=185795"}],"curies":[{"name":"wp","href":"https:\/\/api.w.org\/{rel}","templated":true}]}}