{"id":185785,"date":"2014-10-01T17:13:00","date_gmt":"2014-10-01T17:13:00","guid":{"rendered":"https:\/\/www.webdo.tn\/fr\/blog\/hakim-ben-hammouda-congres-national-reforme-fiscale-sera-organise-tunis-debut-novembre\/185785\/"},"modified":"2025-05-22T13:03:47","modified_gmt":"2025-05-22T13:03:47","slug":"hakim-ben-hammouda-congres-national-reforme-fiscale-sera-organise-tunis-debut-novembre","status":"publish","type":"post","link":"https:\/\/www.webdo.tn\/fr\/actualite\/economie\/hakim-ben-hammouda-congres-national-reforme-fiscale-sera-organise-tunis-debut-novembre\/185785\/","title":{"rendered":"Hakim Ben Hammouda : Un congr\u00e8s national sur la r\u00e9forme fiscale sera organis\u00e9 \u00e0 Tunis d\u00e9but novembre"},"content":{"rendered":"<p>Un congr\u00e8s national sur la r\u00e9forme fiscale se d\u00e9roulera les 5 et 6 novembre \u00e0 Tunis et accueillera plus de 400 repr\u00e9sentants de toutes les professions, dont plusieurs sp\u00e9cialistes, a annonc\u00e9 le ministre de l\u2019\u00c9conomie et des Finances, Hakim Ben Hammouda, \u00e0 l\u2019agence TAP, mercredi 1er octobre.<\/p>\n<p>Par ailleurs, un Conseil minist\u00e9riel restreint (CMR) sera organis\u00e9 jeudi 2 octobre dans la banlieue nord de Tunis \u00e0 Gammarth, dans le but d&rsquo; \u201cexaminer les \u00e9quilibres financiers publics\u201d.<\/p>\n<p>-Br\u00e8ve-<\/p>\n<p>Par Nadia D\u00e9joui<\/p>\n","protected":false},"excerpt":{"rendered":"<p>Hakim Ben Hammouda : Un congr\u00e8s national sur la r\u00e9forme fiscale sera organis\u00e9 \u00e0 Tunis d\u00e9but novembre<\/p>\n","protected":false},"author":3222,"featured_media":331362,"comment_status":"open","ping_status":"closed","sticky":false,"template":"","format":"standard","meta":{"footnotes":""},"categories":[11334],"tags":[],"class_list":["post-185785","post","type-post","status-publish","format-standard","has-post-thumbnail","hentry","category-economie"],"yoast_head":"<!-- This site is optimized with the Yoast SEO Premium plugin v27.5 (Yoast SEO v27.5) - https:\/\/yoast.com\/product\/yoast-seo-premium-wordpress\/ -->\n<title>Hakim Ben Hammouda : Un congr\u00e8s national sur la r\u00e9forme fiscale sera organis\u00e9 \u00e0 Tunis d\u00e9but novembre<\/title>\n<meta name=\"description\" content=\"Hakim Ben Hammouda : Un congr\u00e8s national sur la r\u00e9forme fiscale sera organis\u00e9 \u00e0 Tunis d\u00e9but novembre\" \/>\n<link rel=\"canonical\" href=\"https:\/\/www.webdo.tn\/fr\/actualite\/economie\/hakim-ben-hammouda-congres-national-reforme-fiscale-sera-organise-tunis-debut-novembre\/185785\/\" \/>\n<meta property=\"og:locale\" content=\"fr_FR\" \/>\n<meta property=\"og:type\" content=\"article\" \/>\n<meta property=\"og:title\" content=\"Hakim Ben Hammouda : Un congr\u00e8s national sur la r\u00e9forme fiscale sera organis\u00e9 \u00e0 Tunis d\u00e9but novembre\" \/>\n<meta property=\"og:description\" content=\"Hakim Ben Hammouda : Un congr\u00e8s national sur la r\u00e9forme fiscale sera organis\u00e9 \u00e0 Tunis d\u00e9but novembre\" \/>\n<meta property=\"og:url\" content=\"https:\/\/www.webdo.tn\/fr\/actualite\/economie\/hakim-ben-hammouda-congres-national-reforme-fiscale-sera-organise-tunis-debut-novembre\/185785\/\" \/>\n<meta property=\"og:site_name\" content=\"webdo\" \/>\n<meta property=\"article:publisher\" content=\"https:\/\/www.facebook.com\/webdotn\" \/>\n<meta property=\"article:published_time\" content=\"2014-10-01T17:13:00+00:00\" \/>\n<meta property=\"article:modified_time\" content=\"2025-05-22T13:03:47+00:00\" \/>\n<meta property=\"og:image\" content=\"https:\/\/www.webdo.tn\/fr\/wp-content\/uploads\/2014\/10\/Hakim-Ben-Hammouda.jpg\" \/>\n\t<meta property=\"og:image:width\" content=\"233\" \/>\n\t<meta property=\"og:image:height\" content=\"260\" \/>\n\t<meta property=\"og:image:type\" content=\"image\/jpeg\" \/>\n<meta name=\"author\" content=\"webdo.tn\" \/>\n<meta name=\"twitter:card\" content=\"summary_large_image\" \/>\n<meta name=\"twitter:creator\" content=\"@webdo_tn\" \/>\n<meta name=\"twitter:site\" content=\"@webdo_tn\" \/>\n<meta name=\"twitter:label1\" content=\"\u00c9crit par\" \/>\n\t<meta name=\"twitter:data1\" content=\"webdo.tn\" \/>\n<script type=\"application\/ld+json\" class=\"yoast-schema-graph\">{\"@context\":\"https:\\\/\\\/schema.org\",\"@graph\":[{\"@type\":\"NewsArticle\",\"@id\":\"https:\\\/\\\/www.webdo.tn\\\/fr\\\/actualite\\\/economie\\\/hakim-ben-hammouda-congres-national-reforme-fiscale-sera-organise-tunis-debut-novembre\\\/185785\\\/#article\",\"isPartOf\":{\"@id\":\"https:\\\/\\\/www.webdo.tn\\\/fr\\\/actualite\\\/economie\\\/hakim-ben-hammouda-congres-national-reforme-fiscale-sera-organise-tunis-debut-novembre\\\/185785\\\/\"},\"author\":{\"name\":\"webdo.tn\",\"@id\":\"https:\\\/\\\/www.webdo.tn\\\/fr\\\/#\\\/schema\\\/person\\\/9a9c6118d687c117df8ef3cc36a4d175\"},\"headline\":\"Hakim Ben Hammouda : Un congr\u00e8s national sur la r\u00e9forme fiscale sera organis\u00e9 \u00e0 Tunis d\u00e9but novembre\",\"datePublished\":\"2014-10-01T17:13:00+00:00\",\"dateModified\":\"2025-05-22T13:03:47+00:00\",\"mainEntityOfPage\":{\"@id\":\"https:\\\/\\\/www.webdo.tn\\\/fr\\\/actualite\\\/economie\\\/hakim-ben-hammouda-congres-national-reforme-fiscale-sera-organise-tunis-debut-novembre\\\/185785\\\/\"},\"wordCount\":101,\"commentCount\":0,\"publisher\":{\"@id\":\"https:\\\/\\\/www.webdo.tn\\\/fr\\\/#organization\"},\"image\":{\"@id\":\"https:\\\/\\\/www.webdo.tn\\\/fr\\\/actualite\\\/economie\\\/hakim-ben-hammouda-congres-national-reforme-fiscale-sera-organise-tunis-debut-novembre\\\/185785\\\/#primaryimage\"},\"thumbnailUrl\":\"https:\\\/\\\/www.webdo.tn\\\/fr\\\/wp-content\\\/uploads\\\/2014\\\/10\\\/Hakim-Ben-Hammouda.jpg\",\"articleSection\":[\"Economie\"],\"inLanguage\":\"fr-FR\"},{\"@type\":\"WebPage\",\"@id\":\"https:\\\/\\\/www.webdo.tn\\\/fr\\\/actualite\\\/economie\\\/hakim-ben-hammouda-congres-national-reforme-fiscale-sera-organise-tunis-debut-novembre\\\/185785\\\/\",\"url\":\"https:\\\/\\\/www.webdo.tn\\\/fr\\\/actualite\\\/economie\\\/hakim-ben-hammouda-congres-national-reforme-fiscale-sera-organise-tunis-debut-novembre\\\/185785\\\/\",\"name\":\"Hakim Ben Hammouda : Un congr\u00e8s national sur la r\u00e9forme fiscale sera organis\u00e9 \u00e0 Tunis d\u00e9but novembre\",\"isPartOf\":{\"@id\":\"https:\\\/\\\/www.webdo.tn\\\/fr\\\/#website\"},\"primaryImageOfPage\":{\"@id\":\"https:\\\/\\\/www.webdo.tn\\\/fr\\\/actualite\\\/economie\\\/hakim-ben-hammouda-congres-national-reforme-fiscale-sera-organise-tunis-debut-novembre\\\/185785\\\/#primaryimage\"},\"image\":{\"@id\":\"https:\\\/\\\/www.webdo.tn\\\/fr\\\/actualite\\\/economie\\\/hakim-ben-hammouda-congres-national-reforme-fiscale-sera-organise-tunis-debut-novembre\\\/185785\\\/#primaryimage\"},\"thumbnailUrl\":\"https:\\\/\\\/www.webdo.tn\\\/fr\\\/wp-content\\\/uploads\\\/2014\\\/10\\\/Hakim-Ben-Hammouda.jpg\",\"datePublished\":\"2014-10-01T17:13:00+00:00\",\"dateModified\":\"2025-05-22T13:03:47+00:00\",\"description\":\"Hakim Ben Hammouda : Un congr\u00e8s national sur la r\u00e9forme fiscale sera organis\u00e9 \u00e0 Tunis d\u00e9but novembre\",\"breadcrumb\":{\"@id\":\"https:\\\/\\\/www.webdo.tn\\\/fr\\\/actualite\\\/economie\\\/hakim-ben-hammouda-congres-national-reforme-fiscale-sera-organise-tunis-debut-novembre\\\/185785\\\/#breadcrumb\"},\"inLanguage\":\"fr-FR\",\"potentialAction\":[{\"@type\":\"ReadAction\",\"target\":[\"https:\\\/\\\/www.webdo.tn\\\/fr\\\/actualite\\\/economie\\\/hakim-ben-hammouda-congres-national-reforme-fiscale-sera-organise-tunis-debut-novembre\\\/185785\\\/\"]}]},{\"@type\":\"ImageObject\",\"inLanguage\":\"fr-FR\",\"@id\":\"https:\\\/\\\/www.webdo.tn\\\/fr\\\/actualite\\\/economie\\\/hakim-ben-hammouda-congres-national-reforme-fiscale-sera-organise-tunis-debut-novembre\\\/185785\\\/#primaryimage\",\"url\":\"https:\\\/\\\/www.webdo.tn\\\/fr\\\/wp-content\\\/uploads\\\/2014\\\/10\\\/Hakim-Ben-Hammouda.jpg\",\"contentUrl\":\"https:\\\/\\\/www.webdo.tn\\\/fr\\\/wp-content\\\/uploads\\\/2014\\\/10\\\/Hakim-Ben-Hammouda.jpg\",\"width\":233,\"height\":260,\"caption\":\"Hakim Ben Hammouda : Un congr\u00e8s national sur la r\u00e9forme fiscale sera organis\u00e9 \u00e0 Tunis d\u00e9but novembre\"},{\"@type\":\"BreadcrumbList\",\"@id\":\"https:\\\/\\\/www.webdo.tn\\\/fr\\\/actualite\\\/economie\\\/hakim-ben-hammouda-congres-national-reforme-fiscale-sera-organise-tunis-debut-novembre\\\/185785\\\/#breadcrumb\",\"itemListElement\":[{\"@type\":\"ListItem\",\"position\":1,\"name\":\"Accueil\",\"item\":\"https:\\\/\\\/www.webdo.tn\\\/fr\\\/\"},{\"@type\":\"ListItem\",\"position\":2,\"name\":\"Hakim Ben Hammouda : Un congr\u00e8s national sur la r\u00e9forme fiscale sera organis\u00e9 \u00e0 Tunis d\u00e9but novembre\"}]},{\"@type\":\"WebSite\",\"@id\":\"https:\\\/\\\/www.webdo.tn\\\/fr\\\/#website\",\"url\":\"https:\\\/\\\/www.webdo.tn\\\/fr\\\/\",\"name\":\"webdo\",\"description\":\"Tunisie - News en Tunisie et \u00e0 l&#039;international sur Webdo.tn\",\"publisher\":{\"@id\":\"https:\\\/\\\/www.webdo.tn\\\/fr\\\/#organization\"},\"potentialAction\":[{\"@type\":\"SearchAction\",\"target\":{\"@type\":\"EntryPoint\",\"urlTemplate\":\"https:\\\/\\\/www.webdo.tn\\\/fr\\\/?s={search_term_string}\"},\"query-input\":{\"@type\":\"PropertyValueSpecification\",\"valueRequired\":true,\"valueName\":\"search_term_string\"}}],\"inLanguage\":\"fr-FR\"},{\"@type\":\"Organization\",\"@id\":\"https:\\\/\\\/www.webdo.tn\\\/fr\\\/#organization\",\"name\":\"Webdo\",\"alternateName\":\"Webdo.tn\",\"url\":\"https:\\\/\\\/www.webdo.tn\\\/fr\\\/\",\"logo\":{\"@type\":\"ImageObject\",\"inLanguage\":\"fr-FR\",\"@id\":\"https:\\\/\\\/www.webdo.tn\\\/fr\\\/#\\\/schema\\\/logo\\\/image\\\/\",\"url\":\"https:\\\/\\\/www.webdo.tn\\\/fr\\\/wp-content\\\/uploads\\\/2025\\\/06\\\/Webdo-Tunisie_168377.jpg\",\"contentUrl\":\"https:\\\/\\\/www.webdo.tn\\\/fr\\\/wp-content\\\/uploads\\\/2025\\\/06\\\/Webdo-Tunisie_168377.jpg\",\"width\":301,\"height\":301,\"caption\":\"Webdo\"},\"image\":{\"@id\":\"https:\\\/\\\/www.webdo.tn\\\/fr\\\/#\\\/schema\\\/logo\\\/image\\\/\"},\"sameAs\":[\"https:\\\/\\\/www.facebook.com\\\/webdotn\",\"https:\\\/\\\/x.com\\\/webdo_tn\"],\"description\":\"Webdo est un m\u00e9dia num\u00e9rique tunisien fond\u00e9 en 2010, sp\u00e9cialis\u00e9 dans l\u2019actualit\u00e9 nationale et internationale, l\u2019\u00e9conomie, la soci\u00e9t\u00e9 et les analyses politiques. Le site s\u2019adresse \u00e0 un large public francophone et couvre l\u2019information tunisienne en temps r\u00e9el.\",\"email\":\"redac@webdo.tn\",\"legalName\":\"YNJ SARL\",\"foundingDate\":\"2010-09-06\",\"numberOfEmployees\":{\"@type\":\"QuantitativeValue\",\"minValue\":\"11\",\"maxValue\":\"50\"}},{\"@type\":\"Person\",\"@id\":\"https:\\\/\\\/www.webdo.tn\\\/fr\\\/#\\\/schema\\\/person\\\/9a9c6118d687c117df8ef3cc36a4d175\",\"name\":\"webdo.tn\",\"image\":{\"@type\":\"ImageObject\",\"inLanguage\":\"fr-FR\",\"@id\":\"https:\\\/\\\/secure.gravatar.com\\\/avatar\\\/7ce1f28c0c3bbac99ff550b85ef8e44a6950c6ee24514fb6a5489e51d06f0298?s=96&d=mm&r=g\",\"url\":\"https:\\\/\\\/secure.gravatar.com\\\/avatar\\\/7ce1f28c0c3bbac99ff550b85ef8e44a6950c6ee24514fb6a5489e51d06f0298?s=96&d=mm&r=g\",\"contentUrl\":\"https:\\\/\\\/secure.gravatar.com\\\/avatar\\\/7ce1f28c0c3bbac99ff550b85ef8e44a6950c6ee24514fb6a5489e51d06f0298?s=96&d=mm&r=g\",\"caption\":\"webdo.tn\"},\"url\":\"https:\\\/\\\/www.webdo.tn\\\/fr\\\/actualite\\\/author\\\/webdotn\\\/\"}]}<\/script>\n<!-- \/ Yoast SEO Premium plugin. -->","yoast_head_json":{"title":"Hakim Ben Hammouda : Un congr\u00e8s national sur la r\u00e9forme fiscale sera organis\u00e9 \u00e0 Tunis d\u00e9but novembre","description":"Hakim Ben Hammouda : Un congr\u00e8s national sur la r\u00e9forme fiscale sera organis\u00e9 \u00e0 Tunis d\u00e9but novembre","canonical":"https:\/\/www.webdo.tn\/fr\/actualite\/economie\/hakim-ben-hammouda-congres-national-reforme-fiscale-sera-organise-tunis-debut-novembre\/185785\/","og_locale":"fr_FR","og_type":"article","og_title":"Hakim Ben Hammouda : Un congr\u00e8s national sur la r\u00e9forme fiscale sera organis\u00e9 \u00e0 Tunis d\u00e9but novembre","og_description":"Hakim Ben Hammouda : Un congr\u00e8s national sur la r\u00e9forme fiscale sera organis\u00e9 \u00e0 Tunis d\u00e9but novembre","og_url":"https:\/\/www.webdo.tn\/fr\/actualite\/economie\/hakim-ben-hammouda-congres-national-reforme-fiscale-sera-organise-tunis-debut-novembre\/185785\/","og_site_name":"webdo","article_publisher":"https:\/\/www.facebook.com\/webdotn","article_published_time":"2014-10-01T17:13:00+00:00","article_modified_time":"2025-05-22T13:03:47+00:00","og_image":[{"width":233,"height":260,"url":"https:\/\/www.webdo.tn\/fr\/wp-content\/uploads\/2014\/10\/Hakim-Ben-Hammouda.jpg","type":"image\/jpeg"}],"author":"webdo.tn","twitter_card":"summary_large_image","twitter_creator":"@webdo_tn","twitter_site":"@webdo_tn","twitter_misc":{"\u00c9crit par":"webdo.tn"},"schema":{"@context":"https:\/\/schema.org","@graph":[{"@type":"NewsArticle","@id":"https:\/\/www.webdo.tn\/fr\/actualite\/economie\/hakim-ben-hammouda-congres-national-reforme-fiscale-sera-organise-tunis-debut-novembre\/185785\/#article","isPartOf":{"@id":"https:\/\/www.webdo.tn\/fr\/actualite\/economie\/hakim-ben-hammouda-congres-national-reforme-fiscale-sera-organise-tunis-debut-novembre\/185785\/"},"author":{"name":"webdo.tn","@id":"https:\/\/www.webdo.tn\/fr\/#\/schema\/person\/9a9c6118d687c117df8ef3cc36a4d175"},"headline":"Hakim Ben Hammouda : Un congr\u00e8s national sur la r\u00e9forme fiscale sera organis\u00e9 \u00e0 Tunis d\u00e9but novembre","datePublished":"2014-10-01T17:13:00+00:00","dateModified":"2025-05-22T13:03:47+00:00","mainEntityOfPage":{"@id":"https:\/\/www.webdo.tn\/fr\/actualite\/economie\/hakim-ben-hammouda-congres-national-reforme-fiscale-sera-organise-tunis-debut-novembre\/185785\/"},"wordCount":101,"commentCount":0,"publisher":{"@id":"https:\/\/www.webdo.tn\/fr\/#organization"},"image":{"@id":"https:\/\/www.webdo.tn\/fr\/actualite\/economie\/hakim-ben-hammouda-congres-national-reforme-fiscale-sera-organise-tunis-debut-novembre\/185785\/#primaryimage"},"thumbnailUrl":"https:\/\/www.webdo.tn\/fr\/wp-content\/uploads\/2014\/10\/Hakim-Ben-Hammouda.jpg","articleSection":["Economie"],"inLanguage":"fr-FR"},{"@type":"WebPage","@id":"https:\/\/www.webdo.tn\/fr\/actualite\/economie\/hakim-ben-hammouda-congres-national-reforme-fiscale-sera-organise-tunis-debut-novembre\/185785\/","url":"https:\/\/www.webdo.tn\/fr\/actualite\/economie\/hakim-ben-hammouda-congres-national-reforme-fiscale-sera-organise-tunis-debut-novembre\/185785\/","name":"Hakim Ben Hammouda : Un congr\u00e8s national sur la r\u00e9forme fiscale sera organis\u00e9 \u00e0 Tunis d\u00e9but novembre","isPartOf":{"@id":"https:\/\/www.webdo.tn\/fr\/#website"},"primaryImageOfPage":{"@id":"https:\/\/www.webdo.tn\/fr\/actualite\/economie\/hakim-ben-hammouda-congres-national-reforme-fiscale-sera-organise-tunis-debut-novembre\/185785\/#primaryimage"},"image":{"@id":"https:\/\/www.webdo.tn\/fr\/actualite\/economie\/hakim-ben-hammouda-congres-national-reforme-fiscale-sera-organise-tunis-debut-novembre\/185785\/#primaryimage"},"thumbnailUrl":"https:\/\/www.webdo.tn\/fr\/wp-content\/uploads\/2014\/10\/Hakim-Ben-Hammouda.jpg","datePublished":"2014-10-01T17:13:00+00:00","dateModified":"2025-05-22T13:03:47+00:00","description":"Hakim Ben Hammouda : Un congr\u00e8s national sur la r\u00e9forme fiscale sera organis\u00e9 \u00e0 Tunis d\u00e9but novembre","breadcrumb":{"@id":"https:\/\/www.webdo.tn\/fr\/actualite\/economie\/hakim-ben-hammouda-congres-national-reforme-fiscale-sera-organise-tunis-debut-novembre\/185785\/#breadcrumb"},"inLanguage":"fr-FR","potentialAction":[{"@type":"ReadAction","target":["https:\/\/www.webdo.tn\/fr\/actualite\/economie\/hakim-ben-hammouda-congres-national-reforme-fiscale-sera-organise-tunis-debut-novembre\/185785\/"]}]},{"@type":"ImageObject","inLanguage":"fr-FR","@id":"https:\/\/www.webdo.tn\/fr\/actualite\/economie\/hakim-ben-hammouda-congres-national-reforme-fiscale-sera-organise-tunis-debut-novembre\/185785\/#primaryimage","url":"https:\/\/www.webdo.tn\/fr\/wp-content\/uploads\/2014\/10\/Hakim-Ben-Hammouda.jpg","contentUrl":"https:\/\/www.webdo.tn\/fr\/wp-content\/uploads\/2014\/10\/Hakim-Ben-Hammouda.jpg","width":233,"height":260,"caption":"Hakim Ben Hammouda : Un congr\u00e8s national sur la r\u00e9forme fiscale sera organis\u00e9 \u00e0 Tunis d\u00e9but novembre"},{"@type":"BreadcrumbList","@id":"https:\/\/www.webdo.tn\/fr\/actualite\/economie\/hakim-ben-hammouda-congres-national-reforme-fiscale-sera-organise-tunis-debut-novembre\/185785\/#breadcrumb","itemListElement":[{"@type":"ListItem","position":1,"name":"Accueil","item":"https:\/\/www.webdo.tn\/fr\/"},{"@type":"ListItem","position":2,"name":"Hakim Ben Hammouda : Un congr\u00e8s national sur la r\u00e9forme fiscale sera organis\u00e9 \u00e0 Tunis d\u00e9but novembre"}]},{"@type":"WebSite","@id":"https:\/\/www.webdo.tn\/fr\/#website","url":"https:\/\/www.webdo.tn\/fr\/","name":"webdo","description":"Tunisie - News en Tunisie et \u00e0 l&#039;international sur Webdo.tn","publisher":{"@id":"https:\/\/www.webdo.tn\/fr\/#organization"},"potentialAction":[{"@type":"SearchAction","target":{"@type":"EntryPoint","urlTemplate":"https:\/\/www.webdo.tn\/fr\/?s={search_term_string}"},"query-input":{"@type":"PropertyValueSpecification","valueRequired":true,"valueName":"search_term_string"}}],"inLanguage":"fr-FR"},{"@type":"Organization","@id":"https:\/\/www.webdo.tn\/fr\/#organization","name":"Webdo","alternateName":"Webdo.tn","url":"https:\/\/www.webdo.tn\/fr\/","logo":{"@type":"ImageObject","inLanguage":"fr-FR","@id":"https:\/\/www.webdo.tn\/fr\/#\/schema\/logo\/image\/","url":"https:\/\/www.webdo.tn\/fr\/wp-content\/uploads\/2025\/06\/Webdo-Tunisie_168377.jpg","contentUrl":"https:\/\/www.webdo.tn\/fr\/wp-content\/uploads\/2025\/06\/Webdo-Tunisie_168377.jpg","width":301,"height":301,"caption":"Webdo"},"image":{"@id":"https:\/\/www.webdo.tn\/fr\/#\/schema\/logo\/image\/"},"sameAs":["https:\/\/www.facebook.com\/webdotn","https:\/\/x.com\/webdo_tn"],"description":"Webdo est un m\u00e9dia num\u00e9rique tunisien fond\u00e9 en 2010, sp\u00e9cialis\u00e9 dans l\u2019actualit\u00e9 nationale et internationale, l\u2019\u00e9conomie, la soci\u00e9t\u00e9 et les analyses politiques. Le site s\u2019adresse \u00e0 un large public francophone et couvre l\u2019information tunisienne en temps r\u00e9el.","email":"redac@webdo.tn","legalName":"YNJ SARL","foundingDate":"2010-09-06","numberOfEmployees":{"@type":"QuantitativeValue","minValue":"11","maxValue":"50"}},{"@type":"Person","@id":"https:\/\/www.webdo.tn\/fr\/#\/schema\/person\/9a9c6118d687c117df8ef3cc36a4d175","name":"webdo.tn","image":{"@type":"ImageObject","inLanguage":"fr-FR","@id":"https:\/\/secure.gravatar.com\/avatar\/7ce1f28c0c3bbac99ff550b85ef8e44a6950c6ee24514fb6a5489e51d06f0298?s=96&d=mm&r=g","url":"https:\/\/secure.gravatar.com\/avatar\/7ce1f28c0c3bbac99ff550b85ef8e44a6950c6ee24514fb6a5489e51d06f0298?s=96&d=mm&r=g","contentUrl":"https:\/\/secure.gravatar.com\/avatar\/7ce1f28c0c3bbac99ff550b85ef8e44a6950c6ee24514fb6a5489e51d06f0298?s=96&d=mm&r=g","caption":"webdo.tn"},"url":"https:\/\/www.webdo.tn\/fr\/actualite\/author\/webdotn\/"}]}},"_links":{"self":[{"href":"https:\/\/www.webdo.tn\/fr\/wp-json\/wp\/v2\/posts\/185785","targetHints":{"allow":["GET"]}}],"collection":[{"href":"https:\/\/www.webdo.tn\/fr\/wp-json\/wp\/v2\/posts"}],"about":[{"href":"https:\/\/www.webdo.tn\/fr\/wp-json\/wp\/v2\/types\/post"}],"author":[{"embeddable":true,"href":"https:\/\/www.webdo.tn\/fr\/wp-json\/wp\/v2\/users\/3222"}],"replies":[{"embeddable":true,"href":"https:\/\/www.webdo.tn\/fr\/wp-json\/wp\/v2\/comments?post=185785"}],"version-history":[{"count":0,"href":"https:\/\/www.webdo.tn\/fr\/wp-json\/wp\/v2\/posts\/185785\/revisions"}],"wp:featuredmedia":[{"embeddable":true,"href":"https:\/\/www.webdo.tn\/fr\/wp-json\/wp\/v2\/media\/331362"}],"wp:attachment":[{"href":"https:\/\/www.webdo.tn\/fr\/wp-json\/wp\/v2\/media?parent=185785"}],"wp:term":[{"taxonomy":"category","embeddable":true,"href":"https:\/\/www.webdo.tn\/fr\/wp-json\/wp\/v2\/categories?post=185785"},{"taxonomy":"post_tag","embeddable":true,"href":"https:\/\/www.webdo.tn\/fr\/wp-json\/wp\/v2\/tags?post=185785"}],"curies":[{"name":"wp","href":"https:\/\/api.w.org\/{rel}","templated":true}]}}