{"id":185784,"date":"2014-10-05T14:03:00","date_gmt":"2014-10-05T14:03:00","guid":{"rendered":"https:\/\/www.webdo.tn\/fr\/blog\/jacques-berrebi-co-fondateur-teleperfomance-jai-cree-en-tunisie-boite-cest-vrai-cest-grace-ben-ali\/185784\/"},"modified":"2025-05-22T13:03:38","modified_gmt":"2025-05-22T13:03:38","slug":"jacques-berrebi-co-fondateur-teleperfomance-jai-cree-en-tunisie-boite-cest-vrai-cest-grace-ben-ali","status":"publish","type":"post","link":"https:\/\/www.webdo.tn\/fr\/actualite\/economie\/jacques-berrebi-co-fondateur-teleperfomance-jai-cree-en-tunisie-boite-cest-vrai-cest-grace-ben-ali\/185784\/","title":{"rendered":"Jacques Berrebi, co-fondateur de Teleperfomance : \u00ab\u00a0J&rsquo;ai cr\u00e9\u00e9 en Tunisie une bo\u00eete, et c&rsquo;est vrai que c&rsquo;est gr\u00e2ce \u00e0 Ben Ali\u00a0\u00bb"},"content":{"rendered":"<p>\u00ab\u00a0Oui, c&rsquo;est vrai, j&rsquo;ai cr\u00e9\u00e9 en Tunisie une bo\u00eete, et c&rsquo;est vrai que c&rsquo;est gr\u00e2ce \u00e0 Ben Ali\u00a0\u00bb, a d\u00e9clar\u00e9 le Fran\u00e7ais Jacques Berrebi, co-fondateur de Teleperformance, dans un reportage diffus\u00e9 en mai 2014 sur Arte Radio.<\/p>\n<p>Teleperformance, \u00ab\u00a0leader mondial sur les plateformes des centres d&rsquo;appel\u00a0\u00bb, est implant\u00e9 en Tunisie depuis 2000, et dispose maintenant de six centre d&rsquo;appel (cinq \u00e0 Tunis et un \u00e0 Sousse) employant pr\u00e8s de 6 000 personnes.<\/p>\n<p>Des d\u00e9localisations pour ne pas \u00ab\u00a0payer le prix de la France\u00a0\u00bb<\/p>\n<p>\u00ab\u00a0Si il y a des gens qui veulent aller en Tunisie, aux Philippines ou ailleurs, c&rsquo;est parce qu&rsquo;ils peuvent pas payer, ou ils ne veulent pas payer, le prix de la France, ou le prix de l&rsquo;Italie, ou le prix de l&rsquo;Espagne\u00a0\u00bb, explique Jacques Berrebi, qui a re\u00e7u la L\u00e9gion d&rsquo;honneur des mains de l&rsquo;ex-pr\u00e9sident de la R\u00e9publique fran\u00e7ais Jacques Chirac, et est aujourd&rsquo;hui \u00e0 la t\u00eate d&rsquo;une fortune qu&rsquo;il estime \u00e0 \u00ab\u00a0plusieurs dizaines de millions\u00a0\u00bb d&rsquo;euros.<\/p>\n<p>En avril 2013, une gr\u00e8ve de trois jours avait eu lieu dans les centres d&rsquo;appel de Teleperformance en Tunisie, pour demander une hausse des salaires et protester contre des licenciements abusifs.<\/p>\n<p>Jacques Berrebi s&rsquo;est exil\u00e9 en Belgique \u00ab\u00a0pour des probl\u00e8mes fiscaux\u00a0\u00bb<\/p>\n<p>N\u00e9 en Tunisie en 1942, Jacques Berrebi s&rsquo;est install\u00e9 en Belgique en 2000, \u00ab\u00a0pour des probl\u00e8mes fiscaux\u00a0\u00bb.<\/p>\n<p>\u00ab\u00a0Notre pr\u00e9sident de la R\u00e9publique actuel [Fran\u00e7ois Hollande] a quand m\u00eame d\u00e9clar\u00e9 que ses ennemis c&rsquo;\u00e9taient les riches\u00a0!\u00a0\u00bb, s&rsquo;indigne-t-il, se f\u00e9licitant de s&rsquo;\u00eatre install\u00e9 en Belgique, o\u00f9 \u00ab\u00a0y a pas de m\u00e9chancet\u00e9, y a pas d&rsquo;envie malsaine\u00a0\u00bb.<\/p>\n<p>Chaque ann\u00e9e, de nombreux Fran\u00e7ais fortun\u00e9s partent s&rsquo;installer en Belgique pour \u00e9chapper \u00e0 l&rsquo;imp\u00f4t sur la fortune fran\u00e7ais. D&rsquo;apr\u00e8s une enqu\u00eate du journal belge \u00ab\u00a0L&rsquo;\u00c9cho\u00a0\u00bb parue en septembre dernier, un cinqui\u00e8me des 100 Fran\u00e7ais les plus riches seraient install\u00e9s en Belgique, o\u00f9 ils d\u00e9tiennent au minimum 17 milliards d&rsquo;euros.<\/p>\n","protected":false},"excerpt":{"rendered":"<p>Jacques Berrebi, co-fondateur de Teleperfomance :  J&rsquo;ai cr\u00e9\u00e9 en Tunisie une bo\u00eete, et c&rsquo;est vrai que c&rsquo;est gr\u00e2ce \u00e0 Ben Ali <\/p>\n","protected":false},"author":3222,"featured_media":320181,"comment_status":"open","ping_status":"closed","sticky":false,"template":"","format":"standard","meta":{"footnotes":""},"categories":[11334],"tags":[],"class_list":["post-185784","post","type-post","status-publish","format-standard","has-post-thumbnail","hentry","category-economie"],"yoast_head":"<!-- This site is optimized with the Yoast SEO Premium plugin v27.5 (Yoast SEO v27.5) - https:\/\/yoast.com\/product\/yoast-seo-premium-wordpress\/ -->\n<title>Jacques Berrebi, co-fondateur de Teleperfomance : J&#039;ai cr\u00e9\u00e9 en Tunisie une bo\u00eete, et c&#039;est vrai que c&#039;est gr\u00e2ce \u00e0 Ben Ali<\/title>\n<meta name=\"description\" content=\"Jacques Berrebi, co-fondateur de Teleperfomance : J&#039;ai cr\u00e9\u00e9 en Tunisie une bo\u00eete, et c&#039;est vrai que c&#039;est gr\u00e2ce \u00e0 Ben Ali\" \/>\n<link rel=\"canonical\" href=\"https:\/\/www.webdo.tn\/fr\/actualite\/economie\/jacques-berrebi-co-fondateur-teleperfomance-jai-cree-en-tunisie-boite-cest-vrai-cest-grace-ben-ali\/185784\/\" \/>\n<meta property=\"og:locale\" content=\"fr_FR\" \/>\n<meta property=\"og:type\" content=\"article\" \/>\n<meta property=\"og:title\" content=\"Jacques Berrebi, co-fondateur de Teleperfomance : &quot;J&#039;ai cr\u00e9\u00e9 en Tunisie une bo\u00eete, et c&#039;est vrai que c&#039;est gr\u00e2ce \u00e0 Ben Ali&quot;\" \/>\n<meta property=\"og:description\" content=\"Jacques Berrebi, co-fondateur de Teleperfomance : J&#039;ai cr\u00e9\u00e9 en Tunisie une bo\u00eete, et c&#039;est vrai que c&#039;est gr\u00e2ce \u00e0 Ben Ali\" \/>\n<meta property=\"og:url\" content=\"https:\/\/www.webdo.tn\/fr\/actualite\/economie\/jacques-berrebi-co-fondateur-teleperfomance-jai-cree-en-tunisie-boite-cest-vrai-cest-grace-ben-ali\/185784\/\" \/>\n<meta property=\"og:site_name\" content=\"webdo\" \/>\n<meta property=\"article:publisher\" content=\"https:\/\/www.facebook.com\/webdotn\" \/>\n<meta property=\"article:published_time\" content=\"2014-10-05T14:03:00+00:00\" \/>\n<meta property=\"article:modified_time\" content=\"2025-05-22T13:03:38+00:00\" \/>\n<meta property=\"og:image\" content=\"https:\/\/www.webdo.tn\/fr\/wp-content\/uploads\/2014\/10\/teleperformance1-300x194-1.jpeg\" \/>\n\t<meta property=\"og:image:width\" content=\"300\" \/>\n\t<meta property=\"og:image:height\" content=\"194\" \/>\n\t<meta property=\"og:image:type\" content=\"image\/jpeg\" \/>\n<meta name=\"author\" content=\"webdo.tn\" \/>\n<meta name=\"twitter:card\" content=\"summary_large_image\" \/>\n<meta name=\"twitter:creator\" content=\"@webdo_tn\" \/>\n<meta name=\"twitter:site\" content=\"@webdo_tn\" \/>\n<meta name=\"twitter:label1\" content=\"\u00c9crit par\" \/>\n\t<meta name=\"twitter:data1\" content=\"webdo.tn\" \/>\n\t<meta name=\"twitter:label2\" content=\"Dur\u00e9e de lecture estim\u00e9e\" \/>\n\t<meta name=\"twitter:data2\" content=\"2 minutes\" \/>\n<script type=\"application\/ld+json\" class=\"yoast-schema-graph\">{\"@context\":\"https:\\\/\\\/schema.org\",\"@graph\":[{\"@type\":\"NewsArticle\",\"@id\":\"https:\\\/\\\/www.webdo.tn\\\/fr\\\/actualite\\\/economie\\\/jacques-berrebi-co-fondateur-teleperfomance-jai-cree-en-tunisie-boite-cest-vrai-cest-grace-ben-ali\\\/185784\\\/#article\",\"isPartOf\":{\"@id\":\"https:\\\/\\\/www.webdo.tn\\\/fr\\\/actualite\\\/economie\\\/jacques-berrebi-co-fondateur-teleperfomance-jai-cree-en-tunisie-boite-cest-vrai-cest-grace-ben-ali\\\/185784\\\/\"},\"author\":{\"name\":\"webdo.tn\",\"@id\":\"https:\\\/\\\/www.webdo.tn\\\/fr\\\/#\\\/schema\\\/person\\\/9a9c6118d687c117df8ef3cc36a4d175\"},\"headline\":\"Jacques Berrebi, co-fondateur de Teleperfomance : \u00ab\u00a0J&rsquo;ai cr\u00e9\u00e9 en Tunisie une bo\u00eete, et c&rsquo;est vrai que c&rsquo;est gr\u00e2ce \u00e0 Ben Ali\u00a0\u00bb\",\"datePublished\":\"2014-10-05T14:03:00+00:00\",\"dateModified\":\"2025-05-22T13:03:38+00:00\",\"mainEntityOfPage\":{\"@id\":\"https:\\\/\\\/www.webdo.tn\\\/fr\\\/actualite\\\/economie\\\/jacques-berrebi-co-fondateur-teleperfomance-jai-cree-en-tunisie-boite-cest-vrai-cest-grace-ben-ali\\\/185784\\\/\"},\"wordCount\":374,\"commentCount\":0,\"publisher\":{\"@id\":\"https:\\\/\\\/www.webdo.tn\\\/fr\\\/#organization\"},\"image\":{\"@id\":\"https:\\\/\\\/www.webdo.tn\\\/fr\\\/actualite\\\/economie\\\/jacques-berrebi-co-fondateur-teleperfomance-jai-cree-en-tunisie-boite-cest-vrai-cest-grace-ben-ali\\\/185784\\\/#primaryimage\"},\"thumbnailUrl\":\"https:\\\/\\\/www.webdo.tn\\\/fr\\\/wp-content\\\/uploads\\\/2014\\\/10\\\/teleperformance1-300x194-1.jpeg\",\"articleSection\":[\"Economie\"],\"inLanguage\":\"fr-FR\"},{\"@type\":\"WebPage\",\"@id\":\"https:\\\/\\\/www.webdo.tn\\\/fr\\\/actualite\\\/economie\\\/jacques-berrebi-co-fondateur-teleperfomance-jai-cree-en-tunisie-boite-cest-vrai-cest-grace-ben-ali\\\/185784\\\/\",\"url\":\"https:\\\/\\\/www.webdo.tn\\\/fr\\\/actualite\\\/economie\\\/jacques-berrebi-co-fondateur-teleperfomance-jai-cree-en-tunisie-boite-cest-vrai-cest-grace-ben-ali\\\/185784\\\/\",\"name\":\"Jacques Berrebi, co-fondateur de Teleperfomance : J'ai cr\u00e9\u00e9 en Tunisie une bo\u00eete, et c'est vrai que c'est gr\u00e2ce \u00e0 Ben Ali\",\"isPartOf\":{\"@id\":\"https:\\\/\\\/www.webdo.tn\\\/fr\\\/#website\"},\"primaryImageOfPage\":{\"@id\":\"https:\\\/\\\/www.webdo.tn\\\/fr\\\/actualite\\\/economie\\\/jacques-berrebi-co-fondateur-teleperfomance-jai-cree-en-tunisie-boite-cest-vrai-cest-grace-ben-ali\\\/185784\\\/#primaryimage\"},\"image\":{\"@id\":\"https:\\\/\\\/www.webdo.tn\\\/fr\\\/actualite\\\/economie\\\/jacques-berrebi-co-fondateur-teleperfomance-jai-cree-en-tunisie-boite-cest-vrai-cest-grace-ben-ali\\\/185784\\\/#primaryimage\"},\"thumbnailUrl\":\"https:\\\/\\\/www.webdo.tn\\\/fr\\\/wp-content\\\/uploads\\\/2014\\\/10\\\/teleperformance1-300x194-1.jpeg\",\"datePublished\":\"2014-10-05T14:03:00+00:00\",\"dateModified\":\"2025-05-22T13:03:38+00:00\",\"description\":\"Jacques Berrebi, co-fondateur de Teleperfomance : J'ai cr\u00e9\u00e9 en Tunisie une bo\u00eete, et c'est vrai que c'est gr\u00e2ce \u00e0 Ben Ali\",\"breadcrumb\":{\"@id\":\"https:\\\/\\\/www.webdo.tn\\\/fr\\\/actualite\\\/economie\\\/jacques-berrebi-co-fondateur-teleperfomance-jai-cree-en-tunisie-boite-cest-vrai-cest-grace-ben-ali\\\/185784\\\/#breadcrumb\"},\"inLanguage\":\"fr-FR\",\"potentialAction\":[{\"@type\":\"ReadAction\",\"target\":[\"https:\\\/\\\/www.webdo.tn\\\/fr\\\/actualite\\\/economie\\\/jacques-berrebi-co-fondateur-teleperfomance-jai-cree-en-tunisie-boite-cest-vrai-cest-grace-ben-ali\\\/185784\\\/\"]}]},{\"@type\":\"ImageObject\",\"inLanguage\":\"fr-FR\",\"@id\":\"https:\\\/\\\/www.webdo.tn\\\/fr\\\/actualite\\\/economie\\\/jacques-berrebi-co-fondateur-teleperfomance-jai-cree-en-tunisie-boite-cest-vrai-cest-grace-ben-ali\\\/185784\\\/#primaryimage\",\"url\":\"https:\\\/\\\/www.webdo.tn\\\/fr\\\/wp-content\\\/uploads\\\/2014\\\/10\\\/teleperformance1-300x194-1.jpeg\",\"contentUrl\":\"https:\\\/\\\/www.webdo.tn\\\/fr\\\/wp-content\\\/uploads\\\/2014\\\/10\\\/teleperformance1-300x194-1.jpeg\",\"width\":300,\"height\":194,\"caption\":\"Jacques Berrebi, co-fondateur de Teleperfomance : \\\"J'ai cr\u00e9\u00e9 en Tunisie une bo\u00eete, et c'est vrai que c'est gr\u00e2ce \u00e0 Ben Ali\\\"\"},{\"@type\":\"BreadcrumbList\",\"@id\":\"https:\\\/\\\/www.webdo.tn\\\/fr\\\/actualite\\\/economie\\\/jacques-berrebi-co-fondateur-teleperfomance-jai-cree-en-tunisie-boite-cest-vrai-cest-grace-ben-ali\\\/185784\\\/#breadcrumb\",\"itemListElement\":[{\"@type\":\"ListItem\",\"position\":1,\"name\":\"Accueil\",\"item\":\"https:\\\/\\\/www.webdo.tn\\\/fr\\\/\"},{\"@type\":\"ListItem\",\"position\":2,\"name\":\"Jacques Berrebi, co-fondateur de Teleperfomance : \u00ab\u00a0J&rsquo;ai cr\u00e9\u00e9 en Tunisie une bo\u00eete, et c&rsquo;est vrai que c&rsquo;est gr\u00e2ce \u00e0 Ben Ali\u00a0\u00bb\"}]},{\"@type\":\"WebSite\",\"@id\":\"https:\\\/\\\/www.webdo.tn\\\/fr\\\/#website\",\"url\":\"https:\\\/\\\/www.webdo.tn\\\/fr\\\/\",\"name\":\"webdo\",\"description\":\"Tunisie - News en Tunisie et \u00e0 l&#039;international sur Webdo.tn\",\"publisher\":{\"@id\":\"https:\\\/\\\/www.webdo.tn\\\/fr\\\/#organization\"},\"potentialAction\":[{\"@type\":\"SearchAction\",\"target\":{\"@type\":\"EntryPoint\",\"urlTemplate\":\"https:\\\/\\\/www.webdo.tn\\\/fr\\\/?s={search_term_string}\"},\"query-input\":{\"@type\":\"PropertyValueSpecification\",\"valueRequired\":true,\"valueName\":\"search_term_string\"}}],\"inLanguage\":\"fr-FR\"},{\"@type\":\"Organization\",\"@id\":\"https:\\\/\\\/www.webdo.tn\\\/fr\\\/#organization\",\"name\":\"Webdo\",\"alternateName\":\"Webdo.tn\",\"url\":\"https:\\\/\\\/www.webdo.tn\\\/fr\\\/\",\"logo\":{\"@type\":\"ImageObject\",\"inLanguage\":\"fr-FR\",\"@id\":\"https:\\\/\\\/www.webdo.tn\\\/fr\\\/#\\\/schema\\\/logo\\\/image\\\/\",\"url\":\"https:\\\/\\\/www.webdo.tn\\\/fr\\\/wp-content\\\/uploads\\\/2025\\\/06\\\/Webdo-Tunisie_168377.jpg\",\"contentUrl\":\"https:\\\/\\\/www.webdo.tn\\\/fr\\\/wp-content\\\/uploads\\\/2025\\\/06\\\/Webdo-Tunisie_168377.jpg\",\"width\":301,\"height\":301,\"caption\":\"Webdo\"},\"image\":{\"@id\":\"https:\\\/\\\/www.webdo.tn\\\/fr\\\/#\\\/schema\\\/logo\\\/image\\\/\"},\"sameAs\":[\"https:\\\/\\\/www.facebook.com\\\/webdotn\",\"https:\\\/\\\/x.com\\\/webdo_tn\"],\"description\":\"Webdo est un m\u00e9dia num\u00e9rique tunisien fond\u00e9 en 2010, sp\u00e9cialis\u00e9 dans l\u2019actualit\u00e9 nationale et internationale, l\u2019\u00e9conomie, la soci\u00e9t\u00e9 et les analyses politiques. Le site s\u2019adresse \u00e0 un large public francophone et couvre l\u2019information tunisienne en temps r\u00e9el.\",\"email\":\"redac@webdo.tn\",\"legalName\":\"YNJ SARL\",\"foundingDate\":\"2010-09-06\",\"numberOfEmployees\":{\"@type\":\"QuantitativeValue\",\"minValue\":\"11\",\"maxValue\":\"50\"}},{\"@type\":\"Person\",\"@id\":\"https:\\\/\\\/www.webdo.tn\\\/fr\\\/#\\\/schema\\\/person\\\/9a9c6118d687c117df8ef3cc36a4d175\",\"name\":\"webdo.tn\",\"image\":{\"@type\":\"ImageObject\",\"inLanguage\":\"fr-FR\",\"@id\":\"https:\\\/\\\/secure.gravatar.com\\\/avatar\\\/7ce1f28c0c3bbac99ff550b85ef8e44a6950c6ee24514fb6a5489e51d06f0298?s=96&d=mm&r=g\",\"url\":\"https:\\\/\\\/secure.gravatar.com\\\/avatar\\\/7ce1f28c0c3bbac99ff550b85ef8e44a6950c6ee24514fb6a5489e51d06f0298?s=96&d=mm&r=g\",\"contentUrl\":\"https:\\\/\\\/secure.gravatar.com\\\/avatar\\\/7ce1f28c0c3bbac99ff550b85ef8e44a6950c6ee24514fb6a5489e51d06f0298?s=96&d=mm&r=g\",\"caption\":\"webdo.tn\"},\"url\":\"https:\\\/\\\/www.webdo.tn\\\/fr\\\/actualite\\\/author\\\/webdotn\\\/\"}]}<\/script>\n<!-- \/ Yoast SEO Premium plugin. -->","yoast_head_json":{"title":"Jacques Berrebi, co-fondateur de Teleperfomance : J'ai cr\u00e9\u00e9 en Tunisie une bo\u00eete, et c'est vrai que c'est gr\u00e2ce \u00e0 Ben Ali","description":"Jacques Berrebi, co-fondateur de Teleperfomance : J'ai cr\u00e9\u00e9 en Tunisie une bo\u00eete, et c'est vrai que c'est gr\u00e2ce \u00e0 Ben Ali","canonical":"https:\/\/www.webdo.tn\/fr\/actualite\/economie\/jacques-berrebi-co-fondateur-teleperfomance-jai-cree-en-tunisie-boite-cest-vrai-cest-grace-ben-ali\/185784\/","og_locale":"fr_FR","og_type":"article","og_title":"Jacques Berrebi, co-fondateur de Teleperfomance : \"J'ai cr\u00e9\u00e9 en Tunisie une bo\u00eete, et c'est vrai que c'est gr\u00e2ce \u00e0 Ben Ali\"","og_description":"Jacques Berrebi, co-fondateur de Teleperfomance : J'ai cr\u00e9\u00e9 en Tunisie une bo\u00eete, et c'est vrai que c'est gr\u00e2ce \u00e0 Ben Ali","og_url":"https:\/\/www.webdo.tn\/fr\/actualite\/economie\/jacques-berrebi-co-fondateur-teleperfomance-jai-cree-en-tunisie-boite-cest-vrai-cest-grace-ben-ali\/185784\/","og_site_name":"webdo","article_publisher":"https:\/\/www.facebook.com\/webdotn","article_published_time":"2014-10-05T14:03:00+00:00","article_modified_time":"2025-05-22T13:03:38+00:00","og_image":[{"width":300,"height":194,"url":"https:\/\/www.webdo.tn\/fr\/wp-content\/uploads\/2014\/10\/teleperformance1-300x194-1.jpeg","type":"image\/jpeg"}],"author":"webdo.tn","twitter_card":"summary_large_image","twitter_creator":"@webdo_tn","twitter_site":"@webdo_tn","twitter_misc":{"\u00c9crit par":"webdo.tn","Dur\u00e9e de lecture estim\u00e9e":"2 minutes"},"schema":{"@context":"https:\/\/schema.org","@graph":[{"@type":"NewsArticle","@id":"https:\/\/www.webdo.tn\/fr\/actualite\/economie\/jacques-berrebi-co-fondateur-teleperfomance-jai-cree-en-tunisie-boite-cest-vrai-cest-grace-ben-ali\/185784\/#article","isPartOf":{"@id":"https:\/\/www.webdo.tn\/fr\/actualite\/economie\/jacques-berrebi-co-fondateur-teleperfomance-jai-cree-en-tunisie-boite-cest-vrai-cest-grace-ben-ali\/185784\/"},"author":{"name":"webdo.tn","@id":"https:\/\/www.webdo.tn\/fr\/#\/schema\/person\/9a9c6118d687c117df8ef3cc36a4d175"},"headline":"Jacques Berrebi, co-fondateur de Teleperfomance : \u00ab\u00a0J&rsquo;ai cr\u00e9\u00e9 en Tunisie une bo\u00eete, et c&rsquo;est vrai que c&rsquo;est gr\u00e2ce \u00e0 Ben Ali\u00a0\u00bb","datePublished":"2014-10-05T14:03:00+00:00","dateModified":"2025-05-22T13:03:38+00:00","mainEntityOfPage":{"@id":"https:\/\/www.webdo.tn\/fr\/actualite\/economie\/jacques-berrebi-co-fondateur-teleperfomance-jai-cree-en-tunisie-boite-cest-vrai-cest-grace-ben-ali\/185784\/"},"wordCount":374,"commentCount":0,"publisher":{"@id":"https:\/\/www.webdo.tn\/fr\/#organization"},"image":{"@id":"https:\/\/www.webdo.tn\/fr\/actualite\/economie\/jacques-berrebi-co-fondateur-teleperfomance-jai-cree-en-tunisie-boite-cest-vrai-cest-grace-ben-ali\/185784\/#primaryimage"},"thumbnailUrl":"https:\/\/www.webdo.tn\/fr\/wp-content\/uploads\/2014\/10\/teleperformance1-300x194-1.jpeg","articleSection":["Economie"],"inLanguage":"fr-FR"},{"@type":"WebPage","@id":"https:\/\/www.webdo.tn\/fr\/actualite\/economie\/jacques-berrebi-co-fondateur-teleperfomance-jai-cree-en-tunisie-boite-cest-vrai-cest-grace-ben-ali\/185784\/","url":"https:\/\/www.webdo.tn\/fr\/actualite\/economie\/jacques-berrebi-co-fondateur-teleperfomance-jai-cree-en-tunisie-boite-cest-vrai-cest-grace-ben-ali\/185784\/","name":"Jacques Berrebi, co-fondateur de Teleperfomance : J'ai cr\u00e9\u00e9 en Tunisie une bo\u00eete, et c'est vrai que c'est gr\u00e2ce \u00e0 Ben Ali","isPartOf":{"@id":"https:\/\/www.webdo.tn\/fr\/#website"},"primaryImageOfPage":{"@id":"https:\/\/www.webdo.tn\/fr\/actualite\/economie\/jacques-berrebi-co-fondateur-teleperfomance-jai-cree-en-tunisie-boite-cest-vrai-cest-grace-ben-ali\/185784\/#primaryimage"},"image":{"@id":"https:\/\/www.webdo.tn\/fr\/actualite\/economie\/jacques-berrebi-co-fondateur-teleperfomance-jai-cree-en-tunisie-boite-cest-vrai-cest-grace-ben-ali\/185784\/#primaryimage"},"thumbnailUrl":"https:\/\/www.webdo.tn\/fr\/wp-content\/uploads\/2014\/10\/teleperformance1-300x194-1.jpeg","datePublished":"2014-10-05T14:03:00+00:00","dateModified":"2025-05-22T13:03:38+00:00","description":"Jacques Berrebi, co-fondateur de Teleperfomance : J'ai cr\u00e9\u00e9 en Tunisie une bo\u00eete, et c'est vrai que c'est gr\u00e2ce \u00e0 Ben Ali","breadcrumb":{"@id":"https:\/\/www.webdo.tn\/fr\/actualite\/economie\/jacques-berrebi-co-fondateur-teleperfomance-jai-cree-en-tunisie-boite-cest-vrai-cest-grace-ben-ali\/185784\/#breadcrumb"},"inLanguage":"fr-FR","potentialAction":[{"@type":"ReadAction","target":["https:\/\/www.webdo.tn\/fr\/actualite\/economie\/jacques-berrebi-co-fondateur-teleperfomance-jai-cree-en-tunisie-boite-cest-vrai-cest-grace-ben-ali\/185784\/"]}]},{"@type":"ImageObject","inLanguage":"fr-FR","@id":"https:\/\/www.webdo.tn\/fr\/actualite\/economie\/jacques-berrebi-co-fondateur-teleperfomance-jai-cree-en-tunisie-boite-cest-vrai-cest-grace-ben-ali\/185784\/#primaryimage","url":"https:\/\/www.webdo.tn\/fr\/wp-content\/uploads\/2014\/10\/teleperformance1-300x194-1.jpeg","contentUrl":"https:\/\/www.webdo.tn\/fr\/wp-content\/uploads\/2014\/10\/teleperformance1-300x194-1.jpeg","width":300,"height":194,"caption":"Jacques Berrebi, co-fondateur de Teleperfomance : \"J'ai cr\u00e9\u00e9 en Tunisie une bo\u00eete, et c'est vrai que c'est gr\u00e2ce \u00e0 Ben Ali\""},{"@type":"BreadcrumbList","@id":"https:\/\/www.webdo.tn\/fr\/actualite\/economie\/jacques-berrebi-co-fondateur-teleperfomance-jai-cree-en-tunisie-boite-cest-vrai-cest-grace-ben-ali\/185784\/#breadcrumb","itemListElement":[{"@type":"ListItem","position":1,"name":"Accueil","item":"https:\/\/www.webdo.tn\/fr\/"},{"@type":"ListItem","position":2,"name":"Jacques Berrebi, co-fondateur de Teleperfomance : \u00ab\u00a0J&rsquo;ai cr\u00e9\u00e9 en Tunisie une bo\u00eete, et c&rsquo;est vrai que c&rsquo;est gr\u00e2ce \u00e0 Ben Ali\u00a0\u00bb"}]},{"@type":"WebSite","@id":"https:\/\/www.webdo.tn\/fr\/#website","url":"https:\/\/www.webdo.tn\/fr\/","name":"webdo","description":"Tunisie - News en Tunisie et \u00e0 l&#039;international sur Webdo.tn","publisher":{"@id":"https:\/\/www.webdo.tn\/fr\/#organization"},"potentialAction":[{"@type":"SearchAction","target":{"@type":"EntryPoint","urlTemplate":"https:\/\/www.webdo.tn\/fr\/?s={search_term_string}"},"query-input":{"@type":"PropertyValueSpecification","valueRequired":true,"valueName":"search_term_string"}}],"inLanguage":"fr-FR"},{"@type":"Organization","@id":"https:\/\/www.webdo.tn\/fr\/#organization","name":"Webdo","alternateName":"Webdo.tn","url":"https:\/\/www.webdo.tn\/fr\/","logo":{"@type":"ImageObject","inLanguage":"fr-FR","@id":"https:\/\/www.webdo.tn\/fr\/#\/schema\/logo\/image\/","url":"https:\/\/www.webdo.tn\/fr\/wp-content\/uploads\/2025\/06\/Webdo-Tunisie_168377.jpg","contentUrl":"https:\/\/www.webdo.tn\/fr\/wp-content\/uploads\/2025\/06\/Webdo-Tunisie_168377.jpg","width":301,"height":301,"caption":"Webdo"},"image":{"@id":"https:\/\/www.webdo.tn\/fr\/#\/schema\/logo\/image\/"},"sameAs":["https:\/\/www.facebook.com\/webdotn","https:\/\/x.com\/webdo_tn"],"description":"Webdo est un m\u00e9dia num\u00e9rique tunisien fond\u00e9 en 2010, sp\u00e9cialis\u00e9 dans l\u2019actualit\u00e9 nationale et internationale, l\u2019\u00e9conomie, la soci\u00e9t\u00e9 et les analyses politiques. Le site s\u2019adresse \u00e0 un large public francophone et couvre l\u2019information tunisienne en temps r\u00e9el.","email":"redac@webdo.tn","legalName":"YNJ SARL","foundingDate":"2010-09-06","numberOfEmployees":{"@type":"QuantitativeValue","minValue":"11","maxValue":"50"}},{"@type":"Person","@id":"https:\/\/www.webdo.tn\/fr\/#\/schema\/person\/9a9c6118d687c117df8ef3cc36a4d175","name":"webdo.tn","image":{"@type":"ImageObject","inLanguage":"fr-FR","@id":"https:\/\/secure.gravatar.com\/avatar\/7ce1f28c0c3bbac99ff550b85ef8e44a6950c6ee24514fb6a5489e51d06f0298?s=96&d=mm&r=g","url":"https:\/\/secure.gravatar.com\/avatar\/7ce1f28c0c3bbac99ff550b85ef8e44a6950c6ee24514fb6a5489e51d06f0298?s=96&d=mm&r=g","contentUrl":"https:\/\/secure.gravatar.com\/avatar\/7ce1f28c0c3bbac99ff550b85ef8e44a6950c6ee24514fb6a5489e51d06f0298?s=96&d=mm&r=g","caption":"webdo.tn"},"url":"https:\/\/www.webdo.tn\/fr\/actualite\/author\/webdotn\/"}]}},"_links":{"self":[{"href":"https:\/\/www.webdo.tn\/fr\/wp-json\/wp\/v2\/posts\/185784","targetHints":{"allow":["GET"]}}],"collection":[{"href":"https:\/\/www.webdo.tn\/fr\/wp-json\/wp\/v2\/posts"}],"about":[{"href":"https:\/\/www.webdo.tn\/fr\/wp-json\/wp\/v2\/types\/post"}],"author":[{"embeddable":true,"href":"https:\/\/www.webdo.tn\/fr\/wp-json\/wp\/v2\/users\/3222"}],"replies":[{"embeddable":true,"href":"https:\/\/www.webdo.tn\/fr\/wp-json\/wp\/v2\/comments?post=185784"}],"version-history":[{"count":0,"href":"https:\/\/www.webdo.tn\/fr\/wp-json\/wp\/v2\/posts\/185784\/revisions"}],"wp:featuredmedia":[{"embeddable":true,"href":"https:\/\/www.webdo.tn\/fr\/wp-json\/wp\/v2\/media\/320181"}],"wp:attachment":[{"href":"https:\/\/www.webdo.tn\/fr\/wp-json\/wp\/v2\/media?parent=185784"}],"wp:term":[{"taxonomy":"category","embeddable":true,"href":"https:\/\/www.webdo.tn\/fr\/wp-json\/wp\/v2\/categories?post=185784"},{"taxonomy":"post_tag","embeddable":true,"href":"https:\/\/www.webdo.tn\/fr\/wp-json\/wp\/v2\/tags?post=185784"}],"curies":[{"name":"wp","href":"https:\/\/api.w.org\/{rel}","templated":true}]}}