{"id":185781,"date":"2014-10-22T14:17:00","date_gmt":"2014-10-22T14:17:00","guid":{"rendered":"https:\/\/www.webdo.tn\/fr\/blog\/prets-union-europenne-tunisie-2014-200-millions-deuros\/184872\/"},"modified":"2025-05-22T13:22:39","modified_gmt":"2025-05-22T13:22:39","slug":"prets-union-europenne-tunisie-2014-200-millions-deuros","status":"publish","type":"post","link":"https:\/\/www.webdo.tn\/fr\/actualite\/economie\/prets-union-europenne-tunisie-2014-200-millions-deuros\/185781\/","title":{"rendered":"Le montant des pr\u00eats accord\u00e9s par l&rsquo;Union europ\u00e9enne \u00e0 la Tunisie en 2014 s&rsquo;\u00e9l\u00e8ve \u00e0 200 millions d&rsquo;euros"},"content":{"rendered":"<p>Le montant des pr\u00eats accord\u00e9s \u00e0 la Tunisie par l&rsquo;Union europ\u00e9enne (UE) en 2014 s&rsquo;\u00e9l\u00e8ve \u00e0 200 millions d&rsquo;euros, a annonc\u00e9 un communiqu\u00e9 de la d\u00e9l\u00e9gation de l&rsquo;UE en Tunisie hier, mardi 21 octobre, apr\u00e8s la signature d&rsquo;un m\u00e9morandum d&rsquo;entente entre Laura Baeza, ambassadeur de l&rsquo;UE en Tunisie, et Noureddine Zekri, le secr\u00e9taire d&rsquo;\u00c9tat au D\u00e9veloppement et \u00e0 la Coop\u00e9ration internationale.<\/p>\n<p>Cette somme doit servir \u00e0 \u00ab\u00a0accompagner la Tunisie dans ses r\u00e9formes\u00a0\u00bb, indique le communiqu\u00e9 de l&rsquo;UE. Son octroi a \u00e9t\u00e9 approuv\u00e9 par la Commission europ\u00e9enne le 13 octobre dernier, a indiqu\u00e9 Laura Baeza.<\/p>\n<p>\u00ab\u00a0C&rsquo;est une bonne nouvelle, qui nous permet de montrer que l&rsquo;UE passe de la parole aux actes\u00a0\u00bb, s&rsquo;est f\u00e9licit\u00e9e l&rsquo;ambassadeur de l&rsquo;UE en Tunisie dans un discours tenu \u00e0 cette occasion.<\/p>\n<p>Relance de l&rsquo;\u00e9conomie et r\u00e9formes institutionnelles<\/p>\n<p>Ce pr\u00eat de 200 millions d&rsquo;euros comprend des programmes d&rsquo;aide qui se concentrent sur \u00ab\u00a0la relance de l&rsquo;\u00e9conomie, la 2e phase de la r\u00e9forme de la justice, la modernisation des m\u00e9dias, l&rsquo;\u00e9galit\u00e9 hommes-femmes, la gestion int\u00e9gr\u00e9e des fronti\u00e8res et la r\u00e9habilitation des quartiers populaires en Tunisie\u00a0\u00bb, pour un montant de 169 millions d&rsquo;euros.<\/p>\n<p>Le reste consiste en une enveloppe sp\u00e9ciale pour les r\u00e9formes institutionnelles (\u00ab\u00a0favoriser l&rsquo;approximation r\u00e8glementaire entre l&rsquo;UE et la Tunisie\u00a0\u00bb, c&rsquo;est-\u00e0-dire harmoniser les r\u00e9glementations) et une somme au titre de la facilit\u00e9 d&rsquo;investissement de voisinage (FIV).<\/p>\n<p>Par ailleurs, le m\u00e9morandum d&rsquo;entente sign\u00e9 hier oriente le soutien de l&rsquo;UE \u00e0 la Tunisie pour 2014-2015 dans \u00ab\u00a0trois grandes directions\u00a0\u00bb, a pr\u00e9cis\u00e9 Laura Baeza : \u00ab\u00a0soutien aux r\u00e9formes \u00e9conomiques et \u00e0 la lutte contre le ch\u00f4mage, poursuite de la transition d\u00e9mocratique, aide \u00e0 la politique de d\u00e9veloppement r\u00e9gional\u00a0\u00bb.<\/p>\n","protected":false},"excerpt":{"rendered":"<p>Le montant des pr\u00eats accord\u00e9s par l&rsquo;Union europ\u00e9enne \u00e0 la Tunisie en 2014 s&rsquo;\u00e9l\u00e8ve \u00e0 200 millions d&rsquo;euros<\/p>\n","protected":false},"author":3222,"featured_media":335155,"comment_status":"open","ping_status":"closed","sticky":false,"template":"","format":"standard","meta":{"footnotes":""},"categories":[11334],"tags":[],"class_list":["post-185781","post","type-post","status-publish","format-standard","has-post-thumbnail","hentry","category-economie"],"yoast_head":"<!-- This site is optimized with the Yoast SEO Premium plugin v27.5 (Yoast SEO v27.5) - https:\/\/yoast.com\/product\/yoast-seo-premium-wordpress\/ -->\n<title>Le montant des pr\u00eats accord\u00e9s par l&#039;Union europ\u00e9enne \u00e0 la Tunisie en 2014 s&#039;\u00e9l\u00e8ve \u00e0 200 millions d&#039;euros<\/title>\n<meta name=\"description\" content=\"Le montant des pr\u00eats accord\u00e9s par l&#039;Union europ\u00e9enne \u00e0 la Tunisie en 2014 s&#039;\u00e9l\u00e8ve \u00e0 200 millions d&#039;euros\" \/>\n<link rel=\"canonical\" href=\"https:\/\/www.webdo.tn\/fr\/actualite\/economie\/prets-union-europenne-tunisie-2014-200-millions-deuros\/185781\/\" \/>\n<meta property=\"og:locale\" content=\"fr_FR\" \/>\n<meta property=\"og:type\" content=\"article\" \/>\n<meta property=\"og:title\" content=\"Le montant des pr\u00eats accord\u00e9s par l&#039;Union europ\u00e9enne \u00e0 la Tunisie en 2014 s&#039;\u00e9l\u00e8ve \u00e0 200 millions d&#039;euros\" \/>\n<meta property=\"og:description\" content=\"Le montant des pr\u00eats accord\u00e9s par l&#039;Union europ\u00e9enne \u00e0 la Tunisie en 2014 s&#039;\u00e9l\u00e8ve \u00e0 200 millions d&#039;euros\" \/>\n<meta property=\"og:url\" content=\"https:\/\/www.webdo.tn\/fr\/actualite\/economie\/prets-union-europenne-tunisie-2014-200-millions-deuros\/185781\/\" \/>\n<meta property=\"og:site_name\" content=\"webdo\" \/>\n<meta property=\"article:publisher\" content=\"https:\/\/www.facebook.com\/webdotn\" \/>\n<meta property=\"article:published_time\" content=\"2014-10-22T14:17:00+00:00\" \/>\n<meta property=\"article:modified_time\" content=\"2025-05-22T13:22:39+00:00\" \/>\n<meta property=\"og:image\" content=\"https:\/\/www.webdo.tn\/fr\/wp-content\/uploads\/2014\/10\/laura-baeza-noureddine-zekri-300x217-1.jpg\" \/>\n\t<meta property=\"og:image:width\" content=\"300\" \/>\n\t<meta property=\"og:image:height\" content=\"217\" \/>\n\t<meta property=\"og:image:type\" content=\"image\/jpeg\" \/>\n<meta name=\"author\" content=\"webdo.tn\" \/>\n<meta name=\"twitter:card\" content=\"summary_large_image\" \/>\n<meta name=\"twitter:creator\" content=\"@webdo_tn\" \/>\n<meta name=\"twitter:site\" content=\"@webdo_tn\" \/>\n<meta name=\"twitter:label1\" content=\"\u00c9crit par\" \/>\n\t<meta name=\"twitter:data1\" content=\"webdo.tn\" \/>\n\t<meta name=\"twitter:label2\" content=\"Dur\u00e9e de lecture estim\u00e9e\" \/>\n\t<meta name=\"twitter:data2\" content=\"1 minute\" \/>\n<script type=\"application\/ld+json\" class=\"yoast-schema-graph\">{\"@context\":\"https:\\\/\\\/schema.org\",\"@graph\":[{\"@type\":\"NewsArticle\",\"@id\":\"https:\\\/\\\/www.webdo.tn\\\/fr\\\/actualite\\\/economie\\\/prets-union-europenne-tunisie-2014-200-millions-deuros\\\/185781\\\/#article\",\"isPartOf\":{\"@id\":\"https:\\\/\\\/www.webdo.tn\\\/fr\\\/actualite\\\/economie\\\/prets-union-europenne-tunisie-2014-200-millions-deuros\\\/185781\\\/\"},\"author\":{\"name\":\"webdo.tn\",\"@id\":\"https:\\\/\\\/www.webdo.tn\\\/fr\\\/#\\\/schema\\\/person\\\/9a9c6118d687c117df8ef3cc36a4d175\"},\"headline\":\"Le montant des pr\u00eats accord\u00e9s par l&rsquo;Union europ\u00e9enne \u00e0 la Tunisie en 2014 s&rsquo;\u00e9l\u00e8ve \u00e0 200 millions d&rsquo;euros\",\"datePublished\":\"2014-10-22T14:17:00+00:00\",\"dateModified\":\"2025-05-22T13:22:39+00:00\",\"mainEntityOfPage\":{\"@id\":\"https:\\\/\\\/www.webdo.tn\\\/fr\\\/actualite\\\/economie\\\/prets-union-europenne-tunisie-2014-200-millions-deuros\\\/185781\\\/\"},\"wordCount\":335,\"commentCount\":0,\"publisher\":{\"@id\":\"https:\\\/\\\/www.webdo.tn\\\/fr\\\/#organization\"},\"image\":{\"@id\":\"https:\\\/\\\/www.webdo.tn\\\/fr\\\/actualite\\\/economie\\\/prets-union-europenne-tunisie-2014-200-millions-deuros\\\/185781\\\/#primaryimage\"},\"thumbnailUrl\":\"https:\\\/\\\/www.webdo.tn\\\/fr\\\/wp-content\\\/uploads\\\/2014\\\/10\\\/laura-baeza-noureddine-zekri-300x217-1.jpg\",\"articleSection\":[\"Economie\"],\"inLanguage\":\"fr-FR\"},{\"@type\":\"WebPage\",\"@id\":\"https:\\\/\\\/www.webdo.tn\\\/fr\\\/actualite\\\/economie\\\/prets-union-europenne-tunisie-2014-200-millions-deuros\\\/185781\\\/\",\"url\":\"https:\\\/\\\/www.webdo.tn\\\/fr\\\/actualite\\\/economie\\\/prets-union-europenne-tunisie-2014-200-millions-deuros\\\/185781\\\/\",\"name\":\"Le montant des pr\u00eats accord\u00e9s par l'Union europ\u00e9enne \u00e0 la Tunisie en 2014 s'\u00e9l\u00e8ve \u00e0 200 millions d'euros\",\"isPartOf\":{\"@id\":\"https:\\\/\\\/www.webdo.tn\\\/fr\\\/#website\"},\"primaryImageOfPage\":{\"@id\":\"https:\\\/\\\/www.webdo.tn\\\/fr\\\/actualite\\\/economie\\\/prets-union-europenne-tunisie-2014-200-millions-deuros\\\/185781\\\/#primaryimage\"},\"image\":{\"@id\":\"https:\\\/\\\/www.webdo.tn\\\/fr\\\/actualite\\\/economie\\\/prets-union-europenne-tunisie-2014-200-millions-deuros\\\/185781\\\/#primaryimage\"},\"thumbnailUrl\":\"https:\\\/\\\/www.webdo.tn\\\/fr\\\/wp-content\\\/uploads\\\/2014\\\/10\\\/laura-baeza-noureddine-zekri-300x217-1.jpg\",\"datePublished\":\"2014-10-22T14:17:00+00:00\",\"dateModified\":\"2025-05-22T13:22:39+00:00\",\"description\":\"Le montant des pr\u00eats accord\u00e9s par l'Union europ\u00e9enne \u00e0 la Tunisie en 2014 s'\u00e9l\u00e8ve \u00e0 200 millions d'euros\",\"breadcrumb\":{\"@id\":\"https:\\\/\\\/www.webdo.tn\\\/fr\\\/actualite\\\/economie\\\/prets-union-europenne-tunisie-2014-200-millions-deuros\\\/185781\\\/#breadcrumb\"},\"inLanguage\":\"fr-FR\",\"potentialAction\":[{\"@type\":\"ReadAction\",\"target\":[\"https:\\\/\\\/www.webdo.tn\\\/fr\\\/actualite\\\/economie\\\/prets-union-europenne-tunisie-2014-200-millions-deuros\\\/185781\\\/\"]}]},{\"@type\":\"ImageObject\",\"inLanguage\":\"fr-FR\",\"@id\":\"https:\\\/\\\/www.webdo.tn\\\/fr\\\/actualite\\\/economie\\\/prets-union-europenne-tunisie-2014-200-millions-deuros\\\/185781\\\/#primaryimage\",\"url\":\"https:\\\/\\\/www.webdo.tn\\\/fr\\\/wp-content\\\/uploads\\\/2014\\\/10\\\/laura-baeza-noureddine-zekri-300x217-1.jpg\",\"contentUrl\":\"https:\\\/\\\/www.webdo.tn\\\/fr\\\/wp-content\\\/uploads\\\/2014\\\/10\\\/laura-baeza-noureddine-zekri-300x217-1.jpg\",\"width\":300,\"height\":217,\"caption\":\"Le montant des pr\u00eats accord\u00e9s par l'Union europ\u00e9enne \u00e0 la Tunisie en 2014 s'\u00e9l\u00e8ve \u00e0 200 millions d'euros\"},{\"@type\":\"BreadcrumbList\",\"@id\":\"https:\\\/\\\/www.webdo.tn\\\/fr\\\/actualite\\\/economie\\\/prets-union-europenne-tunisie-2014-200-millions-deuros\\\/185781\\\/#breadcrumb\",\"itemListElement\":[{\"@type\":\"ListItem\",\"position\":1,\"name\":\"Accueil\",\"item\":\"https:\\\/\\\/www.webdo.tn\\\/fr\\\/\"},{\"@type\":\"ListItem\",\"position\":2,\"name\":\"Le montant des pr\u00eats accord\u00e9s par l&rsquo;Union europ\u00e9enne \u00e0 la Tunisie en 2014 s&rsquo;\u00e9l\u00e8ve \u00e0 200 millions d&rsquo;euros\"}]},{\"@type\":\"WebSite\",\"@id\":\"https:\\\/\\\/www.webdo.tn\\\/fr\\\/#website\",\"url\":\"https:\\\/\\\/www.webdo.tn\\\/fr\\\/\",\"name\":\"webdo\",\"description\":\"Tunisie - News en Tunisie et \u00e0 l&#039;international sur Webdo.tn\",\"publisher\":{\"@id\":\"https:\\\/\\\/www.webdo.tn\\\/fr\\\/#organization\"},\"potentialAction\":[{\"@type\":\"SearchAction\",\"target\":{\"@type\":\"EntryPoint\",\"urlTemplate\":\"https:\\\/\\\/www.webdo.tn\\\/fr\\\/?s={search_term_string}\"},\"query-input\":{\"@type\":\"PropertyValueSpecification\",\"valueRequired\":true,\"valueName\":\"search_term_string\"}}],\"inLanguage\":\"fr-FR\"},{\"@type\":\"Organization\",\"@id\":\"https:\\\/\\\/www.webdo.tn\\\/fr\\\/#organization\",\"name\":\"Webdo\",\"alternateName\":\"Webdo.tn\",\"url\":\"https:\\\/\\\/www.webdo.tn\\\/fr\\\/\",\"logo\":{\"@type\":\"ImageObject\",\"inLanguage\":\"fr-FR\",\"@id\":\"https:\\\/\\\/www.webdo.tn\\\/fr\\\/#\\\/schema\\\/logo\\\/image\\\/\",\"url\":\"https:\\\/\\\/www.webdo.tn\\\/fr\\\/wp-content\\\/uploads\\\/2025\\\/06\\\/Webdo-Tunisie_168377.jpg\",\"contentUrl\":\"https:\\\/\\\/www.webdo.tn\\\/fr\\\/wp-content\\\/uploads\\\/2025\\\/06\\\/Webdo-Tunisie_168377.jpg\",\"width\":301,\"height\":301,\"caption\":\"Webdo\"},\"image\":{\"@id\":\"https:\\\/\\\/www.webdo.tn\\\/fr\\\/#\\\/schema\\\/logo\\\/image\\\/\"},\"sameAs\":[\"https:\\\/\\\/www.facebook.com\\\/webdotn\",\"https:\\\/\\\/x.com\\\/webdo_tn\"],\"description\":\"Webdo est un m\u00e9dia num\u00e9rique tunisien fond\u00e9 en 2010, sp\u00e9cialis\u00e9 dans l\u2019actualit\u00e9 nationale et internationale, l\u2019\u00e9conomie, la soci\u00e9t\u00e9 et les analyses politiques. Le site s\u2019adresse \u00e0 un large public francophone et couvre l\u2019information tunisienne en temps r\u00e9el.\",\"email\":\"redac@webdo.tn\",\"legalName\":\"YNJ SARL\",\"foundingDate\":\"2010-09-06\",\"numberOfEmployees\":{\"@type\":\"QuantitativeValue\",\"minValue\":\"11\",\"maxValue\":\"50\"}},{\"@type\":\"Person\",\"@id\":\"https:\\\/\\\/www.webdo.tn\\\/fr\\\/#\\\/schema\\\/person\\\/9a9c6118d687c117df8ef3cc36a4d175\",\"name\":\"webdo.tn\",\"image\":{\"@type\":\"ImageObject\",\"inLanguage\":\"fr-FR\",\"@id\":\"https:\\\/\\\/secure.gravatar.com\\\/avatar\\\/7ce1f28c0c3bbac99ff550b85ef8e44a6950c6ee24514fb6a5489e51d06f0298?s=96&d=mm&r=g\",\"url\":\"https:\\\/\\\/secure.gravatar.com\\\/avatar\\\/7ce1f28c0c3bbac99ff550b85ef8e44a6950c6ee24514fb6a5489e51d06f0298?s=96&d=mm&r=g\",\"contentUrl\":\"https:\\\/\\\/secure.gravatar.com\\\/avatar\\\/7ce1f28c0c3bbac99ff550b85ef8e44a6950c6ee24514fb6a5489e51d06f0298?s=96&d=mm&r=g\",\"caption\":\"webdo.tn\"},\"url\":\"https:\\\/\\\/www.webdo.tn\\\/fr\\\/actualite\\\/author\\\/webdotn\\\/\"}]}<\/script>\n<!-- \/ Yoast SEO Premium plugin. -->","yoast_head_json":{"title":"Le montant des pr\u00eats accord\u00e9s par l'Union europ\u00e9enne \u00e0 la Tunisie en 2014 s'\u00e9l\u00e8ve \u00e0 200 millions d'euros","description":"Le montant des pr\u00eats accord\u00e9s par l'Union europ\u00e9enne \u00e0 la Tunisie en 2014 s'\u00e9l\u00e8ve \u00e0 200 millions d'euros","canonical":"https:\/\/www.webdo.tn\/fr\/actualite\/economie\/prets-union-europenne-tunisie-2014-200-millions-deuros\/185781\/","og_locale":"fr_FR","og_type":"article","og_title":"Le montant des pr\u00eats accord\u00e9s par l'Union europ\u00e9enne \u00e0 la Tunisie en 2014 s'\u00e9l\u00e8ve \u00e0 200 millions d'euros","og_description":"Le montant des pr\u00eats accord\u00e9s par l'Union europ\u00e9enne \u00e0 la Tunisie en 2014 s'\u00e9l\u00e8ve \u00e0 200 millions d'euros","og_url":"https:\/\/www.webdo.tn\/fr\/actualite\/economie\/prets-union-europenne-tunisie-2014-200-millions-deuros\/185781\/","og_site_name":"webdo","article_publisher":"https:\/\/www.facebook.com\/webdotn","article_published_time":"2014-10-22T14:17:00+00:00","article_modified_time":"2025-05-22T13:22:39+00:00","og_image":[{"width":300,"height":217,"url":"https:\/\/www.webdo.tn\/fr\/wp-content\/uploads\/2014\/10\/laura-baeza-noureddine-zekri-300x217-1.jpg","type":"image\/jpeg"}],"author":"webdo.tn","twitter_card":"summary_large_image","twitter_creator":"@webdo_tn","twitter_site":"@webdo_tn","twitter_misc":{"\u00c9crit par":"webdo.tn","Dur\u00e9e de lecture estim\u00e9e":"1 minute"},"schema":{"@context":"https:\/\/schema.org","@graph":[{"@type":"NewsArticle","@id":"https:\/\/www.webdo.tn\/fr\/actualite\/economie\/prets-union-europenne-tunisie-2014-200-millions-deuros\/185781\/#article","isPartOf":{"@id":"https:\/\/www.webdo.tn\/fr\/actualite\/economie\/prets-union-europenne-tunisie-2014-200-millions-deuros\/185781\/"},"author":{"name":"webdo.tn","@id":"https:\/\/www.webdo.tn\/fr\/#\/schema\/person\/9a9c6118d687c117df8ef3cc36a4d175"},"headline":"Le montant des pr\u00eats accord\u00e9s par l&rsquo;Union europ\u00e9enne \u00e0 la Tunisie en 2014 s&rsquo;\u00e9l\u00e8ve \u00e0 200 millions d&rsquo;euros","datePublished":"2014-10-22T14:17:00+00:00","dateModified":"2025-05-22T13:22:39+00:00","mainEntityOfPage":{"@id":"https:\/\/www.webdo.tn\/fr\/actualite\/economie\/prets-union-europenne-tunisie-2014-200-millions-deuros\/185781\/"},"wordCount":335,"commentCount":0,"publisher":{"@id":"https:\/\/www.webdo.tn\/fr\/#organization"},"image":{"@id":"https:\/\/www.webdo.tn\/fr\/actualite\/economie\/prets-union-europenne-tunisie-2014-200-millions-deuros\/185781\/#primaryimage"},"thumbnailUrl":"https:\/\/www.webdo.tn\/fr\/wp-content\/uploads\/2014\/10\/laura-baeza-noureddine-zekri-300x217-1.jpg","articleSection":["Economie"],"inLanguage":"fr-FR"},{"@type":"WebPage","@id":"https:\/\/www.webdo.tn\/fr\/actualite\/economie\/prets-union-europenne-tunisie-2014-200-millions-deuros\/185781\/","url":"https:\/\/www.webdo.tn\/fr\/actualite\/economie\/prets-union-europenne-tunisie-2014-200-millions-deuros\/185781\/","name":"Le montant des pr\u00eats accord\u00e9s par l'Union europ\u00e9enne \u00e0 la Tunisie en 2014 s'\u00e9l\u00e8ve \u00e0 200 millions d'euros","isPartOf":{"@id":"https:\/\/www.webdo.tn\/fr\/#website"},"primaryImageOfPage":{"@id":"https:\/\/www.webdo.tn\/fr\/actualite\/economie\/prets-union-europenne-tunisie-2014-200-millions-deuros\/185781\/#primaryimage"},"image":{"@id":"https:\/\/www.webdo.tn\/fr\/actualite\/economie\/prets-union-europenne-tunisie-2014-200-millions-deuros\/185781\/#primaryimage"},"thumbnailUrl":"https:\/\/www.webdo.tn\/fr\/wp-content\/uploads\/2014\/10\/laura-baeza-noureddine-zekri-300x217-1.jpg","datePublished":"2014-10-22T14:17:00+00:00","dateModified":"2025-05-22T13:22:39+00:00","description":"Le montant des pr\u00eats accord\u00e9s par l'Union europ\u00e9enne \u00e0 la Tunisie en 2014 s'\u00e9l\u00e8ve \u00e0 200 millions d'euros","breadcrumb":{"@id":"https:\/\/www.webdo.tn\/fr\/actualite\/economie\/prets-union-europenne-tunisie-2014-200-millions-deuros\/185781\/#breadcrumb"},"inLanguage":"fr-FR","potentialAction":[{"@type":"ReadAction","target":["https:\/\/www.webdo.tn\/fr\/actualite\/economie\/prets-union-europenne-tunisie-2014-200-millions-deuros\/185781\/"]}]},{"@type":"ImageObject","inLanguage":"fr-FR","@id":"https:\/\/www.webdo.tn\/fr\/actualite\/economie\/prets-union-europenne-tunisie-2014-200-millions-deuros\/185781\/#primaryimage","url":"https:\/\/www.webdo.tn\/fr\/wp-content\/uploads\/2014\/10\/laura-baeza-noureddine-zekri-300x217-1.jpg","contentUrl":"https:\/\/www.webdo.tn\/fr\/wp-content\/uploads\/2014\/10\/laura-baeza-noureddine-zekri-300x217-1.jpg","width":300,"height":217,"caption":"Le montant des pr\u00eats accord\u00e9s par l'Union europ\u00e9enne \u00e0 la Tunisie en 2014 s'\u00e9l\u00e8ve \u00e0 200 millions d'euros"},{"@type":"BreadcrumbList","@id":"https:\/\/www.webdo.tn\/fr\/actualite\/economie\/prets-union-europenne-tunisie-2014-200-millions-deuros\/185781\/#breadcrumb","itemListElement":[{"@type":"ListItem","position":1,"name":"Accueil","item":"https:\/\/www.webdo.tn\/fr\/"},{"@type":"ListItem","position":2,"name":"Le montant des pr\u00eats accord\u00e9s par l&rsquo;Union europ\u00e9enne \u00e0 la Tunisie en 2014 s&rsquo;\u00e9l\u00e8ve \u00e0 200 millions d&rsquo;euros"}]},{"@type":"WebSite","@id":"https:\/\/www.webdo.tn\/fr\/#website","url":"https:\/\/www.webdo.tn\/fr\/","name":"webdo","description":"Tunisie - News en Tunisie et \u00e0 l&#039;international sur Webdo.tn","publisher":{"@id":"https:\/\/www.webdo.tn\/fr\/#organization"},"potentialAction":[{"@type":"SearchAction","target":{"@type":"EntryPoint","urlTemplate":"https:\/\/www.webdo.tn\/fr\/?s={search_term_string}"},"query-input":{"@type":"PropertyValueSpecification","valueRequired":true,"valueName":"search_term_string"}}],"inLanguage":"fr-FR"},{"@type":"Organization","@id":"https:\/\/www.webdo.tn\/fr\/#organization","name":"Webdo","alternateName":"Webdo.tn","url":"https:\/\/www.webdo.tn\/fr\/","logo":{"@type":"ImageObject","inLanguage":"fr-FR","@id":"https:\/\/www.webdo.tn\/fr\/#\/schema\/logo\/image\/","url":"https:\/\/www.webdo.tn\/fr\/wp-content\/uploads\/2025\/06\/Webdo-Tunisie_168377.jpg","contentUrl":"https:\/\/www.webdo.tn\/fr\/wp-content\/uploads\/2025\/06\/Webdo-Tunisie_168377.jpg","width":301,"height":301,"caption":"Webdo"},"image":{"@id":"https:\/\/www.webdo.tn\/fr\/#\/schema\/logo\/image\/"},"sameAs":["https:\/\/www.facebook.com\/webdotn","https:\/\/x.com\/webdo_tn"],"description":"Webdo est un m\u00e9dia num\u00e9rique tunisien fond\u00e9 en 2010, sp\u00e9cialis\u00e9 dans l\u2019actualit\u00e9 nationale et internationale, l\u2019\u00e9conomie, la soci\u00e9t\u00e9 et les analyses politiques. Le site s\u2019adresse \u00e0 un large public francophone et couvre l\u2019information tunisienne en temps r\u00e9el.","email":"redac@webdo.tn","legalName":"YNJ SARL","foundingDate":"2010-09-06","numberOfEmployees":{"@type":"QuantitativeValue","minValue":"11","maxValue":"50"}},{"@type":"Person","@id":"https:\/\/www.webdo.tn\/fr\/#\/schema\/person\/9a9c6118d687c117df8ef3cc36a4d175","name":"webdo.tn","image":{"@type":"ImageObject","inLanguage":"fr-FR","@id":"https:\/\/secure.gravatar.com\/avatar\/7ce1f28c0c3bbac99ff550b85ef8e44a6950c6ee24514fb6a5489e51d06f0298?s=96&d=mm&r=g","url":"https:\/\/secure.gravatar.com\/avatar\/7ce1f28c0c3bbac99ff550b85ef8e44a6950c6ee24514fb6a5489e51d06f0298?s=96&d=mm&r=g","contentUrl":"https:\/\/secure.gravatar.com\/avatar\/7ce1f28c0c3bbac99ff550b85ef8e44a6950c6ee24514fb6a5489e51d06f0298?s=96&d=mm&r=g","caption":"webdo.tn"},"url":"https:\/\/www.webdo.tn\/fr\/actualite\/author\/webdotn\/"}]}},"_links":{"self":[{"href":"https:\/\/www.webdo.tn\/fr\/wp-json\/wp\/v2\/posts\/185781","targetHints":{"allow":["GET"]}}],"collection":[{"href":"https:\/\/www.webdo.tn\/fr\/wp-json\/wp\/v2\/posts"}],"about":[{"href":"https:\/\/www.webdo.tn\/fr\/wp-json\/wp\/v2\/types\/post"}],"author":[{"embeddable":true,"href":"https:\/\/www.webdo.tn\/fr\/wp-json\/wp\/v2\/users\/3222"}],"replies":[{"embeddable":true,"href":"https:\/\/www.webdo.tn\/fr\/wp-json\/wp\/v2\/comments?post=185781"}],"version-history":[{"count":0,"href":"https:\/\/www.webdo.tn\/fr\/wp-json\/wp\/v2\/posts\/185781\/revisions"}],"wp:featuredmedia":[{"embeddable":true,"href":"https:\/\/www.webdo.tn\/fr\/wp-json\/wp\/v2\/media\/335155"}],"wp:attachment":[{"href":"https:\/\/www.webdo.tn\/fr\/wp-json\/wp\/v2\/media?parent=185781"}],"wp:term":[{"taxonomy":"category","embeddable":true,"href":"https:\/\/www.webdo.tn\/fr\/wp-json\/wp\/v2\/categories?post=185781"},{"taxonomy":"post_tag","embeddable":true,"href":"https:\/\/www.webdo.tn\/fr\/wp-json\/wp\/v2\/tags?post=185781"}],"curies":[{"name":"wp","href":"https:\/\/api.w.org\/{rel}","templated":true}]}}