{"id":185776,"date":"2014-12-16T10:47:00","date_gmt":"2014-12-16T10:47:00","guid":{"rendered":"https:\/\/www.webdo.tn\/fr\/blog\/tunisie-initiative-andi-fekra-taieb-ata-couronne-pour-son-projet-de-recyclage-des-ordinateurs\/185776\/"},"modified":"2025-05-19T10:26:48","modified_gmt":"2025-05-19T10:26:48","slug":"tunisie-initiative-andi-fekra-taieb-ata-couronne-pour-son-projet-de-recyclage-des-ordinateurs","status":"publish","type":"post","link":"https:\/\/www.webdo.tn\/fr\/actualite\/economie\/tunisie-initiative-andi-fekra-taieb-ata-couronne-pour-son-projet-de-recyclage-des-ordinateurs\/185776\/","title":{"rendered":"Initiative \u00ab Andi Fekra \u00bb : Taieb Ata couronn\u00e9 pour son projet de recyclage des ordinateurs"},"content":{"rendered":"<p>La deuxi\u00e8me \u00e9dition de l\u2019initiative \u00ab Andi Fekra \u00bb, parrain\u00e9e par Tunisie Telecom et Express FM, s\u2019est achev\u00e9e, ce lundi 15 d\u00e9cembre, par une c\u00e9r\u00e9monie de cl\u00f4ture qui a couronn\u00e9 un jeune entrepreneur, Taieb Ata pour son projet de recyclage des ordinateurs.<\/p>\n<p>\u00ab Andi Fekra \u00bb est une comp\u00e9tition entrepreneuriale qui s\u2019est \u00e9tendue sur sept mois environ et qui a concern\u00e9 20.000 participants, qui se sont engag\u00e9s \u00e0 d\u00e9velopper et lancer leur projet. Au bout de ce concours, quatre participants sont arriv\u00e9s en finale de cette deuxi\u00e8me \u00e9dition.<\/p>\n<p>Il s\u2019agit de Salem Salhi (production de fromage de ch\u00e8vre), Awatef Dahwathi (production de tomates s\u00e9ch\u00e9es), Taieb Ata (recyclage des ordinateurs) et Rabeb Fersi (ing\u00e9nierie en agriculture).<\/p>\n<p>Apr\u00e8s le vote de l\u2019assistance, c\u2019est Taieb Ata qui a \u00e9t\u00e9 d\u00e9sign\u00e9 gagnant pour son projet de collecte, valorisation et recyclage des d\u00e9chets d&rsquo;\u00e9quipements \u00e9lectriques et \u00e9lectroniques. Il a, au passage, empoch\u00e9 la somme de 20.000 dinars.<\/p>\n<p>Les 3E de Tunisie Telecom<\/p>\n<p>Les parrains de l\u2019initiative ont expliqu\u00e9 leur d\u00e9marche lors de cette c\u00e9r\u00e9monie diffus\u00e9e en direct sur la radio Express FM. D\u00e9marche consistant \u00e0 assister les participants dans la cr\u00e9ation de leur projet et \u00e0 mettre tous les atouts de leur c\u00f4t\u00e9 durant le processus de cr\u00e9ation.<\/p>\n<p>Tunisie Telecom \u00e9tait repr\u00e9sent\u00e9 par Mme Sonia Logani, Directrice de la communication Corporate et Elyes Ben Sassi, Directeur Ex\u00e9cutif du March\u00e9 Entreprises, lors de cette c\u00e9r\u00e9monie qui s\u2019est d\u00e9roul\u00e9e dans un h\u00f4tel des Berges du Lac.<\/p>\n<p>\u00ab Nous avons cr\u00e9\u00e9 cette id\u00e9e ensembles. Il s\u2019agit d\u2019une \u00e9mission qui encourage \u00e0 lancer des projets. Cela s\u2019inscrit dans la ligne droite de la strat\u00e9gie de Tunisie Telecom et ob\u00e9it aux 3E, Education, Environnement, Entreprenariat \u00bb, a d\u00e9clar\u00e9 Mme Logani.<\/p>\n<p>\u00ab Tunisie Telecom encourage le march\u00e9 de entrepreneuriat depuis des ann\u00e9es. Aujourd\u2019hui, nous avons des \u00e9quipes technico-commerciales qui accompagnent les jeunes entrepreneurs, les \u00e9coutent et leur donnent des conseils selon leurs besoins \u00bb, a pr\u00e9cis\u00e9 M. Elyes Ben Sassi.<\/p>\n","protected":false},"excerpt":{"rendered":"<p>Initiative \u00ab Andi Fekra \u00bb : Taieb Ata couronn\u00e9 pour son projet de recyclage des ordinateurs<\/p>\n","protected":false},"author":3222,"featured_media":319572,"comment_status":"open","ping_status":"closed","sticky":false,"template":"","format":"standard","meta":{"footnotes":""},"categories":[11334],"tags":[2600],"class_list":["post-185776","post","type-post","status-publish","format-standard","has-post-thumbnail","hentry","category-economie","tag-guerre"],"yoast_head":"<!-- This site is optimized with the Yoast SEO Premium plugin v27.5 (Yoast SEO v27.5) - https:\/\/yoast.com\/product\/yoast-seo-premium-wordpress\/ -->\n<title>Initiative \u00ab Andi Fekra \u00bb : Taieb Ata couronn\u00e9 pour son projet de recyclage des ordinateurs<\/title>\n<meta name=\"description\" content=\"Initiative \u00ab Andi Fekra \u00bb : Taieb Ata couronn\u00e9 pour son projet de recyclage des ordinateurs\" \/>\n<link rel=\"canonical\" href=\"https:\/\/www.webdo.tn\/fr\/actualite\/economie\/tunisie-initiative-andi-fekra-taieb-ata-couronne-pour-son-projet-de-recyclage-des-ordinateurs\/185776\/\" \/>\n<meta property=\"og:locale\" content=\"fr_FR\" \/>\n<meta property=\"og:type\" content=\"article\" \/>\n<meta property=\"og:title\" content=\"Initiative \u00ab Andi Fekra \u00bb : Taieb Ata couronn\u00e9 pour son projet de recyclage des ordinateurs\" \/>\n<meta property=\"og:description\" content=\"Initiative \u00ab Andi Fekra \u00bb : Taieb Ata couronn\u00e9 pour son projet de recyclage des ordinateurs\" \/>\n<meta property=\"og:url\" content=\"https:\/\/www.webdo.tn\/fr\/actualite\/economie\/tunisie-initiative-andi-fekra-taieb-ata-couronne-pour-son-projet-de-recyclage-des-ordinateurs\/185776\/\" \/>\n<meta property=\"og:site_name\" content=\"webdo\" \/>\n<meta property=\"article:publisher\" content=\"https:\/\/www.facebook.com\/webdotn\" \/>\n<meta property=\"article:published_time\" content=\"2014-12-16T10:47:00+00:00\" \/>\n<meta property=\"article:modified_time\" content=\"2025-05-19T10:26:48+00:00\" \/>\n<meta property=\"og:image\" content=\"https:\/\/www.webdo.tn\/fr\/wp-content\/uploads\/2014\/12\/Le-gagnant-de-Andi-Fekra-credit-Express-FM.jpg\" \/>\n\t<meta property=\"og:image:width\" content=\"500\" \/>\n\t<meta property=\"og:image:height\" content=\"333\" \/>\n\t<meta property=\"og:image:type\" content=\"image\/jpeg\" \/>\n<meta name=\"author\" content=\"webdo.tn\" \/>\n<meta name=\"twitter:card\" content=\"summary_large_image\" \/>\n<meta name=\"twitter:creator\" content=\"@webdo_tn\" \/>\n<meta name=\"twitter:site\" content=\"@webdo_tn\" \/>\n<meta name=\"twitter:label1\" content=\"\u00c9crit par\" \/>\n\t<meta name=\"twitter:data1\" content=\"webdo.tn\" \/>\n\t<meta name=\"twitter:label2\" content=\"Dur\u00e9e de lecture estim\u00e9e\" \/>\n\t<meta name=\"twitter:data2\" content=\"2 minutes\" \/>\n<script type=\"application\/ld+json\" class=\"yoast-schema-graph\">{\"@context\":\"https:\\\/\\\/schema.org\",\"@graph\":[{\"@type\":\"NewsArticle\",\"@id\":\"https:\\\/\\\/www.webdo.tn\\\/fr\\\/actualite\\\/economie\\\/tunisie-initiative-andi-fekra-taieb-ata-couronne-pour-son-projet-de-recyclage-des-ordinateurs\\\/185776\\\/#article\",\"isPartOf\":{\"@id\":\"https:\\\/\\\/www.webdo.tn\\\/fr\\\/actualite\\\/economie\\\/tunisie-initiative-andi-fekra-taieb-ata-couronne-pour-son-projet-de-recyclage-des-ordinateurs\\\/185776\\\/\"},\"author\":{\"name\":\"webdo.tn\",\"@id\":\"https:\\\/\\\/www.webdo.tn\\\/fr\\\/#\\\/schema\\\/person\\\/9a9c6118d687c117df8ef3cc36a4d175\"},\"headline\":\"Initiative \u00ab Andi Fekra \u00bb : Taieb Ata couronn\u00e9 pour son projet de recyclage des ordinateurs\",\"datePublished\":\"2014-12-16T10:47:00+00:00\",\"dateModified\":\"2025-05-19T10:26:48+00:00\",\"mainEntityOfPage\":{\"@id\":\"https:\\\/\\\/www.webdo.tn\\\/fr\\\/actualite\\\/economie\\\/tunisie-initiative-andi-fekra-taieb-ata-couronne-pour-son-projet-de-recyclage-des-ordinateurs\\\/185776\\\/\"},\"wordCount\":370,\"commentCount\":0,\"publisher\":{\"@id\":\"https:\\\/\\\/www.webdo.tn\\\/fr\\\/#organization\"},\"image\":{\"@id\":\"https:\\\/\\\/www.webdo.tn\\\/fr\\\/actualite\\\/economie\\\/tunisie-initiative-andi-fekra-taieb-ata-couronne-pour-son-projet-de-recyclage-des-ordinateurs\\\/185776\\\/#primaryimage\"},\"thumbnailUrl\":\"https:\\\/\\\/www.webdo.tn\\\/fr\\\/wp-content\\\/uploads\\\/2014\\\/12\\\/Le-gagnant-de-Andi-Fekra-credit-Express-FM.jpg\",\"keywords\":[\"guerre\"],\"articleSection\":[\"Economie\"],\"inLanguage\":\"fr-FR\"},{\"@type\":\"WebPage\",\"@id\":\"https:\\\/\\\/www.webdo.tn\\\/fr\\\/actualite\\\/economie\\\/tunisie-initiative-andi-fekra-taieb-ata-couronne-pour-son-projet-de-recyclage-des-ordinateurs\\\/185776\\\/\",\"url\":\"https:\\\/\\\/www.webdo.tn\\\/fr\\\/actualite\\\/economie\\\/tunisie-initiative-andi-fekra-taieb-ata-couronne-pour-son-projet-de-recyclage-des-ordinateurs\\\/185776\\\/\",\"name\":\"Initiative \u00ab Andi Fekra \u00bb : Taieb Ata couronn\u00e9 pour son projet de recyclage des ordinateurs\",\"isPartOf\":{\"@id\":\"https:\\\/\\\/www.webdo.tn\\\/fr\\\/#website\"},\"primaryImageOfPage\":{\"@id\":\"https:\\\/\\\/www.webdo.tn\\\/fr\\\/actualite\\\/economie\\\/tunisie-initiative-andi-fekra-taieb-ata-couronne-pour-son-projet-de-recyclage-des-ordinateurs\\\/185776\\\/#primaryimage\"},\"image\":{\"@id\":\"https:\\\/\\\/www.webdo.tn\\\/fr\\\/actualite\\\/economie\\\/tunisie-initiative-andi-fekra-taieb-ata-couronne-pour-son-projet-de-recyclage-des-ordinateurs\\\/185776\\\/#primaryimage\"},\"thumbnailUrl\":\"https:\\\/\\\/www.webdo.tn\\\/fr\\\/wp-content\\\/uploads\\\/2014\\\/12\\\/Le-gagnant-de-Andi-Fekra-credit-Express-FM.jpg\",\"datePublished\":\"2014-12-16T10:47:00+00:00\",\"dateModified\":\"2025-05-19T10:26:48+00:00\",\"description\":\"Initiative \u00ab Andi Fekra \u00bb : Taieb Ata couronn\u00e9 pour son projet de recyclage des ordinateurs\",\"breadcrumb\":{\"@id\":\"https:\\\/\\\/www.webdo.tn\\\/fr\\\/actualite\\\/economie\\\/tunisie-initiative-andi-fekra-taieb-ata-couronne-pour-son-projet-de-recyclage-des-ordinateurs\\\/185776\\\/#breadcrumb\"},\"inLanguage\":\"fr-FR\",\"potentialAction\":[{\"@type\":\"ReadAction\",\"target\":[\"https:\\\/\\\/www.webdo.tn\\\/fr\\\/actualite\\\/economie\\\/tunisie-initiative-andi-fekra-taieb-ata-couronne-pour-son-projet-de-recyclage-des-ordinateurs\\\/185776\\\/\"]}]},{\"@type\":\"ImageObject\",\"inLanguage\":\"fr-FR\",\"@id\":\"https:\\\/\\\/www.webdo.tn\\\/fr\\\/actualite\\\/economie\\\/tunisie-initiative-andi-fekra-taieb-ata-couronne-pour-son-projet-de-recyclage-des-ordinateurs\\\/185776\\\/#primaryimage\",\"url\":\"https:\\\/\\\/www.webdo.tn\\\/fr\\\/wp-content\\\/uploads\\\/2014\\\/12\\\/Le-gagnant-de-Andi-Fekra-credit-Express-FM.jpg\",\"contentUrl\":\"https:\\\/\\\/www.webdo.tn\\\/fr\\\/wp-content\\\/uploads\\\/2014\\\/12\\\/Le-gagnant-de-Andi-Fekra-credit-Express-FM.jpg\",\"width\":500,\"height\":333,\"caption\":\"Initiative \u00ab Andi Fekra \u00bb : Taieb Ata couronn\u00e9 pour son projet de recyclage des ordinateurs\"},{\"@type\":\"BreadcrumbList\",\"@id\":\"https:\\\/\\\/www.webdo.tn\\\/fr\\\/actualite\\\/economie\\\/tunisie-initiative-andi-fekra-taieb-ata-couronne-pour-son-projet-de-recyclage-des-ordinateurs\\\/185776\\\/#breadcrumb\",\"itemListElement\":[{\"@type\":\"ListItem\",\"position\":1,\"name\":\"Accueil\",\"item\":\"https:\\\/\\\/www.webdo.tn\\\/fr\\\/\"},{\"@type\":\"ListItem\",\"position\":2,\"name\":\"Initiative \u00ab Andi Fekra \u00bb : Taieb Ata couronn\u00e9 pour son projet de recyclage des ordinateurs\"}]},{\"@type\":\"WebSite\",\"@id\":\"https:\\\/\\\/www.webdo.tn\\\/fr\\\/#website\",\"url\":\"https:\\\/\\\/www.webdo.tn\\\/fr\\\/\",\"name\":\"webdo\",\"description\":\"Tunisie - News en Tunisie et \u00e0 l&#039;international sur Webdo.tn\",\"publisher\":{\"@id\":\"https:\\\/\\\/www.webdo.tn\\\/fr\\\/#organization\"},\"potentialAction\":[{\"@type\":\"SearchAction\",\"target\":{\"@type\":\"EntryPoint\",\"urlTemplate\":\"https:\\\/\\\/www.webdo.tn\\\/fr\\\/?s={search_term_string}\"},\"query-input\":{\"@type\":\"PropertyValueSpecification\",\"valueRequired\":true,\"valueName\":\"search_term_string\"}}],\"inLanguage\":\"fr-FR\"},{\"@type\":\"Organization\",\"@id\":\"https:\\\/\\\/www.webdo.tn\\\/fr\\\/#organization\",\"name\":\"Webdo\",\"alternateName\":\"Webdo.tn\",\"url\":\"https:\\\/\\\/www.webdo.tn\\\/fr\\\/\",\"logo\":{\"@type\":\"ImageObject\",\"inLanguage\":\"fr-FR\",\"@id\":\"https:\\\/\\\/www.webdo.tn\\\/fr\\\/#\\\/schema\\\/logo\\\/image\\\/\",\"url\":\"https:\\\/\\\/www.webdo.tn\\\/fr\\\/wp-content\\\/uploads\\\/2025\\\/06\\\/Webdo-Tunisie_168377.jpg\",\"contentUrl\":\"https:\\\/\\\/www.webdo.tn\\\/fr\\\/wp-content\\\/uploads\\\/2025\\\/06\\\/Webdo-Tunisie_168377.jpg\",\"width\":301,\"height\":301,\"caption\":\"Webdo\"},\"image\":{\"@id\":\"https:\\\/\\\/www.webdo.tn\\\/fr\\\/#\\\/schema\\\/logo\\\/image\\\/\"},\"sameAs\":[\"https:\\\/\\\/www.facebook.com\\\/webdotn\",\"https:\\\/\\\/x.com\\\/webdo_tn\"],\"description\":\"Webdo est un m\u00e9dia num\u00e9rique tunisien fond\u00e9 en 2010, sp\u00e9cialis\u00e9 dans l\u2019actualit\u00e9 nationale et internationale, l\u2019\u00e9conomie, la soci\u00e9t\u00e9 et les analyses politiques. Le site s\u2019adresse \u00e0 un large public francophone et couvre l\u2019information tunisienne en temps r\u00e9el.\",\"email\":\"redac@webdo.tn\",\"legalName\":\"YNJ SARL\",\"foundingDate\":\"2010-09-06\",\"numberOfEmployees\":{\"@type\":\"QuantitativeValue\",\"minValue\":\"11\",\"maxValue\":\"50\"}},{\"@type\":\"Person\",\"@id\":\"https:\\\/\\\/www.webdo.tn\\\/fr\\\/#\\\/schema\\\/person\\\/9a9c6118d687c117df8ef3cc36a4d175\",\"name\":\"webdo.tn\",\"image\":{\"@type\":\"ImageObject\",\"inLanguage\":\"fr-FR\",\"@id\":\"https:\\\/\\\/secure.gravatar.com\\\/avatar\\\/7ce1f28c0c3bbac99ff550b85ef8e44a6950c6ee24514fb6a5489e51d06f0298?s=96&d=mm&r=g\",\"url\":\"https:\\\/\\\/secure.gravatar.com\\\/avatar\\\/7ce1f28c0c3bbac99ff550b85ef8e44a6950c6ee24514fb6a5489e51d06f0298?s=96&d=mm&r=g\",\"contentUrl\":\"https:\\\/\\\/secure.gravatar.com\\\/avatar\\\/7ce1f28c0c3bbac99ff550b85ef8e44a6950c6ee24514fb6a5489e51d06f0298?s=96&d=mm&r=g\",\"caption\":\"webdo.tn\"},\"url\":\"https:\\\/\\\/www.webdo.tn\\\/fr\\\/actualite\\\/author\\\/webdotn\\\/\"}]}<\/script>\n<!-- \/ Yoast SEO Premium plugin. -->","yoast_head_json":{"title":"Initiative \u00ab Andi Fekra \u00bb : Taieb Ata couronn\u00e9 pour son projet de recyclage des ordinateurs","description":"Initiative \u00ab Andi Fekra \u00bb : Taieb Ata couronn\u00e9 pour son projet de recyclage des ordinateurs","canonical":"https:\/\/www.webdo.tn\/fr\/actualite\/economie\/tunisie-initiative-andi-fekra-taieb-ata-couronne-pour-son-projet-de-recyclage-des-ordinateurs\/185776\/","og_locale":"fr_FR","og_type":"article","og_title":"Initiative \u00ab Andi Fekra \u00bb : Taieb Ata couronn\u00e9 pour son projet de recyclage des ordinateurs","og_description":"Initiative \u00ab Andi Fekra \u00bb : Taieb Ata couronn\u00e9 pour son projet de recyclage des ordinateurs","og_url":"https:\/\/www.webdo.tn\/fr\/actualite\/economie\/tunisie-initiative-andi-fekra-taieb-ata-couronne-pour-son-projet-de-recyclage-des-ordinateurs\/185776\/","og_site_name":"webdo","article_publisher":"https:\/\/www.facebook.com\/webdotn","article_published_time":"2014-12-16T10:47:00+00:00","article_modified_time":"2025-05-19T10:26:48+00:00","og_image":[{"width":500,"height":333,"url":"https:\/\/www.webdo.tn\/fr\/wp-content\/uploads\/2014\/12\/Le-gagnant-de-Andi-Fekra-credit-Express-FM.jpg","type":"image\/jpeg"}],"author":"webdo.tn","twitter_card":"summary_large_image","twitter_creator":"@webdo_tn","twitter_site":"@webdo_tn","twitter_misc":{"\u00c9crit par":"webdo.tn","Dur\u00e9e de lecture estim\u00e9e":"2 minutes"},"schema":{"@context":"https:\/\/schema.org","@graph":[{"@type":"NewsArticle","@id":"https:\/\/www.webdo.tn\/fr\/actualite\/economie\/tunisie-initiative-andi-fekra-taieb-ata-couronne-pour-son-projet-de-recyclage-des-ordinateurs\/185776\/#article","isPartOf":{"@id":"https:\/\/www.webdo.tn\/fr\/actualite\/economie\/tunisie-initiative-andi-fekra-taieb-ata-couronne-pour-son-projet-de-recyclage-des-ordinateurs\/185776\/"},"author":{"name":"webdo.tn","@id":"https:\/\/www.webdo.tn\/fr\/#\/schema\/person\/9a9c6118d687c117df8ef3cc36a4d175"},"headline":"Initiative \u00ab Andi Fekra \u00bb : Taieb Ata couronn\u00e9 pour son projet de recyclage des ordinateurs","datePublished":"2014-12-16T10:47:00+00:00","dateModified":"2025-05-19T10:26:48+00:00","mainEntityOfPage":{"@id":"https:\/\/www.webdo.tn\/fr\/actualite\/economie\/tunisie-initiative-andi-fekra-taieb-ata-couronne-pour-son-projet-de-recyclage-des-ordinateurs\/185776\/"},"wordCount":370,"commentCount":0,"publisher":{"@id":"https:\/\/www.webdo.tn\/fr\/#organization"},"image":{"@id":"https:\/\/www.webdo.tn\/fr\/actualite\/economie\/tunisie-initiative-andi-fekra-taieb-ata-couronne-pour-son-projet-de-recyclage-des-ordinateurs\/185776\/#primaryimage"},"thumbnailUrl":"https:\/\/www.webdo.tn\/fr\/wp-content\/uploads\/2014\/12\/Le-gagnant-de-Andi-Fekra-credit-Express-FM.jpg","keywords":["guerre"],"articleSection":["Economie"],"inLanguage":"fr-FR"},{"@type":"WebPage","@id":"https:\/\/www.webdo.tn\/fr\/actualite\/economie\/tunisie-initiative-andi-fekra-taieb-ata-couronne-pour-son-projet-de-recyclage-des-ordinateurs\/185776\/","url":"https:\/\/www.webdo.tn\/fr\/actualite\/economie\/tunisie-initiative-andi-fekra-taieb-ata-couronne-pour-son-projet-de-recyclage-des-ordinateurs\/185776\/","name":"Initiative \u00ab Andi Fekra \u00bb : Taieb Ata couronn\u00e9 pour son projet de recyclage des ordinateurs","isPartOf":{"@id":"https:\/\/www.webdo.tn\/fr\/#website"},"primaryImageOfPage":{"@id":"https:\/\/www.webdo.tn\/fr\/actualite\/economie\/tunisie-initiative-andi-fekra-taieb-ata-couronne-pour-son-projet-de-recyclage-des-ordinateurs\/185776\/#primaryimage"},"image":{"@id":"https:\/\/www.webdo.tn\/fr\/actualite\/economie\/tunisie-initiative-andi-fekra-taieb-ata-couronne-pour-son-projet-de-recyclage-des-ordinateurs\/185776\/#primaryimage"},"thumbnailUrl":"https:\/\/www.webdo.tn\/fr\/wp-content\/uploads\/2014\/12\/Le-gagnant-de-Andi-Fekra-credit-Express-FM.jpg","datePublished":"2014-12-16T10:47:00+00:00","dateModified":"2025-05-19T10:26:48+00:00","description":"Initiative \u00ab Andi Fekra \u00bb : Taieb Ata couronn\u00e9 pour son projet de recyclage des ordinateurs","breadcrumb":{"@id":"https:\/\/www.webdo.tn\/fr\/actualite\/economie\/tunisie-initiative-andi-fekra-taieb-ata-couronne-pour-son-projet-de-recyclage-des-ordinateurs\/185776\/#breadcrumb"},"inLanguage":"fr-FR","potentialAction":[{"@type":"ReadAction","target":["https:\/\/www.webdo.tn\/fr\/actualite\/economie\/tunisie-initiative-andi-fekra-taieb-ata-couronne-pour-son-projet-de-recyclage-des-ordinateurs\/185776\/"]}]},{"@type":"ImageObject","inLanguage":"fr-FR","@id":"https:\/\/www.webdo.tn\/fr\/actualite\/economie\/tunisie-initiative-andi-fekra-taieb-ata-couronne-pour-son-projet-de-recyclage-des-ordinateurs\/185776\/#primaryimage","url":"https:\/\/www.webdo.tn\/fr\/wp-content\/uploads\/2014\/12\/Le-gagnant-de-Andi-Fekra-credit-Express-FM.jpg","contentUrl":"https:\/\/www.webdo.tn\/fr\/wp-content\/uploads\/2014\/12\/Le-gagnant-de-Andi-Fekra-credit-Express-FM.jpg","width":500,"height":333,"caption":"Initiative \u00ab Andi Fekra \u00bb : Taieb Ata couronn\u00e9 pour son projet de recyclage des ordinateurs"},{"@type":"BreadcrumbList","@id":"https:\/\/www.webdo.tn\/fr\/actualite\/economie\/tunisie-initiative-andi-fekra-taieb-ata-couronne-pour-son-projet-de-recyclage-des-ordinateurs\/185776\/#breadcrumb","itemListElement":[{"@type":"ListItem","position":1,"name":"Accueil","item":"https:\/\/www.webdo.tn\/fr\/"},{"@type":"ListItem","position":2,"name":"Initiative \u00ab Andi Fekra \u00bb : Taieb Ata couronn\u00e9 pour son projet de recyclage des ordinateurs"}]},{"@type":"WebSite","@id":"https:\/\/www.webdo.tn\/fr\/#website","url":"https:\/\/www.webdo.tn\/fr\/","name":"webdo","description":"Tunisie - News en Tunisie et \u00e0 l&#039;international sur Webdo.tn","publisher":{"@id":"https:\/\/www.webdo.tn\/fr\/#organization"},"potentialAction":[{"@type":"SearchAction","target":{"@type":"EntryPoint","urlTemplate":"https:\/\/www.webdo.tn\/fr\/?s={search_term_string}"},"query-input":{"@type":"PropertyValueSpecification","valueRequired":true,"valueName":"search_term_string"}}],"inLanguage":"fr-FR"},{"@type":"Organization","@id":"https:\/\/www.webdo.tn\/fr\/#organization","name":"Webdo","alternateName":"Webdo.tn","url":"https:\/\/www.webdo.tn\/fr\/","logo":{"@type":"ImageObject","inLanguage":"fr-FR","@id":"https:\/\/www.webdo.tn\/fr\/#\/schema\/logo\/image\/","url":"https:\/\/www.webdo.tn\/fr\/wp-content\/uploads\/2025\/06\/Webdo-Tunisie_168377.jpg","contentUrl":"https:\/\/www.webdo.tn\/fr\/wp-content\/uploads\/2025\/06\/Webdo-Tunisie_168377.jpg","width":301,"height":301,"caption":"Webdo"},"image":{"@id":"https:\/\/www.webdo.tn\/fr\/#\/schema\/logo\/image\/"},"sameAs":["https:\/\/www.facebook.com\/webdotn","https:\/\/x.com\/webdo_tn"],"description":"Webdo est un m\u00e9dia num\u00e9rique tunisien fond\u00e9 en 2010, sp\u00e9cialis\u00e9 dans l\u2019actualit\u00e9 nationale et internationale, l\u2019\u00e9conomie, la soci\u00e9t\u00e9 et les analyses politiques. Le site s\u2019adresse \u00e0 un large public francophone et couvre l\u2019information tunisienne en temps r\u00e9el.","email":"redac@webdo.tn","legalName":"YNJ SARL","foundingDate":"2010-09-06","numberOfEmployees":{"@type":"QuantitativeValue","minValue":"11","maxValue":"50"}},{"@type":"Person","@id":"https:\/\/www.webdo.tn\/fr\/#\/schema\/person\/9a9c6118d687c117df8ef3cc36a4d175","name":"webdo.tn","image":{"@type":"ImageObject","inLanguage":"fr-FR","@id":"https:\/\/secure.gravatar.com\/avatar\/7ce1f28c0c3bbac99ff550b85ef8e44a6950c6ee24514fb6a5489e51d06f0298?s=96&d=mm&r=g","url":"https:\/\/secure.gravatar.com\/avatar\/7ce1f28c0c3bbac99ff550b85ef8e44a6950c6ee24514fb6a5489e51d06f0298?s=96&d=mm&r=g","contentUrl":"https:\/\/secure.gravatar.com\/avatar\/7ce1f28c0c3bbac99ff550b85ef8e44a6950c6ee24514fb6a5489e51d06f0298?s=96&d=mm&r=g","caption":"webdo.tn"},"url":"https:\/\/www.webdo.tn\/fr\/actualite\/author\/webdotn\/"}]}},"_links":{"self":[{"href":"https:\/\/www.webdo.tn\/fr\/wp-json\/wp\/v2\/posts\/185776","targetHints":{"allow":["GET"]}}],"collection":[{"href":"https:\/\/www.webdo.tn\/fr\/wp-json\/wp\/v2\/posts"}],"about":[{"href":"https:\/\/www.webdo.tn\/fr\/wp-json\/wp\/v2\/types\/post"}],"author":[{"embeddable":true,"href":"https:\/\/www.webdo.tn\/fr\/wp-json\/wp\/v2\/users\/3222"}],"replies":[{"embeddable":true,"href":"https:\/\/www.webdo.tn\/fr\/wp-json\/wp\/v2\/comments?post=185776"}],"version-history":[{"count":0,"href":"https:\/\/www.webdo.tn\/fr\/wp-json\/wp\/v2\/posts\/185776\/revisions"}],"wp:featuredmedia":[{"embeddable":true,"href":"https:\/\/www.webdo.tn\/fr\/wp-json\/wp\/v2\/media\/319572"}],"wp:attachment":[{"href":"https:\/\/www.webdo.tn\/fr\/wp-json\/wp\/v2\/media?parent=185776"}],"wp:term":[{"taxonomy":"category","embeddable":true,"href":"https:\/\/www.webdo.tn\/fr\/wp-json\/wp\/v2\/categories?post=185776"},{"taxonomy":"post_tag","embeddable":true,"href":"https:\/\/www.webdo.tn\/fr\/wp-json\/wp\/v2\/tags?post=185776"}],"curies":[{"name":"wp","href":"https:\/\/api.w.org\/{rel}","templated":true}]}}