{"id":185774,"date":"2014-12-19T21:32:00","date_gmt":"2014-12-19T21:32:00","guid":{"rendered":"https:\/\/www.webdo.tn\/fr\/blog\/lallemagne-pret-45-millions-deuros-tunisie-moderniser-etablissements-educatifs\/185774\/"},"modified":"2014-12-19T21:32:00","modified_gmt":"2014-12-19T21:32:00","slug":"lallemagne-pret-45-millions-deuros-tunisie-moderniser-etablissements-educatifs","status":"publish","type":"post","link":"https:\/\/www.webdo.tn\/fr\/actualite\/economie\/lallemagne-pret-45-millions-deuros-tunisie-moderniser-etablissements-educatifs\/185774\/","title":{"rendered":"L&rsquo;Allemagne pr\u00eate 45 millions d&rsquo;euros \u00e0 la Tunisie pour moderniser les \u00e9tablissements \u00e9ducatifs"},"content":{"rendered":"<p>L&rsquo;Allemagne et la Tunisie ont sign\u00e9 ce vendredi 19 d\u00e9cembre un accord pour un pr\u00eat allemand de 45 millions d&rsquo;euros devant servir \u00e0 moderniser plus de 300 \u00e9tablissements \u00e9ducatifs tunisiens.<br \/>\nUn pr\u00eat remboursable sur 15 ans avec 5% de taux d&rsquo;int\u00e9r\u00eat<br \/>\nCe pr\u00eat, accord\u00e9 par la banque allemande de d\u00e9veloppement (KFW), est remboursable sur 15 ans, avec un taux d&rsquo;int\u00e9r\u00eat de 5%, a pr\u00e9cis\u00e9 le ministre des Finances Hakim Ben Hammouda dans une d\u00e9claration \u00e0 la presse rapport\u00e9e par la TAP.<\/p>\n<p>Cet accord avec l&rsquo;Allemagne vient s&rsquo;ajouter \u00e0 un pr\u00eat de 70 millions d&rsquo;euros de la part de la Banque europ\u00e9enne d&rsquo;investissement (BEI), dont l&rsquo;accord a \u00e9t\u00e9 sign\u00e9 en juin dernier, toujours dans le cadre du programme de modernisation des \u00e9tablissements \u00e9ducatifs.<\/p>\n<p>La Tunisie a \u00e9galement re\u00e7u pour ce projet un don de 12,5 millions d&rsquo;euros de l&rsquo;Union europ\u00e9enne. De son c\u00f4t\u00e9, l&rsquo;\u00c9tat tunisien y contribuera lui aussi en investissant 85,5 millions d&rsquo;euros.<br \/>\nCo\u00fbt global du programme : 213 millions d&rsquo;euros<br \/>\nCe qui fait un co\u00fbt total pour ce programme de modernisation de 213 millions d&rsquo;euros (environ 480 millions de dinars).<\/p>\n<p>Le projet pr\u00e9voit la construction, l&rsquo;am\u00e9nagement et l&rsquo;\u00e9quipement de 59 nouveaux \u00e9tablissements et l&rsquo;am\u00e9nagement de 310 \u00e9tablissements d\u00e9j\u00e0 existants.<\/p>\n","protected":false},"excerpt":{"rendered":"<p>L&rsquo;Allemagne pr\u00eate 45 millions d&rsquo;euros \u00e0 la Tunisie pour moderniser les \u00e9tablissements \u00e9ducatifs<\/p>\n","protected":false},"author":3222,"featured_media":330966,"comment_status":"open","ping_status":"closed","sticky":false,"template":"","format":"standard","meta":{"footnotes":""},"categories":[11334],"tags":[2600],"class_list":["post-185774","post","type-post","status-publish","format-standard","has-post-thumbnail","hentry","category-economie","tag-guerre"],"yoast_head":"<!-- This site is optimized with the Yoast SEO Premium plugin v27.5 (Yoast SEO v27.5) - https:\/\/yoast.com\/product\/yoast-seo-premium-wordpress\/ -->\n<title>L&#039;Allemagne pr\u00eate 45 millions d&#039;euros \u00e0 la Tunisie pour moderniser les \u00e9tablissements \u00e9ducatifs<\/title>\n<meta name=\"description\" content=\"L&#039;Allemagne pr\u00eate 45 millions d&#039;euros \u00e0 la Tunisie pour moderniser les \u00e9tablissements \u00e9ducatifs\" \/>\n<link rel=\"canonical\" href=\"https:\/\/www.webdo.tn\/fr\/actualite\/economie\/lallemagne-pret-45-millions-deuros-tunisie-moderniser-etablissements-educatifs\/185774\/\" \/>\n<meta property=\"og:locale\" content=\"fr_FR\" \/>\n<meta property=\"og:type\" content=\"article\" \/>\n<meta property=\"og:title\" content=\"L&#039;Allemagne pr\u00eate 45 millions d&#039;euros \u00e0 la Tunisie pour moderniser les \u00e9tablissements \u00e9ducatifs\" \/>\n<meta property=\"og:description\" content=\"L&#039;Allemagne pr\u00eate 45 millions d&#039;euros \u00e0 la Tunisie pour moderniser les \u00e9tablissements \u00e9ducatifs\" \/>\n<meta property=\"og:url\" content=\"https:\/\/www.webdo.tn\/fr\/actualite\/economie\/lallemagne-pret-45-millions-deuros-tunisie-moderniser-etablissements-educatifs\/185774\/\" \/>\n<meta property=\"og:site_name\" content=\"webdo\" \/>\n<meta property=\"article:publisher\" content=\"https:\/\/www.facebook.com\/webdotn\" \/>\n<meta property=\"article:published_time\" content=\"2014-12-19T21:32:00+00:00\" \/>\n<meta property=\"og:image\" content=\"https:\/\/www.webdo.tn\/fr\/wp-content\/uploads\/2014\/12\/webdo_default-56.jpg\" \/>\n\t<meta property=\"og:image:width\" content=\"800\" \/>\n\t<meta property=\"og:image:height\" content=\"500\" \/>\n\t<meta property=\"og:image:type\" content=\"image\/jpeg\" \/>\n<meta name=\"author\" content=\"webdo.tn\" \/>\n<meta name=\"twitter:card\" content=\"summary_large_image\" \/>\n<meta name=\"twitter:creator\" content=\"@webdo_tn\" \/>\n<meta name=\"twitter:site\" content=\"@webdo_tn\" \/>\n<meta name=\"twitter:label1\" content=\"\u00c9crit par\" \/>\n\t<meta name=\"twitter:data1\" content=\"webdo.tn\" \/>\n\t<meta name=\"twitter:label2\" content=\"Dur\u00e9e de lecture estim\u00e9e\" \/>\n\t<meta name=\"twitter:data2\" content=\"1 minute\" \/>\n<script type=\"application\/ld+json\" class=\"yoast-schema-graph\">{\"@context\":\"https:\\\/\\\/schema.org\",\"@graph\":[{\"@type\":\"NewsArticle\",\"@id\":\"https:\\\/\\\/www.webdo.tn\\\/fr\\\/actualite\\\/economie\\\/lallemagne-pret-45-millions-deuros-tunisie-moderniser-etablissements-educatifs\\\/185774\\\/#article\",\"isPartOf\":{\"@id\":\"https:\\\/\\\/www.webdo.tn\\\/fr\\\/actualite\\\/economie\\\/lallemagne-pret-45-millions-deuros-tunisie-moderniser-etablissements-educatifs\\\/185774\\\/\"},\"author\":{\"name\":\"webdo.tn\",\"@id\":\"https:\\\/\\\/www.webdo.tn\\\/fr\\\/#\\\/schema\\\/person\\\/9a9c6118d687c117df8ef3cc36a4d175\"},\"headline\":\"L&rsquo;Allemagne pr\u00eate 45 millions d&rsquo;euros \u00e0 la Tunisie pour moderniser les \u00e9tablissements \u00e9ducatifs\",\"datePublished\":\"2014-12-19T21:32:00+00:00\",\"mainEntityOfPage\":{\"@id\":\"https:\\\/\\\/www.webdo.tn\\\/fr\\\/actualite\\\/economie\\\/lallemagne-pret-45-millions-deuros-tunisie-moderniser-etablissements-educatifs\\\/185774\\\/\"},\"wordCount\":236,\"commentCount\":0,\"publisher\":{\"@id\":\"https:\\\/\\\/www.webdo.tn\\\/fr\\\/#organization\"},\"image\":{\"@id\":\"https:\\\/\\\/www.webdo.tn\\\/fr\\\/actualite\\\/economie\\\/lallemagne-pret-45-millions-deuros-tunisie-moderniser-etablissements-educatifs\\\/185774\\\/#primaryimage\"},\"thumbnailUrl\":\"https:\\\/\\\/www.webdo.tn\\\/fr\\\/wp-content\\\/uploads\\\/2014\\\/12\\\/webdo_default-56.jpg\",\"keywords\":[\"guerre\"],\"articleSection\":[\"Economie\"],\"inLanguage\":\"fr-FR\"},{\"@type\":\"WebPage\",\"@id\":\"https:\\\/\\\/www.webdo.tn\\\/fr\\\/actualite\\\/economie\\\/lallemagne-pret-45-millions-deuros-tunisie-moderniser-etablissements-educatifs\\\/185774\\\/\",\"url\":\"https:\\\/\\\/www.webdo.tn\\\/fr\\\/actualite\\\/economie\\\/lallemagne-pret-45-millions-deuros-tunisie-moderniser-etablissements-educatifs\\\/185774\\\/\",\"name\":\"L'Allemagne pr\u00eate 45 millions d'euros \u00e0 la Tunisie pour moderniser les \u00e9tablissements \u00e9ducatifs\",\"isPartOf\":{\"@id\":\"https:\\\/\\\/www.webdo.tn\\\/fr\\\/#website\"},\"primaryImageOfPage\":{\"@id\":\"https:\\\/\\\/www.webdo.tn\\\/fr\\\/actualite\\\/economie\\\/lallemagne-pret-45-millions-deuros-tunisie-moderniser-etablissements-educatifs\\\/185774\\\/#primaryimage\"},\"image\":{\"@id\":\"https:\\\/\\\/www.webdo.tn\\\/fr\\\/actualite\\\/economie\\\/lallemagne-pret-45-millions-deuros-tunisie-moderniser-etablissements-educatifs\\\/185774\\\/#primaryimage\"},\"thumbnailUrl\":\"https:\\\/\\\/www.webdo.tn\\\/fr\\\/wp-content\\\/uploads\\\/2014\\\/12\\\/webdo_default-56.jpg\",\"datePublished\":\"2014-12-19T21:32:00+00:00\",\"description\":\"L'Allemagne pr\u00eate 45 millions d'euros \u00e0 la Tunisie pour moderniser les \u00e9tablissements \u00e9ducatifs\",\"breadcrumb\":{\"@id\":\"https:\\\/\\\/www.webdo.tn\\\/fr\\\/actualite\\\/economie\\\/lallemagne-pret-45-millions-deuros-tunisie-moderniser-etablissements-educatifs\\\/185774\\\/#breadcrumb\"},\"inLanguage\":\"fr-FR\",\"potentialAction\":[{\"@type\":\"ReadAction\",\"target\":[\"https:\\\/\\\/www.webdo.tn\\\/fr\\\/actualite\\\/economie\\\/lallemagne-pret-45-millions-deuros-tunisie-moderniser-etablissements-educatifs\\\/185774\\\/\"]}]},{\"@type\":\"ImageObject\",\"inLanguage\":\"fr-FR\",\"@id\":\"https:\\\/\\\/www.webdo.tn\\\/fr\\\/actualite\\\/economie\\\/lallemagne-pret-45-millions-deuros-tunisie-moderniser-etablissements-educatifs\\\/185774\\\/#primaryimage\",\"url\":\"https:\\\/\\\/www.webdo.tn\\\/fr\\\/wp-content\\\/uploads\\\/2014\\\/12\\\/webdo_default-56.jpg\",\"contentUrl\":\"https:\\\/\\\/www.webdo.tn\\\/fr\\\/wp-content\\\/uploads\\\/2014\\\/12\\\/webdo_default-56.jpg\",\"width\":800,\"height\":500,\"caption\":\"L'Allemagne pr\u00eate 45 millions d'euros \u00e0 la Tunisie pour moderniser les \u00e9tablissements \u00e9ducatifs\"},{\"@type\":\"BreadcrumbList\",\"@id\":\"https:\\\/\\\/www.webdo.tn\\\/fr\\\/actualite\\\/economie\\\/lallemagne-pret-45-millions-deuros-tunisie-moderniser-etablissements-educatifs\\\/185774\\\/#breadcrumb\",\"itemListElement\":[{\"@type\":\"ListItem\",\"position\":1,\"name\":\"Accueil\",\"item\":\"https:\\\/\\\/www.webdo.tn\\\/fr\\\/\"},{\"@type\":\"ListItem\",\"position\":2,\"name\":\"L&rsquo;Allemagne pr\u00eate 45 millions d&rsquo;euros \u00e0 la Tunisie pour moderniser les \u00e9tablissements \u00e9ducatifs\"}]},{\"@type\":\"WebSite\",\"@id\":\"https:\\\/\\\/www.webdo.tn\\\/fr\\\/#website\",\"url\":\"https:\\\/\\\/www.webdo.tn\\\/fr\\\/\",\"name\":\"webdo\",\"description\":\"Tunisie - News en Tunisie et \u00e0 l&#039;international sur Webdo.tn\",\"publisher\":{\"@id\":\"https:\\\/\\\/www.webdo.tn\\\/fr\\\/#organization\"},\"potentialAction\":[{\"@type\":\"SearchAction\",\"target\":{\"@type\":\"EntryPoint\",\"urlTemplate\":\"https:\\\/\\\/www.webdo.tn\\\/fr\\\/?s={search_term_string}\"},\"query-input\":{\"@type\":\"PropertyValueSpecification\",\"valueRequired\":true,\"valueName\":\"search_term_string\"}}],\"inLanguage\":\"fr-FR\"},{\"@type\":\"Organization\",\"@id\":\"https:\\\/\\\/www.webdo.tn\\\/fr\\\/#organization\",\"name\":\"Webdo\",\"alternateName\":\"Webdo.tn\",\"url\":\"https:\\\/\\\/www.webdo.tn\\\/fr\\\/\",\"logo\":{\"@type\":\"ImageObject\",\"inLanguage\":\"fr-FR\",\"@id\":\"https:\\\/\\\/www.webdo.tn\\\/fr\\\/#\\\/schema\\\/logo\\\/image\\\/\",\"url\":\"https:\\\/\\\/www.webdo.tn\\\/fr\\\/wp-content\\\/uploads\\\/2025\\\/06\\\/Webdo-Tunisie_168377.jpg\",\"contentUrl\":\"https:\\\/\\\/www.webdo.tn\\\/fr\\\/wp-content\\\/uploads\\\/2025\\\/06\\\/Webdo-Tunisie_168377.jpg\",\"width\":301,\"height\":301,\"caption\":\"Webdo\"},\"image\":{\"@id\":\"https:\\\/\\\/www.webdo.tn\\\/fr\\\/#\\\/schema\\\/logo\\\/image\\\/\"},\"sameAs\":[\"https:\\\/\\\/www.facebook.com\\\/webdotn\",\"https:\\\/\\\/x.com\\\/webdo_tn\"],\"description\":\"Webdo est un m\u00e9dia num\u00e9rique tunisien fond\u00e9 en 2010, sp\u00e9cialis\u00e9 dans l\u2019actualit\u00e9 nationale et internationale, l\u2019\u00e9conomie, la soci\u00e9t\u00e9 et les analyses politiques. Le site s\u2019adresse \u00e0 un large public francophone et couvre l\u2019information tunisienne en temps r\u00e9el.\",\"email\":\"redac@webdo.tn\",\"legalName\":\"YNJ SARL\",\"foundingDate\":\"2010-09-06\",\"numberOfEmployees\":{\"@type\":\"QuantitativeValue\",\"minValue\":\"11\",\"maxValue\":\"50\"}},{\"@type\":\"Person\",\"@id\":\"https:\\\/\\\/www.webdo.tn\\\/fr\\\/#\\\/schema\\\/person\\\/9a9c6118d687c117df8ef3cc36a4d175\",\"name\":\"webdo.tn\",\"image\":{\"@type\":\"ImageObject\",\"inLanguage\":\"fr-FR\",\"@id\":\"https:\\\/\\\/secure.gravatar.com\\\/avatar\\\/7ce1f28c0c3bbac99ff550b85ef8e44a6950c6ee24514fb6a5489e51d06f0298?s=96&d=mm&r=g\",\"url\":\"https:\\\/\\\/secure.gravatar.com\\\/avatar\\\/7ce1f28c0c3bbac99ff550b85ef8e44a6950c6ee24514fb6a5489e51d06f0298?s=96&d=mm&r=g\",\"contentUrl\":\"https:\\\/\\\/secure.gravatar.com\\\/avatar\\\/7ce1f28c0c3bbac99ff550b85ef8e44a6950c6ee24514fb6a5489e51d06f0298?s=96&d=mm&r=g\",\"caption\":\"webdo.tn\"},\"url\":\"https:\\\/\\\/www.webdo.tn\\\/fr\\\/actualite\\\/author\\\/webdotn\\\/\"}]}<\/script>\n<!-- \/ Yoast SEO Premium plugin. -->","yoast_head_json":{"title":"L'Allemagne pr\u00eate 45 millions d'euros \u00e0 la Tunisie pour moderniser les \u00e9tablissements \u00e9ducatifs","description":"L'Allemagne pr\u00eate 45 millions d'euros \u00e0 la Tunisie pour moderniser les \u00e9tablissements \u00e9ducatifs","canonical":"https:\/\/www.webdo.tn\/fr\/actualite\/economie\/lallemagne-pret-45-millions-deuros-tunisie-moderniser-etablissements-educatifs\/185774\/","og_locale":"fr_FR","og_type":"article","og_title":"L'Allemagne pr\u00eate 45 millions d'euros \u00e0 la Tunisie pour moderniser les \u00e9tablissements \u00e9ducatifs","og_description":"L'Allemagne pr\u00eate 45 millions d'euros \u00e0 la Tunisie pour moderniser les \u00e9tablissements \u00e9ducatifs","og_url":"https:\/\/www.webdo.tn\/fr\/actualite\/economie\/lallemagne-pret-45-millions-deuros-tunisie-moderniser-etablissements-educatifs\/185774\/","og_site_name":"webdo","article_publisher":"https:\/\/www.facebook.com\/webdotn","article_published_time":"2014-12-19T21:32:00+00:00","og_image":[{"width":800,"height":500,"url":"https:\/\/www.webdo.tn\/fr\/wp-content\/uploads\/2014\/12\/webdo_default-56.jpg","type":"image\/jpeg"}],"author":"webdo.tn","twitter_card":"summary_large_image","twitter_creator":"@webdo_tn","twitter_site":"@webdo_tn","twitter_misc":{"\u00c9crit par":"webdo.tn","Dur\u00e9e de lecture estim\u00e9e":"1 minute"},"schema":{"@context":"https:\/\/schema.org","@graph":[{"@type":"NewsArticle","@id":"https:\/\/www.webdo.tn\/fr\/actualite\/economie\/lallemagne-pret-45-millions-deuros-tunisie-moderniser-etablissements-educatifs\/185774\/#article","isPartOf":{"@id":"https:\/\/www.webdo.tn\/fr\/actualite\/economie\/lallemagne-pret-45-millions-deuros-tunisie-moderniser-etablissements-educatifs\/185774\/"},"author":{"name":"webdo.tn","@id":"https:\/\/www.webdo.tn\/fr\/#\/schema\/person\/9a9c6118d687c117df8ef3cc36a4d175"},"headline":"L&rsquo;Allemagne pr\u00eate 45 millions d&rsquo;euros \u00e0 la Tunisie pour moderniser les \u00e9tablissements \u00e9ducatifs","datePublished":"2014-12-19T21:32:00+00:00","mainEntityOfPage":{"@id":"https:\/\/www.webdo.tn\/fr\/actualite\/economie\/lallemagne-pret-45-millions-deuros-tunisie-moderniser-etablissements-educatifs\/185774\/"},"wordCount":236,"commentCount":0,"publisher":{"@id":"https:\/\/www.webdo.tn\/fr\/#organization"},"image":{"@id":"https:\/\/www.webdo.tn\/fr\/actualite\/economie\/lallemagne-pret-45-millions-deuros-tunisie-moderniser-etablissements-educatifs\/185774\/#primaryimage"},"thumbnailUrl":"https:\/\/www.webdo.tn\/fr\/wp-content\/uploads\/2014\/12\/webdo_default-56.jpg","keywords":["guerre"],"articleSection":["Economie"],"inLanguage":"fr-FR"},{"@type":"WebPage","@id":"https:\/\/www.webdo.tn\/fr\/actualite\/economie\/lallemagne-pret-45-millions-deuros-tunisie-moderniser-etablissements-educatifs\/185774\/","url":"https:\/\/www.webdo.tn\/fr\/actualite\/economie\/lallemagne-pret-45-millions-deuros-tunisie-moderniser-etablissements-educatifs\/185774\/","name":"L'Allemagne pr\u00eate 45 millions d'euros \u00e0 la Tunisie pour moderniser les \u00e9tablissements \u00e9ducatifs","isPartOf":{"@id":"https:\/\/www.webdo.tn\/fr\/#website"},"primaryImageOfPage":{"@id":"https:\/\/www.webdo.tn\/fr\/actualite\/economie\/lallemagne-pret-45-millions-deuros-tunisie-moderniser-etablissements-educatifs\/185774\/#primaryimage"},"image":{"@id":"https:\/\/www.webdo.tn\/fr\/actualite\/economie\/lallemagne-pret-45-millions-deuros-tunisie-moderniser-etablissements-educatifs\/185774\/#primaryimage"},"thumbnailUrl":"https:\/\/www.webdo.tn\/fr\/wp-content\/uploads\/2014\/12\/webdo_default-56.jpg","datePublished":"2014-12-19T21:32:00+00:00","description":"L'Allemagne pr\u00eate 45 millions d'euros \u00e0 la Tunisie pour moderniser les \u00e9tablissements \u00e9ducatifs","breadcrumb":{"@id":"https:\/\/www.webdo.tn\/fr\/actualite\/economie\/lallemagne-pret-45-millions-deuros-tunisie-moderniser-etablissements-educatifs\/185774\/#breadcrumb"},"inLanguage":"fr-FR","potentialAction":[{"@type":"ReadAction","target":["https:\/\/www.webdo.tn\/fr\/actualite\/economie\/lallemagne-pret-45-millions-deuros-tunisie-moderniser-etablissements-educatifs\/185774\/"]}]},{"@type":"ImageObject","inLanguage":"fr-FR","@id":"https:\/\/www.webdo.tn\/fr\/actualite\/economie\/lallemagne-pret-45-millions-deuros-tunisie-moderniser-etablissements-educatifs\/185774\/#primaryimage","url":"https:\/\/www.webdo.tn\/fr\/wp-content\/uploads\/2014\/12\/webdo_default-56.jpg","contentUrl":"https:\/\/www.webdo.tn\/fr\/wp-content\/uploads\/2014\/12\/webdo_default-56.jpg","width":800,"height":500,"caption":"L'Allemagne pr\u00eate 45 millions d'euros \u00e0 la Tunisie pour moderniser les \u00e9tablissements \u00e9ducatifs"},{"@type":"BreadcrumbList","@id":"https:\/\/www.webdo.tn\/fr\/actualite\/economie\/lallemagne-pret-45-millions-deuros-tunisie-moderniser-etablissements-educatifs\/185774\/#breadcrumb","itemListElement":[{"@type":"ListItem","position":1,"name":"Accueil","item":"https:\/\/www.webdo.tn\/fr\/"},{"@type":"ListItem","position":2,"name":"L&rsquo;Allemagne pr\u00eate 45 millions d&rsquo;euros \u00e0 la Tunisie pour moderniser les \u00e9tablissements \u00e9ducatifs"}]},{"@type":"WebSite","@id":"https:\/\/www.webdo.tn\/fr\/#website","url":"https:\/\/www.webdo.tn\/fr\/","name":"webdo","description":"Tunisie - News en Tunisie et \u00e0 l&#039;international sur Webdo.tn","publisher":{"@id":"https:\/\/www.webdo.tn\/fr\/#organization"},"potentialAction":[{"@type":"SearchAction","target":{"@type":"EntryPoint","urlTemplate":"https:\/\/www.webdo.tn\/fr\/?s={search_term_string}"},"query-input":{"@type":"PropertyValueSpecification","valueRequired":true,"valueName":"search_term_string"}}],"inLanguage":"fr-FR"},{"@type":"Organization","@id":"https:\/\/www.webdo.tn\/fr\/#organization","name":"Webdo","alternateName":"Webdo.tn","url":"https:\/\/www.webdo.tn\/fr\/","logo":{"@type":"ImageObject","inLanguage":"fr-FR","@id":"https:\/\/www.webdo.tn\/fr\/#\/schema\/logo\/image\/","url":"https:\/\/www.webdo.tn\/fr\/wp-content\/uploads\/2025\/06\/Webdo-Tunisie_168377.jpg","contentUrl":"https:\/\/www.webdo.tn\/fr\/wp-content\/uploads\/2025\/06\/Webdo-Tunisie_168377.jpg","width":301,"height":301,"caption":"Webdo"},"image":{"@id":"https:\/\/www.webdo.tn\/fr\/#\/schema\/logo\/image\/"},"sameAs":["https:\/\/www.facebook.com\/webdotn","https:\/\/x.com\/webdo_tn"],"description":"Webdo est un m\u00e9dia num\u00e9rique tunisien fond\u00e9 en 2010, sp\u00e9cialis\u00e9 dans l\u2019actualit\u00e9 nationale et internationale, l\u2019\u00e9conomie, la soci\u00e9t\u00e9 et les analyses politiques. Le site s\u2019adresse \u00e0 un large public francophone et couvre l\u2019information tunisienne en temps r\u00e9el.","email":"redac@webdo.tn","legalName":"YNJ SARL","foundingDate":"2010-09-06","numberOfEmployees":{"@type":"QuantitativeValue","minValue":"11","maxValue":"50"}},{"@type":"Person","@id":"https:\/\/www.webdo.tn\/fr\/#\/schema\/person\/9a9c6118d687c117df8ef3cc36a4d175","name":"webdo.tn","image":{"@type":"ImageObject","inLanguage":"fr-FR","@id":"https:\/\/secure.gravatar.com\/avatar\/7ce1f28c0c3bbac99ff550b85ef8e44a6950c6ee24514fb6a5489e51d06f0298?s=96&d=mm&r=g","url":"https:\/\/secure.gravatar.com\/avatar\/7ce1f28c0c3bbac99ff550b85ef8e44a6950c6ee24514fb6a5489e51d06f0298?s=96&d=mm&r=g","contentUrl":"https:\/\/secure.gravatar.com\/avatar\/7ce1f28c0c3bbac99ff550b85ef8e44a6950c6ee24514fb6a5489e51d06f0298?s=96&d=mm&r=g","caption":"webdo.tn"},"url":"https:\/\/www.webdo.tn\/fr\/actualite\/author\/webdotn\/"}]}},"_links":{"self":[{"href":"https:\/\/www.webdo.tn\/fr\/wp-json\/wp\/v2\/posts\/185774","targetHints":{"allow":["GET"]}}],"collection":[{"href":"https:\/\/www.webdo.tn\/fr\/wp-json\/wp\/v2\/posts"}],"about":[{"href":"https:\/\/www.webdo.tn\/fr\/wp-json\/wp\/v2\/types\/post"}],"author":[{"embeddable":true,"href":"https:\/\/www.webdo.tn\/fr\/wp-json\/wp\/v2\/users\/3222"}],"replies":[{"embeddable":true,"href":"https:\/\/www.webdo.tn\/fr\/wp-json\/wp\/v2\/comments?post=185774"}],"version-history":[{"count":0,"href":"https:\/\/www.webdo.tn\/fr\/wp-json\/wp\/v2\/posts\/185774\/revisions"}],"wp:featuredmedia":[{"embeddable":true,"href":"https:\/\/www.webdo.tn\/fr\/wp-json\/wp\/v2\/media\/330966"}],"wp:attachment":[{"href":"https:\/\/www.webdo.tn\/fr\/wp-json\/wp\/v2\/media?parent=185774"}],"wp:term":[{"taxonomy":"category","embeddable":true,"href":"https:\/\/www.webdo.tn\/fr\/wp-json\/wp\/v2\/categories?post=185774"},{"taxonomy":"post_tag","embeddable":true,"href":"https:\/\/www.webdo.tn\/fr\/wp-json\/wp\/v2\/tags?post=185774"}],"curies":[{"name":"wp","href":"https:\/\/api.w.org\/{rel}","templated":true}]}}