{"id":185767,"date":"2015-01-20T23:33:00","date_gmt":"2015-01-20T23:33:00","guid":{"rendered":"https:\/\/www.webdo.tn\/fr\/blog\/tunisie-arret-de-la-production-au-sein-du-groupe-chimique-tunisien-de-gabes\/185767\/"},"modified":"2015-01-20T23:33:00","modified_gmt":"2015-01-20T23:33:00","slug":"tunisie-arret-de-la-production-au-sein-du-groupe-chimique-tunisien-de-gabes","status":"publish","type":"post","link":"https:\/\/www.webdo.tn\/fr\/actualite\/economie\/tunisie-arret-de-la-production-au-sein-du-groupe-chimique-tunisien-de-gabes\/185767\/","title":{"rendered":"Arr\u00eat de la production au sein du Groupe chimique tunisien de Gab\u00e8s"},"content":{"rendered":"<p>La production au sein du Groupe chimique tunisien (GCT) de Gab\u00e8s a \u00e9t\u00e9 arr\u00eat\u00e9e en raison de l\u2019\u00e9puisement des quantit\u00e9s de phosphate, \u00e0 cause d&rsquo;une gr\u00e8ve nous a affirm\u00e9 Ali Houchati,\u00a0responsable de l\u2019information \u00e0 la CPG, ce mercredi 21 janvier.<\/p>\n<p>La production a \u00e9t\u00e9 totalement suspendue, mardi, dans l\u2019ensemble des unit\u00e9s du Groupe chimique tunisien \u00e0 Gab\u00e8s, en raison de l\u2019\u00e9puisement des quantit\u00e9s de phosphate \u00e0 cause du probl\u00e8me de transport survenu suite \u00e0 la gr\u00e8ve. Les activit\u00e9s seront interrompues dans les unit\u00e9s de production, durant plusieurs semaines.<\/p>\n<p>Cette situation pourrait causer de nombreux pr\u00e9judices aux clients locaux, surtout parmi les producteurs de fourrages et entravera l\u2019approvisionnement des agriculteurs en di-ammonium phosphate (DAP).<\/p>\n<p>Les n\u00e9gociations avec le minist\u00e8re de l&rsquo;Industrie continuent d&rsquo;apr\u00e8s M. Houchati. Nous avons contact\u00e9 le minist\u00e8re pour avoir plus de d\u00e9tails, mais personne ne d\u00e9crochait.<\/p>\n<p>Le secr\u00e9taire g\u00e9n\u00e9ral-adjoint de l&rsquo;UGTT, Kamel Sa\u00e2d a annonc\u00e9, mardi 20 janvier, que la session du dialogue ayant r\u00e9uni les repr\u00e9sentants de la F\u00e9d\u00e9ration G\u00e9n\u00e9rale des Mines et de l&rsquo;Union R\u00e9gionale du Travail de Gafsa avec Kamel Bennasr Ministre de l&rsquo;industrie, de l&rsquo;\u00e9nergie et des mines et Ahmed Ammar Youmbai, ministre des affaires sociales reprend en vue de satisfaire les revendications des agents gr\u00e9vistes de la Compagnie de Phosphates de Gafsa (CPG), rapporte\u00a0africanmanager.\u00a0<br \/>\nL&rsquo;alerte donn\u00e9e depuis juin 2013<br \/>\nEn juin 2013, des responsables du secteur, s&rsquo;\u00e9taient d\u00e9j\u00e0 alarm\u00e9s quant au faible rythme du transport du phosphate vers les usines d\u2019engrais se poursuit \u00e0 ce rythme. \u00ab\u00a0Si le transport du phosphate vers les usines d\u2019engrais se poursuit \u00e0 ce rythme la production au GCT devrait s\u2019arr\u00eater \u00e0 la fin du mois de juin (2013)\u00a0\u00bb, avaient-ils averti.<\/p>\n","protected":false},"excerpt":{"rendered":"<p>Arr\u00eat de la production au sein du Groupe chimique tunisien de Gab\u00e8s<\/p>\n","protected":false},"author":3222,"featured_media":330843,"comment_status":"open","ping_status":"closed","sticky":false,"template":"","format":"standard","meta":{"footnotes":""},"categories":[11334],"tags":[2600],"class_list":["post-185767","post","type-post","status-publish","format-standard","has-post-thumbnail","hentry","category-economie","tag-guerre"],"yoast_head":"<!-- This site is optimized with the Yoast SEO Premium plugin v27.5 (Yoast SEO v27.5) - https:\/\/yoast.com\/product\/yoast-seo-premium-wordpress\/ -->\n<title>Arr\u00eat de la production au sein du Groupe chimique tunisien de Gab\u00e8s<\/title>\n<meta name=\"description\" content=\"Arr\u00eat de la production au sein du Groupe chimique tunisien de Gab\u00e8s\" \/>\n<link rel=\"canonical\" href=\"https:\/\/www.webdo.tn\/fr\/actualite\/economie\/tunisie-arret-de-la-production-au-sein-du-groupe-chimique-tunisien-de-gabes\/185767\/\" \/>\n<meta property=\"og:locale\" content=\"fr_FR\" \/>\n<meta property=\"og:type\" content=\"article\" \/>\n<meta property=\"og:title\" content=\"Arr\u00eat de la production au sein du Groupe chimique tunisien de Gab\u00e8s\" \/>\n<meta property=\"og:description\" content=\"Arr\u00eat de la production au sein du Groupe chimique tunisien de Gab\u00e8s\" \/>\n<meta property=\"og:url\" content=\"https:\/\/www.webdo.tn\/fr\/actualite\/economie\/tunisie-arret-de-la-production-au-sein-du-groupe-chimique-tunisien-de-gabes\/185767\/\" \/>\n<meta property=\"og:site_name\" content=\"webdo\" \/>\n<meta property=\"article:publisher\" content=\"https:\/\/www.facebook.com\/webdotn\" \/>\n<meta property=\"article:published_time\" content=\"2015-01-20T23:33:00+00:00\" \/>\n<meta property=\"og:image\" content=\"https:\/\/www.webdo.tn\/fr\/wp-content\/uploads\/2015\/01\/Groupe-chimique-de-gabes.jpg\" \/>\n\t<meta property=\"og:image:width\" content=\"289\" \/>\n\t<meta property=\"og:image:height\" content=\"200\" \/>\n\t<meta property=\"og:image:type\" content=\"image\/jpeg\" \/>\n<meta name=\"author\" content=\"webdo.tn\" \/>\n<meta name=\"twitter:card\" content=\"summary_large_image\" \/>\n<meta name=\"twitter:creator\" content=\"@webdo_tn\" \/>\n<meta name=\"twitter:site\" content=\"@webdo_tn\" \/>\n<meta name=\"twitter:label1\" content=\"\u00c9crit par\" \/>\n\t<meta name=\"twitter:data1\" content=\"webdo.tn\" \/>\n\t<meta name=\"twitter:label2\" content=\"Dur\u00e9e de lecture estim\u00e9e\" \/>\n\t<meta name=\"twitter:data2\" content=\"2 minutes\" \/>\n<script type=\"application\/ld+json\" class=\"yoast-schema-graph\">{\"@context\":\"https:\\\/\\\/schema.org\",\"@graph\":[{\"@type\":\"NewsArticle\",\"@id\":\"https:\\\/\\\/www.webdo.tn\\\/fr\\\/actualite\\\/economie\\\/tunisie-arret-de-la-production-au-sein-du-groupe-chimique-tunisien-de-gabes\\\/185767\\\/#article\",\"isPartOf\":{\"@id\":\"https:\\\/\\\/www.webdo.tn\\\/fr\\\/actualite\\\/economie\\\/tunisie-arret-de-la-production-au-sein-du-groupe-chimique-tunisien-de-gabes\\\/185767\\\/\"},\"author\":{\"name\":\"webdo.tn\",\"@id\":\"https:\\\/\\\/www.webdo.tn\\\/fr\\\/#\\\/schema\\\/person\\\/9a9c6118d687c117df8ef3cc36a4d175\"},\"headline\":\"Arr\u00eat de la production au sein du Groupe chimique tunisien de Gab\u00e8s\",\"datePublished\":\"2015-01-20T23:33:00+00:00\",\"mainEntityOfPage\":{\"@id\":\"https:\\\/\\\/www.webdo.tn\\\/fr\\\/actualite\\\/economie\\\/tunisie-arret-de-la-production-au-sein-du-groupe-chimique-tunisien-de-gabes\\\/185767\\\/\"},\"wordCount\":328,\"commentCount\":0,\"publisher\":{\"@id\":\"https:\\\/\\\/www.webdo.tn\\\/fr\\\/#organization\"},\"image\":{\"@id\":\"https:\\\/\\\/www.webdo.tn\\\/fr\\\/actualite\\\/economie\\\/tunisie-arret-de-la-production-au-sein-du-groupe-chimique-tunisien-de-gabes\\\/185767\\\/#primaryimage\"},\"thumbnailUrl\":\"https:\\\/\\\/www.webdo.tn\\\/fr\\\/wp-content\\\/uploads\\\/2015\\\/01\\\/Groupe-chimique-de-gabes.jpg\",\"keywords\":[\"guerre\"],\"articleSection\":[\"Economie\"],\"inLanguage\":\"fr-FR\"},{\"@type\":\"WebPage\",\"@id\":\"https:\\\/\\\/www.webdo.tn\\\/fr\\\/actualite\\\/economie\\\/tunisie-arret-de-la-production-au-sein-du-groupe-chimique-tunisien-de-gabes\\\/185767\\\/\",\"url\":\"https:\\\/\\\/www.webdo.tn\\\/fr\\\/actualite\\\/economie\\\/tunisie-arret-de-la-production-au-sein-du-groupe-chimique-tunisien-de-gabes\\\/185767\\\/\",\"name\":\"Arr\u00eat de la production au sein du Groupe chimique tunisien de Gab\u00e8s\",\"isPartOf\":{\"@id\":\"https:\\\/\\\/www.webdo.tn\\\/fr\\\/#website\"},\"primaryImageOfPage\":{\"@id\":\"https:\\\/\\\/www.webdo.tn\\\/fr\\\/actualite\\\/economie\\\/tunisie-arret-de-la-production-au-sein-du-groupe-chimique-tunisien-de-gabes\\\/185767\\\/#primaryimage\"},\"image\":{\"@id\":\"https:\\\/\\\/www.webdo.tn\\\/fr\\\/actualite\\\/economie\\\/tunisie-arret-de-la-production-au-sein-du-groupe-chimique-tunisien-de-gabes\\\/185767\\\/#primaryimage\"},\"thumbnailUrl\":\"https:\\\/\\\/www.webdo.tn\\\/fr\\\/wp-content\\\/uploads\\\/2015\\\/01\\\/Groupe-chimique-de-gabes.jpg\",\"datePublished\":\"2015-01-20T23:33:00+00:00\",\"description\":\"Arr\u00eat de la production au sein du Groupe chimique tunisien de Gab\u00e8s\",\"breadcrumb\":{\"@id\":\"https:\\\/\\\/www.webdo.tn\\\/fr\\\/actualite\\\/economie\\\/tunisie-arret-de-la-production-au-sein-du-groupe-chimique-tunisien-de-gabes\\\/185767\\\/#breadcrumb\"},\"inLanguage\":\"fr-FR\",\"potentialAction\":[{\"@type\":\"ReadAction\",\"target\":[\"https:\\\/\\\/www.webdo.tn\\\/fr\\\/actualite\\\/economie\\\/tunisie-arret-de-la-production-au-sein-du-groupe-chimique-tunisien-de-gabes\\\/185767\\\/\"]}]},{\"@type\":\"ImageObject\",\"inLanguage\":\"fr-FR\",\"@id\":\"https:\\\/\\\/www.webdo.tn\\\/fr\\\/actualite\\\/economie\\\/tunisie-arret-de-la-production-au-sein-du-groupe-chimique-tunisien-de-gabes\\\/185767\\\/#primaryimage\",\"url\":\"https:\\\/\\\/www.webdo.tn\\\/fr\\\/wp-content\\\/uploads\\\/2015\\\/01\\\/Groupe-chimique-de-gabes.jpg\",\"contentUrl\":\"https:\\\/\\\/www.webdo.tn\\\/fr\\\/wp-content\\\/uploads\\\/2015\\\/01\\\/Groupe-chimique-de-gabes.jpg\",\"width\":289,\"height\":200,\"caption\":\"Arr\u00eat de la production au sein du Groupe chimique tunisien de Gab\u00e8s\"},{\"@type\":\"BreadcrumbList\",\"@id\":\"https:\\\/\\\/www.webdo.tn\\\/fr\\\/actualite\\\/economie\\\/tunisie-arret-de-la-production-au-sein-du-groupe-chimique-tunisien-de-gabes\\\/185767\\\/#breadcrumb\",\"itemListElement\":[{\"@type\":\"ListItem\",\"position\":1,\"name\":\"Accueil\",\"item\":\"https:\\\/\\\/www.webdo.tn\\\/fr\\\/\"},{\"@type\":\"ListItem\",\"position\":2,\"name\":\"Arr\u00eat de la production au sein du Groupe chimique tunisien de Gab\u00e8s\"}]},{\"@type\":\"WebSite\",\"@id\":\"https:\\\/\\\/www.webdo.tn\\\/fr\\\/#website\",\"url\":\"https:\\\/\\\/www.webdo.tn\\\/fr\\\/\",\"name\":\"webdo\",\"description\":\"Tunisie - News en Tunisie et \u00e0 l&#039;international sur Webdo.tn\",\"publisher\":{\"@id\":\"https:\\\/\\\/www.webdo.tn\\\/fr\\\/#organization\"},\"potentialAction\":[{\"@type\":\"SearchAction\",\"target\":{\"@type\":\"EntryPoint\",\"urlTemplate\":\"https:\\\/\\\/www.webdo.tn\\\/fr\\\/?s={search_term_string}\"},\"query-input\":{\"@type\":\"PropertyValueSpecification\",\"valueRequired\":true,\"valueName\":\"search_term_string\"}}],\"inLanguage\":\"fr-FR\"},{\"@type\":\"Organization\",\"@id\":\"https:\\\/\\\/www.webdo.tn\\\/fr\\\/#organization\",\"name\":\"Webdo\",\"alternateName\":\"Webdo.tn\",\"url\":\"https:\\\/\\\/www.webdo.tn\\\/fr\\\/\",\"logo\":{\"@type\":\"ImageObject\",\"inLanguage\":\"fr-FR\",\"@id\":\"https:\\\/\\\/www.webdo.tn\\\/fr\\\/#\\\/schema\\\/logo\\\/image\\\/\",\"url\":\"https:\\\/\\\/www.webdo.tn\\\/fr\\\/wp-content\\\/uploads\\\/2025\\\/06\\\/Webdo-Tunisie_168377.jpg\",\"contentUrl\":\"https:\\\/\\\/www.webdo.tn\\\/fr\\\/wp-content\\\/uploads\\\/2025\\\/06\\\/Webdo-Tunisie_168377.jpg\",\"width\":301,\"height\":301,\"caption\":\"Webdo\"},\"image\":{\"@id\":\"https:\\\/\\\/www.webdo.tn\\\/fr\\\/#\\\/schema\\\/logo\\\/image\\\/\"},\"sameAs\":[\"https:\\\/\\\/www.facebook.com\\\/webdotn\",\"https:\\\/\\\/x.com\\\/webdo_tn\"],\"description\":\"Webdo est un m\u00e9dia num\u00e9rique tunisien fond\u00e9 en 2010, sp\u00e9cialis\u00e9 dans l\u2019actualit\u00e9 nationale et internationale, l\u2019\u00e9conomie, la soci\u00e9t\u00e9 et les analyses politiques. Le site s\u2019adresse \u00e0 un large public francophone et couvre l\u2019information tunisienne en temps r\u00e9el.\",\"email\":\"redac@webdo.tn\",\"legalName\":\"YNJ SARL\",\"foundingDate\":\"2010-09-06\",\"numberOfEmployees\":{\"@type\":\"QuantitativeValue\",\"minValue\":\"11\",\"maxValue\":\"50\"}},{\"@type\":\"Person\",\"@id\":\"https:\\\/\\\/www.webdo.tn\\\/fr\\\/#\\\/schema\\\/person\\\/9a9c6118d687c117df8ef3cc36a4d175\",\"name\":\"webdo.tn\",\"image\":{\"@type\":\"ImageObject\",\"inLanguage\":\"fr-FR\",\"@id\":\"https:\\\/\\\/secure.gravatar.com\\\/avatar\\\/7ce1f28c0c3bbac99ff550b85ef8e44a6950c6ee24514fb6a5489e51d06f0298?s=96&d=mm&r=g\",\"url\":\"https:\\\/\\\/secure.gravatar.com\\\/avatar\\\/7ce1f28c0c3bbac99ff550b85ef8e44a6950c6ee24514fb6a5489e51d06f0298?s=96&d=mm&r=g\",\"contentUrl\":\"https:\\\/\\\/secure.gravatar.com\\\/avatar\\\/7ce1f28c0c3bbac99ff550b85ef8e44a6950c6ee24514fb6a5489e51d06f0298?s=96&d=mm&r=g\",\"caption\":\"webdo.tn\"},\"url\":\"https:\\\/\\\/www.webdo.tn\\\/fr\\\/actualite\\\/author\\\/webdotn\\\/\"}]}<\/script>\n<!-- \/ Yoast SEO Premium plugin. -->","yoast_head_json":{"title":"Arr\u00eat de la production au sein du Groupe chimique tunisien de Gab\u00e8s","description":"Arr\u00eat de la production au sein du Groupe chimique tunisien de Gab\u00e8s","canonical":"https:\/\/www.webdo.tn\/fr\/actualite\/economie\/tunisie-arret-de-la-production-au-sein-du-groupe-chimique-tunisien-de-gabes\/185767\/","og_locale":"fr_FR","og_type":"article","og_title":"Arr\u00eat de la production au sein du Groupe chimique tunisien de Gab\u00e8s","og_description":"Arr\u00eat de la production au sein du Groupe chimique tunisien de Gab\u00e8s","og_url":"https:\/\/www.webdo.tn\/fr\/actualite\/economie\/tunisie-arret-de-la-production-au-sein-du-groupe-chimique-tunisien-de-gabes\/185767\/","og_site_name":"webdo","article_publisher":"https:\/\/www.facebook.com\/webdotn","article_published_time":"2015-01-20T23:33:00+00:00","og_image":[{"width":289,"height":200,"url":"https:\/\/www.webdo.tn\/fr\/wp-content\/uploads\/2015\/01\/Groupe-chimique-de-gabes.jpg","type":"image\/jpeg"}],"author":"webdo.tn","twitter_card":"summary_large_image","twitter_creator":"@webdo_tn","twitter_site":"@webdo_tn","twitter_misc":{"\u00c9crit par":"webdo.tn","Dur\u00e9e de lecture estim\u00e9e":"2 minutes"},"schema":{"@context":"https:\/\/schema.org","@graph":[{"@type":"NewsArticle","@id":"https:\/\/www.webdo.tn\/fr\/actualite\/economie\/tunisie-arret-de-la-production-au-sein-du-groupe-chimique-tunisien-de-gabes\/185767\/#article","isPartOf":{"@id":"https:\/\/www.webdo.tn\/fr\/actualite\/economie\/tunisie-arret-de-la-production-au-sein-du-groupe-chimique-tunisien-de-gabes\/185767\/"},"author":{"name":"webdo.tn","@id":"https:\/\/www.webdo.tn\/fr\/#\/schema\/person\/9a9c6118d687c117df8ef3cc36a4d175"},"headline":"Arr\u00eat de la production au sein du Groupe chimique tunisien de Gab\u00e8s","datePublished":"2015-01-20T23:33:00+00:00","mainEntityOfPage":{"@id":"https:\/\/www.webdo.tn\/fr\/actualite\/economie\/tunisie-arret-de-la-production-au-sein-du-groupe-chimique-tunisien-de-gabes\/185767\/"},"wordCount":328,"commentCount":0,"publisher":{"@id":"https:\/\/www.webdo.tn\/fr\/#organization"},"image":{"@id":"https:\/\/www.webdo.tn\/fr\/actualite\/economie\/tunisie-arret-de-la-production-au-sein-du-groupe-chimique-tunisien-de-gabes\/185767\/#primaryimage"},"thumbnailUrl":"https:\/\/www.webdo.tn\/fr\/wp-content\/uploads\/2015\/01\/Groupe-chimique-de-gabes.jpg","keywords":["guerre"],"articleSection":["Economie"],"inLanguage":"fr-FR"},{"@type":"WebPage","@id":"https:\/\/www.webdo.tn\/fr\/actualite\/economie\/tunisie-arret-de-la-production-au-sein-du-groupe-chimique-tunisien-de-gabes\/185767\/","url":"https:\/\/www.webdo.tn\/fr\/actualite\/economie\/tunisie-arret-de-la-production-au-sein-du-groupe-chimique-tunisien-de-gabes\/185767\/","name":"Arr\u00eat de la production au sein du Groupe chimique tunisien de Gab\u00e8s","isPartOf":{"@id":"https:\/\/www.webdo.tn\/fr\/#website"},"primaryImageOfPage":{"@id":"https:\/\/www.webdo.tn\/fr\/actualite\/economie\/tunisie-arret-de-la-production-au-sein-du-groupe-chimique-tunisien-de-gabes\/185767\/#primaryimage"},"image":{"@id":"https:\/\/www.webdo.tn\/fr\/actualite\/economie\/tunisie-arret-de-la-production-au-sein-du-groupe-chimique-tunisien-de-gabes\/185767\/#primaryimage"},"thumbnailUrl":"https:\/\/www.webdo.tn\/fr\/wp-content\/uploads\/2015\/01\/Groupe-chimique-de-gabes.jpg","datePublished":"2015-01-20T23:33:00+00:00","description":"Arr\u00eat de la production au sein du Groupe chimique tunisien de Gab\u00e8s","breadcrumb":{"@id":"https:\/\/www.webdo.tn\/fr\/actualite\/economie\/tunisie-arret-de-la-production-au-sein-du-groupe-chimique-tunisien-de-gabes\/185767\/#breadcrumb"},"inLanguage":"fr-FR","potentialAction":[{"@type":"ReadAction","target":["https:\/\/www.webdo.tn\/fr\/actualite\/economie\/tunisie-arret-de-la-production-au-sein-du-groupe-chimique-tunisien-de-gabes\/185767\/"]}]},{"@type":"ImageObject","inLanguage":"fr-FR","@id":"https:\/\/www.webdo.tn\/fr\/actualite\/economie\/tunisie-arret-de-la-production-au-sein-du-groupe-chimique-tunisien-de-gabes\/185767\/#primaryimage","url":"https:\/\/www.webdo.tn\/fr\/wp-content\/uploads\/2015\/01\/Groupe-chimique-de-gabes.jpg","contentUrl":"https:\/\/www.webdo.tn\/fr\/wp-content\/uploads\/2015\/01\/Groupe-chimique-de-gabes.jpg","width":289,"height":200,"caption":"Arr\u00eat de la production au sein du Groupe chimique tunisien de Gab\u00e8s"},{"@type":"BreadcrumbList","@id":"https:\/\/www.webdo.tn\/fr\/actualite\/economie\/tunisie-arret-de-la-production-au-sein-du-groupe-chimique-tunisien-de-gabes\/185767\/#breadcrumb","itemListElement":[{"@type":"ListItem","position":1,"name":"Accueil","item":"https:\/\/www.webdo.tn\/fr\/"},{"@type":"ListItem","position":2,"name":"Arr\u00eat de la production au sein du Groupe chimique tunisien de Gab\u00e8s"}]},{"@type":"WebSite","@id":"https:\/\/www.webdo.tn\/fr\/#website","url":"https:\/\/www.webdo.tn\/fr\/","name":"webdo","description":"Tunisie - News en Tunisie et \u00e0 l&#039;international sur Webdo.tn","publisher":{"@id":"https:\/\/www.webdo.tn\/fr\/#organization"},"potentialAction":[{"@type":"SearchAction","target":{"@type":"EntryPoint","urlTemplate":"https:\/\/www.webdo.tn\/fr\/?s={search_term_string}"},"query-input":{"@type":"PropertyValueSpecification","valueRequired":true,"valueName":"search_term_string"}}],"inLanguage":"fr-FR"},{"@type":"Organization","@id":"https:\/\/www.webdo.tn\/fr\/#organization","name":"Webdo","alternateName":"Webdo.tn","url":"https:\/\/www.webdo.tn\/fr\/","logo":{"@type":"ImageObject","inLanguage":"fr-FR","@id":"https:\/\/www.webdo.tn\/fr\/#\/schema\/logo\/image\/","url":"https:\/\/www.webdo.tn\/fr\/wp-content\/uploads\/2025\/06\/Webdo-Tunisie_168377.jpg","contentUrl":"https:\/\/www.webdo.tn\/fr\/wp-content\/uploads\/2025\/06\/Webdo-Tunisie_168377.jpg","width":301,"height":301,"caption":"Webdo"},"image":{"@id":"https:\/\/www.webdo.tn\/fr\/#\/schema\/logo\/image\/"},"sameAs":["https:\/\/www.facebook.com\/webdotn","https:\/\/x.com\/webdo_tn"],"description":"Webdo est un m\u00e9dia num\u00e9rique tunisien fond\u00e9 en 2010, sp\u00e9cialis\u00e9 dans l\u2019actualit\u00e9 nationale et internationale, l\u2019\u00e9conomie, la soci\u00e9t\u00e9 et les analyses politiques. Le site s\u2019adresse \u00e0 un large public francophone et couvre l\u2019information tunisienne en temps r\u00e9el.","email":"redac@webdo.tn","legalName":"YNJ SARL","foundingDate":"2010-09-06","numberOfEmployees":{"@type":"QuantitativeValue","minValue":"11","maxValue":"50"}},{"@type":"Person","@id":"https:\/\/www.webdo.tn\/fr\/#\/schema\/person\/9a9c6118d687c117df8ef3cc36a4d175","name":"webdo.tn","image":{"@type":"ImageObject","inLanguage":"fr-FR","@id":"https:\/\/secure.gravatar.com\/avatar\/7ce1f28c0c3bbac99ff550b85ef8e44a6950c6ee24514fb6a5489e51d06f0298?s=96&d=mm&r=g","url":"https:\/\/secure.gravatar.com\/avatar\/7ce1f28c0c3bbac99ff550b85ef8e44a6950c6ee24514fb6a5489e51d06f0298?s=96&d=mm&r=g","contentUrl":"https:\/\/secure.gravatar.com\/avatar\/7ce1f28c0c3bbac99ff550b85ef8e44a6950c6ee24514fb6a5489e51d06f0298?s=96&d=mm&r=g","caption":"webdo.tn"},"url":"https:\/\/www.webdo.tn\/fr\/actualite\/author\/webdotn\/"}]}},"_links":{"self":[{"href":"https:\/\/www.webdo.tn\/fr\/wp-json\/wp\/v2\/posts\/185767","targetHints":{"allow":["GET"]}}],"collection":[{"href":"https:\/\/www.webdo.tn\/fr\/wp-json\/wp\/v2\/posts"}],"about":[{"href":"https:\/\/www.webdo.tn\/fr\/wp-json\/wp\/v2\/types\/post"}],"author":[{"embeddable":true,"href":"https:\/\/www.webdo.tn\/fr\/wp-json\/wp\/v2\/users\/3222"}],"replies":[{"embeddable":true,"href":"https:\/\/www.webdo.tn\/fr\/wp-json\/wp\/v2\/comments?post=185767"}],"version-history":[{"count":0,"href":"https:\/\/www.webdo.tn\/fr\/wp-json\/wp\/v2\/posts\/185767\/revisions"}],"wp:featuredmedia":[{"embeddable":true,"href":"https:\/\/www.webdo.tn\/fr\/wp-json\/wp\/v2\/media\/330843"}],"wp:attachment":[{"href":"https:\/\/www.webdo.tn\/fr\/wp-json\/wp\/v2\/media?parent=185767"}],"wp:term":[{"taxonomy":"category","embeddable":true,"href":"https:\/\/www.webdo.tn\/fr\/wp-json\/wp\/v2\/categories?post=185767"},{"taxonomy":"post_tag","embeddable":true,"href":"https:\/\/www.webdo.tn\/fr\/wp-json\/wp\/v2\/tags?post=185767"}],"curies":[{"name":"wp","href":"https:\/\/api.w.org\/{rel}","templated":true}]}}