{"id":185766,"date":"2015-01-21T11:55:00","date_gmt":"2015-01-21T11:55:00","guid":{"rendered":"https:\/\/www.webdo.tn\/fr\/blog\/tunis-negociations-entre-le-gouvernement-et-les-grevistes-de-la-cpg\/185766\/"},"modified":"2015-01-21T11:55:00","modified_gmt":"2015-01-21T11:55:00","slug":"tunis-negociations-entre-le-gouvernement-et-les-grevistes-de-la-cpg","status":"publish","type":"post","link":"https:\/\/www.webdo.tn\/fr\/actualite\/economie\/tunis-negociations-entre-le-gouvernement-et-les-grevistes-de-la-cpg\/185766\/","title":{"rendered":"Tunis : N\u00e9gociations entre le gouvernement et les gr\u00e9vistes de la CPG"},"content":{"rendered":"<p>Ce mercredi 21 janvier, les n\u00e9gociations entre les gr\u00e9vistes et syndicalistes de la Compagnie des Phosphates de Gafsa (CPG) et les minist\u00e8re des Affaires sociales et de l&rsquo;Industrie, \u00e0 Tunis continuent.<\/p>\n<p>A Gafsa, les gr\u00e8ves se multiplient : depuis le 13 d\u00e9cembre 2014, 1700 agents de la Soci\u00e9t\u00e9 de transport de la Compagnie des phosphates de Gafsa (CPG), soit pr\u00e8s de 90% du personnel, sont en gr\u00e8ve. Leur revendication :\u00a0\u00eatre int\u00e9gr\u00e9s \u00e0 la CPG.\u00a0<\/p>\n<p>Depuis le 12 janvier 2015, plus de 8000 agents de la CPG sont en gr\u00e8ve aussi. Ils demandent des primes de production pour les ann\u00e9es 2012, 2013 et 2014, nous a d\u00e9clar\u00e9, ce mercredi 21 mercredi, Houcine Nabli, l&rsquo;un des agents gr\u00e9vistes \u00e0 Om La\u00e2rayes.<\/p>\n<p>Depuis ce mardi, les n\u00e9gociations entre les gr\u00e9vistes de la CPG avec les minist\u00e8re des Affaires sociales et de l&rsquo;Industrie \u00e0 Tunis ont permis un premier accord de 600 dt de primes. Nous avons contact\u00e9 le minist\u00e8re de l&rsquo;Industrie pour une confirmation mais personne ne d\u00e9crochait.<\/p>\n<p>Une autre gr\u00e8ve qui a commenc\u00e9 \u00e9galement depuis deux jours a provoqu\u00e9 l&rsquo;arr\u00eat de la production au sein du Groupe chimique tunisien (GCT) de Gab\u00e8s, nous a affirm\u00e9 Ali Houchati,\u00a0responsable de l\u2019information \u00e0 la CPG.<\/p>\n","protected":false},"excerpt":{"rendered":"<p>Tunis : N\u00e9gociations entre le gouvernement et les gr\u00e9vistes de la CPG<\/p>\n","protected":false},"author":3222,"featured_media":330850,"comment_status":"open","ping_status":"closed","sticky":false,"template":"","format":"standard","meta":{"footnotes":""},"categories":[11334],"tags":[2600],"class_list":["post-185766","post","type-post","status-publish","format-standard","has-post-thumbnail","hentry","category-economie","tag-guerre"],"yoast_head":"<!-- This site is optimized with the Yoast SEO Premium plugin v27.5 (Yoast SEO v27.5) - https:\/\/yoast.com\/product\/yoast-seo-premium-wordpress\/ -->\n<title>Tunis : N\u00e9gociations entre le gouvernement et les gr\u00e9vistes de la CPG<\/title>\n<meta name=\"description\" content=\"Tunis : N\u00e9gociations entre le gouvernement et les gr\u00e9vistes de la CPG\" \/>\n<link rel=\"canonical\" href=\"https:\/\/www.webdo.tn\/fr\/actualite\/economie\/tunis-negociations-entre-le-gouvernement-et-les-grevistes-de-la-cpg\/185766\/\" \/>\n<meta property=\"og:locale\" content=\"fr_FR\" \/>\n<meta property=\"og:type\" content=\"article\" \/>\n<meta property=\"og:title\" content=\"Tunis : N\u00e9gociations entre le gouvernement et les gr\u00e9vistes de la CPG\" \/>\n<meta property=\"og:description\" content=\"Tunis : N\u00e9gociations entre le gouvernement et les gr\u00e9vistes de la CPG\" \/>\n<meta property=\"og:url\" content=\"https:\/\/www.webdo.tn\/fr\/actualite\/economie\/tunis-negociations-entre-le-gouvernement-et-les-grevistes-de-la-cpg\/185766\/\" \/>\n<meta property=\"og:site_name\" content=\"webdo\" \/>\n<meta property=\"article:publisher\" content=\"https:\/\/www.facebook.com\/webdotn\" \/>\n<meta property=\"article:published_time\" content=\"2015-01-21T11:55:00+00:00\" \/>\n<meta property=\"og:image\" content=\"https:\/\/www.webdo.tn\/fr\/wp-content\/uploads\/2015\/01\/webdo_default-67.jpg\" \/>\n\t<meta property=\"og:image:width\" content=\"800\" \/>\n\t<meta property=\"og:image:height\" content=\"500\" \/>\n\t<meta property=\"og:image:type\" content=\"image\/jpeg\" \/>\n<meta name=\"author\" content=\"webdo.tn\" \/>\n<meta name=\"twitter:card\" content=\"summary_large_image\" \/>\n<meta name=\"twitter:creator\" content=\"@webdo_tn\" \/>\n<meta name=\"twitter:site\" content=\"@webdo_tn\" \/>\n<meta name=\"twitter:label1\" content=\"\u00c9crit par\" \/>\n\t<meta name=\"twitter:data1\" content=\"webdo.tn\" \/>\n\t<meta name=\"twitter:label2\" content=\"Dur\u00e9e de lecture estim\u00e9e\" \/>\n\t<meta name=\"twitter:data2\" content=\"1 minute\" \/>\n<script type=\"application\/ld+json\" class=\"yoast-schema-graph\">{\"@context\":\"https:\\\/\\\/schema.org\",\"@graph\":[{\"@type\":\"NewsArticle\",\"@id\":\"https:\\\/\\\/www.webdo.tn\\\/fr\\\/actualite\\\/economie\\\/tunis-negociations-entre-le-gouvernement-et-les-grevistes-de-la-cpg\\\/185766\\\/#article\",\"isPartOf\":{\"@id\":\"https:\\\/\\\/www.webdo.tn\\\/fr\\\/actualite\\\/economie\\\/tunis-negociations-entre-le-gouvernement-et-les-grevistes-de-la-cpg\\\/185766\\\/\"},\"author\":{\"name\":\"webdo.tn\",\"@id\":\"https:\\\/\\\/www.webdo.tn\\\/fr\\\/#\\\/schema\\\/person\\\/9a9c6118d687c117df8ef3cc36a4d175\"},\"headline\":\"Tunis : N\u00e9gociations entre le gouvernement et les gr\u00e9vistes de la CPG\",\"datePublished\":\"2015-01-21T11:55:00+00:00\",\"mainEntityOfPage\":{\"@id\":\"https:\\\/\\\/www.webdo.tn\\\/fr\\\/actualite\\\/economie\\\/tunis-negociations-entre-le-gouvernement-et-les-grevistes-de-la-cpg\\\/185766\\\/\"},\"wordCount\":224,\"commentCount\":0,\"publisher\":{\"@id\":\"https:\\\/\\\/www.webdo.tn\\\/fr\\\/#organization\"},\"image\":{\"@id\":\"https:\\\/\\\/www.webdo.tn\\\/fr\\\/actualite\\\/economie\\\/tunis-negociations-entre-le-gouvernement-et-les-grevistes-de-la-cpg\\\/185766\\\/#primaryimage\"},\"thumbnailUrl\":\"https:\\\/\\\/www.webdo.tn\\\/fr\\\/wp-content\\\/uploads\\\/2015\\\/01\\\/webdo_default-67.jpg\",\"keywords\":[\"guerre\"],\"articleSection\":[\"Economie\"],\"inLanguage\":\"fr-FR\"},{\"@type\":\"WebPage\",\"@id\":\"https:\\\/\\\/www.webdo.tn\\\/fr\\\/actualite\\\/economie\\\/tunis-negociations-entre-le-gouvernement-et-les-grevistes-de-la-cpg\\\/185766\\\/\",\"url\":\"https:\\\/\\\/www.webdo.tn\\\/fr\\\/actualite\\\/economie\\\/tunis-negociations-entre-le-gouvernement-et-les-grevistes-de-la-cpg\\\/185766\\\/\",\"name\":\"Tunis : N\u00e9gociations entre le gouvernement et les gr\u00e9vistes de la CPG\",\"isPartOf\":{\"@id\":\"https:\\\/\\\/www.webdo.tn\\\/fr\\\/#website\"},\"primaryImageOfPage\":{\"@id\":\"https:\\\/\\\/www.webdo.tn\\\/fr\\\/actualite\\\/economie\\\/tunis-negociations-entre-le-gouvernement-et-les-grevistes-de-la-cpg\\\/185766\\\/#primaryimage\"},\"image\":{\"@id\":\"https:\\\/\\\/www.webdo.tn\\\/fr\\\/actualite\\\/economie\\\/tunis-negociations-entre-le-gouvernement-et-les-grevistes-de-la-cpg\\\/185766\\\/#primaryimage\"},\"thumbnailUrl\":\"https:\\\/\\\/www.webdo.tn\\\/fr\\\/wp-content\\\/uploads\\\/2015\\\/01\\\/webdo_default-67.jpg\",\"datePublished\":\"2015-01-21T11:55:00+00:00\",\"description\":\"Tunis : N\u00e9gociations entre le gouvernement et les gr\u00e9vistes de la CPG\",\"breadcrumb\":{\"@id\":\"https:\\\/\\\/www.webdo.tn\\\/fr\\\/actualite\\\/economie\\\/tunis-negociations-entre-le-gouvernement-et-les-grevistes-de-la-cpg\\\/185766\\\/#breadcrumb\"},\"inLanguage\":\"fr-FR\",\"potentialAction\":[{\"@type\":\"ReadAction\",\"target\":[\"https:\\\/\\\/www.webdo.tn\\\/fr\\\/actualite\\\/economie\\\/tunis-negociations-entre-le-gouvernement-et-les-grevistes-de-la-cpg\\\/185766\\\/\"]}]},{\"@type\":\"ImageObject\",\"inLanguage\":\"fr-FR\",\"@id\":\"https:\\\/\\\/www.webdo.tn\\\/fr\\\/actualite\\\/economie\\\/tunis-negociations-entre-le-gouvernement-et-les-grevistes-de-la-cpg\\\/185766\\\/#primaryimage\",\"url\":\"https:\\\/\\\/www.webdo.tn\\\/fr\\\/wp-content\\\/uploads\\\/2015\\\/01\\\/webdo_default-67.jpg\",\"contentUrl\":\"https:\\\/\\\/www.webdo.tn\\\/fr\\\/wp-content\\\/uploads\\\/2015\\\/01\\\/webdo_default-67.jpg\",\"width\":800,\"height\":500,\"caption\":\"Tunis : N\u00e9gociations entre le gouvernement et les gr\u00e9vistes de la CPG\"},{\"@type\":\"BreadcrumbList\",\"@id\":\"https:\\\/\\\/www.webdo.tn\\\/fr\\\/actualite\\\/economie\\\/tunis-negociations-entre-le-gouvernement-et-les-grevistes-de-la-cpg\\\/185766\\\/#breadcrumb\",\"itemListElement\":[{\"@type\":\"ListItem\",\"position\":1,\"name\":\"Accueil\",\"item\":\"https:\\\/\\\/www.webdo.tn\\\/fr\\\/\"},{\"@type\":\"ListItem\",\"position\":2,\"name\":\"Tunis : N\u00e9gociations entre le gouvernement et les gr\u00e9vistes de la CPG\"}]},{\"@type\":\"WebSite\",\"@id\":\"https:\\\/\\\/www.webdo.tn\\\/fr\\\/#website\",\"url\":\"https:\\\/\\\/www.webdo.tn\\\/fr\\\/\",\"name\":\"webdo\",\"description\":\"Tunisie - News en Tunisie et \u00e0 l&#039;international sur Webdo.tn\",\"publisher\":{\"@id\":\"https:\\\/\\\/www.webdo.tn\\\/fr\\\/#organization\"},\"potentialAction\":[{\"@type\":\"SearchAction\",\"target\":{\"@type\":\"EntryPoint\",\"urlTemplate\":\"https:\\\/\\\/www.webdo.tn\\\/fr\\\/?s={search_term_string}\"},\"query-input\":{\"@type\":\"PropertyValueSpecification\",\"valueRequired\":true,\"valueName\":\"search_term_string\"}}],\"inLanguage\":\"fr-FR\"},{\"@type\":\"Organization\",\"@id\":\"https:\\\/\\\/www.webdo.tn\\\/fr\\\/#organization\",\"name\":\"Webdo\",\"alternateName\":\"Webdo.tn\",\"url\":\"https:\\\/\\\/www.webdo.tn\\\/fr\\\/\",\"logo\":{\"@type\":\"ImageObject\",\"inLanguage\":\"fr-FR\",\"@id\":\"https:\\\/\\\/www.webdo.tn\\\/fr\\\/#\\\/schema\\\/logo\\\/image\\\/\",\"url\":\"https:\\\/\\\/www.webdo.tn\\\/fr\\\/wp-content\\\/uploads\\\/2025\\\/06\\\/Webdo-Tunisie_168377.jpg\",\"contentUrl\":\"https:\\\/\\\/www.webdo.tn\\\/fr\\\/wp-content\\\/uploads\\\/2025\\\/06\\\/Webdo-Tunisie_168377.jpg\",\"width\":301,\"height\":301,\"caption\":\"Webdo\"},\"image\":{\"@id\":\"https:\\\/\\\/www.webdo.tn\\\/fr\\\/#\\\/schema\\\/logo\\\/image\\\/\"},\"sameAs\":[\"https:\\\/\\\/www.facebook.com\\\/webdotn\",\"https:\\\/\\\/x.com\\\/webdo_tn\"],\"description\":\"Webdo est un m\u00e9dia num\u00e9rique tunisien fond\u00e9 en 2010, sp\u00e9cialis\u00e9 dans l\u2019actualit\u00e9 nationale et internationale, l\u2019\u00e9conomie, la soci\u00e9t\u00e9 et les analyses politiques. Le site s\u2019adresse \u00e0 un large public francophone et couvre l\u2019information tunisienne en temps r\u00e9el.\",\"email\":\"redac@webdo.tn\",\"legalName\":\"YNJ SARL\",\"foundingDate\":\"2010-09-06\",\"numberOfEmployees\":{\"@type\":\"QuantitativeValue\",\"minValue\":\"11\",\"maxValue\":\"50\"}},{\"@type\":\"Person\",\"@id\":\"https:\\\/\\\/www.webdo.tn\\\/fr\\\/#\\\/schema\\\/person\\\/9a9c6118d687c117df8ef3cc36a4d175\",\"name\":\"webdo.tn\",\"image\":{\"@type\":\"ImageObject\",\"inLanguage\":\"fr-FR\",\"@id\":\"https:\\\/\\\/secure.gravatar.com\\\/avatar\\\/7ce1f28c0c3bbac99ff550b85ef8e44a6950c6ee24514fb6a5489e51d06f0298?s=96&d=mm&r=g\",\"url\":\"https:\\\/\\\/secure.gravatar.com\\\/avatar\\\/7ce1f28c0c3bbac99ff550b85ef8e44a6950c6ee24514fb6a5489e51d06f0298?s=96&d=mm&r=g\",\"contentUrl\":\"https:\\\/\\\/secure.gravatar.com\\\/avatar\\\/7ce1f28c0c3bbac99ff550b85ef8e44a6950c6ee24514fb6a5489e51d06f0298?s=96&d=mm&r=g\",\"caption\":\"webdo.tn\"},\"url\":\"https:\\\/\\\/www.webdo.tn\\\/fr\\\/actualite\\\/author\\\/webdotn\\\/\"}]}<\/script>\n<!-- \/ Yoast SEO Premium plugin. -->","yoast_head_json":{"title":"Tunis : N\u00e9gociations entre le gouvernement et les gr\u00e9vistes de la CPG","description":"Tunis : N\u00e9gociations entre le gouvernement et les gr\u00e9vistes de la CPG","canonical":"https:\/\/www.webdo.tn\/fr\/actualite\/economie\/tunis-negociations-entre-le-gouvernement-et-les-grevistes-de-la-cpg\/185766\/","og_locale":"fr_FR","og_type":"article","og_title":"Tunis : N\u00e9gociations entre le gouvernement et les gr\u00e9vistes de la CPG","og_description":"Tunis : N\u00e9gociations entre le gouvernement et les gr\u00e9vistes de la CPG","og_url":"https:\/\/www.webdo.tn\/fr\/actualite\/economie\/tunis-negociations-entre-le-gouvernement-et-les-grevistes-de-la-cpg\/185766\/","og_site_name":"webdo","article_publisher":"https:\/\/www.facebook.com\/webdotn","article_published_time":"2015-01-21T11:55:00+00:00","og_image":[{"width":800,"height":500,"url":"https:\/\/www.webdo.tn\/fr\/wp-content\/uploads\/2015\/01\/webdo_default-67.jpg","type":"image\/jpeg"}],"author":"webdo.tn","twitter_card":"summary_large_image","twitter_creator":"@webdo_tn","twitter_site":"@webdo_tn","twitter_misc":{"\u00c9crit par":"webdo.tn","Dur\u00e9e de lecture estim\u00e9e":"1 minute"},"schema":{"@context":"https:\/\/schema.org","@graph":[{"@type":"NewsArticle","@id":"https:\/\/www.webdo.tn\/fr\/actualite\/economie\/tunis-negociations-entre-le-gouvernement-et-les-grevistes-de-la-cpg\/185766\/#article","isPartOf":{"@id":"https:\/\/www.webdo.tn\/fr\/actualite\/economie\/tunis-negociations-entre-le-gouvernement-et-les-grevistes-de-la-cpg\/185766\/"},"author":{"name":"webdo.tn","@id":"https:\/\/www.webdo.tn\/fr\/#\/schema\/person\/9a9c6118d687c117df8ef3cc36a4d175"},"headline":"Tunis : N\u00e9gociations entre le gouvernement et les gr\u00e9vistes de la CPG","datePublished":"2015-01-21T11:55:00+00:00","mainEntityOfPage":{"@id":"https:\/\/www.webdo.tn\/fr\/actualite\/economie\/tunis-negociations-entre-le-gouvernement-et-les-grevistes-de-la-cpg\/185766\/"},"wordCount":224,"commentCount":0,"publisher":{"@id":"https:\/\/www.webdo.tn\/fr\/#organization"},"image":{"@id":"https:\/\/www.webdo.tn\/fr\/actualite\/economie\/tunis-negociations-entre-le-gouvernement-et-les-grevistes-de-la-cpg\/185766\/#primaryimage"},"thumbnailUrl":"https:\/\/www.webdo.tn\/fr\/wp-content\/uploads\/2015\/01\/webdo_default-67.jpg","keywords":["guerre"],"articleSection":["Economie"],"inLanguage":"fr-FR"},{"@type":"WebPage","@id":"https:\/\/www.webdo.tn\/fr\/actualite\/economie\/tunis-negociations-entre-le-gouvernement-et-les-grevistes-de-la-cpg\/185766\/","url":"https:\/\/www.webdo.tn\/fr\/actualite\/economie\/tunis-negociations-entre-le-gouvernement-et-les-grevistes-de-la-cpg\/185766\/","name":"Tunis : N\u00e9gociations entre le gouvernement et les gr\u00e9vistes de la CPG","isPartOf":{"@id":"https:\/\/www.webdo.tn\/fr\/#website"},"primaryImageOfPage":{"@id":"https:\/\/www.webdo.tn\/fr\/actualite\/economie\/tunis-negociations-entre-le-gouvernement-et-les-grevistes-de-la-cpg\/185766\/#primaryimage"},"image":{"@id":"https:\/\/www.webdo.tn\/fr\/actualite\/economie\/tunis-negociations-entre-le-gouvernement-et-les-grevistes-de-la-cpg\/185766\/#primaryimage"},"thumbnailUrl":"https:\/\/www.webdo.tn\/fr\/wp-content\/uploads\/2015\/01\/webdo_default-67.jpg","datePublished":"2015-01-21T11:55:00+00:00","description":"Tunis : N\u00e9gociations entre le gouvernement et les gr\u00e9vistes de la CPG","breadcrumb":{"@id":"https:\/\/www.webdo.tn\/fr\/actualite\/economie\/tunis-negociations-entre-le-gouvernement-et-les-grevistes-de-la-cpg\/185766\/#breadcrumb"},"inLanguage":"fr-FR","potentialAction":[{"@type":"ReadAction","target":["https:\/\/www.webdo.tn\/fr\/actualite\/economie\/tunis-negociations-entre-le-gouvernement-et-les-grevistes-de-la-cpg\/185766\/"]}]},{"@type":"ImageObject","inLanguage":"fr-FR","@id":"https:\/\/www.webdo.tn\/fr\/actualite\/economie\/tunis-negociations-entre-le-gouvernement-et-les-grevistes-de-la-cpg\/185766\/#primaryimage","url":"https:\/\/www.webdo.tn\/fr\/wp-content\/uploads\/2015\/01\/webdo_default-67.jpg","contentUrl":"https:\/\/www.webdo.tn\/fr\/wp-content\/uploads\/2015\/01\/webdo_default-67.jpg","width":800,"height":500,"caption":"Tunis : N\u00e9gociations entre le gouvernement et les gr\u00e9vistes de la CPG"},{"@type":"BreadcrumbList","@id":"https:\/\/www.webdo.tn\/fr\/actualite\/economie\/tunis-negociations-entre-le-gouvernement-et-les-grevistes-de-la-cpg\/185766\/#breadcrumb","itemListElement":[{"@type":"ListItem","position":1,"name":"Accueil","item":"https:\/\/www.webdo.tn\/fr\/"},{"@type":"ListItem","position":2,"name":"Tunis : N\u00e9gociations entre le gouvernement et les gr\u00e9vistes de la CPG"}]},{"@type":"WebSite","@id":"https:\/\/www.webdo.tn\/fr\/#website","url":"https:\/\/www.webdo.tn\/fr\/","name":"webdo","description":"Tunisie - News en Tunisie et \u00e0 l&#039;international sur Webdo.tn","publisher":{"@id":"https:\/\/www.webdo.tn\/fr\/#organization"},"potentialAction":[{"@type":"SearchAction","target":{"@type":"EntryPoint","urlTemplate":"https:\/\/www.webdo.tn\/fr\/?s={search_term_string}"},"query-input":{"@type":"PropertyValueSpecification","valueRequired":true,"valueName":"search_term_string"}}],"inLanguage":"fr-FR"},{"@type":"Organization","@id":"https:\/\/www.webdo.tn\/fr\/#organization","name":"Webdo","alternateName":"Webdo.tn","url":"https:\/\/www.webdo.tn\/fr\/","logo":{"@type":"ImageObject","inLanguage":"fr-FR","@id":"https:\/\/www.webdo.tn\/fr\/#\/schema\/logo\/image\/","url":"https:\/\/www.webdo.tn\/fr\/wp-content\/uploads\/2025\/06\/Webdo-Tunisie_168377.jpg","contentUrl":"https:\/\/www.webdo.tn\/fr\/wp-content\/uploads\/2025\/06\/Webdo-Tunisie_168377.jpg","width":301,"height":301,"caption":"Webdo"},"image":{"@id":"https:\/\/www.webdo.tn\/fr\/#\/schema\/logo\/image\/"},"sameAs":["https:\/\/www.facebook.com\/webdotn","https:\/\/x.com\/webdo_tn"],"description":"Webdo est un m\u00e9dia num\u00e9rique tunisien fond\u00e9 en 2010, sp\u00e9cialis\u00e9 dans l\u2019actualit\u00e9 nationale et internationale, l\u2019\u00e9conomie, la soci\u00e9t\u00e9 et les analyses politiques. Le site s\u2019adresse \u00e0 un large public francophone et couvre l\u2019information tunisienne en temps r\u00e9el.","email":"redac@webdo.tn","legalName":"YNJ SARL","foundingDate":"2010-09-06","numberOfEmployees":{"@type":"QuantitativeValue","minValue":"11","maxValue":"50"}},{"@type":"Person","@id":"https:\/\/www.webdo.tn\/fr\/#\/schema\/person\/9a9c6118d687c117df8ef3cc36a4d175","name":"webdo.tn","image":{"@type":"ImageObject","inLanguage":"fr-FR","@id":"https:\/\/secure.gravatar.com\/avatar\/7ce1f28c0c3bbac99ff550b85ef8e44a6950c6ee24514fb6a5489e51d06f0298?s=96&d=mm&r=g","url":"https:\/\/secure.gravatar.com\/avatar\/7ce1f28c0c3bbac99ff550b85ef8e44a6950c6ee24514fb6a5489e51d06f0298?s=96&d=mm&r=g","contentUrl":"https:\/\/secure.gravatar.com\/avatar\/7ce1f28c0c3bbac99ff550b85ef8e44a6950c6ee24514fb6a5489e51d06f0298?s=96&d=mm&r=g","caption":"webdo.tn"},"url":"https:\/\/www.webdo.tn\/fr\/actualite\/author\/webdotn\/"}]}},"_links":{"self":[{"href":"https:\/\/www.webdo.tn\/fr\/wp-json\/wp\/v2\/posts\/185766","targetHints":{"allow":["GET"]}}],"collection":[{"href":"https:\/\/www.webdo.tn\/fr\/wp-json\/wp\/v2\/posts"}],"about":[{"href":"https:\/\/www.webdo.tn\/fr\/wp-json\/wp\/v2\/types\/post"}],"author":[{"embeddable":true,"href":"https:\/\/www.webdo.tn\/fr\/wp-json\/wp\/v2\/users\/3222"}],"replies":[{"embeddable":true,"href":"https:\/\/www.webdo.tn\/fr\/wp-json\/wp\/v2\/comments?post=185766"}],"version-history":[{"count":0,"href":"https:\/\/www.webdo.tn\/fr\/wp-json\/wp\/v2\/posts\/185766\/revisions"}],"wp:featuredmedia":[{"embeddable":true,"href":"https:\/\/www.webdo.tn\/fr\/wp-json\/wp\/v2\/media\/330850"}],"wp:attachment":[{"href":"https:\/\/www.webdo.tn\/fr\/wp-json\/wp\/v2\/media?parent=185766"}],"wp:term":[{"taxonomy":"category","embeddable":true,"href":"https:\/\/www.webdo.tn\/fr\/wp-json\/wp\/v2\/categories?post=185766"},{"taxonomy":"post_tag","embeddable":true,"href":"https:\/\/www.webdo.tn\/fr\/wp-json\/wp\/v2\/tags?post=185766"}],"curies":[{"name":"wp","href":"https:\/\/api.w.org\/{rel}","templated":true}]}}