{"id":185759,"date":"2015-02-20T15:25:00","date_gmt":"2015-02-20T15:25:00","guid":{"rendered":"https:\/\/www.webdo.tn\/fr\/blog\/tunisie-les-diplomates-et-les-membres-gouvernementaux-exemptes-de-la-taxe-de-sortie\/185759\/"},"modified":"2015-02-20T15:25:00","modified_gmt":"2015-02-20T15:25:00","slug":"tunisie-les-diplomates-et-les-membres-gouvernementaux-exemptes-de-la-taxe-de-sortie","status":"publish","type":"post","link":"https:\/\/www.webdo.tn\/fr\/actualite\/economie\/tunisie-les-diplomates-et-les-membres-gouvernementaux-exemptes-de-la-taxe-de-sortie\/185759\/","title":{"rendered":"Tunisie : Les diplomates et les membres gouvernementaux exempt\u00e9s de la taxe de sortie"},"content":{"rendered":"<p>Boutheina Ben Yaghlane, Secr\u00e9taire d\u2019Etat\u00a0aupr\u00e8s du ministre des Finances, a d\u00e9clar\u00e9 ce vendredi 20 f\u00e9vrier,\u00a0Sur Express FM,\u00a0 que la taxe de sortie de 30 dinars du territoire tunisien n&rsquo;est plus obligatoire pour les diplomates et les membres gouvernementaux.<br \/>\n[pull_quote_center]<br \/>\nCette loi n&rsquo;a mis comme exception que les Tunisiens qui vivent\u00a0\u00e0 l&rsquo;\u00e9tranger. Cependant, apr\u00e8s une demande de l&rsquo;Alg\u00e9rie d&rsquo;abord, de la pr\u00e9sidence du gouvernement, les citoyens alg\u00e9riens ont \u00e9t\u00e9 exempt\u00e9s et d&rsquo;autres cat\u00e9gories de personnes, comme les \u00e9quipes des avions, des bateaux,&#8230; les \u00e9migrants de la classe pauvre, ainsi que les membres des gouvernements et de la diplomatie, etc&#8230;\u00a0\u00bb<br \/>\n[\/pull_quote_center]<\/p>\n<p>\/\/ <\/p>\n<p>Post by \u200e\u062d\u0631\u0643\u0629 \u0627\u0644\u0646\u0647\u0636\u0629 \u0627\u0644\u062a\u0648\u0646\u0633\u064a\u0629\u200e.<\/p>\n<p>Par contre,\u00a0les\u00a0Tunisiens et les \u00e9trangers r\u00e9sidents en Tunisie continuent \u00e0 payer un timbre fiscal de 60 dinars \u00e0 chaque fois qu&rsquo;ils quittent le territoire.<\/p>\n","protected":false},"excerpt":{"rendered":"<p>Tunisie : Les diplomates et les membres gouvernementaux exempt\u00e9s de la taxe de sortie<\/p>\n","protected":false},"author":3222,"featured_media":335567,"comment_status":"open","ping_status":"closed","sticky":false,"template":"","format":"standard","meta":{"footnotes":""},"categories":[11334],"tags":[2600],"class_list":["post-185759","post","type-post","status-publish","format-standard","has-post-thumbnail","hentry","category-economie","tag-guerre"],"yoast_head":"<!-- This site is optimized with the Yoast SEO Premium plugin v27.5 (Yoast SEO v27.5) - https:\/\/yoast.com\/product\/yoast-seo-premium-wordpress\/ -->\n<title>Tunisie : Les diplomates et les membres gouvernementaux exempt\u00e9s de la taxe de sortie<\/title>\n<meta name=\"description\" content=\"Tunisie : Les diplomates et les membres gouvernementaux exempt\u00e9s de la taxe de sortie\" \/>\n<link rel=\"canonical\" href=\"https:\/\/www.webdo.tn\/fr\/actualite\/economie\/tunisie-les-diplomates-et-les-membres-gouvernementaux-exemptes-de-la-taxe-de-sortie\/185759\/\" \/>\n<meta property=\"og:locale\" content=\"fr_FR\" \/>\n<meta property=\"og:type\" content=\"article\" \/>\n<meta property=\"og:title\" content=\"Tunisie : Les diplomates et les membres gouvernementaux exempt\u00e9s de la taxe de sortie\" \/>\n<meta property=\"og:description\" content=\"Tunisie : Les diplomates et les membres gouvernementaux exempt\u00e9s de la taxe de sortie\" \/>\n<meta property=\"og:url\" content=\"https:\/\/www.webdo.tn\/fr\/actualite\/economie\/tunisie-les-diplomates-et-les-membres-gouvernementaux-exemptes-de-la-taxe-de-sortie\/185759\/\" \/>\n<meta property=\"og:site_name\" content=\"webdo\" \/>\n<meta property=\"article:publisher\" content=\"https:\/\/www.facebook.com\/webdotn\" \/>\n<meta property=\"article:published_time\" content=\"2015-02-20T15:25:00+00:00\" \/>\n<meta property=\"og:image\" content=\"https:\/\/www.webdo.tn\/fr\/wp-content\/uploads\/2015\/02\/webdo_default-57.jpg\" \/>\n\t<meta property=\"og:image:width\" content=\"800\" \/>\n\t<meta property=\"og:image:height\" content=\"500\" \/>\n\t<meta property=\"og:image:type\" content=\"image\/jpeg\" \/>\n<meta name=\"author\" content=\"webdo.tn\" \/>\n<meta name=\"twitter:card\" content=\"summary_large_image\" \/>\n<meta name=\"twitter:creator\" content=\"@webdo_tn\" \/>\n<meta name=\"twitter:site\" content=\"@webdo_tn\" \/>\n<meta name=\"twitter:label1\" content=\"\u00c9crit par\" \/>\n\t<meta name=\"twitter:data1\" content=\"webdo.tn\" \/>\n\t<meta name=\"twitter:label2\" content=\"Dur\u00e9e de lecture estim\u00e9e\" \/>\n\t<meta name=\"twitter:data2\" content=\"1 minute\" \/>\n<script type=\"application\/ld+json\" class=\"yoast-schema-graph\">{\"@context\":\"https:\\\/\\\/schema.org\",\"@graph\":[{\"@type\":\"NewsArticle\",\"@id\":\"https:\\\/\\\/www.webdo.tn\\\/fr\\\/actualite\\\/economie\\\/tunisie-les-diplomates-et-les-membres-gouvernementaux-exemptes-de-la-taxe-de-sortie\\\/185759\\\/#article\",\"isPartOf\":{\"@id\":\"https:\\\/\\\/www.webdo.tn\\\/fr\\\/actualite\\\/economie\\\/tunisie-les-diplomates-et-les-membres-gouvernementaux-exemptes-de-la-taxe-de-sortie\\\/185759\\\/\"},\"author\":{\"name\":\"webdo.tn\",\"@id\":\"https:\\\/\\\/www.webdo.tn\\\/fr\\\/#\\\/schema\\\/person\\\/9a9c6118d687c117df8ef3cc36a4d175\"},\"headline\":\"Tunisie : Les diplomates et les membres gouvernementaux exempt\u00e9s de la taxe de sortie\",\"datePublished\":\"2015-02-20T15:25:00+00:00\",\"mainEntityOfPage\":{\"@id\":\"https:\\\/\\\/www.webdo.tn\\\/fr\\\/actualite\\\/economie\\\/tunisie-les-diplomates-et-les-membres-gouvernementaux-exemptes-de-la-taxe-de-sortie\\\/185759\\\/\"},\"wordCount\":161,\"commentCount\":0,\"publisher\":{\"@id\":\"https:\\\/\\\/www.webdo.tn\\\/fr\\\/#organization\"},\"image\":{\"@id\":\"https:\\\/\\\/www.webdo.tn\\\/fr\\\/actualite\\\/economie\\\/tunisie-les-diplomates-et-les-membres-gouvernementaux-exemptes-de-la-taxe-de-sortie\\\/185759\\\/#primaryimage\"},\"thumbnailUrl\":\"https:\\\/\\\/www.webdo.tn\\\/fr\\\/wp-content\\\/uploads\\\/2015\\\/02\\\/webdo_default-57.jpg\",\"keywords\":[\"guerre\"],\"articleSection\":[\"Economie\"],\"inLanguage\":\"fr-FR\"},{\"@type\":\"WebPage\",\"@id\":\"https:\\\/\\\/www.webdo.tn\\\/fr\\\/actualite\\\/economie\\\/tunisie-les-diplomates-et-les-membres-gouvernementaux-exemptes-de-la-taxe-de-sortie\\\/185759\\\/\",\"url\":\"https:\\\/\\\/www.webdo.tn\\\/fr\\\/actualite\\\/economie\\\/tunisie-les-diplomates-et-les-membres-gouvernementaux-exemptes-de-la-taxe-de-sortie\\\/185759\\\/\",\"name\":\"Tunisie : Les diplomates et les membres gouvernementaux exempt\u00e9s de la taxe de sortie\",\"isPartOf\":{\"@id\":\"https:\\\/\\\/www.webdo.tn\\\/fr\\\/#website\"},\"primaryImageOfPage\":{\"@id\":\"https:\\\/\\\/www.webdo.tn\\\/fr\\\/actualite\\\/economie\\\/tunisie-les-diplomates-et-les-membres-gouvernementaux-exemptes-de-la-taxe-de-sortie\\\/185759\\\/#primaryimage\"},\"image\":{\"@id\":\"https:\\\/\\\/www.webdo.tn\\\/fr\\\/actualite\\\/economie\\\/tunisie-les-diplomates-et-les-membres-gouvernementaux-exemptes-de-la-taxe-de-sortie\\\/185759\\\/#primaryimage\"},\"thumbnailUrl\":\"https:\\\/\\\/www.webdo.tn\\\/fr\\\/wp-content\\\/uploads\\\/2015\\\/02\\\/webdo_default-57.jpg\",\"datePublished\":\"2015-02-20T15:25:00+00:00\",\"description\":\"Tunisie : Les diplomates et les membres gouvernementaux exempt\u00e9s de la taxe de sortie\",\"breadcrumb\":{\"@id\":\"https:\\\/\\\/www.webdo.tn\\\/fr\\\/actualite\\\/economie\\\/tunisie-les-diplomates-et-les-membres-gouvernementaux-exemptes-de-la-taxe-de-sortie\\\/185759\\\/#breadcrumb\"},\"inLanguage\":\"fr-FR\",\"potentialAction\":[{\"@type\":\"ReadAction\",\"target\":[\"https:\\\/\\\/www.webdo.tn\\\/fr\\\/actualite\\\/economie\\\/tunisie-les-diplomates-et-les-membres-gouvernementaux-exemptes-de-la-taxe-de-sortie\\\/185759\\\/\"]}]},{\"@type\":\"ImageObject\",\"inLanguage\":\"fr-FR\",\"@id\":\"https:\\\/\\\/www.webdo.tn\\\/fr\\\/actualite\\\/economie\\\/tunisie-les-diplomates-et-les-membres-gouvernementaux-exemptes-de-la-taxe-de-sortie\\\/185759\\\/#primaryimage\",\"url\":\"https:\\\/\\\/www.webdo.tn\\\/fr\\\/wp-content\\\/uploads\\\/2015\\\/02\\\/webdo_default-57.jpg\",\"contentUrl\":\"https:\\\/\\\/www.webdo.tn\\\/fr\\\/wp-content\\\/uploads\\\/2015\\\/02\\\/webdo_default-57.jpg\",\"width\":800,\"height\":500,\"caption\":\"Tunisie : Les diplomates et les membres gouvernementaux exempt\u00e9s de la taxe de sortie\"},{\"@type\":\"BreadcrumbList\",\"@id\":\"https:\\\/\\\/www.webdo.tn\\\/fr\\\/actualite\\\/economie\\\/tunisie-les-diplomates-et-les-membres-gouvernementaux-exemptes-de-la-taxe-de-sortie\\\/185759\\\/#breadcrumb\",\"itemListElement\":[{\"@type\":\"ListItem\",\"position\":1,\"name\":\"Accueil\",\"item\":\"https:\\\/\\\/www.webdo.tn\\\/fr\\\/\"},{\"@type\":\"ListItem\",\"position\":2,\"name\":\"Tunisie : Les diplomates et les membres gouvernementaux exempt\u00e9s de la taxe de sortie\"}]},{\"@type\":\"WebSite\",\"@id\":\"https:\\\/\\\/www.webdo.tn\\\/fr\\\/#website\",\"url\":\"https:\\\/\\\/www.webdo.tn\\\/fr\\\/\",\"name\":\"webdo\",\"description\":\"Tunisie - News en Tunisie et \u00e0 l&#039;international sur Webdo.tn\",\"publisher\":{\"@id\":\"https:\\\/\\\/www.webdo.tn\\\/fr\\\/#organization\"},\"potentialAction\":[{\"@type\":\"SearchAction\",\"target\":{\"@type\":\"EntryPoint\",\"urlTemplate\":\"https:\\\/\\\/www.webdo.tn\\\/fr\\\/?s={search_term_string}\"},\"query-input\":{\"@type\":\"PropertyValueSpecification\",\"valueRequired\":true,\"valueName\":\"search_term_string\"}}],\"inLanguage\":\"fr-FR\"},{\"@type\":\"Organization\",\"@id\":\"https:\\\/\\\/www.webdo.tn\\\/fr\\\/#organization\",\"name\":\"Webdo\",\"alternateName\":\"Webdo.tn\",\"url\":\"https:\\\/\\\/www.webdo.tn\\\/fr\\\/\",\"logo\":{\"@type\":\"ImageObject\",\"inLanguage\":\"fr-FR\",\"@id\":\"https:\\\/\\\/www.webdo.tn\\\/fr\\\/#\\\/schema\\\/logo\\\/image\\\/\",\"url\":\"https:\\\/\\\/www.webdo.tn\\\/fr\\\/wp-content\\\/uploads\\\/2025\\\/06\\\/Webdo-Tunisie_168377.jpg\",\"contentUrl\":\"https:\\\/\\\/www.webdo.tn\\\/fr\\\/wp-content\\\/uploads\\\/2025\\\/06\\\/Webdo-Tunisie_168377.jpg\",\"width\":301,\"height\":301,\"caption\":\"Webdo\"},\"image\":{\"@id\":\"https:\\\/\\\/www.webdo.tn\\\/fr\\\/#\\\/schema\\\/logo\\\/image\\\/\"},\"sameAs\":[\"https:\\\/\\\/www.facebook.com\\\/webdotn\",\"https:\\\/\\\/x.com\\\/webdo_tn\"],\"description\":\"Webdo est un m\u00e9dia num\u00e9rique tunisien fond\u00e9 en 2010, sp\u00e9cialis\u00e9 dans l\u2019actualit\u00e9 nationale et internationale, l\u2019\u00e9conomie, la soci\u00e9t\u00e9 et les analyses politiques. Le site s\u2019adresse \u00e0 un large public francophone et couvre l\u2019information tunisienne en temps r\u00e9el.\",\"email\":\"redac@webdo.tn\",\"legalName\":\"YNJ SARL\",\"foundingDate\":\"2010-09-06\",\"numberOfEmployees\":{\"@type\":\"QuantitativeValue\",\"minValue\":\"11\",\"maxValue\":\"50\"}},{\"@type\":\"Person\",\"@id\":\"https:\\\/\\\/www.webdo.tn\\\/fr\\\/#\\\/schema\\\/person\\\/9a9c6118d687c117df8ef3cc36a4d175\",\"name\":\"webdo.tn\",\"image\":{\"@type\":\"ImageObject\",\"inLanguage\":\"fr-FR\",\"@id\":\"https:\\\/\\\/secure.gravatar.com\\\/avatar\\\/7ce1f28c0c3bbac99ff550b85ef8e44a6950c6ee24514fb6a5489e51d06f0298?s=96&d=mm&r=g\",\"url\":\"https:\\\/\\\/secure.gravatar.com\\\/avatar\\\/7ce1f28c0c3bbac99ff550b85ef8e44a6950c6ee24514fb6a5489e51d06f0298?s=96&d=mm&r=g\",\"contentUrl\":\"https:\\\/\\\/secure.gravatar.com\\\/avatar\\\/7ce1f28c0c3bbac99ff550b85ef8e44a6950c6ee24514fb6a5489e51d06f0298?s=96&d=mm&r=g\",\"caption\":\"webdo.tn\"},\"url\":\"https:\\\/\\\/www.webdo.tn\\\/fr\\\/actualite\\\/author\\\/webdotn\\\/\"}]}<\/script>\n<!-- \/ Yoast SEO Premium plugin. -->","yoast_head_json":{"title":"Tunisie : Les diplomates et les membres gouvernementaux exempt\u00e9s de la taxe de sortie","description":"Tunisie : Les diplomates et les membres gouvernementaux exempt\u00e9s de la taxe de sortie","canonical":"https:\/\/www.webdo.tn\/fr\/actualite\/economie\/tunisie-les-diplomates-et-les-membres-gouvernementaux-exemptes-de-la-taxe-de-sortie\/185759\/","og_locale":"fr_FR","og_type":"article","og_title":"Tunisie : Les diplomates et les membres gouvernementaux exempt\u00e9s de la taxe de sortie","og_description":"Tunisie : Les diplomates et les membres gouvernementaux exempt\u00e9s de la taxe de sortie","og_url":"https:\/\/www.webdo.tn\/fr\/actualite\/economie\/tunisie-les-diplomates-et-les-membres-gouvernementaux-exemptes-de-la-taxe-de-sortie\/185759\/","og_site_name":"webdo","article_publisher":"https:\/\/www.facebook.com\/webdotn","article_published_time":"2015-02-20T15:25:00+00:00","og_image":[{"width":800,"height":500,"url":"https:\/\/www.webdo.tn\/fr\/wp-content\/uploads\/2015\/02\/webdo_default-57.jpg","type":"image\/jpeg"}],"author":"webdo.tn","twitter_card":"summary_large_image","twitter_creator":"@webdo_tn","twitter_site":"@webdo_tn","twitter_misc":{"\u00c9crit par":"webdo.tn","Dur\u00e9e de lecture estim\u00e9e":"1 minute"},"schema":{"@context":"https:\/\/schema.org","@graph":[{"@type":"NewsArticle","@id":"https:\/\/www.webdo.tn\/fr\/actualite\/economie\/tunisie-les-diplomates-et-les-membres-gouvernementaux-exemptes-de-la-taxe-de-sortie\/185759\/#article","isPartOf":{"@id":"https:\/\/www.webdo.tn\/fr\/actualite\/economie\/tunisie-les-diplomates-et-les-membres-gouvernementaux-exemptes-de-la-taxe-de-sortie\/185759\/"},"author":{"name":"webdo.tn","@id":"https:\/\/www.webdo.tn\/fr\/#\/schema\/person\/9a9c6118d687c117df8ef3cc36a4d175"},"headline":"Tunisie : Les diplomates et les membres gouvernementaux exempt\u00e9s de la taxe de sortie","datePublished":"2015-02-20T15:25:00+00:00","mainEntityOfPage":{"@id":"https:\/\/www.webdo.tn\/fr\/actualite\/economie\/tunisie-les-diplomates-et-les-membres-gouvernementaux-exemptes-de-la-taxe-de-sortie\/185759\/"},"wordCount":161,"commentCount":0,"publisher":{"@id":"https:\/\/www.webdo.tn\/fr\/#organization"},"image":{"@id":"https:\/\/www.webdo.tn\/fr\/actualite\/economie\/tunisie-les-diplomates-et-les-membres-gouvernementaux-exemptes-de-la-taxe-de-sortie\/185759\/#primaryimage"},"thumbnailUrl":"https:\/\/www.webdo.tn\/fr\/wp-content\/uploads\/2015\/02\/webdo_default-57.jpg","keywords":["guerre"],"articleSection":["Economie"],"inLanguage":"fr-FR"},{"@type":"WebPage","@id":"https:\/\/www.webdo.tn\/fr\/actualite\/economie\/tunisie-les-diplomates-et-les-membres-gouvernementaux-exemptes-de-la-taxe-de-sortie\/185759\/","url":"https:\/\/www.webdo.tn\/fr\/actualite\/economie\/tunisie-les-diplomates-et-les-membres-gouvernementaux-exemptes-de-la-taxe-de-sortie\/185759\/","name":"Tunisie : Les diplomates et les membres gouvernementaux exempt\u00e9s de la taxe de sortie","isPartOf":{"@id":"https:\/\/www.webdo.tn\/fr\/#website"},"primaryImageOfPage":{"@id":"https:\/\/www.webdo.tn\/fr\/actualite\/economie\/tunisie-les-diplomates-et-les-membres-gouvernementaux-exemptes-de-la-taxe-de-sortie\/185759\/#primaryimage"},"image":{"@id":"https:\/\/www.webdo.tn\/fr\/actualite\/economie\/tunisie-les-diplomates-et-les-membres-gouvernementaux-exemptes-de-la-taxe-de-sortie\/185759\/#primaryimage"},"thumbnailUrl":"https:\/\/www.webdo.tn\/fr\/wp-content\/uploads\/2015\/02\/webdo_default-57.jpg","datePublished":"2015-02-20T15:25:00+00:00","description":"Tunisie : Les diplomates et les membres gouvernementaux exempt\u00e9s de la taxe de sortie","breadcrumb":{"@id":"https:\/\/www.webdo.tn\/fr\/actualite\/economie\/tunisie-les-diplomates-et-les-membres-gouvernementaux-exemptes-de-la-taxe-de-sortie\/185759\/#breadcrumb"},"inLanguage":"fr-FR","potentialAction":[{"@type":"ReadAction","target":["https:\/\/www.webdo.tn\/fr\/actualite\/economie\/tunisie-les-diplomates-et-les-membres-gouvernementaux-exemptes-de-la-taxe-de-sortie\/185759\/"]}]},{"@type":"ImageObject","inLanguage":"fr-FR","@id":"https:\/\/www.webdo.tn\/fr\/actualite\/economie\/tunisie-les-diplomates-et-les-membres-gouvernementaux-exemptes-de-la-taxe-de-sortie\/185759\/#primaryimage","url":"https:\/\/www.webdo.tn\/fr\/wp-content\/uploads\/2015\/02\/webdo_default-57.jpg","contentUrl":"https:\/\/www.webdo.tn\/fr\/wp-content\/uploads\/2015\/02\/webdo_default-57.jpg","width":800,"height":500,"caption":"Tunisie : Les diplomates et les membres gouvernementaux exempt\u00e9s de la taxe de sortie"},{"@type":"BreadcrumbList","@id":"https:\/\/www.webdo.tn\/fr\/actualite\/economie\/tunisie-les-diplomates-et-les-membres-gouvernementaux-exemptes-de-la-taxe-de-sortie\/185759\/#breadcrumb","itemListElement":[{"@type":"ListItem","position":1,"name":"Accueil","item":"https:\/\/www.webdo.tn\/fr\/"},{"@type":"ListItem","position":2,"name":"Tunisie : Les diplomates et les membres gouvernementaux exempt\u00e9s de la taxe de sortie"}]},{"@type":"WebSite","@id":"https:\/\/www.webdo.tn\/fr\/#website","url":"https:\/\/www.webdo.tn\/fr\/","name":"webdo","description":"Tunisie - News en Tunisie et \u00e0 l&#039;international sur Webdo.tn","publisher":{"@id":"https:\/\/www.webdo.tn\/fr\/#organization"},"potentialAction":[{"@type":"SearchAction","target":{"@type":"EntryPoint","urlTemplate":"https:\/\/www.webdo.tn\/fr\/?s={search_term_string}"},"query-input":{"@type":"PropertyValueSpecification","valueRequired":true,"valueName":"search_term_string"}}],"inLanguage":"fr-FR"},{"@type":"Organization","@id":"https:\/\/www.webdo.tn\/fr\/#organization","name":"Webdo","alternateName":"Webdo.tn","url":"https:\/\/www.webdo.tn\/fr\/","logo":{"@type":"ImageObject","inLanguage":"fr-FR","@id":"https:\/\/www.webdo.tn\/fr\/#\/schema\/logo\/image\/","url":"https:\/\/www.webdo.tn\/fr\/wp-content\/uploads\/2025\/06\/Webdo-Tunisie_168377.jpg","contentUrl":"https:\/\/www.webdo.tn\/fr\/wp-content\/uploads\/2025\/06\/Webdo-Tunisie_168377.jpg","width":301,"height":301,"caption":"Webdo"},"image":{"@id":"https:\/\/www.webdo.tn\/fr\/#\/schema\/logo\/image\/"},"sameAs":["https:\/\/www.facebook.com\/webdotn","https:\/\/x.com\/webdo_tn"],"description":"Webdo est un m\u00e9dia num\u00e9rique tunisien fond\u00e9 en 2010, sp\u00e9cialis\u00e9 dans l\u2019actualit\u00e9 nationale et internationale, l\u2019\u00e9conomie, la soci\u00e9t\u00e9 et les analyses politiques. Le site s\u2019adresse \u00e0 un large public francophone et couvre l\u2019information tunisienne en temps r\u00e9el.","email":"redac@webdo.tn","legalName":"YNJ SARL","foundingDate":"2010-09-06","numberOfEmployees":{"@type":"QuantitativeValue","minValue":"11","maxValue":"50"}},{"@type":"Person","@id":"https:\/\/www.webdo.tn\/fr\/#\/schema\/person\/9a9c6118d687c117df8ef3cc36a4d175","name":"webdo.tn","image":{"@type":"ImageObject","inLanguage":"fr-FR","@id":"https:\/\/secure.gravatar.com\/avatar\/7ce1f28c0c3bbac99ff550b85ef8e44a6950c6ee24514fb6a5489e51d06f0298?s=96&d=mm&r=g","url":"https:\/\/secure.gravatar.com\/avatar\/7ce1f28c0c3bbac99ff550b85ef8e44a6950c6ee24514fb6a5489e51d06f0298?s=96&d=mm&r=g","contentUrl":"https:\/\/secure.gravatar.com\/avatar\/7ce1f28c0c3bbac99ff550b85ef8e44a6950c6ee24514fb6a5489e51d06f0298?s=96&d=mm&r=g","caption":"webdo.tn"},"url":"https:\/\/www.webdo.tn\/fr\/actualite\/author\/webdotn\/"}]}},"_links":{"self":[{"href":"https:\/\/www.webdo.tn\/fr\/wp-json\/wp\/v2\/posts\/185759","targetHints":{"allow":["GET"]}}],"collection":[{"href":"https:\/\/www.webdo.tn\/fr\/wp-json\/wp\/v2\/posts"}],"about":[{"href":"https:\/\/www.webdo.tn\/fr\/wp-json\/wp\/v2\/types\/post"}],"author":[{"embeddable":true,"href":"https:\/\/www.webdo.tn\/fr\/wp-json\/wp\/v2\/users\/3222"}],"replies":[{"embeddable":true,"href":"https:\/\/www.webdo.tn\/fr\/wp-json\/wp\/v2\/comments?post=185759"}],"version-history":[{"count":0,"href":"https:\/\/www.webdo.tn\/fr\/wp-json\/wp\/v2\/posts\/185759\/revisions"}],"wp:featuredmedia":[{"embeddable":true,"href":"https:\/\/www.webdo.tn\/fr\/wp-json\/wp\/v2\/media\/335567"}],"wp:attachment":[{"href":"https:\/\/www.webdo.tn\/fr\/wp-json\/wp\/v2\/media?parent=185759"}],"wp:term":[{"taxonomy":"category","embeddable":true,"href":"https:\/\/www.webdo.tn\/fr\/wp-json\/wp\/v2\/categories?post=185759"},{"taxonomy":"post_tag","embeddable":true,"href":"https:\/\/www.webdo.tn\/fr\/wp-json\/wp\/v2\/tags?post=185759"}],"curies":[{"name":"wp","href":"https:\/\/api.w.org\/{rel}","templated":true}]}}