{"id":185758,"date":"2015-02-24T19:52:00","date_gmt":"2015-02-24T19:52:00","guid":{"rendered":"https:\/\/www.webdo.tn\/fr\/actualite\/blog\/gafsa-sans-salaire-depuis-un-an-cinq-ouvriers-municipaux-menacent-de-se-suicider\/167281\/"},"modified":"2025-05-22T12:59:20","modified_gmt":"2025-05-22T12:59:20","slug":"gafsa-sans-salaire-depuis-un-an-cinq-ouvriers-municipaux-menacent-de-se-suicider","status":"publish","type":"post","link":"https:\/\/www.webdo.tn\/fr\/actualite\/economie\/gafsa-sans-salaire-depuis-un-an-cinq-ouvriers-municipaux-menacent-de-se-suicider\/185758\/","title":{"rendered":"Gafsa : Sans salaire depuis un an, cinq ouvriers municipaux menacent de se suicider"},"content":{"rendered":"<p>Gafsa | Cinq ouvriers (hadhira) ont menac\u00e9, ce mardi 23 f\u00e9vrier, de se suicider par pendaison devant le si\u00e8ge du gouvernorat de Gafsa.<\/p>\n<p>26 autres\u00a0ouvriers\u00a0ont demand\u00e9 le versement de leur salaire, rapporte BondyBlog Tunisie (BBT) Ils ont \u00e9t\u00e9 recrut\u00e9s par la municipalit\u00e9 \u00e0 Gafsa Sud, en janvier 2014 et ils ont \u00e9t\u00e9 suspenduS de leur travail en janvier 2015, d&rsquo;apr\u00e8s le\u00a0gouverneur de Gafsa, Moustapha Ben Moussa.<\/p>\n<p>Younes Ben Ali, secr\u00e9taire g\u00e9n\u00e9ral du syndicat de la municipalit\u00e9 a affirm\u00e9 \u00e0 BBT que les autorit\u00e9s ne cessent de demander aux ouvriers de patienter alors que \u00ab\u00a0deux millions de dinars ont \u00e9t\u00e9 r\u00e9cemment vers\u00e9s\u00a0\u00bb \u00e0 cet effet.<\/p>\n<p>[pull_quote_center]<\/p>\n<p>\u00ab\u00a0Nous demandons au ministre de l&rsquo;Int\u00e9rieur et aux responsables \u00e0 Gafsa &#8230; Le budget qui nous concerne, , nous a \u00e9t\u00e9 vers\u00e9 mais il a \u00e9t\u00e9 \u00ab\u00a0mang\u00e9\u00a0\u00bb et ils disent qu&rsquo;il n&rsquo;y a plus d&rsquo;argent. Nous avons faim et nous sommes la rue. Personne ne se soucie de notre sort. Nous demandons qu&rsquo;ils r\u00e8glent notre situation et qu&rsquo;on nous paye\u00a0\u00bb, demande l&rsquo;un des ouvriers.<\/p>\n<p>[\/pull_quote_center]M. Ben Moussa a d\u00e9clar\u00e9 \u00e0 BBT que le\u00a0Ministre du D\u00e9veloppement r\u00e9gional, de l\u2019investissement et de la coop\u00e9ration internationale attend encore l&rsquo;accord de la pr\u00e9sidence du gouvernement pour que les ouvriers soient enfin pay\u00e9s.<\/p>\n<p>[pull_quote_center]<br \/>\nNous essayons de voir avec les autorit\u00e9s centrales pour qu&rsquo;ils soient pay\u00e9s. Nous avons contact\u00e9 le minist\u00e8re de l&rsquo;Int\u00e9rieur et la pr\u00e9sidence du gouvernement et le minist\u00e8re du d\u00e9veloppement r\u00e9gional &#8230; Cela demandera peut-\u00eatre un peu de temps mais il y aura une solution. Maintenant le minist\u00e8re du d\u00e9veloppement attend l&rsquo;accord du gouvernement. Nous contactons le pouvoir central quotidiennement et les autorit\u00e9s par \u00e9crit et par t\u00e9l\u00e9phone.<br \/>\n\u00a0<\/p>\n<p>[\/pull_quote_center]<\/p>\n<p>Avec\u00a0BondyBlog Tunisie<\/p>\n","protected":false},"excerpt":{"rendered":"<p>Gafsa : Sans salaire depuis un an, cinq ouvriers municipaux menacent de se suicider<\/p>\n","protected":false},"author":3222,"featured_media":352280,"comment_status":"open","ping_status":"closed","sticky":false,"template":"","format":"standard","meta":{"footnotes":""},"categories":[11334],"tags":[],"class_list":["post-185758","post","type-post","status-publish","format-standard","has-post-thumbnail","hentry","category-economie"],"yoast_head":"<!-- This site is optimized with the Yoast SEO Premium plugin v27.5 (Yoast SEO v27.5) - https:\/\/yoast.com\/product\/yoast-seo-premium-wordpress\/ -->\n<title>Gafsa : Sans salaire depuis un an, cinq ouvriers municipaux menacent de se suicider<\/title>\n<meta name=\"description\" content=\"Gafsa : Sans salaire depuis un an, cinq ouvriers municipaux menacent de se suicider\" \/>\n<link rel=\"canonical\" href=\"https:\/\/www.webdo.tn\/fr\/actualite\/economie\/gafsa-sans-salaire-depuis-un-an-cinq-ouvriers-municipaux-menacent-de-se-suicider\/185758\/\" \/>\n<meta property=\"og:locale\" content=\"fr_FR\" \/>\n<meta property=\"og:type\" content=\"article\" \/>\n<meta property=\"og:title\" content=\"Gafsa : Sans salaire depuis un an, cinq ouvriers municipaux menacent de se suicider\" \/>\n<meta property=\"og:description\" content=\"Gafsa : Sans salaire depuis un an, cinq ouvriers municipaux menacent de se suicider\" \/>\n<meta property=\"og:url\" content=\"https:\/\/www.webdo.tn\/fr\/actualite\/economie\/gafsa-sans-salaire-depuis-un-an-cinq-ouvriers-municipaux-menacent-de-se-suicider\/185758\/\" \/>\n<meta property=\"og:site_name\" content=\"webdo\" \/>\n<meta property=\"article:publisher\" content=\"https:\/\/www.facebook.com\/webdotn\" \/>\n<meta property=\"article:published_time\" content=\"2015-02-24T19:52:00+00:00\" \/>\n<meta property=\"article:modified_time\" content=\"2025-05-22T12:59:20+00:00\" \/>\n<meta property=\"og:image\" content=\"https:\/\/www.webdo.tn\/fr\/wp-content\/uploads\/2015\/02\/Suicide-e1424802839511.png\" \/>\n\t<meta property=\"og:image:width\" content=\"600\" \/>\n\t<meta property=\"og:image:height\" content=\"337\" \/>\n\t<meta property=\"og:image:type\" content=\"image\/png\" \/>\n<meta name=\"author\" content=\"webdo.tn\" \/>\n<meta name=\"twitter:card\" content=\"summary_large_image\" \/>\n<meta name=\"twitter:creator\" content=\"@webdo_tn\" \/>\n<meta name=\"twitter:site\" content=\"@webdo_tn\" \/>\n<meta name=\"twitter:label1\" content=\"\u00c9crit par\" \/>\n\t<meta name=\"twitter:data1\" content=\"webdo.tn\" \/>\n\t<meta name=\"twitter:label2\" content=\"Dur\u00e9e de lecture estim\u00e9e\" \/>\n\t<meta name=\"twitter:data2\" content=\"2 minutes\" \/>\n<script type=\"application\/ld+json\" class=\"yoast-schema-graph\">{\"@context\":\"https:\\\/\\\/schema.org\",\"@graph\":[{\"@type\":\"NewsArticle\",\"@id\":\"https:\\\/\\\/www.webdo.tn\\\/fr\\\/actualite\\\/economie\\\/gafsa-sans-salaire-depuis-un-an-cinq-ouvriers-municipaux-menacent-de-se-suicider\\\/185758\\\/#article\",\"isPartOf\":{\"@id\":\"https:\\\/\\\/www.webdo.tn\\\/fr\\\/actualite\\\/economie\\\/gafsa-sans-salaire-depuis-un-an-cinq-ouvriers-municipaux-menacent-de-se-suicider\\\/185758\\\/\"},\"author\":{\"name\":\"webdo.tn\",\"@id\":\"https:\\\/\\\/www.webdo.tn\\\/fr\\\/#\\\/schema\\\/person\\\/9a9c6118d687c117df8ef3cc36a4d175\"},\"headline\":\"Gafsa : Sans salaire depuis un an, cinq ouvriers municipaux menacent de se suicider\",\"datePublished\":\"2015-02-24T19:52:00+00:00\",\"dateModified\":\"2025-05-22T12:59:20+00:00\",\"mainEntityOfPage\":{\"@id\":\"https:\\\/\\\/www.webdo.tn\\\/fr\\\/actualite\\\/economie\\\/gafsa-sans-salaire-depuis-un-an-cinq-ouvriers-municipaux-menacent-de-se-suicider\\\/185758\\\/\"},\"wordCount\":333,\"commentCount\":0,\"publisher\":{\"@id\":\"https:\\\/\\\/www.webdo.tn\\\/fr\\\/#organization\"},\"image\":{\"@id\":\"https:\\\/\\\/www.webdo.tn\\\/fr\\\/actualite\\\/economie\\\/gafsa-sans-salaire-depuis-un-an-cinq-ouvriers-municipaux-menacent-de-se-suicider\\\/185758\\\/#primaryimage\"},\"thumbnailUrl\":\"https:\\\/\\\/www.webdo.tn\\\/fr\\\/wp-content\\\/uploads\\\/2015\\\/02\\\/Suicide-e1424802839511.png\",\"articleSection\":[\"Economie\"],\"inLanguage\":\"fr-FR\"},{\"@type\":\"WebPage\",\"@id\":\"https:\\\/\\\/www.webdo.tn\\\/fr\\\/actualite\\\/economie\\\/gafsa-sans-salaire-depuis-un-an-cinq-ouvriers-municipaux-menacent-de-se-suicider\\\/185758\\\/\",\"url\":\"https:\\\/\\\/www.webdo.tn\\\/fr\\\/actualite\\\/economie\\\/gafsa-sans-salaire-depuis-un-an-cinq-ouvriers-municipaux-menacent-de-se-suicider\\\/185758\\\/\",\"name\":\"Gafsa : Sans salaire depuis un an, cinq ouvriers municipaux menacent de se suicider\",\"isPartOf\":{\"@id\":\"https:\\\/\\\/www.webdo.tn\\\/fr\\\/#website\"},\"primaryImageOfPage\":{\"@id\":\"https:\\\/\\\/www.webdo.tn\\\/fr\\\/actualite\\\/economie\\\/gafsa-sans-salaire-depuis-un-an-cinq-ouvriers-municipaux-menacent-de-se-suicider\\\/185758\\\/#primaryimage\"},\"image\":{\"@id\":\"https:\\\/\\\/www.webdo.tn\\\/fr\\\/actualite\\\/economie\\\/gafsa-sans-salaire-depuis-un-an-cinq-ouvriers-municipaux-menacent-de-se-suicider\\\/185758\\\/#primaryimage\"},\"thumbnailUrl\":\"https:\\\/\\\/www.webdo.tn\\\/fr\\\/wp-content\\\/uploads\\\/2015\\\/02\\\/Suicide-e1424802839511.png\",\"datePublished\":\"2015-02-24T19:52:00+00:00\",\"dateModified\":\"2025-05-22T12:59:20+00:00\",\"description\":\"Gafsa : Sans salaire depuis un an, cinq ouvriers municipaux menacent de se suicider\",\"breadcrumb\":{\"@id\":\"https:\\\/\\\/www.webdo.tn\\\/fr\\\/actualite\\\/economie\\\/gafsa-sans-salaire-depuis-un-an-cinq-ouvriers-municipaux-menacent-de-se-suicider\\\/185758\\\/#breadcrumb\"},\"inLanguage\":\"fr-FR\",\"potentialAction\":[{\"@type\":\"ReadAction\",\"target\":[\"https:\\\/\\\/www.webdo.tn\\\/fr\\\/actualite\\\/economie\\\/gafsa-sans-salaire-depuis-un-an-cinq-ouvriers-municipaux-menacent-de-se-suicider\\\/185758\\\/\"]}]},{\"@type\":\"ImageObject\",\"inLanguage\":\"fr-FR\",\"@id\":\"https:\\\/\\\/www.webdo.tn\\\/fr\\\/actualite\\\/economie\\\/gafsa-sans-salaire-depuis-un-an-cinq-ouvriers-municipaux-menacent-de-se-suicider\\\/185758\\\/#primaryimage\",\"url\":\"https:\\\/\\\/www.webdo.tn\\\/fr\\\/wp-content\\\/uploads\\\/2015\\\/02\\\/Suicide-e1424802839511.png\",\"contentUrl\":\"https:\\\/\\\/www.webdo.tn\\\/fr\\\/wp-content\\\/uploads\\\/2015\\\/02\\\/Suicide-e1424802839511.png\",\"width\":600,\"height\":337,\"caption\":\"Gafsa : Sans salaire depuis un an, cinq ouvriers municipaux menacent de se suicider\"},{\"@type\":\"BreadcrumbList\",\"@id\":\"https:\\\/\\\/www.webdo.tn\\\/fr\\\/actualite\\\/economie\\\/gafsa-sans-salaire-depuis-un-an-cinq-ouvriers-municipaux-menacent-de-se-suicider\\\/185758\\\/#breadcrumb\",\"itemListElement\":[{\"@type\":\"ListItem\",\"position\":1,\"name\":\"Accueil\",\"item\":\"https:\\\/\\\/www.webdo.tn\\\/fr\\\/\"},{\"@type\":\"ListItem\",\"position\":2,\"name\":\"Gafsa : Sans salaire depuis un an, cinq ouvriers municipaux menacent de se suicider\"}]},{\"@type\":\"WebSite\",\"@id\":\"https:\\\/\\\/www.webdo.tn\\\/fr\\\/#website\",\"url\":\"https:\\\/\\\/www.webdo.tn\\\/fr\\\/\",\"name\":\"webdo\",\"description\":\"Tunisie - News en Tunisie et \u00e0 l&#039;international sur Webdo.tn\",\"publisher\":{\"@id\":\"https:\\\/\\\/www.webdo.tn\\\/fr\\\/#organization\"},\"potentialAction\":[{\"@type\":\"SearchAction\",\"target\":{\"@type\":\"EntryPoint\",\"urlTemplate\":\"https:\\\/\\\/www.webdo.tn\\\/fr\\\/?s={search_term_string}\"},\"query-input\":{\"@type\":\"PropertyValueSpecification\",\"valueRequired\":true,\"valueName\":\"search_term_string\"}}],\"inLanguage\":\"fr-FR\"},{\"@type\":\"Organization\",\"@id\":\"https:\\\/\\\/www.webdo.tn\\\/fr\\\/#organization\",\"name\":\"Webdo\",\"alternateName\":\"Webdo.tn\",\"url\":\"https:\\\/\\\/www.webdo.tn\\\/fr\\\/\",\"logo\":{\"@type\":\"ImageObject\",\"inLanguage\":\"fr-FR\",\"@id\":\"https:\\\/\\\/www.webdo.tn\\\/fr\\\/#\\\/schema\\\/logo\\\/image\\\/\",\"url\":\"https:\\\/\\\/www.webdo.tn\\\/fr\\\/wp-content\\\/uploads\\\/2025\\\/06\\\/Webdo-Tunisie_168377.jpg\",\"contentUrl\":\"https:\\\/\\\/www.webdo.tn\\\/fr\\\/wp-content\\\/uploads\\\/2025\\\/06\\\/Webdo-Tunisie_168377.jpg\",\"width\":301,\"height\":301,\"caption\":\"Webdo\"},\"image\":{\"@id\":\"https:\\\/\\\/www.webdo.tn\\\/fr\\\/#\\\/schema\\\/logo\\\/image\\\/\"},\"sameAs\":[\"https:\\\/\\\/www.facebook.com\\\/webdotn\",\"https:\\\/\\\/x.com\\\/webdo_tn\"],\"description\":\"Webdo est un m\u00e9dia num\u00e9rique tunisien fond\u00e9 en 2010, sp\u00e9cialis\u00e9 dans l\u2019actualit\u00e9 nationale et internationale, l\u2019\u00e9conomie, la soci\u00e9t\u00e9 et les analyses politiques. Le site s\u2019adresse \u00e0 un large public francophone et couvre l\u2019information tunisienne en temps r\u00e9el.\",\"email\":\"redac@webdo.tn\",\"legalName\":\"YNJ SARL\",\"foundingDate\":\"2010-09-06\",\"numberOfEmployees\":{\"@type\":\"QuantitativeValue\",\"minValue\":\"11\",\"maxValue\":\"50\"}},{\"@type\":\"Person\",\"@id\":\"https:\\\/\\\/www.webdo.tn\\\/fr\\\/#\\\/schema\\\/person\\\/9a9c6118d687c117df8ef3cc36a4d175\",\"name\":\"webdo.tn\",\"image\":{\"@type\":\"ImageObject\",\"inLanguage\":\"fr-FR\",\"@id\":\"https:\\\/\\\/secure.gravatar.com\\\/avatar\\\/7ce1f28c0c3bbac99ff550b85ef8e44a6950c6ee24514fb6a5489e51d06f0298?s=96&d=mm&r=g\",\"url\":\"https:\\\/\\\/secure.gravatar.com\\\/avatar\\\/7ce1f28c0c3bbac99ff550b85ef8e44a6950c6ee24514fb6a5489e51d06f0298?s=96&d=mm&r=g\",\"contentUrl\":\"https:\\\/\\\/secure.gravatar.com\\\/avatar\\\/7ce1f28c0c3bbac99ff550b85ef8e44a6950c6ee24514fb6a5489e51d06f0298?s=96&d=mm&r=g\",\"caption\":\"webdo.tn\"},\"url\":\"https:\\\/\\\/www.webdo.tn\\\/fr\\\/actualite\\\/author\\\/webdotn\\\/\"}]}<\/script>\n<!-- \/ Yoast SEO Premium plugin. -->","yoast_head_json":{"title":"Gafsa : Sans salaire depuis un an, cinq ouvriers municipaux menacent de se suicider","description":"Gafsa : Sans salaire depuis un an, cinq ouvriers municipaux menacent de se suicider","canonical":"https:\/\/www.webdo.tn\/fr\/actualite\/economie\/gafsa-sans-salaire-depuis-un-an-cinq-ouvriers-municipaux-menacent-de-se-suicider\/185758\/","og_locale":"fr_FR","og_type":"article","og_title":"Gafsa : Sans salaire depuis un an, cinq ouvriers municipaux menacent de se suicider","og_description":"Gafsa : Sans salaire depuis un an, cinq ouvriers municipaux menacent de se suicider","og_url":"https:\/\/www.webdo.tn\/fr\/actualite\/economie\/gafsa-sans-salaire-depuis-un-an-cinq-ouvriers-municipaux-menacent-de-se-suicider\/185758\/","og_site_name":"webdo","article_publisher":"https:\/\/www.facebook.com\/webdotn","article_published_time":"2015-02-24T19:52:00+00:00","article_modified_time":"2025-05-22T12:59:20+00:00","og_image":[{"width":600,"height":337,"url":"https:\/\/www.webdo.tn\/fr\/wp-content\/uploads\/2015\/02\/Suicide-e1424802839511.png","type":"image\/png"}],"author":"webdo.tn","twitter_card":"summary_large_image","twitter_creator":"@webdo_tn","twitter_site":"@webdo_tn","twitter_misc":{"\u00c9crit par":"webdo.tn","Dur\u00e9e de lecture estim\u00e9e":"2 minutes"},"schema":{"@context":"https:\/\/schema.org","@graph":[{"@type":"NewsArticle","@id":"https:\/\/www.webdo.tn\/fr\/actualite\/economie\/gafsa-sans-salaire-depuis-un-an-cinq-ouvriers-municipaux-menacent-de-se-suicider\/185758\/#article","isPartOf":{"@id":"https:\/\/www.webdo.tn\/fr\/actualite\/economie\/gafsa-sans-salaire-depuis-un-an-cinq-ouvriers-municipaux-menacent-de-se-suicider\/185758\/"},"author":{"name":"webdo.tn","@id":"https:\/\/www.webdo.tn\/fr\/#\/schema\/person\/9a9c6118d687c117df8ef3cc36a4d175"},"headline":"Gafsa : Sans salaire depuis un an, cinq ouvriers municipaux menacent de se suicider","datePublished":"2015-02-24T19:52:00+00:00","dateModified":"2025-05-22T12:59:20+00:00","mainEntityOfPage":{"@id":"https:\/\/www.webdo.tn\/fr\/actualite\/economie\/gafsa-sans-salaire-depuis-un-an-cinq-ouvriers-municipaux-menacent-de-se-suicider\/185758\/"},"wordCount":333,"commentCount":0,"publisher":{"@id":"https:\/\/www.webdo.tn\/fr\/#organization"},"image":{"@id":"https:\/\/www.webdo.tn\/fr\/actualite\/economie\/gafsa-sans-salaire-depuis-un-an-cinq-ouvriers-municipaux-menacent-de-se-suicider\/185758\/#primaryimage"},"thumbnailUrl":"https:\/\/www.webdo.tn\/fr\/wp-content\/uploads\/2015\/02\/Suicide-e1424802839511.png","articleSection":["Economie"],"inLanguage":"fr-FR"},{"@type":"WebPage","@id":"https:\/\/www.webdo.tn\/fr\/actualite\/economie\/gafsa-sans-salaire-depuis-un-an-cinq-ouvriers-municipaux-menacent-de-se-suicider\/185758\/","url":"https:\/\/www.webdo.tn\/fr\/actualite\/economie\/gafsa-sans-salaire-depuis-un-an-cinq-ouvriers-municipaux-menacent-de-se-suicider\/185758\/","name":"Gafsa : Sans salaire depuis un an, cinq ouvriers municipaux menacent de se suicider","isPartOf":{"@id":"https:\/\/www.webdo.tn\/fr\/#website"},"primaryImageOfPage":{"@id":"https:\/\/www.webdo.tn\/fr\/actualite\/economie\/gafsa-sans-salaire-depuis-un-an-cinq-ouvriers-municipaux-menacent-de-se-suicider\/185758\/#primaryimage"},"image":{"@id":"https:\/\/www.webdo.tn\/fr\/actualite\/economie\/gafsa-sans-salaire-depuis-un-an-cinq-ouvriers-municipaux-menacent-de-se-suicider\/185758\/#primaryimage"},"thumbnailUrl":"https:\/\/www.webdo.tn\/fr\/wp-content\/uploads\/2015\/02\/Suicide-e1424802839511.png","datePublished":"2015-02-24T19:52:00+00:00","dateModified":"2025-05-22T12:59:20+00:00","description":"Gafsa : Sans salaire depuis un an, cinq ouvriers municipaux menacent de se suicider","breadcrumb":{"@id":"https:\/\/www.webdo.tn\/fr\/actualite\/economie\/gafsa-sans-salaire-depuis-un-an-cinq-ouvriers-municipaux-menacent-de-se-suicider\/185758\/#breadcrumb"},"inLanguage":"fr-FR","potentialAction":[{"@type":"ReadAction","target":["https:\/\/www.webdo.tn\/fr\/actualite\/economie\/gafsa-sans-salaire-depuis-un-an-cinq-ouvriers-municipaux-menacent-de-se-suicider\/185758\/"]}]},{"@type":"ImageObject","inLanguage":"fr-FR","@id":"https:\/\/www.webdo.tn\/fr\/actualite\/economie\/gafsa-sans-salaire-depuis-un-an-cinq-ouvriers-municipaux-menacent-de-se-suicider\/185758\/#primaryimage","url":"https:\/\/www.webdo.tn\/fr\/wp-content\/uploads\/2015\/02\/Suicide-e1424802839511.png","contentUrl":"https:\/\/www.webdo.tn\/fr\/wp-content\/uploads\/2015\/02\/Suicide-e1424802839511.png","width":600,"height":337,"caption":"Gafsa : Sans salaire depuis un an, cinq ouvriers municipaux menacent de se suicider"},{"@type":"BreadcrumbList","@id":"https:\/\/www.webdo.tn\/fr\/actualite\/economie\/gafsa-sans-salaire-depuis-un-an-cinq-ouvriers-municipaux-menacent-de-se-suicider\/185758\/#breadcrumb","itemListElement":[{"@type":"ListItem","position":1,"name":"Accueil","item":"https:\/\/www.webdo.tn\/fr\/"},{"@type":"ListItem","position":2,"name":"Gafsa : Sans salaire depuis un an, cinq ouvriers municipaux menacent de se suicider"}]},{"@type":"WebSite","@id":"https:\/\/www.webdo.tn\/fr\/#website","url":"https:\/\/www.webdo.tn\/fr\/","name":"webdo","description":"Tunisie - News en Tunisie et \u00e0 l&#039;international sur Webdo.tn","publisher":{"@id":"https:\/\/www.webdo.tn\/fr\/#organization"},"potentialAction":[{"@type":"SearchAction","target":{"@type":"EntryPoint","urlTemplate":"https:\/\/www.webdo.tn\/fr\/?s={search_term_string}"},"query-input":{"@type":"PropertyValueSpecification","valueRequired":true,"valueName":"search_term_string"}}],"inLanguage":"fr-FR"},{"@type":"Organization","@id":"https:\/\/www.webdo.tn\/fr\/#organization","name":"Webdo","alternateName":"Webdo.tn","url":"https:\/\/www.webdo.tn\/fr\/","logo":{"@type":"ImageObject","inLanguage":"fr-FR","@id":"https:\/\/www.webdo.tn\/fr\/#\/schema\/logo\/image\/","url":"https:\/\/www.webdo.tn\/fr\/wp-content\/uploads\/2025\/06\/Webdo-Tunisie_168377.jpg","contentUrl":"https:\/\/www.webdo.tn\/fr\/wp-content\/uploads\/2025\/06\/Webdo-Tunisie_168377.jpg","width":301,"height":301,"caption":"Webdo"},"image":{"@id":"https:\/\/www.webdo.tn\/fr\/#\/schema\/logo\/image\/"},"sameAs":["https:\/\/www.facebook.com\/webdotn","https:\/\/x.com\/webdo_tn"],"description":"Webdo est un m\u00e9dia num\u00e9rique tunisien fond\u00e9 en 2010, sp\u00e9cialis\u00e9 dans l\u2019actualit\u00e9 nationale et internationale, l\u2019\u00e9conomie, la soci\u00e9t\u00e9 et les analyses politiques. Le site s\u2019adresse \u00e0 un large public francophone et couvre l\u2019information tunisienne en temps r\u00e9el.","email":"redac@webdo.tn","legalName":"YNJ SARL","foundingDate":"2010-09-06","numberOfEmployees":{"@type":"QuantitativeValue","minValue":"11","maxValue":"50"}},{"@type":"Person","@id":"https:\/\/www.webdo.tn\/fr\/#\/schema\/person\/9a9c6118d687c117df8ef3cc36a4d175","name":"webdo.tn","image":{"@type":"ImageObject","inLanguage":"fr-FR","@id":"https:\/\/secure.gravatar.com\/avatar\/7ce1f28c0c3bbac99ff550b85ef8e44a6950c6ee24514fb6a5489e51d06f0298?s=96&d=mm&r=g","url":"https:\/\/secure.gravatar.com\/avatar\/7ce1f28c0c3bbac99ff550b85ef8e44a6950c6ee24514fb6a5489e51d06f0298?s=96&d=mm&r=g","contentUrl":"https:\/\/secure.gravatar.com\/avatar\/7ce1f28c0c3bbac99ff550b85ef8e44a6950c6ee24514fb6a5489e51d06f0298?s=96&d=mm&r=g","caption":"webdo.tn"},"url":"https:\/\/www.webdo.tn\/fr\/actualite\/author\/webdotn\/"}]}},"_links":{"self":[{"href":"https:\/\/www.webdo.tn\/fr\/wp-json\/wp\/v2\/posts\/185758","targetHints":{"allow":["GET"]}}],"collection":[{"href":"https:\/\/www.webdo.tn\/fr\/wp-json\/wp\/v2\/posts"}],"about":[{"href":"https:\/\/www.webdo.tn\/fr\/wp-json\/wp\/v2\/types\/post"}],"author":[{"embeddable":true,"href":"https:\/\/www.webdo.tn\/fr\/wp-json\/wp\/v2\/users\/3222"}],"replies":[{"embeddable":true,"href":"https:\/\/www.webdo.tn\/fr\/wp-json\/wp\/v2\/comments?post=185758"}],"version-history":[{"count":0,"href":"https:\/\/www.webdo.tn\/fr\/wp-json\/wp\/v2\/posts\/185758\/revisions"}],"wp:featuredmedia":[{"embeddable":true,"href":"https:\/\/www.webdo.tn\/fr\/wp-json\/wp\/v2\/media\/352280"}],"wp:attachment":[{"href":"https:\/\/www.webdo.tn\/fr\/wp-json\/wp\/v2\/media?parent=185758"}],"wp:term":[{"taxonomy":"category","embeddable":true,"href":"https:\/\/www.webdo.tn\/fr\/wp-json\/wp\/v2\/categories?post=185758"},{"taxonomy":"post_tag","embeddable":true,"href":"https:\/\/www.webdo.tn\/fr\/wp-json\/wp\/v2\/tags?post=185758"}],"curies":[{"name":"wp","href":"https:\/\/api.w.org\/{rel}","templated":true}]}}