{"id":185757,"date":"2015-03-02T12:32:00","date_gmt":"2015-03-02T12:32:00","guid":{"rendered":"https:\/\/www.webdo.tn\/fr\/blog\/liace-annonce-la-tenue-de-la-1ere-edition-de-tunis-economic-forum\/185757\/"},"modified":"2025-05-19T10:21:16","modified_gmt":"2025-05-19T10:21:16","slug":"liace-annonce-la-tenue-de-la-1ere-edition-de-tunis-economic-forum","status":"publish","type":"post","link":"https:\/\/www.webdo.tn\/fr\/actualite\/economie\/liace-annonce-la-tenue-de-la-1ere-edition-de-tunis-economic-forum\/185757\/","title":{"rendered":"L\u2019IACE annonce la tenue de la 1\u00e8re \u00e9dition de \u00abTunis Economic Forum\u00bb"},"content":{"rendered":"<p>Tunis | L\u2019Institut Arabe des Chefs d\u2019Entreprises (IACE) va organiser, le 12 mars 2015, la premi\u00e8re \u00e9dition de \u00ab Tunis Economic Forum \u00bb qui se tiendra \u00e0 la Maison de l\u2019Entreprise sur le th\u00e8me de \u00ab la mise en place des r\u00e9formes : urgences et m\u00e9thodes \u00bb, annonce l\u2019institut sur son site.<\/p>\n<p>Ont \u00e9t\u00e9 convi\u00e9s \u00e0 participer \u00e0 cette premi\u00e8re \u00e9dition de \u00ab Tunis Economic Forum \u00bb des \u00e9conomistes, des experts, des think-tanks, des repr\u00e9sentants de l\u2019OCDE, du World Economic Forum, de la Banque Mondiale, du Fond Mon\u00e9taire International, de la Banque Africaine de D\u00e9veloppement.<\/p>\n","protected":false},"excerpt":{"rendered":"<p>L\u2019IACE annonce la tenue de la 1\u00e8re \u00e9dition de \u00abTunis Economic Forum\u00bb<\/p>\n","protected":false},"author":3222,"featured_media":318985,"comment_status":"open","ping_status":"closed","sticky":false,"template":"","format":"standard","meta":{"footnotes":""},"categories":[11334],"tags":[2600],"class_list":["post-185757","post","type-post","status-publish","format-standard","has-post-thumbnail","hentry","category-economie","tag-guerre"],"yoast_head":"<!-- This site is optimized with the Yoast SEO Premium plugin v27.5 (Yoast SEO v27.5) - https:\/\/yoast.com\/product\/yoast-seo-premium-wordpress\/ -->\n<title>L\u2019IACE annonce la tenue de la 1\u00e8re \u00e9dition de \u00abTunis Economic Forum\u00bb<\/title>\n<meta name=\"description\" content=\"L\u2019IACE annonce la tenue de la 1\u00e8re \u00e9dition de \u00abTunis Economic Forum\u00bb\" \/>\n<link rel=\"canonical\" href=\"https:\/\/www.webdo.tn\/fr\/actualite\/economie\/liace-annonce-la-tenue-de-la-1ere-edition-de-tunis-economic-forum\/185757\/\" \/>\n<meta property=\"og:locale\" content=\"fr_FR\" \/>\n<meta property=\"og:type\" content=\"article\" \/>\n<meta property=\"og:title\" content=\"L\u2019IACE annonce la tenue de la 1\u00e8re \u00e9dition de \u00abTunis Economic Forum\u00bb\" \/>\n<meta property=\"og:description\" content=\"L\u2019IACE annonce la tenue de la 1\u00e8re \u00e9dition de \u00abTunis Economic Forum\u00bb\" \/>\n<meta property=\"og:url\" content=\"https:\/\/www.webdo.tn\/fr\/actualite\/economie\/liace-annonce-la-tenue-de-la-1ere-edition-de-tunis-economic-forum\/185757\/\" \/>\n<meta property=\"og:site_name\" content=\"webdo\" \/>\n<meta property=\"article:publisher\" content=\"https:\/\/www.facebook.com\/webdotn\" \/>\n<meta property=\"article:published_time\" content=\"2015-03-02T12:32:00+00:00\" \/>\n<meta property=\"article:modified_time\" content=\"2025-05-19T10:21:16+00:00\" \/>\n<meta property=\"og:image\" content=\"https:\/\/www.webdo.tn\/fr\/wp-content\/uploads\/2015\/03\/webdo_default-58.jpg\" \/>\n\t<meta property=\"og:image:width\" content=\"800\" \/>\n\t<meta property=\"og:image:height\" content=\"500\" \/>\n\t<meta property=\"og:image:type\" content=\"image\/jpeg\" \/>\n<meta name=\"author\" content=\"webdo.tn\" \/>\n<meta name=\"twitter:card\" content=\"summary_large_image\" \/>\n<meta name=\"twitter:creator\" content=\"@webdo_tn\" \/>\n<meta name=\"twitter:site\" content=\"@webdo_tn\" \/>\n<meta name=\"twitter:label1\" content=\"\u00c9crit par\" \/>\n\t<meta name=\"twitter:data1\" content=\"webdo.tn\" \/>\n<script type=\"application\/ld+json\" class=\"yoast-schema-graph\">{\"@context\":\"https:\\\/\\\/schema.org\",\"@graph\":[{\"@type\":\"NewsArticle\",\"@id\":\"https:\\\/\\\/www.webdo.tn\\\/fr\\\/actualite\\\/economie\\\/liace-annonce-la-tenue-de-la-1ere-edition-de-tunis-economic-forum\\\/185757\\\/#article\",\"isPartOf\":{\"@id\":\"https:\\\/\\\/www.webdo.tn\\\/fr\\\/actualite\\\/economie\\\/liace-annonce-la-tenue-de-la-1ere-edition-de-tunis-economic-forum\\\/185757\\\/\"},\"author\":{\"name\":\"webdo.tn\",\"@id\":\"https:\\\/\\\/www.webdo.tn\\\/fr\\\/#\\\/schema\\\/person\\\/9a9c6118d687c117df8ef3cc36a4d175\"},\"headline\":\"L\u2019IACE annonce la tenue de la 1\u00e8re \u00e9dition de \u00abTunis Economic Forum\u00bb\",\"datePublished\":\"2015-03-02T12:32:00+00:00\",\"dateModified\":\"2025-05-19T10:21:16+00:00\",\"mainEntityOfPage\":{\"@id\":\"https:\\\/\\\/www.webdo.tn\\\/fr\\\/actualite\\\/economie\\\/liace-annonce-la-tenue-de-la-1ere-edition-de-tunis-economic-forum\\\/185757\\\/\"},\"wordCount\":109,\"commentCount\":0,\"publisher\":{\"@id\":\"https:\\\/\\\/www.webdo.tn\\\/fr\\\/#organization\"},\"image\":{\"@id\":\"https:\\\/\\\/www.webdo.tn\\\/fr\\\/actualite\\\/economie\\\/liace-annonce-la-tenue-de-la-1ere-edition-de-tunis-economic-forum\\\/185757\\\/#primaryimage\"},\"thumbnailUrl\":\"https:\\\/\\\/www.webdo.tn\\\/fr\\\/wp-content\\\/uploads\\\/2015\\\/03\\\/webdo_default-58.jpg\",\"keywords\":[\"guerre\"],\"articleSection\":[\"Economie\"],\"inLanguage\":\"fr-FR\"},{\"@type\":\"WebPage\",\"@id\":\"https:\\\/\\\/www.webdo.tn\\\/fr\\\/actualite\\\/economie\\\/liace-annonce-la-tenue-de-la-1ere-edition-de-tunis-economic-forum\\\/185757\\\/\",\"url\":\"https:\\\/\\\/www.webdo.tn\\\/fr\\\/actualite\\\/economie\\\/liace-annonce-la-tenue-de-la-1ere-edition-de-tunis-economic-forum\\\/185757\\\/\",\"name\":\"L\u2019IACE annonce la tenue de la 1\u00e8re \u00e9dition de \u00abTunis Economic Forum\u00bb\",\"isPartOf\":{\"@id\":\"https:\\\/\\\/www.webdo.tn\\\/fr\\\/#website\"},\"primaryImageOfPage\":{\"@id\":\"https:\\\/\\\/www.webdo.tn\\\/fr\\\/actualite\\\/economie\\\/liace-annonce-la-tenue-de-la-1ere-edition-de-tunis-economic-forum\\\/185757\\\/#primaryimage\"},\"image\":{\"@id\":\"https:\\\/\\\/www.webdo.tn\\\/fr\\\/actualite\\\/economie\\\/liace-annonce-la-tenue-de-la-1ere-edition-de-tunis-economic-forum\\\/185757\\\/#primaryimage\"},\"thumbnailUrl\":\"https:\\\/\\\/www.webdo.tn\\\/fr\\\/wp-content\\\/uploads\\\/2015\\\/03\\\/webdo_default-58.jpg\",\"datePublished\":\"2015-03-02T12:32:00+00:00\",\"dateModified\":\"2025-05-19T10:21:16+00:00\",\"description\":\"L\u2019IACE annonce la tenue de la 1\u00e8re \u00e9dition de \u00abTunis Economic Forum\u00bb\",\"breadcrumb\":{\"@id\":\"https:\\\/\\\/www.webdo.tn\\\/fr\\\/actualite\\\/economie\\\/liace-annonce-la-tenue-de-la-1ere-edition-de-tunis-economic-forum\\\/185757\\\/#breadcrumb\"},\"inLanguage\":\"fr-FR\",\"potentialAction\":[{\"@type\":\"ReadAction\",\"target\":[\"https:\\\/\\\/www.webdo.tn\\\/fr\\\/actualite\\\/economie\\\/liace-annonce-la-tenue-de-la-1ere-edition-de-tunis-economic-forum\\\/185757\\\/\"]}]},{\"@type\":\"ImageObject\",\"inLanguage\":\"fr-FR\",\"@id\":\"https:\\\/\\\/www.webdo.tn\\\/fr\\\/actualite\\\/economie\\\/liace-annonce-la-tenue-de-la-1ere-edition-de-tunis-economic-forum\\\/185757\\\/#primaryimage\",\"url\":\"https:\\\/\\\/www.webdo.tn\\\/fr\\\/wp-content\\\/uploads\\\/2015\\\/03\\\/webdo_default-58.jpg\",\"contentUrl\":\"https:\\\/\\\/www.webdo.tn\\\/fr\\\/wp-content\\\/uploads\\\/2015\\\/03\\\/webdo_default-58.jpg\",\"width\":800,\"height\":500,\"caption\":\"L\u2019IACE annonce la tenue de la 1\u00e8re \u00e9dition de \u00abTunis Economic Forum\u00bb\"},{\"@type\":\"BreadcrumbList\",\"@id\":\"https:\\\/\\\/www.webdo.tn\\\/fr\\\/actualite\\\/economie\\\/liace-annonce-la-tenue-de-la-1ere-edition-de-tunis-economic-forum\\\/185757\\\/#breadcrumb\",\"itemListElement\":[{\"@type\":\"ListItem\",\"position\":1,\"name\":\"Accueil\",\"item\":\"https:\\\/\\\/www.webdo.tn\\\/fr\\\/\"},{\"@type\":\"ListItem\",\"position\":2,\"name\":\"L\u2019IACE annonce la tenue de la 1\u00e8re \u00e9dition de \u00abTunis Economic Forum\u00bb\"}]},{\"@type\":\"WebSite\",\"@id\":\"https:\\\/\\\/www.webdo.tn\\\/fr\\\/#website\",\"url\":\"https:\\\/\\\/www.webdo.tn\\\/fr\\\/\",\"name\":\"webdo\",\"description\":\"Tunisie - News en Tunisie et \u00e0 l&#039;international sur Webdo.tn\",\"publisher\":{\"@id\":\"https:\\\/\\\/www.webdo.tn\\\/fr\\\/#organization\"},\"potentialAction\":[{\"@type\":\"SearchAction\",\"target\":{\"@type\":\"EntryPoint\",\"urlTemplate\":\"https:\\\/\\\/www.webdo.tn\\\/fr\\\/?s={search_term_string}\"},\"query-input\":{\"@type\":\"PropertyValueSpecification\",\"valueRequired\":true,\"valueName\":\"search_term_string\"}}],\"inLanguage\":\"fr-FR\"},{\"@type\":\"Organization\",\"@id\":\"https:\\\/\\\/www.webdo.tn\\\/fr\\\/#organization\",\"name\":\"Webdo\",\"alternateName\":\"Webdo.tn\",\"url\":\"https:\\\/\\\/www.webdo.tn\\\/fr\\\/\",\"logo\":{\"@type\":\"ImageObject\",\"inLanguage\":\"fr-FR\",\"@id\":\"https:\\\/\\\/www.webdo.tn\\\/fr\\\/#\\\/schema\\\/logo\\\/image\\\/\",\"url\":\"https:\\\/\\\/www.webdo.tn\\\/fr\\\/wp-content\\\/uploads\\\/2025\\\/06\\\/Webdo-Tunisie_168377.jpg\",\"contentUrl\":\"https:\\\/\\\/www.webdo.tn\\\/fr\\\/wp-content\\\/uploads\\\/2025\\\/06\\\/Webdo-Tunisie_168377.jpg\",\"width\":301,\"height\":301,\"caption\":\"Webdo\"},\"image\":{\"@id\":\"https:\\\/\\\/www.webdo.tn\\\/fr\\\/#\\\/schema\\\/logo\\\/image\\\/\"},\"sameAs\":[\"https:\\\/\\\/www.facebook.com\\\/webdotn\",\"https:\\\/\\\/x.com\\\/webdo_tn\"],\"description\":\"Webdo est un m\u00e9dia num\u00e9rique tunisien fond\u00e9 en 2010, sp\u00e9cialis\u00e9 dans l\u2019actualit\u00e9 nationale et internationale, l\u2019\u00e9conomie, la soci\u00e9t\u00e9 et les analyses politiques. Le site s\u2019adresse \u00e0 un large public francophone et couvre l\u2019information tunisienne en temps r\u00e9el.\",\"email\":\"redac@webdo.tn\",\"legalName\":\"YNJ SARL\",\"foundingDate\":\"2010-09-06\",\"numberOfEmployees\":{\"@type\":\"QuantitativeValue\",\"minValue\":\"11\",\"maxValue\":\"50\"}},{\"@type\":\"Person\",\"@id\":\"https:\\\/\\\/www.webdo.tn\\\/fr\\\/#\\\/schema\\\/person\\\/9a9c6118d687c117df8ef3cc36a4d175\",\"name\":\"webdo.tn\",\"image\":{\"@type\":\"ImageObject\",\"inLanguage\":\"fr-FR\",\"@id\":\"https:\\\/\\\/secure.gravatar.com\\\/avatar\\\/7ce1f28c0c3bbac99ff550b85ef8e44a6950c6ee24514fb6a5489e51d06f0298?s=96&d=mm&r=g\",\"url\":\"https:\\\/\\\/secure.gravatar.com\\\/avatar\\\/7ce1f28c0c3bbac99ff550b85ef8e44a6950c6ee24514fb6a5489e51d06f0298?s=96&d=mm&r=g\",\"contentUrl\":\"https:\\\/\\\/secure.gravatar.com\\\/avatar\\\/7ce1f28c0c3bbac99ff550b85ef8e44a6950c6ee24514fb6a5489e51d06f0298?s=96&d=mm&r=g\",\"caption\":\"webdo.tn\"},\"url\":\"https:\\\/\\\/www.webdo.tn\\\/fr\\\/actualite\\\/author\\\/webdotn\\\/\"}]}<\/script>\n<!-- \/ Yoast SEO Premium plugin. -->","yoast_head_json":{"title":"L\u2019IACE annonce la tenue de la 1\u00e8re \u00e9dition de \u00abTunis Economic Forum\u00bb","description":"L\u2019IACE annonce la tenue de la 1\u00e8re \u00e9dition de \u00abTunis Economic Forum\u00bb","canonical":"https:\/\/www.webdo.tn\/fr\/actualite\/economie\/liace-annonce-la-tenue-de-la-1ere-edition-de-tunis-economic-forum\/185757\/","og_locale":"fr_FR","og_type":"article","og_title":"L\u2019IACE annonce la tenue de la 1\u00e8re \u00e9dition de \u00abTunis Economic Forum\u00bb","og_description":"L\u2019IACE annonce la tenue de la 1\u00e8re \u00e9dition de \u00abTunis Economic Forum\u00bb","og_url":"https:\/\/www.webdo.tn\/fr\/actualite\/economie\/liace-annonce-la-tenue-de-la-1ere-edition-de-tunis-economic-forum\/185757\/","og_site_name":"webdo","article_publisher":"https:\/\/www.facebook.com\/webdotn","article_published_time":"2015-03-02T12:32:00+00:00","article_modified_time":"2025-05-19T10:21:16+00:00","og_image":[{"width":800,"height":500,"url":"https:\/\/www.webdo.tn\/fr\/wp-content\/uploads\/2015\/03\/webdo_default-58.jpg","type":"image\/jpeg"}],"author":"webdo.tn","twitter_card":"summary_large_image","twitter_creator":"@webdo_tn","twitter_site":"@webdo_tn","twitter_misc":{"\u00c9crit par":"webdo.tn"},"schema":{"@context":"https:\/\/schema.org","@graph":[{"@type":"NewsArticle","@id":"https:\/\/www.webdo.tn\/fr\/actualite\/economie\/liace-annonce-la-tenue-de-la-1ere-edition-de-tunis-economic-forum\/185757\/#article","isPartOf":{"@id":"https:\/\/www.webdo.tn\/fr\/actualite\/economie\/liace-annonce-la-tenue-de-la-1ere-edition-de-tunis-economic-forum\/185757\/"},"author":{"name":"webdo.tn","@id":"https:\/\/www.webdo.tn\/fr\/#\/schema\/person\/9a9c6118d687c117df8ef3cc36a4d175"},"headline":"L\u2019IACE annonce la tenue de la 1\u00e8re \u00e9dition de \u00abTunis Economic Forum\u00bb","datePublished":"2015-03-02T12:32:00+00:00","dateModified":"2025-05-19T10:21:16+00:00","mainEntityOfPage":{"@id":"https:\/\/www.webdo.tn\/fr\/actualite\/economie\/liace-annonce-la-tenue-de-la-1ere-edition-de-tunis-economic-forum\/185757\/"},"wordCount":109,"commentCount":0,"publisher":{"@id":"https:\/\/www.webdo.tn\/fr\/#organization"},"image":{"@id":"https:\/\/www.webdo.tn\/fr\/actualite\/economie\/liace-annonce-la-tenue-de-la-1ere-edition-de-tunis-economic-forum\/185757\/#primaryimage"},"thumbnailUrl":"https:\/\/www.webdo.tn\/fr\/wp-content\/uploads\/2015\/03\/webdo_default-58.jpg","keywords":["guerre"],"articleSection":["Economie"],"inLanguage":"fr-FR"},{"@type":"WebPage","@id":"https:\/\/www.webdo.tn\/fr\/actualite\/economie\/liace-annonce-la-tenue-de-la-1ere-edition-de-tunis-economic-forum\/185757\/","url":"https:\/\/www.webdo.tn\/fr\/actualite\/economie\/liace-annonce-la-tenue-de-la-1ere-edition-de-tunis-economic-forum\/185757\/","name":"L\u2019IACE annonce la tenue de la 1\u00e8re \u00e9dition de \u00abTunis Economic Forum\u00bb","isPartOf":{"@id":"https:\/\/www.webdo.tn\/fr\/#website"},"primaryImageOfPage":{"@id":"https:\/\/www.webdo.tn\/fr\/actualite\/economie\/liace-annonce-la-tenue-de-la-1ere-edition-de-tunis-economic-forum\/185757\/#primaryimage"},"image":{"@id":"https:\/\/www.webdo.tn\/fr\/actualite\/economie\/liace-annonce-la-tenue-de-la-1ere-edition-de-tunis-economic-forum\/185757\/#primaryimage"},"thumbnailUrl":"https:\/\/www.webdo.tn\/fr\/wp-content\/uploads\/2015\/03\/webdo_default-58.jpg","datePublished":"2015-03-02T12:32:00+00:00","dateModified":"2025-05-19T10:21:16+00:00","description":"L\u2019IACE annonce la tenue de la 1\u00e8re \u00e9dition de \u00abTunis Economic Forum\u00bb","breadcrumb":{"@id":"https:\/\/www.webdo.tn\/fr\/actualite\/economie\/liace-annonce-la-tenue-de-la-1ere-edition-de-tunis-economic-forum\/185757\/#breadcrumb"},"inLanguage":"fr-FR","potentialAction":[{"@type":"ReadAction","target":["https:\/\/www.webdo.tn\/fr\/actualite\/economie\/liace-annonce-la-tenue-de-la-1ere-edition-de-tunis-economic-forum\/185757\/"]}]},{"@type":"ImageObject","inLanguage":"fr-FR","@id":"https:\/\/www.webdo.tn\/fr\/actualite\/economie\/liace-annonce-la-tenue-de-la-1ere-edition-de-tunis-economic-forum\/185757\/#primaryimage","url":"https:\/\/www.webdo.tn\/fr\/wp-content\/uploads\/2015\/03\/webdo_default-58.jpg","contentUrl":"https:\/\/www.webdo.tn\/fr\/wp-content\/uploads\/2015\/03\/webdo_default-58.jpg","width":800,"height":500,"caption":"L\u2019IACE annonce la tenue de la 1\u00e8re \u00e9dition de \u00abTunis Economic Forum\u00bb"},{"@type":"BreadcrumbList","@id":"https:\/\/www.webdo.tn\/fr\/actualite\/economie\/liace-annonce-la-tenue-de-la-1ere-edition-de-tunis-economic-forum\/185757\/#breadcrumb","itemListElement":[{"@type":"ListItem","position":1,"name":"Accueil","item":"https:\/\/www.webdo.tn\/fr\/"},{"@type":"ListItem","position":2,"name":"L\u2019IACE annonce la tenue de la 1\u00e8re \u00e9dition de \u00abTunis Economic Forum\u00bb"}]},{"@type":"WebSite","@id":"https:\/\/www.webdo.tn\/fr\/#website","url":"https:\/\/www.webdo.tn\/fr\/","name":"webdo","description":"Tunisie - News en Tunisie et \u00e0 l&#039;international sur Webdo.tn","publisher":{"@id":"https:\/\/www.webdo.tn\/fr\/#organization"},"potentialAction":[{"@type":"SearchAction","target":{"@type":"EntryPoint","urlTemplate":"https:\/\/www.webdo.tn\/fr\/?s={search_term_string}"},"query-input":{"@type":"PropertyValueSpecification","valueRequired":true,"valueName":"search_term_string"}}],"inLanguage":"fr-FR"},{"@type":"Organization","@id":"https:\/\/www.webdo.tn\/fr\/#organization","name":"Webdo","alternateName":"Webdo.tn","url":"https:\/\/www.webdo.tn\/fr\/","logo":{"@type":"ImageObject","inLanguage":"fr-FR","@id":"https:\/\/www.webdo.tn\/fr\/#\/schema\/logo\/image\/","url":"https:\/\/www.webdo.tn\/fr\/wp-content\/uploads\/2025\/06\/Webdo-Tunisie_168377.jpg","contentUrl":"https:\/\/www.webdo.tn\/fr\/wp-content\/uploads\/2025\/06\/Webdo-Tunisie_168377.jpg","width":301,"height":301,"caption":"Webdo"},"image":{"@id":"https:\/\/www.webdo.tn\/fr\/#\/schema\/logo\/image\/"},"sameAs":["https:\/\/www.facebook.com\/webdotn","https:\/\/x.com\/webdo_tn"],"description":"Webdo est un m\u00e9dia num\u00e9rique tunisien fond\u00e9 en 2010, sp\u00e9cialis\u00e9 dans l\u2019actualit\u00e9 nationale et internationale, l\u2019\u00e9conomie, la soci\u00e9t\u00e9 et les analyses politiques. Le site s\u2019adresse \u00e0 un large public francophone et couvre l\u2019information tunisienne en temps r\u00e9el.","email":"redac@webdo.tn","legalName":"YNJ SARL","foundingDate":"2010-09-06","numberOfEmployees":{"@type":"QuantitativeValue","minValue":"11","maxValue":"50"}},{"@type":"Person","@id":"https:\/\/www.webdo.tn\/fr\/#\/schema\/person\/9a9c6118d687c117df8ef3cc36a4d175","name":"webdo.tn","image":{"@type":"ImageObject","inLanguage":"fr-FR","@id":"https:\/\/secure.gravatar.com\/avatar\/7ce1f28c0c3bbac99ff550b85ef8e44a6950c6ee24514fb6a5489e51d06f0298?s=96&d=mm&r=g","url":"https:\/\/secure.gravatar.com\/avatar\/7ce1f28c0c3bbac99ff550b85ef8e44a6950c6ee24514fb6a5489e51d06f0298?s=96&d=mm&r=g","contentUrl":"https:\/\/secure.gravatar.com\/avatar\/7ce1f28c0c3bbac99ff550b85ef8e44a6950c6ee24514fb6a5489e51d06f0298?s=96&d=mm&r=g","caption":"webdo.tn"},"url":"https:\/\/www.webdo.tn\/fr\/actualite\/author\/webdotn\/"}]}},"_links":{"self":[{"href":"https:\/\/www.webdo.tn\/fr\/wp-json\/wp\/v2\/posts\/185757","targetHints":{"allow":["GET"]}}],"collection":[{"href":"https:\/\/www.webdo.tn\/fr\/wp-json\/wp\/v2\/posts"}],"about":[{"href":"https:\/\/www.webdo.tn\/fr\/wp-json\/wp\/v2\/types\/post"}],"author":[{"embeddable":true,"href":"https:\/\/www.webdo.tn\/fr\/wp-json\/wp\/v2\/users\/3222"}],"replies":[{"embeddable":true,"href":"https:\/\/www.webdo.tn\/fr\/wp-json\/wp\/v2\/comments?post=185757"}],"version-history":[{"count":0,"href":"https:\/\/www.webdo.tn\/fr\/wp-json\/wp\/v2\/posts\/185757\/revisions"}],"wp:featuredmedia":[{"embeddable":true,"href":"https:\/\/www.webdo.tn\/fr\/wp-json\/wp\/v2\/media\/318985"}],"wp:attachment":[{"href":"https:\/\/www.webdo.tn\/fr\/wp-json\/wp\/v2\/media?parent=185757"}],"wp:term":[{"taxonomy":"category","embeddable":true,"href":"https:\/\/www.webdo.tn\/fr\/wp-json\/wp\/v2\/categories?post=185757"},{"taxonomy":"post_tag","embeddable":true,"href":"https:\/\/www.webdo.tn\/fr\/wp-json\/wp\/v2\/tags?post=185757"}],"curies":[{"name":"wp","href":"https:\/\/api.w.org\/{rel}","templated":true}]}}