{"id":185756,"date":"2015-03-02T15:21:00","date_gmt":"2015-03-02T15:21:00","guid":{"rendered":"https:\/\/www.webdo.tn\/fr\/blog\/tunis-le-fmi-reaffirme-son-soutien-a-la-tunisie-et-appelle-a-accelerer-les-reformes-importantes\/185756\/"},"modified":"2025-05-19T10:21:19","modified_gmt":"2025-05-19T10:21:19","slug":"tunis-le-fmi-reaffirme-son-soutien-a-la-tunisie-et-appelle-a-accelerer-les-reformes-importantes","status":"publish","type":"post","link":"https:\/\/www.webdo.tn\/fr\/actualite\/economie\/tunis-le-fmi-reaffirme-son-soutien-a-la-tunisie-et-appelle-a-accelerer-les-reformes-importantes\/185756\/","title":{"rendered":"Tunis : Le repr\u00e9sentant du FMI re\u00e7u par Beji Caid Essebsi et Chedly Ayari"},"content":{"rendered":"<p>Tunis | Le directeur du d\u00e9partement du Moyen Orient et Asie Centrale au sein du Fonds Mon\u00e9taire International (FMI), Massoud Ahmed, \u00e9tait en visite, ce lundi 2 mars en Tunisie pour r\u00e9affirmer la d\u00e9termination de l\u2019institution financi\u00e8re \u00e0 poursuivre son soutien \u00e0 la Tunisie.<\/p>\n<p>Le responsable du FMI a \u00e9t\u00e9 re\u00e7u par le chef du gouvernement Habib Essid au palais de la Kasbah, puis par le pr\u00e9sident de la R\u00e9publique Beji Caid Essebsi au Palais de Carthage, \u00e0 chaque fois en pr\u00e9sence du gouverneur de la Banque Centrale, Chedly Ayari.<\/p>\n<p>M. Massoud Ahmed, envoy\u00e9 par la pr\u00e9sidente du FMI, Christine Lagarde a notamment exprim\u00e9 le soutien de l\u2019institution \u00e0 la Tunisie.<\/p>\n<p>[quote_box_center]<br \/>\nJe suis l\u00e0 pour r\u00e9affirmer la d\u00e9termination du FMI afin de continuer \u00e0 soutenir la Tunisie dans cette phase de transition non seulement politique, mais \u00e9conomique. Je viens d\u2019avoir une audience avec le pr\u00e9sident de la R\u00e9publique et au cours de laquelle nous avons \u00e9chang\u00e9 des vues sur les perspectives \u00e9conomiques pour la r\u00e9gion, le monde et pour la Tunisie.<br \/>\nJ\u2019ai f\u00e9licit\u00e9 le nouveau gouvernement pour le passage de cette phase de stabilisation \u00e9conomique vers une phase de croissance plus inclusive, plus forte. Et c\u2019est donc pour soutenir cette phase de transition \u00e9conomique.<br \/>\nIl y a quelques r\u00e9formes importantes. C\u2019est le moment propice pour avancer et acc\u00e9l\u00e9rer ces r\u00e9formes, et le FMI va \u00eatre l\u00e0 pour accompagner la Tunisie dans cette phase.<br \/>\n[\/quote_box_center]Lors de sa visite en Tunisie, M. Massoud Ahmed doit aussi rencontrer des responsables au sein de l\u2019Etat, des hommes d\u2019affaires, ainsi que les dirigeants de l\u2019Union G\u00e9n\u00e9rale Tunisienne du Travail (UGTT), selon un communiqu\u00e9 de la Pr\u00e9sidence du Gouvernement, publi\u00e9 sur sa page Facebook.<\/p>\n","protected":false},"excerpt":{"rendered":"<p>Tunis : Le repr\u00e9sentant du FMI re\u00e7u par Beji Caid Essebsi et Chedly Ayari<\/p>\n","protected":false},"author":3222,"featured_media":330567,"comment_status":"open","ping_status":"closed","sticky":false,"template":"","format":"standard","meta":{"footnotes":""},"categories":[11334],"tags":[2600],"class_list":["post-185756","post","type-post","status-publish","format-standard","has-post-thumbnail","hentry","category-economie","tag-guerre"],"yoast_head":"<!-- This site is optimized with the Yoast SEO Premium plugin v27.5 (Yoast SEO v27.5) - https:\/\/yoast.com\/product\/yoast-seo-premium-wordpress\/ -->\n<title>Tunis : Le repr\u00e9sentant du FMI re\u00e7u par Beji Caid Essebsi et Chedly Ayari<\/title>\n<meta name=\"description\" content=\"Tunis : Le repr\u00e9sentant du FMI re\u00e7u par Beji Caid Essebsi et Chedly Ayari\" \/>\n<link rel=\"canonical\" href=\"https:\/\/www.webdo.tn\/fr\/actualite\/economie\/tunis-le-fmi-reaffirme-son-soutien-a-la-tunisie-et-appelle-a-accelerer-les-reformes-importantes\/185756\/\" \/>\n<meta property=\"og:locale\" content=\"fr_FR\" \/>\n<meta property=\"og:type\" content=\"article\" \/>\n<meta property=\"og:title\" content=\"Tunis : Le repr\u00e9sentant du FMI re\u00e7u par Beji Caid Essebsi et Chedly Ayari\" \/>\n<meta property=\"og:description\" content=\"Tunis : Le repr\u00e9sentant du FMI re\u00e7u par Beji Caid Essebsi et Chedly Ayari\" \/>\n<meta property=\"og:url\" content=\"https:\/\/www.webdo.tn\/fr\/actualite\/economie\/tunis-le-fmi-reaffirme-son-soutien-a-la-tunisie-et-appelle-a-accelerer-les-reformes-importantes\/185756\/\" \/>\n<meta property=\"og:site_name\" content=\"webdo\" \/>\n<meta property=\"article:publisher\" content=\"https:\/\/www.facebook.com\/webdotn\" \/>\n<meta property=\"article:published_time\" content=\"2015-03-02T15:21:00+00:00\" \/>\n<meta property=\"article:modified_time\" content=\"2025-05-19T10:21:19+00:00\" \/>\n<meta property=\"og:image\" content=\"https:\/\/www.webdo.tn\/fr\/wp-content\/uploads\/2015\/03\/BCE-Massoud-Ahmed.jpg\" \/>\n\t<meta property=\"og:image:width\" content=\"600\" \/>\n\t<meta property=\"og:image:height\" content=\"396\" \/>\n\t<meta property=\"og:image:type\" content=\"image\/jpeg\" \/>\n<meta name=\"author\" content=\"webdo.tn\" \/>\n<meta name=\"twitter:card\" content=\"summary_large_image\" \/>\n<meta name=\"twitter:creator\" content=\"@webdo_tn\" \/>\n<meta name=\"twitter:site\" content=\"@webdo_tn\" \/>\n<meta name=\"twitter:label1\" content=\"\u00c9crit par\" \/>\n\t<meta name=\"twitter:data1\" content=\"webdo.tn\" \/>\n\t<meta name=\"twitter:label2\" content=\"Dur\u00e9e de lecture estim\u00e9e\" \/>\n\t<meta name=\"twitter:data2\" content=\"2 minutes\" \/>\n<script type=\"application\/ld+json\" class=\"yoast-schema-graph\">{\"@context\":\"https:\\\/\\\/schema.org\",\"@graph\":[{\"@type\":\"NewsArticle\",\"@id\":\"https:\\\/\\\/www.webdo.tn\\\/fr\\\/actualite\\\/economie\\\/tunis-le-fmi-reaffirme-son-soutien-a-la-tunisie-et-appelle-a-accelerer-les-reformes-importantes\\\/185756\\\/#article\",\"isPartOf\":{\"@id\":\"https:\\\/\\\/www.webdo.tn\\\/fr\\\/actualite\\\/economie\\\/tunis-le-fmi-reaffirme-son-soutien-a-la-tunisie-et-appelle-a-accelerer-les-reformes-importantes\\\/185756\\\/\"},\"author\":{\"name\":\"webdo.tn\",\"@id\":\"https:\\\/\\\/www.webdo.tn\\\/fr\\\/#\\\/schema\\\/person\\\/9a9c6118d687c117df8ef3cc36a4d175\"},\"headline\":\"Tunis : Le repr\u00e9sentant du FMI re\u00e7u par Beji Caid Essebsi et Chedly Ayari\",\"datePublished\":\"2015-03-02T15:21:00+00:00\",\"dateModified\":\"2025-05-19T10:21:19+00:00\",\"mainEntityOfPage\":{\"@id\":\"https:\\\/\\\/www.webdo.tn\\\/fr\\\/actualite\\\/economie\\\/tunis-le-fmi-reaffirme-son-soutien-a-la-tunisie-et-appelle-a-accelerer-les-reformes-importantes\\\/185756\\\/\"},\"wordCount\":324,\"commentCount\":0,\"publisher\":{\"@id\":\"https:\\\/\\\/www.webdo.tn\\\/fr\\\/#organization\"},\"image\":{\"@id\":\"https:\\\/\\\/www.webdo.tn\\\/fr\\\/actualite\\\/economie\\\/tunis-le-fmi-reaffirme-son-soutien-a-la-tunisie-et-appelle-a-accelerer-les-reformes-importantes\\\/185756\\\/#primaryimage\"},\"thumbnailUrl\":\"https:\\\/\\\/www.webdo.tn\\\/fr\\\/wp-content\\\/uploads\\\/2015\\\/03\\\/BCE-Massoud-Ahmed.jpg\",\"keywords\":[\"guerre\"],\"articleSection\":[\"Economie\"],\"inLanguage\":\"fr-FR\"},{\"@type\":\"WebPage\",\"@id\":\"https:\\\/\\\/www.webdo.tn\\\/fr\\\/actualite\\\/economie\\\/tunis-le-fmi-reaffirme-son-soutien-a-la-tunisie-et-appelle-a-accelerer-les-reformes-importantes\\\/185756\\\/\",\"url\":\"https:\\\/\\\/www.webdo.tn\\\/fr\\\/actualite\\\/economie\\\/tunis-le-fmi-reaffirme-son-soutien-a-la-tunisie-et-appelle-a-accelerer-les-reformes-importantes\\\/185756\\\/\",\"name\":\"Tunis : Le repr\u00e9sentant du FMI re\u00e7u par Beji Caid Essebsi et Chedly Ayari\",\"isPartOf\":{\"@id\":\"https:\\\/\\\/www.webdo.tn\\\/fr\\\/#website\"},\"primaryImageOfPage\":{\"@id\":\"https:\\\/\\\/www.webdo.tn\\\/fr\\\/actualite\\\/economie\\\/tunis-le-fmi-reaffirme-son-soutien-a-la-tunisie-et-appelle-a-accelerer-les-reformes-importantes\\\/185756\\\/#primaryimage\"},\"image\":{\"@id\":\"https:\\\/\\\/www.webdo.tn\\\/fr\\\/actualite\\\/economie\\\/tunis-le-fmi-reaffirme-son-soutien-a-la-tunisie-et-appelle-a-accelerer-les-reformes-importantes\\\/185756\\\/#primaryimage\"},\"thumbnailUrl\":\"https:\\\/\\\/www.webdo.tn\\\/fr\\\/wp-content\\\/uploads\\\/2015\\\/03\\\/BCE-Massoud-Ahmed.jpg\",\"datePublished\":\"2015-03-02T15:21:00+00:00\",\"dateModified\":\"2025-05-19T10:21:19+00:00\",\"description\":\"Tunis : Le repr\u00e9sentant du FMI re\u00e7u par Beji Caid Essebsi et Chedly Ayari\",\"breadcrumb\":{\"@id\":\"https:\\\/\\\/www.webdo.tn\\\/fr\\\/actualite\\\/economie\\\/tunis-le-fmi-reaffirme-son-soutien-a-la-tunisie-et-appelle-a-accelerer-les-reformes-importantes\\\/185756\\\/#breadcrumb\"},\"inLanguage\":\"fr-FR\",\"potentialAction\":[{\"@type\":\"ReadAction\",\"target\":[\"https:\\\/\\\/www.webdo.tn\\\/fr\\\/actualite\\\/economie\\\/tunis-le-fmi-reaffirme-son-soutien-a-la-tunisie-et-appelle-a-accelerer-les-reformes-importantes\\\/185756\\\/\"]}]},{\"@type\":\"ImageObject\",\"inLanguage\":\"fr-FR\",\"@id\":\"https:\\\/\\\/www.webdo.tn\\\/fr\\\/actualite\\\/economie\\\/tunis-le-fmi-reaffirme-son-soutien-a-la-tunisie-et-appelle-a-accelerer-les-reformes-importantes\\\/185756\\\/#primaryimage\",\"url\":\"https:\\\/\\\/www.webdo.tn\\\/fr\\\/wp-content\\\/uploads\\\/2015\\\/03\\\/BCE-Massoud-Ahmed.jpg\",\"contentUrl\":\"https:\\\/\\\/www.webdo.tn\\\/fr\\\/wp-content\\\/uploads\\\/2015\\\/03\\\/BCE-Massoud-Ahmed.jpg\",\"width\":600,\"height\":396,\"caption\":\"Tunis : Le repr\u00e9sentant du FMI re\u00e7u par Beji Caid Essebsi et Chedly Ayari\"},{\"@type\":\"BreadcrumbList\",\"@id\":\"https:\\\/\\\/www.webdo.tn\\\/fr\\\/actualite\\\/economie\\\/tunis-le-fmi-reaffirme-son-soutien-a-la-tunisie-et-appelle-a-accelerer-les-reformes-importantes\\\/185756\\\/#breadcrumb\",\"itemListElement\":[{\"@type\":\"ListItem\",\"position\":1,\"name\":\"Accueil\",\"item\":\"https:\\\/\\\/www.webdo.tn\\\/fr\\\/\"},{\"@type\":\"ListItem\",\"position\":2,\"name\":\"Tunis : Le repr\u00e9sentant du FMI re\u00e7u par Beji Caid Essebsi et Chedly Ayari\"}]},{\"@type\":\"WebSite\",\"@id\":\"https:\\\/\\\/www.webdo.tn\\\/fr\\\/#website\",\"url\":\"https:\\\/\\\/www.webdo.tn\\\/fr\\\/\",\"name\":\"webdo\",\"description\":\"Tunisie - News en Tunisie et \u00e0 l&#039;international sur Webdo.tn\",\"publisher\":{\"@id\":\"https:\\\/\\\/www.webdo.tn\\\/fr\\\/#organization\"},\"potentialAction\":[{\"@type\":\"SearchAction\",\"target\":{\"@type\":\"EntryPoint\",\"urlTemplate\":\"https:\\\/\\\/www.webdo.tn\\\/fr\\\/?s={search_term_string}\"},\"query-input\":{\"@type\":\"PropertyValueSpecification\",\"valueRequired\":true,\"valueName\":\"search_term_string\"}}],\"inLanguage\":\"fr-FR\"},{\"@type\":\"Organization\",\"@id\":\"https:\\\/\\\/www.webdo.tn\\\/fr\\\/#organization\",\"name\":\"Webdo\",\"alternateName\":\"Webdo.tn\",\"url\":\"https:\\\/\\\/www.webdo.tn\\\/fr\\\/\",\"logo\":{\"@type\":\"ImageObject\",\"inLanguage\":\"fr-FR\",\"@id\":\"https:\\\/\\\/www.webdo.tn\\\/fr\\\/#\\\/schema\\\/logo\\\/image\\\/\",\"url\":\"https:\\\/\\\/www.webdo.tn\\\/fr\\\/wp-content\\\/uploads\\\/2025\\\/06\\\/Webdo-Tunisie_168377.jpg\",\"contentUrl\":\"https:\\\/\\\/www.webdo.tn\\\/fr\\\/wp-content\\\/uploads\\\/2025\\\/06\\\/Webdo-Tunisie_168377.jpg\",\"width\":301,\"height\":301,\"caption\":\"Webdo\"},\"image\":{\"@id\":\"https:\\\/\\\/www.webdo.tn\\\/fr\\\/#\\\/schema\\\/logo\\\/image\\\/\"},\"sameAs\":[\"https:\\\/\\\/www.facebook.com\\\/webdotn\",\"https:\\\/\\\/x.com\\\/webdo_tn\"],\"description\":\"Webdo est un m\u00e9dia num\u00e9rique tunisien fond\u00e9 en 2010, sp\u00e9cialis\u00e9 dans l\u2019actualit\u00e9 nationale et internationale, l\u2019\u00e9conomie, la soci\u00e9t\u00e9 et les analyses politiques. Le site s\u2019adresse \u00e0 un large public francophone et couvre l\u2019information tunisienne en temps r\u00e9el.\",\"email\":\"redac@webdo.tn\",\"legalName\":\"YNJ SARL\",\"foundingDate\":\"2010-09-06\",\"numberOfEmployees\":{\"@type\":\"QuantitativeValue\",\"minValue\":\"11\",\"maxValue\":\"50\"}},{\"@type\":\"Person\",\"@id\":\"https:\\\/\\\/www.webdo.tn\\\/fr\\\/#\\\/schema\\\/person\\\/9a9c6118d687c117df8ef3cc36a4d175\",\"name\":\"webdo.tn\",\"image\":{\"@type\":\"ImageObject\",\"inLanguage\":\"fr-FR\",\"@id\":\"https:\\\/\\\/secure.gravatar.com\\\/avatar\\\/7ce1f28c0c3bbac99ff550b85ef8e44a6950c6ee24514fb6a5489e51d06f0298?s=96&d=mm&r=g\",\"url\":\"https:\\\/\\\/secure.gravatar.com\\\/avatar\\\/7ce1f28c0c3bbac99ff550b85ef8e44a6950c6ee24514fb6a5489e51d06f0298?s=96&d=mm&r=g\",\"contentUrl\":\"https:\\\/\\\/secure.gravatar.com\\\/avatar\\\/7ce1f28c0c3bbac99ff550b85ef8e44a6950c6ee24514fb6a5489e51d06f0298?s=96&d=mm&r=g\",\"caption\":\"webdo.tn\"},\"url\":\"https:\\\/\\\/www.webdo.tn\\\/fr\\\/actualite\\\/author\\\/webdotn\\\/\"}]}<\/script>\n<!-- \/ Yoast SEO Premium plugin. -->","yoast_head_json":{"title":"Tunis : Le repr\u00e9sentant du FMI re\u00e7u par Beji Caid Essebsi et Chedly Ayari","description":"Tunis : Le repr\u00e9sentant du FMI re\u00e7u par Beji Caid Essebsi et Chedly Ayari","canonical":"https:\/\/www.webdo.tn\/fr\/actualite\/economie\/tunis-le-fmi-reaffirme-son-soutien-a-la-tunisie-et-appelle-a-accelerer-les-reformes-importantes\/185756\/","og_locale":"fr_FR","og_type":"article","og_title":"Tunis : Le repr\u00e9sentant du FMI re\u00e7u par Beji Caid Essebsi et Chedly Ayari","og_description":"Tunis : Le repr\u00e9sentant du FMI re\u00e7u par Beji Caid Essebsi et Chedly Ayari","og_url":"https:\/\/www.webdo.tn\/fr\/actualite\/economie\/tunis-le-fmi-reaffirme-son-soutien-a-la-tunisie-et-appelle-a-accelerer-les-reformes-importantes\/185756\/","og_site_name":"webdo","article_publisher":"https:\/\/www.facebook.com\/webdotn","article_published_time":"2015-03-02T15:21:00+00:00","article_modified_time":"2025-05-19T10:21:19+00:00","og_image":[{"width":600,"height":396,"url":"https:\/\/www.webdo.tn\/fr\/wp-content\/uploads\/2015\/03\/BCE-Massoud-Ahmed.jpg","type":"image\/jpeg"}],"author":"webdo.tn","twitter_card":"summary_large_image","twitter_creator":"@webdo_tn","twitter_site":"@webdo_tn","twitter_misc":{"\u00c9crit par":"webdo.tn","Dur\u00e9e de lecture estim\u00e9e":"2 minutes"},"schema":{"@context":"https:\/\/schema.org","@graph":[{"@type":"NewsArticle","@id":"https:\/\/www.webdo.tn\/fr\/actualite\/economie\/tunis-le-fmi-reaffirme-son-soutien-a-la-tunisie-et-appelle-a-accelerer-les-reformes-importantes\/185756\/#article","isPartOf":{"@id":"https:\/\/www.webdo.tn\/fr\/actualite\/economie\/tunis-le-fmi-reaffirme-son-soutien-a-la-tunisie-et-appelle-a-accelerer-les-reformes-importantes\/185756\/"},"author":{"name":"webdo.tn","@id":"https:\/\/www.webdo.tn\/fr\/#\/schema\/person\/9a9c6118d687c117df8ef3cc36a4d175"},"headline":"Tunis : Le repr\u00e9sentant du FMI re\u00e7u par Beji Caid Essebsi et Chedly Ayari","datePublished":"2015-03-02T15:21:00+00:00","dateModified":"2025-05-19T10:21:19+00:00","mainEntityOfPage":{"@id":"https:\/\/www.webdo.tn\/fr\/actualite\/economie\/tunis-le-fmi-reaffirme-son-soutien-a-la-tunisie-et-appelle-a-accelerer-les-reformes-importantes\/185756\/"},"wordCount":324,"commentCount":0,"publisher":{"@id":"https:\/\/www.webdo.tn\/fr\/#organization"},"image":{"@id":"https:\/\/www.webdo.tn\/fr\/actualite\/economie\/tunis-le-fmi-reaffirme-son-soutien-a-la-tunisie-et-appelle-a-accelerer-les-reformes-importantes\/185756\/#primaryimage"},"thumbnailUrl":"https:\/\/www.webdo.tn\/fr\/wp-content\/uploads\/2015\/03\/BCE-Massoud-Ahmed.jpg","keywords":["guerre"],"articleSection":["Economie"],"inLanguage":"fr-FR"},{"@type":"WebPage","@id":"https:\/\/www.webdo.tn\/fr\/actualite\/economie\/tunis-le-fmi-reaffirme-son-soutien-a-la-tunisie-et-appelle-a-accelerer-les-reformes-importantes\/185756\/","url":"https:\/\/www.webdo.tn\/fr\/actualite\/economie\/tunis-le-fmi-reaffirme-son-soutien-a-la-tunisie-et-appelle-a-accelerer-les-reformes-importantes\/185756\/","name":"Tunis : Le repr\u00e9sentant du FMI re\u00e7u par Beji Caid Essebsi et Chedly Ayari","isPartOf":{"@id":"https:\/\/www.webdo.tn\/fr\/#website"},"primaryImageOfPage":{"@id":"https:\/\/www.webdo.tn\/fr\/actualite\/economie\/tunis-le-fmi-reaffirme-son-soutien-a-la-tunisie-et-appelle-a-accelerer-les-reformes-importantes\/185756\/#primaryimage"},"image":{"@id":"https:\/\/www.webdo.tn\/fr\/actualite\/economie\/tunis-le-fmi-reaffirme-son-soutien-a-la-tunisie-et-appelle-a-accelerer-les-reformes-importantes\/185756\/#primaryimage"},"thumbnailUrl":"https:\/\/www.webdo.tn\/fr\/wp-content\/uploads\/2015\/03\/BCE-Massoud-Ahmed.jpg","datePublished":"2015-03-02T15:21:00+00:00","dateModified":"2025-05-19T10:21:19+00:00","description":"Tunis : Le repr\u00e9sentant du FMI re\u00e7u par Beji Caid Essebsi et Chedly Ayari","breadcrumb":{"@id":"https:\/\/www.webdo.tn\/fr\/actualite\/economie\/tunis-le-fmi-reaffirme-son-soutien-a-la-tunisie-et-appelle-a-accelerer-les-reformes-importantes\/185756\/#breadcrumb"},"inLanguage":"fr-FR","potentialAction":[{"@type":"ReadAction","target":["https:\/\/www.webdo.tn\/fr\/actualite\/economie\/tunis-le-fmi-reaffirme-son-soutien-a-la-tunisie-et-appelle-a-accelerer-les-reformes-importantes\/185756\/"]}]},{"@type":"ImageObject","inLanguage":"fr-FR","@id":"https:\/\/www.webdo.tn\/fr\/actualite\/economie\/tunis-le-fmi-reaffirme-son-soutien-a-la-tunisie-et-appelle-a-accelerer-les-reformes-importantes\/185756\/#primaryimage","url":"https:\/\/www.webdo.tn\/fr\/wp-content\/uploads\/2015\/03\/BCE-Massoud-Ahmed.jpg","contentUrl":"https:\/\/www.webdo.tn\/fr\/wp-content\/uploads\/2015\/03\/BCE-Massoud-Ahmed.jpg","width":600,"height":396,"caption":"Tunis : Le repr\u00e9sentant du FMI re\u00e7u par Beji Caid Essebsi et Chedly Ayari"},{"@type":"BreadcrumbList","@id":"https:\/\/www.webdo.tn\/fr\/actualite\/economie\/tunis-le-fmi-reaffirme-son-soutien-a-la-tunisie-et-appelle-a-accelerer-les-reformes-importantes\/185756\/#breadcrumb","itemListElement":[{"@type":"ListItem","position":1,"name":"Accueil","item":"https:\/\/www.webdo.tn\/fr\/"},{"@type":"ListItem","position":2,"name":"Tunis : Le repr\u00e9sentant du FMI re\u00e7u par Beji Caid Essebsi et Chedly Ayari"}]},{"@type":"WebSite","@id":"https:\/\/www.webdo.tn\/fr\/#website","url":"https:\/\/www.webdo.tn\/fr\/","name":"webdo","description":"Tunisie - News en Tunisie et \u00e0 l&#039;international sur Webdo.tn","publisher":{"@id":"https:\/\/www.webdo.tn\/fr\/#organization"},"potentialAction":[{"@type":"SearchAction","target":{"@type":"EntryPoint","urlTemplate":"https:\/\/www.webdo.tn\/fr\/?s={search_term_string}"},"query-input":{"@type":"PropertyValueSpecification","valueRequired":true,"valueName":"search_term_string"}}],"inLanguage":"fr-FR"},{"@type":"Organization","@id":"https:\/\/www.webdo.tn\/fr\/#organization","name":"Webdo","alternateName":"Webdo.tn","url":"https:\/\/www.webdo.tn\/fr\/","logo":{"@type":"ImageObject","inLanguage":"fr-FR","@id":"https:\/\/www.webdo.tn\/fr\/#\/schema\/logo\/image\/","url":"https:\/\/www.webdo.tn\/fr\/wp-content\/uploads\/2025\/06\/Webdo-Tunisie_168377.jpg","contentUrl":"https:\/\/www.webdo.tn\/fr\/wp-content\/uploads\/2025\/06\/Webdo-Tunisie_168377.jpg","width":301,"height":301,"caption":"Webdo"},"image":{"@id":"https:\/\/www.webdo.tn\/fr\/#\/schema\/logo\/image\/"},"sameAs":["https:\/\/www.facebook.com\/webdotn","https:\/\/x.com\/webdo_tn"],"description":"Webdo est un m\u00e9dia num\u00e9rique tunisien fond\u00e9 en 2010, sp\u00e9cialis\u00e9 dans l\u2019actualit\u00e9 nationale et internationale, l\u2019\u00e9conomie, la soci\u00e9t\u00e9 et les analyses politiques. Le site s\u2019adresse \u00e0 un large public francophone et couvre l\u2019information tunisienne en temps r\u00e9el.","email":"redac@webdo.tn","legalName":"YNJ SARL","foundingDate":"2010-09-06","numberOfEmployees":{"@type":"QuantitativeValue","minValue":"11","maxValue":"50"}},{"@type":"Person","@id":"https:\/\/www.webdo.tn\/fr\/#\/schema\/person\/9a9c6118d687c117df8ef3cc36a4d175","name":"webdo.tn","image":{"@type":"ImageObject","inLanguage":"fr-FR","@id":"https:\/\/secure.gravatar.com\/avatar\/7ce1f28c0c3bbac99ff550b85ef8e44a6950c6ee24514fb6a5489e51d06f0298?s=96&d=mm&r=g","url":"https:\/\/secure.gravatar.com\/avatar\/7ce1f28c0c3bbac99ff550b85ef8e44a6950c6ee24514fb6a5489e51d06f0298?s=96&d=mm&r=g","contentUrl":"https:\/\/secure.gravatar.com\/avatar\/7ce1f28c0c3bbac99ff550b85ef8e44a6950c6ee24514fb6a5489e51d06f0298?s=96&d=mm&r=g","caption":"webdo.tn"},"url":"https:\/\/www.webdo.tn\/fr\/actualite\/author\/webdotn\/"}]}},"_links":{"self":[{"href":"https:\/\/www.webdo.tn\/fr\/wp-json\/wp\/v2\/posts\/185756","targetHints":{"allow":["GET"]}}],"collection":[{"href":"https:\/\/www.webdo.tn\/fr\/wp-json\/wp\/v2\/posts"}],"about":[{"href":"https:\/\/www.webdo.tn\/fr\/wp-json\/wp\/v2\/types\/post"}],"author":[{"embeddable":true,"href":"https:\/\/www.webdo.tn\/fr\/wp-json\/wp\/v2\/users\/3222"}],"replies":[{"embeddable":true,"href":"https:\/\/www.webdo.tn\/fr\/wp-json\/wp\/v2\/comments?post=185756"}],"version-history":[{"count":0,"href":"https:\/\/www.webdo.tn\/fr\/wp-json\/wp\/v2\/posts\/185756\/revisions"}],"wp:featuredmedia":[{"embeddable":true,"href":"https:\/\/www.webdo.tn\/fr\/wp-json\/wp\/v2\/media\/330567"}],"wp:attachment":[{"href":"https:\/\/www.webdo.tn\/fr\/wp-json\/wp\/v2\/media?parent=185756"}],"wp:term":[{"taxonomy":"category","embeddable":true,"href":"https:\/\/www.webdo.tn\/fr\/wp-json\/wp\/v2\/categories?post=185756"},{"taxonomy":"post_tag","embeddable":true,"href":"https:\/\/www.webdo.tn\/fr\/wp-json\/wp\/v2\/tags?post=185756"}],"curies":[{"name":"wp","href":"https:\/\/api.w.org\/{rel}","templated":true}]}}