{"id":185754,"date":"2015-03-10T15:51:00","date_gmt":"2015-03-10T15:51:00","guid":{"rendered":"https:\/\/www.webdo.tn\/fr\/blog\/journees-de-locde-dapres-rahoui-il-y-a-une-entente-sur-linclusion-de-leconomie-informelle-dans-un-circuit-reglemente-en-tunisie\/185754\/"},"modified":"2025-05-19T10:20:55","modified_gmt":"2025-05-19T10:20:55","slug":"journees-de-locde-dapres-rahoui-il-y-a-une-entente-sur-linclusion-de-leconomie-informelle-dans-un-circuit-reglemente-en-tunisie","status":"publish","type":"post","link":"https:\/\/www.webdo.tn\/fr\/actualite\/economie\/journees-de-locde-dapres-rahoui-il-y-a-une-entente-sur-linclusion-de-leconomie-informelle-dans-un-circuit-reglemente-en-tunisie\/185754\/","title":{"rendered":"Journ\u00e9es de l&rsquo;OCDE : D&rsquo;apr\u00e8s Rahoui, il y a une entente sur l&rsquo;inclusion de l&rsquo;\u00e9conomie informelle dans un circuit r\u00e9glement\u00e9 en Tunisie"},"content":{"rendered":"<p>Tunis | Le d\u00e9put\u00e9 Mongi Rahoui, du Front Populaire, est intervenu, ce mardi 10 mars, dans le cadre des Journ\u00e9es de l&rsquo;OCDE en Tunisie (Organisation de Coop\u00e9ration et de D\u00e9veloppement \u00c9conomiques) \u00ab\u00a0R\u00e9formes \u00e0 l&rsquo;appui de la comp\u00e9titivit\u00e9, la croissance inclusive, l&#8217;emploi et la bonne gouvernance\u00a0\u00bb.<\/p>\n<p>Lors de son intervention M. Rahoui a rappel\u00e9 le travail effectu\u00e9 entre l&rsquo;OCDE et le minist\u00e8re des Finances tunisien, notamment sur la question de la transparence, de l&rsquo;implication du citoyen dans le cycle budg\u00e9taire et de la mise en place d&rsquo;un syst\u00e8me budg\u00e9taire efficace.<\/p>\n<p>Au niveau fiscal, plusieurs autres questions sont \u00e0 d\u00e9battre, a-t-il soulign\u00e9, entre autres en ce qui concerne l&rsquo;ensemble des activit\u00e9s productrices de biens et services qui \u00e9chappent au regard ou \u00e0 la r\u00e9gulation de l&rsquo;\u00c9tat.<\/p>\n<p>Selon le d\u00e9put\u00e9, l&rsquo;inclusion de l&rsquo;\u00e9conomie informelle dans un \u00ab\u00a0circuit r\u00e9glement\u00e9\u00a0\u00bb est une n\u00e9cessit\u00e9<\/p>\n<p>[pull_quote_center]\u00a0\u00bbJe pense qu&rsquo;il y a une entente g\u00e9n\u00e9rale (au niveau politique) sur le syst\u00e8me informel qu&rsquo;il faut le faire inclure dans le circuit r\u00e9glement\u00e9 et organis\u00e9 et donc l&rsquo;inclure dans le filet fiscal r\u00e9glement\u00e9.\u00a0\u00bb[\/pull_quote_center]<\/p>\n<p>Il a aussi ajout\u00e9 qu&rsquo;il est n\u00e9cessaire d&rsquo;entreprendre en Tunisie une mise en place de structures sp\u00e9cialis\u00e9es pour la lutte contre la fraude et l&rsquo;\u00e9vasion fiscale et la d\u00e9linquance financi\u00e8re.<\/p>\n","protected":false},"excerpt":{"rendered":"<p>Journ\u00e9es de l&rsquo;OCDE : D&rsquo;apr\u00e8s Rahoui, il y a une entente sur l&rsquo;inclusion de l&rsquo;\u00e9conomie informelle dans un circuit r\u00e9glement\u00e9 en Tunisie<\/p>\n","protected":false},"author":3222,"featured_media":330540,"comment_status":"open","ping_status":"closed","sticky":false,"template":"","format":"standard","meta":{"footnotes":""},"categories":[11334],"tags":[2600],"class_list":["post-185754","post","type-post","status-publish","format-standard","has-post-thumbnail","hentry","category-economie","tag-guerre"],"yoast_head":"<!-- This site is optimized with the Yoast SEO Premium plugin v27.5 (Yoast SEO v27.5) - https:\/\/yoast.com\/product\/yoast-seo-premium-wordpress\/ -->\n<title>Journ\u00e9es de l&#039;OCDE : D&#039;apr\u00e8s Rahoui, il y a une entente sur l&#039;inclusion de l&#039;\u00e9conomie informelle dans un circuit r\u00e9glement\u00e9 en Tunisie<\/title>\n<meta name=\"description\" content=\"Journ\u00e9es de l&#039;OCDE : D&#039;apr\u00e8s Rahoui, il y a une entente sur l&#039;inclusion de l&#039;\u00e9conomie informelle dans un circuit r\u00e9glement\u00e9 en Tunisie\" \/>\n<link rel=\"canonical\" href=\"https:\/\/www.webdo.tn\/fr\/actualite\/economie\/journees-de-locde-dapres-rahoui-il-y-a-une-entente-sur-linclusion-de-leconomie-informelle-dans-un-circuit-reglemente-en-tunisie\/185754\/\" \/>\n<meta property=\"og:locale\" content=\"fr_FR\" \/>\n<meta property=\"og:type\" content=\"article\" \/>\n<meta property=\"og:title\" content=\"Journ\u00e9es de l&#039;OCDE : D&#039;apr\u00e8s Rahoui, il y a une entente sur l&#039;inclusion de l&#039;\u00e9conomie informelle dans un circuit r\u00e9glement\u00e9 en Tunisie\" \/>\n<meta property=\"og:description\" content=\"Journ\u00e9es de l&#039;OCDE : D&#039;apr\u00e8s Rahoui, il y a une entente sur l&#039;inclusion de l&#039;\u00e9conomie informelle dans un circuit r\u00e9glement\u00e9 en Tunisie\" \/>\n<meta property=\"og:url\" content=\"https:\/\/www.webdo.tn\/fr\/actualite\/economie\/journees-de-locde-dapres-rahoui-il-y-a-une-entente-sur-linclusion-de-leconomie-informelle-dans-un-circuit-reglemente-en-tunisie\/185754\/\" \/>\n<meta property=\"og:site_name\" content=\"webdo\" \/>\n<meta property=\"article:publisher\" content=\"https:\/\/www.facebook.com\/webdotn\" \/>\n<meta property=\"article:published_time\" content=\"2015-03-10T15:51:00+00:00\" \/>\n<meta property=\"article:modified_time\" content=\"2025-05-19T10:20:55+00:00\" \/>\n<meta property=\"og:image\" content=\"https:\/\/www.webdo.tn\/fr\/wp-content\/uploads\/2015\/03\/webdo_default-108.jpg\" \/>\n\t<meta property=\"og:image:width\" content=\"800\" \/>\n\t<meta property=\"og:image:height\" content=\"500\" \/>\n\t<meta property=\"og:image:type\" content=\"image\/jpeg\" \/>\n<meta name=\"author\" content=\"webdo.tn\" \/>\n<meta name=\"twitter:card\" content=\"summary_large_image\" \/>\n<meta name=\"twitter:creator\" content=\"@webdo_tn\" \/>\n<meta name=\"twitter:site\" content=\"@webdo_tn\" \/>\n<meta name=\"twitter:label1\" content=\"\u00c9crit par\" \/>\n\t<meta name=\"twitter:data1\" content=\"webdo.tn\" \/>\n\t<meta name=\"twitter:label2\" content=\"Dur\u00e9e de lecture estim\u00e9e\" \/>\n\t<meta name=\"twitter:data2\" content=\"1 minute\" \/>\n<script type=\"application\/ld+json\" class=\"yoast-schema-graph\">{\"@context\":\"https:\\\/\\\/schema.org\",\"@graph\":[{\"@type\":\"NewsArticle\",\"@id\":\"https:\\\/\\\/www.webdo.tn\\\/fr\\\/actualite\\\/economie\\\/journees-de-locde-dapres-rahoui-il-y-a-une-entente-sur-linclusion-de-leconomie-informelle-dans-un-circuit-reglemente-en-tunisie\\\/185754\\\/#article\",\"isPartOf\":{\"@id\":\"https:\\\/\\\/www.webdo.tn\\\/fr\\\/actualite\\\/economie\\\/journees-de-locde-dapres-rahoui-il-y-a-une-entente-sur-linclusion-de-leconomie-informelle-dans-un-circuit-reglemente-en-tunisie\\\/185754\\\/\"},\"author\":{\"name\":\"webdo.tn\",\"@id\":\"https:\\\/\\\/www.webdo.tn\\\/fr\\\/#\\\/schema\\\/person\\\/9a9c6118d687c117df8ef3cc36a4d175\"},\"headline\":\"Journ\u00e9es de l&rsquo;OCDE : D&rsquo;apr\u00e8s Rahoui, il y a une entente sur l&rsquo;inclusion de l&rsquo;\u00e9conomie informelle dans un circuit r\u00e9glement\u00e9 en Tunisie\",\"datePublished\":\"2015-03-10T15:51:00+00:00\",\"dateModified\":\"2025-05-19T10:20:55+00:00\",\"mainEntityOfPage\":{\"@id\":\"https:\\\/\\\/www.webdo.tn\\\/fr\\\/actualite\\\/economie\\\/journees-de-locde-dapres-rahoui-il-y-a-une-entente-sur-linclusion-de-leconomie-informelle-dans-un-circuit-reglemente-en-tunisie\\\/185754\\\/\"},\"wordCount\":273,\"commentCount\":0,\"publisher\":{\"@id\":\"https:\\\/\\\/www.webdo.tn\\\/fr\\\/#organization\"},\"image\":{\"@id\":\"https:\\\/\\\/www.webdo.tn\\\/fr\\\/actualite\\\/economie\\\/journees-de-locde-dapres-rahoui-il-y-a-une-entente-sur-linclusion-de-leconomie-informelle-dans-un-circuit-reglemente-en-tunisie\\\/185754\\\/#primaryimage\"},\"thumbnailUrl\":\"https:\\\/\\\/www.webdo.tn\\\/fr\\\/wp-content\\\/uploads\\\/2015\\\/03\\\/webdo_default-108.jpg\",\"keywords\":[\"guerre\"],\"articleSection\":[\"Economie\"],\"inLanguage\":\"fr-FR\"},{\"@type\":\"WebPage\",\"@id\":\"https:\\\/\\\/www.webdo.tn\\\/fr\\\/actualite\\\/economie\\\/journees-de-locde-dapres-rahoui-il-y-a-une-entente-sur-linclusion-de-leconomie-informelle-dans-un-circuit-reglemente-en-tunisie\\\/185754\\\/\",\"url\":\"https:\\\/\\\/www.webdo.tn\\\/fr\\\/actualite\\\/economie\\\/journees-de-locde-dapres-rahoui-il-y-a-une-entente-sur-linclusion-de-leconomie-informelle-dans-un-circuit-reglemente-en-tunisie\\\/185754\\\/\",\"name\":\"Journ\u00e9es de l'OCDE : D'apr\u00e8s Rahoui, il y a une entente sur l'inclusion de l'\u00e9conomie informelle dans un circuit r\u00e9glement\u00e9 en Tunisie\",\"isPartOf\":{\"@id\":\"https:\\\/\\\/www.webdo.tn\\\/fr\\\/#website\"},\"primaryImageOfPage\":{\"@id\":\"https:\\\/\\\/www.webdo.tn\\\/fr\\\/actualite\\\/economie\\\/journees-de-locde-dapres-rahoui-il-y-a-une-entente-sur-linclusion-de-leconomie-informelle-dans-un-circuit-reglemente-en-tunisie\\\/185754\\\/#primaryimage\"},\"image\":{\"@id\":\"https:\\\/\\\/www.webdo.tn\\\/fr\\\/actualite\\\/economie\\\/journees-de-locde-dapres-rahoui-il-y-a-une-entente-sur-linclusion-de-leconomie-informelle-dans-un-circuit-reglemente-en-tunisie\\\/185754\\\/#primaryimage\"},\"thumbnailUrl\":\"https:\\\/\\\/www.webdo.tn\\\/fr\\\/wp-content\\\/uploads\\\/2015\\\/03\\\/webdo_default-108.jpg\",\"datePublished\":\"2015-03-10T15:51:00+00:00\",\"dateModified\":\"2025-05-19T10:20:55+00:00\",\"description\":\"Journ\u00e9es de l'OCDE : D'apr\u00e8s Rahoui, il y a une entente sur l'inclusion de l'\u00e9conomie informelle dans un circuit r\u00e9glement\u00e9 en Tunisie\",\"breadcrumb\":{\"@id\":\"https:\\\/\\\/www.webdo.tn\\\/fr\\\/actualite\\\/economie\\\/journees-de-locde-dapres-rahoui-il-y-a-une-entente-sur-linclusion-de-leconomie-informelle-dans-un-circuit-reglemente-en-tunisie\\\/185754\\\/#breadcrumb\"},\"inLanguage\":\"fr-FR\",\"potentialAction\":[{\"@type\":\"ReadAction\",\"target\":[\"https:\\\/\\\/www.webdo.tn\\\/fr\\\/actualite\\\/economie\\\/journees-de-locde-dapres-rahoui-il-y-a-une-entente-sur-linclusion-de-leconomie-informelle-dans-un-circuit-reglemente-en-tunisie\\\/185754\\\/\"]}]},{\"@type\":\"ImageObject\",\"inLanguage\":\"fr-FR\",\"@id\":\"https:\\\/\\\/www.webdo.tn\\\/fr\\\/actualite\\\/economie\\\/journees-de-locde-dapres-rahoui-il-y-a-une-entente-sur-linclusion-de-leconomie-informelle-dans-un-circuit-reglemente-en-tunisie\\\/185754\\\/#primaryimage\",\"url\":\"https:\\\/\\\/www.webdo.tn\\\/fr\\\/wp-content\\\/uploads\\\/2015\\\/03\\\/webdo_default-108.jpg\",\"contentUrl\":\"https:\\\/\\\/www.webdo.tn\\\/fr\\\/wp-content\\\/uploads\\\/2015\\\/03\\\/webdo_default-108.jpg\",\"width\":800,\"height\":500,\"caption\":\"Journ\u00e9es de l'OCDE : D'apr\u00e8s Rahoui, il y a une entente sur l'inclusion de l'\u00e9conomie informelle dans un circuit r\u00e9glement\u00e9 en Tunisie\"},{\"@type\":\"BreadcrumbList\",\"@id\":\"https:\\\/\\\/www.webdo.tn\\\/fr\\\/actualite\\\/economie\\\/journees-de-locde-dapres-rahoui-il-y-a-une-entente-sur-linclusion-de-leconomie-informelle-dans-un-circuit-reglemente-en-tunisie\\\/185754\\\/#breadcrumb\",\"itemListElement\":[{\"@type\":\"ListItem\",\"position\":1,\"name\":\"Accueil\",\"item\":\"https:\\\/\\\/www.webdo.tn\\\/fr\\\/\"},{\"@type\":\"ListItem\",\"position\":2,\"name\":\"Journ\u00e9es de l&rsquo;OCDE : D&rsquo;apr\u00e8s Rahoui, il y a une entente sur l&rsquo;inclusion de l&rsquo;\u00e9conomie informelle dans un circuit r\u00e9glement\u00e9 en Tunisie\"}]},{\"@type\":\"WebSite\",\"@id\":\"https:\\\/\\\/www.webdo.tn\\\/fr\\\/#website\",\"url\":\"https:\\\/\\\/www.webdo.tn\\\/fr\\\/\",\"name\":\"webdo\",\"description\":\"Tunisie - News en Tunisie et \u00e0 l&#039;international sur Webdo.tn\",\"publisher\":{\"@id\":\"https:\\\/\\\/www.webdo.tn\\\/fr\\\/#organization\"},\"potentialAction\":[{\"@type\":\"SearchAction\",\"target\":{\"@type\":\"EntryPoint\",\"urlTemplate\":\"https:\\\/\\\/www.webdo.tn\\\/fr\\\/?s={search_term_string}\"},\"query-input\":{\"@type\":\"PropertyValueSpecification\",\"valueRequired\":true,\"valueName\":\"search_term_string\"}}],\"inLanguage\":\"fr-FR\"},{\"@type\":\"Organization\",\"@id\":\"https:\\\/\\\/www.webdo.tn\\\/fr\\\/#organization\",\"name\":\"Webdo\",\"alternateName\":\"Webdo.tn\",\"url\":\"https:\\\/\\\/www.webdo.tn\\\/fr\\\/\",\"logo\":{\"@type\":\"ImageObject\",\"inLanguage\":\"fr-FR\",\"@id\":\"https:\\\/\\\/www.webdo.tn\\\/fr\\\/#\\\/schema\\\/logo\\\/image\\\/\",\"url\":\"https:\\\/\\\/www.webdo.tn\\\/fr\\\/wp-content\\\/uploads\\\/2025\\\/06\\\/Webdo-Tunisie_168377.jpg\",\"contentUrl\":\"https:\\\/\\\/www.webdo.tn\\\/fr\\\/wp-content\\\/uploads\\\/2025\\\/06\\\/Webdo-Tunisie_168377.jpg\",\"width\":301,\"height\":301,\"caption\":\"Webdo\"},\"image\":{\"@id\":\"https:\\\/\\\/www.webdo.tn\\\/fr\\\/#\\\/schema\\\/logo\\\/image\\\/\"},\"sameAs\":[\"https:\\\/\\\/www.facebook.com\\\/webdotn\",\"https:\\\/\\\/x.com\\\/webdo_tn\"],\"description\":\"Webdo est un m\u00e9dia num\u00e9rique tunisien fond\u00e9 en 2010, sp\u00e9cialis\u00e9 dans l\u2019actualit\u00e9 nationale et internationale, l\u2019\u00e9conomie, la soci\u00e9t\u00e9 et les analyses politiques. Le site s\u2019adresse \u00e0 un large public francophone et couvre l\u2019information tunisienne en temps r\u00e9el.\",\"email\":\"redac@webdo.tn\",\"legalName\":\"YNJ SARL\",\"foundingDate\":\"2010-09-06\",\"numberOfEmployees\":{\"@type\":\"QuantitativeValue\",\"minValue\":\"11\",\"maxValue\":\"50\"}},{\"@type\":\"Person\",\"@id\":\"https:\\\/\\\/www.webdo.tn\\\/fr\\\/#\\\/schema\\\/person\\\/9a9c6118d687c117df8ef3cc36a4d175\",\"name\":\"webdo.tn\",\"image\":{\"@type\":\"ImageObject\",\"inLanguage\":\"fr-FR\",\"@id\":\"https:\\\/\\\/secure.gravatar.com\\\/avatar\\\/7ce1f28c0c3bbac99ff550b85ef8e44a6950c6ee24514fb6a5489e51d06f0298?s=96&d=mm&r=g\",\"url\":\"https:\\\/\\\/secure.gravatar.com\\\/avatar\\\/7ce1f28c0c3bbac99ff550b85ef8e44a6950c6ee24514fb6a5489e51d06f0298?s=96&d=mm&r=g\",\"contentUrl\":\"https:\\\/\\\/secure.gravatar.com\\\/avatar\\\/7ce1f28c0c3bbac99ff550b85ef8e44a6950c6ee24514fb6a5489e51d06f0298?s=96&d=mm&r=g\",\"caption\":\"webdo.tn\"},\"url\":\"https:\\\/\\\/www.webdo.tn\\\/fr\\\/actualite\\\/author\\\/webdotn\\\/\"}]}<\/script>\n<!-- \/ Yoast SEO Premium plugin. -->","yoast_head_json":{"title":"Journ\u00e9es de l'OCDE : D'apr\u00e8s Rahoui, il y a une entente sur l'inclusion de l'\u00e9conomie informelle dans un circuit r\u00e9glement\u00e9 en Tunisie","description":"Journ\u00e9es de l'OCDE : D'apr\u00e8s Rahoui, il y a une entente sur l'inclusion de l'\u00e9conomie informelle dans un circuit r\u00e9glement\u00e9 en Tunisie","canonical":"https:\/\/www.webdo.tn\/fr\/actualite\/economie\/journees-de-locde-dapres-rahoui-il-y-a-une-entente-sur-linclusion-de-leconomie-informelle-dans-un-circuit-reglemente-en-tunisie\/185754\/","og_locale":"fr_FR","og_type":"article","og_title":"Journ\u00e9es de l'OCDE : D'apr\u00e8s Rahoui, il y a une entente sur l'inclusion de l'\u00e9conomie informelle dans un circuit r\u00e9glement\u00e9 en Tunisie","og_description":"Journ\u00e9es de l'OCDE : D'apr\u00e8s Rahoui, il y a une entente sur l'inclusion de l'\u00e9conomie informelle dans un circuit r\u00e9glement\u00e9 en Tunisie","og_url":"https:\/\/www.webdo.tn\/fr\/actualite\/economie\/journees-de-locde-dapres-rahoui-il-y-a-une-entente-sur-linclusion-de-leconomie-informelle-dans-un-circuit-reglemente-en-tunisie\/185754\/","og_site_name":"webdo","article_publisher":"https:\/\/www.facebook.com\/webdotn","article_published_time":"2015-03-10T15:51:00+00:00","article_modified_time":"2025-05-19T10:20:55+00:00","og_image":[{"width":800,"height":500,"url":"https:\/\/www.webdo.tn\/fr\/wp-content\/uploads\/2015\/03\/webdo_default-108.jpg","type":"image\/jpeg"}],"author":"webdo.tn","twitter_card":"summary_large_image","twitter_creator":"@webdo_tn","twitter_site":"@webdo_tn","twitter_misc":{"\u00c9crit par":"webdo.tn","Dur\u00e9e de lecture estim\u00e9e":"1 minute"},"schema":{"@context":"https:\/\/schema.org","@graph":[{"@type":"NewsArticle","@id":"https:\/\/www.webdo.tn\/fr\/actualite\/economie\/journees-de-locde-dapres-rahoui-il-y-a-une-entente-sur-linclusion-de-leconomie-informelle-dans-un-circuit-reglemente-en-tunisie\/185754\/#article","isPartOf":{"@id":"https:\/\/www.webdo.tn\/fr\/actualite\/economie\/journees-de-locde-dapres-rahoui-il-y-a-une-entente-sur-linclusion-de-leconomie-informelle-dans-un-circuit-reglemente-en-tunisie\/185754\/"},"author":{"name":"webdo.tn","@id":"https:\/\/www.webdo.tn\/fr\/#\/schema\/person\/9a9c6118d687c117df8ef3cc36a4d175"},"headline":"Journ\u00e9es de l&rsquo;OCDE : D&rsquo;apr\u00e8s Rahoui, il y a une entente sur l&rsquo;inclusion de l&rsquo;\u00e9conomie informelle dans un circuit r\u00e9glement\u00e9 en Tunisie","datePublished":"2015-03-10T15:51:00+00:00","dateModified":"2025-05-19T10:20:55+00:00","mainEntityOfPage":{"@id":"https:\/\/www.webdo.tn\/fr\/actualite\/economie\/journees-de-locde-dapres-rahoui-il-y-a-une-entente-sur-linclusion-de-leconomie-informelle-dans-un-circuit-reglemente-en-tunisie\/185754\/"},"wordCount":273,"commentCount":0,"publisher":{"@id":"https:\/\/www.webdo.tn\/fr\/#organization"},"image":{"@id":"https:\/\/www.webdo.tn\/fr\/actualite\/economie\/journees-de-locde-dapres-rahoui-il-y-a-une-entente-sur-linclusion-de-leconomie-informelle-dans-un-circuit-reglemente-en-tunisie\/185754\/#primaryimage"},"thumbnailUrl":"https:\/\/www.webdo.tn\/fr\/wp-content\/uploads\/2015\/03\/webdo_default-108.jpg","keywords":["guerre"],"articleSection":["Economie"],"inLanguage":"fr-FR"},{"@type":"WebPage","@id":"https:\/\/www.webdo.tn\/fr\/actualite\/economie\/journees-de-locde-dapres-rahoui-il-y-a-une-entente-sur-linclusion-de-leconomie-informelle-dans-un-circuit-reglemente-en-tunisie\/185754\/","url":"https:\/\/www.webdo.tn\/fr\/actualite\/economie\/journees-de-locde-dapres-rahoui-il-y-a-une-entente-sur-linclusion-de-leconomie-informelle-dans-un-circuit-reglemente-en-tunisie\/185754\/","name":"Journ\u00e9es de l'OCDE : D'apr\u00e8s Rahoui, il y a une entente sur l'inclusion de l'\u00e9conomie informelle dans un circuit r\u00e9glement\u00e9 en Tunisie","isPartOf":{"@id":"https:\/\/www.webdo.tn\/fr\/#website"},"primaryImageOfPage":{"@id":"https:\/\/www.webdo.tn\/fr\/actualite\/economie\/journees-de-locde-dapres-rahoui-il-y-a-une-entente-sur-linclusion-de-leconomie-informelle-dans-un-circuit-reglemente-en-tunisie\/185754\/#primaryimage"},"image":{"@id":"https:\/\/www.webdo.tn\/fr\/actualite\/economie\/journees-de-locde-dapres-rahoui-il-y-a-une-entente-sur-linclusion-de-leconomie-informelle-dans-un-circuit-reglemente-en-tunisie\/185754\/#primaryimage"},"thumbnailUrl":"https:\/\/www.webdo.tn\/fr\/wp-content\/uploads\/2015\/03\/webdo_default-108.jpg","datePublished":"2015-03-10T15:51:00+00:00","dateModified":"2025-05-19T10:20:55+00:00","description":"Journ\u00e9es de l'OCDE : D'apr\u00e8s Rahoui, il y a une entente sur l'inclusion de l'\u00e9conomie informelle dans un circuit r\u00e9glement\u00e9 en Tunisie","breadcrumb":{"@id":"https:\/\/www.webdo.tn\/fr\/actualite\/economie\/journees-de-locde-dapres-rahoui-il-y-a-une-entente-sur-linclusion-de-leconomie-informelle-dans-un-circuit-reglemente-en-tunisie\/185754\/#breadcrumb"},"inLanguage":"fr-FR","potentialAction":[{"@type":"ReadAction","target":["https:\/\/www.webdo.tn\/fr\/actualite\/economie\/journees-de-locde-dapres-rahoui-il-y-a-une-entente-sur-linclusion-de-leconomie-informelle-dans-un-circuit-reglemente-en-tunisie\/185754\/"]}]},{"@type":"ImageObject","inLanguage":"fr-FR","@id":"https:\/\/www.webdo.tn\/fr\/actualite\/economie\/journees-de-locde-dapres-rahoui-il-y-a-une-entente-sur-linclusion-de-leconomie-informelle-dans-un-circuit-reglemente-en-tunisie\/185754\/#primaryimage","url":"https:\/\/www.webdo.tn\/fr\/wp-content\/uploads\/2015\/03\/webdo_default-108.jpg","contentUrl":"https:\/\/www.webdo.tn\/fr\/wp-content\/uploads\/2015\/03\/webdo_default-108.jpg","width":800,"height":500,"caption":"Journ\u00e9es de l'OCDE : D'apr\u00e8s Rahoui, il y a une entente sur l'inclusion de l'\u00e9conomie informelle dans un circuit r\u00e9glement\u00e9 en Tunisie"},{"@type":"BreadcrumbList","@id":"https:\/\/www.webdo.tn\/fr\/actualite\/economie\/journees-de-locde-dapres-rahoui-il-y-a-une-entente-sur-linclusion-de-leconomie-informelle-dans-un-circuit-reglemente-en-tunisie\/185754\/#breadcrumb","itemListElement":[{"@type":"ListItem","position":1,"name":"Accueil","item":"https:\/\/www.webdo.tn\/fr\/"},{"@type":"ListItem","position":2,"name":"Journ\u00e9es de l&rsquo;OCDE : D&rsquo;apr\u00e8s Rahoui, il y a une entente sur l&rsquo;inclusion de l&rsquo;\u00e9conomie informelle dans un circuit r\u00e9glement\u00e9 en Tunisie"}]},{"@type":"WebSite","@id":"https:\/\/www.webdo.tn\/fr\/#website","url":"https:\/\/www.webdo.tn\/fr\/","name":"webdo","description":"Tunisie - News en Tunisie et \u00e0 l&#039;international sur Webdo.tn","publisher":{"@id":"https:\/\/www.webdo.tn\/fr\/#organization"},"potentialAction":[{"@type":"SearchAction","target":{"@type":"EntryPoint","urlTemplate":"https:\/\/www.webdo.tn\/fr\/?s={search_term_string}"},"query-input":{"@type":"PropertyValueSpecification","valueRequired":true,"valueName":"search_term_string"}}],"inLanguage":"fr-FR"},{"@type":"Organization","@id":"https:\/\/www.webdo.tn\/fr\/#organization","name":"Webdo","alternateName":"Webdo.tn","url":"https:\/\/www.webdo.tn\/fr\/","logo":{"@type":"ImageObject","inLanguage":"fr-FR","@id":"https:\/\/www.webdo.tn\/fr\/#\/schema\/logo\/image\/","url":"https:\/\/www.webdo.tn\/fr\/wp-content\/uploads\/2025\/06\/Webdo-Tunisie_168377.jpg","contentUrl":"https:\/\/www.webdo.tn\/fr\/wp-content\/uploads\/2025\/06\/Webdo-Tunisie_168377.jpg","width":301,"height":301,"caption":"Webdo"},"image":{"@id":"https:\/\/www.webdo.tn\/fr\/#\/schema\/logo\/image\/"},"sameAs":["https:\/\/www.facebook.com\/webdotn","https:\/\/x.com\/webdo_tn"],"description":"Webdo est un m\u00e9dia num\u00e9rique tunisien fond\u00e9 en 2010, sp\u00e9cialis\u00e9 dans l\u2019actualit\u00e9 nationale et internationale, l\u2019\u00e9conomie, la soci\u00e9t\u00e9 et les analyses politiques. Le site s\u2019adresse \u00e0 un large public francophone et couvre l\u2019information tunisienne en temps r\u00e9el.","email":"redac@webdo.tn","legalName":"YNJ SARL","foundingDate":"2010-09-06","numberOfEmployees":{"@type":"QuantitativeValue","minValue":"11","maxValue":"50"}},{"@type":"Person","@id":"https:\/\/www.webdo.tn\/fr\/#\/schema\/person\/9a9c6118d687c117df8ef3cc36a4d175","name":"webdo.tn","image":{"@type":"ImageObject","inLanguage":"fr-FR","@id":"https:\/\/secure.gravatar.com\/avatar\/7ce1f28c0c3bbac99ff550b85ef8e44a6950c6ee24514fb6a5489e51d06f0298?s=96&d=mm&r=g","url":"https:\/\/secure.gravatar.com\/avatar\/7ce1f28c0c3bbac99ff550b85ef8e44a6950c6ee24514fb6a5489e51d06f0298?s=96&d=mm&r=g","contentUrl":"https:\/\/secure.gravatar.com\/avatar\/7ce1f28c0c3bbac99ff550b85ef8e44a6950c6ee24514fb6a5489e51d06f0298?s=96&d=mm&r=g","caption":"webdo.tn"},"url":"https:\/\/www.webdo.tn\/fr\/actualite\/author\/webdotn\/"}]}},"_links":{"self":[{"href":"https:\/\/www.webdo.tn\/fr\/wp-json\/wp\/v2\/posts\/185754","targetHints":{"allow":["GET"]}}],"collection":[{"href":"https:\/\/www.webdo.tn\/fr\/wp-json\/wp\/v2\/posts"}],"about":[{"href":"https:\/\/www.webdo.tn\/fr\/wp-json\/wp\/v2\/types\/post"}],"author":[{"embeddable":true,"href":"https:\/\/www.webdo.tn\/fr\/wp-json\/wp\/v2\/users\/3222"}],"replies":[{"embeddable":true,"href":"https:\/\/www.webdo.tn\/fr\/wp-json\/wp\/v2\/comments?post=185754"}],"version-history":[{"count":0,"href":"https:\/\/www.webdo.tn\/fr\/wp-json\/wp\/v2\/posts\/185754\/revisions"}],"wp:featuredmedia":[{"embeddable":true,"href":"https:\/\/www.webdo.tn\/fr\/wp-json\/wp\/v2\/media\/330540"}],"wp:attachment":[{"href":"https:\/\/www.webdo.tn\/fr\/wp-json\/wp\/v2\/media?parent=185754"}],"wp:term":[{"taxonomy":"category","embeddable":true,"href":"https:\/\/www.webdo.tn\/fr\/wp-json\/wp\/v2\/categories?post=185754"},{"taxonomy":"post_tag","embeddable":true,"href":"https:\/\/www.webdo.tn\/fr\/wp-json\/wp\/v2\/tags?post=185754"}],"curies":[{"name":"wp","href":"https:\/\/api.w.org\/{rel}","templated":true}]}}