{"id":185753,"date":"2015-03-11T16:49:00","date_gmt":"2015-03-11T16:49:00","guid":{"rendered":"https:\/\/www.webdo.tn\/fr\/blog\/tunis-jocelyn-pierre-le-point-de-vue-de-locde-est-dinclure-la-tunisie-dans-des-projets-denvergure-internationale\/185753\/"},"modified":"2025-05-19T10:20:34","modified_gmt":"2025-05-19T10:20:34","slug":"tunis-jocelyn-pierre-le-point-de-vue-de-locde-est-dinclure-la-tunisie-dans-des-projets-denvergure-internationale","status":"publish","type":"post","link":"https:\/\/www.webdo.tn\/fr\/actualite\/economie\/tunis-jocelyn-pierre-le-point-de-vue-de-locde-est-dinclure-la-tunisie-dans-des-projets-denvergure-internationale\/185753\/","title":{"rendered":"Jocelyn Pierre : \u00ab\u00a0Le point de vue de l&rsquo;OCDE est d&rsquo;inclure la Tunisie dans des projets d&rsquo;envergure internationale\u00a0\u00bb"},"content":{"rendered":"<p>Tunis | Jocelyn Pierre, conseill\u00e8re du centre de politiques et d&rsquo;administration fiscales \u00e0 l&rsquo;OCDE est intervenu ce mardi 10 mars lors des journ\u00e9es de l&rsquo;OCDE sur le r\u00f4le de l&rsquo;OCDE en Tunisie en vue des r\u00e9formes fiscales \u00e0 venir.<\/p>\n<p>Interrog\u00e9e par Mongi Rahoui, d\u00e9put\u00e9 du Front Populaire, sur les r\u00e9formes fiscales, Mme Pierre a affirm\u00e9 que l&rsquo;OCDE voudrait inclure la Tunisie dans des projets d&rsquo;envergure internationale.<\/p>\n<p>[pull_quote_center]\u00a0\u00bbCes deux ans, un an et demi, nous ont permis de faire trois choses : d&rsquo;avancer sur le diagnostic, ceci en nous appuyant sur les diff\u00e9rents travaux des projets des intervenants, d&rsquo;\u00e9laborer et de commencer \u00e0 mettre en \u0153uvre l&rsquo;ensemble des recommandations. Du point de vue de l&rsquo;OCDE, il s&rsquo;agit d&rsquo;inclure la Tunisie dans des projets d&rsquo;envergure internationale\u00a0\u00bb[\/pull_quote_center]<\/p>\n<p>Jocelyn Pierre a cit\u00e9 trois grands projets dans lesquels la Tunisie serait inclue :<\/p>\n<p>\tL&rsquo;\u00e9change de renseignements<br \/>\n\tLa transparence budg\u00e9taire<br \/>\n\tLa lutte contre l&rsquo;optimisation fiscale agressive<\/p>\n","protected":false},"excerpt":{"rendered":"<p>Jocelyn Pierre :  Le point de vue de l&rsquo;OCDE est d&rsquo;inclure la Tunisie dans des projets d&rsquo;envergure internationale<\/p>\n","protected":false},"author":3222,"featured_media":318900,"comment_status":"open","ping_status":"closed","sticky":false,"template":"","format":"standard","meta":{"footnotes":""},"categories":[11334],"tags":[2600],"class_list":["post-185753","post","type-post","status-publish","format-standard","has-post-thumbnail","hentry","category-economie","tag-guerre"],"yoast_head":"<!-- This site is optimized with the Yoast SEO Premium plugin v27.5 (Yoast SEO v27.5) - https:\/\/yoast.com\/product\/yoast-seo-premium-wordpress\/ -->\n<title>Jocelyn Pierre : Le point de vue de l&#039;OCDE est d&#039;inclure la Tunisie dans des projets d&#039;envergure internationale<\/title>\n<meta name=\"description\" content=\"Jocelyn Pierre : Le point de vue de l&#039;OCDE est d&#039;inclure la Tunisie dans des projets d&#039;envergure internationale\" \/>\n<link rel=\"canonical\" href=\"https:\/\/www.webdo.tn\/fr\/actualite\/economie\/tunis-jocelyn-pierre-le-point-de-vue-de-locde-est-dinclure-la-tunisie-dans-des-projets-denvergure-internationale\/185753\/\" \/>\n<meta property=\"og:locale\" content=\"fr_FR\" \/>\n<meta property=\"og:type\" content=\"article\" \/>\n<meta property=\"og:title\" content=\"Jocelyn Pierre : &quot;Le point de vue de l&#039;OCDE est d&#039;inclure la Tunisie dans des projets d&#039;envergure internationale&quot;\" \/>\n<meta property=\"og:description\" content=\"Jocelyn Pierre : Le point de vue de l&#039;OCDE est d&#039;inclure la Tunisie dans des projets d&#039;envergure internationale\" \/>\n<meta property=\"og:url\" content=\"https:\/\/www.webdo.tn\/fr\/actualite\/economie\/tunis-jocelyn-pierre-le-point-de-vue-de-locde-est-dinclure-la-tunisie-dans-des-projets-denvergure-internationale\/185753\/\" \/>\n<meta property=\"og:site_name\" content=\"webdo\" \/>\n<meta property=\"article:publisher\" content=\"https:\/\/www.facebook.com\/webdotn\" \/>\n<meta property=\"article:published_time\" content=\"2015-03-11T16:49:00+00:00\" \/>\n<meta property=\"article:modified_time\" content=\"2025-05-19T10:20:34+00:00\" \/>\n<meta property=\"og:image\" content=\"https:\/\/www.webdo.tn\/fr\/wp-content\/uploads\/2015\/03\/webdo_default-47.jpg\" \/>\n\t<meta property=\"og:image:width\" content=\"800\" \/>\n\t<meta property=\"og:image:height\" content=\"500\" \/>\n\t<meta property=\"og:image:type\" content=\"image\/jpeg\" \/>\n<meta name=\"author\" content=\"webdo.tn\" \/>\n<meta name=\"twitter:card\" content=\"summary_large_image\" \/>\n<meta name=\"twitter:creator\" content=\"@webdo_tn\" \/>\n<meta name=\"twitter:site\" content=\"@webdo_tn\" \/>\n<meta name=\"twitter:label1\" content=\"\u00c9crit par\" \/>\n\t<meta name=\"twitter:data1\" content=\"webdo.tn\" \/>\n\t<meta name=\"twitter:label2\" content=\"Dur\u00e9e de lecture estim\u00e9e\" \/>\n\t<meta name=\"twitter:data2\" content=\"1 minute\" \/>\n<script type=\"application\/ld+json\" class=\"yoast-schema-graph\">{\"@context\":\"https:\\\/\\\/schema.org\",\"@graph\":[{\"@type\":\"NewsArticle\",\"@id\":\"https:\\\/\\\/www.webdo.tn\\\/fr\\\/actualite\\\/economie\\\/tunis-jocelyn-pierre-le-point-de-vue-de-locde-est-dinclure-la-tunisie-dans-des-projets-denvergure-internationale\\\/185753\\\/#article\",\"isPartOf\":{\"@id\":\"https:\\\/\\\/www.webdo.tn\\\/fr\\\/actualite\\\/economie\\\/tunis-jocelyn-pierre-le-point-de-vue-de-locde-est-dinclure-la-tunisie-dans-des-projets-denvergure-internationale\\\/185753\\\/\"},\"author\":{\"name\":\"webdo.tn\",\"@id\":\"https:\\\/\\\/www.webdo.tn\\\/fr\\\/#\\\/schema\\\/person\\\/9a9c6118d687c117df8ef3cc36a4d175\"},\"headline\":\"Jocelyn Pierre : \u00ab\u00a0Le point de vue de l&rsquo;OCDE est d&rsquo;inclure la Tunisie dans des projets d&rsquo;envergure internationale\u00a0\u00bb\",\"datePublished\":\"2015-03-11T16:49:00+00:00\",\"dateModified\":\"2025-05-19T10:20:34+00:00\",\"mainEntityOfPage\":{\"@id\":\"https:\\\/\\\/www.webdo.tn\\\/fr\\\/actualite\\\/economie\\\/tunis-jocelyn-pierre-le-point-de-vue-de-locde-est-dinclure-la-tunisie-dans-des-projets-denvergure-internationale\\\/185753\\\/\"},\"wordCount\":193,\"commentCount\":0,\"publisher\":{\"@id\":\"https:\\\/\\\/www.webdo.tn\\\/fr\\\/#organization\"},\"image\":{\"@id\":\"https:\\\/\\\/www.webdo.tn\\\/fr\\\/actualite\\\/economie\\\/tunis-jocelyn-pierre-le-point-de-vue-de-locde-est-dinclure-la-tunisie-dans-des-projets-denvergure-internationale\\\/185753\\\/#primaryimage\"},\"thumbnailUrl\":\"https:\\\/\\\/www.webdo.tn\\\/fr\\\/wp-content\\\/uploads\\\/2015\\\/03\\\/webdo_default-47.jpg\",\"keywords\":[\"guerre\"],\"articleSection\":[\"Economie\"],\"inLanguage\":\"fr-FR\"},{\"@type\":\"WebPage\",\"@id\":\"https:\\\/\\\/www.webdo.tn\\\/fr\\\/actualite\\\/economie\\\/tunis-jocelyn-pierre-le-point-de-vue-de-locde-est-dinclure-la-tunisie-dans-des-projets-denvergure-internationale\\\/185753\\\/\",\"url\":\"https:\\\/\\\/www.webdo.tn\\\/fr\\\/actualite\\\/economie\\\/tunis-jocelyn-pierre-le-point-de-vue-de-locde-est-dinclure-la-tunisie-dans-des-projets-denvergure-internationale\\\/185753\\\/\",\"name\":\"Jocelyn Pierre : Le point de vue de l'OCDE est d'inclure la Tunisie dans des projets d'envergure internationale\",\"isPartOf\":{\"@id\":\"https:\\\/\\\/www.webdo.tn\\\/fr\\\/#website\"},\"primaryImageOfPage\":{\"@id\":\"https:\\\/\\\/www.webdo.tn\\\/fr\\\/actualite\\\/economie\\\/tunis-jocelyn-pierre-le-point-de-vue-de-locde-est-dinclure-la-tunisie-dans-des-projets-denvergure-internationale\\\/185753\\\/#primaryimage\"},\"image\":{\"@id\":\"https:\\\/\\\/www.webdo.tn\\\/fr\\\/actualite\\\/economie\\\/tunis-jocelyn-pierre-le-point-de-vue-de-locde-est-dinclure-la-tunisie-dans-des-projets-denvergure-internationale\\\/185753\\\/#primaryimage\"},\"thumbnailUrl\":\"https:\\\/\\\/www.webdo.tn\\\/fr\\\/wp-content\\\/uploads\\\/2015\\\/03\\\/webdo_default-47.jpg\",\"datePublished\":\"2015-03-11T16:49:00+00:00\",\"dateModified\":\"2025-05-19T10:20:34+00:00\",\"description\":\"Jocelyn Pierre : Le point de vue de l'OCDE est d'inclure la Tunisie dans des projets d'envergure internationale\",\"breadcrumb\":{\"@id\":\"https:\\\/\\\/www.webdo.tn\\\/fr\\\/actualite\\\/economie\\\/tunis-jocelyn-pierre-le-point-de-vue-de-locde-est-dinclure-la-tunisie-dans-des-projets-denvergure-internationale\\\/185753\\\/#breadcrumb\"},\"inLanguage\":\"fr-FR\",\"potentialAction\":[{\"@type\":\"ReadAction\",\"target\":[\"https:\\\/\\\/www.webdo.tn\\\/fr\\\/actualite\\\/economie\\\/tunis-jocelyn-pierre-le-point-de-vue-de-locde-est-dinclure-la-tunisie-dans-des-projets-denvergure-internationale\\\/185753\\\/\"]}]},{\"@type\":\"ImageObject\",\"inLanguage\":\"fr-FR\",\"@id\":\"https:\\\/\\\/www.webdo.tn\\\/fr\\\/actualite\\\/economie\\\/tunis-jocelyn-pierre-le-point-de-vue-de-locde-est-dinclure-la-tunisie-dans-des-projets-denvergure-internationale\\\/185753\\\/#primaryimage\",\"url\":\"https:\\\/\\\/www.webdo.tn\\\/fr\\\/wp-content\\\/uploads\\\/2015\\\/03\\\/webdo_default-47.jpg\",\"contentUrl\":\"https:\\\/\\\/www.webdo.tn\\\/fr\\\/wp-content\\\/uploads\\\/2015\\\/03\\\/webdo_default-47.jpg\",\"width\":800,\"height\":500,\"caption\":\"Jocelyn Pierre : \\\"Le point de vue de l'OCDE est d'inclure la Tunisie dans des projets d'envergure internationale\\\"\"},{\"@type\":\"BreadcrumbList\",\"@id\":\"https:\\\/\\\/www.webdo.tn\\\/fr\\\/actualite\\\/economie\\\/tunis-jocelyn-pierre-le-point-de-vue-de-locde-est-dinclure-la-tunisie-dans-des-projets-denvergure-internationale\\\/185753\\\/#breadcrumb\",\"itemListElement\":[{\"@type\":\"ListItem\",\"position\":1,\"name\":\"Accueil\",\"item\":\"https:\\\/\\\/www.webdo.tn\\\/fr\\\/\"},{\"@type\":\"ListItem\",\"position\":2,\"name\":\"Jocelyn Pierre : \u00ab\u00a0Le point de vue de l&rsquo;OCDE est d&rsquo;inclure la Tunisie dans des projets d&rsquo;envergure internationale\u00a0\u00bb\"}]},{\"@type\":\"WebSite\",\"@id\":\"https:\\\/\\\/www.webdo.tn\\\/fr\\\/#website\",\"url\":\"https:\\\/\\\/www.webdo.tn\\\/fr\\\/\",\"name\":\"webdo\",\"description\":\"Tunisie - News en Tunisie et \u00e0 l&#039;international sur Webdo.tn\",\"publisher\":{\"@id\":\"https:\\\/\\\/www.webdo.tn\\\/fr\\\/#organization\"},\"potentialAction\":[{\"@type\":\"SearchAction\",\"target\":{\"@type\":\"EntryPoint\",\"urlTemplate\":\"https:\\\/\\\/www.webdo.tn\\\/fr\\\/?s={search_term_string}\"},\"query-input\":{\"@type\":\"PropertyValueSpecification\",\"valueRequired\":true,\"valueName\":\"search_term_string\"}}],\"inLanguage\":\"fr-FR\"},{\"@type\":\"Organization\",\"@id\":\"https:\\\/\\\/www.webdo.tn\\\/fr\\\/#organization\",\"name\":\"Webdo\",\"alternateName\":\"Webdo.tn\",\"url\":\"https:\\\/\\\/www.webdo.tn\\\/fr\\\/\",\"logo\":{\"@type\":\"ImageObject\",\"inLanguage\":\"fr-FR\",\"@id\":\"https:\\\/\\\/www.webdo.tn\\\/fr\\\/#\\\/schema\\\/logo\\\/image\\\/\",\"url\":\"https:\\\/\\\/www.webdo.tn\\\/fr\\\/wp-content\\\/uploads\\\/2025\\\/06\\\/Webdo-Tunisie_168377.jpg\",\"contentUrl\":\"https:\\\/\\\/www.webdo.tn\\\/fr\\\/wp-content\\\/uploads\\\/2025\\\/06\\\/Webdo-Tunisie_168377.jpg\",\"width\":301,\"height\":301,\"caption\":\"Webdo\"},\"image\":{\"@id\":\"https:\\\/\\\/www.webdo.tn\\\/fr\\\/#\\\/schema\\\/logo\\\/image\\\/\"},\"sameAs\":[\"https:\\\/\\\/www.facebook.com\\\/webdotn\",\"https:\\\/\\\/x.com\\\/webdo_tn\"],\"description\":\"Webdo est un m\u00e9dia num\u00e9rique tunisien fond\u00e9 en 2010, sp\u00e9cialis\u00e9 dans l\u2019actualit\u00e9 nationale et internationale, l\u2019\u00e9conomie, la soci\u00e9t\u00e9 et les analyses politiques. Le site s\u2019adresse \u00e0 un large public francophone et couvre l\u2019information tunisienne en temps r\u00e9el.\",\"email\":\"redac@webdo.tn\",\"legalName\":\"YNJ SARL\",\"foundingDate\":\"2010-09-06\",\"numberOfEmployees\":{\"@type\":\"QuantitativeValue\",\"minValue\":\"11\",\"maxValue\":\"50\"}},{\"@type\":\"Person\",\"@id\":\"https:\\\/\\\/www.webdo.tn\\\/fr\\\/#\\\/schema\\\/person\\\/9a9c6118d687c117df8ef3cc36a4d175\",\"name\":\"webdo.tn\",\"image\":{\"@type\":\"ImageObject\",\"inLanguage\":\"fr-FR\",\"@id\":\"https:\\\/\\\/secure.gravatar.com\\\/avatar\\\/7ce1f28c0c3bbac99ff550b85ef8e44a6950c6ee24514fb6a5489e51d06f0298?s=96&d=mm&r=g\",\"url\":\"https:\\\/\\\/secure.gravatar.com\\\/avatar\\\/7ce1f28c0c3bbac99ff550b85ef8e44a6950c6ee24514fb6a5489e51d06f0298?s=96&d=mm&r=g\",\"contentUrl\":\"https:\\\/\\\/secure.gravatar.com\\\/avatar\\\/7ce1f28c0c3bbac99ff550b85ef8e44a6950c6ee24514fb6a5489e51d06f0298?s=96&d=mm&r=g\",\"caption\":\"webdo.tn\"},\"url\":\"https:\\\/\\\/www.webdo.tn\\\/fr\\\/actualite\\\/author\\\/webdotn\\\/\"}]}<\/script>\n<!-- \/ Yoast SEO Premium plugin. -->","yoast_head_json":{"title":"Jocelyn Pierre : Le point de vue de l'OCDE est d'inclure la Tunisie dans des projets d'envergure internationale","description":"Jocelyn Pierre : Le point de vue de l'OCDE est d'inclure la Tunisie dans des projets d'envergure internationale","canonical":"https:\/\/www.webdo.tn\/fr\/actualite\/economie\/tunis-jocelyn-pierre-le-point-de-vue-de-locde-est-dinclure-la-tunisie-dans-des-projets-denvergure-internationale\/185753\/","og_locale":"fr_FR","og_type":"article","og_title":"Jocelyn Pierre : \"Le point de vue de l'OCDE est d'inclure la Tunisie dans des projets d'envergure internationale\"","og_description":"Jocelyn Pierre : Le point de vue de l'OCDE est d'inclure la Tunisie dans des projets d'envergure internationale","og_url":"https:\/\/www.webdo.tn\/fr\/actualite\/economie\/tunis-jocelyn-pierre-le-point-de-vue-de-locde-est-dinclure-la-tunisie-dans-des-projets-denvergure-internationale\/185753\/","og_site_name":"webdo","article_publisher":"https:\/\/www.facebook.com\/webdotn","article_published_time":"2015-03-11T16:49:00+00:00","article_modified_time":"2025-05-19T10:20:34+00:00","og_image":[{"width":800,"height":500,"url":"https:\/\/www.webdo.tn\/fr\/wp-content\/uploads\/2015\/03\/webdo_default-47.jpg","type":"image\/jpeg"}],"author":"webdo.tn","twitter_card":"summary_large_image","twitter_creator":"@webdo_tn","twitter_site":"@webdo_tn","twitter_misc":{"\u00c9crit par":"webdo.tn","Dur\u00e9e de lecture estim\u00e9e":"1 minute"},"schema":{"@context":"https:\/\/schema.org","@graph":[{"@type":"NewsArticle","@id":"https:\/\/www.webdo.tn\/fr\/actualite\/economie\/tunis-jocelyn-pierre-le-point-de-vue-de-locde-est-dinclure-la-tunisie-dans-des-projets-denvergure-internationale\/185753\/#article","isPartOf":{"@id":"https:\/\/www.webdo.tn\/fr\/actualite\/economie\/tunis-jocelyn-pierre-le-point-de-vue-de-locde-est-dinclure-la-tunisie-dans-des-projets-denvergure-internationale\/185753\/"},"author":{"name":"webdo.tn","@id":"https:\/\/www.webdo.tn\/fr\/#\/schema\/person\/9a9c6118d687c117df8ef3cc36a4d175"},"headline":"Jocelyn Pierre : \u00ab\u00a0Le point de vue de l&rsquo;OCDE est d&rsquo;inclure la Tunisie dans des projets d&rsquo;envergure internationale\u00a0\u00bb","datePublished":"2015-03-11T16:49:00+00:00","dateModified":"2025-05-19T10:20:34+00:00","mainEntityOfPage":{"@id":"https:\/\/www.webdo.tn\/fr\/actualite\/economie\/tunis-jocelyn-pierre-le-point-de-vue-de-locde-est-dinclure-la-tunisie-dans-des-projets-denvergure-internationale\/185753\/"},"wordCount":193,"commentCount":0,"publisher":{"@id":"https:\/\/www.webdo.tn\/fr\/#organization"},"image":{"@id":"https:\/\/www.webdo.tn\/fr\/actualite\/economie\/tunis-jocelyn-pierre-le-point-de-vue-de-locde-est-dinclure-la-tunisie-dans-des-projets-denvergure-internationale\/185753\/#primaryimage"},"thumbnailUrl":"https:\/\/www.webdo.tn\/fr\/wp-content\/uploads\/2015\/03\/webdo_default-47.jpg","keywords":["guerre"],"articleSection":["Economie"],"inLanguage":"fr-FR"},{"@type":"WebPage","@id":"https:\/\/www.webdo.tn\/fr\/actualite\/economie\/tunis-jocelyn-pierre-le-point-de-vue-de-locde-est-dinclure-la-tunisie-dans-des-projets-denvergure-internationale\/185753\/","url":"https:\/\/www.webdo.tn\/fr\/actualite\/economie\/tunis-jocelyn-pierre-le-point-de-vue-de-locde-est-dinclure-la-tunisie-dans-des-projets-denvergure-internationale\/185753\/","name":"Jocelyn Pierre : Le point de vue de l'OCDE est d'inclure la Tunisie dans des projets d'envergure internationale","isPartOf":{"@id":"https:\/\/www.webdo.tn\/fr\/#website"},"primaryImageOfPage":{"@id":"https:\/\/www.webdo.tn\/fr\/actualite\/economie\/tunis-jocelyn-pierre-le-point-de-vue-de-locde-est-dinclure-la-tunisie-dans-des-projets-denvergure-internationale\/185753\/#primaryimage"},"image":{"@id":"https:\/\/www.webdo.tn\/fr\/actualite\/economie\/tunis-jocelyn-pierre-le-point-de-vue-de-locde-est-dinclure-la-tunisie-dans-des-projets-denvergure-internationale\/185753\/#primaryimage"},"thumbnailUrl":"https:\/\/www.webdo.tn\/fr\/wp-content\/uploads\/2015\/03\/webdo_default-47.jpg","datePublished":"2015-03-11T16:49:00+00:00","dateModified":"2025-05-19T10:20:34+00:00","description":"Jocelyn Pierre : Le point de vue de l'OCDE est d'inclure la Tunisie dans des projets d'envergure internationale","breadcrumb":{"@id":"https:\/\/www.webdo.tn\/fr\/actualite\/economie\/tunis-jocelyn-pierre-le-point-de-vue-de-locde-est-dinclure-la-tunisie-dans-des-projets-denvergure-internationale\/185753\/#breadcrumb"},"inLanguage":"fr-FR","potentialAction":[{"@type":"ReadAction","target":["https:\/\/www.webdo.tn\/fr\/actualite\/economie\/tunis-jocelyn-pierre-le-point-de-vue-de-locde-est-dinclure-la-tunisie-dans-des-projets-denvergure-internationale\/185753\/"]}]},{"@type":"ImageObject","inLanguage":"fr-FR","@id":"https:\/\/www.webdo.tn\/fr\/actualite\/economie\/tunis-jocelyn-pierre-le-point-de-vue-de-locde-est-dinclure-la-tunisie-dans-des-projets-denvergure-internationale\/185753\/#primaryimage","url":"https:\/\/www.webdo.tn\/fr\/wp-content\/uploads\/2015\/03\/webdo_default-47.jpg","contentUrl":"https:\/\/www.webdo.tn\/fr\/wp-content\/uploads\/2015\/03\/webdo_default-47.jpg","width":800,"height":500,"caption":"Jocelyn Pierre : \"Le point de vue de l'OCDE est d'inclure la Tunisie dans des projets d'envergure internationale\""},{"@type":"BreadcrumbList","@id":"https:\/\/www.webdo.tn\/fr\/actualite\/economie\/tunis-jocelyn-pierre-le-point-de-vue-de-locde-est-dinclure-la-tunisie-dans-des-projets-denvergure-internationale\/185753\/#breadcrumb","itemListElement":[{"@type":"ListItem","position":1,"name":"Accueil","item":"https:\/\/www.webdo.tn\/fr\/"},{"@type":"ListItem","position":2,"name":"Jocelyn Pierre : \u00ab\u00a0Le point de vue de l&rsquo;OCDE est d&rsquo;inclure la Tunisie dans des projets d&rsquo;envergure internationale\u00a0\u00bb"}]},{"@type":"WebSite","@id":"https:\/\/www.webdo.tn\/fr\/#website","url":"https:\/\/www.webdo.tn\/fr\/","name":"webdo","description":"Tunisie - News en Tunisie et \u00e0 l&#039;international sur Webdo.tn","publisher":{"@id":"https:\/\/www.webdo.tn\/fr\/#organization"},"potentialAction":[{"@type":"SearchAction","target":{"@type":"EntryPoint","urlTemplate":"https:\/\/www.webdo.tn\/fr\/?s={search_term_string}"},"query-input":{"@type":"PropertyValueSpecification","valueRequired":true,"valueName":"search_term_string"}}],"inLanguage":"fr-FR"},{"@type":"Organization","@id":"https:\/\/www.webdo.tn\/fr\/#organization","name":"Webdo","alternateName":"Webdo.tn","url":"https:\/\/www.webdo.tn\/fr\/","logo":{"@type":"ImageObject","inLanguage":"fr-FR","@id":"https:\/\/www.webdo.tn\/fr\/#\/schema\/logo\/image\/","url":"https:\/\/www.webdo.tn\/fr\/wp-content\/uploads\/2025\/06\/Webdo-Tunisie_168377.jpg","contentUrl":"https:\/\/www.webdo.tn\/fr\/wp-content\/uploads\/2025\/06\/Webdo-Tunisie_168377.jpg","width":301,"height":301,"caption":"Webdo"},"image":{"@id":"https:\/\/www.webdo.tn\/fr\/#\/schema\/logo\/image\/"},"sameAs":["https:\/\/www.facebook.com\/webdotn","https:\/\/x.com\/webdo_tn"],"description":"Webdo est un m\u00e9dia num\u00e9rique tunisien fond\u00e9 en 2010, sp\u00e9cialis\u00e9 dans l\u2019actualit\u00e9 nationale et internationale, l\u2019\u00e9conomie, la soci\u00e9t\u00e9 et les analyses politiques. Le site s\u2019adresse \u00e0 un large public francophone et couvre l\u2019information tunisienne en temps r\u00e9el.","email":"redac@webdo.tn","legalName":"YNJ SARL","foundingDate":"2010-09-06","numberOfEmployees":{"@type":"QuantitativeValue","minValue":"11","maxValue":"50"}},{"@type":"Person","@id":"https:\/\/www.webdo.tn\/fr\/#\/schema\/person\/9a9c6118d687c117df8ef3cc36a4d175","name":"webdo.tn","image":{"@type":"ImageObject","inLanguage":"fr-FR","@id":"https:\/\/secure.gravatar.com\/avatar\/7ce1f28c0c3bbac99ff550b85ef8e44a6950c6ee24514fb6a5489e51d06f0298?s=96&d=mm&r=g","url":"https:\/\/secure.gravatar.com\/avatar\/7ce1f28c0c3bbac99ff550b85ef8e44a6950c6ee24514fb6a5489e51d06f0298?s=96&d=mm&r=g","contentUrl":"https:\/\/secure.gravatar.com\/avatar\/7ce1f28c0c3bbac99ff550b85ef8e44a6950c6ee24514fb6a5489e51d06f0298?s=96&d=mm&r=g","caption":"webdo.tn"},"url":"https:\/\/www.webdo.tn\/fr\/actualite\/author\/webdotn\/"}]}},"_links":{"self":[{"href":"https:\/\/www.webdo.tn\/fr\/wp-json\/wp\/v2\/posts\/185753","targetHints":{"allow":["GET"]}}],"collection":[{"href":"https:\/\/www.webdo.tn\/fr\/wp-json\/wp\/v2\/posts"}],"about":[{"href":"https:\/\/www.webdo.tn\/fr\/wp-json\/wp\/v2\/types\/post"}],"author":[{"embeddable":true,"href":"https:\/\/www.webdo.tn\/fr\/wp-json\/wp\/v2\/users\/3222"}],"replies":[{"embeddable":true,"href":"https:\/\/www.webdo.tn\/fr\/wp-json\/wp\/v2\/comments?post=185753"}],"version-history":[{"count":0,"href":"https:\/\/www.webdo.tn\/fr\/wp-json\/wp\/v2\/posts\/185753\/revisions"}],"wp:featuredmedia":[{"embeddable":true,"href":"https:\/\/www.webdo.tn\/fr\/wp-json\/wp\/v2\/media\/318900"}],"wp:attachment":[{"href":"https:\/\/www.webdo.tn\/fr\/wp-json\/wp\/v2\/media?parent=185753"}],"wp:term":[{"taxonomy":"category","embeddable":true,"href":"https:\/\/www.webdo.tn\/fr\/wp-json\/wp\/v2\/categories?post=185753"},{"taxonomy":"post_tag","embeddable":true,"href":"https:\/\/www.webdo.tn\/fr\/wp-json\/wp\/v2\/tags?post=185753"}],"curies":[{"name":"wp","href":"https:\/\/api.w.org\/{rel}","templated":true}]}}