{"id":185752,"date":"2015-05-26T11:06:00","date_gmt":"2015-05-26T11:06:00","guid":{"rendered":"https:\/\/www.webdo.tn\/fr\/blog\/moodys-la-note-de-la-tunisie-reste-a-ba3-mais-nest-plus-assortie-dune-perspective-negative\/185752\/"},"modified":"2015-05-26T11:06:00","modified_gmt":"2015-05-26T11:06:00","slug":"moodys-la-note-de-la-tunisie-reste-a-ba3-mais-nest-plus-assortie-dune-perspective-negative","status":"publish","type":"post","link":"https:\/\/www.webdo.tn\/fr\/actualite\/economie\/moodys-la-note-de-la-tunisie-reste-a-ba3-mais-nest-plus-assortie-dune-perspective-negative\/185752\/","title":{"rendered":"Moody&rsquo;s : La note de la Tunisie reste \u00e0 BA3 mais n&rsquo;est plus assortie d&rsquo;une perspective n\u00e9gative"},"content":{"rendered":"<p>La soci\u00e9t\u00e9 Moody&rsquo;s, sp\u00e9cialis\u00e9e dans l&rsquo;analyse financi\u00e8re d&rsquo;entreprises commerciales et d&rsquo;organismes gouvernementaux attribue de nouveau une note de BA3 \u00e0 la Tunisie.<\/p>\n<p>L&rsquo;entreprise Moody&rsquo;s a 40% de parts de march\u00e9 dans le domaine\u00a0de l&rsquo;estimation de cr\u00e9dit au niveau mondial. Elle a rendu son rapport concernant la Tunisie pour sa notation de \u00a0dettes \u00e0 long terme.<\/p>\n<p>Cette note est au niveau BA3, et\u00a0les perspectives de la Tunisie sont pass\u00e9es de n\u00e9gatives \u00e0 stables. La note n&rsquo;a pas chang\u00e9 mais n&rsquo;est plus assortie d&rsquo;une perspective n\u00e9gative, c&rsquo;est \u00e0 dire qu&rsquo;elle ne risque plus de se d\u00e9grader dans les prochains mois. Elle est stable, donc elle n&rsquo;a pas encore de perspective d&rsquo;\u00e9volution.<\/p>\n<p>Deux cat\u00e9gories existent dans le syst\u00e8me de Moody&rsquo;s : La cat\u00e9gorie investissement qui regroupe les pays et entreprises qui investissent et la cat\u00e9gorie sp\u00e9culative &#8211; dans laquelle la Tunisie est plac\u00e9e &#8211; qui est une cat\u00e9gorie o\u00f9 les pays et entreprises sont plac\u00e9s car il y a une chance qu&rsquo;ils n&rsquo;honorent pas leurs dettes. Chaque cat\u00e9gorie est divis\u00e9 en plusieurs niveaux, la Tunisie fait partie du premier niveau de la cat\u00e9gorie sp\u00e9culative regroupant les notes BA1, BA2, BA3.<br \/>\nTrois raisons \u00e0 cette note<br \/>\nTrois raisons sont annonc\u00e9es pour justifier ce maintient de la note et l&rsquo;am\u00e9lioration \u00a0de la perspective de la Tunisie, par la soci\u00e9t\u00e9 Moody&rsquo;s :<br \/>\n[quote_box_center]Une baisse significative des risques en mati\u00e8re de\u00a0 politique int\u00e9rieure et une\u00a0transition d\u00e9mocratique r\u00e9ussie, la r\u00e9duction des probl\u00e8mes de financement externes suite \u00e0 la reprise du financement officiel et l&rsquo;acc\u00e8s aux march\u00e9s internationaux de capitaux et la r\u00e9duction progressive des d\u00e9s\u00e9quilibres budg\u00e9taires.[\/quote_box_center]<br \/>\nMoody&rsquo;s souligne un cadre institutionnel tunisien \u00ab\u00a0robuste\u00a0\u00bb\u00a0\u00e0 la vue de la capacit\u00e9 de l&rsquo;administration publique et de la soci\u00e9t\u00e9 civile \u00e0 \u00ab\u00a0naviguer dans le processus de transition d\u00e9mocratique, \u00e0 travers les perturbations\u00a0\u00bb.<br \/>\nElodie Potente<\/p>\n","protected":false},"excerpt":{"rendered":"<p>Moody&rsquo;s : La note de la Tunisie reste \u00e0 BA3 mais n&rsquo;est plus assortie d&rsquo;une perspective n\u00e9gative<\/p>\n","protected":false},"author":3222,"featured_media":335906,"comment_status":"open","ping_status":"closed","sticky":false,"template":"","format":"standard","meta":{"footnotes":""},"categories":[11334],"tags":[2600],"class_list":["post-185752","post","type-post","status-publish","format-standard","has-post-thumbnail","hentry","category-economie","tag-guerre"],"yoast_head":"<!-- This site is optimized with the Yoast SEO Premium plugin v27.5 (Yoast SEO v27.5) - https:\/\/yoast.com\/product\/yoast-seo-premium-wordpress\/ -->\n<title>Moody&#039;s : La note de la Tunisie reste \u00e0 BA3 mais n&#039;est plus assortie d&#039;une perspective n\u00e9gative<\/title>\n<meta name=\"description\" content=\"Moody&#039;s : La note de la Tunisie reste \u00e0 BA3 mais n&#039;est plus assortie d&#039;une perspective n\u00e9gative\" \/>\n<link rel=\"canonical\" href=\"https:\/\/www.webdo.tn\/fr\/actualite\/economie\/moodys-la-note-de-la-tunisie-reste-a-ba3-mais-nest-plus-assortie-dune-perspective-negative\/185752\/\" \/>\n<meta property=\"og:locale\" content=\"fr_FR\" \/>\n<meta property=\"og:type\" content=\"article\" \/>\n<meta property=\"og:title\" content=\"Moody&#039;s : La note de la Tunisie reste \u00e0 BA3 mais n&#039;est plus assortie d&#039;une perspective n\u00e9gative\" \/>\n<meta property=\"og:description\" content=\"Moody&#039;s : La note de la Tunisie reste \u00e0 BA3 mais n&#039;est plus assortie d&#039;une perspective n\u00e9gative\" \/>\n<meta property=\"og:url\" content=\"https:\/\/www.webdo.tn\/fr\/actualite\/economie\/moodys-la-note-de-la-tunisie-reste-a-ba3-mais-nest-plus-assortie-dune-perspective-negative\/185752\/\" \/>\n<meta property=\"og:site_name\" content=\"webdo\" \/>\n<meta property=\"article:publisher\" content=\"https:\/\/www.facebook.com\/webdotn\" \/>\n<meta property=\"article:published_time\" content=\"2015-05-26T11:06:00+00:00\" \/>\n<meta property=\"og:image\" content=\"https:\/\/www.webdo.tn\/fr\/wp-content\/uploads\/2015\/05\/Moodys-300x200-1.jpg\" \/>\n\t<meta property=\"og:image:width\" content=\"300\" \/>\n\t<meta property=\"og:image:height\" content=\"200\" \/>\n\t<meta property=\"og:image:type\" content=\"image\/jpeg\" \/>\n<meta name=\"author\" content=\"webdo.tn\" \/>\n<meta name=\"twitter:card\" content=\"summary_large_image\" \/>\n<meta name=\"twitter:creator\" content=\"@webdo_tn\" \/>\n<meta name=\"twitter:site\" content=\"@webdo_tn\" \/>\n<meta name=\"twitter:label1\" content=\"\u00c9crit par\" \/>\n\t<meta name=\"twitter:data1\" content=\"webdo.tn\" \/>\n\t<meta name=\"twitter:label2\" content=\"Dur\u00e9e de lecture estim\u00e9e\" \/>\n\t<meta name=\"twitter:data2\" content=\"2 minutes\" \/>\n<script type=\"application\/ld+json\" class=\"yoast-schema-graph\">{\"@context\":\"https:\\\/\\\/schema.org\",\"@graph\":[{\"@type\":\"NewsArticle\",\"@id\":\"https:\\\/\\\/www.webdo.tn\\\/fr\\\/actualite\\\/economie\\\/moodys-la-note-de-la-tunisie-reste-a-ba3-mais-nest-plus-assortie-dune-perspective-negative\\\/185752\\\/#article\",\"isPartOf\":{\"@id\":\"https:\\\/\\\/www.webdo.tn\\\/fr\\\/actualite\\\/economie\\\/moodys-la-note-de-la-tunisie-reste-a-ba3-mais-nest-plus-assortie-dune-perspective-negative\\\/185752\\\/\"},\"author\":{\"name\":\"webdo.tn\",\"@id\":\"https:\\\/\\\/www.webdo.tn\\\/fr\\\/#\\\/schema\\\/person\\\/9a9c6118d687c117df8ef3cc36a4d175\"},\"headline\":\"Moody&rsquo;s : La note de la Tunisie reste \u00e0 BA3 mais n&rsquo;est plus assortie d&rsquo;une perspective n\u00e9gative\",\"datePublished\":\"2015-05-26T11:06:00+00:00\",\"mainEntityOfPage\":{\"@id\":\"https:\\\/\\\/www.webdo.tn\\\/fr\\\/actualite\\\/economie\\\/moodys-la-note-de-la-tunisie-reste-a-ba3-mais-nest-plus-assortie-dune-perspective-negative\\\/185752\\\/\"},\"wordCount\":368,\"commentCount\":0,\"publisher\":{\"@id\":\"https:\\\/\\\/www.webdo.tn\\\/fr\\\/#organization\"},\"image\":{\"@id\":\"https:\\\/\\\/www.webdo.tn\\\/fr\\\/actualite\\\/economie\\\/moodys-la-note-de-la-tunisie-reste-a-ba3-mais-nest-plus-assortie-dune-perspective-negative\\\/185752\\\/#primaryimage\"},\"thumbnailUrl\":\"https:\\\/\\\/www.webdo.tn\\\/fr\\\/wp-content\\\/uploads\\\/2015\\\/05\\\/Moodys-300x200-1.jpg\",\"keywords\":[\"guerre\"],\"articleSection\":[\"Economie\"],\"inLanguage\":\"fr-FR\"},{\"@type\":\"WebPage\",\"@id\":\"https:\\\/\\\/www.webdo.tn\\\/fr\\\/actualite\\\/economie\\\/moodys-la-note-de-la-tunisie-reste-a-ba3-mais-nest-plus-assortie-dune-perspective-negative\\\/185752\\\/\",\"url\":\"https:\\\/\\\/www.webdo.tn\\\/fr\\\/actualite\\\/economie\\\/moodys-la-note-de-la-tunisie-reste-a-ba3-mais-nest-plus-assortie-dune-perspective-negative\\\/185752\\\/\",\"name\":\"Moody's : La note de la Tunisie reste \u00e0 BA3 mais n'est plus assortie d'une perspective n\u00e9gative\",\"isPartOf\":{\"@id\":\"https:\\\/\\\/www.webdo.tn\\\/fr\\\/#website\"},\"primaryImageOfPage\":{\"@id\":\"https:\\\/\\\/www.webdo.tn\\\/fr\\\/actualite\\\/economie\\\/moodys-la-note-de-la-tunisie-reste-a-ba3-mais-nest-plus-assortie-dune-perspective-negative\\\/185752\\\/#primaryimage\"},\"image\":{\"@id\":\"https:\\\/\\\/www.webdo.tn\\\/fr\\\/actualite\\\/economie\\\/moodys-la-note-de-la-tunisie-reste-a-ba3-mais-nest-plus-assortie-dune-perspective-negative\\\/185752\\\/#primaryimage\"},\"thumbnailUrl\":\"https:\\\/\\\/www.webdo.tn\\\/fr\\\/wp-content\\\/uploads\\\/2015\\\/05\\\/Moodys-300x200-1.jpg\",\"datePublished\":\"2015-05-26T11:06:00+00:00\",\"description\":\"Moody's : La note de la Tunisie reste \u00e0 BA3 mais n'est plus assortie d'une perspective n\u00e9gative\",\"breadcrumb\":{\"@id\":\"https:\\\/\\\/www.webdo.tn\\\/fr\\\/actualite\\\/economie\\\/moodys-la-note-de-la-tunisie-reste-a-ba3-mais-nest-plus-assortie-dune-perspective-negative\\\/185752\\\/#breadcrumb\"},\"inLanguage\":\"fr-FR\",\"potentialAction\":[{\"@type\":\"ReadAction\",\"target\":[\"https:\\\/\\\/www.webdo.tn\\\/fr\\\/actualite\\\/economie\\\/moodys-la-note-de-la-tunisie-reste-a-ba3-mais-nest-plus-assortie-dune-perspective-negative\\\/185752\\\/\"]}]},{\"@type\":\"ImageObject\",\"inLanguage\":\"fr-FR\",\"@id\":\"https:\\\/\\\/www.webdo.tn\\\/fr\\\/actualite\\\/economie\\\/moodys-la-note-de-la-tunisie-reste-a-ba3-mais-nest-plus-assortie-dune-perspective-negative\\\/185752\\\/#primaryimage\",\"url\":\"https:\\\/\\\/www.webdo.tn\\\/fr\\\/wp-content\\\/uploads\\\/2015\\\/05\\\/Moodys-300x200-1.jpg\",\"contentUrl\":\"https:\\\/\\\/www.webdo.tn\\\/fr\\\/wp-content\\\/uploads\\\/2015\\\/05\\\/Moodys-300x200-1.jpg\",\"width\":300,\"height\":200,\"caption\":\"Moody's : La note de la Tunisie reste \u00e0 BA3 mais n'est plus assortie d'une perspective n\u00e9gative\"},{\"@type\":\"BreadcrumbList\",\"@id\":\"https:\\\/\\\/www.webdo.tn\\\/fr\\\/actualite\\\/economie\\\/moodys-la-note-de-la-tunisie-reste-a-ba3-mais-nest-plus-assortie-dune-perspective-negative\\\/185752\\\/#breadcrumb\",\"itemListElement\":[{\"@type\":\"ListItem\",\"position\":1,\"name\":\"Accueil\",\"item\":\"https:\\\/\\\/www.webdo.tn\\\/fr\\\/\"},{\"@type\":\"ListItem\",\"position\":2,\"name\":\"Moody&rsquo;s : La note de la Tunisie reste \u00e0 BA3 mais n&rsquo;est plus assortie d&rsquo;une perspective n\u00e9gative\"}]},{\"@type\":\"WebSite\",\"@id\":\"https:\\\/\\\/www.webdo.tn\\\/fr\\\/#website\",\"url\":\"https:\\\/\\\/www.webdo.tn\\\/fr\\\/\",\"name\":\"webdo\",\"description\":\"Tunisie - News en Tunisie et \u00e0 l&#039;international sur Webdo.tn\",\"publisher\":{\"@id\":\"https:\\\/\\\/www.webdo.tn\\\/fr\\\/#organization\"},\"potentialAction\":[{\"@type\":\"SearchAction\",\"target\":{\"@type\":\"EntryPoint\",\"urlTemplate\":\"https:\\\/\\\/www.webdo.tn\\\/fr\\\/?s={search_term_string}\"},\"query-input\":{\"@type\":\"PropertyValueSpecification\",\"valueRequired\":true,\"valueName\":\"search_term_string\"}}],\"inLanguage\":\"fr-FR\"},{\"@type\":\"Organization\",\"@id\":\"https:\\\/\\\/www.webdo.tn\\\/fr\\\/#organization\",\"name\":\"Webdo\",\"alternateName\":\"Webdo.tn\",\"url\":\"https:\\\/\\\/www.webdo.tn\\\/fr\\\/\",\"logo\":{\"@type\":\"ImageObject\",\"inLanguage\":\"fr-FR\",\"@id\":\"https:\\\/\\\/www.webdo.tn\\\/fr\\\/#\\\/schema\\\/logo\\\/image\\\/\",\"url\":\"https:\\\/\\\/www.webdo.tn\\\/fr\\\/wp-content\\\/uploads\\\/2025\\\/06\\\/Webdo-Tunisie_168377.jpg\",\"contentUrl\":\"https:\\\/\\\/www.webdo.tn\\\/fr\\\/wp-content\\\/uploads\\\/2025\\\/06\\\/Webdo-Tunisie_168377.jpg\",\"width\":301,\"height\":301,\"caption\":\"Webdo\"},\"image\":{\"@id\":\"https:\\\/\\\/www.webdo.tn\\\/fr\\\/#\\\/schema\\\/logo\\\/image\\\/\"},\"sameAs\":[\"https:\\\/\\\/www.facebook.com\\\/webdotn\",\"https:\\\/\\\/x.com\\\/webdo_tn\"],\"description\":\"Webdo est un m\u00e9dia num\u00e9rique tunisien fond\u00e9 en 2010, sp\u00e9cialis\u00e9 dans l\u2019actualit\u00e9 nationale et internationale, l\u2019\u00e9conomie, la soci\u00e9t\u00e9 et les analyses politiques. Le site s\u2019adresse \u00e0 un large public francophone et couvre l\u2019information tunisienne en temps r\u00e9el.\",\"email\":\"redac@webdo.tn\",\"legalName\":\"YNJ SARL\",\"foundingDate\":\"2010-09-06\",\"numberOfEmployees\":{\"@type\":\"QuantitativeValue\",\"minValue\":\"11\",\"maxValue\":\"50\"}},{\"@type\":\"Person\",\"@id\":\"https:\\\/\\\/www.webdo.tn\\\/fr\\\/#\\\/schema\\\/person\\\/9a9c6118d687c117df8ef3cc36a4d175\",\"name\":\"webdo.tn\",\"image\":{\"@type\":\"ImageObject\",\"inLanguage\":\"fr-FR\",\"@id\":\"https:\\\/\\\/secure.gravatar.com\\\/avatar\\\/7ce1f28c0c3bbac99ff550b85ef8e44a6950c6ee24514fb6a5489e51d06f0298?s=96&d=mm&r=g\",\"url\":\"https:\\\/\\\/secure.gravatar.com\\\/avatar\\\/7ce1f28c0c3bbac99ff550b85ef8e44a6950c6ee24514fb6a5489e51d06f0298?s=96&d=mm&r=g\",\"contentUrl\":\"https:\\\/\\\/secure.gravatar.com\\\/avatar\\\/7ce1f28c0c3bbac99ff550b85ef8e44a6950c6ee24514fb6a5489e51d06f0298?s=96&d=mm&r=g\",\"caption\":\"webdo.tn\"},\"url\":\"https:\\\/\\\/www.webdo.tn\\\/fr\\\/actualite\\\/author\\\/webdotn\\\/\"}]}<\/script>\n<!-- \/ Yoast SEO Premium plugin. -->","yoast_head_json":{"title":"Moody's : La note de la Tunisie reste \u00e0 BA3 mais n'est plus assortie d'une perspective n\u00e9gative","description":"Moody's : La note de la Tunisie reste \u00e0 BA3 mais n'est plus assortie d'une perspective n\u00e9gative","canonical":"https:\/\/www.webdo.tn\/fr\/actualite\/economie\/moodys-la-note-de-la-tunisie-reste-a-ba3-mais-nest-plus-assortie-dune-perspective-negative\/185752\/","og_locale":"fr_FR","og_type":"article","og_title":"Moody's : La note de la Tunisie reste \u00e0 BA3 mais n'est plus assortie d'une perspective n\u00e9gative","og_description":"Moody's : La note de la Tunisie reste \u00e0 BA3 mais n'est plus assortie d'une perspective n\u00e9gative","og_url":"https:\/\/www.webdo.tn\/fr\/actualite\/economie\/moodys-la-note-de-la-tunisie-reste-a-ba3-mais-nest-plus-assortie-dune-perspective-negative\/185752\/","og_site_name":"webdo","article_publisher":"https:\/\/www.facebook.com\/webdotn","article_published_time":"2015-05-26T11:06:00+00:00","og_image":[{"width":300,"height":200,"url":"https:\/\/www.webdo.tn\/fr\/wp-content\/uploads\/2015\/05\/Moodys-300x200-1.jpg","type":"image\/jpeg"}],"author":"webdo.tn","twitter_card":"summary_large_image","twitter_creator":"@webdo_tn","twitter_site":"@webdo_tn","twitter_misc":{"\u00c9crit par":"webdo.tn","Dur\u00e9e de lecture estim\u00e9e":"2 minutes"},"schema":{"@context":"https:\/\/schema.org","@graph":[{"@type":"NewsArticle","@id":"https:\/\/www.webdo.tn\/fr\/actualite\/economie\/moodys-la-note-de-la-tunisie-reste-a-ba3-mais-nest-plus-assortie-dune-perspective-negative\/185752\/#article","isPartOf":{"@id":"https:\/\/www.webdo.tn\/fr\/actualite\/economie\/moodys-la-note-de-la-tunisie-reste-a-ba3-mais-nest-plus-assortie-dune-perspective-negative\/185752\/"},"author":{"name":"webdo.tn","@id":"https:\/\/www.webdo.tn\/fr\/#\/schema\/person\/9a9c6118d687c117df8ef3cc36a4d175"},"headline":"Moody&rsquo;s : La note de la Tunisie reste \u00e0 BA3 mais n&rsquo;est plus assortie d&rsquo;une perspective n\u00e9gative","datePublished":"2015-05-26T11:06:00+00:00","mainEntityOfPage":{"@id":"https:\/\/www.webdo.tn\/fr\/actualite\/economie\/moodys-la-note-de-la-tunisie-reste-a-ba3-mais-nest-plus-assortie-dune-perspective-negative\/185752\/"},"wordCount":368,"commentCount":0,"publisher":{"@id":"https:\/\/www.webdo.tn\/fr\/#organization"},"image":{"@id":"https:\/\/www.webdo.tn\/fr\/actualite\/economie\/moodys-la-note-de-la-tunisie-reste-a-ba3-mais-nest-plus-assortie-dune-perspective-negative\/185752\/#primaryimage"},"thumbnailUrl":"https:\/\/www.webdo.tn\/fr\/wp-content\/uploads\/2015\/05\/Moodys-300x200-1.jpg","keywords":["guerre"],"articleSection":["Economie"],"inLanguage":"fr-FR"},{"@type":"WebPage","@id":"https:\/\/www.webdo.tn\/fr\/actualite\/economie\/moodys-la-note-de-la-tunisie-reste-a-ba3-mais-nest-plus-assortie-dune-perspective-negative\/185752\/","url":"https:\/\/www.webdo.tn\/fr\/actualite\/economie\/moodys-la-note-de-la-tunisie-reste-a-ba3-mais-nest-plus-assortie-dune-perspective-negative\/185752\/","name":"Moody's : La note de la Tunisie reste \u00e0 BA3 mais n'est plus assortie d'une perspective n\u00e9gative","isPartOf":{"@id":"https:\/\/www.webdo.tn\/fr\/#website"},"primaryImageOfPage":{"@id":"https:\/\/www.webdo.tn\/fr\/actualite\/economie\/moodys-la-note-de-la-tunisie-reste-a-ba3-mais-nest-plus-assortie-dune-perspective-negative\/185752\/#primaryimage"},"image":{"@id":"https:\/\/www.webdo.tn\/fr\/actualite\/economie\/moodys-la-note-de-la-tunisie-reste-a-ba3-mais-nest-plus-assortie-dune-perspective-negative\/185752\/#primaryimage"},"thumbnailUrl":"https:\/\/www.webdo.tn\/fr\/wp-content\/uploads\/2015\/05\/Moodys-300x200-1.jpg","datePublished":"2015-05-26T11:06:00+00:00","description":"Moody's : La note de la Tunisie reste \u00e0 BA3 mais n'est plus assortie d'une perspective n\u00e9gative","breadcrumb":{"@id":"https:\/\/www.webdo.tn\/fr\/actualite\/economie\/moodys-la-note-de-la-tunisie-reste-a-ba3-mais-nest-plus-assortie-dune-perspective-negative\/185752\/#breadcrumb"},"inLanguage":"fr-FR","potentialAction":[{"@type":"ReadAction","target":["https:\/\/www.webdo.tn\/fr\/actualite\/economie\/moodys-la-note-de-la-tunisie-reste-a-ba3-mais-nest-plus-assortie-dune-perspective-negative\/185752\/"]}]},{"@type":"ImageObject","inLanguage":"fr-FR","@id":"https:\/\/www.webdo.tn\/fr\/actualite\/economie\/moodys-la-note-de-la-tunisie-reste-a-ba3-mais-nest-plus-assortie-dune-perspective-negative\/185752\/#primaryimage","url":"https:\/\/www.webdo.tn\/fr\/wp-content\/uploads\/2015\/05\/Moodys-300x200-1.jpg","contentUrl":"https:\/\/www.webdo.tn\/fr\/wp-content\/uploads\/2015\/05\/Moodys-300x200-1.jpg","width":300,"height":200,"caption":"Moody's : La note de la Tunisie reste \u00e0 BA3 mais n'est plus assortie d'une perspective n\u00e9gative"},{"@type":"BreadcrumbList","@id":"https:\/\/www.webdo.tn\/fr\/actualite\/economie\/moodys-la-note-de-la-tunisie-reste-a-ba3-mais-nest-plus-assortie-dune-perspective-negative\/185752\/#breadcrumb","itemListElement":[{"@type":"ListItem","position":1,"name":"Accueil","item":"https:\/\/www.webdo.tn\/fr\/"},{"@type":"ListItem","position":2,"name":"Moody&rsquo;s : La note de la Tunisie reste \u00e0 BA3 mais n&rsquo;est plus assortie d&rsquo;une perspective n\u00e9gative"}]},{"@type":"WebSite","@id":"https:\/\/www.webdo.tn\/fr\/#website","url":"https:\/\/www.webdo.tn\/fr\/","name":"webdo","description":"Tunisie - News en Tunisie et \u00e0 l&#039;international sur Webdo.tn","publisher":{"@id":"https:\/\/www.webdo.tn\/fr\/#organization"},"potentialAction":[{"@type":"SearchAction","target":{"@type":"EntryPoint","urlTemplate":"https:\/\/www.webdo.tn\/fr\/?s={search_term_string}"},"query-input":{"@type":"PropertyValueSpecification","valueRequired":true,"valueName":"search_term_string"}}],"inLanguage":"fr-FR"},{"@type":"Organization","@id":"https:\/\/www.webdo.tn\/fr\/#organization","name":"Webdo","alternateName":"Webdo.tn","url":"https:\/\/www.webdo.tn\/fr\/","logo":{"@type":"ImageObject","inLanguage":"fr-FR","@id":"https:\/\/www.webdo.tn\/fr\/#\/schema\/logo\/image\/","url":"https:\/\/www.webdo.tn\/fr\/wp-content\/uploads\/2025\/06\/Webdo-Tunisie_168377.jpg","contentUrl":"https:\/\/www.webdo.tn\/fr\/wp-content\/uploads\/2025\/06\/Webdo-Tunisie_168377.jpg","width":301,"height":301,"caption":"Webdo"},"image":{"@id":"https:\/\/www.webdo.tn\/fr\/#\/schema\/logo\/image\/"},"sameAs":["https:\/\/www.facebook.com\/webdotn","https:\/\/x.com\/webdo_tn"],"description":"Webdo est un m\u00e9dia num\u00e9rique tunisien fond\u00e9 en 2010, sp\u00e9cialis\u00e9 dans l\u2019actualit\u00e9 nationale et internationale, l\u2019\u00e9conomie, la soci\u00e9t\u00e9 et les analyses politiques. Le site s\u2019adresse \u00e0 un large public francophone et couvre l\u2019information tunisienne en temps r\u00e9el.","email":"redac@webdo.tn","legalName":"YNJ SARL","foundingDate":"2010-09-06","numberOfEmployees":{"@type":"QuantitativeValue","minValue":"11","maxValue":"50"}},{"@type":"Person","@id":"https:\/\/www.webdo.tn\/fr\/#\/schema\/person\/9a9c6118d687c117df8ef3cc36a4d175","name":"webdo.tn","image":{"@type":"ImageObject","inLanguage":"fr-FR","@id":"https:\/\/secure.gravatar.com\/avatar\/7ce1f28c0c3bbac99ff550b85ef8e44a6950c6ee24514fb6a5489e51d06f0298?s=96&d=mm&r=g","url":"https:\/\/secure.gravatar.com\/avatar\/7ce1f28c0c3bbac99ff550b85ef8e44a6950c6ee24514fb6a5489e51d06f0298?s=96&d=mm&r=g","contentUrl":"https:\/\/secure.gravatar.com\/avatar\/7ce1f28c0c3bbac99ff550b85ef8e44a6950c6ee24514fb6a5489e51d06f0298?s=96&d=mm&r=g","caption":"webdo.tn"},"url":"https:\/\/www.webdo.tn\/fr\/actualite\/author\/webdotn\/"}]}},"_links":{"self":[{"href":"https:\/\/www.webdo.tn\/fr\/wp-json\/wp\/v2\/posts\/185752","targetHints":{"allow":["GET"]}}],"collection":[{"href":"https:\/\/www.webdo.tn\/fr\/wp-json\/wp\/v2\/posts"}],"about":[{"href":"https:\/\/www.webdo.tn\/fr\/wp-json\/wp\/v2\/types\/post"}],"author":[{"embeddable":true,"href":"https:\/\/www.webdo.tn\/fr\/wp-json\/wp\/v2\/users\/3222"}],"replies":[{"embeddable":true,"href":"https:\/\/www.webdo.tn\/fr\/wp-json\/wp\/v2\/comments?post=185752"}],"version-history":[{"count":0,"href":"https:\/\/www.webdo.tn\/fr\/wp-json\/wp\/v2\/posts\/185752\/revisions"}],"wp:featuredmedia":[{"embeddable":true,"href":"https:\/\/www.webdo.tn\/fr\/wp-json\/wp\/v2\/media\/335906"}],"wp:attachment":[{"href":"https:\/\/www.webdo.tn\/fr\/wp-json\/wp\/v2\/media?parent=185752"}],"wp:term":[{"taxonomy":"category","embeddable":true,"href":"https:\/\/www.webdo.tn\/fr\/wp-json\/wp\/v2\/categories?post=185752"},{"taxonomy":"post_tag","embeddable":true,"href":"https:\/\/www.webdo.tn\/fr\/wp-json\/wp\/v2\/tags?post=185752"}],"curies":[{"name":"wp","href":"https:\/\/api.w.org\/{rel}","templated":true}]}}