{"id":185751,"date":"2015-06-03T12:45:00","date_gmt":"2015-06-03T12:45:00","guid":{"rendered":"https:\/\/www.webdo.tn\/fr\/blog\/30-entreprises-francaises-a-la-rencontre-des-pme-tunisiennes-lors-du-forum-de-partenariat-france-tunisie\/185751\/"},"modified":"2015-06-03T12:45:00","modified_gmt":"2015-06-03T12:45:00","slug":"30-entreprises-francaises-a-la-rencontre-des-pme-tunisiennes-lors-du-forum-de-partenariat-france-tunisie","status":"publish","type":"post","link":"https:\/\/www.webdo.tn\/fr\/actualite\/economie\/30-entreprises-francaises-a-la-rencontre-des-pme-tunisiennes-lors-du-forum-de-partenariat-france-tunisie\/185751\/","title":{"rendered":"30 entreprises fran\u00e7aises \u00e0 la rencontre des PME tunisiennes lors du forum de partenariat France-Tunisie"},"content":{"rendered":"<p>Une conf\u00e9rence a eu lieu ce mercredi 3 juin \u00e0 l&rsquo;Ambassade de France pour la pr\u00e9sentation du forum de partenariat France-Tunisie qui aura lieu les 9 et 10 juin \u00e0 Gammarth.<br \/>\nL&rsquo;ambassadeur de France, Fran\u00e7ois Gouyette s&rsquo;est exprim\u00e9 ce mercredi 3 juin lors d&rsquo;une conf\u00e9rence de presse, en pr\u00e9sence de Bertand de La Forest-divonne directeur de Business France et de Habib Ga\u00efta directeur de la CTFCI (Chambre Tuniso-fran\u00e7aise de commerce et d&rsquo;industrie) afin de pr\u00e9senter le forum de partenariat France-Tunisie.<\/p>\n<p>Les 9 et 10 juin \u00e0 l&rsquo;h\u00f4tel Regency de Gammarth, trente entreprises fran\u00e7aises viendront rencontrer des entreprises tunisiennes afin de \u00ab\u00a0nouer des contacts, avec pour objectif des partenariats solides et qui s&rsquo;inscrivent dans la dur\u00e9e\u00a0\u00bb.\u00a0<\/p>\n<p>Les entreprises fran\u00e7aises qui se rendront \u00e0 ce\u00a0forum sont des PME implant\u00e9es dans plusieurs r\u00e9gions de l&rsquo;hexagone. Elles seront regroup\u00e9es en trois secteurs :<\/p>\n<p>\tLe secteur industriel (18 entreprises) : Aemi, Atem, Avime, Beapp, Cohin Construction, Deremaux, E.C.I Ing\u00e9nierie, Erlab, Extixis, Faep, Goavec engineering, ICF environnement, Muthec, Nextanx, Plast&rsquo;up, S.I.P.I, Thales, UI.TRAI.U<br \/>\n\tLe secteur nouvelles technologies (6 entreprises) : Accelonix, Afsol, Arep, Decod, Globe Services, Synchronic.<br \/>\n\tLe multi secteur (6 entreprises) : Aquaprism, Cellulose de Broc\u00e9liande, G\u00e9mo, Lyse concept, Maleng\u00e9, Val Fi.<\/p>\n<p>Une logique de gagnant-gagnant<br \/>\n[quote_box_center]Nous souhaitons que ce forum soit fait sur une logique d&rsquo;appui \u00e0 la mise en place de partenariats \u00ab\u00a0gagnants-gagnants\u00a0\u00bb, a ajout\u00e9 l&rsquo;ambassadeur. [\/quote_box_center]<br \/>\nLe forum se divisera en trois grands axes, avec en premier lieu des rendez-vous individuels \u00ab\u00a0be to be\u00a0\u00bb. En second temps des tables rondes seront ouvertes afin de permettre aux entrepreneurs tunisiens de b\u00e9n\u00e9ficier de t\u00e9moignages et de conseils. Puis des stands favoriseront la rencontre en troisi\u00e8me temps avec l&rsquo;ouverture du \u00ab\u00a0Village expert\u00a0\u00bb.<br \/>\n[quote_box_center]Pour le moment ce sont 140 participants qui sont inscrits pour ce forum professionnel, on est en train d&rsquo;\u00e9laborer les listes, a d\u00e9clar\u00e9\u00a0Bertand de La Forest-divonne.\u00a0[\/quote_box_center]<\/p>\n<p>\u00ab\u00a0Il faudrait un forum sp\u00e9cial pour le tourisme\u00a0\u00bb<br \/>\nA la question \u00ab\u00a0avez-vous exclu le tourisme ?\u00a0\u00bb l&rsquo;Ambassadeur fran\u00e7ais a r\u00e9pondu que \u00ab\u00a0le tourisme est un grand secteur et qu&rsquo;il faudrait un forum sp\u00e9cial pour le tourisme\u00a0\u00bb.\u00a0<br \/>\n[quote_box_center]C&rsquo;est une s\u00e9lection selon l&rsquo;offre, nous n&rsquo;avons exclu aucune entreprise fran\u00e7aise. Nous souhaitions vraiment entrer dans une d\u00e9marche d&rsquo;un forum qui regrouperait plusieurs secteurs, a ajout\u00e9\u00a0Bertand de La Forest-divonne. Les entreprises tunisiennes qui souhaitent venir \u00e0 ce forum auront un suivi de dossier.[\/quote_box_center]<br \/>\nEn 2013, le forum s&rsquo;est tenu \u00e0 Alger et deux ans apr\u00e8s 50% des entreprises participantes ont un partenariat avec une entreprise fran\u00e7aise.<br \/>\nElodie Potente<\/p>\n","protected":false},"excerpt":{"rendered":"<p>30 entreprises fran\u00e7aises \u00e0 la rencontre des PME tunisiennes lors du forum de partenariat France-Tunisie<\/p>\n","protected":false},"author":3222,"featured_media":318124,"comment_status":"open","ping_status":"closed","sticky":false,"template":"","format":"standard","meta":{"footnotes":""},"categories":[11334],"tags":[2600],"class_list":["post-185751","post","type-post","status-publish","format-standard","has-post-thumbnail","hentry","category-economie","tag-guerre"],"yoast_head":"<!-- This site is optimized with the Yoast SEO Premium plugin v27.5 (Yoast SEO v27.5) - https:\/\/yoast.com\/product\/yoast-seo-premium-wordpress\/ -->\n<title>30 entreprises fran\u00e7aises \u00e0 la rencontre des PME tunisiennes lors du forum de partenariat France-Tunisie<\/title>\n<meta name=\"description\" content=\"30 entreprises fran\u00e7aises \u00e0 la rencontre des PME tunisiennes lors du forum de partenariat France-Tunisie\" \/>\n<link rel=\"canonical\" href=\"https:\/\/www.webdo.tn\/fr\/actualite\/economie\/30-entreprises-francaises-a-la-rencontre-des-pme-tunisiennes-lors-du-forum-de-partenariat-france-tunisie\/185751\/\" \/>\n<meta property=\"og:locale\" content=\"fr_FR\" \/>\n<meta property=\"og:type\" content=\"article\" \/>\n<meta property=\"og:title\" content=\"30 entreprises fran\u00e7aises \u00e0 la rencontre des PME tunisiennes lors du forum de partenariat France-Tunisie\" \/>\n<meta property=\"og:description\" content=\"30 entreprises fran\u00e7aises \u00e0 la rencontre des PME tunisiennes lors du forum de partenariat France-Tunisie\" \/>\n<meta property=\"og:url\" content=\"https:\/\/www.webdo.tn\/fr\/actualite\/economie\/30-entreprises-francaises-a-la-rencontre-des-pme-tunisiennes-lors-du-forum-de-partenariat-france-tunisie\/185751\/\" \/>\n<meta property=\"og:site_name\" content=\"webdo\" \/>\n<meta property=\"article:publisher\" content=\"https:\/\/www.facebook.com\/webdotn\" \/>\n<meta property=\"article:published_time\" content=\"2015-06-03T12:45:00+00:00\" \/>\n<meta property=\"og:image\" content=\"https:\/\/www.webdo.tn\/fr\/wp-content\/uploads\/2015\/06\/ambassade-france-6.jpg\" \/>\n\t<meta property=\"og:image:width\" content=\"600\" \/>\n\t<meta property=\"og:image:height\" content=\"347\" \/>\n\t<meta property=\"og:image:type\" content=\"image\/jpeg\" \/>\n<meta name=\"author\" content=\"webdo.tn\" \/>\n<meta name=\"twitter:card\" content=\"summary_large_image\" \/>\n<meta name=\"twitter:creator\" content=\"@webdo_tn\" \/>\n<meta name=\"twitter:site\" content=\"@webdo_tn\" \/>\n<meta name=\"twitter:label1\" content=\"\u00c9crit par\" \/>\n\t<meta name=\"twitter:data1\" content=\"webdo.tn\" \/>\n\t<meta name=\"twitter:label2\" content=\"Dur\u00e9e de lecture estim\u00e9e\" \/>\n\t<meta name=\"twitter:data2\" content=\"2 minutes\" \/>\n<script type=\"application\/ld+json\" class=\"yoast-schema-graph\">{\"@context\":\"https:\\\/\\\/schema.org\",\"@graph\":[{\"@type\":\"NewsArticle\",\"@id\":\"https:\\\/\\\/www.webdo.tn\\\/fr\\\/actualite\\\/economie\\\/30-entreprises-francaises-a-la-rencontre-des-pme-tunisiennes-lors-du-forum-de-partenariat-france-tunisie\\\/185751\\\/#article\",\"isPartOf\":{\"@id\":\"https:\\\/\\\/www.webdo.tn\\\/fr\\\/actualite\\\/economie\\\/30-entreprises-francaises-a-la-rencontre-des-pme-tunisiennes-lors-du-forum-de-partenariat-france-tunisie\\\/185751\\\/\"},\"author\":{\"name\":\"webdo.tn\",\"@id\":\"https:\\\/\\\/www.webdo.tn\\\/fr\\\/#\\\/schema\\\/person\\\/9a9c6118d687c117df8ef3cc36a4d175\"},\"headline\":\"30 entreprises fran\u00e7aises \u00e0 la rencontre des PME tunisiennes lors du forum de partenariat France-Tunisie\",\"datePublished\":\"2015-06-03T12:45:00+00:00\",\"mainEntityOfPage\":{\"@id\":\"https:\\\/\\\/www.webdo.tn\\\/fr\\\/actualite\\\/economie\\\/30-entreprises-francaises-a-la-rencontre-des-pme-tunisiennes-lors-du-forum-de-partenariat-france-tunisie\\\/185751\\\/\"},\"wordCount\":476,\"commentCount\":0,\"publisher\":{\"@id\":\"https:\\\/\\\/www.webdo.tn\\\/fr\\\/#organization\"},\"image\":{\"@id\":\"https:\\\/\\\/www.webdo.tn\\\/fr\\\/actualite\\\/economie\\\/30-entreprises-francaises-a-la-rencontre-des-pme-tunisiennes-lors-du-forum-de-partenariat-france-tunisie\\\/185751\\\/#primaryimage\"},\"thumbnailUrl\":\"https:\\\/\\\/www.webdo.tn\\\/fr\\\/wp-content\\\/uploads\\\/2015\\\/06\\\/ambassade-france-6.jpg\",\"keywords\":[\"guerre\"],\"articleSection\":[\"Economie\"],\"inLanguage\":\"fr-FR\"},{\"@type\":\"WebPage\",\"@id\":\"https:\\\/\\\/www.webdo.tn\\\/fr\\\/actualite\\\/economie\\\/30-entreprises-francaises-a-la-rencontre-des-pme-tunisiennes-lors-du-forum-de-partenariat-france-tunisie\\\/185751\\\/\",\"url\":\"https:\\\/\\\/www.webdo.tn\\\/fr\\\/actualite\\\/economie\\\/30-entreprises-francaises-a-la-rencontre-des-pme-tunisiennes-lors-du-forum-de-partenariat-france-tunisie\\\/185751\\\/\",\"name\":\"30 entreprises fran\u00e7aises \u00e0 la rencontre des PME tunisiennes lors du forum de partenariat France-Tunisie\",\"isPartOf\":{\"@id\":\"https:\\\/\\\/www.webdo.tn\\\/fr\\\/#website\"},\"primaryImageOfPage\":{\"@id\":\"https:\\\/\\\/www.webdo.tn\\\/fr\\\/actualite\\\/economie\\\/30-entreprises-francaises-a-la-rencontre-des-pme-tunisiennes-lors-du-forum-de-partenariat-france-tunisie\\\/185751\\\/#primaryimage\"},\"image\":{\"@id\":\"https:\\\/\\\/www.webdo.tn\\\/fr\\\/actualite\\\/economie\\\/30-entreprises-francaises-a-la-rencontre-des-pme-tunisiennes-lors-du-forum-de-partenariat-france-tunisie\\\/185751\\\/#primaryimage\"},\"thumbnailUrl\":\"https:\\\/\\\/www.webdo.tn\\\/fr\\\/wp-content\\\/uploads\\\/2015\\\/06\\\/ambassade-france-6.jpg\",\"datePublished\":\"2015-06-03T12:45:00+00:00\",\"description\":\"30 entreprises fran\u00e7aises \u00e0 la rencontre des PME tunisiennes lors du forum de partenariat France-Tunisie\",\"breadcrumb\":{\"@id\":\"https:\\\/\\\/www.webdo.tn\\\/fr\\\/actualite\\\/economie\\\/30-entreprises-francaises-a-la-rencontre-des-pme-tunisiennes-lors-du-forum-de-partenariat-france-tunisie\\\/185751\\\/#breadcrumb\"},\"inLanguage\":\"fr-FR\",\"potentialAction\":[{\"@type\":\"ReadAction\",\"target\":[\"https:\\\/\\\/www.webdo.tn\\\/fr\\\/actualite\\\/economie\\\/30-entreprises-francaises-a-la-rencontre-des-pme-tunisiennes-lors-du-forum-de-partenariat-france-tunisie\\\/185751\\\/\"]}]},{\"@type\":\"ImageObject\",\"inLanguage\":\"fr-FR\",\"@id\":\"https:\\\/\\\/www.webdo.tn\\\/fr\\\/actualite\\\/economie\\\/30-entreprises-francaises-a-la-rencontre-des-pme-tunisiennes-lors-du-forum-de-partenariat-france-tunisie\\\/185751\\\/#primaryimage\",\"url\":\"https:\\\/\\\/www.webdo.tn\\\/fr\\\/wp-content\\\/uploads\\\/2015\\\/06\\\/ambassade-france-6.jpg\",\"contentUrl\":\"https:\\\/\\\/www.webdo.tn\\\/fr\\\/wp-content\\\/uploads\\\/2015\\\/06\\\/ambassade-france-6.jpg\",\"width\":600,\"height\":347,\"caption\":\"30 entreprises fran\u00e7aises \u00e0 la rencontre des PME tunisiennes lors du forum de partenariat France-Tunisie\"},{\"@type\":\"BreadcrumbList\",\"@id\":\"https:\\\/\\\/www.webdo.tn\\\/fr\\\/actualite\\\/economie\\\/30-entreprises-francaises-a-la-rencontre-des-pme-tunisiennes-lors-du-forum-de-partenariat-france-tunisie\\\/185751\\\/#breadcrumb\",\"itemListElement\":[{\"@type\":\"ListItem\",\"position\":1,\"name\":\"Accueil\",\"item\":\"https:\\\/\\\/www.webdo.tn\\\/fr\\\/\"},{\"@type\":\"ListItem\",\"position\":2,\"name\":\"30 entreprises fran\u00e7aises \u00e0 la rencontre des PME tunisiennes lors du forum de partenariat France-Tunisie\"}]},{\"@type\":\"WebSite\",\"@id\":\"https:\\\/\\\/www.webdo.tn\\\/fr\\\/#website\",\"url\":\"https:\\\/\\\/www.webdo.tn\\\/fr\\\/\",\"name\":\"webdo\",\"description\":\"Tunisie - News en Tunisie et \u00e0 l&#039;international sur Webdo.tn\",\"publisher\":{\"@id\":\"https:\\\/\\\/www.webdo.tn\\\/fr\\\/#organization\"},\"potentialAction\":[{\"@type\":\"SearchAction\",\"target\":{\"@type\":\"EntryPoint\",\"urlTemplate\":\"https:\\\/\\\/www.webdo.tn\\\/fr\\\/?s={search_term_string}\"},\"query-input\":{\"@type\":\"PropertyValueSpecification\",\"valueRequired\":true,\"valueName\":\"search_term_string\"}}],\"inLanguage\":\"fr-FR\"},{\"@type\":\"Organization\",\"@id\":\"https:\\\/\\\/www.webdo.tn\\\/fr\\\/#organization\",\"name\":\"Webdo\",\"alternateName\":\"Webdo.tn\",\"url\":\"https:\\\/\\\/www.webdo.tn\\\/fr\\\/\",\"logo\":{\"@type\":\"ImageObject\",\"inLanguage\":\"fr-FR\",\"@id\":\"https:\\\/\\\/www.webdo.tn\\\/fr\\\/#\\\/schema\\\/logo\\\/image\\\/\",\"url\":\"https:\\\/\\\/www.webdo.tn\\\/fr\\\/wp-content\\\/uploads\\\/2025\\\/06\\\/Webdo-Tunisie_168377.jpg\",\"contentUrl\":\"https:\\\/\\\/www.webdo.tn\\\/fr\\\/wp-content\\\/uploads\\\/2025\\\/06\\\/Webdo-Tunisie_168377.jpg\",\"width\":301,\"height\":301,\"caption\":\"Webdo\"},\"image\":{\"@id\":\"https:\\\/\\\/www.webdo.tn\\\/fr\\\/#\\\/schema\\\/logo\\\/image\\\/\"},\"sameAs\":[\"https:\\\/\\\/www.facebook.com\\\/webdotn\",\"https:\\\/\\\/x.com\\\/webdo_tn\"],\"description\":\"Webdo est un m\u00e9dia num\u00e9rique tunisien fond\u00e9 en 2010, sp\u00e9cialis\u00e9 dans l\u2019actualit\u00e9 nationale et internationale, l\u2019\u00e9conomie, la soci\u00e9t\u00e9 et les analyses politiques. Le site s\u2019adresse \u00e0 un large public francophone et couvre l\u2019information tunisienne en temps r\u00e9el.\",\"email\":\"redac@webdo.tn\",\"legalName\":\"YNJ SARL\",\"foundingDate\":\"2010-09-06\",\"numberOfEmployees\":{\"@type\":\"QuantitativeValue\",\"minValue\":\"11\",\"maxValue\":\"50\"}},{\"@type\":\"Person\",\"@id\":\"https:\\\/\\\/www.webdo.tn\\\/fr\\\/#\\\/schema\\\/person\\\/9a9c6118d687c117df8ef3cc36a4d175\",\"name\":\"webdo.tn\",\"image\":{\"@type\":\"ImageObject\",\"inLanguage\":\"fr-FR\",\"@id\":\"https:\\\/\\\/secure.gravatar.com\\\/avatar\\\/7ce1f28c0c3bbac99ff550b85ef8e44a6950c6ee24514fb6a5489e51d06f0298?s=96&d=mm&r=g\",\"url\":\"https:\\\/\\\/secure.gravatar.com\\\/avatar\\\/7ce1f28c0c3bbac99ff550b85ef8e44a6950c6ee24514fb6a5489e51d06f0298?s=96&d=mm&r=g\",\"contentUrl\":\"https:\\\/\\\/secure.gravatar.com\\\/avatar\\\/7ce1f28c0c3bbac99ff550b85ef8e44a6950c6ee24514fb6a5489e51d06f0298?s=96&d=mm&r=g\",\"caption\":\"webdo.tn\"},\"url\":\"https:\\\/\\\/www.webdo.tn\\\/fr\\\/actualite\\\/author\\\/webdotn\\\/\"}]}<\/script>\n<!-- \/ Yoast SEO Premium plugin. -->","yoast_head_json":{"title":"30 entreprises fran\u00e7aises \u00e0 la rencontre des PME tunisiennes lors du forum de partenariat France-Tunisie","description":"30 entreprises fran\u00e7aises \u00e0 la rencontre des PME tunisiennes lors du forum de partenariat France-Tunisie","canonical":"https:\/\/www.webdo.tn\/fr\/actualite\/economie\/30-entreprises-francaises-a-la-rencontre-des-pme-tunisiennes-lors-du-forum-de-partenariat-france-tunisie\/185751\/","og_locale":"fr_FR","og_type":"article","og_title":"30 entreprises fran\u00e7aises \u00e0 la rencontre des PME tunisiennes lors du forum de partenariat France-Tunisie","og_description":"30 entreprises fran\u00e7aises \u00e0 la rencontre des PME tunisiennes lors du forum de partenariat France-Tunisie","og_url":"https:\/\/www.webdo.tn\/fr\/actualite\/economie\/30-entreprises-francaises-a-la-rencontre-des-pme-tunisiennes-lors-du-forum-de-partenariat-france-tunisie\/185751\/","og_site_name":"webdo","article_publisher":"https:\/\/www.facebook.com\/webdotn","article_published_time":"2015-06-03T12:45:00+00:00","og_image":[{"width":600,"height":347,"url":"https:\/\/www.webdo.tn\/fr\/wp-content\/uploads\/2015\/06\/ambassade-france-6.jpg","type":"image\/jpeg"}],"author":"webdo.tn","twitter_card":"summary_large_image","twitter_creator":"@webdo_tn","twitter_site":"@webdo_tn","twitter_misc":{"\u00c9crit par":"webdo.tn","Dur\u00e9e de lecture estim\u00e9e":"2 minutes"},"schema":{"@context":"https:\/\/schema.org","@graph":[{"@type":"NewsArticle","@id":"https:\/\/www.webdo.tn\/fr\/actualite\/economie\/30-entreprises-francaises-a-la-rencontre-des-pme-tunisiennes-lors-du-forum-de-partenariat-france-tunisie\/185751\/#article","isPartOf":{"@id":"https:\/\/www.webdo.tn\/fr\/actualite\/economie\/30-entreprises-francaises-a-la-rencontre-des-pme-tunisiennes-lors-du-forum-de-partenariat-france-tunisie\/185751\/"},"author":{"name":"webdo.tn","@id":"https:\/\/www.webdo.tn\/fr\/#\/schema\/person\/9a9c6118d687c117df8ef3cc36a4d175"},"headline":"30 entreprises fran\u00e7aises \u00e0 la rencontre des PME tunisiennes lors du forum de partenariat France-Tunisie","datePublished":"2015-06-03T12:45:00+00:00","mainEntityOfPage":{"@id":"https:\/\/www.webdo.tn\/fr\/actualite\/economie\/30-entreprises-francaises-a-la-rencontre-des-pme-tunisiennes-lors-du-forum-de-partenariat-france-tunisie\/185751\/"},"wordCount":476,"commentCount":0,"publisher":{"@id":"https:\/\/www.webdo.tn\/fr\/#organization"},"image":{"@id":"https:\/\/www.webdo.tn\/fr\/actualite\/economie\/30-entreprises-francaises-a-la-rencontre-des-pme-tunisiennes-lors-du-forum-de-partenariat-france-tunisie\/185751\/#primaryimage"},"thumbnailUrl":"https:\/\/www.webdo.tn\/fr\/wp-content\/uploads\/2015\/06\/ambassade-france-6.jpg","keywords":["guerre"],"articleSection":["Economie"],"inLanguage":"fr-FR"},{"@type":"WebPage","@id":"https:\/\/www.webdo.tn\/fr\/actualite\/economie\/30-entreprises-francaises-a-la-rencontre-des-pme-tunisiennes-lors-du-forum-de-partenariat-france-tunisie\/185751\/","url":"https:\/\/www.webdo.tn\/fr\/actualite\/economie\/30-entreprises-francaises-a-la-rencontre-des-pme-tunisiennes-lors-du-forum-de-partenariat-france-tunisie\/185751\/","name":"30 entreprises fran\u00e7aises \u00e0 la rencontre des PME tunisiennes lors du forum de partenariat France-Tunisie","isPartOf":{"@id":"https:\/\/www.webdo.tn\/fr\/#website"},"primaryImageOfPage":{"@id":"https:\/\/www.webdo.tn\/fr\/actualite\/economie\/30-entreprises-francaises-a-la-rencontre-des-pme-tunisiennes-lors-du-forum-de-partenariat-france-tunisie\/185751\/#primaryimage"},"image":{"@id":"https:\/\/www.webdo.tn\/fr\/actualite\/economie\/30-entreprises-francaises-a-la-rencontre-des-pme-tunisiennes-lors-du-forum-de-partenariat-france-tunisie\/185751\/#primaryimage"},"thumbnailUrl":"https:\/\/www.webdo.tn\/fr\/wp-content\/uploads\/2015\/06\/ambassade-france-6.jpg","datePublished":"2015-06-03T12:45:00+00:00","description":"30 entreprises fran\u00e7aises \u00e0 la rencontre des PME tunisiennes lors du forum de partenariat France-Tunisie","breadcrumb":{"@id":"https:\/\/www.webdo.tn\/fr\/actualite\/economie\/30-entreprises-francaises-a-la-rencontre-des-pme-tunisiennes-lors-du-forum-de-partenariat-france-tunisie\/185751\/#breadcrumb"},"inLanguage":"fr-FR","potentialAction":[{"@type":"ReadAction","target":["https:\/\/www.webdo.tn\/fr\/actualite\/economie\/30-entreprises-francaises-a-la-rencontre-des-pme-tunisiennes-lors-du-forum-de-partenariat-france-tunisie\/185751\/"]}]},{"@type":"ImageObject","inLanguage":"fr-FR","@id":"https:\/\/www.webdo.tn\/fr\/actualite\/economie\/30-entreprises-francaises-a-la-rencontre-des-pme-tunisiennes-lors-du-forum-de-partenariat-france-tunisie\/185751\/#primaryimage","url":"https:\/\/www.webdo.tn\/fr\/wp-content\/uploads\/2015\/06\/ambassade-france-6.jpg","contentUrl":"https:\/\/www.webdo.tn\/fr\/wp-content\/uploads\/2015\/06\/ambassade-france-6.jpg","width":600,"height":347,"caption":"30 entreprises fran\u00e7aises \u00e0 la rencontre des PME tunisiennes lors du forum de partenariat France-Tunisie"},{"@type":"BreadcrumbList","@id":"https:\/\/www.webdo.tn\/fr\/actualite\/economie\/30-entreprises-francaises-a-la-rencontre-des-pme-tunisiennes-lors-du-forum-de-partenariat-france-tunisie\/185751\/#breadcrumb","itemListElement":[{"@type":"ListItem","position":1,"name":"Accueil","item":"https:\/\/www.webdo.tn\/fr\/"},{"@type":"ListItem","position":2,"name":"30 entreprises fran\u00e7aises \u00e0 la rencontre des PME tunisiennes lors du forum de partenariat France-Tunisie"}]},{"@type":"WebSite","@id":"https:\/\/www.webdo.tn\/fr\/#website","url":"https:\/\/www.webdo.tn\/fr\/","name":"webdo","description":"Tunisie - News en Tunisie et \u00e0 l&#039;international sur Webdo.tn","publisher":{"@id":"https:\/\/www.webdo.tn\/fr\/#organization"},"potentialAction":[{"@type":"SearchAction","target":{"@type":"EntryPoint","urlTemplate":"https:\/\/www.webdo.tn\/fr\/?s={search_term_string}"},"query-input":{"@type":"PropertyValueSpecification","valueRequired":true,"valueName":"search_term_string"}}],"inLanguage":"fr-FR"},{"@type":"Organization","@id":"https:\/\/www.webdo.tn\/fr\/#organization","name":"Webdo","alternateName":"Webdo.tn","url":"https:\/\/www.webdo.tn\/fr\/","logo":{"@type":"ImageObject","inLanguage":"fr-FR","@id":"https:\/\/www.webdo.tn\/fr\/#\/schema\/logo\/image\/","url":"https:\/\/www.webdo.tn\/fr\/wp-content\/uploads\/2025\/06\/Webdo-Tunisie_168377.jpg","contentUrl":"https:\/\/www.webdo.tn\/fr\/wp-content\/uploads\/2025\/06\/Webdo-Tunisie_168377.jpg","width":301,"height":301,"caption":"Webdo"},"image":{"@id":"https:\/\/www.webdo.tn\/fr\/#\/schema\/logo\/image\/"},"sameAs":["https:\/\/www.facebook.com\/webdotn","https:\/\/x.com\/webdo_tn"],"description":"Webdo est un m\u00e9dia num\u00e9rique tunisien fond\u00e9 en 2010, sp\u00e9cialis\u00e9 dans l\u2019actualit\u00e9 nationale et internationale, l\u2019\u00e9conomie, la soci\u00e9t\u00e9 et les analyses politiques. Le site s\u2019adresse \u00e0 un large public francophone et couvre l\u2019information tunisienne en temps r\u00e9el.","email":"redac@webdo.tn","legalName":"YNJ SARL","foundingDate":"2010-09-06","numberOfEmployees":{"@type":"QuantitativeValue","minValue":"11","maxValue":"50"}},{"@type":"Person","@id":"https:\/\/www.webdo.tn\/fr\/#\/schema\/person\/9a9c6118d687c117df8ef3cc36a4d175","name":"webdo.tn","image":{"@type":"ImageObject","inLanguage":"fr-FR","@id":"https:\/\/secure.gravatar.com\/avatar\/7ce1f28c0c3bbac99ff550b85ef8e44a6950c6ee24514fb6a5489e51d06f0298?s=96&d=mm&r=g","url":"https:\/\/secure.gravatar.com\/avatar\/7ce1f28c0c3bbac99ff550b85ef8e44a6950c6ee24514fb6a5489e51d06f0298?s=96&d=mm&r=g","contentUrl":"https:\/\/secure.gravatar.com\/avatar\/7ce1f28c0c3bbac99ff550b85ef8e44a6950c6ee24514fb6a5489e51d06f0298?s=96&d=mm&r=g","caption":"webdo.tn"},"url":"https:\/\/www.webdo.tn\/fr\/actualite\/author\/webdotn\/"}]}},"_links":{"self":[{"href":"https:\/\/www.webdo.tn\/fr\/wp-json\/wp\/v2\/posts\/185751","targetHints":{"allow":["GET"]}}],"collection":[{"href":"https:\/\/www.webdo.tn\/fr\/wp-json\/wp\/v2\/posts"}],"about":[{"href":"https:\/\/www.webdo.tn\/fr\/wp-json\/wp\/v2\/types\/post"}],"author":[{"embeddable":true,"href":"https:\/\/www.webdo.tn\/fr\/wp-json\/wp\/v2\/users\/3222"}],"replies":[{"embeddable":true,"href":"https:\/\/www.webdo.tn\/fr\/wp-json\/wp\/v2\/comments?post=185751"}],"version-history":[{"count":0,"href":"https:\/\/www.webdo.tn\/fr\/wp-json\/wp\/v2\/posts\/185751\/revisions"}],"wp:featuredmedia":[{"embeddable":true,"href":"https:\/\/www.webdo.tn\/fr\/wp-json\/wp\/v2\/media\/318124"}],"wp:attachment":[{"href":"https:\/\/www.webdo.tn\/fr\/wp-json\/wp\/v2\/media?parent=185751"}],"wp:term":[{"taxonomy":"category","embeddable":true,"href":"https:\/\/www.webdo.tn\/fr\/wp-json\/wp\/v2\/categories?post=185751"},{"taxonomy":"post_tag","embeddable":true,"href":"https:\/\/www.webdo.tn\/fr\/wp-json\/wp\/v2\/tags?post=185751"}],"curies":[{"name":"wp","href":"https:\/\/api.w.org\/{rel}","templated":true}]}}