{"id":185750,"date":"2015-06-04T11:17:00","date_gmt":"2015-06-04T11:17:00","guid":{"rendered":"https:\/\/www.webdo.tn\/fr\/actualite\/blog\/la-banque-mondiale-prepare-une-etude-sur-la-pauvrete-en-tunisie\/185750\/"},"modified":"2025-05-22T12:55:30","modified_gmt":"2025-05-22T12:55:30","slug":"la-banque-mondiale-prepare-une-etude-sur-la-pauvrete-en-tunisie","status":"publish","type":"post","link":"https:\/\/www.webdo.tn\/fr\/actualite\/economie\/la-banque-mondiale-prepare-une-etude-sur-la-pauvrete-en-tunisie\/185750\/","title":{"rendered":"La Banque mondiale pr\u00e9pare une \u00e9tude sur la pauvret\u00e9 en Tunisie"},"content":{"rendered":"<p>Eileen Murray, repr\u00e9sentante de la banque mondiale en Tunisie, a fait savoir mercredi 3 juin qu&rsquo;une \u00e9tude sur la pauvret\u00e9 en Tunisie \u00e9tait en train d&rsquo;\u00eatre \u00e9labor\u00e9e.<\/p>\n<p>Cette \u00e9tude sortira fin 2015 et un premier rapport a \u00e9t\u00e9 pr\u00e9sent\u00e9 par l&rsquo;\u00e9conomiste\u00a0Jean Luc Bernasconi lors d&rsquo;une r\u00e9union avec la Commission des finances. Il regroupe des constatations sur le succ\u00e8s de la transition d\u00e9mocratique et les d\u00e9fis \u00e9conomiques qui attendent la Tunisie pour les prochaines ann\u00e9es :<br \/>\n[quote_box_center]Apr\u00e8s avoir r\u00e9alis\u00e9 avec succ\u00e8s une transition d\u00e9mocratique historique et remarquable, la Tunisie peut maintenant saisir l\u2019occasion unique de lancer les r\u00e9formes \u00e9conomiques et institutionnelles n\u00e9cessaires pour mettre le pays sur la voie d\u2019une croissance plus rapide et plus inclusive,\u00a0stipule le rapport.[\/quote_box_center]<br \/>\nEileen Murray a ajout\u00e9 que la banque mondiale pr\u00e9pare une strat\u00e9gie de travail avec la Tunisie.<\/p>\n","protected":false},"excerpt":{"rendered":"<p>La Banque mondiale pr\u00e9pare une \u00e9tude sur la pauvret\u00e9 en Tunisie<\/p>\n","protected":false},"author":3222,"featured_media":352033,"comment_status":"open","ping_status":"closed","sticky":false,"template":"","format":"standard","meta":{"footnotes":""},"categories":[11334],"tags":[],"class_list":["post-185750","post","type-post","status-publish","format-standard","has-post-thumbnail","hentry","category-economie"],"yoast_head":"<!-- This site is optimized with the Yoast SEO Premium plugin v27.5 (Yoast SEO v27.5) - https:\/\/yoast.com\/product\/yoast-seo-premium-wordpress\/ -->\n<title>La Banque mondiale pr\u00e9pare une \u00e9tude sur la pauvret\u00e9 en Tunisie<\/title>\n<meta name=\"description\" content=\"La Banque mondiale pr\u00e9pare une \u00e9tude sur la pauvret\u00e9 en Tunisie\" \/>\n<link rel=\"canonical\" href=\"https:\/\/www.webdo.tn\/fr\/actualite\/economie\/la-banque-mondiale-prepare-une-etude-sur-la-pauvrete-en-tunisie\/185750\/\" \/>\n<meta property=\"og:locale\" content=\"fr_FR\" \/>\n<meta property=\"og:type\" content=\"article\" \/>\n<meta property=\"og:title\" content=\"La Banque mondiale pr\u00e9pare une \u00e9tude sur la pauvret\u00e9 en Tunisie\" \/>\n<meta property=\"og:description\" content=\"La Banque mondiale pr\u00e9pare une \u00e9tude sur la pauvret\u00e9 en Tunisie\" \/>\n<meta property=\"og:url\" content=\"https:\/\/www.webdo.tn\/fr\/actualite\/economie\/la-banque-mondiale-prepare-une-etude-sur-la-pauvrete-en-tunisie\/185750\/\" \/>\n<meta property=\"og:site_name\" content=\"webdo\" \/>\n<meta property=\"article:publisher\" content=\"https:\/\/www.facebook.com\/webdotn\" \/>\n<meta property=\"article:published_time\" content=\"2015-06-04T11:17:00+00:00\" \/>\n<meta property=\"article:modified_time\" content=\"2025-05-22T12:55:30+00:00\" \/>\n<meta property=\"og:image\" content=\"https:\/\/www.webdo.tn\/fr\/wp-content\/uploads\/2015\/06\/Eileen-Murray.jpg\" \/>\n\t<meta property=\"og:image:width\" content=\"279\" \/>\n\t<meta property=\"og:image:height\" content=\"181\" \/>\n\t<meta property=\"og:image:type\" content=\"image\/jpeg\" \/>\n<meta name=\"author\" content=\"webdo.tn\" \/>\n<meta name=\"twitter:card\" content=\"summary_large_image\" \/>\n<meta name=\"twitter:creator\" content=\"@webdo_tn\" \/>\n<meta name=\"twitter:site\" content=\"@webdo_tn\" \/>\n<meta name=\"twitter:label1\" content=\"\u00c9crit par\" \/>\n\t<meta name=\"twitter:data1\" content=\"webdo.tn\" \/>\n\t<meta name=\"twitter:label2\" content=\"Dur\u00e9e de lecture estim\u00e9e\" \/>\n\t<meta name=\"twitter:data2\" content=\"1 minute\" \/>\n<script type=\"application\/ld+json\" class=\"yoast-schema-graph\">{\"@context\":\"https:\\\/\\\/schema.org\",\"@graph\":[{\"@type\":\"NewsArticle\",\"@id\":\"https:\\\/\\\/www.webdo.tn\\\/fr\\\/actualite\\\/economie\\\/la-banque-mondiale-prepare-une-etude-sur-la-pauvrete-en-tunisie\\\/185750\\\/#article\",\"isPartOf\":{\"@id\":\"https:\\\/\\\/www.webdo.tn\\\/fr\\\/actualite\\\/economie\\\/la-banque-mondiale-prepare-une-etude-sur-la-pauvrete-en-tunisie\\\/185750\\\/\"},\"author\":{\"name\":\"webdo.tn\",\"@id\":\"https:\\\/\\\/www.webdo.tn\\\/fr\\\/#\\\/schema\\\/person\\\/9a9c6118d687c117df8ef3cc36a4d175\"},\"headline\":\"La Banque mondiale pr\u00e9pare une \u00e9tude sur la pauvret\u00e9 en Tunisie\",\"datePublished\":\"2015-06-04T11:17:00+00:00\",\"dateModified\":\"2025-05-22T12:55:30+00:00\",\"mainEntityOfPage\":{\"@id\":\"https:\\\/\\\/www.webdo.tn\\\/fr\\\/actualite\\\/economie\\\/la-banque-mondiale-prepare-une-etude-sur-la-pauvrete-en-tunisie\\\/185750\\\/\"},\"wordCount\":172,\"commentCount\":0,\"publisher\":{\"@id\":\"https:\\\/\\\/www.webdo.tn\\\/fr\\\/#organization\"},\"image\":{\"@id\":\"https:\\\/\\\/www.webdo.tn\\\/fr\\\/actualite\\\/economie\\\/la-banque-mondiale-prepare-une-etude-sur-la-pauvrete-en-tunisie\\\/185750\\\/#primaryimage\"},\"thumbnailUrl\":\"https:\\\/\\\/www.webdo.tn\\\/fr\\\/wp-content\\\/uploads\\\/2015\\\/06\\\/Eileen-Murray.jpg\",\"articleSection\":[\"Economie\"],\"inLanguage\":\"fr-FR\"},{\"@type\":\"WebPage\",\"@id\":\"https:\\\/\\\/www.webdo.tn\\\/fr\\\/actualite\\\/economie\\\/la-banque-mondiale-prepare-une-etude-sur-la-pauvrete-en-tunisie\\\/185750\\\/\",\"url\":\"https:\\\/\\\/www.webdo.tn\\\/fr\\\/actualite\\\/economie\\\/la-banque-mondiale-prepare-une-etude-sur-la-pauvrete-en-tunisie\\\/185750\\\/\",\"name\":\"La Banque mondiale pr\u00e9pare une \u00e9tude sur la pauvret\u00e9 en Tunisie\",\"isPartOf\":{\"@id\":\"https:\\\/\\\/www.webdo.tn\\\/fr\\\/#website\"},\"primaryImageOfPage\":{\"@id\":\"https:\\\/\\\/www.webdo.tn\\\/fr\\\/actualite\\\/economie\\\/la-banque-mondiale-prepare-une-etude-sur-la-pauvrete-en-tunisie\\\/185750\\\/#primaryimage\"},\"image\":{\"@id\":\"https:\\\/\\\/www.webdo.tn\\\/fr\\\/actualite\\\/economie\\\/la-banque-mondiale-prepare-une-etude-sur-la-pauvrete-en-tunisie\\\/185750\\\/#primaryimage\"},\"thumbnailUrl\":\"https:\\\/\\\/www.webdo.tn\\\/fr\\\/wp-content\\\/uploads\\\/2015\\\/06\\\/Eileen-Murray.jpg\",\"datePublished\":\"2015-06-04T11:17:00+00:00\",\"dateModified\":\"2025-05-22T12:55:30+00:00\",\"description\":\"La Banque mondiale pr\u00e9pare une \u00e9tude sur la pauvret\u00e9 en Tunisie\",\"breadcrumb\":{\"@id\":\"https:\\\/\\\/www.webdo.tn\\\/fr\\\/actualite\\\/economie\\\/la-banque-mondiale-prepare-une-etude-sur-la-pauvrete-en-tunisie\\\/185750\\\/#breadcrumb\"},\"inLanguage\":\"fr-FR\",\"potentialAction\":[{\"@type\":\"ReadAction\",\"target\":[\"https:\\\/\\\/www.webdo.tn\\\/fr\\\/actualite\\\/economie\\\/la-banque-mondiale-prepare-une-etude-sur-la-pauvrete-en-tunisie\\\/185750\\\/\"]}]},{\"@type\":\"ImageObject\",\"inLanguage\":\"fr-FR\",\"@id\":\"https:\\\/\\\/www.webdo.tn\\\/fr\\\/actualite\\\/economie\\\/la-banque-mondiale-prepare-une-etude-sur-la-pauvrete-en-tunisie\\\/185750\\\/#primaryimage\",\"url\":\"https:\\\/\\\/www.webdo.tn\\\/fr\\\/wp-content\\\/uploads\\\/2015\\\/06\\\/Eileen-Murray.jpg\",\"contentUrl\":\"https:\\\/\\\/www.webdo.tn\\\/fr\\\/wp-content\\\/uploads\\\/2015\\\/06\\\/Eileen-Murray.jpg\",\"width\":279,\"height\":181,\"caption\":\"La Banque mondiale pr\u00e9pare une \u00e9tude sur la pauvret\u00e9 en Tunisie\"},{\"@type\":\"BreadcrumbList\",\"@id\":\"https:\\\/\\\/www.webdo.tn\\\/fr\\\/actualite\\\/economie\\\/la-banque-mondiale-prepare-une-etude-sur-la-pauvrete-en-tunisie\\\/185750\\\/#breadcrumb\",\"itemListElement\":[{\"@type\":\"ListItem\",\"position\":1,\"name\":\"Accueil\",\"item\":\"https:\\\/\\\/www.webdo.tn\\\/fr\\\/\"},{\"@type\":\"ListItem\",\"position\":2,\"name\":\"La Banque mondiale pr\u00e9pare une \u00e9tude sur la pauvret\u00e9 en Tunisie\"}]},{\"@type\":\"WebSite\",\"@id\":\"https:\\\/\\\/www.webdo.tn\\\/fr\\\/#website\",\"url\":\"https:\\\/\\\/www.webdo.tn\\\/fr\\\/\",\"name\":\"webdo\",\"description\":\"Tunisie - News en Tunisie et \u00e0 l&#039;international sur Webdo.tn\",\"publisher\":{\"@id\":\"https:\\\/\\\/www.webdo.tn\\\/fr\\\/#organization\"},\"potentialAction\":[{\"@type\":\"SearchAction\",\"target\":{\"@type\":\"EntryPoint\",\"urlTemplate\":\"https:\\\/\\\/www.webdo.tn\\\/fr\\\/?s={search_term_string}\"},\"query-input\":{\"@type\":\"PropertyValueSpecification\",\"valueRequired\":true,\"valueName\":\"search_term_string\"}}],\"inLanguage\":\"fr-FR\"},{\"@type\":\"Organization\",\"@id\":\"https:\\\/\\\/www.webdo.tn\\\/fr\\\/#organization\",\"name\":\"Webdo\",\"alternateName\":\"Webdo.tn\",\"url\":\"https:\\\/\\\/www.webdo.tn\\\/fr\\\/\",\"logo\":{\"@type\":\"ImageObject\",\"inLanguage\":\"fr-FR\",\"@id\":\"https:\\\/\\\/www.webdo.tn\\\/fr\\\/#\\\/schema\\\/logo\\\/image\\\/\",\"url\":\"https:\\\/\\\/www.webdo.tn\\\/fr\\\/wp-content\\\/uploads\\\/2025\\\/06\\\/Webdo-Tunisie_168377.jpg\",\"contentUrl\":\"https:\\\/\\\/www.webdo.tn\\\/fr\\\/wp-content\\\/uploads\\\/2025\\\/06\\\/Webdo-Tunisie_168377.jpg\",\"width\":301,\"height\":301,\"caption\":\"Webdo\"},\"image\":{\"@id\":\"https:\\\/\\\/www.webdo.tn\\\/fr\\\/#\\\/schema\\\/logo\\\/image\\\/\"},\"sameAs\":[\"https:\\\/\\\/www.facebook.com\\\/webdotn\",\"https:\\\/\\\/x.com\\\/webdo_tn\"],\"description\":\"Webdo est un m\u00e9dia num\u00e9rique tunisien fond\u00e9 en 2010, sp\u00e9cialis\u00e9 dans l\u2019actualit\u00e9 nationale et internationale, l\u2019\u00e9conomie, la soci\u00e9t\u00e9 et les analyses politiques. Le site s\u2019adresse \u00e0 un large public francophone et couvre l\u2019information tunisienne en temps r\u00e9el.\",\"email\":\"redac@webdo.tn\",\"legalName\":\"YNJ SARL\",\"foundingDate\":\"2010-09-06\",\"numberOfEmployees\":{\"@type\":\"QuantitativeValue\",\"minValue\":\"11\",\"maxValue\":\"50\"}},{\"@type\":\"Person\",\"@id\":\"https:\\\/\\\/www.webdo.tn\\\/fr\\\/#\\\/schema\\\/person\\\/9a9c6118d687c117df8ef3cc36a4d175\",\"name\":\"webdo.tn\",\"image\":{\"@type\":\"ImageObject\",\"inLanguage\":\"fr-FR\",\"@id\":\"https:\\\/\\\/secure.gravatar.com\\\/avatar\\\/7ce1f28c0c3bbac99ff550b85ef8e44a6950c6ee24514fb6a5489e51d06f0298?s=96&d=mm&r=g\",\"url\":\"https:\\\/\\\/secure.gravatar.com\\\/avatar\\\/7ce1f28c0c3bbac99ff550b85ef8e44a6950c6ee24514fb6a5489e51d06f0298?s=96&d=mm&r=g\",\"contentUrl\":\"https:\\\/\\\/secure.gravatar.com\\\/avatar\\\/7ce1f28c0c3bbac99ff550b85ef8e44a6950c6ee24514fb6a5489e51d06f0298?s=96&d=mm&r=g\",\"caption\":\"webdo.tn\"},\"url\":\"https:\\\/\\\/www.webdo.tn\\\/fr\\\/actualite\\\/author\\\/webdotn\\\/\"}]}<\/script>\n<!-- \/ Yoast SEO Premium plugin. -->","yoast_head_json":{"title":"La Banque mondiale pr\u00e9pare une \u00e9tude sur la pauvret\u00e9 en Tunisie","description":"La Banque mondiale pr\u00e9pare une \u00e9tude sur la pauvret\u00e9 en Tunisie","canonical":"https:\/\/www.webdo.tn\/fr\/actualite\/economie\/la-banque-mondiale-prepare-une-etude-sur-la-pauvrete-en-tunisie\/185750\/","og_locale":"fr_FR","og_type":"article","og_title":"La Banque mondiale pr\u00e9pare une \u00e9tude sur la pauvret\u00e9 en Tunisie","og_description":"La Banque mondiale pr\u00e9pare une \u00e9tude sur la pauvret\u00e9 en Tunisie","og_url":"https:\/\/www.webdo.tn\/fr\/actualite\/economie\/la-banque-mondiale-prepare-une-etude-sur-la-pauvrete-en-tunisie\/185750\/","og_site_name":"webdo","article_publisher":"https:\/\/www.facebook.com\/webdotn","article_published_time":"2015-06-04T11:17:00+00:00","article_modified_time":"2025-05-22T12:55:30+00:00","og_image":[{"width":279,"height":181,"url":"https:\/\/www.webdo.tn\/fr\/wp-content\/uploads\/2015\/06\/Eileen-Murray.jpg","type":"image\/jpeg"}],"author":"webdo.tn","twitter_card":"summary_large_image","twitter_creator":"@webdo_tn","twitter_site":"@webdo_tn","twitter_misc":{"\u00c9crit par":"webdo.tn","Dur\u00e9e de lecture estim\u00e9e":"1 minute"},"schema":{"@context":"https:\/\/schema.org","@graph":[{"@type":"NewsArticle","@id":"https:\/\/www.webdo.tn\/fr\/actualite\/economie\/la-banque-mondiale-prepare-une-etude-sur-la-pauvrete-en-tunisie\/185750\/#article","isPartOf":{"@id":"https:\/\/www.webdo.tn\/fr\/actualite\/economie\/la-banque-mondiale-prepare-une-etude-sur-la-pauvrete-en-tunisie\/185750\/"},"author":{"name":"webdo.tn","@id":"https:\/\/www.webdo.tn\/fr\/#\/schema\/person\/9a9c6118d687c117df8ef3cc36a4d175"},"headline":"La Banque mondiale pr\u00e9pare une \u00e9tude sur la pauvret\u00e9 en Tunisie","datePublished":"2015-06-04T11:17:00+00:00","dateModified":"2025-05-22T12:55:30+00:00","mainEntityOfPage":{"@id":"https:\/\/www.webdo.tn\/fr\/actualite\/economie\/la-banque-mondiale-prepare-une-etude-sur-la-pauvrete-en-tunisie\/185750\/"},"wordCount":172,"commentCount":0,"publisher":{"@id":"https:\/\/www.webdo.tn\/fr\/#organization"},"image":{"@id":"https:\/\/www.webdo.tn\/fr\/actualite\/economie\/la-banque-mondiale-prepare-une-etude-sur-la-pauvrete-en-tunisie\/185750\/#primaryimage"},"thumbnailUrl":"https:\/\/www.webdo.tn\/fr\/wp-content\/uploads\/2015\/06\/Eileen-Murray.jpg","articleSection":["Economie"],"inLanguage":"fr-FR"},{"@type":"WebPage","@id":"https:\/\/www.webdo.tn\/fr\/actualite\/economie\/la-banque-mondiale-prepare-une-etude-sur-la-pauvrete-en-tunisie\/185750\/","url":"https:\/\/www.webdo.tn\/fr\/actualite\/economie\/la-banque-mondiale-prepare-une-etude-sur-la-pauvrete-en-tunisie\/185750\/","name":"La Banque mondiale pr\u00e9pare une \u00e9tude sur la pauvret\u00e9 en Tunisie","isPartOf":{"@id":"https:\/\/www.webdo.tn\/fr\/#website"},"primaryImageOfPage":{"@id":"https:\/\/www.webdo.tn\/fr\/actualite\/economie\/la-banque-mondiale-prepare-une-etude-sur-la-pauvrete-en-tunisie\/185750\/#primaryimage"},"image":{"@id":"https:\/\/www.webdo.tn\/fr\/actualite\/economie\/la-banque-mondiale-prepare-une-etude-sur-la-pauvrete-en-tunisie\/185750\/#primaryimage"},"thumbnailUrl":"https:\/\/www.webdo.tn\/fr\/wp-content\/uploads\/2015\/06\/Eileen-Murray.jpg","datePublished":"2015-06-04T11:17:00+00:00","dateModified":"2025-05-22T12:55:30+00:00","description":"La Banque mondiale pr\u00e9pare une \u00e9tude sur la pauvret\u00e9 en Tunisie","breadcrumb":{"@id":"https:\/\/www.webdo.tn\/fr\/actualite\/economie\/la-banque-mondiale-prepare-une-etude-sur-la-pauvrete-en-tunisie\/185750\/#breadcrumb"},"inLanguage":"fr-FR","potentialAction":[{"@type":"ReadAction","target":["https:\/\/www.webdo.tn\/fr\/actualite\/economie\/la-banque-mondiale-prepare-une-etude-sur-la-pauvrete-en-tunisie\/185750\/"]}]},{"@type":"ImageObject","inLanguage":"fr-FR","@id":"https:\/\/www.webdo.tn\/fr\/actualite\/economie\/la-banque-mondiale-prepare-une-etude-sur-la-pauvrete-en-tunisie\/185750\/#primaryimage","url":"https:\/\/www.webdo.tn\/fr\/wp-content\/uploads\/2015\/06\/Eileen-Murray.jpg","contentUrl":"https:\/\/www.webdo.tn\/fr\/wp-content\/uploads\/2015\/06\/Eileen-Murray.jpg","width":279,"height":181,"caption":"La Banque mondiale pr\u00e9pare une \u00e9tude sur la pauvret\u00e9 en Tunisie"},{"@type":"BreadcrumbList","@id":"https:\/\/www.webdo.tn\/fr\/actualite\/economie\/la-banque-mondiale-prepare-une-etude-sur-la-pauvrete-en-tunisie\/185750\/#breadcrumb","itemListElement":[{"@type":"ListItem","position":1,"name":"Accueil","item":"https:\/\/www.webdo.tn\/fr\/"},{"@type":"ListItem","position":2,"name":"La Banque mondiale pr\u00e9pare une \u00e9tude sur la pauvret\u00e9 en Tunisie"}]},{"@type":"WebSite","@id":"https:\/\/www.webdo.tn\/fr\/#website","url":"https:\/\/www.webdo.tn\/fr\/","name":"webdo","description":"Tunisie - News en Tunisie et \u00e0 l&#039;international sur Webdo.tn","publisher":{"@id":"https:\/\/www.webdo.tn\/fr\/#organization"},"potentialAction":[{"@type":"SearchAction","target":{"@type":"EntryPoint","urlTemplate":"https:\/\/www.webdo.tn\/fr\/?s={search_term_string}"},"query-input":{"@type":"PropertyValueSpecification","valueRequired":true,"valueName":"search_term_string"}}],"inLanguage":"fr-FR"},{"@type":"Organization","@id":"https:\/\/www.webdo.tn\/fr\/#organization","name":"Webdo","alternateName":"Webdo.tn","url":"https:\/\/www.webdo.tn\/fr\/","logo":{"@type":"ImageObject","inLanguage":"fr-FR","@id":"https:\/\/www.webdo.tn\/fr\/#\/schema\/logo\/image\/","url":"https:\/\/www.webdo.tn\/fr\/wp-content\/uploads\/2025\/06\/Webdo-Tunisie_168377.jpg","contentUrl":"https:\/\/www.webdo.tn\/fr\/wp-content\/uploads\/2025\/06\/Webdo-Tunisie_168377.jpg","width":301,"height":301,"caption":"Webdo"},"image":{"@id":"https:\/\/www.webdo.tn\/fr\/#\/schema\/logo\/image\/"},"sameAs":["https:\/\/www.facebook.com\/webdotn","https:\/\/x.com\/webdo_tn"],"description":"Webdo est un m\u00e9dia num\u00e9rique tunisien fond\u00e9 en 2010, sp\u00e9cialis\u00e9 dans l\u2019actualit\u00e9 nationale et internationale, l\u2019\u00e9conomie, la soci\u00e9t\u00e9 et les analyses politiques. Le site s\u2019adresse \u00e0 un large public francophone et couvre l\u2019information tunisienne en temps r\u00e9el.","email":"redac@webdo.tn","legalName":"YNJ SARL","foundingDate":"2010-09-06","numberOfEmployees":{"@type":"QuantitativeValue","minValue":"11","maxValue":"50"}},{"@type":"Person","@id":"https:\/\/www.webdo.tn\/fr\/#\/schema\/person\/9a9c6118d687c117df8ef3cc36a4d175","name":"webdo.tn","image":{"@type":"ImageObject","inLanguage":"fr-FR","@id":"https:\/\/secure.gravatar.com\/avatar\/7ce1f28c0c3bbac99ff550b85ef8e44a6950c6ee24514fb6a5489e51d06f0298?s=96&d=mm&r=g","url":"https:\/\/secure.gravatar.com\/avatar\/7ce1f28c0c3bbac99ff550b85ef8e44a6950c6ee24514fb6a5489e51d06f0298?s=96&d=mm&r=g","contentUrl":"https:\/\/secure.gravatar.com\/avatar\/7ce1f28c0c3bbac99ff550b85ef8e44a6950c6ee24514fb6a5489e51d06f0298?s=96&d=mm&r=g","caption":"webdo.tn"},"url":"https:\/\/www.webdo.tn\/fr\/actualite\/author\/webdotn\/"}]}},"_links":{"self":[{"href":"https:\/\/www.webdo.tn\/fr\/wp-json\/wp\/v2\/posts\/185750","targetHints":{"allow":["GET"]}}],"collection":[{"href":"https:\/\/www.webdo.tn\/fr\/wp-json\/wp\/v2\/posts"}],"about":[{"href":"https:\/\/www.webdo.tn\/fr\/wp-json\/wp\/v2\/types\/post"}],"author":[{"embeddable":true,"href":"https:\/\/www.webdo.tn\/fr\/wp-json\/wp\/v2\/users\/3222"}],"replies":[{"embeddable":true,"href":"https:\/\/www.webdo.tn\/fr\/wp-json\/wp\/v2\/comments?post=185750"}],"version-history":[{"count":0,"href":"https:\/\/www.webdo.tn\/fr\/wp-json\/wp\/v2\/posts\/185750\/revisions"}],"wp:featuredmedia":[{"embeddable":true,"href":"https:\/\/www.webdo.tn\/fr\/wp-json\/wp\/v2\/media\/352033"}],"wp:attachment":[{"href":"https:\/\/www.webdo.tn\/fr\/wp-json\/wp\/v2\/media?parent=185750"}],"wp:term":[{"taxonomy":"category","embeddable":true,"href":"https:\/\/www.webdo.tn\/fr\/wp-json\/wp\/v2\/categories?post=185750"},{"taxonomy":"post_tag","embeddable":true,"href":"https:\/\/www.webdo.tn\/fr\/wp-json\/wp\/v2\/tags?post=185750"}],"curies":[{"name":"wp","href":"https:\/\/api.w.org\/{rel}","templated":true}]}}