{"id":185749,"date":"2017-03-17T08:28:00","date_gmt":"2017-03-17T08:28:00","guid":{"rendered":"https:\/\/www.webdo.tn\/fr\/blog\/economie-vers-lafrique-subsaharienne-a-puissance-5\/185749\/"},"modified":"2025-05-22T13:24:42","modified_gmt":"2025-05-22T13:24:42","slug":"economie-vers-lafrique-subsaharienne-a-puissance-5","status":"publish","type":"post","link":"https:\/\/www.webdo.tn\/fr\/actualite\/economie\/economie-vers-lafrique-subsaharienne-a-puissance-5\/185749\/","title":{"rendered":"Economie : Vers l&rsquo;Afrique subsaharienne \u00e0 la puissance 5 !"},"content":{"rendered":"<p>Dans la perspective d&rsquo;une prochaine reprise, l&rsquo;\u00e9conomie tunisienne poursuit son d\u00e9ploiement sur le continent africain.<\/p>\n<p>A ce titre, la compagnie a\u00e9rienne nationale Tunis Air vient de commencer la desserte de plusieurs capitales subsahariennes.<\/p>\n<p>De m\u00eame, le Centre de promotion des exportations (CEPEX) est en passe d&rsquo;ouvrir cinq nouveaux bureaux dans la r\u00e9gion.<\/p>\n<p>Deux de ces bureaux ouvriront en 2017 \u00e0 Kinshasa, au Congo, et Yaound\u00e9, au Cameroun. Trois autres bureaux qui attendent encore leur localisation seront ensuite ouverts en 2018.<\/p>\n<p>Un nouveau pas vers le continent africain o\u00f9 les perspectives de d\u00e9veloppement \u00e9conomique sont immenses.<\/p>\n","protected":false},"excerpt":{"rendered":"<p>Economie : Vers l&rsquo;Afrique subsaharienne \u00e0 la puissance 5 !<\/p>\n","protected":false},"author":3222,"featured_media":338835,"comment_status":"open","ping_status":"closed","sticky":false,"template":"","format":"standard","meta":{"footnotes":""},"categories":[11334],"tags":[],"class_list":["post-185749","post","type-post","status-publish","format-standard","has-post-thumbnail","hentry","category-economie"],"yoast_head":"<!-- This site is optimized with the Yoast SEO Premium plugin v27.5 (Yoast SEO v27.5) - https:\/\/yoast.com\/product\/yoast-seo-premium-wordpress\/ -->\n<title>Economie : Vers l&#039;Afrique subsaharienne \u00e0 la puissance 5 !<\/title>\n<meta name=\"description\" content=\"Economie : Vers l&#039;Afrique subsaharienne \u00e0 la puissance 5 !\" \/>\n<link rel=\"canonical\" href=\"https:\/\/www.webdo.tn\/fr\/actualite\/economie\/economie-vers-lafrique-subsaharienne-a-puissance-5\/185749\/\" \/>\n<meta property=\"og:locale\" content=\"fr_FR\" \/>\n<meta property=\"og:type\" content=\"article\" \/>\n<meta property=\"og:title\" content=\"Economie : Vers l&#039;Afrique subsaharienne \u00e0 la puissance 5 !\" \/>\n<meta property=\"og:description\" content=\"Economie : Vers l&#039;Afrique subsaharienne \u00e0 la puissance 5 !\" \/>\n<meta property=\"og:url\" content=\"https:\/\/www.webdo.tn\/fr\/actualite\/economie\/economie-vers-lafrique-subsaharienne-a-puissance-5\/185749\/\" \/>\n<meta property=\"og:site_name\" content=\"webdo\" \/>\n<meta property=\"article:publisher\" content=\"https:\/\/www.facebook.com\/webdotn\" \/>\n<meta property=\"article:published_time\" content=\"2017-03-17T08:28:00+00:00\" \/>\n<meta property=\"article:modified_time\" content=\"2025-05-22T13:24:42+00:00\" \/>\n<meta property=\"og:image\" content=\"https:\/\/www.webdo.tn\/fr\/wp-content\/uploads\/2017\/03\/afrique-subsaharienne.gif\" \/>\n\t<meta property=\"og:image:width\" content=\"448\" \/>\n\t<meta property=\"og:image:height\" content=\"419\" \/>\n\t<meta property=\"og:image:type\" content=\"image\/gif\" \/>\n<meta name=\"author\" content=\"webdo.tn\" \/>\n<meta name=\"twitter:card\" content=\"summary_large_image\" \/>\n<meta name=\"twitter:creator\" content=\"@webdo_tn\" \/>\n<meta name=\"twitter:site\" content=\"@webdo_tn\" \/>\n<meta name=\"twitter:label1\" content=\"\u00c9crit par\" \/>\n\t<meta name=\"twitter:data1\" content=\"webdo.tn\" \/>\n<script type=\"application\/ld+json\" class=\"yoast-schema-graph\">{\"@context\":\"https:\\\/\\\/schema.org\",\"@graph\":[{\"@type\":\"NewsArticle\",\"@id\":\"https:\\\/\\\/www.webdo.tn\\\/fr\\\/actualite\\\/economie\\\/economie-vers-lafrique-subsaharienne-a-puissance-5\\\/185749\\\/#article\",\"isPartOf\":{\"@id\":\"https:\\\/\\\/www.webdo.tn\\\/fr\\\/actualite\\\/economie\\\/economie-vers-lafrique-subsaharienne-a-puissance-5\\\/185749\\\/\"},\"author\":{\"name\":\"webdo.tn\",\"@id\":\"https:\\\/\\\/www.webdo.tn\\\/fr\\\/#\\\/schema\\\/person\\\/9a9c6118d687c117df8ef3cc36a4d175\"},\"headline\":\"Economie : Vers l&rsquo;Afrique subsaharienne \u00e0 la puissance 5 !\",\"datePublished\":\"2017-03-17T08:28:00+00:00\",\"dateModified\":\"2025-05-22T13:24:42+00:00\",\"mainEntityOfPage\":{\"@id\":\"https:\\\/\\\/www.webdo.tn\\\/fr\\\/actualite\\\/economie\\\/economie-vers-lafrique-subsaharienne-a-puissance-5\\\/185749\\\/\"},\"wordCount\":107,\"commentCount\":0,\"publisher\":{\"@id\":\"https:\\\/\\\/www.webdo.tn\\\/fr\\\/#organization\"},\"image\":{\"@id\":\"https:\\\/\\\/www.webdo.tn\\\/fr\\\/actualite\\\/economie\\\/economie-vers-lafrique-subsaharienne-a-puissance-5\\\/185749\\\/#primaryimage\"},\"thumbnailUrl\":\"https:\\\/\\\/www.webdo.tn\\\/fr\\\/wp-content\\\/uploads\\\/2017\\\/03\\\/afrique-subsaharienne.gif\",\"articleSection\":[\"Economie\"],\"inLanguage\":\"fr-FR\"},{\"@type\":\"WebPage\",\"@id\":\"https:\\\/\\\/www.webdo.tn\\\/fr\\\/actualite\\\/economie\\\/economie-vers-lafrique-subsaharienne-a-puissance-5\\\/185749\\\/\",\"url\":\"https:\\\/\\\/www.webdo.tn\\\/fr\\\/actualite\\\/economie\\\/economie-vers-lafrique-subsaharienne-a-puissance-5\\\/185749\\\/\",\"name\":\"Economie : Vers l'Afrique subsaharienne \u00e0 la puissance 5 !\",\"isPartOf\":{\"@id\":\"https:\\\/\\\/www.webdo.tn\\\/fr\\\/#website\"},\"primaryImageOfPage\":{\"@id\":\"https:\\\/\\\/www.webdo.tn\\\/fr\\\/actualite\\\/economie\\\/economie-vers-lafrique-subsaharienne-a-puissance-5\\\/185749\\\/#primaryimage\"},\"image\":{\"@id\":\"https:\\\/\\\/www.webdo.tn\\\/fr\\\/actualite\\\/economie\\\/economie-vers-lafrique-subsaharienne-a-puissance-5\\\/185749\\\/#primaryimage\"},\"thumbnailUrl\":\"https:\\\/\\\/www.webdo.tn\\\/fr\\\/wp-content\\\/uploads\\\/2017\\\/03\\\/afrique-subsaharienne.gif\",\"datePublished\":\"2017-03-17T08:28:00+00:00\",\"dateModified\":\"2025-05-22T13:24:42+00:00\",\"description\":\"Economie : Vers l'Afrique subsaharienne \u00e0 la puissance 5 !\",\"breadcrumb\":{\"@id\":\"https:\\\/\\\/www.webdo.tn\\\/fr\\\/actualite\\\/economie\\\/economie-vers-lafrique-subsaharienne-a-puissance-5\\\/185749\\\/#breadcrumb\"},\"inLanguage\":\"fr-FR\",\"potentialAction\":[{\"@type\":\"ReadAction\",\"target\":[\"https:\\\/\\\/www.webdo.tn\\\/fr\\\/actualite\\\/economie\\\/economie-vers-lafrique-subsaharienne-a-puissance-5\\\/185749\\\/\"]}]},{\"@type\":\"ImageObject\",\"inLanguage\":\"fr-FR\",\"@id\":\"https:\\\/\\\/www.webdo.tn\\\/fr\\\/actualite\\\/economie\\\/economie-vers-lafrique-subsaharienne-a-puissance-5\\\/185749\\\/#primaryimage\",\"url\":\"https:\\\/\\\/www.webdo.tn\\\/fr\\\/wp-content\\\/uploads\\\/2017\\\/03\\\/afrique-subsaharienne.gif\",\"contentUrl\":\"https:\\\/\\\/www.webdo.tn\\\/fr\\\/wp-content\\\/uploads\\\/2017\\\/03\\\/afrique-subsaharienne.gif\",\"width\":448,\"height\":419,\"caption\":\"Economie : Vers l'Afrique subsaharienne \u00e0 la puissance 5 !\"},{\"@type\":\"BreadcrumbList\",\"@id\":\"https:\\\/\\\/www.webdo.tn\\\/fr\\\/actualite\\\/economie\\\/economie-vers-lafrique-subsaharienne-a-puissance-5\\\/185749\\\/#breadcrumb\",\"itemListElement\":[{\"@type\":\"ListItem\",\"position\":1,\"name\":\"Accueil\",\"item\":\"https:\\\/\\\/www.webdo.tn\\\/fr\\\/\"},{\"@type\":\"ListItem\",\"position\":2,\"name\":\"Economie : Vers l&rsquo;Afrique subsaharienne \u00e0 la puissance 5 !\"}]},{\"@type\":\"WebSite\",\"@id\":\"https:\\\/\\\/www.webdo.tn\\\/fr\\\/#website\",\"url\":\"https:\\\/\\\/www.webdo.tn\\\/fr\\\/\",\"name\":\"webdo\",\"description\":\"Tunisie - News en Tunisie et \u00e0 l&#039;international sur Webdo.tn\",\"publisher\":{\"@id\":\"https:\\\/\\\/www.webdo.tn\\\/fr\\\/#organization\"},\"potentialAction\":[{\"@type\":\"SearchAction\",\"target\":{\"@type\":\"EntryPoint\",\"urlTemplate\":\"https:\\\/\\\/www.webdo.tn\\\/fr\\\/?s={search_term_string}\"},\"query-input\":{\"@type\":\"PropertyValueSpecification\",\"valueRequired\":true,\"valueName\":\"search_term_string\"}}],\"inLanguage\":\"fr-FR\"},{\"@type\":\"Organization\",\"@id\":\"https:\\\/\\\/www.webdo.tn\\\/fr\\\/#organization\",\"name\":\"Webdo\",\"alternateName\":\"Webdo.tn\",\"url\":\"https:\\\/\\\/www.webdo.tn\\\/fr\\\/\",\"logo\":{\"@type\":\"ImageObject\",\"inLanguage\":\"fr-FR\",\"@id\":\"https:\\\/\\\/www.webdo.tn\\\/fr\\\/#\\\/schema\\\/logo\\\/image\\\/\",\"url\":\"https:\\\/\\\/www.webdo.tn\\\/fr\\\/wp-content\\\/uploads\\\/2025\\\/06\\\/Webdo-Tunisie_168377.jpg\",\"contentUrl\":\"https:\\\/\\\/www.webdo.tn\\\/fr\\\/wp-content\\\/uploads\\\/2025\\\/06\\\/Webdo-Tunisie_168377.jpg\",\"width\":301,\"height\":301,\"caption\":\"Webdo\"},\"image\":{\"@id\":\"https:\\\/\\\/www.webdo.tn\\\/fr\\\/#\\\/schema\\\/logo\\\/image\\\/\"},\"sameAs\":[\"https:\\\/\\\/www.facebook.com\\\/webdotn\",\"https:\\\/\\\/x.com\\\/webdo_tn\"],\"description\":\"Webdo est un m\u00e9dia num\u00e9rique tunisien fond\u00e9 en 2010, sp\u00e9cialis\u00e9 dans l\u2019actualit\u00e9 nationale et internationale, l\u2019\u00e9conomie, la soci\u00e9t\u00e9 et les analyses politiques. Le site s\u2019adresse \u00e0 un large public francophone et couvre l\u2019information tunisienne en temps r\u00e9el.\",\"email\":\"redac@webdo.tn\",\"legalName\":\"YNJ SARL\",\"foundingDate\":\"2010-09-06\",\"numberOfEmployees\":{\"@type\":\"QuantitativeValue\",\"minValue\":\"11\",\"maxValue\":\"50\"}},{\"@type\":\"Person\",\"@id\":\"https:\\\/\\\/www.webdo.tn\\\/fr\\\/#\\\/schema\\\/person\\\/9a9c6118d687c117df8ef3cc36a4d175\",\"name\":\"webdo.tn\",\"image\":{\"@type\":\"ImageObject\",\"inLanguage\":\"fr-FR\",\"@id\":\"https:\\\/\\\/secure.gravatar.com\\\/avatar\\\/7ce1f28c0c3bbac99ff550b85ef8e44a6950c6ee24514fb6a5489e51d06f0298?s=96&d=mm&r=g\",\"url\":\"https:\\\/\\\/secure.gravatar.com\\\/avatar\\\/7ce1f28c0c3bbac99ff550b85ef8e44a6950c6ee24514fb6a5489e51d06f0298?s=96&d=mm&r=g\",\"contentUrl\":\"https:\\\/\\\/secure.gravatar.com\\\/avatar\\\/7ce1f28c0c3bbac99ff550b85ef8e44a6950c6ee24514fb6a5489e51d06f0298?s=96&d=mm&r=g\",\"caption\":\"webdo.tn\"},\"url\":\"https:\\\/\\\/www.webdo.tn\\\/fr\\\/actualite\\\/author\\\/webdotn\\\/\"}]}<\/script>\n<!-- \/ Yoast SEO Premium plugin. -->","yoast_head_json":{"title":"Economie : Vers l'Afrique subsaharienne \u00e0 la puissance 5 !","description":"Economie : Vers l'Afrique subsaharienne \u00e0 la puissance 5 !","canonical":"https:\/\/www.webdo.tn\/fr\/actualite\/economie\/economie-vers-lafrique-subsaharienne-a-puissance-5\/185749\/","og_locale":"fr_FR","og_type":"article","og_title":"Economie : Vers l'Afrique subsaharienne \u00e0 la puissance 5 !","og_description":"Economie : Vers l'Afrique subsaharienne \u00e0 la puissance 5 !","og_url":"https:\/\/www.webdo.tn\/fr\/actualite\/economie\/economie-vers-lafrique-subsaharienne-a-puissance-5\/185749\/","og_site_name":"webdo","article_publisher":"https:\/\/www.facebook.com\/webdotn","article_published_time":"2017-03-17T08:28:00+00:00","article_modified_time":"2025-05-22T13:24:42+00:00","og_image":[{"width":448,"height":419,"url":"https:\/\/www.webdo.tn\/fr\/wp-content\/uploads\/2017\/03\/afrique-subsaharienne.gif","type":"image\/gif"}],"author":"webdo.tn","twitter_card":"summary_large_image","twitter_creator":"@webdo_tn","twitter_site":"@webdo_tn","twitter_misc":{"\u00c9crit par":"webdo.tn"},"schema":{"@context":"https:\/\/schema.org","@graph":[{"@type":"NewsArticle","@id":"https:\/\/www.webdo.tn\/fr\/actualite\/economie\/economie-vers-lafrique-subsaharienne-a-puissance-5\/185749\/#article","isPartOf":{"@id":"https:\/\/www.webdo.tn\/fr\/actualite\/economie\/economie-vers-lafrique-subsaharienne-a-puissance-5\/185749\/"},"author":{"name":"webdo.tn","@id":"https:\/\/www.webdo.tn\/fr\/#\/schema\/person\/9a9c6118d687c117df8ef3cc36a4d175"},"headline":"Economie : Vers l&rsquo;Afrique subsaharienne \u00e0 la puissance 5 !","datePublished":"2017-03-17T08:28:00+00:00","dateModified":"2025-05-22T13:24:42+00:00","mainEntityOfPage":{"@id":"https:\/\/www.webdo.tn\/fr\/actualite\/economie\/economie-vers-lafrique-subsaharienne-a-puissance-5\/185749\/"},"wordCount":107,"commentCount":0,"publisher":{"@id":"https:\/\/www.webdo.tn\/fr\/#organization"},"image":{"@id":"https:\/\/www.webdo.tn\/fr\/actualite\/economie\/economie-vers-lafrique-subsaharienne-a-puissance-5\/185749\/#primaryimage"},"thumbnailUrl":"https:\/\/www.webdo.tn\/fr\/wp-content\/uploads\/2017\/03\/afrique-subsaharienne.gif","articleSection":["Economie"],"inLanguage":"fr-FR"},{"@type":"WebPage","@id":"https:\/\/www.webdo.tn\/fr\/actualite\/economie\/economie-vers-lafrique-subsaharienne-a-puissance-5\/185749\/","url":"https:\/\/www.webdo.tn\/fr\/actualite\/economie\/economie-vers-lafrique-subsaharienne-a-puissance-5\/185749\/","name":"Economie : Vers l'Afrique subsaharienne \u00e0 la puissance 5 !","isPartOf":{"@id":"https:\/\/www.webdo.tn\/fr\/#website"},"primaryImageOfPage":{"@id":"https:\/\/www.webdo.tn\/fr\/actualite\/economie\/economie-vers-lafrique-subsaharienne-a-puissance-5\/185749\/#primaryimage"},"image":{"@id":"https:\/\/www.webdo.tn\/fr\/actualite\/economie\/economie-vers-lafrique-subsaharienne-a-puissance-5\/185749\/#primaryimage"},"thumbnailUrl":"https:\/\/www.webdo.tn\/fr\/wp-content\/uploads\/2017\/03\/afrique-subsaharienne.gif","datePublished":"2017-03-17T08:28:00+00:00","dateModified":"2025-05-22T13:24:42+00:00","description":"Economie : Vers l'Afrique subsaharienne \u00e0 la puissance 5 !","breadcrumb":{"@id":"https:\/\/www.webdo.tn\/fr\/actualite\/economie\/economie-vers-lafrique-subsaharienne-a-puissance-5\/185749\/#breadcrumb"},"inLanguage":"fr-FR","potentialAction":[{"@type":"ReadAction","target":["https:\/\/www.webdo.tn\/fr\/actualite\/economie\/economie-vers-lafrique-subsaharienne-a-puissance-5\/185749\/"]}]},{"@type":"ImageObject","inLanguage":"fr-FR","@id":"https:\/\/www.webdo.tn\/fr\/actualite\/economie\/economie-vers-lafrique-subsaharienne-a-puissance-5\/185749\/#primaryimage","url":"https:\/\/www.webdo.tn\/fr\/wp-content\/uploads\/2017\/03\/afrique-subsaharienne.gif","contentUrl":"https:\/\/www.webdo.tn\/fr\/wp-content\/uploads\/2017\/03\/afrique-subsaharienne.gif","width":448,"height":419,"caption":"Economie : Vers l'Afrique subsaharienne \u00e0 la puissance 5 !"},{"@type":"BreadcrumbList","@id":"https:\/\/www.webdo.tn\/fr\/actualite\/economie\/economie-vers-lafrique-subsaharienne-a-puissance-5\/185749\/#breadcrumb","itemListElement":[{"@type":"ListItem","position":1,"name":"Accueil","item":"https:\/\/www.webdo.tn\/fr\/"},{"@type":"ListItem","position":2,"name":"Economie : Vers l&rsquo;Afrique subsaharienne \u00e0 la puissance 5 !"}]},{"@type":"WebSite","@id":"https:\/\/www.webdo.tn\/fr\/#website","url":"https:\/\/www.webdo.tn\/fr\/","name":"webdo","description":"Tunisie - News en Tunisie et \u00e0 l&#039;international sur Webdo.tn","publisher":{"@id":"https:\/\/www.webdo.tn\/fr\/#organization"},"potentialAction":[{"@type":"SearchAction","target":{"@type":"EntryPoint","urlTemplate":"https:\/\/www.webdo.tn\/fr\/?s={search_term_string}"},"query-input":{"@type":"PropertyValueSpecification","valueRequired":true,"valueName":"search_term_string"}}],"inLanguage":"fr-FR"},{"@type":"Organization","@id":"https:\/\/www.webdo.tn\/fr\/#organization","name":"Webdo","alternateName":"Webdo.tn","url":"https:\/\/www.webdo.tn\/fr\/","logo":{"@type":"ImageObject","inLanguage":"fr-FR","@id":"https:\/\/www.webdo.tn\/fr\/#\/schema\/logo\/image\/","url":"https:\/\/www.webdo.tn\/fr\/wp-content\/uploads\/2025\/06\/Webdo-Tunisie_168377.jpg","contentUrl":"https:\/\/www.webdo.tn\/fr\/wp-content\/uploads\/2025\/06\/Webdo-Tunisie_168377.jpg","width":301,"height":301,"caption":"Webdo"},"image":{"@id":"https:\/\/www.webdo.tn\/fr\/#\/schema\/logo\/image\/"},"sameAs":["https:\/\/www.facebook.com\/webdotn","https:\/\/x.com\/webdo_tn"],"description":"Webdo est un m\u00e9dia num\u00e9rique tunisien fond\u00e9 en 2010, sp\u00e9cialis\u00e9 dans l\u2019actualit\u00e9 nationale et internationale, l\u2019\u00e9conomie, la soci\u00e9t\u00e9 et les analyses politiques. Le site s\u2019adresse \u00e0 un large public francophone et couvre l\u2019information tunisienne en temps r\u00e9el.","email":"redac@webdo.tn","legalName":"YNJ SARL","foundingDate":"2010-09-06","numberOfEmployees":{"@type":"QuantitativeValue","minValue":"11","maxValue":"50"}},{"@type":"Person","@id":"https:\/\/www.webdo.tn\/fr\/#\/schema\/person\/9a9c6118d687c117df8ef3cc36a4d175","name":"webdo.tn","image":{"@type":"ImageObject","inLanguage":"fr-FR","@id":"https:\/\/secure.gravatar.com\/avatar\/7ce1f28c0c3bbac99ff550b85ef8e44a6950c6ee24514fb6a5489e51d06f0298?s=96&d=mm&r=g","url":"https:\/\/secure.gravatar.com\/avatar\/7ce1f28c0c3bbac99ff550b85ef8e44a6950c6ee24514fb6a5489e51d06f0298?s=96&d=mm&r=g","contentUrl":"https:\/\/secure.gravatar.com\/avatar\/7ce1f28c0c3bbac99ff550b85ef8e44a6950c6ee24514fb6a5489e51d06f0298?s=96&d=mm&r=g","caption":"webdo.tn"},"url":"https:\/\/www.webdo.tn\/fr\/actualite\/author\/webdotn\/"}]}},"_links":{"self":[{"href":"https:\/\/www.webdo.tn\/fr\/wp-json\/wp\/v2\/posts\/185749","targetHints":{"allow":["GET"]}}],"collection":[{"href":"https:\/\/www.webdo.tn\/fr\/wp-json\/wp\/v2\/posts"}],"about":[{"href":"https:\/\/www.webdo.tn\/fr\/wp-json\/wp\/v2\/types\/post"}],"author":[{"embeddable":true,"href":"https:\/\/www.webdo.tn\/fr\/wp-json\/wp\/v2\/users\/3222"}],"replies":[{"embeddable":true,"href":"https:\/\/www.webdo.tn\/fr\/wp-json\/wp\/v2\/comments?post=185749"}],"version-history":[{"count":0,"href":"https:\/\/www.webdo.tn\/fr\/wp-json\/wp\/v2\/posts\/185749\/revisions"}],"wp:featuredmedia":[{"embeddable":true,"href":"https:\/\/www.webdo.tn\/fr\/wp-json\/wp\/v2\/media\/338835"}],"wp:attachment":[{"href":"https:\/\/www.webdo.tn\/fr\/wp-json\/wp\/v2\/media?parent=185749"}],"wp:term":[{"taxonomy":"category","embeddable":true,"href":"https:\/\/www.webdo.tn\/fr\/wp-json\/wp\/v2\/categories?post=185749"},{"taxonomy":"post_tag","embeddable":true,"href":"https:\/\/www.webdo.tn\/fr\/wp-json\/wp\/v2\/tags?post=185749"}],"curies":[{"name":"wp","href":"https:\/\/api.w.org\/{rel}","templated":true}]}}