{"id":185424,"date":"2014-08-12T17:45:00","date_gmt":"2014-08-12T15:45:00","guid":{"rendered":"https:\/\/www.webdo.tn\/fr\/actualite\/transition\/tunisie-isie-il-nest-possible-damender-loi-electorale\/185424"},"modified":"2025-06-04T18:17:56","modified_gmt":"2025-06-04T18:17:56","slug":"tunisie-isie-il-nest-possible-damender-loi-electorale","status":"publish","type":"post","link":"https:\/\/www.webdo.tn\/fr\/actualite\/transition\/tunisie-isie-il-nest-possible-damender-loi-electorale\/185424\/","title":{"rendered":"ISIE : \u00ab\u00a0Il n&rsquo;est plus possible d&rsquo;amender la loi \u00e9lectorale\u00a0\u00bb"},"content":{"rendered":"<p>\u00c9LECTIONS |\u00a0Plusieurs partis politiques ont manifest\u00e9 leur m\u00e9contentement \u00e0 propos des conditions de candidature\u00a0qu&rsquo;ils estiment excessifs, lors d&rsquo;une r\u00e9union d&rsquo;information et de d\u00e9bats avec l&rsquo;Instance sup\u00e9rieure ind\u00e9pendante pour les \u00c9lections (ISIE), ce mardi 12 ao\u00fbt, \u00e0 l&rsquo;h\u00f4tel Mechtel, \u00e0 Tunis.<\/p>\n<p>Des repr\u00e9sentants de ces partis politiques ont sign\u00e9 et fait circuler une\u00a0p\u00e9tition demandant l&rsquo;amendement de la loi sur les \u00e9lections et le r\u00e9f\u00e9rendum. Kamel Toujani, porte-parole et membre du conseil de l&rsquo;ISIE, nous a pr\u00e9cis\u00e9 que les critiques des partis portent sur :<\/p>\n<p> La caution de dix mille dinars que doit d\u00e9poser tout candidat \u00e0 l&rsquo;\u00e9lection pr\u00e9sidentielle ;<br \/>\n Le retard dans l&rsquo;octroi du bulletin n\u00b03, exig\u00e9 pour le d\u00e9p\u00f4t du dossier de candidature.<\/p>\n<p>\u00ab\u00a0Ils auraient du faire cette demande aupr\u00e8s de l&rsquo;Assembl\u00e9e nationale, et non pas aupr\u00e8s de l&rsquo;ISIE qui n&rsquo;est tenue que d&rsquo;appliquer la loi\u00a0\u00bb, a soulign\u00e9\u00a0\u00a0Kamel Toujani.<\/p>\n<p>M.\u00a0Toujani a d\u00e9clar\u00e9 qu&rsquo;un nombre important de partis politiques ont assist\u00e9 \u00e0 cette r\u00e9union et que, malgr\u00e9 les d\u00e9saccords, il n&rsquo;y\u00a0n&rsquo;a pas eu de probl\u00e8mes. \u00ab\u00a0C&rsquo;est une tension acceptable, vue le\u00a0rapprochement\u00a0de la date des \u00e9lections. Elle n&rsquo;a pas atteint l&rsquo;\u00e9tat d&rsquo;anarchie\u00a0\u00bb, a-t-il nuanc\u00e9.<\/p>\n<p>Il a \u00a0aussi affirm\u00e9 \u00ab\u00a0un possible soutien de la part\u00a0de l&rsquo;ISIE pour\u00a0reformuler la demande de ces partis aupr\u00e8s de la future Assembl\u00e9e du peuple\u00a0\u00bb, si elle juge que ces conditions \u00ab\u00a0touchent \u00e0 la libert\u00e9 de candidature\u00a0\u00bb.<\/p>\n<p>Par contre, il nous a pr\u00e9cis\u00e9 qu'\u00a0\u00bbil n&rsquo;est plus possible, actuellement, d&rsquo;amender la loi \u00e9lectorale [&#8230;] L&rsquo;ouverture du d\u00e9lai de d\u00e9p\u00f4t des candidatures pour les l\u00e9gislatives est fix\u00e9 au 22 ao\u00fbt 2014. Le temps n&rsquo;est plus aux modifications de la loi \u00e9lectorale\u00a0\u00bb, a-t-il rappel\u00e9.<\/p>\n<p>Limit\u00e9s \u00e0 7 jours pour d\u00e9poser leurs dossiers, \u00e0 savoir du 22 au 29 ao\u00fbt, les partis politiques ont contest\u00e9 l\u2019exigence d&rsquo;un bulletin n\u00b0 3 qui n\u00e9cessite un certain temps pour l&rsquo;obtenir.<\/p>\n<p>Le porte-parole de l&rsquo;ISIE a assur\u00e9 que l&rsquo;instance \u00a0\u00bb\u0153uvrera\u00a0\u00bb \u00e0 ce que le minist\u00e8re de l&rsquo;Int\u00e9rieur acc\u00e9l\u00e8re la proc\u00e9dure d&rsquo;octroi\u00a0de ce document. \u00ab\u00a0On pourra, aussi, accepter le d\u00e9p\u00f4t d&rsquo;un re\u00e7u prouvant l&rsquo;introduction d&rsquo;une demande, en attendant que le bulletin n\u00b03 soit octroy\u00e9 et joint au dossier de candidature\u00a0\u00bb, a-t-il annonc\u00e9.<\/p>\n","protected":false},"excerpt":{"rendered":"<p>ISIE :  Il n&rsquo;est plus possible d&rsquo;amender la loi \u00e9lectorale <\/p>\n","protected":false},"author":3222,"featured_media":373697,"comment_status":"open","ping_status":"open","sticky":false,"template":"","format":"standard","meta":{"footnotes":""},"categories":[11345],"tags":[],"class_list":["post-185424","post","type-post","status-publish","format-standard","has-post-thumbnail","hentry","category-transition"],"yoast_head":"<!-- This site is optimized with the Yoast SEO Premium plugin v27.5 (Yoast SEO v27.5) - https:\/\/yoast.com\/product\/yoast-seo-premium-wordpress\/ -->\n<title>ISIE : Il n&#039;est plus possible d&#039;amender la loi \u00e9lectorale<\/title>\n<meta name=\"description\" content=\"ISIE : Il n&#039;est plus possible d&#039;amender la loi \u00e9lectorale\" \/>\n<link rel=\"canonical\" href=\"https:\/\/www.webdo.tn\/fr\/actualite\/transition\/tunisie-isie-il-nest-possible-damender-loi-electorale\/185424\/\" \/>\n<meta property=\"og:locale\" content=\"fr_FR\" \/>\n<meta property=\"og:type\" content=\"article\" \/>\n<meta property=\"og:title\" content=\"ISIE : &quot;Il n&#039;est plus possible d&#039;amender la loi \u00e9lectorale&quot;\" \/>\n<meta property=\"og:description\" content=\"ISIE : Il n&#039;est plus possible d&#039;amender la loi \u00e9lectorale\" \/>\n<meta property=\"og:url\" content=\"https:\/\/www.webdo.tn\/fr\/actualite\/transition\/tunisie-isie-il-nest-possible-damender-loi-electorale\/185424\/\" \/>\n<meta property=\"og:site_name\" content=\"webdo\" \/>\n<meta property=\"article:publisher\" content=\"https:\/\/www.facebook.com\/webdotn\" \/>\n<meta property=\"article:published_time\" content=\"2014-08-12T15:45:00+00:00\" \/>\n<meta property=\"article:modified_time\" content=\"2025-06-04T18:17:56+00:00\" \/>\n<meta name=\"author\" content=\"webdo.tn\" \/>\n<meta name=\"twitter:card\" content=\"summary_large_image\" \/>\n<meta name=\"twitter:creator\" content=\"@webdo_tn\" \/>\n<meta name=\"twitter:site\" content=\"@webdo_tn\" \/>\n<meta name=\"twitter:label1\" content=\"\u00c9crit par\" \/>\n\t<meta name=\"twitter:data1\" content=\"webdo.tn\" \/>\n\t<meta name=\"twitter:label2\" content=\"Dur\u00e9e de lecture estim\u00e9e\" \/>\n\t<meta name=\"twitter:data2\" content=\"2 minutes\" \/>\n<script type=\"application\/ld+json\" class=\"yoast-schema-graph\">{\"@context\":\"https:\\\/\\\/schema.org\",\"@graph\":[{\"@type\":\"NewsArticle\",\"@id\":\"https:\\\/\\\/www.webdo.tn\\\/fr\\\/actualite\\\/transition\\\/tunisie-isie-il-nest-possible-damender-loi-electorale\\\/185424\\\/#article\",\"isPartOf\":{\"@id\":\"https:\\\/\\\/www.webdo.tn\\\/fr\\\/actualite\\\/transition\\\/tunisie-isie-il-nest-possible-damender-loi-electorale\\\/185424\\\/\"},\"author\":{\"name\":\"webdo.tn\",\"@id\":\"https:\\\/\\\/www.webdo.tn\\\/fr\\\/#\\\/schema\\\/person\\\/9a9c6118d687c117df8ef3cc36a4d175\"},\"headline\":\"ISIE : \u00ab\u00a0Il n&rsquo;est plus possible d&rsquo;amender la loi \u00e9lectorale\u00a0\u00bb\",\"datePublished\":\"2014-08-12T15:45:00+00:00\",\"dateModified\":\"2025-06-04T18:17:56+00:00\",\"mainEntityOfPage\":{\"@id\":\"https:\\\/\\\/www.webdo.tn\\\/fr\\\/actualite\\\/transition\\\/tunisie-isie-il-nest-possible-damender-loi-electorale\\\/185424\\\/\"},\"wordCount\":425,\"commentCount\":0,\"publisher\":{\"@id\":\"https:\\\/\\\/www.webdo.tn\\\/fr\\\/#organization\"},\"image\":{\"@id\":\"https:\\\/\\\/www.webdo.tn\\\/fr\\\/actualite\\\/transition\\\/tunisie-isie-il-nest-possible-damender-loi-electorale\\\/185424\\\/#primaryimage\"},\"thumbnailUrl\":\"https:\\\/\\\/www.webdo.tn\\\/fr\\\/wp-content\\\/uploads\\\/2025\\\/06\\\/Kamel-Toujani-ISIE-31-07-2014_185424.jpg\",\"articleSection\":[\"Transition\"],\"inLanguage\":\"fr-FR\"},{\"@type\":\"WebPage\",\"@id\":\"https:\\\/\\\/www.webdo.tn\\\/fr\\\/actualite\\\/transition\\\/tunisie-isie-il-nest-possible-damender-loi-electorale\\\/185424\\\/\",\"url\":\"https:\\\/\\\/www.webdo.tn\\\/fr\\\/actualite\\\/transition\\\/tunisie-isie-il-nest-possible-damender-loi-electorale\\\/185424\\\/\",\"name\":\"ISIE : Il n'est plus possible d'amender la loi \u00e9lectorale\",\"isPartOf\":{\"@id\":\"https:\\\/\\\/www.webdo.tn\\\/fr\\\/#website\"},\"primaryImageOfPage\":{\"@id\":\"https:\\\/\\\/www.webdo.tn\\\/fr\\\/actualite\\\/transition\\\/tunisie-isie-il-nest-possible-damender-loi-electorale\\\/185424\\\/#primaryimage\"},\"image\":{\"@id\":\"https:\\\/\\\/www.webdo.tn\\\/fr\\\/actualite\\\/transition\\\/tunisie-isie-il-nest-possible-damender-loi-electorale\\\/185424\\\/#primaryimage\"},\"thumbnailUrl\":\"https:\\\/\\\/www.webdo.tn\\\/fr\\\/wp-content\\\/uploads\\\/2025\\\/06\\\/Kamel-Toujani-ISIE-31-07-2014_185424.jpg\",\"datePublished\":\"2014-08-12T15:45:00+00:00\",\"dateModified\":\"2025-06-04T18:17:56+00:00\",\"description\":\"ISIE : Il n'est plus possible d'amender la loi \u00e9lectorale\",\"breadcrumb\":{\"@id\":\"https:\\\/\\\/www.webdo.tn\\\/fr\\\/actualite\\\/transition\\\/tunisie-isie-il-nest-possible-damender-loi-electorale\\\/185424\\\/#breadcrumb\"},\"inLanguage\":\"fr-FR\",\"potentialAction\":[{\"@type\":\"ReadAction\",\"target\":[\"https:\\\/\\\/www.webdo.tn\\\/fr\\\/actualite\\\/transition\\\/tunisie-isie-il-nest-possible-damender-loi-electorale\\\/185424\\\/\"]}]},{\"@type\":\"ImageObject\",\"inLanguage\":\"fr-FR\",\"@id\":\"https:\\\/\\\/www.webdo.tn\\\/fr\\\/actualite\\\/transition\\\/tunisie-isie-il-nest-possible-damender-loi-electorale\\\/185424\\\/#primaryimage\",\"url\":\"https:\\\/\\\/www.webdo.tn\\\/fr\\\/wp-content\\\/uploads\\\/2025\\\/06\\\/Kamel-Toujani-ISIE-31-07-2014_185424.jpg\",\"contentUrl\":\"https:\\\/\\\/www.webdo.tn\\\/fr\\\/wp-content\\\/uploads\\\/2025\\\/06\\\/Kamel-Toujani-ISIE-31-07-2014_185424.jpg\",\"width\":423,\"height\":480,\"caption\":\"ISIE : \\\"Il n'est plus possible d'amender la loi \u00e9lectorale\\\"\"},{\"@type\":\"BreadcrumbList\",\"@id\":\"https:\\\/\\\/www.webdo.tn\\\/fr\\\/actualite\\\/transition\\\/tunisie-isie-il-nest-possible-damender-loi-electorale\\\/185424\\\/#breadcrumb\",\"itemListElement\":[{\"@type\":\"ListItem\",\"position\":1,\"name\":\"Accueil\",\"item\":\"https:\\\/\\\/www.webdo.tn\\\/fr\\\/\"},{\"@type\":\"ListItem\",\"position\":2,\"name\":\"ISIE : \u00ab\u00a0Il n&rsquo;est plus possible d&rsquo;amender la loi \u00e9lectorale\u00a0\u00bb\"}]},{\"@type\":\"WebSite\",\"@id\":\"https:\\\/\\\/www.webdo.tn\\\/fr\\\/#website\",\"url\":\"https:\\\/\\\/www.webdo.tn\\\/fr\\\/\",\"name\":\"webdo\",\"description\":\"Tunisie - News en Tunisie et \u00e0 l&#039;international sur Webdo.tn\",\"publisher\":{\"@id\":\"https:\\\/\\\/www.webdo.tn\\\/fr\\\/#organization\"},\"potentialAction\":[{\"@type\":\"SearchAction\",\"target\":{\"@type\":\"EntryPoint\",\"urlTemplate\":\"https:\\\/\\\/www.webdo.tn\\\/fr\\\/?s={search_term_string}\"},\"query-input\":{\"@type\":\"PropertyValueSpecification\",\"valueRequired\":true,\"valueName\":\"search_term_string\"}}],\"inLanguage\":\"fr-FR\"},{\"@type\":\"Organization\",\"@id\":\"https:\\\/\\\/www.webdo.tn\\\/fr\\\/#organization\",\"name\":\"Webdo\",\"alternateName\":\"Webdo.tn\",\"url\":\"https:\\\/\\\/www.webdo.tn\\\/fr\\\/\",\"logo\":{\"@type\":\"ImageObject\",\"inLanguage\":\"fr-FR\",\"@id\":\"https:\\\/\\\/www.webdo.tn\\\/fr\\\/#\\\/schema\\\/logo\\\/image\\\/\",\"url\":\"https:\\\/\\\/www.webdo.tn\\\/fr\\\/wp-content\\\/uploads\\\/2025\\\/06\\\/Webdo-Tunisie_168377.jpg\",\"contentUrl\":\"https:\\\/\\\/www.webdo.tn\\\/fr\\\/wp-content\\\/uploads\\\/2025\\\/06\\\/Webdo-Tunisie_168377.jpg\",\"width\":301,\"height\":301,\"caption\":\"Webdo\"},\"image\":{\"@id\":\"https:\\\/\\\/www.webdo.tn\\\/fr\\\/#\\\/schema\\\/logo\\\/image\\\/\"},\"sameAs\":[\"https:\\\/\\\/www.facebook.com\\\/webdotn\",\"https:\\\/\\\/x.com\\\/webdo_tn\"],\"description\":\"Webdo est un m\u00e9dia num\u00e9rique tunisien fond\u00e9 en 2010, sp\u00e9cialis\u00e9 dans l\u2019actualit\u00e9 nationale et internationale, l\u2019\u00e9conomie, la soci\u00e9t\u00e9 et les analyses politiques. Le site s\u2019adresse \u00e0 un large public francophone et couvre l\u2019information tunisienne en temps r\u00e9el.\",\"email\":\"redac@webdo.tn\",\"legalName\":\"YNJ SARL\",\"foundingDate\":\"2010-09-06\",\"numberOfEmployees\":{\"@type\":\"QuantitativeValue\",\"minValue\":\"11\",\"maxValue\":\"50\"}},{\"@type\":\"Person\",\"@id\":\"https:\\\/\\\/www.webdo.tn\\\/fr\\\/#\\\/schema\\\/person\\\/9a9c6118d687c117df8ef3cc36a4d175\",\"name\":\"webdo.tn\",\"image\":{\"@type\":\"ImageObject\",\"inLanguage\":\"fr-FR\",\"@id\":\"https:\\\/\\\/secure.gravatar.com\\\/avatar\\\/7ce1f28c0c3bbac99ff550b85ef8e44a6950c6ee24514fb6a5489e51d06f0298?s=96&d=mm&r=g\",\"url\":\"https:\\\/\\\/secure.gravatar.com\\\/avatar\\\/7ce1f28c0c3bbac99ff550b85ef8e44a6950c6ee24514fb6a5489e51d06f0298?s=96&d=mm&r=g\",\"contentUrl\":\"https:\\\/\\\/secure.gravatar.com\\\/avatar\\\/7ce1f28c0c3bbac99ff550b85ef8e44a6950c6ee24514fb6a5489e51d06f0298?s=96&d=mm&r=g\",\"caption\":\"webdo.tn\"},\"url\":\"https:\\\/\\\/www.webdo.tn\\\/fr\\\/actualite\\\/author\\\/webdotn\\\/\"}]}<\/script>\n<!-- \/ Yoast SEO Premium plugin. -->","yoast_head_json":{"title":"ISIE : Il n'est plus possible d'amender la loi \u00e9lectorale","description":"ISIE : Il n'est plus possible d'amender la loi \u00e9lectorale","canonical":"https:\/\/www.webdo.tn\/fr\/actualite\/transition\/tunisie-isie-il-nest-possible-damender-loi-electorale\/185424\/","og_locale":"fr_FR","og_type":"article","og_title":"ISIE : \"Il n'est plus possible d'amender la loi \u00e9lectorale\"","og_description":"ISIE : Il n'est plus possible d'amender la loi \u00e9lectorale","og_url":"https:\/\/www.webdo.tn\/fr\/actualite\/transition\/tunisie-isie-il-nest-possible-damender-loi-electorale\/185424\/","og_site_name":"webdo","article_publisher":"https:\/\/www.facebook.com\/webdotn","article_published_time":"2014-08-12T15:45:00+00:00","article_modified_time":"2025-06-04T18:17:56+00:00","author":"webdo.tn","twitter_card":"summary_large_image","twitter_creator":"@webdo_tn","twitter_site":"@webdo_tn","twitter_misc":{"\u00c9crit par":"webdo.tn","Dur\u00e9e de lecture estim\u00e9e":"2 minutes"},"schema":{"@context":"https:\/\/schema.org","@graph":[{"@type":"NewsArticle","@id":"https:\/\/www.webdo.tn\/fr\/actualite\/transition\/tunisie-isie-il-nest-possible-damender-loi-electorale\/185424\/#article","isPartOf":{"@id":"https:\/\/www.webdo.tn\/fr\/actualite\/transition\/tunisie-isie-il-nest-possible-damender-loi-electorale\/185424\/"},"author":{"name":"webdo.tn","@id":"https:\/\/www.webdo.tn\/fr\/#\/schema\/person\/9a9c6118d687c117df8ef3cc36a4d175"},"headline":"ISIE : \u00ab\u00a0Il n&rsquo;est plus possible d&rsquo;amender la loi \u00e9lectorale\u00a0\u00bb","datePublished":"2014-08-12T15:45:00+00:00","dateModified":"2025-06-04T18:17:56+00:00","mainEntityOfPage":{"@id":"https:\/\/www.webdo.tn\/fr\/actualite\/transition\/tunisie-isie-il-nest-possible-damender-loi-electorale\/185424\/"},"wordCount":425,"commentCount":0,"publisher":{"@id":"https:\/\/www.webdo.tn\/fr\/#organization"},"image":{"@id":"https:\/\/www.webdo.tn\/fr\/actualite\/transition\/tunisie-isie-il-nest-possible-damender-loi-electorale\/185424\/#primaryimage"},"thumbnailUrl":"https:\/\/www.webdo.tn\/fr\/wp-content\/uploads\/2025\/06\/Kamel-Toujani-ISIE-31-07-2014_185424.jpg","articleSection":["Transition"],"inLanguage":"fr-FR"},{"@type":"WebPage","@id":"https:\/\/www.webdo.tn\/fr\/actualite\/transition\/tunisie-isie-il-nest-possible-damender-loi-electorale\/185424\/","url":"https:\/\/www.webdo.tn\/fr\/actualite\/transition\/tunisie-isie-il-nest-possible-damender-loi-electorale\/185424\/","name":"ISIE : Il n'est plus possible d'amender la loi \u00e9lectorale","isPartOf":{"@id":"https:\/\/www.webdo.tn\/fr\/#website"},"primaryImageOfPage":{"@id":"https:\/\/www.webdo.tn\/fr\/actualite\/transition\/tunisie-isie-il-nest-possible-damender-loi-electorale\/185424\/#primaryimage"},"image":{"@id":"https:\/\/www.webdo.tn\/fr\/actualite\/transition\/tunisie-isie-il-nest-possible-damender-loi-electorale\/185424\/#primaryimage"},"thumbnailUrl":"https:\/\/www.webdo.tn\/fr\/wp-content\/uploads\/2025\/06\/Kamel-Toujani-ISIE-31-07-2014_185424.jpg","datePublished":"2014-08-12T15:45:00+00:00","dateModified":"2025-06-04T18:17:56+00:00","description":"ISIE : Il n'est plus possible d'amender la loi \u00e9lectorale","breadcrumb":{"@id":"https:\/\/www.webdo.tn\/fr\/actualite\/transition\/tunisie-isie-il-nest-possible-damender-loi-electorale\/185424\/#breadcrumb"},"inLanguage":"fr-FR","potentialAction":[{"@type":"ReadAction","target":["https:\/\/www.webdo.tn\/fr\/actualite\/transition\/tunisie-isie-il-nest-possible-damender-loi-electorale\/185424\/"]}]},{"@type":"ImageObject","inLanguage":"fr-FR","@id":"https:\/\/www.webdo.tn\/fr\/actualite\/transition\/tunisie-isie-il-nest-possible-damender-loi-electorale\/185424\/#primaryimage","url":"https:\/\/www.webdo.tn\/fr\/wp-content\/uploads\/2025\/06\/Kamel-Toujani-ISIE-31-07-2014_185424.jpg","contentUrl":"https:\/\/www.webdo.tn\/fr\/wp-content\/uploads\/2025\/06\/Kamel-Toujani-ISIE-31-07-2014_185424.jpg","width":423,"height":480,"caption":"ISIE : \"Il n'est plus possible d'amender la loi \u00e9lectorale\""},{"@type":"BreadcrumbList","@id":"https:\/\/www.webdo.tn\/fr\/actualite\/transition\/tunisie-isie-il-nest-possible-damender-loi-electorale\/185424\/#breadcrumb","itemListElement":[{"@type":"ListItem","position":1,"name":"Accueil","item":"https:\/\/www.webdo.tn\/fr\/"},{"@type":"ListItem","position":2,"name":"ISIE : \u00ab\u00a0Il n&rsquo;est plus possible d&rsquo;amender la loi \u00e9lectorale\u00a0\u00bb"}]},{"@type":"WebSite","@id":"https:\/\/www.webdo.tn\/fr\/#website","url":"https:\/\/www.webdo.tn\/fr\/","name":"webdo","description":"Tunisie - News en Tunisie et \u00e0 l&#039;international sur Webdo.tn","publisher":{"@id":"https:\/\/www.webdo.tn\/fr\/#organization"},"potentialAction":[{"@type":"SearchAction","target":{"@type":"EntryPoint","urlTemplate":"https:\/\/www.webdo.tn\/fr\/?s={search_term_string}"},"query-input":{"@type":"PropertyValueSpecification","valueRequired":true,"valueName":"search_term_string"}}],"inLanguage":"fr-FR"},{"@type":"Organization","@id":"https:\/\/www.webdo.tn\/fr\/#organization","name":"Webdo","alternateName":"Webdo.tn","url":"https:\/\/www.webdo.tn\/fr\/","logo":{"@type":"ImageObject","inLanguage":"fr-FR","@id":"https:\/\/www.webdo.tn\/fr\/#\/schema\/logo\/image\/","url":"https:\/\/www.webdo.tn\/fr\/wp-content\/uploads\/2025\/06\/Webdo-Tunisie_168377.jpg","contentUrl":"https:\/\/www.webdo.tn\/fr\/wp-content\/uploads\/2025\/06\/Webdo-Tunisie_168377.jpg","width":301,"height":301,"caption":"Webdo"},"image":{"@id":"https:\/\/www.webdo.tn\/fr\/#\/schema\/logo\/image\/"},"sameAs":["https:\/\/www.facebook.com\/webdotn","https:\/\/x.com\/webdo_tn"],"description":"Webdo est un m\u00e9dia num\u00e9rique tunisien fond\u00e9 en 2010, sp\u00e9cialis\u00e9 dans l\u2019actualit\u00e9 nationale et internationale, l\u2019\u00e9conomie, la soci\u00e9t\u00e9 et les analyses politiques. Le site s\u2019adresse \u00e0 un large public francophone et couvre l\u2019information tunisienne en temps r\u00e9el.","email":"redac@webdo.tn","legalName":"YNJ SARL","foundingDate":"2010-09-06","numberOfEmployees":{"@type":"QuantitativeValue","minValue":"11","maxValue":"50"}},{"@type":"Person","@id":"https:\/\/www.webdo.tn\/fr\/#\/schema\/person\/9a9c6118d687c117df8ef3cc36a4d175","name":"webdo.tn","image":{"@type":"ImageObject","inLanguage":"fr-FR","@id":"https:\/\/secure.gravatar.com\/avatar\/7ce1f28c0c3bbac99ff550b85ef8e44a6950c6ee24514fb6a5489e51d06f0298?s=96&d=mm&r=g","url":"https:\/\/secure.gravatar.com\/avatar\/7ce1f28c0c3bbac99ff550b85ef8e44a6950c6ee24514fb6a5489e51d06f0298?s=96&d=mm&r=g","contentUrl":"https:\/\/secure.gravatar.com\/avatar\/7ce1f28c0c3bbac99ff550b85ef8e44a6950c6ee24514fb6a5489e51d06f0298?s=96&d=mm&r=g","caption":"webdo.tn"},"url":"https:\/\/www.webdo.tn\/fr\/actualite\/author\/webdotn\/"}]}},"_links":{"self":[{"href":"https:\/\/www.webdo.tn\/fr\/wp-json\/wp\/v2\/posts\/185424","targetHints":{"allow":["GET"]}}],"collection":[{"href":"https:\/\/www.webdo.tn\/fr\/wp-json\/wp\/v2\/posts"}],"about":[{"href":"https:\/\/www.webdo.tn\/fr\/wp-json\/wp\/v2\/types\/post"}],"author":[{"embeddable":true,"href":"https:\/\/www.webdo.tn\/fr\/wp-json\/wp\/v2\/users\/3222"}],"replies":[{"embeddable":true,"href":"https:\/\/www.webdo.tn\/fr\/wp-json\/wp\/v2\/comments?post=185424"}],"version-history":[{"count":0,"href":"https:\/\/www.webdo.tn\/fr\/wp-json\/wp\/v2\/posts\/185424\/revisions"}],"wp:featuredmedia":[{"embeddable":true,"href":"https:\/\/www.webdo.tn\/fr\/wp-json\/wp\/v2\/media\/373697"}],"wp:attachment":[{"href":"https:\/\/www.webdo.tn\/fr\/wp-json\/wp\/v2\/media?parent=185424"}],"wp:term":[{"taxonomy":"category","embeddable":true,"href":"https:\/\/www.webdo.tn\/fr\/wp-json\/wp\/v2\/categories?post=185424"},{"taxonomy":"post_tag","embeddable":true,"href":"https:\/\/www.webdo.tn\/fr\/wp-json\/wp\/v2\/tags?post=185424"}],"curies":[{"name":"wp","href":"https:\/\/api.w.org\/{rel}","templated":true}]}}