{"id":185423,"date":"2014-08-21T22:10:00","date_gmt":"2014-08-21T20:10:00","guid":{"rendered":"https:\/\/www.webdo.tn\/fr\/actualite\/transition\/conference-internationale-investir-en-tunisie-start-up-democracy\/185423"},"modified":"2025-06-04T18:16:21","modified_gmt":"2025-06-04T18:16:21","slug":"conference-internationale-investir-en-tunisie-start-up-democracy-4","status":"publish","type":"post","link":"https:\/\/www.webdo.tn\/fr\/actualite\/transition\/conference-internationale-investir-en-tunisie-start-up-democracy-4\/185423\/","title":{"rendered":"Conf\u00e9rence Internationale : Investir en Tunisie \u00abStart-up Democracy\u00bb"},"content":{"rendered":"<p>MISE A JOUR 02-09-2014 &#8211; Trente pays, 50 personnalit\u00e9s \u00e9trang\u00e8res, des multinationales et institutions \u00e9conomiques et financi\u00e8res, prendront part, le 8 septembre prochain \u00e0 une conf\u00e9rence internationale qui se tiendra \u00e0 Tunis, a annonc\u00e9 la pr\u00e9sidence du gouvernement dans un communiqu\u00e9.22 projets pr\u00e9sent\u00e9s aux bailleurs de fonds<\/p>\n<p>Lors d\u2019une r\u00e9union pr\u00e9paratoire \u00e0 la conf\u00e9rence internationale \u00abInvestir en Tunisie, start-up d\u00e9mocratie\u00bb, 22 projets, dont 4 qui seront r\u00e9alis\u00e9s dans le cadre d\u2019un partenariat public\/priv\u00e9 (PPP), ont \u00e9t\u00e9 pr\u00e9sent\u00e9s aux participants.<\/p>\n<p>Ces 22 projets, d\u2019un co\u00fbt total estim\u00e9 \u00e0 5734 millions de dinars (hors projets en PPP), et pr\u00e9sent\u00e9s par le gouvernement tunisien aux repr\u00e9sentants des institutions financi\u00e8res internationales, ont \u00e9t\u00e9 s\u00e9lectionn\u00e9s sur la base du niveau de pr\u00e9paration pour ex\u00e9cution imm\u00e9diate et la rentabilit\u00e9 \u00e9conomique et sociale, a indiqu\u00e9 l\u2019agence TAP.<\/p>\n<p>Selon Noureddine Zekri, secr\u00e9taire d\u2019Etat au d\u00e9veloppement et \u00e0 la coop\u00e9ration internationale, cette r\u00e9union pr\u00e9paratoire a permis au gouvernement tunisien de pr\u00e9senter les principaux volets de sa strat\u00e9gie de d\u00e9veloppement \u00e9conomique pour les prochaines ann\u00e9es.<\/p>\n<p>D\u00e9bats autour des opportunit\u00e9s d&rsquo;investissements<\/p>\n<p>La conf\u00e9rence a \u00e9t\u00e9 plac\u00e9e sous le th\u00e8me \u00abInvestir en Tunisie Start-up Democracy\u00bb et les d\u00e9bats tourneront autour des opportunit\u00e9s d\u2019investissement offertes en Tunisie dans les domaines de l\u2019industrie, l\u2019\u00e9nergie, l\u2019agriculture, le commerce et les nouvelles technologies.<\/p>\n<p>Ce rendez-vous vient \u00e0 suite d&rsquo;une s\u00e9rie de consultations et visites effectu\u00e9es par le chef du gouvernement Mehdi Joma\u00e2 en Alg\u00e9rie, au Maroc, dans les pays du Golfe, aux Etats-Unis, en France et en Allemagne.<\/p>\n<p>Lev\u00e9e de fonds pour la Tunisie<\/p>\n<p>La pr\u00e9sidence du gouvernement annonce la cr\u00e9ation d\u2019un site (www.itsud.tn) \u00e0 l\u2019occasion de cette conf\u00e9rence internationale.<\/p>\n<p>C&rsquo;est au cours de sa visite aux \u00c9tats-Unis en avril dernier, que Mehdi Joma\u00e2 a parl\u00e9 pour la premi\u00e8re fois de la Tunisie en tant que \u00abstart-up democracy\u00bb pour un pays \u00e0 fort potentiel de croissance et qui doit faire l&rsquo;objet de lev\u00e9e de fonds.<\/p>\n","protected":false},"excerpt":{"rendered":"<p>Conf\u00e9rence Internationale : Investir en Tunisie \u00abStart-up Democracy\u00bb<\/p>\n","protected":false},"author":3222,"featured_media":373627,"comment_status":"open","ping_status":"open","sticky":false,"template":"","format":"standard","meta":{"footnotes":""},"categories":[11345],"tags":[],"class_list":["post-185423","post","type-post","status-publish","format-standard","has-post-thumbnail","hentry","category-transition"],"yoast_head":"<!-- This site is optimized with the Yoast SEO Premium plugin v27.5 (Yoast SEO v27.5) - https:\/\/yoast.com\/product\/yoast-seo-premium-wordpress\/ -->\n<title>Conf\u00e9rence Internationale : Investir en Tunisie \u00abStart-up Democracy\u00bb<\/title>\n<meta name=\"description\" content=\"Conf\u00e9rence Internationale : Investir en Tunisie \u00abStart-up Democracy\u00bb\" \/>\n<link rel=\"canonical\" href=\"https:\/\/www.webdo.tn\/fr\/actualite\/transition\/conference-internationale-investir-en-tunisie-start-up-democracy-4\/185423\/\" \/>\n<meta property=\"og:locale\" content=\"fr_FR\" \/>\n<meta property=\"og:type\" content=\"article\" \/>\n<meta property=\"og:title\" content=\"Conf\u00e9rence Internationale : Investir en Tunisie \u00abStart-up Democracy\u00bb\" \/>\n<meta property=\"og:description\" content=\"Conf\u00e9rence Internationale : Investir en Tunisie \u00abStart-up Democracy\u00bb\" \/>\n<meta property=\"og:url\" content=\"https:\/\/www.webdo.tn\/fr\/actualite\/transition\/conference-internationale-investir-en-tunisie-start-up-democracy-4\/185423\/\" \/>\n<meta property=\"og:site_name\" content=\"webdo\" \/>\n<meta property=\"article:publisher\" content=\"https:\/\/www.facebook.com\/webdotn\" \/>\n<meta property=\"article:published_time\" content=\"2014-08-21T20:10:00+00:00\" \/>\n<meta property=\"article:modified_time\" content=\"2025-06-04T18:16:21+00:00\" \/>\n<meta name=\"author\" content=\"webdo.tn\" \/>\n<meta name=\"twitter:card\" content=\"summary_large_image\" \/>\n<meta name=\"twitter:creator\" content=\"@webdo_tn\" \/>\n<meta name=\"twitter:site\" content=\"@webdo_tn\" \/>\n<meta name=\"twitter:label1\" content=\"\u00c9crit par\" \/>\n\t<meta name=\"twitter:data1\" content=\"webdo.tn\" \/>\n\t<meta name=\"twitter:label2\" content=\"Dur\u00e9e de lecture estim\u00e9e\" \/>\n\t<meta name=\"twitter:data2\" content=\"2 minutes\" \/>\n<script type=\"application\/ld+json\" class=\"yoast-schema-graph\">{\"@context\":\"https:\\\/\\\/schema.org\",\"@graph\":[{\"@type\":\"NewsArticle\",\"@id\":\"https:\\\/\\\/www.webdo.tn\\\/fr\\\/actualite\\\/transition\\\/conference-internationale-investir-en-tunisie-start-up-democracy-4\\\/185423\\\/#article\",\"isPartOf\":{\"@id\":\"https:\\\/\\\/www.webdo.tn\\\/fr\\\/actualite\\\/transition\\\/conference-internationale-investir-en-tunisie-start-up-democracy-4\\\/185423\\\/\"},\"author\":{\"name\":\"webdo.tn\",\"@id\":\"https:\\\/\\\/www.webdo.tn\\\/fr\\\/#\\\/schema\\\/person\\\/9a9c6118d687c117df8ef3cc36a4d175\"},\"headline\":\"Conf\u00e9rence Internationale : Investir en Tunisie \u00abStart-up Democracy\u00bb\",\"datePublished\":\"2014-08-21T20:10:00+00:00\",\"dateModified\":\"2025-06-04T18:16:21+00:00\",\"mainEntityOfPage\":{\"@id\":\"https:\\\/\\\/www.webdo.tn\\\/fr\\\/actualite\\\/transition\\\/conference-internationale-investir-en-tunisie-start-up-democracy-4\\\/185423\\\/\"},\"wordCount\":372,\"commentCount\":0,\"publisher\":{\"@id\":\"https:\\\/\\\/www.webdo.tn\\\/fr\\\/#organization\"},\"image\":{\"@id\":\"https:\\\/\\\/www.webdo.tn\\\/fr\\\/actualite\\\/transition\\\/conference-internationale-investir-en-tunisie-start-up-democracy-4\\\/185423\\\/#primaryimage\"},\"thumbnailUrl\":\"https:\\\/\\\/www.webdo.tn\\\/fr\\\/wp-content\\\/uploads\\\/2025\\\/06\\\/Mehdi-Jomaa-Columbia-Business-School-credit-photo-Presidence-gouvernement_185423.jpg\",\"articleSection\":[\"Transition\"],\"inLanguage\":\"fr-FR\"},{\"@type\":\"WebPage\",\"@id\":\"https:\\\/\\\/www.webdo.tn\\\/fr\\\/actualite\\\/transition\\\/conference-internationale-investir-en-tunisie-start-up-democracy-4\\\/185423\\\/\",\"url\":\"https:\\\/\\\/www.webdo.tn\\\/fr\\\/actualite\\\/transition\\\/conference-internationale-investir-en-tunisie-start-up-democracy-4\\\/185423\\\/\",\"name\":\"Conf\u00e9rence Internationale : Investir en Tunisie \u00abStart-up Democracy\u00bb\",\"isPartOf\":{\"@id\":\"https:\\\/\\\/www.webdo.tn\\\/fr\\\/#website\"},\"primaryImageOfPage\":{\"@id\":\"https:\\\/\\\/www.webdo.tn\\\/fr\\\/actualite\\\/transition\\\/conference-internationale-investir-en-tunisie-start-up-democracy-4\\\/185423\\\/#primaryimage\"},\"image\":{\"@id\":\"https:\\\/\\\/www.webdo.tn\\\/fr\\\/actualite\\\/transition\\\/conference-internationale-investir-en-tunisie-start-up-democracy-4\\\/185423\\\/#primaryimage\"},\"thumbnailUrl\":\"https:\\\/\\\/www.webdo.tn\\\/fr\\\/wp-content\\\/uploads\\\/2025\\\/06\\\/Mehdi-Jomaa-Columbia-Business-School-credit-photo-Presidence-gouvernement_185423.jpg\",\"datePublished\":\"2014-08-21T20:10:00+00:00\",\"dateModified\":\"2025-06-04T18:16:21+00:00\",\"description\":\"Conf\u00e9rence Internationale : Investir en Tunisie \u00abStart-up Democracy\u00bb\",\"breadcrumb\":{\"@id\":\"https:\\\/\\\/www.webdo.tn\\\/fr\\\/actualite\\\/transition\\\/conference-internationale-investir-en-tunisie-start-up-democracy-4\\\/185423\\\/#breadcrumb\"},\"inLanguage\":\"fr-FR\",\"potentialAction\":[{\"@type\":\"ReadAction\",\"target\":[\"https:\\\/\\\/www.webdo.tn\\\/fr\\\/actualite\\\/transition\\\/conference-internationale-investir-en-tunisie-start-up-democracy-4\\\/185423\\\/\"]}]},{\"@type\":\"ImageObject\",\"inLanguage\":\"fr-FR\",\"@id\":\"https:\\\/\\\/www.webdo.tn\\\/fr\\\/actualite\\\/transition\\\/conference-internationale-investir-en-tunisie-start-up-democracy-4\\\/185423\\\/#primaryimage\",\"url\":\"https:\\\/\\\/www.webdo.tn\\\/fr\\\/wp-content\\\/uploads\\\/2025\\\/06\\\/Mehdi-Jomaa-Columbia-Business-School-credit-photo-Presidence-gouvernement_185423.jpg\",\"contentUrl\":\"https:\\\/\\\/www.webdo.tn\\\/fr\\\/wp-content\\\/uploads\\\/2025\\\/06\\\/Mehdi-Jomaa-Columbia-Business-School-credit-photo-Presidence-gouvernement_185423.jpg\",\"width\":600,\"height\":386,\"caption\":\"Conf\u00e9rence Internationale : Investir en Tunisie \u00abStart-up Democracy\u00bb\"},{\"@type\":\"BreadcrumbList\",\"@id\":\"https:\\\/\\\/www.webdo.tn\\\/fr\\\/actualite\\\/transition\\\/conference-internationale-investir-en-tunisie-start-up-democracy-4\\\/185423\\\/#breadcrumb\",\"itemListElement\":[{\"@type\":\"ListItem\",\"position\":1,\"name\":\"Accueil\",\"item\":\"https:\\\/\\\/www.webdo.tn\\\/fr\\\/\"},{\"@type\":\"ListItem\",\"position\":2,\"name\":\"Conf\u00e9rence Internationale : Investir en Tunisie \u00abStart-up Democracy\u00bb\"}]},{\"@type\":\"WebSite\",\"@id\":\"https:\\\/\\\/www.webdo.tn\\\/fr\\\/#website\",\"url\":\"https:\\\/\\\/www.webdo.tn\\\/fr\\\/\",\"name\":\"webdo\",\"description\":\"Tunisie - News en Tunisie et \u00e0 l&#039;international sur Webdo.tn\",\"publisher\":{\"@id\":\"https:\\\/\\\/www.webdo.tn\\\/fr\\\/#organization\"},\"potentialAction\":[{\"@type\":\"SearchAction\",\"target\":{\"@type\":\"EntryPoint\",\"urlTemplate\":\"https:\\\/\\\/www.webdo.tn\\\/fr\\\/?s={search_term_string}\"},\"query-input\":{\"@type\":\"PropertyValueSpecification\",\"valueRequired\":true,\"valueName\":\"search_term_string\"}}],\"inLanguage\":\"fr-FR\"},{\"@type\":\"Organization\",\"@id\":\"https:\\\/\\\/www.webdo.tn\\\/fr\\\/#organization\",\"name\":\"Webdo\",\"alternateName\":\"Webdo.tn\",\"url\":\"https:\\\/\\\/www.webdo.tn\\\/fr\\\/\",\"logo\":{\"@type\":\"ImageObject\",\"inLanguage\":\"fr-FR\",\"@id\":\"https:\\\/\\\/www.webdo.tn\\\/fr\\\/#\\\/schema\\\/logo\\\/image\\\/\",\"url\":\"https:\\\/\\\/www.webdo.tn\\\/fr\\\/wp-content\\\/uploads\\\/2025\\\/06\\\/Webdo-Tunisie_168377.jpg\",\"contentUrl\":\"https:\\\/\\\/www.webdo.tn\\\/fr\\\/wp-content\\\/uploads\\\/2025\\\/06\\\/Webdo-Tunisie_168377.jpg\",\"width\":301,\"height\":301,\"caption\":\"Webdo\"},\"image\":{\"@id\":\"https:\\\/\\\/www.webdo.tn\\\/fr\\\/#\\\/schema\\\/logo\\\/image\\\/\"},\"sameAs\":[\"https:\\\/\\\/www.facebook.com\\\/webdotn\",\"https:\\\/\\\/x.com\\\/webdo_tn\"],\"description\":\"Webdo est un m\u00e9dia num\u00e9rique tunisien fond\u00e9 en 2010, sp\u00e9cialis\u00e9 dans l\u2019actualit\u00e9 nationale et internationale, l\u2019\u00e9conomie, la soci\u00e9t\u00e9 et les analyses politiques. Le site s\u2019adresse \u00e0 un large public francophone et couvre l\u2019information tunisienne en temps r\u00e9el.\",\"email\":\"redac@webdo.tn\",\"legalName\":\"YNJ SARL\",\"foundingDate\":\"2010-09-06\",\"numberOfEmployees\":{\"@type\":\"QuantitativeValue\",\"minValue\":\"11\",\"maxValue\":\"50\"}},{\"@type\":\"Person\",\"@id\":\"https:\\\/\\\/www.webdo.tn\\\/fr\\\/#\\\/schema\\\/person\\\/9a9c6118d687c117df8ef3cc36a4d175\",\"name\":\"webdo.tn\",\"image\":{\"@type\":\"ImageObject\",\"inLanguage\":\"fr-FR\",\"@id\":\"https:\\\/\\\/secure.gravatar.com\\\/avatar\\\/7ce1f28c0c3bbac99ff550b85ef8e44a6950c6ee24514fb6a5489e51d06f0298?s=96&d=mm&r=g\",\"url\":\"https:\\\/\\\/secure.gravatar.com\\\/avatar\\\/7ce1f28c0c3bbac99ff550b85ef8e44a6950c6ee24514fb6a5489e51d06f0298?s=96&d=mm&r=g\",\"contentUrl\":\"https:\\\/\\\/secure.gravatar.com\\\/avatar\\\/7ce1f28c0c3bbac99ff550b85ef8e44a6950c6ee24514fb6a5489e51d06f0298?s=96&d=mm&r=g\",\"caption\":\"webdo.tn\"},\"url\":\"https:\\\/\\\/www.webdo.tn\\\/fr\\\/actualite\\\/author\\\/webdotn\\\/\"}]}<\/script>\n<!-- \/ Yoast SEO Premium plugin. -->","yoast_head_json":{"title":"Conf\u00e9rence Internationale : Investir en Tunisie \u00abStart-up Democracy\u00bb","description":"Conf\u00e9rence Internationale : Investir en Tunisie \u00abStart-up Democracy\u00bb","canonical":"https:\/\/www.webdo.tn\/fr\/actualite\/transition\/conference-internationale-investir-en-tunisie-start-up-democracy-4\/185423\/","og_locale":"fr_FR","og_type":"article","og_title":"Conf\u00e9rence Internationale : Investir en Tunisie \u00abStart-up Democracy\u00bb","og_description":"Conf\u00e9rence Internationale : Investir en Tunisie \u00abStart-up Democracy\u00bb","og_url":"https:\/\/www.webdo.tn\/fr\/actualite\/transition\/conference-internationale-investir-en-tunisie-start-up-democracy-4\/185423\/","og_site_name":"webdo","article_publisher":"https:\/\/www.facebook.com\/webdotn","article_published_time":"2014-08-21T20:10:00+00:00","article_modified_time":"2025-06-04T18:16:21+00:00","author":"webdo.tn","twitter_card":"summary_large_image","twitter_creator":"@webdo_tn","twitter_site":"@webdo_tn","twitter_misc":{"\u00c9crit par":"webdo.tn","Dur\u00e9e de lecture estim\u00e9e":"2 minutes"},"schema":{"@context":"https:\/\/schema.org","@graph":[{"@type":"NewsArticle","@id":"https:\/\/www.webdo.tn\/fr\/actualite\/transition\/conference-internationale-investir-en-tunisie-start-up-democracy-4\/185423\/#article","isPartOf":{"@id":"https:\/\/www.webdo.tn\/fr\/actualite\/transition\/conference-internationale-investir-en-tunisie-start-up-democracy-4\/185423\/"},"author":{"name":"webdo.tn","@id":"https:\/\/www.webdo.tn\/fr\/#\/schema\/person\/9a9c6118d687c117df8ef3cc36a4d175"},"headline":"Conf\u00e9rence Internationale : Investir en Tunisie \u00abStart-up Democracy\u00bb","datePublished":"2014-08-21T20:10:00+00:00","dateModified":"2025-06-04T18:16:21+00:00","mainEntityOfPage":{"@id":"https:\/\/www.webdo.tn\/fr\/actualite\/transition\/conference-internationale-investir-en-tunisie-start-up-democracy-4\/185423\/"},"wordCount":372,"commentCount":0,"publisher":{"@id":"https:\/\/www.webdo.tn\/fr\/#organization"},"image":{"@id":"https:\/\/www.webdo.tn\/fr\/actualite\/transition\/conference-internationale-investir-en-tunisie-start-up-democracy-4\/185423\/#primaryimage"},"thumbnailUrl":"https:\/\/www.webdo.tn\/fr\/wp-content\/uploads\/2025\/06\/Mehdi-Jomaa-Columbia-Business-School-credit-photo-Presidence-gouvernement_185423.jpg","articleSection":["Transition"],"inLanguage":"fr-FR"},{"@type":"WebPage","@id":"https:\/\/www.webdo.tn\/fr\/actualite\/transition\/conference-internationale-investir-en-tunisie-start-up-democracy-4\/185423\/","url":"https:\/\/www.webdo.tn\/fr\/actualite\/transition\/conference-internationale-investir-en-tunisie-start-up-democracy-4\/185423\/","name":"Conf\u00e9rence Internationale : Investir en Tunisie \u00abStart-up Democracy\u00bb","isPartOf":{"@id":"https:\/\/www.webdo.tn\/fr\/#website"},"primaryImageOfPage":{"@id":"https:\/\/www.webdo.tn\/fr\/actualite\/transition\/conference-internationale-investir-en-tunisie-start-up-democracy-4\/185423\/#primaryimage"},"image":{"@id":"https:\/\/www.webdo.tn\/fr\/actualite\/transition\/conference-internationale-investir-en-tunisie-start-up-democracy-4\/185423\/#primaryimage"},"thumbnailUrl":"https:\/\/www.webdo.tn\/fr\/wp-content\/uploads\/2025\/06\/Mehdi-Jomaa-Columbia-Business-School-credit-photo-Presidence-gouvernement_185423.jpg","datePublished":"2014-08-21T20:10:00+00:00","dateModified":"2025-06-04T18:16:21+00:00","description":"Conf\u00e9rence Internationale : Investir en Tunisie \u00abStart-up Democracy\u00bb","breadcrumb":{"@id":"https:\/\/www.webdo.tn\/fr\/actualite\/transition\/conference-internationale-investir-en-tunisie-start-up-democracy-4\/185423\/#breadcrumb"},"inLanguage":"fr-FR","potentialAction":[{"@type":"ReadAction","target":["https:\/\/www.webdo.tn\/fr\/actualite\/transition\/conference-internationale-investir-en-tunisie-start-up-democracy-4\/185423\/"]}]},{"@type":"ImageObject","inLanguage":"fr-FR","@id":"https:\/\/www.webdo.tn\/fr\/actualite\/transition\/conference-internationale-investir-en-tunisie-start-up-democracy-4\/185423\/#primaryimage","url":"https:\/\/www.webdo.tn\/fr\/wp-content\/uploads\/2025\/06\/Mehdi-Jomaa-Columbia-Business-School-credit-photo-Presidence-gouvernement_185423.jpg","contentUrl":"https:\/\/www.webdo.tn\/fr\/wp-content\/uploads\/2025\/06\/Mehdi-Jomaa-Columbia-Business-School-credit-photo-Presidence-gouvernement_185423.jpg","width":600,"height":386,"caption":"Conf\u00e9rence Internationale : Investir en Tunisie \u00abStart-up Democracy\u00bb"},{"@type":"BreadcrumbList","@id":"https:\/\/www.webdo.tn\/fr\/actualite\/transition\/conference-internationale-investir-en-tunisie-start-up-democracy-4\/185423\/#breadcrumb","itemListElement":[{"@type":"ListItem","position":1,"name":"Accueil","item":"https:\/\/www.webdo.tn\/fr\/"},{"@type":"ListItem","position":2,"name":"Conf\u00e9rence Internationale : Investir en Tunisie \u00abStart-up Democracy\u00bb"}]},{"@type":"WebSite","@id":"https:\/\/www.webdo.tn\/fr\/#website","url":"https:\/\/www.webdo.tn\/fr\/","name":"webdo","description":"Tunisie - News en Tunisie et \u00e0 l&#039;international sur Webdo.tn","publisher":{"@id":"https:\/\/www.webdo.tn\/fr\/#organization"},"potentialAction":[{"@type":"SearchAction","target":{"@type":"EntryPoint","urlTemplate":"https:\/\/www.webdo.tn\/fr\/?s={search_term_string}"},"query-input":{"@type":"PropertyValueSpecification","valueRequired":true,"valueName":"search_term_string"}}],"inLanguage":"fr-FR"},{"@type":"Organization","@id":"https:\/\/www.webdo.tn\/fr\/#organization","name":"Webdo","alternateName":"Webdo.tn","url":"https:\/\/www.webdo.tn\/fr\/","logo":{"@type":"ImageObject","inLanguage":"fr-FR","@id":"https:\/\/www.webdo.tn\/fr\/#\/schema\/logo\/image\/","url":"https:\/\/www.webdo.tn\/fr\/wp-content\/uploads\/2025\/06\/Webdo-Tunisie_168377.jpg","contentUrl":"https:\/\/www.webdo.tn\/fr\/wp-content\/uploads\/2025\/06\/Webdo-Tunisie_168377.jpg","width":301,"height":301,"caption":"Webdo"},"image":{"@id":"https:\/\/www.webdo.tn\/fr\/#\/schema\/logo\/image\/"},"sameAs":["https:\/\/www.facebook.com\/webdotn","https:\/\/x.com\/webdo_tn"],"description":"Webdo est un m\u00e9dia num\u00e9rique tunisien fond\u00e9 en 2010, sp\u00e9cialis\u00e9 dans l\u2019actualit\u00e9 nationale et internationale, l\u2019\u00e9conomie, la soci\u00e9t\u00e9 et les analyses politiques. Le site s\u2019adresse \u00e0 un large public francophone et couvre l\u2019information tunisienne en temps r\u00e9el.","email":"redac@webdo.tn","legalName":"YNJ SARL","foundingDate":"2010-09-06","numberOfEmployees":{"@type":"QuantitativeValue","minValue":"11","maxValue":"50"}},{"@type":"Person","@id":"https:\/\/www.webdo.tn\/fr\/#\/schema\/person\/9a9c6118d687c117df8ef3cc36a4d175","name":"webdo.tn","image":{"@type":"ImageObject","inLanguage":"fr-FR","@id":"https:\/\/secure.gravatar.com\/avatar\/7ce1f28c0c3bbac99ff550b85ef8e44a6950c6ee24514fb6a5489e51d06f0298?s=96&d=mm&r=g","url":"https:\/\/secure.gravatar.com\/avatar\/7ce1f28c0c3bbac99ff550b85ef8e44a6950c6ee24514fb6a5489e51d06f0298?s=96&d=mm&r=g","contentUrl":"https:\/\/secure.gravatar.com\/avatar\/7ce1f28c0c3bbac99ff550b85ef8e44a6950c6ee24514fb6a5489e51d06f0298?s=96&d=mm&r=g","caption":"webdo.tn"},"url":"https:\/\/www.webdo.tn\/fr\/actualite\/author\/webdotn\/"}]}},"_links":{"self":[{"href":"https:\/\/www.webdo.tn\/fr\/wp-json\/wp\/v2\/posts\/185423","targetHints":{"allow":["GET"]}}],"collection":[{"href":"https:\/\/www.webdo.tn\/fr\/wp-json\/wp\/v2\/posts"}],"about":[{"href":"https:\/\/www.webdo.tn\/fr\/wp-json\/wp\/v2\/types\/post"}],"author":[{"embeddable":true,"href":"https:\/\/www.webdo.tn\/fr\/wp-json\/wp\/v2\/users\/3222"}],"replies":[{"embeddable":true,"href":"https:\/\/www.webdo.tn\/fr\/wp-json\/wp\/v2\/comments?post=185423"}],"version-history":[{"count":0,"href":"https:\/\/www.webdo.tn\/fr\/wp-json\/wp\/v2\/posts\/185423\/revisions"}],"wp:featuredmedia":[{"embeddable":true,"href":"https:\/\/www.webdo.tn\/fr\/wp-json\/wp\/v2\/media\/373627"}],"wp:attachment":[{"href":"https:\/\/www.webdo.tn\/fr\/wp-json\/wp\/v2\/media?parent=185423"}],"wp:term":[{"taxonomy":"category","embeddable":true,"href":"https:\/\/www.webdo.tn\/fr\/wp-json\/wp\/v2\/categories?post=185423"},{"taxonomy":"post_tag","embeddable":true,"href":"https:\/\/www.webdo.tn\/fr\/wp-json\/wp\/v2\/tags?post=185423"}],"curies":[{"name":"wp","href":"https:\/\/api.w.org\/{rel}","templated":true}]}}