{"id":185422,"date":"2014-09-04T08:47:00","date_gmt":"2014-09-04T08:47:00","guid":{"rendered":"https:\/\/www.webdo.tn\/fr\/blog\/video-aymen-dhawahiri-annonce-creation-dune-branche-dal-qaida\/185422\/"},"modified":"2025-05-22T13:21:26","modified_gmt":"2025-05-22T13:21:26","slug":"video-aymen-dhawahiri-annonce-creation-dune-branche-dal-qaida","status":"publish","type":"post","link":"https:\/\/www.webdo.tn\/fr\/actualite\/transition\/video-aymen-dhawahiri-annonce-creation-dune-branche-dal-qaida\/185422\/","title":{"rendered":"[Vid\u00e9o] Aymen Dhawahiri annonce la cr\u00e9ation d&rsquo;une branche d&rsquo;Al-Qa\u00efda"},"content":{"rendered":"<p>Une nouvelle vid\u00e9o a \u00e9t\u00e9 diffus\u00e9e sur YouTube mercredi soir, 3 septembre, dans laquelle le leader d&rsquo;Al-Qa\u00efda, Aymen Dhawahiri, a annonc\u00e9 la cr\u00e9ation d&rsquo;une nouvelle branche \u00ab\u00a0groupe Al Qaida pour le djihad\u00a0\u00bb sur le sous-continent indien, pour le retour de la gouvernance islamique et la mise en place de la charia [&#8230;] et la diffusion de la daoua de l&rsquo;imam r\u00e9formateur Ben Laden\u00a0\u00bb.<\/p>\n<p>Al Dhawahiri a rappel\u00e9 que le sous-continent indien faisait partie du monde musulman, et que suite \u00ab\u00a0\u00e0 l&rsquo;invasion de l&rsquo;ennemi infid\u00e8le\u00a0\u00bb, il a \u00e9t\u00e9 divis\u00e9. La nouvelle branche veut instaurer le califat en Birmanie, au Bangladesh et dans certaines r\u00e9gions de l&rsquo;Inde comme l\u2019Assam, le Gujarat, Ahmedabad et le Cachemire.<\/p>\n<p>Cette nouvelle branche \u00ab\u00a0est l&rsquo;effort de deux ans de travail pour rassembler les djihadistes\u00a0\u00bb dans le sous-continent indien, pr\u00e9cise Aymen Dhawahiri.<\/p>\n<p>Son \u00e9mir le mollah Omar Moujahed<\/p>\n<p>Son \u00ab\u00a0\u00e9mir\u00a0\u00bb\u00a0sera le mollah\u00a0Mohamed Omar Moujahed, originaire de\u00a0Noori&rsquo; dans la province de Kandahar. N\u00e9 en 1960, il est engag\u00e9 dans le djihad depuis l&rsquo;\u00e2ge de 18 ans.\u00a0 Issu de l&rsquo;ethnie pachtoune, il s&rsquo;est ralli\u00e9 \u00e0 la r\u00e9sistance durant la guerre sovi\u00e9tique d&rsquo;Afghanistan et aurait m\u00eame perdu un \u0153il pendant les combats.<\/p>\n<p>Il est le chef des talibans d&rsquo;Afghanistan et fut m\u00eame le chef d&rsquo;\u00c9tat de facto de ce pays de 1996 \u00e0 2001, jusqu&rsquo;aux attentats du 11 Septembre \u00e0 New York. En 1996, Kaboul est prise par les talibans et au bout de quatre ann\u00e9es, la majorit\u00e9 du territoire afghan est sous leur contr\u00f4le.<\/p>\n<p>Personnage myst\u00e9rieux, les photos de lui \u00e9tant introuvables, le mollah Omar s&rsquo;est alli\u00e9 avec Oussama Ben Laden qu&rsquo;il a accueilli en Afghanistan et \u00e9pousera m\u00eame une de ses filles.<\/p>\n<p>10 millions de dollars pour sa capture<\/p>\n<p>Apr\u00e8s les attentats du 11 Septembre et l&rsquo;invasion am\u00e9ricaine en Afghanistan en octobre 2001, il a \u00e9t\u00e9 contraint de dispara\u00eetre et de s&rsquo;enfuir vers le Pakistan, mais son pouvoir restera intact, se consid\u00e9rant toujours comme le commandeur des croyants, et poursuivant sa campagne de recrutements de djihadistes \u00e0 travers le \u00abConseil des combattants unis\u00bb cr\u00e9\u00e9 en 2009.<\/p>\n<p>Le mollah Omar reste toujours, \u00e0 l&rsquo;heure actuelle, recherch\u00e9 par les services secrets am\u00e9ricains, qui offrent une r\u00e9compense de plus de 10 millions de dollars pour sa capture mais le myst\u00e8re plane toujours sur l&rsquo;endroit o\u00f9 il se cacherait.<\/p>\n","protected":false},"excerpt":{"rendered":"<p>[Vid\u00e9o] Aymen Dhawahiri annonce la cr\u00e9ation d&rsquo;une branche d&rsquo;Al-Qa\u00efda<\/p>\n","protected":false},"author":3222,"featured_media":334944,"comment_status":"open","ping_status":"closed","sticky":false,"template":"","format":"standard","meta":{"footnotes":""},"categories":[11345],"tags":[],"class_list":["post-185422","post","type-post","status-publish","format-standard","has-post-thumbnail","hentry","category-transition"],"yoast_head":"<!-- This site is optimized with the Yoast SEO Premium plugin v27.5 (Yoast SEO v27.5) - https:\/\/yoast.com\/product\/yoast-seo-premium-wordpress\/ -->\n<title>[Vid\u00e9o] Aymen Dhawahiri annonce la cr\u00e9ation d&#039;une branche d&#039;Al-Qa\u00efda<\/title>\n<meta name=\"description\" content=\"[Vid\u00e9o] Aymen Dhawahiri annonce la cr\u00e9ation d&#039;une branche d&#039;Al-Qa\u00efda\" \/>\n<link rel=\"canonical\" href=\"https:\/\/www.webdo.tn\/fr\/actualite\/transition\/video-aymen-dhawahiri-annonce-creation-dune-branche-dal-qaida\/185422\/\" \/>\n<meta property=\"og:locale\" content=\"fr_FR\" \/>\n<meta property=\"og:type\" content=\"article\" \/>\n<meta property=\"og:title\" content=\"[Vid\u00e9o] Aymen Dhawahiri annonce la cr\u00e9ation d&#039;une branche d&#039;Al-Qa\u00efda\" \/>\n<meta property=\"og:description\" content=\"[Vid\u00e9o] Aymen Dhawahiri annonce la cr\u00e9ation d&#039;une branche d&#039;Al-Qa\u00efda\" \/>\n<meta property=\"og:url\" content=\"https:\/\/www.webdo.tn\/fr\/actualite\/transition\/video-aymen-dhawahiri-annonce-creation-dune-branche-dal-qaida\/185422\/\" \/>\n<meta property=\"og:site_name\" content=\"webdo\" \/>\n<meta property=\"article:publisher\" content=\"https:\/\/www.facebook.com\/webdotn\" \/>\n<meta property=\"article:published_time\" content=\"2014-09-04T08:47:00+00:00\" \/>\n<meta property=\"article:modified_time\" content=\"2025-05-22T13:21:26+00:00\" \/>\n<meta property=\"og:image\" content=\"https:\/\/www.webdo.tn\/fr\/wp-content\/uploads\/2014\/09\/Aymen-Dhawahiri.jpg\" \/>\n\t<meta property=\"og:image:width\" content=\"358\" \/>\n\t<meta property=\"og:image:height\" content=\"200\" \/>\n\t<meta property=\"og:image:type\" content=\"image\/jpeg\" \/>\n<meta name=\"author\" content=\"webdo.tn\" \/>\n<meta name=\"twitter:card\" content=\"summary_large_image\" \/>\n<meta name=\"twitter:creator\" content=\"@webdo_tn\" \/>\n<meta name=\"twitter:site\" content=\"@webdo_tn\" \/>\n<meta name=\"twitter:label1\" content=\"\u00c9crit par\" \/>\n\t<meta name=\"twitter:data1\" content=\"webdo.tn\" \/>\n\t<meta name=\"twitter:label2\" content=\"Dur\u00e9e de lecture estim\u00e9e\" \/>\n\t<meta name=\"twitter:data2\" content=\"2 minutes\" \/>\n<script type=\"application\/ld+json\" class=\"yoast-schema-graph\">{\"@context\":\"https:\\\/\\\/schema.org\",\"@graph\":[{\"@type\":\"NewsArticle\",\"@id\":\"https:\\\/\\\/www.webdo.tn\\\/fr\\\/actualite\\\/transition\\\/video-aymen-dhawahiri-annonce-creation-dune-branche-dal-qaida\\\/185422\\\/#article\",\"isPartOf\":{\"@id\":\"https:\\\/\\\/www.webdo.tn\\\/fr\\\/actualite\\\/transition\\\/video-aymen-dhawahiri-annonce-creation-dune-branche-dal-qaida\\\/185422\\\/\"},\"author\":{\"name\":\"webdo.tn\",\"@id\":\"https:\\\/\\\/www.webdo.tn\\\/fr\\\/#\\\/schema\\\/person\\\/9a9c6118d687c117df8ef3cc36a4d175\"},\"headline\":\"[Vid\u00e9o] Aymen Dhawahiri annonce la cr\u00e9ation d&rsquo;une branche d&rsquo;Al-Qa\u00efda\",\"datePublished\":\"2014-09-04T08:47:00+00:00\",\"dateModified\":\"2025-05-22T13:21:26+00:00\",\"mainEntityOfPage\":{\"@id\":\"https:\\\/\\\/www.webdo.tn\\\/fr\\\/actualite\\\/transition\\\/video-aymen-dhawahiri-annonce-creation-dune-branche-dal-qaida\\\/185422\\\/\"},\"wordCount\":418,\"commentCount\":0,\"publisher\":{\"@id\":\"https:\\\/\\\/www.webdo.tn\\\/fr\\\/#organization\"},\"image\":{\"@id\":\"https:\\\/\\\/www.webdo.tn\\\/fr\\\/actualite\\\/transition\\\/video-aymen-dhawahiri-annonce-creation-dune-branche-dal-qaida\\\/185422\\\/#primaryimage\"},\"thumbnailUrl\":\"https:\\\/\\\/www.webdo.tn\\\/fr\\\/wp-content\\\/uploads\\\/2014\\\/09\\\/Aymen-Dhawahiri.jpg\",\"articleSection\":[\"Transition\"],\"inLanguage\":\"fr-FR\"},{\"@type\":\"WebPage\",\"@id\":\"https:\\\/\\\/www.webdo.tn\\\/fr\\\/actualite\\\/transition\\\/video-aymen-dhawahiri-annonce-creation-dune-branche-dal-qaida\\\/185422\\\/\",\"url\":\"https:\\\/\\\/www.webdo.tn\\\/fr\\\/actualite\\\/transition\\\/video-aymen-dhawahiri-annonce-creation-dune-branche-dal-qaida\\\/185422\\\/\",\"name\":\"[Vid\u00e9o] Aymen Dhawahiri annonce la cr\u00e9ation d'une branche d'Al-Qa\u00efda\",\"isPartOf\":{\"@id\":\"https:\\\/\\\/www.webdo.tn\\\/fr\\\/#website\"},\"primaryImageOfPage\":{\"@id\":\"https:\\\/\\\/www.webdo.tn\\\/fr\\\/actualite\\\/transition\\\/video-aymen-dhawahiri-annonce-creation-dune-branche-dal-qaida\\\/185422\\\/#primaryimage\"},\"image\":{\"@id\":\"https:\\\/\\\/www.webdo.tn\\\/fr\\\/actualite\\\/transition\\\/video-aymen-dhawahiri-annonce-creation-dune-branche-dal-qaida\\\/185422\\\/#primaryimage\"},\"thumbnailUrl\":\"https:\\\/\\\/www.webdo.tn\\\/fr\\\/wp-content\\\/uploads\\\/2014\\\/09\\\/Aymen-Dhawahiri.jpg\",\"datePublished\":\"2014-09-04T08:47:00+00:00\",\"dateModified\":\"2025-05-22T13:21:26+00:00\",\"description\":\"[Vid\u00e9o] Aymen Dhawahiri annonce la cr\u00e9ation d'une branche d'Al-Qa\u00efda\",\"breadcrumb\":{\"@id\":\"https:\\\/\\\/www.webdo.tn\\\/fr\\\/actualite\\\/transition\\\/video-aymen-dhawahiri-annonce-creation-dune-branche-dal-qaida\\\/185422\\\/#breadcrumb\"},\"inLanguage\":\"fr-FR\",\"potentialAction\":[{\"@type\":\"ReadAction\",\"target\":[\"https:\\\/\\\/www.webdo.tn\\\/fr\\\/actualite\\\/transition\\\/video-aymen-dhawahiri-annonce-creation-dune-branche-dal-qaida\\\/185422\\\/\"]}]},{\"@type\":\"ImageObject\",\"inLanguage\":\"fr-FR\",\"@id\":\"https:\\\/\\\/www.webdo.tn\\\/fr\\\/actualite\\\/transition\\\/video-aymen-dhawahiri-annonce-creation-dune-branche-dal-qaida\\\/185422\\\/#primaryimage\",\"url\":\"https:\\\/\\\/www.webdo.tn\\\/fr\\\/wp-content\\\/uploads\\\/2014\\\/09\\\/Aymen-Dhawahiri.jpg\",\"contentUrl\":\"https:\\\/\\\/www.webdo.tn\\\/fr\\\/wp-content\\\/uploads\\\/2014\\\/09\\\/Aymen-Dhawahiri.jpg\",\"width\":358,\"height\":200,\"caption\":\"[Vid\u00e9o] Aymen Dhawahiri annonce la cr\u00e9ation d'une branche d'Al-Qa\u00efda\"},{\"@type\":\"BreadcrumbList\",\"@id\":\"https:\\\/\\\/www.webdo.tn\\\/fr\\\/actualite\\\/transition\\\/video-aymen-dhawahiri-annonce-creation-dune-branche-dal-qaida\\\/185422\\\/#breadcrumb\",\"itemListElement\":[{\"@type\":\"ListItem\",\"position\":1,\"name\":\"Accueil\",\"item\":\"https:\\\/\\\/www.webdo.tn\\\/fr\\\/\"},{\"@type\":\"ListItem\",\"position\":2,\"name\":\"[Vid\u00e9o] Aymen Dhawahiri annonce la cr\u00e9ation d&rsquo;une branche d&rsquo;Al-Qa\u00efda\"}]},{\"@type\":\"WebSite\",\"@id\":\"https:\\\/\\\/www.webdo.tn\\\/fr\\\/#website\",\"url\":\"https:\\\/\\\/www.webdo.tn\\\/fr\\\/\",\"name\":\"webdo\",\"description\":\"Tunisie - News en Tunisie et \u00e0 l&#039;international sur Webdo.tn\",\"publisher\":{\"@id\":\"https:\\\/\\\/www.webdo.tn\\\/fr\\\/#organization\"},\"potentialAction\":[{\"@type\":\"SearchAction\",\"target\":{\"@type\":\"EntryPoint\",\"urlTemplate\":\"https:\\\/\\\/www.webdo.tn\\\/fr\\\/?s={search_term_string}\"},\"query-input\":{\"@type\":\"PropertyValueSpecification\",\"valueRequired\":true,\"valueName\":\"search_term_string\"}}],\"inLanguage\":\"fr-FR\"},{\"@type\":\"Organization\",\"@id\":\"https:\\\/\\\/www.webdo.tn\\\/fr\\\/#organization\",\"name\":\"Webdo\",\"alternateName\":\"Webdo.tn\",\"url\":\"https:\\\/\\\/www.webdo.tn\\\/fr\\\/\",\"logo\":{\"@type\":\"ImageObject\",\"inLanguage\":\"fr-FR\",\"@id\":\"https:\\\/\\\/www.webdo.tn\\\/fr\\\/#\\\/schema\\\/logo\\\/image\\\/\",\"url\":\"https:\\\/\\\/www.webdo.tn\\\/fr\\\/wp-content\\\/uploads\\\/2025\\\/06\\\/Webdo-Tunisie_168377.jpg\",\"contentUrl\":\"https:\\\/\\\/www.webdo.tn\\\/fr\\\/wp-content\\\/uploads\\\/2025\\\/06\\\/Webdo-Tunisie_168377.jpg\",\"width\":301,\"height\":301,\"caption\":\"Webdo\"},\"image\":{\"@id\":\"https:\\\/\\\/www.webdo.tn\\\/fr\\\/#\\\/schema\\\/logo\\\/image\\\/\"},\"sameAs\":[\"https:\\\/\\\/www.facebook.com\\\/webdotn\",\"https:\\\/\\\/x.com\\\/webdo_tn\"],\"description\":\"Webdo est un m\u00e9dia num\u00e9rique tunisien fond\u00e9 en 2010, sp\u00e9cialis\u00e9 dans l\u2019actualit\u00e9 nationale et internationale, l\u2019\u00e9conomie, la soci\u00e9t\u00e9 et les analyses politiques. Le site s\u2019adresse \u00e0 un large public francophone et couvre l\u2019information tunisienne en temps r\u00e9el.\",\"email\":\"redac@webdo.tn\",\"legalName\":\"YNJ SARL\",\"foundingDate\":\"2010-09-06\",\"numberOfEmployees\":{\"@type\":\"QuantitativeValue\",\"minValue\":\"11\",\"maxValue\":\"50\"}},{\"@type\":\"Person\",\"@id\":\"https:\\\/\\\/www.webdo.tn\\\/fr\\\/#\\\/schema\\\/person\\\/9a9c6118d687c117df8ef3cc36a4d175\",\"name\":\"webdo.tn\",\"image\":{\"@type\":\"ImageObject\",\"inLanguage\":\"fr-FR\",\"@id\":\"https:\\\/\\\/secure.gravatar.com\\\/avatar\\\/7ce1f28c0c3bbac99ff550b85ef8e44a6950c6ee24514fb6a5489e51d06f0298?s=96&d=mm&r=g\",\"url\":\"https:\\\/\\\/secure.gravatar.com\\\/avatar\\\/7ce1f28c0c3bbac99ff550b85ef8e44a6950c6ee24514fb6a5489e51d06f0298?s=96&d=mm&r=g\",\"contentUrl\":\"https:\\\/\\\/secure.gravatar.com\\\/avatar\\\/7ce1f28c0c3bbac99ff550b85ef8e44a6950c6ee24514fb6a5489e51d06f0298?s=96&d=mm&r=g\",\"caption\":\"webdo.tn\"},\"url\":\"https:\\\/\\\/www.webdo.tn\\\/fr\\\/actualite\\\/author\\\/webdotn\\\/\"}]}<\/script>\n<!-- \/ Yoast SEO Premium plugin. -->","yoast_head_json":{"title":"[Vid\u00e9o] Aymen Dhawahiri annonce la cr\u00e9ation d'une branche d'Al-Qa\u00efda","description":"[Vid\u00e9o] Aymen Dhawahiri annonce la cr\u00e9ation d'une branche d'Al-Qa\u00efda","canonical":"https:\/\/www.webdo.tn\/fr\/actualite\/transition\/video-aymen-dhawahiri-annonce-creation-dune-branche-dal-qaida\/185422\/","og_locale":"fr_FR","og_type":"article","og_title":"[Vid\u00e9o] Aymen Dhawahiri annonce la cr\u00e9ation d'une branche d'Al-Qa\u00efda","og_description":"[Vid\u00e9o] Aymen Dhawahiri annonce la cr\u00e9ation d'une branche d'Al-Qa\u00efda","og_url":"https:\/\/www.webdo.tn\/fr\/actualite\/transition\/video-aymen-dhawahiri-annonce-creation-dune-branche-dal-qaida\/185422\/","og_site_name":"webdo","article_publisher":"https:\/\/www.facebook.com\/webdotn","article_published_time":"2014-09-04T08:47:00+00:00","article_modified_time":"2025-05-22T13:21:26+00:00","og_image":[{"width":358,"height":200,"url":"https:\/\/www.webdo.tn\/fr\/wp-content\/uploads\/2014\/09\/Aymen-Dhawahiri.jpg","type":"image\/jpeg"}],"author":"webdo.tn","twitter_card":"summary_large_image","twitter_creator":"@webdo_tn","twitter_site":"@webdo_tn","twitter_misc":{"\u00c9crit par":"webdo.tn","Dur\u00e9e de lecture estim\u00e9e":"2 minutes"},"schema":{"@context":"https:\/\/schema.org","@graph":[{"@type":"NewsArticle","@id":"https:\/\/www.webdo.tn\/fr\/actualite\/transition\/video-aymen-dhawahiri-annonce-creation-dune-branche-dal-qaida\/185422\/#article","isPartOf":{"@id":"https:\/\/www.webdo.tn\/fr\/actualite\/transition\/video-aymen-dhawahiri-annonce-creation-dune-branche-dal-qaida\/185422\/"},"author":{"name":"webdo.tn","@id":"https:\/\/www.webdo.tn\/fr\/#\/schema\/person\/9a9c6118d687c117df8ef3cc36a4d175"},"headline":"[Vid\u00e9o] Aymen Dhawahiri annonce la cr\u00e9ation d&rsquo;une branche d&rsquo;Al-Qa\u00efda","datePublished":"2014-09-04T08:47:00+00:00","dateModified":"2025-05-22T13:21:26+00:00","mainEntityOfPage":{"@id":"https:\/\/www.webdo.tn\/fr\/actualite\/transition\/video-aymen-dhawahiri-annonce-creation-dune-branche-dal-qaida\/185422\/"},"wordCount":418,"commentCount":0,"publisher":{"@id":"https:\/\/www.webdo.tn\/fr\/#organization"},"image":{"@id":"https:\/\/www.webdo.tn\/fr\/actualite\/transition\/video-aymen-dhawahiri-annonce-creation-dune-branche-dal-qaida\/185422\/#primaryimage"},"thumbnailUrl":"https:\/\/www.webdo.tn\/fr\/wp-content\/uploads\/2014\/09\/Aymen-Dhawahiri.jpg","articleSection":["Transition"],"inLanguage":"fr-FR"},{"@type":"WebPage","@id":"https:\/\/www.webdo.tn\/fr\/actualite\/transition\/video-aymen-dhawahiri-annonce-creation-dune-branche-dal-qaida\/185422\/","url":"https:\/\/www.webdo.tn\/fr\/actualite\/transition\/video-aymen-dhawahiri-annonce-creation-dune-branche-dal-qaida\/185422\/","name":"[Vid\u00e9o] Aymen Dhawahiri annonce la cr\u00e9ation d'une branche d'Al-Qa\u00efda","isPartOf":{"@id":"https:\/\/www.webdo.tn\/fr\/#website"},"primaryImageOfPage":{"@id":"https:\/\/www.webdo.tn\/fr\/actualite\/transition\/video-aymen-dhawahiri-annonce-creation-dune-branche-dal-qaida\/185422\/#primaryimage"},"image":{"@id":"https:\/\/www.webdo.tn\/fr\/actualite\/transition\/video-aymen-dhawahiri-annonce-creation-dune-branche-dal-qaida\/185422\/#primaryimage"},"thumbnailUrl":"https:\/\/www.webdo.tn\/fr\/wp-content\/uploads\/2014\/09\/Aymen-Dhawahiri.jpg","datePublished":"2014-09-04T08:47:00+00:00","dateModified":"2025-05-22T13:21:26+00:00","description":"[Vid\u00e9o] Aymen Dhawahiri annonce la cr\u00e9ation d'une branche d'Al-Qa\u00efda","breadcrumb":{"@id":"https:\/\/www.webdo.tn\/fr\/actualite\/transition\/video-aymen-dhawahiri-annonce-creation-dune-branche-dal-qaida\/185422\/#breadcrumb"},"inLanguage":"fr-FR","potentialAction":[{"@type":"ReadAction","target":["https:\/\/www.webdo.tn\/fr\/actualite\/transition\/video-aymen-dhawahiri-annonce-creation-dune-branche-dal-qaida\/185422\/"]}]},{"@type":"ImageObject","inLanguage":"fr-FR","@id":"https:\/\/www.webdo.tn\/fr\/actualite\/transition\/video-aymen-dhawahiri-annonce-creation-dune-branche-dal-qaida\/185422\/#primaryimage","url":"https:\/\/www.webdo.tn\/fr\/wp-content\/uploads\/2014\/09\/Aymen-Dhawahiri.jpg","contentUrl":"https:\/\/www.webdo.tn\/fr\/wp-content\/uploads\/2014\/09\/Aymen-Dhawahiri.jpg","width":358,"height":200,"caption":"[Vid\u00e9o] Aymen Dhawahiri annonce la cr\u00e9ation d'une branche d'Al-Qa\u00efda"},{"@type":"BreadcrumbList","@id":"https:\/\/www.webdo.tn\/fr\/actualite\/transition\/video-aymen-dhawahiri-annonce-creation-dune-branche-dal-qaida\/185422\/#breadcrumb","itemListElement":[{"@type":"ListItem","position":1,"name":"Accueil","item":"https:\/\/www.webdo.tn\/fr\/"},{"@type":"ListItem","position":2,"name":"[Vid\u00e9o] Aymen Dhawahiri annonce la cr\u00e9ation d&rsquo;une branche d&rsquo;Al-Qa\u00efda"}]},{"@type":"WebSite","@id":"https:\/\/www.webdo.tn\/fr\/#website","url":"https:\/\/www.webdo.tn\/fr\/","name":"webdo","description":"Tunisie - News en Tunisie et \u00e0 l&#039;international sur Webdo.tn","publisher":{"@id":"https:\/\/www.webdo.tn\/fr\/#organization"},"potentialAction":[{"@type":"SearchAction","target":{"@type":"EntryPoint","urlTemplate":"https:\/\/www.webdo.tn\/fr\/?s={search_term_string}"},"query-input":{"@type":"PropertyValueSpecification","valueRequired":true,"valueName":"search_term_string"}}],"inLanguage":"fr-FR"},{"@type":"Organization","@id":"https:\/\/www.webdo.tn\/fr\/#organization","name":"Webdo","alternateName":"Webdo.tn","url":"https:\/\/www.webdo.tn\/fr\/","logo":{"@type":"ImageObject","inLanguage":"fr-FR","@id":"https:\/\/www.webdo.tn\/fr\/#\/schema\/logo\/image\/","url":"https:\/\/www.webdo.tn\/fr\/wp-content\/uploads\/2025\/06\/Webdo-Tunisie_168377.jpg","contentUrl":"https:\/\/www.webdo.tn\/fr\/wp-content\/uploads\/2025\/06\/Webdo-Tunisie_168377.jpg","width":301,"height":301,"caption":"Webdo"},"image":{"@id":"https:\/\/www.webdo.tn\/fr\/#\/schema\/logo\/image\/"},"sameAs":["https:\/\/www.facebook.com\/webdotn","https:\/\/x.com\/webdo_tn"],"description":"Webdo est un m\u00e9dia num\u00e9rique tunisien fond\u00e9 en 2010, sp\u00e9cialis\u00e9 dans l\u2019actualit\u00e9 nationale et internationale, l\u2019\u00e9conomie, la soci\u00e9t\u00e9 et les analyses politiques. Le site s\u2019adresse \u00e0 un large public francophone et couvre l\u2019information tunisienne en temps r\u00e9el.","email":"redac@webdo.tn","legalName":"YNJ SARL","foundingDate":"2010-09-06","numberOfEmployees":{"@type":"QuantitativeValue","minValue":"11","maxValue":"50"}},{"@type":"Person","@id":"https:\/\/www.webdo.tn\/fr\/#\/schema\/person\/9a9c6118d687c117df8ef3cc36a4d175","name":"webdo.tn","image":{"@type":"ImageObject","inLanguage":"fr-FR","@id":"https:\/\/secure.gravatar.com\/avatar\/7ce1f28c0c3bbac99ff550b85ef8e44a6950c6ee24514fb6a5489e51d06f0298?s=96&d=mm&r=g","url":"https:\/\/secure.gravatar.com\/avatar\/7ce1f28c0c3bbac99ff550b85ef8e44a6950c6ee24514fb6a5489e51d06f0298?s=96&d=mm&r=g","contentUrl":"https:\/\/secure.gravatar.com\/avatar\/7ce1f28c0c3bbac99ff550b85ef8e44a6950c6ee24514fb6a5489e51d06f0298?s=96&d=mm&r=g","caption":"webdo.tn"},"url":"https:\/\/www.webdo.tn\/fr\/actualite\/author\/webdotn\/"}]}},"_links":{"self":[{"href":"https:\/\/www.webdo.tn\/fr\/wp-json\/wp\/v2\/posts\/185422","targetHints":{"allow":["GET"]}}],"collection":[{"href":"https:\/\/www.webdo.tn\/fr\/wp-json\/wp\/v2\/posts"}],"about":[{"href":"https:\/\/www.webdo.tn\/fr\/wp-json\/wp\/v2\/types\/post"}],"author":[{"embeddable":true,"href":"https:\/\/www.webdo.tn\/fr\/wp-json\/wp\/v2\/users\/3222"}],"replies":[{"embeddable":true,"href":"https:\/\/www.webdo.tn\/fr\/wp-json\/wp\/v2\/comments?post=185422"}],"version-history":[{"count":0,"href":"https:\/\/www.webdo.tn\/fr\/wp-json\/wp\/v2\/posts\/185422\/revisions"}],"wp:featuredmedia":[{"embeddable":true,"href":"https:\/\/www.webdo.tn\/fr\/wp-json\/wp\/v2\/media\/334944"}],"wp:attachment":[{"href":"https:\/\/www.webdo.tn\/fr\/wp-json\/wp\/v2\/media?parent=185422"}],"wp:term":[{"taxonomy":"category","embeddable":true,"href":"https:\/\/www.webdo.tn\/fr\/wp-json\/wp\/v2\/categories?post=185422"},{"taxonomy":"post_tag","embeddable":true,"href":"https:\/\/www.webdo.tn\/fr\/wp-json\/wp\/v2\/tags?post=185422"}],"curies":[{"name":"wp","href":"https:\/\/api.w.org\/{rel}","templated":true}]}}