{"id":185421,"date":"2014-10-02T23:50:00","date_gmt":"2014-10-02T21:50:00","guid":{"rendered":"https:\/\/www.webdo.tn\/fr\/actualite\/transition\/tunisie-hechmi-hamdi-annonce-quil-nutilisera-pas-sa-chaine-al-mustaquilla-pour-sa-campagne-electorale\/185421"},"modified":"2014-10-02T23:50:00","modified_gmt":"2014-10-02T21:50:00","slug":"tunisie-hechmi-hamdi-annonce-quil-nutilisera-pas-sa-chaine-al-mustaquilla-pour-sa-campagne-electorale","status":"publish","type":"post","link":"https:\/\/www.webdo.tn\/fr\/actualite\/transition\/tunisie-hechmi-hamdi-annonce-quil-nutilisera-pas-sa-chaine-al-mustaquilla-pour-sa-campagne-electorale\/185421\/","title":{"rendered":"Hechmi Hamdi annonce qu&rsquo;il n&rsquo;utilisera pas sa chaine Al Mustaquilla pour sa campagne \u00e9lectorale"},"content":{"rendered":"<p>Dans une interview accord\u00e9e \u00e0 la radio Sabra FM, ce jeudi 2 octobre, Hachmi el Hamdi, chef du parti \u201cel Mahaba\u201d (ex-Al Aridha), a annonc\u00e9 qu&rsquo;il n\u2019a pas l\u2019intention de promouvoir sa campagne \u00e0 l&rsquo;\u00e9lection pr\u00e9sidentielle \u00a0sur sa cha\u00eene priv\u00e9e tuniso-britannique \u201cAl Mustaquilla\u201d (l&rsquo;Ind\u00e9pendante) qu&rsquo;il a lanc\u00e9\u00a0depuis 1999.<\/p>\n<p>\u201cLa cha\u00eene Al Mustaquilla ne participera pas \u00e0 la campagne \u00e9lectorale, et \u00a0la HAICA est bien au courant de \u00e7\u00e0, la chaine ne couvrira pas les \u00e9lections\u201d, a-t-il pr\u00e9cis\u00e9. \u00a0\u00bb<\/p>\n<p>A partir du vendredi soir, avec l&rsquo;aide de Dieu, la chaine Al Mustaquilla s&rsquo;arr\u00eatera de traiter les affaires politiques en Tunisie totalement et reviendra, enti\u00e8re, \u00e0 son public arabe,\u00a0\u00bb a-t-il twitt\u00e9.<br \/>\n\u0645\u0633\u0627\u0621 \u063a\u062f \u0627\u0644\u062c\u0645\u0639\u0629 \u0628\u062d\u0648\u0644 \u0627\u0644\u0644\u0647 \u062a\u062a\u0648\u0642\u0641 \u0642\u0646\u0627\u0629 \u0627\u0644\u0645\u0633\u062a\u0642\u0644\u0629 \u0639\u0646 \u062a\u0646\u0627\u0648\u0644 \u0627\u0644\u0634\u0624\u0648\u0646 \u0627\u0644\u0633\u064a\u0627\u0633\u064a\u0629 \u0641\u064a #\u062a\u0648\u0646\u0633 \u0628\u0634\u0643\u0644 \u062a\u0627\u0645\u060c \u0648\u062a\u0639\u0648\u062f \u0628\u0627\u0644\u0643\u0627\u0645\u0644 \u0644\u062c\u0645\u0647\u0648\u0631\u0647\u0627 \u0627\u0644\u0639\u0631\u0628\u064a \u0627\u0644\u0639\u0631\u064a\u0636. \u0639\u064a\u062f\u0643\u0645 \u0645\u0628\u0627\u0631\u0643. \u2014 \u0645\u062d\u0645\u062f \u0627\u0644\u0647\u0627\u0634\u0645\u064a \u0627\u0644\u062d\u0627\u0645\u062f\u064a (@MALHACHIMI) 2 Octobre 2014<br \/>\nRappelons que l\u00a0Haute autorit\u00e9 ind\u00e9pendante de la communication audiovisuelle\u00a0(HAICA), \u00a0a mis en place une\u00a0\u00ab\u00a0unit\u00e9 de monitoring \u00e9lectorale des m\u00e9dias\u00a0\u00bb\u00a0pour veiller au respect de la r\u00e9partition du temps de parole donn\u00e9 aux personnalit\u00e9s politiques dans les m\u00e9dias\u00a0audio-visuels. Par Nadia D\u00e9joui<\/p>\n","protected":false},"excerpt":{"rendered":"<p>Dans une interview accord\u00e9e \u00e0 la radio Sabra FM, ce jeudi 2 octobre, Hachmi el Hamdi, chef du parti \u201cel Mahaba\u201d (ex-Al Aridha), a annonc\u00e9 qu&rsquo;il n\u2019<\/p>\n","protected":false},"author":3222,"featured_media":373420,"comment_status":"open","ping_status":"open","sticky":false,"template":"","format":"standard","meta":{"footnotes":""},"categories":[11345],"tags":[],"class_list":["post-185421","post","type-post","status-publish","format-standard","has-post-thumbnail","hentry","category-transition"],"yoast_head":"<!-- This site is optimized with the Yoast SEO Premium plugin v27.5 (Yoast SEO v27.5) - https:\/\/yoast.com\/product\/yoast-seo-premium-wordpress\/ -->\n<title>Hechmi Hamdi annonce qu&#039;il n&#039;utilisera pas sa chaine Al Mustaquilla pour sa campagne \u00e9lectorale<\/title>\n<meta name=\"description\" content=\"Hechmi Hamdi annonce qu&#039;il n&#039;utilisera pas sa chaine Al Mustaquilla pour sa campagne \u00e9lectorale\" \/>\n<link rel=\"canonical\" href=\"https:\/\/www.webdo.tn\/fr\/actualite\/transition\/tunisie-hechmi-hamdi-annonce-quil-nutilisera-pas-sa-chaine-al-mustaquilla-pour-sa-campagne-electorale\/185421\/\" \/>\n<meta property=\"og:locale\" content=\"fr_FR\" \/>\n<meta property=\"og:type\" content=\"article\" \/>\n<meta property=\"og:title\" content=\"Hechmi Hamdi annonce qu&#039;il n&#039;utilisera pas sa chaine Al Mustaquilla pour sa campagne \u00e9lectorale\" \/>\n<meta property=\"og:description\" content=\"Hechmi Hamdi annonce qu&#039;il n&#039;utilisera pas sa chaine Al Mustaquilla pour sa campagne \u00e9lectorale\" \/>\n<meta property=\"og:url\" content=\"https:\/\/www.webdo.tn\/fr\/actualite\/transition\/tunisie-hechmi-hamdi-annonce-quil-nutilisera-pas-sa-chaine-al-mustaquilla-pour-sa-campagne-electorale\/185421\/\" \/>\n<meta property=\"og:site_name\" content=\"webdo\" \/>\n<meta property=\"article:publisher\" content=\"https:\/\/www.facebook.com\/webdotn\" \/>\n<meta property=\"article:published_time\" content=\"2014-10-02T21:50:00+00:00\" \/>\n<meta property=\"og:image\" content=\"https:\/\/www.webdo.tn\/fr\/wp-content\/uploads\/2025\/06\/Capture-decran-2014-10-02-a-23.33.40-e1412289682238_185421.png\" \/>\n\t<meta property=\"og:image:width\" content=\"206\" \/>\n\t<meta property=\"og:image:height\" content=\"240\" \/>\n\t<meta property=\"og:image:type\" content=\"image\/png\" \/>\n<meta name=\"author\" content=\"webdo.tn\" \/>\n<meta name=\"twitter:card\" content=\"summary_large_image\" \/>\n<meta name=\"twitter:creator\" content=\"@webdo_tn\" \/>\n<meta name=\"twitter:site\" content=\"@webdo_tn\" \/>\n<meta name=\"twitter:label1\" content=\"\u00c9crit par\" \/>\n\t<meta name=\"twitter:data1\" content=\"webdo.tn\" \/>\n\t<meta name=\"twitter:label2\" content=\"Dur\u00e9e de lecture estim\u00e9e\" \/>\n\t<meta name=\"twitter:data2\" content=\"1 minute\" \/>\n<script type=\"application\/ld+json\" class=\"yoast-schema-graph\">{\"@context\":\"https:\\\/\\\/schema.org\",\"@graph\":[{\"@type\":\"NewsArticle\",\"@id\":\"https:\\\/\\\/www.webdo.tn\\\/fr\\\/actualite\\\/transition\\\/tunisie-hechmi-hamdi-annonce-quil-nutilisera-pas-sa-chaine-al-mustaquilla-pour-sa-campagne-electorale\\\/185421\\\/#article\",\"isPartOf\":{\"@id\":\"https:\\\/\\\/www.webdo.tn\\\/fr\\\/actualite\\\/transition\\\/tunisie-hechmi-hamdi-annonce-quil-nutilisera-pas-sa-chaine-al-mustaquilla-pour-sa-campagne-electorale\\\/185421\\\/\"},\"author\":{\"name\":\"webdo.tn\",\"@id\":\"https:\\\/\\\/www.webdo.tn\\\/fr\\\/#\\\/schema\\\/person\\\/9a9c6118d687c117df8ef3cc36a4d175\"},\"headline\":\"Hechmi Hamdi annonce qu&rsquo;il n&rsquo;utilisera pas sa chaine Al Mustaquilla pour sa campagne \u00e9lectorale\",\"datePublished\":\"2014-10-02T21:50:00+00:00\",\"mainEntityOfPage\":{\"@id\":\"https:\\\/\\\/www.webdo.tn\\\/fr\\\/actualite\\\/transition\\\/tunisie-hechmi-hamdi-annonce-quil-nutilisera-pas-sa-chaine-al-mustaquilla-pour-sa-campagne-electorale\\\/185421\\\/\"},\"wordCount\":187,\"commentCount\":0,\"publisher\":{\"@id\":\"https:\\\/\\\/www.webdo.tn\\\/fr\\\/#organization\"},\"image\":{\"@id\":\"https:\\\/\\\/www.webdo.tn\\\/fr\\\/actualite\\\/transition\\\/tunisie-hechmi-hamdi-annonce-quil-nutilisera-pas-sa-chaine-al-mustaquilla-pour-sa-campagne-electorale\\\/185421\\\/#primaryimage\"},\"thumbnailUrl\":\"https:\\\/\\\/www.webdo.tn\\\/fr\\\/wp-content\\\/uploads\\\/2025\\\/06\\\/Capture-decran-2014-10-02-a-23.33.40-e1412289682238_185421.png\",\"articleSection\":[\"Transition\"],\"inLanguage\":\"fr-FR\"},{\"@type\":\"WebPage\",\"@id\":\"https:\\\/\\\/www.webdo.tn\\\/fr\\\/actualite\\\/transition\\\/tunisie-hechmi-hamdi-annonce-quil-nutilisera-pas-sa-chaine-al-mustaquilla-pour-sa-campagne-electorale\\\/185421\\\/\",\"url\":\"https:\\\/\\\/www.webdo.tn\\\/fr\\\/actualite\\\/transition\\\/tunisie-hechmi-hamdi-annonce-quil-nutilisera-pas-sa-chaine-al-mustaquilla-pour-sa-campagne-electorale\\\/185421\\\/\",\"name\":\"Hechmi Hamdi annonce qu'il n'utilisera pas sa chaine Al Mustaquilla pour sa campagne \u00e9lectorale\",\"isPartOf\":{\"@id\":\"https:\\\/\\\/www.webdo.tn\\\/fr\\\/#website\"},\"primaryImageOfPage\":{\"@id\":\"https:\\\/\\\/www.webdo.tn\\\/fr\\\/actualite\\\/transition\\\/tunisie-hechmi-hamdi-annonce-quil-nutilisera-pas-sa-chaine-al-mustaquilla-pour-sa-campagne-electorale\\\/185421\\\/#primaryimage\"},\"image\":{\"@id\":\"https:\\\/\\\/www.webdo.tn\\\/fr\\\/actualite\\\/transition\\\/tunisie-hechmi-hamdi-annonce-quil-nutilisera-pas-sa-chaine-al-mustaquilla-pour-sa-campagne-electorale\\\/185421\\\/#primaryimage\"},\"thumbnailUrl\":\"https:\\\/\\\/www.webdo.tn\\\/fr\\\/wp-content\\\/uploads\\\/2025\\\/06\\\/Capture-decran-2014-10-02-a-23.33.40-e1412289682238_185421.png\",\"datePublished\":\"2014-10-02T21:50:00+00:00\",\"description\":\"Hechmi Hamdi annonce qu'il n'utilisera pas sa chaine Al Mustaquilla pour sa campagne \u00e9lectorale\",\"breadcrumb\":{\"@id\":\"https:\\\/\\\/www.webdo.tn\\\/fr\\\/actualite\\\/transition\\\/tunisie-hechmi-hamdi-annonce-quil-nutilisera-pas-sa-chaine-al-mustaquilla-pour-sa-campagne-electorale\\\/185421\\\/#breadcrumb\"},\"inLanguage\":\"fr-FR\",\"potentialAction\":[{\"@type\":\"ReadAction\",\"target\":[\"https:\\\/\\\/www.webdo.tn\\\/fr\\\/actualite\\\/transition\\\/tunisie-hechmi-hamdi-annonce-quil-nutilisera-pas-sa-chaine-al-mustaquilla-pour-sa-campagne-electorale\\\/185421\\\/\"]}]},{\"@type\":\"ImageObject\",\"inLanguage\":\"fr-FR\",\"@id\":\"https:\\\/\\\/www.webdo.tn\\\/fr\\\/actualite\\\/transition\\\/tunisie-hechmi-hamdi-annonce-quil-nutilisera-pas-sa-chaine-al-mustaquilla-pour-sa-campagne-electorale\\\/185421\\\/#primaryimage\",\"url\":\"https:\\\/\\\/www.webdo.tn\\\/fr\\\/wp-content\\\/uploads\\\/2025\\\/06\\\/Capture-decran-2014-10-02-a-23.33.40-e1412289682238_185421.png\",\"contentUrl\":\"https:\\\/\\\/www.webdo.tn\\\/fr\\\/wp-content\\\/uploads\\\/2025\\\/06\\\/Capture-decran-2014-10-02-a-23.33.40-e1412289682238_185421.png\",\"width\":206,\"height\":240,\"caption\":\"Hechmi Hamdi annonce qu'il n'utilisera pas sa chaine Al Mustaquilla pour sa campagne \u00e9lectorale\"},{\"@type\":\"BreadcrumbList\",\"@id\":\"https:\\\/\\\/www.webdo.tn\\\/fr\\\/actualite\\\/transition\\\/tunisie-hechmi-hamdi-annonce-quil-nutilisera-pas-sa-chaine-al-mustaquilla-pour-sa-campagne-electorale\\\/185421\\\/#breadcrumb\",\"itemListElement\":[{\"@type\":\"ListItem\",\"position\":1,\"name\":\"Accueil\",\"item\":\"https:\\\/\\\/www.webdo.tn\\\/fr\\\/\"},{\"@type\":\"ListItem\",\"position\":2,\"name\":\"Hechmi Hamdi annonce qu&rsquo;il n&rsquo;utilisera pas sa chaine Al Mustaquilla pour sa campagne \u00e9lectorale\"}]},{\"@type\":\"WebSite\",\"@id\":\"https:\\\/\\\/www.webdo.tn\\\/fr\\\/#website\",\"url\":\"https:\\\/\\\/www.webdo.tn\\\/fr\\\/\",\"name\":\"webdo\",\"description\":\"Tunisie - News en Tunisie et \u00e0 l&#039;international sur Webdo.tn\",\"publisher\":{\"@id\":\"https:\\\/\\\/www.webdo.tn\\\/fr\\\/#organization\"},\"potentialAction\":[{\"@type\":\"SearchAction\",\"target\":{\"@type\":\"EntryPoint\",\"urlTemplate\":\"https:\\\/\\\/www.webdo.tn\\\/fr\\\/?s={search_term_string}\"},\"query-input\":{\"@type\":\"PropertyValueSpecification\",\"valueRequired\":true,\"valueName\":\"search_term_string\"}}],\"inLanguage\":\"fr-FR\"},{\"@type\":\"Organization\",\"@id\":\"https:\\\/\\\/www.webdo.tn\\\/fr\\\/#organization\",\"name\":\"Webdo\",\"alternateName\":\"Webdo.tn\",\"url\":\"https:\\\/\\\/www.webdo.tn\\\/fr\\\/\",\"logo\":{\"@type\":\"ImageObject\",\"inLanguage\":\"fr-FR\",\"@id\":\"https:\\\/\\\/www.webdo.tn\\\/fr\\\/#\\\/schema\\\/logo\\\/image\\\/\",\"url\":\"https:\\\/\\\/www.webdo.tn\\\/fr\\\/wp-content\\\/uploads\\\/2025\\\/06\\\/Webdo-Tunisie_168377.jpg\",\"contentUrl\":\"https:\\\/\\\/www.webdo.tn\\\/fr\\\/wp-content\\\/uploads\\\/2025\\\/06\\\/Webdo-Tunisie_168377.jpg\",\"width\":301,\"height\":301,\"caption\":\"Webdo\"},\"image\":{\"@id\":\"https:\\\/\\\/www.webdo.tn\\\/fr\\\/#\\\/schema\\\/logo\\\/image\\\/\"},\"sameAs\":[\"https:\\\/\\\/www.facebook.com\\\/webdotn\",\"https:\\\/\\\/x.com\\\/webdo_tn\"],\"description\":\"Webdo est un m\u00e9dia num\u00e9rique tunisien fond\u00e9 en 2010, sp\u00e9cialis\u00e9 dans l\u2019actualit\u00e9 nationale et internationale, l\u2019\u00e9conomie, la soci\u00e9t\u00e9 et les analyses politiques. Le site s\u2019adresse \u00e0 un large public francophone et couvre l\u2019information tunisienne en temps r\u00e9el.\",\"email\":\"redac@webdo.tn\",\"legalName\":\"YNJ SARL\",\"foundingDate\":\"2010-09-06\",\"numberOfEmployees\":{\"@type\":\"QuantitativeValue\",\"minValue\":\"11\",\"maxValue\":\"50\"}},{\"@type\":\"Person\",\"@id\":\"https:\\\/\\\/www.webdo.tn\\\/fr\\\/#\\\/schema\\\/person\\\/9a9c6118d687c117df8ef3cc36a4d175\",\"name\":\"webdo.tn\",\"image\":{\"@type\":\"ImageObject\",\"inLanguage\":\"fr-FR\",\"@id\":\"https:\\\/\\\/secure.gravatar.com\\\/avatar\\\/7ce1f28c0c3bbac99ff550b85ef8e44a6950c6ee24514fb6a5489e51d06f0298?s=96&d=mm&r=g\",\"url\":\"https:\\\/\\\/secure.gravatar.com\\\/avatar\\\/7ce1f28c0c3bbac99ff550b85ef8e44a6950c6ee24514fb6a5489e51d06f0298?s=96&d=mm&r=g\",\"contentUrl\":\"https:\\\/\\\/secure.gravatar.com\\\/avatar\\\/7ce1f28c0c3bbac99ff550b85ef8e44a6950c6ee24514fb6a5489e51d06f0298?s=96&d=mm&r=g\",\"caption\":\"webdo.tn\"},\"url\":\"https:\\\/\\\/www.webdo.tn\\\/fr\\\/actualite\\\/author\\\/webdotn\\\/\"}]}<\/script>\n<!-- \/ Yoast SEO Premium plugin. -->","yoast_head_json":{"title":"Hechmi Hamdi annonce qu'il n'utilisera pas sa chaine Al Mustaquilla pour sa campagne \u00e9lectorale","description":"Hechmi Hamdi annonce qu'il n'utilisera pas sa chaine Al Mustaquilla pour sa campagne \u00e9lectorale","canonical":"https:\/\/www.webdo.tn\/fr\/actualite\/transition\/tunisie-hechmi-hamdi-annonce-quil-nutilisera-pas-sa-chaine-al-mustaquilla-pour-sa-campagne-electorale\/185421\/","og_locale":"fr_FR","og_type":"article","og_title":"Hechmi Hamdi annonce qu'il n'utilisera pas sa chaine Al Mustaquilla pour sa campagne \u00e9lectorale","og_description":"Hechmi Hamdi annonce qu'il n'utilisera pas sa chaine Al Mustaquilla pour sa campagne \u00e9lectorale","og_url":"https:\/\/www.webdo.tn\/fr\/actualite\/transition\/tunisie-hechmi-hamdi-annonce-quil-nutilisera-pas-sa-chaine-al-mustaquilla-pour-sa-campagne-electorale\/185421\/","og_site_name":"webdo","article_publisher":"https:\/\/www.facebook.com\/webdotn","article_published_time":"2014-10-02T21:50:00+00:00","og_image":[{"width":206,"height":240,"url":"https:\/\/www.webdo.tn\/fr\/wp-content\/uploads\/2025\/06\/Capture-decran-2014-10-02-a-23.33.40-e1412289682238_185421.png","type":"image\/png"}],"author":"webdo.tn","twitter_card":"summary_large_image","twitter_creator":"@webdo_tn","twitter_site":"@webdo_tn","twitter_misc":{"\u00c9crit par":"webdo.tn","Dur\u00e9e de lecture estim\u00e9e":"1 minute"},"schema":{"@context":"https:\/\/schema.org","@graph":[{"@type":"NewsArticle","@id":"https:\/\/www.webdo.tn\/fr\/actualite\/transition\/tunisie-hechmi-hamdi-annonce-quil-nutilisera-pas-sa-chaine-al-mustaquilla-pour-sa-campagne-electorale\/185421\/#article","isPartOf":{"@id":"https:\/\/www.webdo.tn\/fr\/actualite\/transition\/tunisie-hechmi-hamdi-annonce-quil-nutilisera-pas-sa-chaine-al-mustaquilla-pour-sa-campagne-electorale\/185421\/"},"author":{"name":"webdo.tn","@id":"https:\/\/www.webdo.tn\/fr\/#\/schema\/person\/9a9c6118d687c117df8ef3cc36a4d175"},"headline":"Hechmi Hamdi annonce qu&rsquo;il n&rsquo;utilisera pas sa chaine Al Mustaquilla pour sa campagne \u00e9lectorale","datePublished":"2014-10-02T21:50:00+00:00","mainEntityOfPage":{"@id":"https:\/\/www.webdo.tn\/fr\/actualite\/transition\/tunisie-hechmi-hamdi-annonce-quil-nutilisera-pas-sa-chaine-al-mustaquilla-pour-sa-campagne-electorale\/185421\/"},"wordCount":187,"commentCount":0,"publisher":{"@id":"https:\/\/www.webdo.tn\/fr\/#organization"},"image":{"@id":"https:\/\/www.webdo.tn\/fr\/actualite\/transition\/tunisie-hechmi-hamdi-annonce-quil-nutilisera-pas-sa-chaine-al-mustaquilla-pour-sa-campagne-electorale\/185421\/#primaryimage"},"thumbnailUrl":"https:\/\/www.webdo.tn\/fr\/wp-content\/uploads\/2025\/06\/Capture-decran-2014-10-02-a-23.33.40-e1412289682238_185421.png","articleSection":["Transition"],"inLanguage":"fr-FR"},{"@type":"WebPage","@id":"https:\/\/www.webdo.tn\/fr\/actualite\/transition\/tunisie-hechmi-hamdi-annonce-quil-nutilisera-pas-sa-chaine-al-mustaquilla-pour-sa-campagne-electorale\/185421\/","url":"https:\/\/www.webdo.tn\/fr\/actualite\/transition\/tunisie-hechmi-hamdi-annonce-quil-nutilisera-pas-sa-chaine-al-mustaquilla-pour-sa-campagne-electorale\/185421\/","name":"Hechmi Hamdi annonce qu'il n'utilisera pas sa chaine Al Mustaquilla pour sa campagne \u00e9lectorale","isPartOf":{"@id":"https:\/\/www.webdo.tn\/fr\/#website"},"primaryImageOfPage":{"@id":"https:\/\/www.webdo.tn\/fr\/actualite\/transition\/tunisie-hechmi-hamdi-annonce-quil-nutilisera-pas-sa-chaine-al-mustaquilla-pour-sa-campagne-electorale\/185421\/#primaryimage"},"image":{"@id":"https:\/\/www.webdo.tn\/fr\/actualite\/transition\/tunisie-hechmi-hamdi-annonce-quil-nutilisera-pas-sa-chaine-al-mustaquilla-pour-sa-campagne-electorale\/185421\/#primaryimage"},"thumbnailUrl":"https:\/\/www.webdo.tn\/fr\/wp-content\/uploads\/2025\/06\/Capture-decran-2014-10-02-a-23.33.40-e1412289682238_185421.png","datePublished":"2014-10-02T21:50:00+00:00","description":"Hechmi Hamdi annonce qu'il n'utilisera pas sa chaine Al Mustaquilla pour sa campagne \u00e9lectorale","breadcrumb":{"@id":"https:\/\/www.webdo.tn\/fr\/actualite\/transition\/tunisie-hechmi-hamdi-annonce-quil-nutilisera-pas-sa-chaine-al-mustaquilla-pour-sa-campagne-electorale\/185421\/#breadcrumb"},"inLanguage":"fr-FR","potentialAction":[{"@type":"ReadAction","target":["https:\/\/www.webdo.tn\/fr\/actualite\/transition\/tunisie-hechmi-hamdi-annonce-quil-nutilisera-pas-sa-chaine-al-mustaquilla-pour-sa-campagne-electorale\/185421\/"]}]},{"@type":"ImageObject","inLanguage":"fr-FR","@id":"https:\/\/www.webdo.tn\/fr\/actualite\/transition\/tunisie-hechmi-hamdi-annonce-quil-nutilisera-pas-sa-chaine-al-mustaquilla-pour-sa-campagne-electorale\/185421\/#primaryimage","url":"https:\/\/www.webdo.tn\/fr\/wp-content\/uploads\/2025\/06\/Capture-decran-2014-10-02-a-23.33.40-e1412289682238_185421.png","contentUrl":"https:\/\/www.webdo.tn\/fr\/wp-content\/uploads\/2025\/06\/Capture-decran-2014-10-02-a-23.33.40-e1412289682238_185421.png","width":206,"height":240,"caption":"Hechmi Hamdi annonce qu'il n'utilisera pas sa chaine Al Mustaquilla pour sa campagne \u00e9lectorale"},{"@type":"BreadcrumbList","@id":"https:\/\/www.webdo.tn\/fr\/actualite\/transition\/tunisie-hechmi-hamdi-annonce-quil-nutilisera-pas-sa-chaine-al-mustaquilla-pour-sa-campagne-electorale\/185421\/#breadcrumb","itemListElement":[{"@type":"ListItem","position":1,"name":"Accueil","item":"https:\/\/www.webdo.tn\/fr\/"},{"@type":"ListItem","position":2,"name":"Hechmi Hamdi annonce qu&rsquo;il n&rsquo;utilisera pas sa chaine Al Mustaquilla pour sa campagne \u00e9lectorale"}]},{"@type":"WebSite","@id":"https:\/\/www.webdo.tn\/fr\/#website","url":"https:\/\/www.webdo.tn\/fr\/","name":"webdo","description":"Tunisie - News en Tunisie et \u00e0 l&#039;international sur Webdo.tn","publisher":{"@id":"https:\/\/www.webdo.tn\/fr\/#organization"},"potentialAction":[{"@type":"SearchAction","target":{"@type":"EntryPoint","urlTemplate":"https:\/\/www.webdo.tn\/fr\/?s={search_term_string}"},"query-input":{"@type":"PropertyValueSpecification","valueRequired":true,"valueName":"search_term_string"}}],"inLanguage":"fr-FR"},{"@type":"Organization","@id":"https:\/\/www.webdo.tn\/fr\/#organization","name":"Webdo","alternateName":"Webdo.tn","url":"https:\/\/www.webdo.tn\/fr\/","logo":{"@type":"ImageObject","inLanguage":"fr-FR","@id":"https:\/\/www.webdo.tn\/fr\/#\/schema\/logo\/image\/","url":"https:\/\/www.webdo.tn\/fr\/wp-content\/uploads\/2025\/06\/Webdo-Tunisie_168377.jpg","contentUrl":"https:\/\/www.webdo.tn\/fr\/wp-content\/uploads\/2025\/06\/Webdo-Tunisie_168377.jpg","width":301,"height":301,"caption":"Webdo"},"image":{"@id":"https:\/\/www.webdo.tn\/fr\/#\/schema\/logo\/image\/"},"sameAs":["https:\/\/www.facebook.com\/webdotn","https:\/\/x.com\/webdo_tn"],"description":"Webdo est un m\u00e9dia num\u00e9rique tunisien fond\u00e9 en 2010, sp\u00e9cialis\u00e9 dans l\u2019actualit\u00e9 nationale et internationale, l\u2019\u00e9conomie, la soci\u00e9t\u00e9 et les analyses politiques. Le site s\u2019adresse \u00e0 un large public francophone et couvre l\u2019information tunisienne en temps r\u00e9el.","email":"redac@webdo.tn","legalName":"YNJ SARL","foundingDate":"2010-09-06","numberOfEmployees":{"@type":"QuantitativeValue","minValue":"11","maxValue":"50"}},{"@type":"Person","@id":"https:\/\/www.webdo.tn\/fr\/#\/schema\/person\/9a9c6118d687c117df8ef3cc36a4d175","name":"webdo.tn","image":{"@type":"ImageObject","inLanguage":"fr-FR","@id":"https:\/\/secure.gravatar.com\/avatar\/7ce1f28c0c3bbac99ff550b85ef8e44a6950c6ee24514fb6a5489e51d06f0298?s=96&d=mm&r=g","url":"https:\/\/secure.gravatar.com\/avatar\/7ce1f28c0c3bbac99ff550b85ef8e44a6950c6ee24514fb6a5489e51d06f0298?s=96&d=mm&r=g","contentUrl":"https:\/\/secure.gravatar.com\/avatar\/7ce1f28c0c3bbac99ff550b85ef8e44a6950c6ee24514fb6a5489e51d06f0298?s=96&d=mm&r=g","caption":"webdo.tn"},"url":"https:\/\/www.webdo.tn\/fr\/actualite\/author\/webdotn\/"}]}},"_links":{"self":[{"href":"https:\/\/www.webdo.tn\/fr\/wp-json\/wp\/v2\/posts\/185421","targetHints":{"allow":["GET"]}}],"collection":[{"href":"https:\/\/www.webdo.tn\/fr\/wp-json\/wp\/v2\/posts"}],"about":[{"href":"https:\/\/www.webdo.tn\/fr\/wp-json\/wp\/v2\/types\/post"}],"author":[{"embeddable":true,"href":"https:\/\/www.webdo.tn\/fr\/wp-json\/wp\/v2\/users\/3222"}],"replies":[{"embeddable":true,"href":"https:\/\/www.webdo.tn\/fr\/wp-json\/wp\/v2\/comments?post=185421"}],"version-history":[{"count":0,"href":"https:\/\/www.webdo.tn\/fr\/wp-json\/wp\/v2\/posts\/185421\/revisions"}],"wp:featuredmedia":[{"embeddable":true,"href":"https:\/\/www.webdo.tn\/fr\/wp-json\/wp\/v2\/media\/373420"}],"wp:attachment":[{"href":"https:\/\/www.webdo.tn\/fr\/wp-json\/wp\/v2\/media?parent=185421"}],"wp:term":[{"taxonomy":"category","embeddable":true,"href":"https:\/\/www.webdo.tn\/fr\/wp-json\/wp\/v2\/categories?post=185421"},{"taxonomy":"post_tag","embeddable":true,"href":"https:\/\/www.webdo.tn\/fr\/wp-json\/wp\/v2\/tags?post=185421"}],"curies":[{"name":"wp","href":"https:\/\/api.w.org\/{rel}","templated":true}]}}