{"id":185420,"date":"2014-10-06T10:32:00","date_gmt":"2014-10-06T10:32:00","guid":{"rendered":"https:\/\/www.webdo.tn\/fr\/blog\/tunisie-demande-liberation-lex-porte-parole-dansar-charia-seif-eddine-raies\/185420\/"},"modified":"2025-05-22T13:03:40","modified_gmt":"2025-05-22T13:03:40","slug":"tunisie-demande-liberation-lex-porte-parole-dansar-charia-seif-eddine-raies","status":"publish","type":"post","link":"https:\/\/www.webdo.tn\/fr\/actualite\/transition\/tunisie-demande-liberation-lex-porte-parole-dansar-charia-seif-eddine-raies\/185420\/","title":{"rendered":"Demande de lib\u00e9ration de l&rsquo;ex-porte parole d&rsquo;Ansar Charia Seif Eddine Raies"},"content":{"rendered":"<p>\u00ab\u00a0Nous avons demand\u00e9 la lib\u00e9ration de Seif Eddine Raies au cours de la semaine pass\u00e9e et nous attentons encore la r\u00e9ponse\u00a0\u00bb, nous a d\u00e9clar\u00e9 ce lundi 6 octobre son avocat Hafedh Ghadhoun.<\/p>\n<p>D&rsquo;apr\u00e8s lui, si la demande n&rsquo;est pas accept\u00e9e au bout de quatre jours, cela signifie qu&rsquo;elle a \u00e9t\u00e9 refus\u00e9e.<\/p>\n<p>Toujours en d\u00e9tention, Seif Eddine Raies est poursuivi en justice pour cinq affaires.<\/p>\n","protected":false},"excerpt":{"rendered":"<p>Demande de lib\u00e9ration de l&rsquo;ex-porte parole d&rsquo;Ansar Charia Seif Eddine Raies<\/p>\n","protected":false},"author":3222,"featured_media":373414,"comment_status":"open","ping_status":"closed","sticky":false,"template":"","format":"standard","meta":{"footnotes":""},"categories":[11345],"tags":[],"class_list":["post-185420","post","type-post","status-publish","format-standard","has-post-thumbnail","hentry","category-transition"],"yoast_head":"<!-- This site is optimized with the Yoast SEO Premium plugin v27.5 (Yoast SEO v27.5) - https:\/\/yoast.com\/product\/yoast-seo-premium-wordpress\/ -->\n<title>Demande de lib\u00e9ration de l&#039;ex-porte parole d&#039;Ansar Charia Seif Eddine Raies<\/title>\n<meta name=\"description\" content=\"Demande de lib\u00e9ration de l&#039;ex-porte parole d&#039;Ansar Charia Seif Eddine Raies\" \/>\n<link rel=\"canonical\" href=\"https:\/\/www.webdo.tn\/fr\/actualite\/transition\/tunisie-demande-liberation-lex-porte-parole-dansar-charia-seif-eddine-raies\/185420\/\" \/>\n<meta property=\"og:locale\" content=\"fr_FR\" \/>\n<meta property=\"og:type\" content=\"article\" \/>\n<meta property=\"og:title\" content=\"Demande de lib\u00e9ration de l&#039;ex-porte parole d&#039;Ansar Charia Seif Eddine Raies\" \/>\n<meta property=\"og:description\" content=\"Demande de lib\u00e9ration de l&#039;ex-porte parole d&#039;Ansar Charia Seif Eddine Raies\" \/>\n<meta property=\"og:url\" content=\"https:\/\/www.webdo.tn\/fr\/actualite\/transition\/tunisie-demande-liberation-lex-porte-parole-dansar-charia-seif-eddine-raies\/185420\/\" \/>\n<meta property=\"og:site_name\" content=\"webdo\" \/>\n<meta property=\"article:publisher\" content=\"https:\/\/www.facebook.com\/webdotn\" \/>\n<meta property=\"article:published_time\" content=\"2014-10-06T10:32:00+00:00\" \/>\n<meta property=\"article:modified_time\" content=\"2025-05-22T13:03:40+00:00\" \/>\n<meta property=\"og:image\" content=\"https:\/\/www.webdo.tn\/fr\/wp-content\/uploads\/2025\/06\/Capture-decran-2014-10-06-a-10.13.33_185420.png\" \/>\n\t<meta property=\"og:image:width\" content=\"384\" \/>\n\t<meta property=\"og:image:height\" content=\"227\" \/>\n\t<meta property=\"og:image:type\" content=\"image\/png\" \/>\n<meta name=\"author\" content=\"webdo.tn\" \/>\n<meta name=\"twitter:card\" content=\"summary_large_image\" \/>\n<meta name=\"twitter:creator\" content=\"@webdo_tn\" \/>\n<meta name=\"twitter:site\" content=\"@webdo_tn\" \/>\n<meta name=\"twitter:label1\" content=\"\u00c9crit par\" \/>\n\t<meta name=\"twitter:data1\" content=\"webdo.tn\" \/>\n<script type=\"application\/ld+json\" class=\"yoast-schema-graph\">{\"@context\":\"https:\\\/\\\/schema.org\",\"@graph\":[{\"@type\":\"NewsArticle\",\"@id\":\"https:\\\/\\\/www.webdo.tn\\\/fr\\\/actualite\\\/transition\\\/tunisie-demande-liberation-lex-porte-parole-dansar-charia-seif-eddine-raies\\\/185420\\\/#article\",\"isPartOf\":{\"@id\":\"https:\\\/\\\/www.webdo.tn\\\/fr\\\/actualite\\\/transition\\\/tunisie-demande-liberation-lex-porte-parole-dansar-charia-seif-eddine-raies\\\/185420\\\/\"},\"author\":{\"name\":\"webdo.tn\",\"@id\":\"https:\\\/\\\/www.webdo.tn\\\/fr\\\/#\\\/schema\\\/person\\\/9a9c6118d687c117df8ef3cc36a4d175\"},\"headline\":\"Demande de lib\u00e9ration de l&rsquo;ex-porte parole d&rsquo;Ansar Charia Seif Eddine Raies\",\"datePublished\":\"2014-10-06T10:32:00+00:00\",\"dateModified\":\"2025-05-22T13:03:40+00:00\",\"mainEntityOfPage\":{\"@id\":\"https:\\\/\\\/www.webdo.tn\\\/fr\\\/actualite\\\/transition\\\/tunisie-demande-liberation-lex-porte-parole-dansar-charia-seif-eddine-raies\\\/185420\\\/\"},\"wordCount\":88,\"commentCount\":0,\"publisher\":{\"@id\":\"https:\\\/\\\/www.webdo.tn\\\/fr\\\/#organization\"},\"image\":{\"@id\":\"https:\\\/\\\/www.webdo.tn\\\/fr\\\/actualite\\\/transition\\\/tunisie-demande-liberation-lex-porte-parole-dansar-charia-seif-eddine-raies\\\/185420\\\/#primaryimage\"},\"thumbnailUrl\":\"https:\\\/\\\/www.webdo.tn\\\/fr\\\/wp-content\\\/uploads\\\/2025\\\/06\\\/Capture-decran-2014-10-06-a-10.13.33_185420.png\",\"articleSection\":[\"Transition\"],\"inLanguage\":\"fr-FR\"},{\"@type\":\"WebPage\",\"@id\":\"https:\\\/\\\/www.webdo.tn\\\/fr\\\/actualite\\\/transition\\\/tunisie-demande-liberation-lex-porte-parole-dansar-charia-seif-eddine-raies\\\/185420\\\/\",\"url\":\"https:\\\/\\\/www.webdo.tn\\\/fr\\\/actualite\\\/transition\\\/tunisie-demande-liberation-lex-porte-parole-dansar-charia-seif-eddine-raies\\\/185420\\\/\",\"name\":\"Demande de lib\u00e9ration de l'ex-porte parole d'Ansar Charia Seif Eddine Raies\",\"isPartOf\":{\"@id\":\"https:\\\/\\\/www.webdo.tn\\\/fr\\\/#website\"},\"primaryImageOfPage\":{\"@id\":\"https:\\\/\\\/www.webdo.tn\\\/fr\\\/actualite\\\/transition\\\/tunisie-demande-liberation-lex-porte-parole-dansar-charia-seif-eddine-raies\\\/185420\\\/#primaryimage\"},\"image\":{\"@id\":\"https:\\\/\\\/www.webdo.tn\\\/fr\\\/actualite\\\/transition\\\/tunisie-demande-liberation-lex-porte-parole-dansar-charia-seif-eddine-raies\\\/185420\\\/#primaryimage\"},\"thumbnailUrl\":\"https:\\\/\\\/www.webdo.tn\\\/fr\\\/wp-content\\\/uploads\\\/2025\\\/06\\\/Capture-decran-2014-10-06-a-10.13.33_185420.png\",\"datePublished\":\"2014-10-06T10:32:00+00:00\",\"dateModified\":\"2025-05-22T13:03:40+00:00\",\"description\":\"Demande de lib\u00e9ration de l'ex-porte parole d'Ansar Charia Seif Eddine Raies\",\"breadcrumb\":{\"@id\":\"https:\\\/\\\/www.webdo.tn\\\/fr\\\/actualite\\\/transition\\\/tunisie-demande-liberation-lex-porte-parole-dansar-charia-seif-eddine-raies\\\/185420\\\/#breadcrumb\"},\"inLanguage\":\"fr-FR\",\"potentialAction\":[{\"@type\":\"ReadAction\",\"target\":[\"https:\\\/\\\/www.webdo.tn\\\/fr\\\/actualite\\\/transition\\\/tunisie-demande-liberation-lex-porte-parole-dansar-charia-seif-eddine-raies\\\/185420\\\/\"]}]},{\"@type\":\"ImageObject\",\"inLanguage\":\"fr-FR\",\"@id\":\"https:\\\/\\\/www.webdo.tn\\\/fr\\\/actualite\\\/transition\\\/tunisie-demande-liberation-lex-porte-parole-dansar-charia-seif-eddine-raies\\\/185420\\\/#primaryimage\",\"url\":\"https:\\\/\\\/www.webdo.tn\\\/fr\\\/wp-content\\\/uploads\\\/2025\\\/06\\\/Capture-decran-2014-10-06-a-10.13.33_185420.png\",\"contentUrl\":\"https:\\\/\\\/www.webdo.tn\\\/fr\\\/wp-content\\\/uploads\\\/2025\\\/06\\\/Capture-decran-2014-10-06-a-10.13.33_185420.png\",\"width\":384,\"height\":227,\"caption\":\"Demande de lib\u00e9ration de l'ex-porte parole d'Ansar Charia Seif Eddine Raies\"},{\"@type\":\"BreadcrumbList\",\"@id\":\"https:\\\/\\\/www.webdo.tn\\\/fr\\\/actualite\\\/transition\\\/tunisie-demande-liberation-lex-porte-parole-dansar-charia-seif-eddine-raies\\\/185420\\\/#breadcrumb\",\"itemListElement\":[{\"@type\":\"ListItem\",\"position\":1,\"name\":\"Accueil\",\"item\":\"https:\\\/\\\/www.webdo.tn\\\/fr\\\/\"},{\"@type\":\"ListItem\",\"position\":2,\"name\":\"Demande de lib\u00e9ration de l&rsquo;ex-porte parole d&rsquo;Ansar Charia Seif Eddine Raies\"}]},{\"@type\":\"WebSite\",\"@id\":\"https:\\\/\\\/www.webdo.tn\\\/fr\\\/#website\",\"url\":\"https:\\\/\\\/www.webdo.tn\\\/fr\\\/\",\"name\":\"webdo\",\"description\":\"Tunisie - News en Tunisie et \u00e0 l&#039;international sur Webdo.tn\",\"publisher\":{\"@id\":\"https:\\\/\\\/www.webdo.tn\\\/fr\\\/#organization\"},\"potentialAction\":[{\"@type\":\"SearchAction\",\"target\":{\"@type\":\"EntryPoint\",\"urlTemplate\":\"https:\\\/\\\/www.webdo.tn\\\/fr\\\/?s={search_term_string}\"},\"query-input\":{\"@type\":\"PropertyValueSpecification\",\"valueRequired\":true,\"valueName\":\"search_term_string\"}}],\"inLanguage\":\"fr-FR\"},{\"@type\":\"Organization\",\"@id\":\"https:\\\/\\\/www.webdo.tn\\\/fr\\\/#organization\",\"name\":\"Webdo\",\"alternateName\":\"Webdo.tn\",\"url\":\"https:\\\/\\\/www.webdo.tn\\\/fr\\\/\",\"logo\":{\"@type\":\"ImageObject\",\"inLanguage\":\"fr-FR\",\"@id\":\"https:\\\/\\\/www.webdo.tn\\\/fr\\\/#\\\/schema\\\/logo\\\/image\\\/\",\"url\":\"https:\\\/\\\/www.webdo.tn\\\/fr\\\/wp-content\\\/uploads\\\/2025\\\/06\\\/Webdo-Tunisie_168377.jpg\",\"contentUrl\":\"https:\\\/\\\/www.webdo.tn\\\/fr\\\/wp-content\\\/uploads\\\/2025\\\/06\\\/Webdo-Tunisie_168377.jpg\",\"width\":301,\"height\":301,\"caption\":\"Webdo\"},\"image\":{\"@id\":\"https:\\\/\\\/www.webdo.tn\\\/fr\\\/#\\\/schema\\\/logo\\\/image\\\/\"},\"sameAs\":[\"https:\\\/\\\/www.facebook.com\\\/webdotn\",\"https:\\\/\\\/x.com\\\/webdo_tn\"],\"description\":\"Webdo est un m\u00e9dia num\u00e9rique tunisien fond\u00e9 en 2010, sp\u00e9cialis\u00e9 dans l\u2019actualit\u00e9 nationale et internationale, l\u2019\u00e9conomie, la soci\u00e9t\u00e9 et les analyses politiques. Le site s\u2019adresse \u00e0 un large public francophone et couvre l\u2019information tunisienne en temps r\u00e9el.\",\"email\":\"redac@webdo.tn\",\"legalName\":\"YNJ SARL\",\"foundingDate\":\"2010-09-06\",\"numberOfEmployees\":{\"@type\":\"QuantitativeValue\",\"minValue\":\"11\",\"maxValue\":\"50\"}},{\"@type\":\"Person\",\"@id\":\"https:\\\/\\\/www.webdo.tn\\\/fr\\\/#\\\/schema\\\/person\\\/9a9c6118d687c117df8ef3cc36a4d175\",\"name\":\"webdo.tn\",\"image\":{\"@type\":\"ImageObject\",\"inLanguage\":\"fr-FR\",\"@id\":\"https:\\\/\\\/secure.gravatar.com\\\/avatar\\\/7ce1f28c0c3bbac99ff550b85ef8e44a6950c6ee24514fb6a5489e51d06f0298?s=96&d=mm&r=g\",\"url\":\"https:\\\/\\\/secure.gravatar.com\\\/avatar\\\/7ce1f28c0c3bbac99ff550b85ef8e44a6950c6ee24514fb6a5489e51d06f0298?s=96&d=mm&r=g\",\"contentUrl\":\"https:\\\/\\\/secure.gravatar.com\\\/avatar\\\/7ce1f28c0c3bbac99ff550b85ef8e44a6950c6ee24514fb6a5489e51d06f0298?s=96&d=mm&r=g\",\"caption\":\"webdo.tn\"},\"url\":\"https:\\\/\\\/www.webdo.tn\\\/fr\\\/actualite\\\/author\\\/webdotn\\\/\"}]}<\/script>\n<!-- \/ Yoast SEO Premium plugin. -->","yoast_head_json":{"title":"Demande de lib\u00e9ration de l'ex-porte parole d'Ansar Charia Seif Eddine Raies","description":"Demande de lib\u00e9ration de l'ex-porte parole d'Ansar Charia Seif Eddine Raies","canonical":"https:\/\/www.webdo.tn\/fr\/actualite\/transition\/tunisie-demande-liberation-lex-porte-parole-dansar-charia-seif-eddine-raies\/185420\/","og_locale":"fr_FR","og_type":"article","og_title":"Demande de lib\u00e9ration de l'ex-porte parole d'Ansar Charia Seif Eddine Raies","og_description":"Demande de lib\u00e9ration de l'ex-porte parole d'Ansar Charia Seif Eddine Raies","og_url":"https:\/\/www.webdo.tn\/fr\/actualite\/transition\/tunisie-demande-liberation-lex-porte-parole-dansar-charia-seif-eddine-raies\/185420\/","og_site_name":"webdo","article_publisher":"https:\/\/www.facebook.com\/webdotn","article_published_time":"2014-10-06T10:32:00+00:00","article_modified_time":"2025-05-22T13:03:40+00:00","og_image":[{"width":384,"height":227,"url":"https:\/\/www.webdo.tn\/fr\/wp-content\/uploads\/2025\/06\/Capture-decran-2014-10-06-a-10.13.33_185420.png","type":"image\/png"}],"author":"webdo.tn","twitter_card":"summary_large_image","twitter_creator":"@webdo_tn","twitter_site":"@webdo_tn","twitter_misc":{"\u00c9crit par":"webdo.tn"},"schema":{"@context":"https:\/\/schema.org","@graph":[{"@type":"NewsArticle","@id":"https:\/\/www.webdo.tn\/fr\/actualite\/transition\/tunisie-demande-liberation-lex-porte-parole-dansar-charia-seif-eddine-raies\/185420\/#article","isPartOf":{"@id":"https:\/\/www.webdo.tn\/fr\/actualite\/transition\/tunisie-demande-liberation-lex-porte-parole-dansar-charia-seif-eddine-raies\/185420\/"},"author":{"name":"webdo.tn","@id":"https:\/\/www.webdo.tn\/fr\/#\/schema\/person\/9a9c6118d687c117df8ef3cc36a4d175"},"headline":"Demande de lib\u00e9ration de l&rsquo;ex-porte parole d&rsquo;Ansar Charia Seif Eddine Raies","datePublished":"2014-10-06T10:32:00+00:00","dateModified":"2025-05-22T13:03:40+00:00","mainEntityOfPage":{"@id":"https:\/\/www.webdo.tn\/fr\/actualite\/transition\/tunisie-demande-liberation-lex-porte-parole-dansar-charia-seif-eddine-raies\/185420\/"},"wordCount":88,"commentCount":0,"publisher":{"@id":"https:\/\/www.webdo.tn\/fr\/#organization"},"image":{"@id":"https:\/\/www.webdo.tn\/fr\/actualite\/transition\/tunisie-demande-liberation-lex-porte-parole-dansar-charia-seif-eddine-raies\/185420\/#primaryimage"},"thumbnailUrl":"https:\/\/www.webdo.tn\/fr\/wp-content\/uploads\/2025\/06\/Capture-decran-2014-10-06-a-10.13.33_185420.png","articleSection":["Transition"],"inLanguage":"fr-FR"},{"@type":"WebPage","@id":"https:\/\/www.webdo.tn\/fr\/actualite\/transition\/tunisie-demande-liberation-lex-porte-parole-dansar-charia-seif-eddine-raies\/185420\/","url":"https:\/\/www.webdo.tn\/fr\/actualite\/transition\/tunisie-demande-liberation-lex-porte-parole-dansar-charia-seif-eddine-raies\/185420\/","name":"Demande de lib\u00e9ration de l'ex-porte parole d'Ansar Charia Seif Eddine Raies","isPartOf":{"@id":"https:\/\/www.webdo.tn\/fr\/#website"},"primaryImageOfPage":{"@id":"https:\/\/www.webdo.tn\/fr\/actualite\/transition\/tunisie-demande-liberation-lex-porte-parole-dansar-charia-seif-eddine-raies\/185420\/#primaryimage"},"image":{"@id":"https:\/\/www.webdo.tn\/fr\/actualite\/transition\/tunisie-demande-liberation-lex-porte-parole-dansar-charia-seif-eddine-raies\/185420\/#primaryimage"},"thumbnailUrl":"https:\/\/www.webdo.tn\/fr\/wp-content\/uploads\/2025\/06\/Capture-decran-2014-10-06-a-10.13.33_185420.png","datePublished":"2014-10-06T10:32:00+00:00","dateModified":"2025-05-22T13:03:40+00:00","description":"Demande de lib\u00e9ration de l'ex-porte parole d'Ansar Charia Seif Eddine Raies","breadcrumb":{"@id":"https:\/\/www.webdo.tn\/fr\/actualite\/transition\/tunisie-demande-liberation-lex-porte-parole-dansar-charia-seif-eddine-raies\/185420\/#breadcrumb"},"inLanguage":"fr-FR","potentialAction":[{"@type":"ReadAction","target":["https:\/\/www.webdo.tn\/fr\/actualite\/transition\/tunisie-demande-liberation-lex-porte-parole-dansar-charia-seif-eddine-raies\/185420\/"]}]},{"@type":"ImageObject","inLanguage":"fr-FR","@id":"https:\/\/www.webdo.tn\/fr\/actualite\/transition\/tunisie-demande-liberation-lex-porte-parole-dansar-charia-seif-eddine-raies\/185420\/#primaryimage","url":"https:\/\/www.webdo.tn\/fr\/wp-content\/uploads\/2025\/06\/Capture-decran-2014-10-06-a-10.13.33_185420.png","contentUrl":"https:\/\/www.webdo.tn\/fr\/wp-content\/uploads\/2025\/06\/Capture-decran-2014-10-06-a-10.13.33_185420.png","width":384,"height":227,"caption":"Demande de lib\u00e9ration de l'ex-porte parole d'Ansar Charia Seif Eddine Raies"},{"@type":"BreadcrumbList","@id":"https:\/\/www.webdo.tn\/fr\/actualite\/transition\/tunisie-demande-liberation-lex-porte-parole-dansar-charia-seif-eddine-raies\/185420\/#breadcrumb","itemListElement":[{"@type":"ListItem","position":1,"name":"Accueil","item":"https:\/\/www.webdo.tn\/fr\/"},{"@type":"ListItem","position":2,"name":"Demande de lib\u00e9ration de l&rsquo;ex-porte parole d&rsquo;Ansar Charia Seif Eddine Raies"}]},{"@type":"WebSite","@id":"https:\/\/www.webdo.tn\/fr\/#website","url":"https:\/\/www.webdo.tn\/fr\/","name":"webdo","description":"Tunisie - News en Tunisie et \u00e0 l&#039;international sur Webdo.tn","publisher":{"@id":"https:\/\/www.webdo.tn\/fr\/#organization"},"potentialAction":[{"@type":"SearchAction","target":{"@type":"EntryPoint","urlTemplate":"https:\/\/www.webdo.tn\/fr\/?s={search_term_string}"},"query-input":{"@type":"PropertyValueSpecification","valueRequired":true,"valueName":"search_term_string"}}],"inLanguage":"fr-FR"},{"@type":"Organization","@id":"https:\/\/www.webdo.tn\/fr\/#organization","name":"Webdo","alternateName":"Webdo.tn","url":"https:\/\/www.webdo.tn\/fr\/","logo":{"@type":"ImageObject","inLanguage":"fr-FR","@id":"https:\/\/www.webdo.tn\/fr\/#\/schema\/logo\/image\/","url":"https:\/\/www.webdo.tn\/fr\/wp-content\/uploads\/2025\/06\/Webdo-Tunisie_168377.jpg","contentUrl":"https:\/\/www.webdo.tn\/fr\/wp-content\/uploads\/2025\/06\/Webdo-Tunisie_168377.jpg","width":301,"height":301,"caption":"Webdo"},"image":{"@id":"https:\/\/www.webdo.tn\/fr\/#\/schema\/logo\/image\/"},"sameAs":["https:\/\/www.facebook.com\/webdotn","https:\/\/x.com\/webdo_tn"],"description":"Webdo est un m\u00e9dia num\u00e9rique tunisien fond\u00e9 en 2010, sp\u00e9cialis\u00e9 dans l\u2019actualit\u00e9 nationale et internationale, l\u2019\u00e9conomie, la soci\u00e9t\u00e9 et les analyses politiques. Le site s\u2019adresse \u00e0 un large public francophone et couvre l\u2019information tunisienne en temps r\u00e9el.","email":"redac@webdo.tn","legalName":"YNJ SARL","foundingDate":"2010-09-06","numberOfEmployees":{"@type":"QuantitativeValue","minValue":"11","maxValue":"50"}},{"@type":"Person","@id":"https:\/\/www.webdo.tn\/fr\/#\/schema\/person\/9a9c6118d687c117df8ef3cc36a4d175","name":"webdo.tn","image":{"@type":"ImageObject","inLanguage":"fr-FR","@id":"https:\/\/secure.gravatar.com\/avatar\/7ce1f28c0c3bbac99ff550b85ef8e44a6950c6ee24514fb6a5489e51d06f0298?s=96&d=mm&r=g","url":"https:\/\/secure.gravatar.com\/avatar\/7ce1f28c0c3bbac99ff550b85ef8e44a6950c6ee24514fb6a5489e51d06f0298?s=96&d=mm&r=g","contentUrl":"https:\/\/secure.gravatar.com\/avatar\/7ce1f28c0c3bbac99ff550b85ef8e44a6950c6ee24514fb6a5489e51d06f0298?s=96&d=mm&r=g","caption":"webdo.tn"},"url":"https:\/\/www.webdo.tn\/fr\/actualite\/author\/webdotn\/"}]}},"_links":{"self":[{"href":"https:\/\/www.webdo.tn\/fr\/wp-json\/wp\/v2\/posts\/185420","targetHints":{"allow":["GET"]}}],"collection":[{"href":"https:\/\/www.webdo.tn\/fr\/wp-json\/wp\/v2\/posts"}],"about":[{"href":"https:\/\/www.webdo.tn\/fr\/wp-json\/wp\/v2\/types\/post"}],"author":[{"embeddable":true,"href":"https:\/\/www.webdo.tn\/fr\/wp-json\/wp\/v2\/users\/3222"}],"replies":[{"embeddable":true,"href":"https:\/\/www.webdo.tn\/fr\/wp-json\/wp\/v2\/comments?post=185420"}],"version-history":[{"count":0,"href":"https:\/\/www.webdo.tn\/fr\/wp-json\/wp\/v2\/posts\/185420\/revisions"}],"wp:featuredmedia":[{"embeddable":true,"href":"https:\/\/www.webdo.tn\/fr\/wp-json\/wp\/v2\/media\/373414"}],"wp:attachment":[{"href":"https:\/\/www.webdo.tn\/fr\/wp-json\/wp\/v2\/media?parent=185420"}],"wp:term":[{"taxonomy":"category","embeddable":true,"href":"https:\/\/www.webdo.tn\/fr\/wp-json\/wp\/v2\/categories?post=185420"},{"taxonomy":"post_tag","embeddable":true,"href":"https:\/\/www.webdo.tn\/fr\/wp-json\/wp\/v2\/tags?post=185420"}],"curies":[{"name":"wp","href":"https:\/\/api.w.org\/{rel}","templated":true}]}}