{"id":185419,"date":"2014-10-10T11:40:00","date_gmt":"2014-10-10T11:40:00","guid":{"rendered":"https:\/\/www.webdo.tn\/fr\/blog\/conference-labess-cadre-juridique-fiscal-associations-en-tunisie-atouts-limites-reformes-possibles\/168148\/"},"modified":"2025-05-22T13:03:23","modified_gmt":"2025-05-22T13:03:23","slug":"conference-labess-cadre-juridique-fiscal-associations-en-tunisie-atouts-limites-reformes-possibles","status":"publish","type":"post","link":"https:\/\/www.webdo.tn\/fr\/actualite\/transition\/conference-labess-cadre-juridique-fiscal-associations-en-tunisie-atouts-limites-reformes-possibles\/185419\/","title":{"rendered":"Conf\u00e9rence de Lab&rsquo;ESS : cadre juridique et fiscal des associations en Tunisie : atouts, limites et r\u00e9formes possibles"},"content":{"rendered":"<p>Lab&rsquo;ESS,, structure d\u00e9di\u00e9e au renforcement des capacit\u00e9s des associations tunisiennes et des porteurs de projet d&rsquo;entreprenariat social, organise ce vendredi 10 octobre une conf\u00e9rence \u00a0de presse \u00e0 Tunis.<\/p>\n<p>Les interventions seront autour de\u00a0l&rsquo;\u00e9valuation du cadre actuel du secteur associatif (contexte post-r\u00e9volution en Tunisie, l&rsquo;\u00e9tat des lieux du cadre fiscal associatif, le financement public et l&rsquo;acc\u00e8s \u00e0 l&rsquo;information) ainsi que les moyens de financements des associations. Une analyse compar\u00e9e avec le mod\u00e8le anglo-saxon, nordique ou lib\u00e9ral.<\/p>\n","protected":false},"excerpt":{"rendered":"<p>Conf\u00e9rence de Lab&rsquo;ESS : cadre juridique et fiscal des associations en Tunisie : atouts, limites et r\u00e9formes possibles <\/p>\n","protected":false},"author":3222,"featured_media":373381,"comment_status":"open","ping_status":"closed","sticky":false,"template":"","format":"standard","meta":{"footnotes":""},"categories":[11345],"tags":[],"class_list":["post-185419","post","type-post","status-publish","format-standard","has-post-thumbnail","hentry","category-transition"],"yoast_head":"<!-- This site is optimized with the Yoast SEO Premium plugin v27.5 (Yoast SEO v27.5) - https:\/\/yoast.com\/product\/yoast-seo-premium-wordpress\/ -->\n<title>Conf\u00e9rence de Lab&#039;ESS : cadre juridique et fiscal des associations en Tunisie : atouts, limites et r\u00e9formes possibles<\/title>\n<meta name=\"description\" content=\"Conf\u00e9rence de Lab&#039;ESS : cadre juridique et fiscal des associations en Tunisie : atouts, limites et r\u00e9formes possibles\" \/>\n<link rel=\"canonical\" href=\"https:\/\/www.webdo.tn\/fr\/actualite\/transition\/conference-labess-cadre-juridique-fiscal-associations-en-tunisie-atouts-limites-reformes-possibles\/185419\/\" \/>\n<meta property=\"og:locale\" content=\"fr_FR\" \/>\n<meta property=\"og:type\" content=\"article\" \/>\n<meta property=\"og:title\" content=\"Conf\u00e9rence de Lab&#039;ESS : cadre juridique et fiscal des associations en Tunisie : atouts, limites et r\u00e9formes possibles\" \/>\n<meta property=\"og:description\" content=\"Conf\u00e9rence de Lab&#039;ESS : cadre juridique et fiscal des associations en Tunisie : atouts, limites et r\u00e9formes possibles\" \/>\n<meta property=\"og:url\" content=\"https:\/\/www.webdo.tn\/fr\/actualite\/transition\/conference-labess-cadre-juridique-fiscal-associations-en-tunisie-atouts-limites-reformes-possibles\/185419\/\" \/>\n<meta property=\"og:site_name\" content=\"webdo\" \/>\n<meta property=\"article:publisher\" content=\"https:\/\/www.facebook.com\/webdotn\" \/>\n<meta property=\"article:published_time\" content=\"2014-10-10T11:40:00+00:00\" \/>\n<meta property=\"article:modified_time\" content=\"2025-05-22T13:03:23+00:00\" \/>\n<meta property=\"og:image\" content=\"https:\/\/www.webdo.tn\/fr\/wp-content\/uploads\/2025\/06\/Capture-decran-2014-10-10-a-11.24.37_185419.png\" \/>\n\t<meta property=\"og:image:width\" content=\"425\" \/>\n\t<meta property=\"og:image:height\" content=\"254\" \/>\n\t<meta property=\"og:image:type\" content=\"image\/png\" \/>\n<meta name=\"author\" content=\"webdo.tn\" \/>\n<meta name=\"twitter:card\" content=\"summary_large_image\" \/>\n<meta name=\"twitter:creator\" content=\"@webdo_tn\" \/>\n<meta name=\"twitter:site\" content=\"@webdo_tn\" \/>\n<meta name=\"twitter:label1\" content=\"\u00c9crit par\" \/>\n\t<meta name=\"twitter:data1\" content=\"webdo.tn\" \/>\n<script type=\"application\/ld+json\" class=\"yoast-schema-graph\">{\"@context\":\"https:\\\/\\\/schema.org\",\"@graph\":[{\"@type\":\"NewsArticle\",\"@id\":\"https:\\\/\\\/www.webdo.tn\\\/fr\\\/actualite\\\/transition\\\/conference-labess-cadre-juridique-fiscal-associations-en-tunisie-atouts-limites-reformes-possibles\\\/185419\\\/#article\",\"isPartOf\":{\"@id\":\"https:\\\/\\\/www.webdo.tn\\\/fr\\\/actualite\\\/transition\\\/conference-labess-cadre-juridique-fiscal-associations-en-tunisie-atouts-limites-reformes-possibles\\\/185419\\\/\"},\"author\":{\"name\":\"webdo.tn\",\"@id\":\"https:\\\/\\\/www.webdo.tn\\\/fr\\\/#\\\/schema\\\/person\\\/9a9c6118d687c117df8ef3cc36a4d175\"},\"headline\":\"Conf\u00e9rence de Lab&rsquo;ESS : cadre juridique et fiscal des associations en Tunisie : atouts, limites et r\u00e9formes possibles\",\"datePublished\":\"2014-10-10T11:40:00+00:00\",\"dateModified\":\"2025-05-22T13:03:23+00:00\",\"mainEntityOfPage\":{\"@id\":\"https:\\\/\\\/www.webdo.tn\\\/fr\\\/actualite\\\/transition\\\/conference-labess-cadre-juridique-fiscal-associations-en-tunisie-atouts-limites-reformes-possibles\\\/185419\\\/\"},\"wordCount\":107,\"commentCount\":0,\"publisher\":{\"@id\":\"https:\\\/\\\/www.webdo.tn\\\/fr\\\/#organization\"},\"image\":{\"@id\":\"https:\\\/\\\/www.webdo.tn\\\/fr\\\/actualite\\\/transition\\\/conference-labess-cadre-juridique-fiscal-associations-en-tunisie-atouts-limites-reformes-possibles\\\/185419\\\/#primaryimage\"},\"thumbnailUrl\":\"https:\\\/\\\/www.webdo.tn\\\/fr\\\/wp-content\\\/uploads\\\/2025\\\/06\\\/Capture-decran-2014-10-10-a-11.24.37_185419.png\",\"articleSection\":[\"Transition\"],\"inLanguage\":\"fr-FR\"},{\"@type\":\"WebPage\",\"@id\":\"https:\\\/\\\/www.webdo.tn\\\/fr\\\/actualite\\\/transition\\\/conference-labess-cadre-juridique-fiscal-associations-en-tunisie-atouts-limites-reformes-possibles\\\/185419\\\/\",\"url\":\"https:\\\/\\\/www.webdo.tn\\\/fr\\\/actualite\\\/transition\\\/conference-labess-cadre-juridique-fiscal-associations-en-tunisie-atouts-limites-reformes-possibles\\\/185419\\\/\",\"name\":\"Conf\u00e9rence de Lab'ESS : cadre juridique et fiscal des associations en Tunisie : atouts, limites et r\u00e9formes possibles\",\"isPartOf\":{\"@id\":\"https:\\\/\\\/www.webdo.tn\\\/fr\\\/#website\"},\"primaryImageOfPage\":{\"@id\":\"https:\\\/\\\/www.webdo.tn\\\/fr\\\/actualite\\\/transition\\\/conference-labess-cadre-juridique-fiscal-associations-en-tunisie-atouts-limites-reformes-possibles\\\/185419\\\/#primaryimage\"},\"image\":{\"@id\":\"https:\\\/\\\/www.webdo.tn\\\/fr\\\/actualite\\\/transition\\\/conference-labess-cadre-juridique-fiscal-associations-en-tunisie-atouts-limites-reformes-possibles\\\/185419\\\/#primaryimage\"},\"thumbnailUrl\":\"https:\\\/\\\/www.webdo.tn\\\/fr\\\/wp-content\\\/uploads\\\/2025\\\/06\\\/Capture-decran-2014-10-10-a-11.24.37_185419.png\",\"datePublished\":\"2014-10-10T11:40:00+00:00\",\"dateModified\":\"2025-05-22T13:03:23+00:00\",\"description\":\"Conf\u00e9rence de Lab'ESS : cadre juridique et fiscal des associations en Tunisie : atouts, limites et r\u00e9formes possibles\",\"breadcrumb\":{\"@id\":\"https:\\\/\\\/www.webdo.tn\\\/fr\\\/actualite\\\/transition\\\/conference-labess-cadre-juridique-fiscal-associations-en-tunisie-atouts-limites-reformes-possibles\\\/185419\\\/#breadcrumb\"},\"inLanguage\":\"fr-FR\",\"potentialAction\":[{\"@type\":\"ReadAction\",\"target\":[\"https:\\\/\\\/www.webdo.tn\\\/fr\\\/actualite\\\/transition\\\/conference-labess-cadre-juridique-fiscal-associations-en-tunisie-atouts-limites-reformes-possibles\\\/185419\\\/\"]}]},{\"@type\":\"ImageObject\",\"inLanguage\":\"fr-FR\",\"@id\":\"https:\\\/\\\/www.webdo.tn\\\/fr\\\/actualite\\\/transition\\\/conference-labess-cadre-juridique-fiscal-associations-en-tunisie-atouts-limites-reformes-possibles\\\/185419\\\/#primaryimage\",\"url\":\"https:\\\/\\\/www.webdo.tn\\\/fr\\\/wp-content\\\/uploads\\\/2025\\\/06\\\/Capture-decran-2014-10-10-a-11.24.37_185419.png\",\"contentUrl\":\"https:\\\/\\\/www.webdo.tn\\\/fr\\\/wp-content\\\/uploads\\\/2025\\\/06\\\/Capture-decran-2014-10-10-a-11.24.37_185419.png\",\"width\":425,\"height\":254,\"caption\":\"Conf\u00e9rence de Lab'ESS : cadre juridique et fiscal des associations en Tunisie : atouts, limites et r\u00e9formes possibles\"},{\"@type\":\"BreadcrumbList\",\"@id\":\"https:\\\/\\\/www.webdo.tn\\\/fr\\\/actualite\\\/transition\\\/conference-labess-cadre-juridique-fiscal-associations-en-tunisie-atouts-limites-reformes-possibles\\\/185419\\\/#breadcrumb\",\"itemListElement\":[{\"@type\":\"ListItem\",\"position\":1,\"name\":\"Accueil\",\"item\":\"https:\\\/\\\/www.webdo.tn\\\/fr\\\/\"},{\"@type\":\"ListItem\",\"position\":2,\"name\":\"Conf\u00e9rence de Lab&rsquo;ESS : cadre juridique et fiscal des associations en Tunisie : atouts, limites et r\u00e9formes possibles\"}]},{\"@type\":\"WebSite\",\"@id\":\"https:\\\/\\\/www.webdo.tn\\\/fr\\\/#website\",\"url\":\"https:\\\/\\\/www.webdo.tn\\\/fr\\\/\",\"name\":\"webdo\",\"description\":\"Tunisie - News en Tunisie et \u00e0 l&#039;international sur Webdo.tn\",\"publisher\":{\"@id\":\"https:\\\/\\\/www.webdo.tn\\\/fr\\\/#organization\"},\"potentialAction\":[{\"@type\":\"SearchAction\",\"target\":{\"@type\":\"EntryPoint\",\"urlTemplate\":\"https:\\\/\\\/www.webdo.tn\\\/fr\\\/?s={search_term_string}\"},\"query-input\":{\"@type\":\"PropertyValueSpecification\",\"valueRequired\":true,\"valueName\":\"search_term_string\"}}],\"inLanguage\":\"fr-FR\"},{\"@type\":\"Organization\",\"@id\":\"https:\\\/\\\/www.webdo.tn\\\/fr\\\/#organization\",\"name\":\"Webdo\",\"alternateName\":\"Webdo.tn\",\"url\":\"https:\\\/\\\/www.webdo.tn\\\/fr\\\/\",\"logo\":{\"@type\":\"ImageObject\",\"inLanguage\":\"fr-FR\",\"@id\":\"https:\\\/\\\/www.webdo.tn\\\/fr\\\/#\\\/schema\\\/logo\\\/image\\\/\",\"url\":\"https:\\\/\\\/www.webdo.tn\\\/fr\\\/wp-content\\\/uploads\\\/2025\\\/06\\\/Webdo-Tunisie_168377.jpg\",\"contentUrl\":\"https:\\\/\\\/www.webdo.tn\\\/fr\\\/wp-content\\\/uploads\\\/2025\\\/06\\\/Webdo-Tunisie_168377.jpg\",\"width\":301,\"height\":301,\"caption\":\"Webdo\"},\"image\":{\"@id\":\"https:\\\/\\\/www.webdo.tn\\\/fr\\\/#\\\/schema\\\/logo\\\/image\\\/\"},\"sameAs\":[\"https:\\\/\\\/www.facebook.com\\\/webdotn\",\"https:\\\/\\\/x.com\\\/webdo_tn\"],\"description\":\"Webdo est un m\u00e9dia num\u00e9rique tunisien fond\u00e9 en 2010, sp\u00e9cialis\u00e9 dans l\u2019actualit\u00e9 nationale et internationale, l\u2019\u00e9conomie, la soci\u00e9t\u00e9 et les analyses politiques. Le site s\u2019adresse \u00e0 un large public francophone et couvre l\u2019information tunisienne en temps r\u00e9el.\",\"email\":\"redac@webdo.tn\",\"legalName\":\"YNJ SARL\",\"foundingDate\":\"2010-09-06\",\"numberOfEmployees\":{\"@type\":\"QuantitativeValue\",\"minValue\":\"11\",\"maxValue\":\"50\"}},{\"@type\":\"Person\",\"@id\":\"https:\\\/\\\/www.webdo.tn\\\/fr\\\/#\\\/schema\\\/person\\\/9a9c6118d687c117df8ef3cc36a4d175\",\"name\":\"webdo.tn\",\"image\":{\"@type\":\"ImageObject\",\"inLanguage\":\"fr-FR\",\"@id\":\"https:\\\/\\\/secure.gravatar.com\\\/avatar\\\/7ce1f28c0c3bbac99ff550b85ef8e44a6950c6ee24514fb6a5489e51d06f0298?s=96&d=mm&r=g\",\"url\":\"https:\\\/\\\/secure.gravatar.com\\\/avatar\\\/7ce1f28c0c3bbac99ff550b85ef8e44a6950c6ee24514fb6a5489e51d06f0298?s=96&d=mm&r=g\",\"contentUrl\":\"https:\\\/\\\/secure.gravatar.com\\\/avatar\\\/7ce1f28c0c3bbac99ff550b85ef8e44a6950c6ee24514fb6a5489e51d06f0298?s=96&d=mm&r=g\",\"caption\":\"webdo.tn\"},\"url\":\"https:\\\/\\\/www.webdo.tn\\\/fr\\\/actualite\\\/author\\\/webdotn\\\/\"}]}<\/script>\n<!-- \/ Yoast SEO Premium plugin. -->","yoast_head_json":{"title":"Conf\u00e9rence de Lab'ESS : cadre juridique et fiscal des associations en Tunisie : atouts, limites et r\u00e9formes possibles","description":"Conf\u00e9rence de Lab'ESS : cadre juridique et fiscal des associations en Tunisie : atouts, limites et r\u00e9formes possibles","canonical":"https:\/\/www.webdo.tn\/fr\/actualite\/transition\/conference-labess-cadre-juridique-fiscal-associations-en-tunisie-atouts-limites-reformes-possibles\/185419\/","og_locale":"fr_FR","og_type":"article","og_title":"Conf\u00e9rence de Lab'ESS : cadre juridique et fiscal des associations en Tunisie : atouts, limites et r\u00e9formes possibles","og_description":"Conf\u00e9rence de Lab'ESS : cadre juridique et fiscal des associations en Tunisie : atouts, limites et r\u00e9formes possibles","og_url":"https:\/\/www.webdo.tn\/fr\/actualite\/transition\/conference-labess-cadre-juridique-fiscal-associations-en-tunisie-atouts-limites-reformes-possibles\/185419\/","og_site_name":"webdo","article_publisher":"https:\/\/www.facebook.com\/webdotn","article_published_time":"2014-10-10T11:40:00+00:00","article_modified_time":"2025-05-22T13:03:23+00:00","og_image":[{"width":425,"height":254,"url":"https:\/\/www.webdo.tn\/fr\/wp-content\/uploads\/2025\/06\/Capture-decran-2014-10-10-a-11.24.37_185419.png","type":"image\/png"}],"author":"webdo.tn","twitter_card":"summary_large_image","twitter_creator":"@webdo_tn","twitter_site":"@webdo_tn","twitter_misc":{"\u00c9crit par":"webdo.tn"},"schema":{"@context":"https:\/\/schema.org","@graph":[{"@type":"NewsArticle","@id":"https:\/\/www.webdo.tn\/fr\/actualite\/transition\/conference-labess-cadre-juridique-fiscal-associations-en-tunisie-atouts-limites-reformes-possibles\/185419\/#article","isPartOf":{"@id":"https:\/\/www.webdo.tn\/fr\/actualite\/transition\/conference-labess-cadre-juridique-fiscal-associations-en-tunisie-atouts-limites-reformes-possibles\/185419\/"},"author":{"name":"webdo.tn","@id":"https:\/\/www.webdo.tn\/fr\/#\/schema\/person\/9a9c6118d687c117df8ef3cc36a4d175"},"headline":"Conf\u00e9rence de Lab&rsquo;ESS : cadre juridique et fiscal des associations en Tunisie : atouts, limites et r\u00e9formes possibles","datePublished":"2014-10-10T11:40:00+00:00","dateModified":"2025-05-22T13:03:23+00:00","mainEntityOfPage":{"@id":"https:\/\/www.webdo.tn\/fr\/actualite\/transition\/conference-labess-cadre-juridique-fiscal-associations-en-tunisie-atouts-limites-reformes-possibles\/185419\/"},"wordCount":107,"commentCount":0,"publisher":{"@id":"https:\/\/www.webdo.tn\/fr\/#organization"},"image":{"@id":"https:\/\/www.webdo.tn\/fr\/actualite\/transition\/conference-labess-cadre-juridique-fiscal-associations-en-tunisie-atouts-limites-reformes-possibles\/185419\/#primaryimage"},"thumbnailUrl":"https:\/\/www.webdo.tn\/fr\/wp-content\/uploads\/2025\/06\/Capture-decran-2014-10-10-a-11.24.37_185419.png","articleSection":["Transition"],"inLanguage":"fr-FR"},{"@type":"WebPage","@id":"https:\/\/www.webdo.tn\/fr\/actualite\/transition\/conference-labess-cadre-juridique-fiscal-associations-en-tunisie-atouts-limites-reformes-possibles\/185419\/","url":"https:\/\/www.webdo.tn\/fr\/actualite\/transition\/conference-labess-cadre-juridique-fiscal-associations-en-tunisie-atouts-limites-reformes-possibles\/185419\/","name":"Conf\u00e9rence de Lab'ESS : cadre juridique et fiscal des associations en Tunisie : atouts, limites et r\u00e9formes possibles","isPartOf":{"@id":"https:\/\/www.webdo.tn\/fr\/#website"},"primaryImageOfPage":{"@id":"https:\/\/www.webdo.tn\/fr\/actualite\/transition\/conference-labess-cadre-juridique-fiscal-associations-en-tunisie-atouts-limites-reformes-possibles\/185419\/#primaryimage"},"image":{"@id":"https:\/\/www.webdo.tn\/fr\/actualite\/transition\/conference-labess-cadre-juridique-fiscal-associations-en-tunisie-atouts-limites-reformes-possibles\/185419\/#primaryimage"},"thumbnailUrl":"https:\/\/www.webdo.tn\/fr\/wp-content\/uploads\/2025\/06\/Capture-decran-2014-10-10-a-11.24.37_185419.png","datePublished":"2014-10-10T11:40:00+00:00","dateModified":"2025-05-22T13:03:23+00:00","description":"Conf\u00e9rence de Lab'ESS : cadre juridique et fiscal des associations en Tunisie : atouts, limites et r\u00e9formes possibles","breadcrumb":{"@id":"https:\/\/www.webdo.tn\/fr\/actualite\/transition\/conference-labess-cadre-juridique-fiscal-associations-en-tunisie-atouts-limites-reformes-possibles\/185419\/#breadcrumb"},"inLanguage":"fr-FR","potentialAction":[{"@type":"ReadAction","target":["https:\/\/www.webdo.tn\/fr\/actualite\/transition\/conference-labess-cadre-juridique-fiscal-associations-en-tunisie-atouts-limites-reformes-possibles\/185419\/"]}]},{"@type":"ImageObject","inLanguage":"fr-FR","@id":"https:\/\/www.webdo.tn\/fr\/actualite\/transition\/conference-labess-cadre-juridique-fiscal-associations-en-tunisie-atouts-limites-reformes-possibles\/185419\/#primaryimage","url":"https:\/\/www.webdo.tn\/fr\/wp-content\/uploads\/2025\/06\/Capture-decran-2014-10-10-a-11.24.37_185419.png","contentUrl":"https:\/\/www.webdo.tn\/fr\/wp-content\/uploads\/2025\/06\/Capture-decran-2014-10-10-a-11.24.37_185419.png","width":425,"height":254,"caption":"Conf\u00e9rence de Lab'ESS : cadre juridique et fiscal des associations en Tunisie : atouts, limites et r\u00e9formes possibles"},{"@type":"BreadcrumbList","@id":"https:\/\/www.webdo.tn\/fr\/actualite\/transition\/conference-labess-cadre-juridique-fiscal-associations-en-tunisie-atouts-limites-reformes-possibles\/185419\/#breadcrumb","itemListElement":[{"@type":"ListItem","position":1,"name":"Accueil","item":"https:\/\/www.webdo.tn\/fr\/"},{"@type":"ListItem","position":2,"name":"Conf\u00e9rence de Lab&rsquo;ESS : cadre juridique et fiscal des associations en Tunisie : atouts, limites et r\u00e9formes possibles"}]},{"@type":"WebSite","@id":"https:\/\/www.webdo.tn\/fr\/#website","url":"https:\/\/www.webdo.tn\/fr\/","name":"webdo","description":"Tunisie - News en Tunisie et \u00e0 l&#039;international sur Webdo.tn","publisher":{"@id":"https:\/\/www.webdo.tn\/fr\/#organization"},"potentialAction":[{"@type":"SearchAction","target":{"@type":"EntryPoint","urlTemplate":"https:\/\/www.webdo.tn\/fr\/?s={search_term_string}"},"query-input":{"@type":"PropertyValueSpecification","valueRequired":true,"valueName":"search_term_string"}}],"inLanguage":"fr-FR"},{"@type":"Organization","@id":"https:\/\/www.webdo.tn\/fr\/#organization","name":"Webdo","alternateName":"Webdo.tn","url":"https:\/\/www.webdo.tn\/fr\/","logo":{"@type":"ImageObject","inLanguage":"fr-FR","@id":"https:\/\/www.webdo.tn\/fr\/#\/schema\/logo\/image\/","url":"https:\/\/www.webdo.tn\/fr\/wp-content\/uploads\/2025\/06\/Webdo-Tunisie_168377.jpg","contentUrl":"https:\/\/www.webdo.tn\/fr\/wp-content\/uploads\/2025\/06\/Webdo-Tunisie_168377.jpg","width":301,"height":301,"caption":"Webdo"},"image":{"@id":"https:\/\/www.webdo.tn\/fr\/#\/schema\/logo\/image\/"},"sameAs":["https:\/\/www.facebook.com\/webdotn","https:\/\/x.com\/webdo_tn"],"description":"Webdo est un m\u00e9dia num\u00e9rique tunisien fond\u00e9 en 2010, sp\u00e9cialis\u00e9 dans l\u2019actualit\u00e9 nationale et internationale, l\u2019\u00e9conomie, la soci\u00e9t\u00e9 et les analyses politiques. Le site s\u2019adresse \u00e0 un large public francophone et couvre l\u2019information tunisienne en temps r\u00e9el.","email":"redac@webdo.tn","legalName":"YNJ SARL","foundingDate":"2010-09-06","numberOfEmployees":{"@type":"QuantitativeValue","minValue":"11","maxValue":"50"}},{"@type":"Person","@id":"https:\/\/www.webdo.tn\/fr\/#\/schema\/person\/9a9c6118d687c117df8ef3cc36a4d175","name":"webdo.tn","image":{"@type":"ImageObject","inLanguage":"fr-FR","@id":"https:\/\/secure.gravatar.com\/avatar\/7ce1f28c0c3bbac99ff550b85ef8e44a6950c6ee24514fb6a5489e51d06f0298?s=96&d=mm&r=g","url":"https:\/\/secure.gravatar.com\/avatar\/7ce1f28c0c3bbac99ff550b85ef8e44a6950c6ee24514fb6a5489e51d06f0298?s=96&d=mm&r=g","contentUrl":"https:\/\/secure.gravatar.com\/avatar\/7ce1f28c0c3bbac99ff550b85ef8e44a6950c6ee24514fb6a5489e51d06f0298?s=96&d=mm&r=g","caption":"webdo.tn"},"url":"https:\/\/www.webdo.tn\/fr\/actualite\/author\/webdotn\/"}]}},"_links":{"self":[{"href":"https:\/\/www.webdo.tn\/fr\/wp-json\/wp\/v2\/posts\/185419","targetHints":{"allow":["GET"]}}],"collection":[{"href":"https:\/\/www.webdo.tn\/fr\/wp-json\/wp\/v2\/posts"}],"about":[{"href":"https:\/\/www.webdo.tn\/fr\/wp-json\/wp\/v2\/types\/post"}],"author":[{"embeddable":true,"href":"https:\/\/www.webdo.tn\/fr\/wp-json\/wp\/v2\/users\/3222"}],"replies":[{"embeddable":true,"href":"https:\/\/www.webdo.tn\/fr\/wp-json\/wp\/v2\/comments?post=185419"}],"version-history":[{"count":0,"href":"https:\/\/www.webdo.tn\/fr\/wp-json\/wp\/v2\/posts\/185419\/revisions"}],"wp:featuredmedia":[{"embeddable":true,"href":"https:\/\/www.webdo.tn\/fr\/wp-json\/wp\/v2\/media\/373381"}],"wp:attachment":[{"href":"https:\/\/www.webdo.tn\/fr\/wp-json\/wp\/v2\/media?parent=185419"}],"wp:term":[{"taxonomy":"category","embeddable":true,"href":"https:\/\/www.webdo.tn\/fr\/wp-json\/wp\/v2\/categories?post=185419"},{"taxonomy":"post_tag","embeddable":true,"href":"https:\/\/www.webdo.tn\/fr\/wp-json\/wp\/v2\/tags?post=185419"}],"curies":[{"name":"wp","href":"https:\/\/api.w.org\/{rel}","templated":true}]}}