{"id":185418,"date":"2014-10-22T10:24:00","date_gmt":"2014-10-22T08:24:00","guid":{"rendered":"https:\/\/www.webdo.tn\/fr\/actualite\/transition\/rapport-doctobre-2014-crisis-group-analyse-pertinente-terrorisme-polarisation-regionale-en-tunisie\/185418"},"modified":"2014-10-22T10:24:00","modified_gmt":"2014-10-22T08:24:00","slug":"rapport-doctobre-2014-crisis-group-analyse-pertinente-terrorisme-polarisation-regionale-en-tunisie","status":"publish","type":"post","link":"https:\/\/www.webdo.tn\/fr\/actualite\/transition\/rapport-doctobre-2014-crisis-group-analyse-pertinente-terrorisme-polarisation-regionale-en-tunisie\/185418\/","title":{"rendered":"Rapport d&rsquo;Octobre 2014 de Crisis Group : Une analyse pertinente sur le terrorisme et la polarisation r\u00e9gionale en Tunisie"},"content":{"rendered":"<p>Tribune\u00a0| CRISIS GROUP\u00a0<br \/>\nL&rsquo;International Crisis Group est une organisation non gouvernementale multinationale, \u00e0 but non lucratif, dont la mission est de pr\u00e9venir et r\u00e9soudre les conflits meurtriers gr\u00e2ce \u00e0 une analyse de la situation sur le terrain et des recommandations ind\u00e9pendantes.<br \/>\n&#8212;<br \/>\nDepuis le soul\u00e8vement populaire de d\u00e9cembre-janvier 2010-2011, la Tunisie surmonte avec succ\u00e8s ses crises politiques, mais le pays semble moins dispos\u00e9 \u00e0 absorber le choc d\u2019attaques jihadistes plus importantes. Malgr\u00e9 le dialogue national qui a fortement r\u00e9duit les tensions et a fait d\u00e9buter l\u2019ann\u00e9e 2014 sur une touche optimiste, l\u2019inqui\u00e9tude grandit de nouveau. \u00a0Cette appr\u00e9hension\u00a0peut s\u2019expliquer par la mont\u00e9e des violences \u00e0 la fronti\u00e8re alg\u00e9rienne, le chaos libyen et l\u2019avanc\u00e9e de l\u2019islamisme radical au Moyen-Orient, mais \u00e9galement par le discours antiterroriste ambiant. Caisse de r\u00e9sonnance des conflits qui agitent la r\u00e9gion, le pays a besoin d\u2019aborder la question terroriste de mani\u00e8re sereine et d\u00e9politis\u00e9e, malgr\u00e9 les enjeux internationaux. La lutte contre le terrorisme et la lutte contre le crime organis\u00e9 sont indissociables. Le gouvernement gagnerait ainsi \u00e0 accompagner ses mesures s\u00e9curitaires par des mesures \u00e9conomiques et sociales destin\u00e9es \u00e0 ramener les populations frontali\u00e8res dans le giron de l\u2019Etat.<br \/>\nDepuis 2013, l\u2019alliance entre trafiquants d\u2019armes et de drogues et cellules jihadistes arm\u00e9es parait se renforcer sensiblement dans les r\u00e9gions limitrophes. Les grands r\u00e9seaux du trafic illicite nourrissent les violences aux fronti\u00e8res, h\u00e2tivement qualifi\u00e9es de \u00ab\u00a0terroristes\u00a0\u00bb par la plupart des m\u00e9dias. Celles-ci pourraient s\u2019accroitre dangereusement si l\u2019aggravation du conflit libyen entrainait de s\u00e9rieuses retomb\u00e9es \u00e9conomiques et politiques.<br \/>\nLa crise sociale dans le Sud du pays, l\u2019alliance solide entre cartels et jihadistes, la polarisation id\u00e9ologique entre islamistes et s\u00e9cularistes renforc\u00e9e par les tensions r\u00e9gionales pourraient, \u00e0 l\u2019approche des scrutins et dans leur sillage, former un m\u00e9lange explosif. Nombre d\u2019\u00e9lecteurs et de candidats aux prochaines \u00e9lections l\u00e9gislatives et pr\u00e9sidentielle, pr\u00e9vues \u00e0 l\u2019\u00e9tranger et sur le territoire national les 24-26 octobre (l\u00e9gislatives), 21-23 novembre (premier tour de la pr\u00e9sidentielle) et 26-28 d\u00e9cembre (second tour) 2014, partagent la crainte de l\u2019\u00e9chec du processus \u00e9lectoral, un sentiment d\u2019ins\u00e9curit\u00e9 et la peur de subir le m\u00eame sort que d\u2019autres pays de la r\u00e9gion. Le durcissement de la s\u00e9curit\u00e9 et les repr\u00e9sailles de groupes jihadistes affaiblis forment un cercle vicieux. Le gouvernement ind\u00e9pendant dit de \u00ab technocrates \u00bb de Mehdi Jomaa joue sur la fibre antiterroriste. Il oriente les pr\u00e9occupations des classes moyennes \u00e9duqu\u00e9es vers l\u2019extr\u00e9misme religieux, ce qui risquerait de ressusciter la polarisation id\u00e9ologique entre islamistes et s\u00e9cularistes, si un attentat touchait le pays en plein c\u0153ur.<\/p>\n<p>Afin de se pr\u00e9munir d\u2019une nouvelle crise, les autorit\u00e9s gagneraient \u00e0 prendre deux mesures principales. La premi\u00e8re serait de renforcer leur pr\u00e9sence dans les zones limitrophes gr\u00e2ce \u00e0 une politique de d\u00e9veloppement dont les signes pourraient rapidement \u00eatre per\u00e7us par les habitants des fronti\u00e8res. La deuxi\u00e8me serait d\u2019appliquer une strat\u00e9gie antiterroriste efficace et mesur\u00e9e, \u00e0 l\u2019oppos\u00e9 du traitement m\u00e9diatique r\u00e9cent qui d\u00e9veloppe la phobie jihadiste en entretenant indirectement l\u2019amalgame entre les diff\u00e9rentes formes d\u2019islamisme.<\/p>\n<p>Les enjeux id\u00e9ologiques r\u00e9gionaux et internationaux sur la question islamiste certes concernent la Tunisie, mais ceux-ci ne devraient pas d\u00e9terminer son avenir. Apr\u00e8s un premier rapport sur \u00ab\u00a0la Tunisie des fronti\u00e8res\u00a0\u00bb (novembre 2013), ce briefing analyse la nouvelle r\u00e9alit\u00e9 des menaces aux fronti\u00e8res tuniso-libyenne et tuniso-alg\u00e9rienne, et propose des pistes pour att\u00e9nuer les risques.<br \/>\nDans l\u2019imm\u00e9diat, il est important que les principales forces politiques, syndicales et associatives, islamistes et non-islamistes, mettent en \u0153uvre une approche consensuelle de la s\u00e9curit\u00e9 publique et que les autorit\u00e9s adoptent un discours antiterroriste serein, pr\u00e9venant le retour d\u2019une polarisation id\u00e9ologique entre islamistes et s\u00e9cularistes. De m\u00eame, il serait souhaitable que le gouvernement ou celui qui lui succ\u00e9dera, intensifie la coop\u00e9ration s\u00e9curitaire avec le voisin alg\u00e9rien, concr\u00e9tise le projet de cr\u00e9ation d\u2019une agence nationale de renseignement, et dialogue avec les cartels situ\u00e9s aux fronti\u00e8res afin que ceux-ci acceptent de cesser le n\u00e9goce de produits dangereux et possiblement que certains collaborent \u00e0 l\u2019avenir sur le plan s\u00e9curitaire avec l\u2019Etat tunisien. L\u2019ensemble de ces mesures contribuerait, au bout du compte, \u00e0 \u00e9viter que les habitants des fronti\u00e8res ne s\u2019\u00e9loignent de fa\u00e7on irr\u00e9m\u00e9diable de l\u2019Etat et soient tent\u00e9s, \u00e0 moyen terme, de s\u2019y opposer de fa\u00e7on frontale en rejoignant des groupes arm\u00e9s jihadistes criminels.<br \/>\nPour lire le rapport complet de Crisis Group, cliquez ici\u00a0<br \/>\nTunis\/Bruxelles, 21 octobre 2014<\/p>\n","protected":false},"excerpt":{"rendered":"<p>Tribune\u00a0| CRISIS GROUP\u00a0<br \/>\nL&rsquo;International Crisis Group est une organisation non gouvernementale multinationale, \u00e0 but non lucratif, dont la mission est d<\/p>\n","protected":false},"author":3222,"featured_media":373321,"comment_status":"open","ping_status":"open","sticky":false,"template":"","format":"standard","meta":{"footnotes":""},"categories":[11345],"tags":[],"class_list":["post-185418","post","type-post","status-publish","format-standard","has-post-thumbnail","hentry","category-transition"],"yoast_head":"<!-- This site is optimized with the Yoast SEO Premium plugin v27.5 (Yoast SEO v27.5) - https:\/\/yoast.com\/product\/yoast-seo-premium-wordpress\/ -->\n<title>Rapport d&#039;Octobre 2014 de Crisis Group : Une analyse pertinente sur le terrorisme et la polarisation r\u00e9gionale en Tunisie<\/title>\n<meta name=\"description\" content=\"Rapport d&#039;Octobre 2014 de Crisis Group : Une analyse pertinente sur le terrorisme et la polarisation r\u00e9gionale en Tunisie\" \/>\n<link rel=\"canonical\" href=\"https:\/\/www.webdo.tn\/fr\/actualite\/transition\/rapport-doctobre-2014-crisis-group-analyse-pertinente-terrorisme-polarisation-regionale-en-tunisie\/185418\/\" \/>\n<meta property=\"og:locale\" content=\"fr_FR\" \/>\n<meta property=\"og:type\" content=\"article\" \/>\n<meta property=\"og:title\" content=\"Rapport d&#039;Octobre 2014 de Crisis Group : Une analyse pertinente sur le terrorisme et la polarisation r\u00e9gionale en Tunisie\" \/>\n<meta property=\"og:description\" content=\"Rapport d&#039;Octobre 2014 de Crisis Group : Une analyse pertinente sur le terrorisme et la polarisation r\u00e9gionale en Tunisie\" \/>\n<meta property=\"og:url\" content=\"https:\/\/www.webdo.tn\/fr\/actualite\/transition\/rapport-doctobre-2014-crisis-group-analyse-pertinente-terrorisme-polarisation-regionale-en-tunisie\/185418\/\" \/>\n<meta property=\"og:site_name\" content=\"webdo\" \/>\n<meta property=\"article:publisher\" content=\"https:\/\/www.facebook.com\/webdotn\" \/>\n<meta property=\"article:published_time\" content=\"2014-10-22T08:24:00+00:00\" \/>\n<meta property=\"og:image\" content=\"https:\/\/www.webdo.tn\/fr\/wp-content\/uploads\/2025\/06\/webdo_default_185418.jpg\" \/>\n\t<meta property=\"og:image:width\" content=\"800\" \/>\n\t<meta property=\"og:image:height\" content=\"500\" \/>\n\t<meta property=\"og:image:type\" content=\"image\/jpeg\" \/>\n<meta name=\"author\" content=\"webdo.tn\" \/>\n<meta name=\"twitter:card\" content=\"summary_large_image\" \/>\n<meta name=\"twitter:creator\" content=\"@webdo_tn\" \/>\n<meta name=\"twitter:site\" content=\"@webdo_tn\" \/>\n<meta name=\"twitter:label1\" content=\"\u00c9crit par\" \/>\n\t<meta name=\"twitter:data1\" content=\"webdo.tn\" \/>\n\t<meta name=\"twitter:label2\" content=\"Dur\u00e9e de lecture estim\u00e9e\" \/>\n\t<meta name=\"twitter:data2\" content=\"4 minutes\" \/>\n<script type=\"application\/ld+json\" class=\"yoast-schema-graph\">{\"@context\":\"https:\\\/\\\/schema.org\",\"@graph\":[{\"@type\":\"NewsArticle\",\"@id\":\"https:\\\/\\\/www.webdo.tn\\\/fr\\\/actualite\\\/transition\\\/rapport-doctobre-2014-crisis-group-analyse-pertinente-terrorisme-polarisation-regionale-en-tunisie\\\/185418\\\/#article\",\"isPartOf\":{\"@id\":\"https:\\\/\\\/www.webdo.tn\\\/fr\\\/actualite\\\/transition\\\/rapport-doctobre-2014-crisis-group-analyse-pertinente-terrorisme-polarisation-regionale-en-tunisie\\\/185418\\\/\"},\"author\":{\"name\":\"webdo.tn\",\"@id\":\"https:\\\/\\\/www.webdo.tn\\\/fr\\\/#\\\/schema\\\/person\\\/9a9c6118d687c117df8ef3cc36a4d175\"},\"headline\":\"Rapport d&rsquo;Octobre 2014 de Crisis Group : Une analyse pertinente sur le terrorisme et la polarisation r\u00e9gionale en Tunisie\",\"datePublished\":\"2014-10-22T08:24:00+00:00\",\"mainEntityOfPage\":{\"@id\":\"https:\\\/\\\/www.webdo.tn\\\/fr\\\/actualite\\\/transition\\\/rapport-doctobre-2014-crisis-group-analyse-pertinente-terrorisme-polarisation-regionale-en-tunisie\\\/185418\\\/\"},\"wordCount\":842,\"commentCount\":0,\"publisher\":{\"@id\":\"https:\\\/\\\/www.webdo.tn\\\/fr\\\/#organization\"},\"image\":{\"@id\":\"https:\\\/\\\/www.webdo.tn\\\/fr\\\/actualite\\\/transition\\\/rapport-doctobre-2014-crisis-group-analyse-pertinente-terrorisme-polarisation-regionale-en-tunisie\\\/185418\\\/#primaryimage\"},\"thumbnailUrl\":\"https:\\\/\\\/www.webdo.tn\\\/fr\\\/wp-content\\\/uploads\\\/2025\\\/06\\\/webdo_default_185418.jpg\",\"articleSection\":[\"Transition\"],\"inLanguage\":\"fr-FR\"},{\"@type\":\"WebPage\",\"@id\":\"https:\\\/\\\/www.webdo.tn\\\/fr\\\/actualite\\\/transition\\\/rapport-doctobre-2014-crisis-group-analyse-pertinente-terrorisme-polarisation-regionale-en-tunisie\\\/185418\\\/\",\"url\":\"https:\\\/\\\/www.webdo.tn\\\/fr\\\/actualite\\\/transition\\\/rapport-doctobre-2014-crisis-group-analyse-pertinente-terrorisme-polarisation-regionale-en-tunisie\\\/185418\\\/\",\"name\":\"Rapport d'Octobre 2014 de Crisis Group : Une analyse pertinente sur le terrorisme et la polarisation r\u00e9gionale en Tunisie\",\"isPartOf\":{\"@id\":\"https:\\\/\\\/www.webdo.tn\\\/fr\\\/#website\"},\"primaryImageOfPage\":{\"@id\":\"https:\\\/\\\/www.webdo.tn\\\/fr\\\/actualite\\\/transition\\\/rapport-doctobre-2014-crisis-group-analyse-pertinente-terrorisme-polarisation-regionale-en-tunisie\\\/185418\\\/#primaryimage\"},\"image\":{\"@id\":\"https:\\\/\\\/www.webdo.tn\\\/fr\\\/actualite\\\/transition\\\/rapport-doctobre-2014-crisis-group-analyse-pertinente-terrorisme-polarisation-regionale-en-tunisie\\\/185418\\\/#primaryimage\"},\"thumbnailUrl\":\"https:\\\/\\\/www.webdo.tn\\\/fr\\\/wp-content\\\/uploads\\\/2025\\\/06\\\/webdo_default_185418.jpg\",\"datePublished\":\"2014-10-22T08:24:00+00:00\",\"description\":\"Rapport d'Octobre 2014 de Crisis Group : Une analyse pertinente sur le terrorisme et la polarisation r\u00e9gionale en Tunisie\",\"breadcrumb\":{\"@id\":\"https:\\\/\\\/www.webdo.tn\\\/fr\\\/actualite\\\/transition\\\/rapport-doctobre-2014-crisis-group-analyse-pertinente-terrorisme-polarisation-regionale-en-tunisie\\\/185418\\\/#breadcrumb\"},\"inLanguage\":\"fr-FR\",\"potentialAction\":[{\"@type\":\"ReadAction\",\"target\":[\"https:\\\/\\\/www.webdo.tn\\\/fr\\\/actualite\\\/transition\\\/rapport-doctobre-2014-crisis-group-analyse-pertinente-terrorisme-polarisation-regionale-en-tunisie\\\/185418\\\/\"]}]},{\"@type\":\"ImageObject\",\"inLanguage\":\"fr-FR\",\"@id\":\"https:\\\/\\\/www.webdo.tn\\\/fr\\\/actualite\\\/transition\\\/rapport-doctobre-2014-crisis-group-analyse-pertinente-terrorisme-polarisation-regionale-en-tunisie\\\/185418\\\/#primaryimage\",\"url\":\"https:\\\/\\\/www.webdo.tn\\\/fr\\\/wp-content\\\/uploads\\\/2025\\\/06\\\/webdo_default_185418.jpg\",\"contentUrl\":\"https:\\\/\\\/www.webdo.tn\\\/fr\\\/wp-content\\\/uploads\\\/2025\\\/06\\\/webdo_default_185418.jpg\",\"width\":800,\"height\":500,\"caption\":\"Rapport d'Octobre 2014 de Crisis Group : Une analyse pertinente sur le terrorisme et la polarisation r\u00e9gionale en Tunisie\"},{\"@type\":\"BreadcrumbList\",\"@id\":\"https:\\\/\\\/www.webdo.tn\\\/fr\\\/actualite\\\/transition\\\/rapport-doctobre-2014-crisis-group-analyse-pertinente-terrorisme-polarisation-regionale-en-tunisie\\\/185418\\\/#breadcrumb\",\"itemListElement\":[{\"@type\":\"ListItem\",\"position\":1,\"name\":\"Accueil\",\"item\":\"https:\\\/\\\/www.webdo.tn\\\/fr\\\/\"},{\"@type\":\"ListItem\",\"position\":2,\"name\":\"Rapport d&rsquo;Octobre 2014 de Crisis Group : Une analyse pertinente sur le terrorisme et la polarisation r\u00e9gionale en Tunisie\"}]},{\"@type\":\"WebSite\",\"@id\":\"https:\\\/\\\/www.webdo.tn\\\/fr\\\/#website\",\"url\":\"https:\\\/\\\/www.webdo.tn\\\/fr\\\/\",\"name\":\"webdo\",\"description\":\"Tunisie - News en Tunisie et \u00e0 l&#039;international sur Webdo.tn\",\"publisher\":{\"@id\":\"https:\\\/\\\/www.webdo.tn\\\/fr\\\/#organization\"},\"potentialAction\":[{\"@type\":\"SearchAction\",\"target\":{\"@type\":\"EntryPoint\",\"urlTemplate\":\"https:\\\/\\\/www.webdo.tn\\\/fr\\\/?s={search_term_string}\"},\"query-input\":{\"@type\":\"PropertyValueSpecification\",\"valueRequired\":true,\"valueName\":\"search_term_string\"}}],\"inLanguage\":\"fr-FR\"},{\"@type\":\"Organization\",\"@id\":\"https:\\\/\\\/www.webdo.tn\\\/fr\\\/#organization\",\"name\":\"Webdo\",\"alternateName\":\"Webdo.tn\",\"url\":\"https:\\\/\\\/www.webdo.tn\\\/fr\\\/\",\"logo\":{\"@type\":\"ImageObject\",\"inLanguage\":\"fr-FR\",\"@id\":\"https:\\\/\\\/www.webdo.tn\\\/fr\\\/#\\\/schema\\\/logo\\\/image\\\/\",\"url\":\"https:\\\/\\\/www.webdo.tn\\\/fr\\\/wp-content\\\/uploads\\\/2025\\\/06\\\/Webdo-Tunisie_168377.jpg\",\"contentUrl\":\"https:\\\/\\\/www.webdo.tn\\\/fr\\\/wp-content\\\/uploads\\\/2025\\\/06\\\/Webdo-Tunisie_168377.jpg\",\"width\":301,\"height\":301,\"caption\":\"Webdo\"},\"image\":{\"@id\":\"https:\\\/\\\/www.webdo.tn\\\/fr\\\/#\\\/schema\\\/logo\\\/image\\\/\"},\"sameAs\":[\"https:\\\/\\\/www.facebook.com\\\/webdotn\",\"https:\\\/\\\/x.com\\\/webdo_tn\"],\"description\":\"Webdo est un m\u00e9dia num\u00e9rique tunisien fond\u00e9 en 2010, sp\u00e9cialis\u00e9 dans l\u2019actualit\u00e9 nationale et internationale, l\u2019\u00e9conomie, la soci\u00e9t\u00e9 et les analyses politiques. Le site s\u2019adresse \u00e0 un large public francophone et couvre l\u2019information tunisienne en temps r\u00e9el.\",\"email\":\"redac@webdo.tn\",\"legalName\":\"YNJ SARL\",\"foundingDate\":\"2010-09-06\",\"numberOfEmployees\":{\"@type\":\"QuantitativeValue\",\"minValue\":\"11\",\"maxValue\":\"50\"}},{\"@type\":\"Person\",\"@id\":\"https:\\\/\\\/www.webdo.tn\\\/fr\\\/#\\\/schema\\\/person\\\/9a9c6118d687c117df8ef3cc36a4d175\",\"name\":\"webdo.tn\",\"image\":{\"@type\":\"ImageObject\",\"inLanguage\":\"fr-FR\",\"@id\":\"https:\\\/\\\/secure.gravatar.com\\\/avatar\\\/7ce1f28c0c3bbac99ff550b85ef8e44a6950c6ee24514fb6a5489e51d06f0298?s=96&d=mm&r=g\",\"url\":\"https:\\\/\\\/secure.gravatar.com\\\/avatar\\\/7ce1f28c0c3bbac99ff550b85ef8e44a6950c6ee24514fb6a5489e51d06f0298?s=96&d=mm&r=g\",\"contentUrl\":\"https:\\\/\\\/secure.gravatar.com\\\/avatar\\\/7ce1f28c0c3bbac99ff550b85ef8e44a6950c6ee24514fb6a5489e51d06f0298?s=96&d=mm&r=g\",\"caption\":\"webdo.tn\"},\"url\":\"https:\\\/\\\/www.webdo.tn\\\/fr\\\/actualite\\\/author\\\/webdotn\\\/\"}]}<\/script>\n<!-- \/ Yoast SEO Premium plugin. -->","yoast_head_json":{"title":"Rapport d'Octobre 2014 de Crisis Group : Une analyse pertinente sur le terrorisme et la polarisation r\u00e9gionale en Tunisie","description":"Rapport d'Octobre 2014 de Crisis Group : Une analyse pertinente sur le terrorisme et la polarisation r\u00e9gionale en Tunisie","canonical":"https:\/\/www.webdo.tn\/fr\/actualite\/transition\/rapport-doctobre-2014-crisis-group-analyse-pertinente-terrorisme-polarisation-regionale-en-tunisie\/185418\/","og_locale":"fr_FR","og_type":"article","og_title":"Rapport d'Octobre 2014 de Crisis Group : Une analyse pertinente sur le terrorisme et la polarisation r\u00e9gionale en Tunisie","og_description":"Rapport d'Octobre 2014 de Crisis Group : Une analyse pertinente sur le terrorisme et la polarisation r\u00e9gionale en Tunisie","og_url":"https:\/\/www.webdo.tn\/fr\/actualite\/transition\/rapport-doctobre-2014-crisis-group-analyse-pertinente-terrorisme-polarisation-regionale-en-tunisie\/185418\/","og_site_name":"webdo","article_publisher":"https:\/\/www.facebook.com\/webdotn","article_published_time":"2014-10-22T08:24:00+00:00","og_image":[{"width":800,"height":500,"url":"https:\/\/www.webdo.tn\/fr\/wp-content\/uploads\/2025\/06\/webdo_default_185418.jpg","type":"image\/jpeg"}],"author":"webdo.tn","twitter_card":"summary_large_image","twitter_creator":"@webdo_tn","twitter_site":"@webdo_tn","twitter_misc":{"\u00c9crit par":"webdo.tn","Dur\u00e9e de lecture estim\u00e9e":"4 minutes"},"schema":{"@context":"https:\/\/schema.org","@graph":[{"@type":"NewsArticle","@id":"https:\/\/www.webdo.tn\/fr\/actualite\/transition\/rapport-doctobre-2014-crisis-group-analyse-pertinente-terrorisme-polarisation-regionale-en-tunisie\/185418\/#article","isPartOf":{"@id":"https:\/\/www.webdo.tn\/fr\/actualite\/transition\/rapport-doctobre-2014-crisis-group-analyse-pertinente-terrorisme-polarisation-regionale-en-tunisie\/185418\/"},"author":{"name":"webdo.tn","@id":"https:\/\/www.webdo.tn\/fr\/#\/schema\/person\/9a9c6118d687c117df8ef3cc36a4d175"},"headline":"Rapport d&rsquo;Octobre 2014 de Crisis Group : Une analyse pertinente sur le terrorisme et la polarisation r\u00e9gionale en Tunisie","datePublished":"2014-10-22T08:24:00+00:00","mainEntityOfPage":{"@id":"https:\/\/www.webdo.tn\/fr\/actualite\/transition\/rapport-doctobre-2014-crisis-group-analyse-pertinente-terrorisme-polarisation-regionale-en-tunisie\/185418\/"},"wordCount":842,"commentCount":0,"publisher":{"@id":"https:\/\/www.webdo.tn\/fr\/#organization"},"image":{"@id":"https:\/\/www.webdo.tn\/fr\/actualite\/transition\/rapport-doctobre-2014-crisis-group-analyse-pertinente-terrorisme-polarisation-regionale-en-tunisie\/185418\/#primaryimage"},"thumbnailUrl":"https:\/\/www.webdo.tn\/fr\/wp-content\/uploads\/2025\/06\/webdo_default_185418.jpg","articleSection":["Transition"],"inLanguage":"fr-FR"},{"@type":"WebPage","@id":"https:\/\/www.webdo.tn\/fr\/actualite\/transition\/rapport-doctobre-2014-crisis-group-analyse-pertinente-terrorisme-polarisation-regionale-en-tunisie\/185418\/","url":"https:\/\/www.webdo.tn\/fr\/actualite\/transition\/rapport-doctobre-2014-crisis-group-analyse-pertinente-terrorisme-polarisation-regionale-en-tunisie\/185418\/","name":"Rapport d'Octobre 2014 de Crisis Group : Une analyse pertinente sur le terrorisme et la polarisation r\u00e9gionale en Tunisie","isPartOf":{"@id":"https:\/\/www.webdo.tn\/fr\/#website"},"primaryImageOfPage":{"@id":"https:\/\/www.webdo.tn\/fr\/actualite\/transition\/rapport-doctobre-2014-crisis-group-analyse-pertinente-terrorisme-polarisation-regionale-en-tunisie\/185418\/#primaryimage"},"image":{"@id":"https:\/\/www.webdo.tn\/fr\/actualite\/transition\/rapport-doctobre-2014-crisis-group-analyse-pertinente-terrorisme-polarisation-regionale-en-tunisie\/185418\/#primaryimage"},"thumbnailUrl":"https:\/\/www.webdo.tn\/fr\/wp-content\/uploads\/2025\/06\/webdo_default_185418.jpg","datePublished":"2014-10-22T08:24:00+00:00","description":"Rapport d'Octobre 2014 de Crisis Group : Une analyse pertinente sur le terrorisme et la polarisation r\u00e9gionale en Tunisie","breadcrumb":{"@id":"https:\/\/www.webdo.tn\/fr\/actualite\/transition\/rapport-doctobre-2014-crisis-group-analyse-pertinente-terrorisme-polarisation-regionale-en-tunisie\/185418\/#breadcrumb"},"inLanguage":"fr-FR","potentialAction":[{"@type":"ReadAction","target":["https:\/\/www.webdo.tn\/fr\/actualite\/transition\/rapport-doctobre-2014-crisis-group-analyse-pertinente-terrorisme-polarisation-regionale-en-tunisie\/185418\/"]}]},{"@type":"ImageObject","inLanguage":"fr-FR","@id":"https:\/\/www.webdo.tn\/fr\/actualite\/transition\/rapport-doctobre-2014-crisis-group-analyse-pertinente-terrorisme-polarisation-regionale-en-tunisie\/185418\/#primaryimage","url":"https:\/\/www.webdo.tn\/fr\/wp-content\/uploads\/2025\/06\/webdo_default_185418.jpg","contentUrl":"https:\/\/www.webdo.tn\/fr\/wp-content\/uploads\/2025\/06\/webdo_default_185418.jpg","width":800,"height":500,"caption":"Rapport d'Octobre 2014 de Crisis Group : Une analyse pertinente sur le terrorisme et la polarisation r\u00e9gionale en Tunisie"},{"@type":"BreadcrumbList","@id":"https:\/\/www.webdo.tn\/fr\/actualite\/transition\/rapport-doctobre-2014-crisis-group-analyse-pertinente-terrorisme-polarisation-regionale-en-tunisie\/185418\/#breadcrumb","itemListElement":[{"@type":"ListItem","position":1,"name":"Accueil","item":"https:\/\/www.webdo.tn\/fr\/"},{"@type":"ListItem","position":2,"name":"Rapport d&rsquo;Octobre 2014 de Crisis Group : Une analyse pertinente sur le terrorisme et la polarisation r\u00e9gionale en Tunisie"}]},{"@type":"WebSite","@id":"https:\/\/www.webdo.tn\/fr\/#website","url":"https:\/\/www.webdo.tn\/fr\/","name":"webdo","description":"Tunisie - News en Tunisie et \u00e0 l&#039;international sur Webdo.tn","publisher":{"@id":"https:\/\/www.webdo.tn\/fr\/#organization"},"potentialAction":[{"@type":"SearchAction","target":{"@type":"EntryPoint","urlTemplate":"https:\/\/www.webdo.tn\/fr\/?s={search_term_string}"},"query-input":{"@type":"PropertyValueSpecification","valueRequired":true,"valueName":"search_term_string"}}],"inLanguage":"fr-FR"},{"@type":"Organization","@id":"https:\/\/www.webdo.tn\/fr\/#organization","name":"Webdo","alternateName":"Webdo.tn","url":"https:\/\/www.webdo.tn\/fr\/","logo":{"@type":"ImageObject","inLanguage":"fr-FR","@id":"https:\/\/www.webdo.tn\/fr\/#\/schema\/logo\/image\/","url":"https:\/\/www.webdo.tn\/fr\/wp-content\/uploads\/2025\/06\/Webdo-Tunisie_168377.jpg","contentUrl":"https:\/\/www.webdo.tn\/fr\/wp-content\/uploads\/2025\/06\/Webdo-Tunisie_168377.jpg","width":301,"height":301,"caption":"Webdo"},"image":{"@id":"https:\/\/www.webdo.tn\/fr\/#\/schema\/logo\/image\/"},"sameAs":["https:\/\/www.facebook.com\/webdotn","https:\/\/x.com\/webdo_tn"],"description":"Webdo est un m\u00e9dia num\u00e9rique tunisien fond\u00e9 en 2010, sp\u00e9cialis\u00e9 dans l\u2019actualit\u00e9 nationale et internationale, l\u2019\u00e9conomie, la soci\u00e9t\u00e9 et les analyses politiques. Le site s\u2019adresse \u00e0 un large public francophone et couvre l\u2019information tunisienne en temps r\u00e9el.","email":"redac@webdo.tn","legalName":"YNJ SARL","foundingDate":"2010-09-06","numberOfEmployees":{"@type":"QuantitativeValue","minValue":"11","maxValue":"50"}},{"@type":"Person","@id":"https:\/\/www.webdo.tn\/fr\/#\/schema\/person\/9a9c6118d687c117df8ef3cc36a4d175","name":"webdo.tn","image":{"@type":"ImageObject","inLanguage":"fr-FR","@id":"https:\/\/secure.gravatar.com\/avatar\/7ce1f28c0c3bbac99ff550b85ef8e44a6950c6ee24514fb6a5489e51d06f0298?s=96&d=mm&r=g","url":"https:\/\/secure.gravatar.com\/avatar\/7ce1f28c0c3bbac99ff550b85ef8e44a6950c6ee24514fb6a5489e51d06f0298?s=96&d=mm&r=g","contentUrl":"https:\/\/secure.gravatar.com\/avatar\/7ce1f28c0c3bbac99ff550b85ef8e44a6950c6ee24514fb6a5489e51d06f0298?s=96&d=mm&r=g","caption":"webdo.tn"},"url":"https:\/\/www.webdo.tn\/fr\/actualite\/author\/webdotn\/"}]}},"_links":{"self":[{"href":"https:\/\/www.webdo.tn\/fr\/wp-json\/wp\/v2\/posts\/185418","targetHints":{"allow":["GET"]}}],"collection":[{"href":"https:\/\/www.webdo.tn\/fr\/wp-json\/wp\/v2\/posts"}],"about":[{"href":"https:\/\/www.webdo.tn\/fr\/wp-json\/wp\/v2\/types\/post"}],"author":[{"embeddable":true,"href":"https:\/\/www.webdo.tn\/fr\/wp-json\/wp\/v2\/users\/3222"}],"replies":[{"embeddable":true,"href":"https:\/\/www.webdo.tn\/fr\/wp-json\/wp\/v2\/comments?post=185418"}],"version-history":[{"count":0,"href":"https:\/\/www.webdo.tn\/fr\/wp-json\/wp\/v2\/posts\/185418\/revisions"}],"wp:featuredmedia":[{"embeddable":true,"href":"https:\/\/www.webdo.tn\/fr\/wp-json\/wp\/v2\/media\/373321"}],"wp:attachment":[{"href":"https:\/\/www.webdo.tn\/fr\/wp-json\/wp\/v2\/media?parent=185418"}],"wp:term":[{"taxonomy":"category","embeddable":true,"href":"https:\/\/www.webdo.tn\/fr\/wp-json\/wp\/v2\/categories?post=185418"},{"taxonomy":"post_tag","embeddable":true,"href":"https:\/\/www.webdo.tn\/fr\/wp-json\/wp\/v2\/tags?post=185418"}],"curies":[{"name":"wp","href":"https:\/\/api.w.org\/{rel}","templated":true}]}}