{"id":185416,"date":"2014-10-22T13:59:00","date_gmt":"2014-10-22T11:59:00","guid":{"rendered":"https:\/\/www.webdo.tn\/fr\/actualite\/transition\/president-du-parti-al-amen-refusons-vie-politique-en-tunisie-soit-limitee-partis\/185416"},"modified":"2014-10-22T13:59:00","modified_gmt":"2014-10-22T11:59:00","slug":"president-du-parti-al-amen-refusons-vie-politique-en-tunisie-soit-limitee-partis","status":"publish","type":"post","link":"https:\/\/www.webdo.tn\/fr\/actualite\/transition\/president-du-parti-al-amen-refusons-vie-politique-en-tunisie-soit-limitee-partis\/185416\/","title":{"rendered":"Le pr\u00e9sident du parti Al Amen : \u00ab Nous refusons que la vie politique en Tunisie soit limit\u00e9e \u00e0 deux partis ! \u00bb"},"content":{"rendered":"<p>\u00ab\u00a0Nous refusons que la vie politique soit limit\u00e9e \u00e0 deux partis, parce que le peuple \u2018a d\u00e9j\u00e0 souffert\u2019 de cette exp\u00e9rience dont l&rsquo;inefficacit\u00e9 criante a \u00e9t\u00e9 une r\u00e9elle catastrophe pour le pays\u00a0\u00bb, a d\u00e9clar\u00e9 Lazhar Bali, pr\u00e9sident du parti Al-Amen, sur le plateau de l\u2019\u00e9mission Ahzab Wa Baramej (Partis et programmes) diffus\u00e9e sur Nessma TV, hier mardi 21 octobre.<\/p>\n<p>Faisant r\u00e9f\u00e9rence aux deux partis Nidaa Tounes et Ennahdha, M. Bali a estim\u00e9 qu\u2019une \u00ab\u00a0coalition\u00a0\u00bb entre eux annulerait la volont\u00e9 du peuple pour choisir le parti qui le repr\u00e9sente.<\/p>\n<p>\u00ab\u00a0Pourquoi tenir des \u00e9lections et faire voter le peuple si la sc\u00e8ne politique et le pouvoir va \u00eatre partag\u00e9 entre deux partis ?\u00a0\u00bb, s\u2019est-il interrog\u00e9, \u00e0 cinq jours des \u00e9lections l\u00e9gislatives, alors que\u00a0 \u00ab\u00a0l\u2019un pr\u00f4ne la dictature religieuse et l\u2019autre le\u00a0 &lsquo;recyclage&rsquo; des anciennes \u00e9paves corrompues \u00a0du 7 novembre\u00a0\u00bb.<\/p>\n<p>Lazhar Bali a pr\u00e9sent\u00e9 sa candidature \u00e0 l&rsquo;\u00e9lection pr\u00e9sidentielle mais son dossier a \u00e9t\u00e9 refus\u00e9, parmi les 41 autres noms \u00e9cart\u00e9s par l&rsquo;ISIE.<\/p>\n<p>Le parti Al-Amen, en lice pour les l\u00e9gislatives dans plusieurs circonscriptions, a tenu \u00e0 souligner, par le biais de son pr\u00e9sident qu\u2019il est pour \u00ab\u00a0une r\u00e9volution de valeurs\u00a0\u00bb mettant fin \u00e0 la corruption. D\u2019apr\u00e8s lui, les valeurs du pays, sur les plans politiques, morales, \u00e9thique,\u00a0 se sont effondr\u00e9s.<\/p>\n<p>Il a, entre autres, pr\u00e9sent\u00e9 Al-Amen comme un parti \u00ab\u00a0zeitounien\u00a0\u00bb qui refl\u00e8te l&rsquo;identit\u00e9 arabo-musulmane de la Tunisie comme le stipule la Constitution, sans \u00eatre pour autant un parti islamiste, affirmant toute comparaison ou connivence avec le mouvement Ennahdha.<\/p>\n<p>\u00a0<\/p>\n<p>Par Abdelhamid Ferchchi<\/p>\n","protected":false},"excerpt":{"rendered":"<p>\u00ab\u00a0Nous refusons que la vie politique soit limit\u00e9e \u00e0 deux partis, parce que le peuple \u2018a d\u00e9j\u00e0 souffert\u2019 de cette exp\u00e9rience dont l&rsquo;inefficacit\u00e9 cri<\/p>\n","protected":false},"author":3222,"featured_media":375173,"comment_status":"open","ping_status":"open","sticky":false,"template":"","format":"standard","meta":{"footnotes":""},"categories":[11345],"tags":[],"class_list":["post-185416","post","type-post","status-publish","format-standard","has-post-thumbnail","hentry","category-transition"],"yoast_head":"<!-- This site is optimized with the Yoast SEO Premium plugin v27.5 (Yoast SEO v27.5) - https:\/\/yoast.com\/product\/yoast-seo-premium-wordpress\/ -->\n<title>Le pr\u00e9sident du parti Al Amen : \u00ab Nous refusons que la vie politique en Tunisie soit limit\u00e9e \u00e0 deux partis ! \u00bb<\/title>\n<meta name=\"description\" content=\"Le pr\u00e9sident du parti Al Amen : \u00ab Nous refusons que la vie politique en Tunisie soit limit\u00e9e \u00e0 deux partis ! \u00bb\" \/>\n<link rel=\"canonical\" href=\"https:\/\/www.webdo.tn\/fr\/actualite\/transition\/president-du-parti-al-amen-refusons-vie-politique-en-tunisie-soit-limitee-partis\/185416\/\" \/>\n<meta property=\"og:locale\" content=\"fr_FR\" \/>\n<meta property=\"og:type\" content=\"article\" \/>\n<meta property=\"og:title\" content=\"Le pr\u00e9sident du parti Al Amen : \u00ab Nous refusons que la vie politique en Tunisie soit limit\u00e9e \u00e0 deux partis ! \u00bb\" \/>\n<meta property=\"og:description\" content=\"Le pr\u00e9sident du parti Al Amen : \u00ab Nous refusons que la vie politique en Tunisie soit limit\u00e9e \u00e0 deux partis ! \u00bb\" \/>\n<meta property=\"og:url\" content=\"https:\/\/www.webdo.tn\/fr\/actualite\/transition\/president-du-parti-al-amen-refusons-vie-politique-en-tunisie-soit-limitee-partis\/185416\/\" \/>\n<meta property=\"og:site_name\" content=\"webdo\" \/>\n<meta property=\"article:publisher\" content=\"https:\/\/www.facebook.com\/webdotn\" \/>\n<meta property=\"article:published_time\" content=\"2014-10-22T11:59:00+00:00\" \/>\n<meta property=\"og:image\" content=\"https:\/\/www.webdo.tn\/fr\/wp-content\/uploads\/2025\/06\/Capture-decran-2014-10-22-a-13.43.16_185416.png\" \/>\n\t<meta property=\"og:image:width\" content=\"510\" \/>\n\t<meta property=\"og:image:height\" content=\"365\" \/>\n\t<meta property=\"og:image:type\" content=\"image\/png\" \/>\n<meta name=\"author\" content=\"webdo.tn\" \/>\n<meta name=\"twitter:card\" content=\"summary_large_image\" \/>\n<meta name=\"twitter:creator\" content=\"@webdo_tn\" \/>\n<meta name=\"twitter:site\" content=\"@webdo_tn\" \/>\n<meta name=\"twitter:label1\" content=\"\u00c9crit par\" \/>\n\t<meta name=\"twitter:data1\" content=\"webdo.tn\" \/>\n\t<meta name=\"twitter:label2\" content=\"Dur\u00e9e de lecture estim\u00e9e\" \/>\n\t<meta name=\"twitter:data2\" content=\"1 minute\" \/>\n<script type=\"application\/ld+json\" class=\"yoast-schema-graph\">{\"@context\":\"https:\\\/\\\/schema.org\",\"@graph\":[{\"@type\":\"NewsArticle\",\"@id\":\"https:\\\/\\\/www.webdo.tn\\\/fr\\\/actualite\\\/transition\\\/president-du-parti-al-amen-refusons-vie-politique-en-tunisie-soit-limitee-partis\\\/185416\\\/#article\",\"isPartOf\":{\"@id\":\"https:\\\/\\\/www.webdo.tn\\\/fr\\\/actualite\\\/transition\\\/president-du-parti-al-amen-refusons-vie-politique-en-tunisie-soit-limitee-partis\\\/185416\\\/\"},\"author\":{\"name\":\"webdo.tn\",\"@id\":\"https:\\\/\\\/www.webdo.tn\\\/fr\\\/#\\\/schema\\\/person\\\/9a9c6118d687c117df8ef3cc36a4d175\"},\"headline\":\"Le pr\u00e9sident du parti Al Amen : \u00ab Nous refusons que la vie politique en Tunisie soit limit\u00e9e \u00e0 deux partis ! \u00bb\",\"datePublished\":\"2014-10-22T11:59:00+00:00\",\"mainEntityOfPage\":{\"@id\":\"https:\\\/\\\/www.webdo.tn\\\/fr\\\/actualite\\\/transition\\\/president-du-parti-al-amen-refusons-vie-politique-en-tunisie-soit-limitee-partis\\\/185416\\\/\"},\"wordCount\":294,\"commentCount\":0,\"publisher\":{\"@id\":\"https:\\\/\\\/www.webdo.tn\\\/fr\\\/#organization\"},\"image\":{\"@id\":\"https:\\\/\\\/www.webdo.tn\\\/fr\\\/actualite\\\/transition\\\/president-du-parti-al-amen-refusons-vie-politique-en-tunisie-soit-limitee-partis\\\/185416\\\/#primaryimage\"},\"thumbnailUrl\":\"https:\\\/\\\/www.webdo.tn\\\/fr\\\/wp-content\\\/uploads\\\/2025\\\/06\\\/Capture-decran-2014-10-22-a-13.43.16_185416.png\",\"articleSection\":[\"Transition\"],\"inLanguage\":\"fr-FR\"},{\"@type\":\"WebPage\",\"@id\":\"https:\\\/\\\/www.webdo.tn\\\/fr\\\/actualite\\\/transition\\\/president-du-parti-al-amen-refusons-vie-politique-en-tunisie-soit-limitee-partis\\\/185416\\\/\",\"url\":\"https:\\\/\\\/www.webdo.tn\\\/fr\\\/actualite\\\/transition\\\/president-du-parti-al-amen-refusons-vie-politique-en-tunisie-soit-limitee-partis\\\/185416\\\/\",\"name\":\"Le pr\u00e9sident du parti Al Amen : \u00ab Nous refusons que la vie politique en Tunisie soit limit\u00e9e \u00e0 deux partis ! \u00bb\",\"isPartOf\":{\"@id\":\"https:\\\/\\\/www.webdo.tn\\\/fr\\\/#website\"},\"primaryImageOfPage\":{\"@id\":\"https:\\\/\\\/www.webdo.tn\\\/fr\\\/actualite\\\/transition\\\/president-du-parti-al-amen-refusons-vie-politique-en-tunisie-soit-limitee-partis\\\/185416\\\/#primaryimage\"},\"image\":{\"@id\":\"https:\\\/\\\/www.webdo.tn\\\/fr\\\/actualite\\\/transition\\\/president-du-parti-al-amen-refusons-vie-politique-en-tunisie-soit-limitee-partis\\\/185416\\\/#primaryimage\"},\"thumbnailUrl\":\"https:\\\/\\\/www.webdo.tn\\\/fr\\\/wp-content\\\/uploads\\\/2025\\\/06\\\/Capture-decran-2014-10-22-a-13.43.16_185416.png\",\"datePublished\":\"2014-10-22T11:59:00+00:00\",\"description\":\"Le pr\u00e9sident du parti Al Amen : \u00ab Nous refusons que la vie politique en Tunisie soit limit\u00e9e \u00e0 deux partis ! \u00bb\",\"breadcrumb\":{\"@id\":\"https:\\\/\\\/www.webdo.tn\\\/fr\\\/actualite\\\/transition\\\/president-du-parti-al-amen-refusons-vie-politique-en-tunisie-soit-limitee-partis\\\/185416\\\/#breadcrumb\"},\"inLanguage\":\"fr-FR\",\"potentialAction\":[{\"@type\":\"ReadAction\",\"target\":[\"https:\\\/\\\/www.webdo.tn\\\/fr\\\/actualite\\\/transition\\\/president-du-parti-al-amen-refusons-vie-politique-en-tunisie-soit-limitee-partis\\\/185416\\\/\"]}]},{\"@type\":\"ImageObject\",\"inLanguage\":\"fr-FR\",\"@id\":\"https:\\\/\\\/www.webdo.tn\\\/fr\\\/actualite\\\/transition\\\/president-du-parti-al-amen-refusons-vie-politique-en-tunisie-soit-limitee-partis\\\/185416\\\/#primaryimage\",\"url\":\"https:\\\/\\\/www.webdo.tn\\\/fr\\\/wp-content\\\/uploads\\\/2025\\\/06\\\/Capture-decran-2014-10-22-a-13.43.16_185416.png\",\"contentUrl\":\"https:\\\/\\\/www.webdo.tn\\\/fr\\\/wp-content\\\/uploads\\\/2025\\\/06\\\/Capture-decran-2014-10-22-a-13.43.16_185416.png\",\"width\":510,\"height\":365,\"caption\":\"Le pr\u00e9sident du parti Al Amen : \u00ab Nous refusons que la vie politique en Tunisie soit limit\u00e9e \u00e0 deux partis ! \u00bb\"},{\"@type\":\"BreadcrumbList\",\"@id\":\"https:\\\/\\\/www.webdo.tn\\\/fr\\\/actualite\\\/transition\\\/president-du-parti-al-amen-refusons-vie-politique-en-tunisie-soit-limitee-partis\\\/185416\\\/#breadcrumb\",\"itemListElement\":[{\"@type\":\"ListItem\",\"position\":1,\"name\":\"Accueil\",\"item\":\"https:\\\/\\\/www.webdo.tn\\\/fr\\\/\"},{\"@type\":\"ListItem\",\"position\":2,\"name\":\"Le pr\u00e9sident du parti Al Amen : \u00ab Nous refusons que la vie politique en Tunisie soit limit\u00e9e \u00e0 deux partis ! \u00bb\"}]},{\"@type\":\"WebSite\",\"@id\":\"https:\\\/\\\/www.webdo.tn\\\/fr\\\/#website\",\"url\":\"https:\\\/\\\/www.webdo.tn\\\/fr\\\/\",\"name\":\"webdo\",\"description\":\"Tunisie - News en Tunisie et \u00e0 l&#039;international sur Webdo.tn\",\"publisher\":{\"@id\":\"https:\\\/\\\/www.webdo.tn\\\/fr\\\/#organization\"},\"potentialAction\":[{\"@type\":\"SearchAction\",\"target\":{\"@type\":\"EntryPoint\",\"urlTemplate\":\"https:\\\/\\\/www.webdo.tn\\\/fr\\\/?s={search_term_string}\"},\"query-input\":{\"@type\":\"PropertyValueSpecification\",\"valueRequired\":true,\"valueName\":\"search_term_string\"}}],\"inLanguage\":\"fr-FR\"},{\"@type\":\"Organization\",\"@id\":\"https:\\\/\\\/www.webdo.tn\\\/fr\\\/#organization\",\"name\":\"Webdo\",\"alternateName\":\"Webdo.tn\",\"url\":\"https:\\\/\\\/www.webdo.tn\\\/fr\\\/\",\"logo\":{\"@type\":\"ImageObject\",\"inLanguage\":\"fr-FR\",\"@id\":\"https:\\\/\\\/www.webdo.tn\\\/fr\\\/#\\\/schema\\\/logo\\\/image\\\/\",\"url\":\"https:\\\/\\\/www.webdo.tn\\\/fr\\\/wp-content\\\/uploads\\\/2025\\\/06\\\/Webdo-Tunisie_168377.jpg\",\"contentUrl\":\"https:\\\/\\\/www.webdo.tn\\\/fr\\\/wp-content\\\/uploads\\\/2025\\\/06\\\/Webdo-Tunisie_168377.jpg\",\"width\":301,\"height\":301,\"caption\":\"Webdo\"},\"image\":{\"@id\":\"https:\\\/\\\/www.webdo.tn\\\/fr\\\/#\\\/schema\\\/logo\\\/image\\\/\"},\"sameAs\":[\"https:\\\/\\\/www.facebook.com\\\/webdotn\",\"https:\\\/\\\/x.com\\\/webdo_tn\"],\"description\":\"Webdo est un m\u00e9dia num\u00e9rique tunisien fond\u00e9 en 2010, sp\u00e9cialis\u00e9 dans l\u2019actualit\u00e9 nationale et internationale, l\u2019\u00e9conomie, la soci\u00e9t\u00e9 et les analyses politiques. Le site s\u2019adresse \u00e0 un large public francophone et couvre l\u2019information tunisienne en temps r\u00e9el.\",\"email\":\"redac@webdo.tn\",\"legalName\":\"YNJ SARL\",\"foundingDate\":\"2010-09-06\",\"numberOfEmployees\":{\"@type\":\"QuantitativeValue\",\"minValue\":\"11\",\"maxValue\":\"50\"}},{\"@type\":\"Person\",\"@id\":\"https:\\\/\\\/www.webdo.tn\\\/fr\\\/#\\\/schema\\\/person\\\/9a9c6118d687c117df8ef3cc36a4d175\",\"name\":\"webdo.tn\",\"image\":{\"@type\":\"ImageObject\",\"inLanguage\":\"fr-FR\",\"@id\":\"https:\\\/\\\/secure.gravatar.com\\\/avatar\\\/7ce1f28c0c3bbac99ff550b85ef8e44a6950c6ee24514fb6a5489e51d06f0298?s=96&d=mm&r=g\",\"url\":\"https:\\\/\\\/secure.gravatar.com\\\/avatar\\\/7ce1f28c0c3bbac99ff550b85ef8e44a6950c6ee24514fb6a5489e51d06f0298?s=96&d=mm&r=g\",\"contentUrl\":\"https:\\\/\\\/secure.gravatar.com\\\/avatar\\\/7ce1f28c0c3bbac99ff550b85ef8e44a6950c6ee24514fb6a5489e51d06f0298?s=96&d=mm&r=g\",\"caption\":\"webdo.tn\"},\"url\":\"https:\\\/\\\/www.webdo.tn\\\/fr\\\/actualite\\\/author\\\/webdotn\\\/\"}]}<\/script>\n<!-- \/ Yoast SEO Premium plugin. -->","yoast_head_json":{"title":"Le pr\u00e9sident du parti Al Amen : \u00ab Nous refusons que la vie politique en Tunisie soit limit\u00e9e \u00e0 deux partis ! \u00bb","description":"Le pr\u00e9sident du parti Al Amen : \u00ab Nous refusons que la vie politique en Tunisie soit limit\u00e9e \u00e0 deux partis ! \u00bb","canonical":"https:\/\/www.webdo.tn\/fr\/actualite\/transition\/president-du-parti-al-amen-refusons-vie-politique-en-tunisie-soit-limitee-partis\/185416\/","og_locale":"fr_FR","og_type":"article","og_title":"Le pr\u00e9sident du parti Al Amen : \u00ab Nous refusons que la vie politique en Tunisie soit limit\u00e9e \u00e0 deux partis ! \u00bb","og_description":"Le pr\u00e9sident du parti Al Amen : \u00ab Nous refusons que la vie politique en Tunisie soit limit\u00e9e \u00e0 deux partis ! \u00bb","og_url":"https:\/\/www.webdo.tn\/fr\/actualite\/transition\/president-du-parti-al-amen-refusons-vie-politique-en-tunisie-soit-limitee-partis\/185416\/","og_site_name":"webdo","article_publisher":"https:\/\/www.facebook.com\/webdotn","article_published_time":"2014-10-22T11:59:00+00:00","og_image":[{"width":510,"height":365,"url":"https:\/\/www.webdo.tn\/fr\/wp-content\/uploads\/2025\/06\/Capture-decran-2014-10-22-a-13.43.16_185416.png","type":"image\/png"}],"author":"webdo.tn","twitter_card":"summary_large_image","twitter_creator":"@webdo_tn","twitter_site":"@webdo_tn","twitter_misc":{"\u00c9crit par":"webdo.tn","Dur\u00e9e de lecture estim\u00e9e":"1 minute"},"schema":{"@context":"https:\/\/schema.org","@graph":[{"@type":"NewsArticle","@id":"https:\/\/www.webdo.tn\/fr\/actualite\/transition\/president-du-parti-al-amen-refusons-vie-politique-en-tunisie-soit-limitee-partis\/185416\/#article","isPartOf":{"@id":"https:\/\/www.webdo.tn\/fr\/actualite\/transition\/president-du-parti-al-amen-refusons-vie-politique-en-tunisie-soit-limitee-partis\/185416\/"},"author":{"name":"webdo.tn","@id":"https:\/\/www.webdo.tn\/fr\/#\/schema\/person\/9a9c6118d687c117df8ef3cc36a4d175"},"headline":"Le pr\u00e9sident du parti Al Amen : \u00ab Nous refusons que la vie politique en Tunisie soit limit\u00e9e \u00e0 deux partis ! \u00bb","datePublished":"2014-10-22T11:59:00+00:00","mainEntityOfPage":{"@id":"https:\/\/www.webdo.tn\/fr\/actualite\/transition\/president-du-parti-al-amen-refusons-vie-politique-en-tunisie-soit-limitee-partis\/185416\/"},"wordCount":294,"commentCount":0,"publisher":{"@id":"https:\/\/www.webdo.tn\/fr\/#organization"},"image":{"@id":"https:\/\/www.webdo.tn\/fr\/actualite\/transition\/president-du-parti-al-amen-refusons-vie-politique-en-tunisie-soit-limitee-partis\/185416\/#primaryimage"},"thumbnailUrl":"https:\/\/www.webdo.tn\/fr\/wp-content\/uploads\/2025\/06\/Capture-decran-2014-10-22-a-13.43.16_185416.png","articleSection":["Transition"],"inLanguage":"fr-FR"},{"@type":"WebPage","@id":"https:\/\/www.webdo.tn\/fr\/actualite\/transition\/president-du-parti-al-amen-refusons-vie-politique-en-tunisie-soit-limitee-partis\/185416\/","url":"https:\/\/www.webdo.tn\/fr\/actualite\/transition\/president-du-parti-al-amen-refusons-vie-politique-en-tunisie-soit-limitee-partis\/185416\/","name":"Le pr\u00e9sident du parti Al Amen : \u00ab Nous refusons que la vie politique en Tunisie soit limit\u00e9e \u00e0 deux partis ! \u00bb","isPartOf":{"@id":"https:\/\/www.webdo.tn\/fr\/#website"},"primaryImageOfPage":{"@id":"https:\/\/www.webdo.tn\/fr\/actualite\/transition\/president-du-parti-al-amen-refusons-vie-politique-en-tunisie-soit-limitee-partis\/185416\/#primaryimage"},"image":{"@id":"https:\/\/www.webdo.tn\/fr\/actualite\/transition\/president-du-parti-al-amen-refusons-vie-politique-en-tunisie-soit-limitee-partis\/185416\/#primaryimage"},"thumbnailUrl":"https:\/\/www.webdo.tn\/fr\/wp-content\/uploads\/2025\/06\/Capture-decran-2014-10-22-a-13.43.16_185416.png","datePublished":"2014-10-22T11:59:00+00:00","description":"Le pr\u00e9sident du parti Al Amen : \u00ab Nous refusons que la vie politique en Tunisie soit limit\u00e9e \u00e0 deux partis ! \u00bb","breadcrumb":{"@id":"https:\/\/www.webdo.tn\/fr\/actualite\/transition\/president-du-parti-al-amen-refusons-vie-politique-en-tunisie-soit-limitee-partis\/185416\/#breadcrumb"},"inLanguage":"fr-FR","potentialAction":[{"@type":"ReadAction","target":["https:\/\/www.webdo.tn\/fr\/actualite\/transition\/president-du-parti-al-amen-refusons-vie-politique-en-tunisie-soit-limitee-partis\/185416\/"]}]},{"@type":"ImageObject","inLanguage":"fr-FR","@id":"https:\/\/www.webdo.tn\/fr\/actualite\/transition\/president-du-parti-al-amen-refusons-vie-politique-en-tunisie-soit-limitee-partis\/185416\/#primaryimage","url":"https:\/\/www.webdo.tn\/fr\/wp-content\/uploads\/2025\/06\/Capture-decran-2014-10-22-a-13.43.16_185416.png","contentUrl":"https:\/\/www.webdo.tn\/fr\/wp-content\/uploads\/2025\/06\/Capture-decran-2014-10-22-a-13.43.16_185416.png","width":510,"height":365,"caption":"Le pr\u00e9sident du parti Al Amen : \u00ab Nous refusons que la vie politique en Tunisie soit limit\u00e9e \u00e0 deux partis ! \u00bb"},{"@type":"BreadcrumbList","@id":"https:\/\/www.webdo.tn\/fr\/actualite\/transition\/president-du-parti-al-amen-refusons-vie-politique-en-tunisie-soit-limitee-partis\/185416\/#breadcrumb","itemListElement":[{"@type":"ListItem","position":1,"name":"Accueil","item":"https:\/\/www.webdo.tn\/fr\/"},{"@type":"ListItem","position":2,"name":"Le pr\u00e9sident du parti Al Amen : \u00ab Nous refusons que la vie politique en Tunisie soit limit\u00e9e \u00e0 deux partis ! \u00bb"}]},{"@type":"WebSite","@id":"https:\/\/www.webdo.tn\/fr\/#website","url":"https:\/\/www.webdo.tn\/fr\/","name":"webdo","description":"Tunisie - News en Tunisie et \u00e0 l&#039;international sur Webdo.tn","publisher":{"@id":"https:\/\/www.webdo.tn\/fr\/#organization"},"potentialAction":[{"@type":"SearchAction","target":{"@type":"EntryPoint","urlTemplate":"https:\/\/www.webdo.tn\/fr\/?s={search_term_string}"},"query-input":{"@type":"PropertyValueSpecification","valueRequired":true,"valueName":"search_term_string"}}],"inLanguage":"fr-FR"},{"@type":"Organization","@id":"https:\/\/www.webdo.tn\/fr\/#organization","name":"Webdo","alternateName":"Webdo.tn","url":"https:\/\/www.webdo.tn\/fr\/","logo":{"@type":"ImageObject","inLanguage":"fr-FR","@id":"https:\/\/www.webdo.tn\/fr\/#\/schema\/logo\/image\/","url":"https:\/\/www.webdo.tn\/fr\/wp-content\/uploads\/2025\/06\/Webdo-Tunisie_168377.jpg","contentUrl":"https:\/\/www.webdo.tn\/fr\/wp-content\/uploads\/2025\/06\/Webdo-Tunisie_168377.jpg","width":301,"height":301,"caption":"Webdo"},"image":{"@id":"https:\/\/www.webdo.tn\/fr\/#\/schema\/logo\/image\/"},"sameAs":["https:\/\/www.facebook.com\/webdotn","https:\/\/x.com\/webdo_tn"],"description":"Webdo est un m\u00e9dia num\u00e9rique tunisien fond\u00e9 en 2010, sp\u00e9cialis\u00e9 dans l\u2019actualit\u00e9 nationale et internationale, l\u2019\u00e9conomie, la soci\u00e9t\u00e9 et les analyses politiques. Le site s\u2019adresse \u00e0 un large public francophone et couvre l\u2019information tunisienne en temps r\u00e9el.","email":"redac@webdo.tn","legalName":"YNJ SARL","foundingDate":"2010-09-06","numberOfEmployees":{"@type":"QuantitativeValue","minValue":"11","maxValue":"50"}},{"@type":"Person","@id":"https:\/\/www.webdo.tn\/fr\/#\/schema\/person\/9a9c6118d687c117df8ef3cc36a4d175","name":"webdo.tn","image":{"@type":"ImageObject","inLanguage":"fr-FR","@id":"https:\/\/secure.gravatar.com\/avatar\/7ce1f28c0c3bbac99ff550b85ef8e44a6950c6ee24514fb6a5489e51d06f0298?s=96&d=mm&r=g","url":"https:\/\/secure.gravatar.com\/avatar\/7ce1f28c0c3bbac99ff550b85ef8e44a6950c6ee24514fb6a5489e51d06f0298?s=96&d=mm&r=g","contentUrl":"https:\/\/secure.gravatar.com\/avatar\/7ce1f28c0c3bbac99ff550b85ef8e44a6950c6ee24514fb6a5489e51d06f0298?s=96&d=mm&r=g","caption":"webdo.tn"},"url":"https:\/\/www.webdo.tn\/fr\/actualite\/author\/webdotn\/"}]}},"_links":{"self":[{"href":"https:\/\/www.webdo.tn\/fr\/wp-json\/wp\/v2\/posts\/185416","targetHints":{"allow":["GET"]}}],"collection":[{"href":"https:\/\/www.webdo.tn\/fr\/wp-json\/wp\/v2\/posts"}],"about":[{"href":"https:\/\/www.webdo.tn\/fr\/wp-json\/wp\/v2\/types\/post"}],"author":[{"embeddable":true,"href":"https:\/\/www.webdo.tn\/fr\/wp-json\/wp\/v2\/users\/3222"}],"replies":[{"embeddable":true,"href":"https:\/\/www.webdo.tn\/fr\/wp-json\/wp\/v2\/comments?post=185416"}],"version-history":[{"count":0,"href":"https:\/\/www.webdo.tn\/fr\/wp-json\/wp\/v2\/posts\/185416\/revisions"}],"wp:featuredmedia":[{"embeddable":true,"href":"https:\/\/www.webdo.tn\/fr\/wp-json\/wp\/v2\/media\/375173"}],"wp:attachment":[{"href":"https:\/\/www.webdo.tn\/fr\/wp-json\/wp\/v2\/media?parent=185416"}],"wp:term":[{"taxonomy":"category","embeddable":true,"href":"https:\/\/www.webdo.tn\/fr\/wp-json\/wp\/v2\/categories?post=185416"},{"taxonomy":"post_tag","embeddable":true,"href":"https:\/\/www.webdo.tn\/fr\/wp-json\/wp\/v2\/tags?post=185416"}],"curies":[{"name":"wp","href":"https:\/\/api.w.org\/{rel}","templated":true}]}}