{"id":185415,"date":"2014-11-10T18:51:00","date_gmt":"2014-11-10T18:51:00","guid":{"rendered":"https:\/\/www.webdo.tn\/fr\/blog\/jai-depose-demission-linstance-verite-dignite-affirme-luniversitaire-noura-borsali\/185415\/"},"modified":"2025-05-22T13:22:56","modified_gmt":"2025-05-22T13:22:56","slug":"jai-depose-demission-linstance-verite-dignite-affirme-luniversitaire-noura-borsali","status":"publish","type":"post","link":"https:\/\/www.webdo.tn\/fr\/actualite\/transition\/jai-depose-demission-linstance-verite-dignite-affirme-luniversitaire-noura-borsali\/185415\/","title":{"rendered":"\u00ab\u00a0J&rsquo;ai d\u00e9pos\u00e9 ma d\u00e9mission de l&rsquo;Instance V\u00e9rit\u00e9 et Dignit\u00e9\u00a0\u00bb annonce l&rsquo;universitaire Noura Borsali"},"content":{"rendered":"<p>L&rsquo;universitaire et essayiste Noura Borsali vient de nous informer, ce lundi 10 novembre, qu&rsquo;elle a d\u00e9pos\u00e9 sa d\u00e9mission de l&rsquo;Instance V\u00e9rit\u00e9 et Dignit\u00e9.<\/p>\n<p>\u00ab\u00a0Je suis profond\u00e9ment convaincue de l&rsquo;importance du processus de la justice transitionnelle en Tunisie mais je demande \u00a0l&rsquo;ind\u00e9pendance politique des membres de l&rsquo;Instance, qu&rsquo;ils soient militants des droits de l&rsquo;homme, de la comp\u00e9tence. Je demande aussi la r\u00e9vision de la loi, la r\u00e9vision de la composition de l&rsquo;Instance et de sa pr\u00e9sidence\u00a0\u00bb, nous a-t-elle affirm\u00e9 indiquant qu&rsquo;elle ne peut en dire plus \u00e0 cause de son devoir de r\u00e9serve.<br \/>\nLes 13 membres restants de l&rsquo;instance sont \u00a0:<\/p>\n<p> Mohamed Salah Ben Salem<br \/>\n Mohamed Ayadi<br \/>\n Azzouz Chawali ( a d\u00e9missionn\u00e9 depuis 2 mois et demi)<br \/>\n Alaa Ben Nejma<br \/>\n Mustapha Ba\u00e2zaoui<br \/>\n Ali Ghrab<br \/>\n Slaheddine Rached<br \/>\n Noura Boursali<br \/>\n Adel Ma\u00efzi<br \/>\n Hayet Ouertani<br \/>\n Khaled Krichi<br \/>\n Zouheir Makhlouf, vice-pr\u00e9sident de l&rsquo;Instance<br \/>\n Ibtihel Abdellatif<br \/>\n Sihem Ben Sedrine, pr\u00e9sidente de l&rsquo;Instance<br \/>\n Lilia Brik Bouguerra (a remplac\u00e9 Kh\u00e9mais Chammari)<\/p>\n<p>L&rsquo;Instance V\u00e9rit\u00e9 et Dignit\u00e9,\u00a0lanc\u00e9e officiellement le 9 juin 2014, est charg\u00e9e de mener \u00e0 bien le processus de la justice transitionnelle en Tunisie. Conform\u00e9ment \u00e0 la loi organique, le\u00a0d\u00e9but officiel du travail de l&rsquo;IVD, \u00a0est pr\u00e9vu pour le 1er d\u00e9cembre prochain.<\/p>\n","protected":false},"excerpt":{"rendered":"<p> J&rsquo;ai d\u00e9pos\u00e9 ma d\u00e9mission de l&rsquo;Instance V\u00e9rit\u00e9 et Dignit\u00e9  annonce l&rsquo;universitaire Noura Borsali <\/p>\n","protected":false},"author":3222,"featured_media":375218,"comment_status":"open","ping_status":"closed","sticky":false,"template":"","format":"standard","meta":{"footnotes":""},"categories":[11345],"tags":[],"class_list":["post-185415","post","type-post","status-publish","format-standard","has-post-thumbnail","hentry","category-transition"],"yoast_head":"<!-- This site is optimized with the Yoast SEO Premium plugin v27.5 (Yoast SEO v27.5) - https:\/\/yoast.com\/product\/yoast-seo-premium-wordpress\/ -->\n<title>J&#039;ai d\u00e9pos\u00e9 ma d\u00e9mission de l&#039;Instance V\u00e9rit\u00e9 et Dignit\u00e9 annonce l&#039;universitaire Noura Borsali<\/title>\n<meta name=\"description\" content=\"J&#039;ai d\u00e9pos\u00e9 ma d\u00e9mission de l&#039;Instance V\u00e9rit\u00e9 et Dignit\u00e9 annonce l&#039;universitaire Noura Borsali\" \/>\n<link rel=\"canonical\" href=\"https:\/\/www.webdo.tn\/fr\/actualite\/transition\/jai-depose-demission-linstance-verite-dignite-affirme-luniversitaire-noura-borsali\/185415\/\" \/>\n<meta property=\"og:locale\" content=\"fr_FR\" \/>\n<meta property=\"og:type\" content=\"article\" \/>\n<meta property=\"og:title\" content=\"&quot;J&#039;ai d\u00e9pos\u00e9 ma d\u00e9mission de l&#039;Instance V\u00e9rit\u00e9 et Dignit\u00e9&quot; annonce l&#039;universitaire Noura Borsali\" \/>\n<meta property=\"og:description\" content=\"J&#039;ai d\u00e9pos\u00e9 ma d\u00e9mission de l&#039;Instance V\u00e9rit\u00e9 et Dignit\u00e9 annonce l&#039;universitaire Noura Borsali\" \/>\n<meta property=\"og:url\" content=\"https:\/\/www.webdo.tn\/fr\/actualite\/transition\/jai-depose-demission-linstance-verite-dignite-affirme-luniversitaire-noura-borsali\/185415\/\" \/>\n<meta property=\"og:site_name\" content=\"webdo\" \/>\n<meta property=\"article:publisher\" content=\"https:\/\/www.facebook.com\/webdotn\" \/>\n<meta property=\"article:published_time\" content=\"2014-11-10T18:51:00+00:00\" \/>\n<meta property=\"article:modified_time\" content=\"2025-05-22T13:22:56+00:00\" \/>\n<meta property=\"og:image\" content=\"https:\/\/www.webdo.tn\/fr\/wp-content\/uploads\/2025\/06\/Capture-decran-2014-11-10-a-18.43.59_185415.png\" \/>\n\t<meta property=\"og:image:width\" content=\"200\" \/>\n\t<meta property=\"og:image:height\" content=\"302\" \/>\n\t<meta property=\"og:image:type\" content=\"image\/png\" \/>\n<meta name=\"author\" content=\"webdo.tn\" \/>\n<meta name=\"twitter:card\" content=\"summary_large_image\" \/>\n<meta name=\"twitter:creator\" content=\"@webdo_tn\" \/>\n<meta name=\"twitter:site\" content=\"@webdo_tn\" \/>\n<meta name=\"twitter:label1\" content=\"\u00c9crit par\" \/>\n\t<meta name=\"twitter:data1\" content=\"webdo.tn\" \/>\n\t<meta name=\"twitter:label2\" content=\"Dur\u00e9e de lecture estim\u00e9e\" \/>\n\t<meta name=\"twitter:data2\" content=\"1 minute\" \/>\n<script type=\"application\/ld+json\" class=\"yoast-schema-graph\">{\"@context\":\"https:\\\/\\\/schema.org\",\"@graph\":[{\"@type\":\"NewsArticle\",\"@id\":\"https:\\\/\\\/www.webdo.tn\\\/fr\\\/actualite\\\/transition\\\/jai-depose-demission-linstance-verite-dignite-affirme-luniversitaire-noura-borsali\\\/185415\\\/#article\",\"isPartOf\":{\"@id\":\"https:\\\/\\\/www.webdo.tn\\\/fr\\\/actualite\\\/transition\\\/jai-depose-demission-linstance-verite-dignite-affirme-luniversitaire-noura-borsali\\\/185415\\\/\"},\"author\":{\"name\":\"webdo.tn\",\"@id\":\"https:\\\/\\\/www.webdo.tn\\\/fr\\\/#\\\/schema\\\/person\\\/9a9c6118d687c117df8ef3cc36a4d175\"},\"headline\":\"\u00ab\u00a0J&rsquo;ai d\u00e9pos\u00e9 ma d\u00e9mission de l&rsquo;Instance V\u00e9rit\u00e9 et Dignit\u00e9\u00a0\u00bb annonce l&rsquo;universitaire Noura Borsali\",\"datePublished\":\"2014-11-10T18:51:00+00:00\",\"dateModified\":\"2025-05-22T13:22:56+00:00\",\"mainEntityOfPage\":{\"@id\":\"https:\\\/\\\/www.webdo.tn\\\/fr\\\/actualite\\\/transition\\\/jai-depose-demission-linstance-verite-dignite-affirme-luniversitaire-noura-borsali\\\/185415\\\/\"},\"wordCount\":243,\"commentCount\":0,\"publisher\":{\"@id\":\"https:\\\/\\\/www.webdo.tn\\\/fr\\\/#organization\"},\"image\":{\"@id\":\"https:\\\/\\\/www.webdo.tn\\\/fr\\\/actualite\\\/transition\\\/jai-depose-demission-linstance-verite-dignite-affirme-luniversitaire-noura-borsali\\\/185415\\\/#primaryimage\"},\"thumbnailUrl\":\"https:\\\/\\\/www.webdo.tn\\\/fr\\\/wp-content\\\/uploads\\\/2025\\\/06\\\/Capture-decran-2014-11-10-a-18.43.59_185415.png\",\"articleSection\":[\"Transition\"],\"inLanguage\":\"fr-FR\"},{\"@type\":\"WebPage\",\"@id\":\"https:\\\/\\\/www.webdo.tn\\\/fr\\\/actualite\\\/transition\\\/jai-depose-demission-linstance-verite-dignite-affirme-luniversitaire-noura-borsali\\\/185415\\\/\",\"url\":\"https:\\\/\\\/www.webdo.tn\\\/fr\\\/actualite\\\/transition\\\/jai-depose-demission-linstance-verite-dignite-affirme-luniversitaire-noura-borsali\\\/185415\\\/\",\"name\":\"J'ai d\u00e9pos\u00e9 ma d\u00e9mission de l'Instance V\u00e9rit\u00e9 et Dignit\u00e9 annonce l'universitaire Noura Borsali\",\"isPartOf\":{\"@id\":\"https:\\\/\\\/www.webdo.tn\\\/fr\\\/#website\"},\"primaryImageOfPage\":{\"@id\":\"https:\\\/\\\/www.webdo.tn\\\/fr\\\/actualite\\\/transition\\\/jai-depose-demission-linstance-verite-dignite-affirme-luniversitaire-noura-borsali\\\/185415\\\/#primaryimage\"},\"image\":{\"@id\":\"https:\\\/\\\/www.webdo.tn\\\/fr\\\/actualite\\\/transition\\\/jai-depose-demission-linstance-verite-dignite-affirme-luniversitaire-noura-borsali\\\/185415\\\/#primaryimage\"},\"thumbnailUrl\":\"https:\\\/\\\/www.webdo.tn\\\/fr\\\/wp-content\\\/uploads\\\/2025\\\/06\\\/Capture-decran-2014-11-10-a-18.43.59_185415.png\",\"datePublished\":\"2014-11-10T18:51:00+00:00\",\"dateModified\":\"2025-05-22T13:22:56+00:00\",\"description\":\"J'ai d\u00e9pos\u00e9 ma d\u00e9mission de l'Instance V\u00e9rit\u00e9 et Dignit\u00e9 annonce l'universitaire Noura Borsali\",\"breadcrumb\":{\"@id\":\"https:\\\/\\\/www.webdo.tn\\\/fr\\\/actualite\\\/transition\\\/jai-depose-demission-linstance-verite-dignite-affirme-luniversitaire-noura-borsali\\\/185415\\\/#breadcrumb\"},\"inLanguage\":\"fr-FR\",\"potentialAction\":[{\"@type\":\"ReadAction\",\"target\":[\"https:\\\/\\\/www.webdo.tn\\\/fr\\\/actualite\\\/transition\\\/jai-depose-demission-linstance-verite-dignite-affirme-luniversitaire-noura-borsali\\\/185415\\\/\"]}]},{\"@type\":\"ImageObject\",\"inLanguage\":\"fr-FR\",\"@id\":\"https:\\\/\\\/www.webdo.tn\\\/fr\\\/actualite\\\/transition\\\/jai-depose-demission-linstance-verite-dignite-affirme-luniversitaire-noura-borsali\\\/185415\\\/#primaryimage\",\"url\":\"https:\\\/\\\/www.webdo.tn\\\/fr\\\/wp-content\\\/uploads\\\/2025\\\/06\\\/Capture-decran-2014-11-10-a-18.43.59_185415.png\",\"contentUrl\":\"https:\\\/\\\/www.webdo.tn\\\/fr\\\/wp-content\\\/uploads\\\/2025\\\/06\\\/Capture-decran-2014-11-10-a-18.43.59_185415.png\",\"width\":200,\"height\":302,\"caption\":\"\\\"J'ai d\u00e9pos\u00e9 ma d\u00e9mission de l'Instance V\u00e9rit\u00e9 et Dignit\u00e9\\\" annonce l'universitaire Noura Borsali\"},{\"@type\":\"BreadcrumbList\",\"@id\":\"https:\\\/\\\/www.webdo.tn\\\/fr\\\/actualite\\\/transition\\\/jai-depose-demission-linstance-verite-dignite-affirme-luniversitaire-noura-borsali\\\/185415\\\/#breadcrumb\",\"itemListElement\":[{\"@type\":\"ListItem\",\"position\":1,\"name\":\"Accueil\",\"item\":\"https:\\\/\\\/www.webdo.tn\\\/fr\\\/\"},{\"@type\":\"ListItem\",\"position\":2,\"name\":\"\u00ab\u00a0J&rsquo;ai d\u00e9pos\u00e9 ma d\u00e9mission de l&rsquo;Instance V\u00e9rit\u00e9 et Dignit\u00e9\u00a0\u00bb annonce l&rsquo;universitaire Noura Borsali\"}]},{\"@type\":\"WebSite\",\"@id\":\"https:\\\/\\\/www.webdo.tn\\\/fr\\\/#website\",\"url\":\"https:\\\/\\\/www.webdo.tn\\\/fr\\\/\",\"name\":\"webdo\",\"description\":\"Tunisie - News en Tunisie et \u00e0 l&#039;international sur Webdo.tn\",\"publisher\":{\"@id\":\"https:\\\/\\\/www.webdo.tn\\\/fr\\\/#organization\"},\"potentialAction\":[{\"@type\":\"SearchAction\",\"target\":{\"@type\":\"EntryPoint\",\"urlTemplate\":\"https:\\\/\\\/www.webdo.tn\\\/fr\\\/?s={search_term_string}\"},\"query-input\":{\"@type\":\"PropertyValueSpecification\",\"valueRequired\":true,\"valueName\":\"search_term_string\"}}],\"inLanguage\":\"fr-FR\"},{\"@type\":\"Organization\",\"@id\":\"https:\\\/\\\/www.webdo.tn\\\/fr\\\/#organization\",\"name\":\"Webdo\",\"alternateName\":\"Webdo.tn\",\"url\":\"https:\\\/\\\/www.webdo.tn\\\/fr\\\/\",\"logo\":{\"@type\":\"ImageObject\",\"inLanguage\":\"fr-FR\",\"@id\":\"https:\\\/\\\/www.webdo.tn\\\/fr\\\/#\\\/schema\\\/logo\\\/image\\\/\",\"url\":\"https:\\\/\\\/www.webdo.tn\\\/fr\\\/wp-content\\\/uploads\\\/2025\\\/06\\\/Webdo-Tunisie_168377.jpg\",\"contentUrl\":\"https:\\\/\\\/www.webdo.tn\\\/fr\\\/wp-content\\\/uploads\\\/2025\\\/06\\\/Webdo-Tunisie_168377.jpg\",\"width\":301,\"height\":301,\"caption\":\"Webdo\"},\"image\":{\"@id\":\"https:\\\/\\\/www.webdo.tn\\\/fr\\\/#\\\/schema\\\/logo\\\/image\\\/\"},\"sameAs\":[\"https:\\\/\\\/www.facebook.com\\\/webdotn\",\"https:\\\/\\\/x.com\\\/webdo_tn\"],\"description\":\"Webdo est un m\u00e9dia num\u00e9rique tunisien fond\u00e9 en 2010, sp\u00e9cialis\u00e9 dans l\u2019actualit\u00e9 nationale et internationale, l\u2019\u00e9conomie, la soci\u00e9t\u00e9 et les analyses politiques. Le site s\u2019adresse \u00e0 un large public francophone et couvre l\u2019information tunisienne en temps r\u00e9el.\",\"email\":\"redac@webdo.tn\",\"legalName\":\"YNJ SARL\",\"foundingDate\":\"2010-09-06\",\"numberOfEmployees\":{\"@type\":\"QuantitativeValue\",\"minValue\":\"11\",\"maxValue\":\"50\"}},{\"@type\":\"Person\",\"@id\":\"https:\\\/\\\/www.webdo.tn\\\/fr\\\/#\\\/schema\\\/person\\\/9a9c6118d687c117df8ef3cc36a4d175\",\"name\":\"webdo.tn\",\"image\":{\"@type\":\"ImageObject\",\"inLanguage\":\"fr-FR\",\"@id\":\"https:\\\/\\\/secure.gravatar.com\\\/avatar\\\/7ce1f28c0c3bbac99ff550b85ef8e44a6950c6ee24514fb6a5489e51d06f0298?s=96&d=mm&r=g\",\"url\":\"https:\\\/\\\/secure.gravatar.com\\\/avatar\\\/7ce1f28c0c3bbac99ff550b85ef8e44a6950c6ee24514fb6a5489e51d06f0298?s=96&d=mm&r=g\",\"contentUrl\":\"https:\\\/\\\/secure.gravatar.com\\\/avatar\\\/7ce1f28c0c3bbac99ff550b85ef8e44a6950c6ee24514fb6a5489e51d06f0298?s=96&d=mm&r=g\",\"caption\":\"webdo.tn\"},\"url\":\"https:\\\/\\\/www.webdo.tn\\\/fr\\\/actualite\\\/author\\\/webdotn\\\/\"}]}<\/script>\n<!-- \/ Yoast SEO Premium plugin. -->","yoast_head_json":{"title":"J'ai d\u00e9pos\u00e9 ma d\u00e9mission de l'Instance V\u00e9rit\u00e9 et Dignit\u00e9 annonce l'universitaire Noura Borsali","description":"J'ai d\u00e9pos\u00e9 ma d\u00e9mission de l'Instance V\u00e9rit\u00e9 et Dignit\u00e9 annonce l'universitaire Noura Borsali","canonical":"https:\/\/www.webdo.tn\/fr\/actualite\/transition\/jai-depose-demission-linstance-verite-dignite-affirme-luniversitaire-noura-borsali\/185415\/","og_locale":"fr_FR","og_type":"article","og_title":"\"J'ai d\u00e9pos\u00e9 ma d\u00e9mission de l'Instance V\u00e9rit\u00e9 et Dignit\u00e9\" annonce l'universitaire Noura Borsali","og_description":"J'ai d\u00e9pos\u00e9 ma d\u00e9mission de l'Instance V\u00e9rit\u00e9 et Dignit\u00e9 annonce l'universitaire Noura Borsali","og_url":"https:\/\/www.webdo.tn\/fr\/actualite\/transition\/jai-depose-demission-linstance-verite-dignite-affirme-luniversitaire-noura-borsali\/185415\/","og_site_name":"webdo","article_publisher":"https:\/\/www.facebook.com\/webdotn","article_published_time":"2014-11-10T18:51:00+00:00","article_modified_time":"2025-05-22T13:22:56+00:00","og_image":[{"width":200,"height":302,"url":"https:\/\/www.webdo.tn\/fr\/wp-content\/uploads\/2025\/06\/Capture-decran-2014-11-10-a-18.43.59_185415.png","type":"image\/png"}],"author":"webdo.tn","twitter_card":"summary_large_image","twitter_creator":"@webdo_tn","twitter_site":"@webdo_tn","twitter_misc":{"\u00c9crit par":"webdo.tn","Dur\u00e9e de lecture estim\u00e9e":"1 minute"},"schema":{"@context":"https:\/\/schema.org","@graph":[{"@type":"NewsArticle","@id":"https:\/\/www.webdo.tn\/fr\/actualite\/transition\/jai-depose-demission-linstance-verite-dignite-affirme-luniversitaire-noura-borsali\/185415\/#article","isPartOf":{"@id":"https:\/\/www.webdo.tn\/fr\/actualite\/transition\/jai-depose-demission-linstance-verite-dignite-affirme-luniversitaire-noura-borsali\/185415\/"},"author":{"name":"webdo.tn","@id":"https:\/\/www.webdo.tn\/fr\/#\/schema\/person\/9a9c6118d687c117df8ef3cc36a4d175"},"headline":"\u00ab\u00a0J&rsquo;ai d\u00e9pos\u00e9 ma d\u00e9mission de l&rsquo;Instance V\u00e9rit\u00e9 et Dignit\u00e9\u00a0\u00bb annonce l&rsquo;universitaire Noura Borsali","datePublished":"2014-11-10T18:51:00+00:00","dateModified":"2025-05-22T13:22:56+00:00","mainEntityOfPage":{"@id":"https:\/\/www.webdo.tn\/fr\/actualite\/transition\/jai-depose-demission-linstance-verite-dignite-affirme-luniversitaire-noura-borsali\/185415\/"},"wordCount":243,"commentCount":0,"publisher":{"@id":"https:\/\/www.webdo.tn\/fr\/#organization"},"image":{"@id":"https:\/\/www.webdo.tn\/fr\/actualite\/transition\/jai-depose-demission-linstance-verite-dignite-affirme-luniversitaire-noura-borsali\/185415\/#primaryimage"},"thumbnailUrl":"https:\/\/www.webdo.tn\/fr\/wp-content\/uploads\/2025\/06\/Capture-decran-2014-11-10-a-18.43.59_185415.png","articleSection":["Transition"],"inLanguage":"fr-FR"},{"@type":"WebPage","@id":"https:\/\/www.webdo.tn\/fr\/actualite\/transition\/jai-depose-demission-linstance-verite-dignite-affirme-luniversitaire-noura-borsali\/185415\/","url":"https:\/\/www.webdo.tn\/fr\/actualite\/transition\/jai-depose-demission-linstance-verite-dignite-affirme-luniversitaire-noura-borsali\/185415\/","name":"J'ai d\u00e9pos\u00e9 ma d\u00e9mission de l'Instance V\u00e9rit\u00e9 et Dignit\u00e9 annonce l'universitaire Noura Borsali","isPartOf":{"@id":"https:\/\/www.webdo.tn\/fr\/#website"},"primaryImageOfPage":{"@id":"https:\/\/www.webdo.tn\/fr\/actualite\/transition\/jai-depose-demission-linstance-verite-dignite-affirme-luniversitaire-noura-borsali\/185415\/#primaryimage"},"image":{"@id":"https:\/\/www.webdo.tn\/fr\/actualite\/transition\/jai-depose-demission-linstance-verite-dignite-affirme-luniversitaire-noura-borsali\/185415\/#primaryimage"},"thumbnailUrl":"https:\/\/www.webdo.tn\/fr\/wp-content\/uploads\/2025\/06\/Capture-decran-2014-11-10-a-18.43.59_185415.png","datePublished":"2014-11-10T18:51:00+00:00","dateModified":"2025-05-22T13:22:56+00:00","description":"J'ai d\u00e9pos\u00e9 ma d\u00e9mission de l'Instance V\u00e9rit\u00e9 et Dignit\u00e9 annonce l'universitaire Noura Borsali","breadcrumb":{"@id":"https:\/\/www.webdo.tn\/fr\/actualite\/transition\/jai-depose-demission-linstance-verite-dignite-affirme-luniversitaire-noura-borsali\/185415\/#breadcrumb"},"inLanguage":"fr-FR","potentialAction":[{"@type":"ReadAction","target":["https:\/\/www.webdo.tn\/fr\/actualite\/transition\/jai-depose-demission-linstance-verite-dignite-affirme-luniversitaire-noura-borsali\/185415\/"]}]},{"@type":"ImageObject","inLanguage":"fr-FR","@id":"https:\/\/www.webdo.tn\/fr\/actualite\/transition\/jai-depose-demission-linstance-verite-dignite-affirme-luniversitaire-noura-borsali\/185415\/#primaryimage","url":"https:\/\/www.webdo.tn\/fr\/wp-content\/uploads\/2025\/06\/Capture-decran-2014-11-10-a-18.43.59_185415.png","contentUrl":"https:\/\/www.webdo.tn\/fr\/wp-content\/uploads\/2025\/06\/Capture-decran-2014-11-10-a-18.43.59_185415.png","width":200,"height":302,"caption":"\"J'ai d\u00e9pos\u00e9 ma d\u00e9mission de l'Instance V\u00e9rit\u00e9 et Dignit\u00e9\" annonce l'universitaire Noura Borsali"},{"@type":"BreadcrumbList","@id":"https:\/\/www.webdo.tn\/fr\/actualite\/transition\/jai-depose-demission-linstance-verite-dignite-affirme-luniversitaire-noura-borsali\/185415\/#breadcrumb","itemListElement":[{"@type":"ListItem","position":1,"name":"Accueil","item":"https:\/\/www.webdo.tn\/fr\/"},{"@type":"ListItem","position":2,"name":"\u00ab\u00a0J&rsquo;ai d\u00e9pos\u00e9 ma d\u00e9mission de l&rsquo;Instance V\u00e9rit\u00e9 et Dignit\u00e9\u00a0\u00bb annonce l&rsquo;universitaire Noura Borsali"}]},{"@type":"WebSite","@id":"https:\/\/www.webdo.tn\/fr\/#website","url":"https:\/\/www.webdo.tn\/fr\/","name":"webdo","description":"Tunisie - News en Tunisie et \u00e0 l&#039;international sur Webdo.tn","publisher":{"@id":"https:\/\/www.webdo.tn\/fr\/#organization"},"potentialAction":[{"@type":"SearchAction","target":{"@type":"EntryPoint","urlTemplate":"https:\/\/www.webdo.tn\/fr\/?s={search_term_string}"},"query-input":{"@type":"PropertyValueSpecification","valueRequired":true,"valueName":"search_term_string"}}],"inLanguage":"fr-FR"},{"@type":"Organization","@id":"https:\/\/www.webdo.tn\/fr\/#organization","name":"Webdo","alternateName":"Webdo.tn","url":"https:\/\/www.webdo.tn\/fr\/","logo":{"@type":"ImageObject","inLanguage":"fr-FR","@id":"https:\/\/www.webdo.tn\/fr\/#\/schema\/logo\/image\/","url":"https:\/\/www.webdo.tn\/fr\/wp-content\/uploads\/2025\/06\/Webdo-Tunisie_168377.jpg","contentUrl":"https:\/\/www.webdo.tn\/fr\/wp-content\/uploads\/2025\/06\/Webdo-Tunisie_168377.jpg","width":301,"height":301,"caption":"Webdo"},"image":{"@id":"https:\/\/www.webdo.tn\/fr\/#\/schema\/logo\/image\/"},"sameAs":["https:\/\/www.facebook.com\/webdotn","https:\/\/x.com\/webdo_tn"],"description":"Webdo est un m\u00e9dia num\u00e9rique tunisien fond\u00e9 en 2010, sp\u00e9cialis\u00e9 dans l\u2019actualit\u00e9 nationale et internationale, l\u2019\u00e9conomie, la soci\u00e9t\u00e9 et les analyses politiques. Le site s\u2019adresse \u00e0 un large public francophone et couvre l\u2019information tunisienne en temps r\u00e9el.","email":"redac@webdo.tn","legalName":"YNJ SARL","foundingDate":"2010-09-06","numberOfEmployees":{"@type":"QuantitativeValue","minValue":"11","maxValue":"50"}},{"@type":"Person","@id":"https:\/\/www.webdo.tn\/fr\/#\/schema\/person\/9a9c6118d687c117df8ef3cc36a4d175","name":"webdo.tn","image":{"@type":"ImageObject","inLanguage":"fr-FR","@id":"https:\/\/secure.gravatar.com\/avatar\/7ce1f28c0c3bbac99ff550b85ef8e44a6950c6ee24514fb6a5489e51d06f0298?s=96&d=mm&r=g","url":"https:\/\/secure.gravatar.com\/avatar\/7ce1f28c0c3bbac99ff550b85ef8e44a6950c6ee24514fb6a5489e51d06f0298?s=96&d=mm&r=g","contentUrl":"https:\/\/secure.gravatar.com\/avatar\/7ce1f28c0c3bbac99ff550b85ef8e44a6950c6ee24514fb6a5489e51d06f0298?s=96&d=mm&r=g","caption":"webdo.tn"},"url":"https:\/\/www.webdo.tn\/fr\/actualite\/author\/webdotn\/"}]}},"_links":{"self":[{"href":"https:\/\/www.webdo.tn\/fr\/wp-json\/wp\/v2\/posts\/185415","targetHints":{"allow":["GET"]}}],"collection":[{"href":"https:\/\/www.webdo.tn\/fr\/wp-json\/wp\/v2\/posts"}],"about":[{"href":"https:\/\/www.webdo.tn\/fr\/wp-json\/wp\/v2\/types\/post"}],"author":[{"embeddable":true,"href":"https:\/\/www.webdo.tn\/fr\/wp-json\/wp\/v2\/users\/3222"}],"replies":[{"embeddable":true,"href":"https:\/\/www.webdo.tn\/fr\/wp-json\/wp\/v2\/comments?post=185415"}],"version-history":[{"count":0,"href":"https:\/\/www.webdo.tn\/fr\/wp-json\/wp\/v2\/posts\/185415\/revisions"}],"wp:featuredmedia":[{"embeddable":true,"href":"https:\/\/www.webdo.tn\/fr\/wp-json\/wp\/v2\/media\/375218"}],"wp:attachment":[{"href":"https:\/\/www.webdo.tn\/fr\/wp-json\/wp\/v2\/media?parent=185415"}],"wp:term":[{"taxonomy":"category","embeddable":true,"href":"https:\/\/www.webdo.tn\/fr\/wp-json\/wp\/v2\/categories?post=185415"},{"taxonomy":"post_tag","embeddable":true,"href":"https:\/\/www.webdo.tn\/fr\/wp-json\/wp\/v2\/tags?post=185415"}],"curies":[{"name":"wp","href":"https:\/\/api.w.org\/{rel}","templated":true}]}}