{"id":185414,"date":"2014-12-14T20:44:00","date_gmt":"2014-12-14T20:44:00","guid":{"rendered":"https:\/\/www.webdo.tn\/fr\/blog\/grand-rapprochement-medias-politiciens-alerte-nouri-lajmi\/185414\/"},"modified":"2025-05-22T13:23:10","modified_gmt":"2025-05-22T13:23:10","slug":"grand-rapprochement-medias-politiciens-alerte-nouri-lajmi","status":"publish","type":"post","link":"https:\/\/www.webdo.tn\/fr\/actualite\/transition\/grand-rapprochement-medias-politiciens-alerte-nouri-lajmi\/185414\/","title":{"rendered":"\u00ab\u00a0Un grand rapprochement entre certains m\u00e9dias et politiciens\u00a0\u00bb alerte Nouri Lajmi"},"content":{"rendered":"<p>[dropcap]A [\/dropcap] sept jours du deuxi\u00e8me tour des \u00e9lections pr\u00e9sidentielles\u00a0en Tunisie, le pr\u00e9sident de la HAICA (Haute autorit\u00e9 ind\u00e9pendante de la communication audiovisuelle) Nouri Lajmi a alert\u00e9 l&rsquo;opinion publique, ce dimanche 14 d\u00e9cembre sur radio Express FM, de la relation entre m\u00e9dias et politiciens.<\/p>\n<p>[pull_quote_center]Ce que nous observons, malheureusement, c&rsquo;est qu&rsquo;il y a un grand rapprochement entre certains m\u00e9dias audiovisuels et certains hommes politiques et quand on dit politique, on dit \u00ab\u00a0argent politique,\u00a0\u00bb a-t-il soulign\u00e9.\u00a0<\/p>\n<p>[\/pull_quote_center]<\/p>\n<p>Selon M. Lajmi, \u00e9galement docteur en sciences de l&rsquo;information, \u00ab\u00a0ce rapprochement met en lumi\u00e8re le manque de maturit\u00e9 de certains m\u00e9dias de leur r\u00f4le\u00a0\u00bb, affirmant que \u00ab\u00a0lorsque l&rsquo;argent provenant des politiques s&rsquo;approche des m\u00e9dias le r\u00f4le du m\u00e9dia disparait\u00a0\u00bb.<\/p>\n<p>Le pr\u00e9sident de la HAICA \u00a0a appel\u00e9 les m\u00e9dias \u00ab\u00a0\u00e0\u00a0travailler selon les normes internationales\u00a0\u00bb pour ne pas perdre de leur cr\u00e9dibilit\u00e9 et \u00ab\u00a0devenir des moyens dangereux pour la d\u00e9mocratie\u00a0\u00bb, a-t-il averti sans mettre \u00e0 l&rsquo;index des m\u00e9dias particuliers ou en nommant des personnalit\u00e9s de la sc\u00e8ne politique en Tunisie.<\/p>\n","protected":false},"excerpt":{"rendered":"<p> Un grand rapprochement entre certains m\u00e9dias et politiciens  alerte Nouri Lajmi<\/p>\n","protected":false},"author":3222,"featured_media":335324,"comment_status":"open","ping_status":"closed","sticky":false,"template":"","format":"standard","meta":{"footnotes":""},"categories":[11345],"tags":[],"class_list":["post-185414","post","type-post","status-publish","format-standard","has-post-thumbnail","hentry","category-transition"],"yoast_head":"<!-- This site is optimized with the Yoast SEO Premium plugin v27.5 (Yoast SEO v27.5) - https:\/\/yoast.com\/product\/yoast-seo-premium-wordpress\/ -->\n<title>Un grand rapprochement entre certains m\u00e9dias et politiciens alerte Nouri Lajmi<\/title>\n<meta name=\"description\" content=\"Un grand rapprochement entre certains m\u00e9dias et politiciens alerte Nouri Lajmi\" \/>\n<link rel=\"canonical\" href=\"https:\/\/www.webdo.tn\/fr\/actualite\/transition\/grand-rapprochement-medias-politiciens-alerte-nouri-lajmi\/185414\/\" \/>\n<meta property=\"og:locale\" content=\"fr_FR\" \/>\n<meta property=\"og:type\" content=\"article\" \/>\n<meta property=\"og:title\" content=\"&quot;Un grand rapprochement entre certains m\u00e9dias et politiciens&quot; alerte Nouri Lajmi\" \/>\n<meta property=\"og:description\" content=\"Un grand rapprochement entre certains m\u00e9dias et politiciens alerte Nouri Lajmi\" \/>\n<meta property=\"og:url\" content=\"https:\/\/www.webdo.tn\/fr\/actualite\/transition\/grand-rapprochement-medias-politiciens-alerte-nouri-lajmi\/185414\/\" \/>\n<meta property=\"og:site_name\" content=\"webdo\" \/>\n<meta property=\"article:publisher\" content=\"https:\/\/www.facebook.com\/webdotn\" \/>\n<meta property=\"article:published_time\" content=\"2014-12-14T20:44:00+00:00\" \/>\n<meta property=\"article:modified_time\" content=\"2025-05-22T13:23:10+00:00\" \/>\n<meta property=\"og:image\" content=\"https:\/\/www.webdo.tn\/fr\/wp-content\/uploads\/2014\/12\/webdo_default-97.jpg\" \/>\n\t<meta property=\"og:image:width\" content=\"800\" \/>\n\t<meta property=\"og:image:height\" content=\"500\" \/>\n\t<meta property=\"og:image:type\" content=\"image\/jpeg\" \/>\n<meta name=\"author\" content=\"webdo.tn\" \/>\n<meta name=\"twitter:card\" content=\"summary_large_image\" \/>\n<meta name=\"twitter:creator\" content=\"@webdo_tn\" \/>\n<meta name=\"twitter:site\" content=\"@webdo_tn\" \/>\n<meta name=\"twitter:label1\" content=\"\u00c9crit par\" \/>\n\t<meta name=\"twitter:data1\" content=\"webdo.tn\" \/>\n\t<meta name=\"twitter:label2\" content=\"Dur\u00e9e de lecture estim\u00e9e\" \/>\n\t<meta name=\"twitter:data2\" content=\"1 minute\" \/>\n<script type=\"application\/ld+json\" class=\"yoast-schema-graph\">{\"@context\":\"https:\\\/\\\/schema.org\",\"@graph\":[{\"@type\":\"NewsArticle\",\"@id\":\"https:\\\/\\\/www.webdo.tn\\\/fr\\\/actualite\\\/transition\\\/grand-rapprochement-medias-politiciens-alerte-nouri-lajmi\\\/185414\\\/#article\",\"isPartOf\":{\"@id\":\"https:\\\/\\\/www.webdo.tn\\\/fr\\\/actualite\\\/transition\\\/grand-rapprochement-medias-politiciens-alerte-nouri-lajmi\\\/185414\\\/\"},\"author\":{\"name\":\"webdo.tn\",\"@id\":\"https:\\\/\\\/www.webdo.tn\\\/fr\\\/#\\\/schema\\\/person\\\/9a9c6118d687c117df8ef3cc36a4d175\"},\"headline\":\"\u00ab\u00a0Un grand rapprochement entre certains m\u00e9dias et politiciens\u00a0\u00bb alerte Nouri Lajmi\",\"datePublished\":\"2014-12-14T20:44:00+00:00\",\"dateModified\":\"2025-05-22T13:23:10+00:00\",\"mainEntityOfPage\":{\"@id\":\"https:\\\/\\\/www.webdo.tn\\\/fr\\\/actualite\\\/transition\\\/grand-rapprochement-medias-politiciens-alerte-nouri-lajmi\\\/185414\\\/\"},\"wordCount\":208,\"commentCount\":0,\"publisher\":{\"@id\":\"https:\\\/\\\/www.webdo.tn\\\/fr\\\/#organization\"},\"image\":{\"@id\":\"https:\\\/\\\/www.webdo.tn\\\/fr\\\/actualite\\\/transition\\\/grand-rapprochement-medias-politiciens-alerte-nouri-lajmi\\\/185414\\\/#primaryimage\"},\"thumbnailUrl\":\"https:\\\/\\\/www.webdo.tn\\\/fr\\\/wp-content\\\/uploads\\\/2014\\\/12\\\/webdo_default-97.jpg\",\"articleSection\":[\"Transition\"],\"inLanguage\":\"fr-FR\"},{\"@type\":\"WebPage\",\"@id\":\"https:\\\/\\\/www.webdo.tn\\\/fr\\\/actualite\\\/transition\\\/grand-rapprochement-medias-politiciens-alerte-nouri-lajmi\\\/185414\\\/\",\"url\":\"https:\\\/\\\/www.webdo.tn\\\/fr\\\/actualite\\\/transition\\\/grand-rapprochement-medias-politiciens-alerte-nouri-lajmi\\\/185414\\\/\",\"name\":\"Un grand rapprochement entre certains m\u00e9dias et politiciens alerte Nouri Lajmi\",\"isPartOf\":{\"@id\":\"https:\\\/\\\/www.webdo.tn\\\/fr\\\/#website\"},\"primaryImageOfPage\":{\"@id\":\"https:\\\/\\\/www.webdo.tn\\\/fr\\\/actualite\\\/transition\\\/grand-rapprochement-medias-politiciens-alerte-nouri-lajmi\\\/185414\\\/#primaryimage\"},\"image\":{\"@id\":\"https:\\\/\\\/www.webdo.tn\\\/fr\\\/actualite\\\/transition\\\/grand-rapprochement-medias-politiciens-alerte-nouri-lajmi\\\/185414\\\/#primaryimage\"},\"thumbnailUrl\":\"https:\\\/\\\/www.webdo.tn\\\/fr\\\/wp-content\\\/uploads\\\/2014\\\/12\\\/webdo_default-97.jpg\",\"datePublished\":\"2014-12-14T20:44:00+00:00\",\"dateModified\":\"2025-05-22T13:23:10+00:00\",\"description\":\"Un grand rapprochement entre certains m\u00e9dias et politiciens alerte Nouri Lajmi\",\"breadcrumb\":{\"@id\":\"https:\\\/\\\/www.webdo.tn\\\/fr\\\/actualite\\\/transition\\\/grand-rapprochement-medias-politiciens-alerte-nouri-lajmi\\\/185414\\\/#breadcrumb\"},\"inLanguage\":\"fr-FR\",\"potentialAction\":[{\"@type\":\"ReadAction\",\"target\":[\"https:\\\/\\\/www.webdo.tn\\\/fr\\\/actualite\\\/transition\\\/grand-rapprochement-medias-politiciens-alerte-nouri-lajmi\\\/185414\\\/\"]}]},{\"@type\":\"ImageObject\",\"inLanguage\":\"fr-FR\",\"@id\":\"https:\\\/\\\/www.webdo.tn\\\/fr\\\/actualite\\\/transition\\\/grand-rapprochement-medias-politiciens-alerte-nouri-lajmi\\\/185414\\\/#primaryimage\",\"url\":\"https:\\\/\\\/www.webdo.tn\\\/fr\\\/wp-content\\\/uploads\\\/2014\\\/12\\\/webdo_default-97.jpg\",\"contentUrl\":\"https:\\\/\\\/www.webdo.tn\\\/fr\\\/wp-content\\\/uploads\\\/2014\\\/12\\\/webdo_default-97.jpg\",\"width\":800,\"height\":500,\"caption\":\"\\\"Un grand rapprochement entre certains m\u00e9dias et politiciens\\\" alerte Nouri Lajmi\"},{\"@type\":\"BreadcrumbList\",\"@id\":\"https:\\\/\\\/www.webdo.tn\\\/fr\\\/actualite\\\/transition\\\/grand-rapprochement-medias-politiciens-alerte-nouri-lajmi\\\/185414\\\/#breadcrumb\",\"itemListElement\":[{\"@type\":\"ListItem\",\"position\":1,\"name\":\"Accueil\",\"item\":\"https:\\\/\\\/www.webdo.tn\\\/fr\\\/\"},{\"@type\":\"ListItem\",\"position\":2,\"name\":\"\u00ab\u00a0Un grand rapprochement entre certains m\u00e9dias et politiciens\u00a0\u00bb alerte Nouri Lajmi\"}]},{\"@type\":\"WebSite\",\"@id\":\"https:\\\/\\\/www.webdo.tn\\\/fr\\\/#website\",\"url\":\"https:\\\/\\\/www.webdo.tn\\\/fr\\\/\",\"name\":\"webdo\",\"description\":\"Tunisie - News en Tunisie et \u00e0 l&#039;international sur Webdo.tn\",\"publisher\":{\"@id\":\"https:\\\/\\\/www.webdo.tn\\\/fr\\\/#organization\"},\"potentialAction\":[{\"@type\":\"SearchAction\",\"target\":{\"@type\":\"EntryPoint\",\"urlTemplate\":\"https:\\\/\\\/www.webdo.tn\\\/fr\\\/?s={search_term_string}\"},\"query-input\":{\"@type\":\"PropertyValueSpecification\",\"valueRequired\":true,\"valueName\":\"search_term_string\"}}],\"inLanguage\":\"fr-FR\"},{\"@type\":\"Organization\",\"@id\":\"https:\\\/\\\/www.webdo.tn\\\/fr\\\/#organization\",\"name\":\"Webdo\",\"alternateName\":\"Webdo.tn\",\"url\":\"https:\\\/\\\/www.webdo.tn\\\/fr\\\/\",\"logo\":{\"@type\":\"ImageObject\",\"inLanguage\":\"fr-FR\",\"@id\":\"https:\\\/\\\/www.webdo.tn\\\/fr\\\/#\\\/schema\\\/logo\\\/image\\\/\",\"url\":\"https:\\\/\\\/www.webdo.tn\\\/fr\\\/wp-content\\\/uploads\\\/2025\\\/06\\\/Webdo-Tunisie_168377.jpg\",\"contentUrl\":\"https:\\\/\\\/www.webdo.tn\\\/fr\\\/wp-content\\\/uploads\\\/2025\\\/06\\\/Webdo-Tunisie_168377.jpg\",\"width\":301,\"height\":301,\"caption\":\"Webdo\"},\"image\":{\"@id\":\"https:\\\/\\\/www.webdo.tn\\\/fr\\\/#\\\/schema\\\/logo\\\/image\\\/\"},\"sameAs\":[\"https:\\\/\\\/www.facebook.com\\\/webdotn\",\"https:\\\/\\\/x.com\\\/webdo_tn\"],\"description\":\"Webdo est un m\u00e9dia num\u00e9rique tunisien fond\u00e9 en 2010, sp\u00e9cialis\u00e9 dans l\u2019actualit\u00e9 nationale et internationale, l\u2019\u00e9conomie, la soci\u00e9t\u00e9 et les analyses politiques. Le site s\u2019adresse \u00e0 un large public francophone et couvre l\u2019information tunisienne en temps r\u00e9el.\",\"email\":\"redac@webdo.tn\",\"legalName\":\"YNJ SARL\",\"foundingDate\":\"2010-09-06\",\"numberOfEmployees\":{\"@type\":\"QuantitativeValue\",\"minValue\":\"11\",\"maxValue\":\"50\"}},{\"@type\":\"Person\",\"@id\":\"https:\\\/\\\/www.webdo.tn\\\/fr\\\/#\\\/schema\\\/person\\\/9a9c6118d687c117df8ef3cc36a4d175\",\"name\":\"webdo.tn\",\"image\":{\"@type\":\"ImageObject\",\"inLanguage\":\"fr-FR\",\"@id\":\"https:\\\/\\\/secure.gravatar.com\\\/avatar\\\/7ce1f28c0c3bbac99ff550b85ef8e44a6950c6ee24514fb6a5489e51d06f0298?s=96&d=mm&r=g\",\"url\":\"https:\\\/\\\/secure.gravatar.com\\\/avatar\\\/7ce1f28c0c3bbac99ff550b85ef8e44a6950c6ee24514fb6a5489e51d06f0298?s=96&d=mm&r=g\",\"contentUrl\":\"https:\\\/\\\/secure.gravatar.com\\\/avatar\\\/7ce1f28c0c3bbac99ff550b85ef8e44a6950c6ee24514fb6a5489e51d06f0298?s=96&d=mm&r=g\",\"caption\":\"webdo.tn\"},\"url\":\"https:\\\/\\\/www.webdo.tn\\\/fr\\\/actualite\\\/author\\\/webdotn\\\/\"}]}<\/script>\n<!-- \/ Yoast SEO Premium plugin. -->","yoast_head_json":{"title":"Un grand rapprochement entre certains m\u00e9dias et politiciens alerte Nouri Lajmi","description":"Un grand rapprochement entre certains m\u00e9dias et politiciens alerte Nouri Lajmi","canonical":"https:\/\/www.webdo.tn\/fr\/actualite\/transition\/grand-rapprochement-medias-politiciens-alerte-nouri-lajmi\/185414\/","og_locale":"fr_FR","og_type":"article","og_title":"\"Un grand rapprochement entre certains m\u00e9dias et politiciens\" alerte Nouri Lajmi","og_description":"Un grand rapprochement entre certains m\u00e9dias et politiciens alerte Nouri Lajmi","og_url":"https:\/\/www.webdo.tn\/fr\/actualite\/transition\/grand-rapprochement-medias-politiciens-alerte-nouri-lajmi\/185414\/","og_site_name":"webdo","article_publisher":"https:\/\/www.facebook.com\/webdotn","article_published_time":"2014-12-14T20:44:00+00:00","article_modified_time":"2025-05-22T13:23:10+00:00","og_image":[{"width":800,"height":500,"url":"https:\/\/www.webdo.tn\/fr\/wp-content\/uploads\/2014\/12\/webdo_default-97.jpg","type":"image\/jpeg"}],"author":"webdo.tn","twitter_card":"summary_large_image","twitter_creator":"@webdo_tn","twitter_site":"@webdo_tn","twitter_misc":{"\u00c9crit par":"webdo.tn","Dur\u00e9e de lecture estim\u00e9e":"1 minute"},"schema":{"@context":"https:\/\/schema.org","@graph":[{"@type":"NewsArticle","@id":"https:\/\/www.webdo.tn\/fr\/actualite\/transition\/grand-rapprochement-medias-politiciens-alerte-nouri-lajmi\/185414\/#article","isPartOf":{"@id":"https:\/\/www.webdo.tn\/fr\/actualite\/transition\/grand-rapprochement-medias-politiciens-alerte-nouri-lajmi\/185414\/"},"author":{"name":"webdo.tn","@id":"https:\/\/www.webdo.tn\/fr\/#\/schema\/person\/9a9c6118d687c117df8ef3cc36a4d175"},"headline":"\u00ab\u00a0Un grand rapprochement entre certains m\u00e9dias et politiciens\u00a0\u00bb alerte Nouri Lajmi","datePublished":"2014-12-14T20:44:00+00:00","dateModified":"2025-05-22T13:23:10+00:00","mainEntityOfPage":{"@id":"https:\/\/www.webdo.tn\/fr\/actualite\/transition\/grand-rapprochement-medias-politiciens-alerte-nouri-lajmi\/185414\/"},"wordCount":208,"commentCount":0,"publisher":{"@id":"https:\/\/www.webdo.tn\/fr\/#organization"},"image":{"@id":"https:\/\/www.webdo.tn\/fr\/actualite\/transition\/grand-rapprochement-medias-politiciens-alerte-nouri-lajmi\/185414\/#primaryimage"},"thumbnailUrl":"https:\/\/www.webdo.tn\/fr\/wp-content\/uploads\/2014\/12\/webdo_default-97.jpg","articleSection":["Transition"],"inLanguage":"fr-FR"},{"@type":"WebPage","@id":"https:\/\/www.webdo.tn\/fr\/actualite\/transition\/grand-rapprochement-medias-politiciens-alerte-nouri-lajmi\/185414\/","url":"https:\/\/www.webdo.tn\/fr\/actualite\/transition\/grand-rapprochement-medias-politiciens-alerte-nouri-lajmi\/185414\/","name":"Un grand rapprochement entre certains m\u00e9dias et politiciens alerte Nouri Lajmi","isPartOf":{"@id":"https:\/\/www.webdo.tn\/fr\/#website"},"primaryImageOfPage":{"@id":"https:\/\/www.webdo.tn\/fr\/actualite\/transition\/grand-rapprochement-medias-politiciens-alerte-nouri-lajmi\/185414\/#primaryimage"},"image":{"@id":"https:\/\/www.webdo.tn\/fr\/actualite\/transition\/grand-rapprochement-medias-politiciens-alerte-nouri-lajmi\/185414\/#primaryimage"},"thumbnailUrl":"https:\/\/www.webdo.tn\/fr\/wp-content\/uploads\/2014\/12\/webdo_default-97.jpg","datePublished":"2014-12-14T20:44:00+00:00","dateModified":"2025-05-22T13:23:10+00:00","description":"Un grand rapprochement entre certains m\u00e9dias et politiciens alerte Nouri Lajmi","breadcrumb":{"@id":"https:\/\/www.webdo.tn\/fr\/actualite\/transition\/grand-rapprochement-medias-politiciens-alerte-nouri-lajmi\/185414\/#breadcrumb"},"inLanguage":"fr-FR","potentialAction":[{"@type":"ReadAction","target":["https:\/\/www.webdo.tn\/fr\/actualite\/transition\/grand-rapprochement-medias-politiciens-alerte-nouri-lajmi\/185414\/"]}]},{"@type":"ImageObject","inLanguage":"fr-FR","@id":"https:\/\/www.webdo.tn\/fr\/actualite\/transition\/grand-rapprochement-medias-politiciens-alerte-nouri-lajmi\/185414\/#primaryimage","url":"https:\/\/www.webdo.tn\/fr\/wp-content\/uploads\/2014\/12\/webdo_default-97.jpg","contentUrl":"https:\/\/www.webdo.tn\/fr\/wp-content\/uploads\/2014\/12\/webdo_default-97.jpg","width":800,"height":500,"caption":"\"Un grand rapprochement entre certains m\u00e9dias et politiciens\" alerte Nouri Lajmi"},{"@type":"BreadcrumbList","@id":"https:\/\/www.webdo.tn\/fr\/actualite\/transition\/grand-rapprochement-medias-politiciens-alerte-nouri-lajmi\/185414\/#breadcrumb","itemListElement":[{"@type":"ListItem","position":1,"name":"Accueil","item":"https:\/\/www.webdo.tn\/fr\/"},{"@type":"ListItem","position":2,"name":"\u00ab\u00a0Un grand rapprochement entre certains m\u00e9dias et politiciens\u00a0\u00bb alerte Nouri Lajmi"}]},{"@type":"WebSite","@id":"https:\/\/www.webdo.tn\/fr\/#website","url":"https:\/\/www.webdo.tn\/fr\/","name":"webdo","description":"Tunisie - News en Tunisie et \u00e0 l&#039;international sur Webdo.tn","publisher":{"@id":"https:\/\/www.webdo.tn\/fr\/#organization"},"potentialAction":[{"@type":"SearchAction","target":{"@type":"EntryPoint","urlTemplate":"https:\/\/www.webdo.tn\/fr\/?s={search_term_string}"},"query-input":{"@type":"PropertyValueSpecification","valueRequired":true,"valueName":"search_term_string"}}],"inLanguage":"fr-FR"},{"@type":"Organization","@id":"https:\/\/www.webdo.tn\/fr\/#organization","name":"Webdo","alternateName":"Webdo.tn","url":"https:\/\/www.webdo.tn\/fr\/","logo":{"@type":"ImageObject","inLanguage":"fr-FR","@id":"https:\/\/www.webdo.tn\/fr\/#\/schema\/logo\/image\/","url":"https:\/\/www.webdo.tn\/fr\/wp-content\/uploads\/2025\/06\/Webdo-Tunisie_168377.jpg","contentUrl":"https:\/\/www.webdo.tn\/fr\/wp-content\/uploads\/2025\/06\/Webdo-Tunisie_168377.jpg","width":301,"height":301,"caption":"Webdo"},"image":{"@id":"https:\/\/www.webdo.tn\/fr\/#\/schema\/logo\/image\/"},"sameAs":["https:\/\/www.facebook.com\/webdotn","https:\/\/x.com\/webdo_tn"],"description":"Webdo est un m\u00e9dia num\u00e9rique tunisien fond\u00e9 en 2010, sp\u00e9cialis\u00e9 dans l\u2019actualit\u00e9 nationale et internationale, l\u2019\u00e9conomie, la soci\u00e9t\u00e9 et les analyses politiques. Le site s\u2019adresse \u00e0 un large public francophone et couvre l\u2019information tunisienne en temps r\u00e9el.","email":"redac@webdo.tn","legalName":"YNJ SARL","foundingDate":"2010-09-06","numberOfEmployees":{"@type":"QuantitativeValue","minValue":"11","maxValue":"50"}},{"@type":"Person","@id":"https:\/\/www.webdo.tn\/fr\/#\/schema\/person\/9a9c6118d687c117df8ef3cc36a4d175","name":"webdo.tn","image":{"@type":"ImageObject","inLanguage":"fr-FR","@id":"https:\/\/secure.gravatar.com\/avatar\/7ce1f28c0c3bbac99ff550b85ef8e44a6950c6ee24514fb6a5489e51d06f0298?s=96&d=mm&r=g","url":"https:\/\/secure.gravatar.com\/avatar\/7ce1f28c0c3bbac99ff550b85ef8e44a6950c6ee24514fb6a5489e51d06f0298?s=96&d=mm&r=g","contentUrl":"https:\/\/secure.gravatar.com\/avatar\/7ce1f28c0c3bbac99ff550b85ef8e44a6950c6ee24514fb6a5489e51d06f0298?s=96&d=mm&r=g","caption":"webdo.tn"},"url":"https:\/\/www.webdo.tn\/fr\/actualite\/author\/webdotn\/"}]}},"_links":{"self":[{"href":"https:\/\/www.webdo.tn\/fr\/wp-json\/wp\/v2\/posts\/185414","targetHints":{"allow":["GET"]}}],"collection":[{"href":"https:\/\/www.webdo.tn\/fr\/wp-json\/wp\/v2\/posts"}],"about":[{"href":"https:\/\/www.webdo.tn\/fr\/wp-json\/wp\/v2\/types\/post"}],"author":[{"embeddable":true,"href":"https:\/\/www.webdo.tn\/fr\/wp-json\/wp\/v2\/users\/3222"}],"replies":[{"embeddable":true,"href":"https:\/\/www.webdo.tn\/fr\/wp-json\/wp\/v2\/comments?post=185414"}],"version-history":[{"count":0,"href":"https:\/\/www.webdo.tn\/fr\/wp-json\/wp\/v2\/posts\/185414\/revisions"}],"wp:featuredmedia":[{"embeddable":true,"href":"https:\/\/www.webdo.tn\/fr\/wp-json\/wp\/v2\/media\/335324"}],"wp:attachment":[{"href":"https:\/\/www.webdo.tn\/fr\/wp-json\/wp\/v2\/media?parent=185414"}],"wp:term":[{"taxonomy":"category","embeddable":true,"href":"https:\/\/www.webdo.tn\/fr\/wp-json\/wp\/v2\/categories?post=185414"},{"taxonomy":"post_tag","embeddable":true,"href":"https:\/\/www.webdo.tn\/fr\/wp-json\/wp\/v2\/tags?post=185414"}],"curies":[{"name":"wp","href":"https:\/\/api.w.org\/{rel}","templated":true}]}}