{"id":185412,"date":"2015-01-17T21:38:00","date_gmt":"2015-01-17T20:38:00","guid":{"rendered":"https:\/\/www.webdo.tn\/fr\/actualite\/transition\/campagne-pour-envoyer-khaled-ben-nejma-blesse-de-la-revolution-se-faire-operer-letranger\/185412"},"modified":"2015-01-17T21:38:00","modified_gmt":"2015-01-17T20:38:00","slug":"campagne-pour-envoyer-khaled-ben-nejma-blesse-de-la-revolution-se-faire-operer-letranger","status":"publish","type":"post","link":"https:\/\/www.webdo.tn\/fr\/actualite\/transition\/campagne-pour-envoyer-khaled-ben-nejma-blesse-de-la-revolution-se-faire-operer-letranger\/185412\/","title":{"rendered":"Campagne pour envoyer Khaled Ben Nejma, bless\u00e9 de la R\u00e9volution, se faire op\u00e9rer \u00e0 l&rsquo;\u00e9tranger"},"content":{"rendered":"<p>Un campagne nationale sera lanc\u00e9e, \u00e0 partir du 21 janvier 2015, pour faire pression afin que le bless\u00e9 de la R\u00e9volution Khaled Ben Nejma, puisse subir une op\u00e9ration chirurgicale \u00e0 l&rsquo;\u00e9tranger.<\/p>\n<p>\u00c2g\u00e9 de 26 ans, Khaled Ben Nejma avait \u00e9t\u00e9 bless\u00e9 par trois balles, tir\u00e9es par un policier, le 13 janvier 2011, \u00e0 Ras Jebel (gouvernorat de Bizerte), alors qu&rsquo;il participait \u00e0 une manifestation contre le r\u00e9gime de Ben Ali.<\/p>\n<p>Il avait re\u00e7u une balle au niveau de la poitrine, une autre au niveau du ventre, et une troisi\u00e8me s&rsquo;\u00e9tait log\u00e9e dans son dos, lui provoquant de grandes s\u00e9quelles.<\/p>\n<p>Il est, d\u00e9sormais, parapl\u00e9gique, et ne peut s&rsquo;allonger que sur son ventre.<\/p>\n<p>Son cas n\u00e9cessite une op\u00e9ration chirurgicale au niveau de la moelle \u00e9pini\u00e8re.<\/p>\n<p>Il avait re\u00e7u, le 13 janvier 2015, un acte de propri\u00e9t\u00e9, remis par le chef du Gouvernement Mehdi Jomaa, lors d&rsquo;une c\u00e9r\u00e9monie organis\u00e9e au palais de la Kasbah, \u00e0 l&rsquo;occasion de la comm\u00e9moration de la R\u00e9volution.<\/p>\n<p>Le 14 janvier 2015, il avait refus\u00e9 de participer \u00e0 la c\u00e9r\u00e9monie officielle de la f\u00eate de la R\u00e9volution et de la Jeunesse, qui s&rsquo;\u00e9tait tenue au Palais de Carthage.<\/p>\n<p>Il avait d\u00e9clar\u00e9 \u00e0 la radio Jawhara FM qu&rsquo;il ne veut pas de d\u00e9coration, mais qu&rsquo;il lui importe que les meurtriers des martyrs de la R\u00e9volution soient poursuivis en justice.<\/p>\n","protected":false},"excerpt":{"rendered":"<p>Un campagne nationale sera lanc\u00e9e, \u00e0 partir du 21 janvier 2015, pour faire pression afin que le bless\u00e9 de la R\u00e9volution Khaled Ben Nejma, puisse subir <\/p>\n","protected":false},"author":3222,"featured_media":367824,"comment_status":"open","ping_status":"open","sticky":false,"template":"","format":"standard","meta":{"footnotes":""},"categories":[11345],"tags":[],"class_list":["post-185412","post","type-post","status-publish","format-standard","has-post-thumbnail","hentry","category-transition"],"yoast_head":"<!-- This site is optimized with the Yoast SEO Premium plugin v27.5 (Yoast SEO v27.5) - https:\/\/yoast.com\/product\/yoast-seo-premium-wordpress\/ -->\n<title>Campagne pour envoyer Khaled Ben Nejma, bless\u00e9 de la R\u00e9volution, se faire op\u00e9rer \u00e0 l&#039;\u00e9tranger<\/title>\n<meta name=\"description\" content=\"Campagne pour envoyer Khaled Ben Nejma, bless\u00e9 de la R\u00e9volution, se faire op\u00e9rer \u00e0 l&#039;\u00e9tranger\" \/>\n<link rel=\"canonical\" href=\"https:\/\/www.webdo.tn\/fr\/actualite\/transition\/campagne-pour-envoyer-khaled-ben-nejma-blesse-de-la-revolution-se-faire-operer-letranger\/185412\/\" \/>\n<meta property=\"og:locale\" content=\"fr_FR\" \/>\n<meta property=\"og:type\" content=\"article\" \/>\n<meta property=\"og:title\" content=\"Campagne pour envoyer Khaled Ben Nejma, bless\u00e9 de la R\u00e9volution, se faire op\u00e9rer \u00e0 l&#039;\u00e9tranger\" \/>\n<meta property=\"og:description\" content=\"Campagne pour envoyer Khaled Ben Nejma, bless\u00e9 de la R\u00e9volution, se faire op\u00e9rer \u00e0 l&#039;\u00e9tranger\" \/>\n<meta property=\"og:url\" content=\"https:\/\/www.webdo.tn\/fr\/actualite\/transition\/campagne-pour-envoyer-khaled-ben-nejma-blesse-de-la-revolution-se-faire-operer-letranger\/185412\/\" \/>\n<meta property=\"og:site_name\" content=\"webdo\" \/>\n<meta property=\"article:publisher\" content=\"https:\/\/www.facebook.com\/webdotn\" \/>\n<meta property=\"article:published_time\" content=\"2015-01-17T20:38:00+00:00\" \/>\n<meta property=\"og:image\" content=\"https:\/\/www.webdo.tn\/fr\/wp-content\/uploads\/2025\/06\/Khaled-Ben-Nejma_185412.jpg\" \/>\n\t<meta property=\"og:image:width\" content=\"526\" \/>\n\t<meta property=\"og:image:height\" content=\"406\" \/>\n\t<meta property=\"og:image:type\" content=\"image\/jpeg\" \/>\n<meta name=\"author\" content=\"webdo.tn\" \/>\n<meta name=\"twitter:card\" content=\"summary_large_image\" \/>\n<meta name=\"twitter:creator\" content=\"@webdo_tn\" \/>\n<meta name=\"twitter:site\" content=\"@webdo_tn\" \/>\n<meta name=\"twitter:label1\" content=\"\u00c9crit par\" \/>\n\t<meta name=\"twitter:data1\" content=\"webdo.tn\" \/>\n\t<meta name=\"twitter:label2\" content=\"Dur\u00e9e de lecture estim\u00e9e\" \/>\n\t<meta name=\"twitter:data2\" content=\"1 minute\" \/>\n<script type=\"application\/ld+json\" class=\"yoast-schema-graph\">{\"@context\":\"https:\\\/\\\/schema.org\",\"@graph\":[{\"@type\":\"NewsArticle\",\"@id\":\"https:\\\/\\\/www.webdo.tn\\\/fr\\\/actualite\\\/transition\\\/campagne-pour-envoyer-khaled-ben-nejma-blesse-de-la-revolution-se-faire-operer-letranger\\\/185412\\\/#article\",\"isPartOf\":{\"@id\":\"https:\\\/\\\/www.webdo.tn\\\/fr\\\/actualite\\\/transition\\\/campagne-pour-envoyer-khaled-ben-nejma-blesse-de-la-revolution-se-faire-operer-letranger\\\/185412\\\/\"},\"author\":{\"name\":\"webdo.tn\",\"@id\":\"https:\\\/\\\/www.webdo.tn\\\/fr\\\/#\\\/schema\\\/person\\\/9a9c6118d687c117df8ef3cc36a4d175\"},\"headline\":\"Campagne pour envoyer Khaled Ben Nejma, bless\u00e9 de la R\u00e9volution, se faire op\u00e9rer \u00e0 l&rsquo;\u00e9tranger\",\"datePublished\":\"2015-01-17T20:38:00+00:00\",\"mainEntityOfPage\":{\"@id\":\"https:\\\/\\\/www.webdo.tn\\\/fr\\\/actualite\\\/transition\\\/campagne-pour-envoyer-khaled-ben-nejma-blesse-de-la-revolution-se-faire-operer-letranger\\\/185412\\\/\"},\"wordCount\":257,\"commentCount\":0,\"publisher\":{\"@id\":\"https:\\\/\\\/www.webdo.tn\\\/fr\\\/#organization\"},\"image\":{\"@id\":\"https:\\\/\\\/www.webdo.tn\\\/fr\\\/actualite\\\/transition\\\/campagne-pour-envoyer-khaled-ben-nejma-blesse-de-la-revolution-se-faire-operer-letranger\\\/185412\\\/#primaryimage\"},\"thumbnailUrl\":\"https:\\\/\\\/www.webdo.tn\\\/fr\\\/wp-content\\\/uploads\\\/2025\\\/06\\\/Khaled-Ben-Nejma_185412.jpg\",\"articleSection\":[\"Transition\"],\"inLanguage\":\"fr-FR\"},{\"@type\":\"WebPage\",\"@id\":\"https:\\\/\\\/www.webdo.tn\\\/fr\\\/actualite\\\/transition\\\/campagne-pour-envoyer-khaled-ben-nejma-blesse-de-la-revolution-se-faire-operer-letranger\\\/185412\\\/\",\"url\":\"https:\\\/\\\/www.webdo.tn\\\/fr\\\/actualite\\\/transition\\\/campagne-pour-envoyer-khaled-ben-nejma-blesse-de-la-revolution-se-faire-operer-letranger\\\/185412\\\/\",\"name\":\"Campagne pour envoyer Khaled Ben Nejma, bless\u00e9 de la R\u00e9volution, se faire op\u00e9rer \u00e0 l'\u00e9tranger\",\"isPartOf\":{\"@id\":\"https:\\\/\\\/www.webdo.tn\\\/fr\\\/#website\"},\"primaryImageOfPage\":{\"@id\":\"https:\\\/\\\/www.webdo.tn\\\/fr\\\/actualite\\\/transition\\\/campagne-pour-envoyer-khaled-ben-nejma-blesse-de-la-revolution-se-faire-operer-letranger\\\/185412\\\/#primaryimage\"},\"image\":{\"@id\":\"https:\\\/\\\/www.webdo.tn\\\/fr\\\/actualite\\\/transition\\\/campagne-pour-envoyer-khaled-ben-nejma-blesse-de-la-revolution-se-faire-operer-letranger\\\/185412\\\/#primaryimage\"},\"thumbnailUrl\":\"https:\\\/\\\/www.webdo.tn\\\/fr\\\/wp-content\\\/uploads\\\/2025\\\/06\\\/Khaled-Ben-Nejma_185412.jpg\",\"datePublished\":\"2015-01-17T20:38:00+00:00\",\"description\":\"Campagne pour envoyer Khaled Ben Nejma, bless\u00e9 de la R\u00e9volution, se faire op\u00e9rer \u00e0 l'\u00e9tranger\",\"breadcrumb\":{\"@id\":\"https:\\\/\\\/www.webdo.tn\\\/fr\\\/actualite\\\/transition\\\/campagne-pour-envoyer-khaled-ben-nejma-blesse-de-la-revolution-se-faire-operer-letranger\\\/185412\\\/#breadcrumb\"},\"inLanguage\":\"fr-FR\",\"potentialAction\":[{\"@type\":\"ReadAction\",\"target\":[\"https:\\\/\\\/www.webdo.tn\\\/fr\\\/actualite\\\/transition\\\/campagne-pour-envoyer-khaled-ben-nejma-blesse-de-la-revolution-se-faire-operer-letranger\\\/185412\\\/\"]}]},{\"@type\":\"ImageObject\",\"inLanguage\":\"fr-FR\",\"@id\":\"https:\\\/\\\/www.webdo.tn\\\/fr\\\/actualite\\\/transition\\\/campagne-pour-envoyer-khaled-ben-nejma-blesse-de-la-revolution-se-faire-operer-letranger\\\/185412\\\/#primaryimage\",\"url\":\"https:\\\/\\\/www.webdo.tn\\\/fr\\\/wp-content\\\/uploads\\\/2025\\\/06\\\/Khaled-Ben-Nejma_185412.jpg\",\"contentUrl\":\"https:\\\/\\\/www.webdo.tn\\\/fr\\\/wp-content\\\/uploads\\\/2025\\\/06\\\/Khaled-Ben-Nejma_185412.jpg\",\"width\":526,\"height\":406,\"caption\":\"Campagne pour envoyer Khaled Ben Nejma, bless\u00e9 de la R\u00e9volution, se faire op\u00e9rer \u00e0 l'\u00e9tranger\"},{\"@type\":\"BreadcrumbList\",\"@id\":\"https:\\\/\\\/www.webdo.tn\\\/fr\\\/actualite\\\/transition\\\/campagne-pour-envoyer-khaled-ben-nejma-blesse-de-la-revolution-se-faire-operer-letranger\\\/185412\\\/#breadcrumb\",\"itemListElement\":[{\"@type\":\"ListItem\",\"position\":1,\"name\":\"Accueil\",\"item\":\"https:\\\/\\\/www.webdo.tn\\\/fr\\\/\"},{\"@type\":\"ListItem\",\"position\":2,\"name\":\"Campagne pour envoyer Khaled Ben Nejma, bless\u00e9 de la R\u00e9volution, se faire op\u00e9rer \u00e0 l&rsquo;\u00e9tranger\"}]},{\"@type\":\"WebSite\",\"@id\":\"https:\\\/\\\/www.webdo.tn\\\/fr\\\/#website\",\"url\":\"https:\\\/\\\/www.webdo.tn\\\/fr\\\/\",\"name\":\"webdo\",\"description\":\"Tunisie - News en Tunisie et \u00e0 l&#039;international sur Webdo.tn\",\"publisher\":{\"@id\":\"https:\\\/\\\/www.webdo.tn\\\/fr\\\/#organization\"},\"potentialAction\":[{\"@type\":\"SearchAction\",\"target\":{\"@type\":\"EntryPoint\",\"urlTemplate\":\"https:\\\/\\\/www.webdo.tn\\\/fr\\\/?s={search_term_string}\"},\"query-input\":{\"@type\":\"PropertyValueSpecification\",\"valueRequired\":true,\"valueName\":\"search_term_string\"}}],\"inLanguage\":\"fr-FR\"},{\"@type\":\"Organization\",\"@id\":\"https:\\\/\\\/www.webdo.tn\\\/fr\\\/#organization\",\"name\":\"Webdo\",\"alternateName\":\"Webdo.tn\",\"url\":\"https:\\\/\\\/www.webdo.tn\\\/fr\\\/\",\"logo\":{\"@type\":\"ImageObject\",\"inLanguage\":\"fr-FR\",\"@id\":\"https:\\\/\\\/www.webdo.tn\\\/fr\\\/#\\\/schema\\\/logo\\\/image\\\/\",\"url\":\"https:\\\/\\\/www.webdo.tn\\\/fr\\\/wp-content\\\/uploads\\\/2025\\\/06\\\/Webdo-Tunisie_168377.jpg\",\"contentUrl\":\"https:\\\/\\\/www.webdo.tn\\\/fr\\\/wp-content\\\/uploads\\\/2025\\\/06\\\/Webdo-Tunisie_168377.jpg\",\"width\":301,\"height\":301,\"caption\":\"Webdo\"},\"image\":{\"@id\":\"https:\\\/\\\/www.webdo.tn\\\/fr\\\/#\\\/schema\\\/logo\\\/image\\\/\"},\"sameAs\":[\"https:\\\/\\\/www.facebook.com\\\/webdotn\",\"https:\\\/\\\/x.com\\\/webdo_tn\"],\"description\":\"Webdo est un m\u00e9dia num\u00e9rique tunisien fond\u00e9 en 2010, sp\u00e9cialis\u00e9 dans l\u2019actualit\u00e9 nationale et internationale, l\u2019\u00e9conomie, la soci\u00e9t\u00e9 et les analyses politiques. Le site s\u2019adresse \u00e0 un large public francophone et couvre l\u2019information tunisienne en temps r\u00e9el.\",\"email\":\"redac@webdo.tn\",\"legalName\":\"YNJ SARL\",\"foundingDate\":\"2010-09-06\",\"numberOfEmployees\":{\"@type\":\"QuantitativeValue\",\"minValue\":\"11\",\"maxValue\":\"50\"}},{\"@type\":\"Person\",\"@id\":\"https:\\\/\\\/www.webdo.tn\\\/fr\\\/#\\\/schema\\\/person\\\/9a9c6118d687c117df8ef3cc36a4d175\",\"name\":\"webdo.tn\",\"image\":{\"@type\":\"ImageObject\",\"inLanguage\":\"fr-FR\",\"@id\":\"https:\\\/\\\/secure.gravatar.com\\\/avatar\\\/7ce1f28c0c3bbac99ff550b85ef8e44a6950c6ee24514fb6a5489e51d06f0298?s=96&d=mm&r=g\",\"url\":\"https:\\\/\\\/secure.gravatar.com\\\/avatar\\\/7ce1f28c0c3bbac99ff550b85ef8e44a6950c6ee24514fb6a5489e51d06f0298?s=96&d=mm&r=g\",\"contentUrl\":\"https:\\\/\\\/secure.gravatar.com\\\/avatar\\\/7ce1f28c0c3bbac99ff550b85ef8e44a6950c6ee24514fb6a5489e51d06f0298?s=96&d=mm&r=g\",\"caption\":\"webdo.tn\"},\"url\":\"https:\\\/\\\/www.webdo.tn\\\/fr\\\/actualite\\\/author\\\/webdotn\\\/\"}]}<\/script>\n<!-- \/ Yoast SEO Premium plugin. -->","yoast_head_json":{"title":"Campagne pour envoyer Khaled Ben Nejma, bless\u00e9 de la R\u00e9volution, se faire op\u00e9rer \u00e0 l'\u00e9tranger","description":"Campagne pour envoyer Khaled Ben Nejma, bless\u00e9 de la R\u00e9volution, se faire op\u00e9rer \u00e0 l'\u00e9tranger","canonical":"https:\/\/www.webdo.tn\/fr\/actualite\/transition\/campagne-pour-envoyer-khaled-ben-nejma-blesse-de-la-revolution-se-faire-operer-letranger\/185412\/","og_locale":"fr_FR","og_type":"article","og_title":"Campagne pour envoyer Khaled Ben Nejma, bless\u00e9 de la R\u00e9volution, se faire op\u00e9rer \u00e0 l'\u00e9tranger","og_description":"Campagne pour envoyer Khaled Ben Nejma, bless\u00e9 de la R\u00e9volution, se faire op\u00e9rer \u00e0 l'\u00e9tranger","og_url":"https:\/\/www.webdo.tn\/fr\/actualite\/transition\/campagne-pour-envoyer-khaled-ben-nejma-blesse-de-la-revolution-se-faire-operer-letranger\/185412\/","og_site_name":"webdo","article_publisher":"https:\/\/www.facebook.com\/webdotn","article_published_time":"2015-01-17T20:38:00+00:00","og_image":[{"width":526,"height":406,"url":"https:\/\/www.webdo.tn\/fr\/wp-content\/uploads\/2025\/06\/Khaled-Ben-Nejma_185412.jpg","type":"image\/jpeg"}],"author":"webdo.tn","twitter_card":"summary_large_image","twitter_creator":"@webdo_tn","twitter_site":"@webdo_tn","twitter_misc":{"\u00c9crit par":"webdo.tn","Dur\u00e9e de lecture estim\u00e9e":"1 minute"},"schema":{"@context":"https:\/\/schema.org","@graph":[{"@type":"NewsArticle","@id":"https:\/\/www.webdo.tn\/fr\/actualite\/transition\/campagne-pour-envoyer-khaled-ben-nejma-blesse-de-la-revolution-se-faire-operer-letranger\/185412\/#article","isPartOf":{"@id":"https:\/\/www.webdo.tn\/fr\/actualite\/transition\/campagne-pour-envoyer-khaled-ben-nejma-blesse-de-la-revolution-se-faire-operer-letranger\/185412\/"},"author":{"name":"webdo.tn","@id":"https:\/\/www.webdo.tn\/fr\/#\/schema\/person\/9a9c6118d687c117df8ef3cc36a4d175"},"headline":"Campagne pour envoyer Khaled Ben Nejma, bless\u00e9 de la R\u00e9volution, se faire op\u00e9rer \u00e0 l&rsquo;\u00e9tranger","datePublished":"2015-01-17T20:38:00+00:00","mainEntityOfPage":{"@id":"https:\/\/www.webdo.tn\/fr\/actualite\/transition\/campagne-pour-envoyer-khaled-ben-nejma-blesse-de-la-revolution-se-faire-operer-letranger\/185412\/"},"wordCount":257,"commentCount":0,"publisher":{"@id":"https:\/\/www.webdo.tn\/fr\/#organization"},"image":{"@id":"https:\/\/www.webdo.tn\/fr\/actualite\/transition\/campagne-pour-envoyer-khaled-ben-nejma-blesse-de-la-revolution-se-faire-operer-letranger\/185412\/#primaryimage"},"thumbnailUrl":"https:\/\/www.webdo.tn\/fr\/wp-content\/uploads\/2025\/06\/Khaled-Ben-Nejma_185412.jpg","articleSection":["Transition"],"inLanguage":"fr-FR"},{"@type":"WebPage","@id":"https:\/\/www.webdo.tn\/fr\/actualite\/transition\/campagne-pour-envoyer-khaled-ben-nejma-blesse-de-la-revolution-se-faire-operer-letranger\/185412\/","url":"https:\/\/www.webdo.tn\/fr\/actualite\/transition\/campagne-pour-envoyer-khaled-ben-nejma-blesse-de-la-revolution-se-faire-operer-letranger\/185412\/","name":"Campagne pour envoyer Khaled Ben Nejma, bless\u00e9 de la R\u00e9volution, se faire op\u00e9rer \u00e0 l'\u00e9tranger","isPartOf":{"@id":"https:\/\/www.webdo.tn\/fr\/#website"},"primaryImageOfPage":{"@id":"https:\/\/www.webdo.tn\/fr\/actualite\/transition\/campagne-pour-envoyer-khaled-ben-nejma-blesse-de-la-revolution-se-faire-operer-letranger\/185412\/#primaryimage"},"image":{"@id":"https:\/\/www.webdo.tn\/fr\/actualite\/transition\/campagne-pour-envoyer-khaled-ben-nejma-blesse-de-la-revolution-se-faire-operer-letranger\/185412\/#primaryimage"},"thumbnailUrl":"https:\/\/www.webdo.tn\/fr\/wp-content\/uploads\/2025\/06\/Khaled-Ben-Nejma_185412.jpg","datePublished":"2015-01-17T20:38:00+00:00","description":"Campagne pour envoyer Khaled Ben Nejma, bless\u00e9 de la R\u00e9volution, se faire op\u00e9rer \u00e0 l'\u00e9tranger","breadcrumb":{"@id":"https:\/\/www.webdo.tn\/fr\/actualite\/transition\/campagne-pour-envoyer-khaled-ben-nejma-blesse-de-la-revolution-se-faire-operer-letranger\/185412\/#breadcrumb"},"inLanguage":"fr-FR","potentialAction":[{"@type":"ReadAction","target":["https:\/\/www.webdo.tn\/fr\/actualite\/transition\/campagne-pour-envoyer-khaled-ben-nejma-blesse-de-la-revolution-se-faire-operer-letranger\/185412\/"]}]},{"@type":"ImageObject","inLanguage":"fr-FR","@id":"https:\/\/www.webdo.tn\/fr\/actualite\/transition\/campagne-pour-envoyer-khaled-ben-nejma-blesse-de-la-revolution-se-faire-operer-letranger\/185412\/#primaryimage","url":"https:\/\/www.webdo.tn\/fr\/wp-content\/uploads\/2025\/06\/Khaled-Ben-Nejma_185412.jpg","contentUrl":"https:\/\/www.webdo.tn\/fr\/wp-content\/uploads\/2025\/06\/Khaled-Ben-Nejma_185412.jpg","width":526,"height":406,"caption":"Campagne pour envoyer Khaled Ben Nejma, bless\u00e9 de la R\u00e9volution, se faire op\u00e9rer \u00e0 l'\u00e9tranger"},{"@type":"BreadcrumbList","@id":"https:\/\/www.webdo.tn\/fr\/actualite\/transition\/campagne-pour-envoyer-khaled-ben-nejma-blesse-de-la-revolution-se-faire-operer-letranger\/185412\/#breadcrumb","itemListElement":[{"@type":"ListItem","position":1,"name":"Accueil","item":"https:\/\/www.webdo.tn\/fr\/"},{"@type":"ListItem","position":2,"name":"Campagne pour envoyer Khaled Ben Nejma, bless\u00e9 de la R\u00e9volution, se faire op\u00e9rer \u00e0 l&rsquo;\u00e9tranger"}]},{"@type":"WebSite","@id":"https:\/\/www.webdo.tn\/fr\/#website","url":"https:\/\/www.webdo.tn\/fr\/","name":"webdo","description":"Tunisie - News en Tunisie et \u00e0 l&#039;international sur Webdo.tn","publisher":{"@id":"https:\/\/www.webdo.tn\/fr\/#organization"},"potentialAction":[{"@type":"SearchAction","target":{"@type":"EntryPoint","urlTemplate":"https:\/\/www.webdo.tn\/fr\/?s={search_term_string}"},"query-input":{"@type":"PropertyValueSpecification","valueRequired":true,"valueName":"search_term_string"}}],"inLanguage":"fr-FR"},{"@type":"Organization","@id":"https:\/\/www.webdo.tn\/fr\/#organization","name":"Webdo","alternateName":"Webdo.tn","url":"https:\/\/www.webdo.tn\/fr\/","logo":{"@type":"ImageObject","inLanguage":"fr-FR","@id":"https:\/\/www.webdo.tn\/fr\/#\/schema\/logo\/image\/","url":"https:\/\/www.webdo.tn\/fr\/wp-content\/uploads\/2025\/06\/Webdo-Tunisie_168377.jpg","contentUrl":"https:\/\/www.webdo.tn\/fr\/wp-content\/uploads\/2025\/06\/Webdo-Tunisie_168377.jpg","width":301,"height":301,"caption":"Webdo"},"image":{"@id":"https:\/\/www.webdo.tn\/fr\/#\/schema\/logo\/image\/"},"sameAs":["https:\/\/www.facebook.com\/webdotn","https:\/\/x.com\/webdo_tn"],"description":"Webdo est un m\u00e9dia num\u00e9rique tunisien fond\u00e9 en 2010, sp\u00e9cialis\u00e9 dans l\u2019actualit\u00e9 nationale et internationale, l\u2019\u00e9conomie, la soci\u00e9t\u00e9 et les analyses politiques. Le site s\u2019adresse \u00e0 un large public francophone et couvre l\u2019information tunisienne en temps r\u00e9el.","email":"redac@webdo.tn","legalName":"YNJ SARL","foundingDate":"2010-09-06","numberOfEmployees":{"@type":"QuantitativeValue","minValue":"11","maxValue":"50"}},{"@type":"Person","@id":"https:\/\/www.webdo.tn\/fr\/#\/schema\/person\/9a9c6118d687c117df8ef3cc36a4d175","name":"webdo.tn","image":{"@type":"ImageObject","inLanguage":"fr-FR","@id":"https:\/\/secure.gravatar.com\/avatar\/7ce1f28c0c3bbac99ff550b85ef8e44a6950c6ee24514fb6a5489e51d06f0298?s=96&d=mm&r=g","url":"https:\/\/secure.gravatar.com\/avatar\/7ce1f28c0c3bbac99ff550b85ef8e44a6950c6ee24514fb6a5489e51d06f0298?s=96&d=mm&r=g","contentUrl":"https:\/\/secure.gravatar.com\/avatar\/7ce1f28c0c3bbac99ff550b85ef8e44a6950c6ee24514fb6a5489e51d06f0298?s=96&d=mm&r=g","caption":"webdo.tn"},"url":"https:\/\/www.webdo.tn\/fr\/actualite\/author\/webdotn\/"}]}},"_links":{"self":[{"href":"https:\/\/www.webdo.tn\/fr\/wp-json\/wp\/v2\/posts\/185412","targetHints":{"allow":["GET"]}}],"collection":[{"href":"https:\/\/www.webdo.tn\/fr\/wp-json\/wp\/v2\/posts"}],"about":[{"href":"https:\/\/www.webdo.tn\/fr\/wp-json\/wp\/v2\/types\/post"}],"author":[{"embeddable":true,"href":"https:\/\/www.webdo.tn\/fr\/wp-json\/wp\/v2\/users\/3222"}],"replies":[{"embeddable":true,"href":"https:\/\/www.webdo.tn\/fr\/wp-json\/wp\/v2\/comments?post=185412"}],"version-history":[{"count":0,"href":"https:\/\/www.webdo.tn\/fr\/wp-json\/wp\/v2\/posts\/185412\/revisions"}],"wp:featuredmedia":[{"embeddable":true,"href":"https:\/\/www.webdo.tn\/fr\/wp-json\/wp\/v2\/media\/367824"}],"wp:attachment":[{"href":"https:\/\/www.webdo.tn\/fr\/wp-json\/wp\/v2\/media?parent=185412"}],"wp:term":[{"taxonomy":"category","embeddable":true,"href":"https:\/\/www.webdo.tn\/fr\/wp-json\/wp\/v2\/categories?post=185412"},{"taxonomy":"post_tag","embeddable":true,"href":"https:\/\/www.webdo.tn\/fr\/wp-json\/wp\/v2\/tags?post=185412"}],"curies":[{"name":"wp","href":"https:\/\/api.w.org\/{rel}","templated":true}]}}