{"id":185411,"date":"2015-01-17T23:25:00","date_gmt":"2015-01-17T23:25:00","guid":{"rendered":"https:\/\/www.webdo.tn\/fr\/blog\/flot-de-critiques-sur-la-toile-apres-le-court-passage-televise-de-chaqif-le-policier-bourreau\/186072\/"},"modified":"2025-05-22T13:00:43","modified_gmt":"2025-05-22T13:00:43","slug":"flot-de-critiques-sur-la-toile-apres-le-court-passage-televise-de-chaqif-le-policier-bourreau","status":"publish","type":"post","link":"https:\/\/www.webdo.tn\/fr\/actualite\/transition\/flot-de-critiques-sur-la-toile-apres-le-court-passage-televise-de-chaqif-le-policier-bourreau\/185411\/","title":{"rendered":"Flot de critiques sur la Toile apr\u00e8s le court passage t\u00e9l\u00e9vis\u00e9 de \u00ab\u00a0Chaqif\u00a0\u00bb, le policier-bourreau"},"content":{"rendered":"<p>La bande annonce de l&rsquo;\u00e9mission Dima Labess montrant Kamel Mra\u00efhi, policier de son \u00e9tat, et tortionnaire, n&rsquo;est pas pass\u00e9e dans l&rsquo;indiff\u00e9rence.<\/p>\n<p>Le sujet \u00e9tant extr\u00eamement d\u00e9licat, en cette phase ou le processus de justice transitionnelle n&rsquo;a que commenc\u00e9, dans un terrain largement min\u00e9, et soul\u00e8ve plusieurs interrogations.<\/p>\n<p>Ne reste plus qu&rsquo;\u00e0 ce que le sujet soit trait\u00e9 d&rsquo;une mani\u00e8re l\u00e9g\u00e8re, tel qu&rsquo;il en fut le cas pour le passage de Kamel Mra\u00efhi sur Al Hiwar Ettounsi.<\/p>\n<p>Souriant, et tr\u00e8s \u00e0 l&rsquo;aise, Kamel Mra\u00efhi a os\u00e9 se qualifier de \u00ab\u00a0militant de l\u2019\u00c9tat\u00a0\u00bb.<\/p>\n<p>Voici une s\u00e9lection des r\u00e9actions sur facebook et twitter:<\/p>\n<p>&#8211; Haythem Mekki (Journaliste)<\/p>\n<p>&#8211; Bassem Trifi (Avocat)<\/p>\n<p>&#8211; Ka\u00efs Berrajeb (Avocat)<\/p>\n<p>&#8211; Ghazi Mrabet (Avocat)<\/p>\n<p>&#8211; Naziha Rjiba (Militante des droits de l&rsquo;Homme)<\/p>\n<p>&#8211; Amna Guellali (Pr\u00e9sidente du bureau de Human Rights Watch en Tunisie)<\/p>\n<p>&#8211; Bendir Man (Chanteur)<\/p>\n<p>&#8211; Adnen Mansar (Homme politique)<\/p>\n<p>&#8211; Hamza Belloumi (journaliste \u00e0 Al Hiwar Ettounsi) conteste, quant \u00e0 lui, la d\u00e9cision d&rsquo;annuler le passage de Kamel Mra\u00efhi, et parle d'\u00a0\u00bbatteintes aux libert\u00e9s\u00a0\u00bb.<\/p>\n","protected":false},"excerpt":{"rendered":"<p>Flot de critiques sur la Toile apr\u00e8s le court passage t\u00e9l\u00e9vis\u00e9 de  Chaqif , le policier-bourreau<\/p>\n","protected":false},"author":3222,"featured_media":373126,"comment_status":"open","ping_status":"closed","sticky":false,"template":"","format":"standard","meta":{"footnotes":""},"categories":[11345],"tags":[],"class_list":["post-185411","post","type-post","status-publish","format-standard","has-post-thumbnail","hentry","category-transition"],"yoast_head":"<!-- This site is optimized with the Yoast SEO Premium plugin v27.5 (Yoast SEO v27.5) - https:\/\/yoast.com\/product\/yoast-seo-premium-wordpress\/ -->\n<title>Flot de critiques sur la Toile apr\u00e8s le court passage t\u00e9l\u00e9vis\u00e9 de Chaqif , le policier-bourreau<\/title>\n<meta name=\"description\" content=\"Flot de critiques sur la Toile apr\u00e8s le court passage t\u00e9l\u00e9vis\u00e9 de Chaqif , le policier-bourreau\" \/>\n<link rel=\"canonical\" href=\"https:\/\/www.webdo.tn\/fr\/actualite\/transition\/flot-de-critiques-sur-la-toile-apres-le-court-passage-televise-de-chaqif-le-policier-bourreau\/185411\/\" \/>\n<meta property=\"og:locale\" content=\"fr_FR\" \/>\n<meta property=\"og:type\" content=\"article\" \/>\n<meta property=\"og:title\" content=\"Flot de critiques sur la Toile apr\u00e8s le court passage t\u00e9l\u00e9vis\u00e9 de &quot;Chaqif&quot;, le policier-bourreau\" \/>\n<meta property=\"og:description\" content=\"Flot de critiques sur la Toile apr\u00e8s le court passage t\u00e9l\u00e9vis\u00e9 de Chaqif , le policier-bourreau\" \/>\n<meta property=\"og:url\" content=\"https:\/\/www.webdo.tn\/fr\/actualite\/transition\/flot-de-critiques-sur-la-toile-apres-le-court-passage-televise-de-chaqif-le-policier-bourreau\/185411\/\" \/>\n<meta property=\"og:site_name\" content=\"webdo\" \/>\n<meta property=\"article:publisher\" content=\"https:\/\/www.facebook.com\/webdotn\" \/>\n<meta property=\"article:published_time\" content=\"2015-01-17T23:25:00+00:00\" \/>\n<meta property=\"article:modified_time\" content=\"2025-05-22T13:00:43+00:00\" \/>\n<meta property=\"og:image\" content=\"https:\/\/www.webdo.tn\/fr\/wp-content\/uploads\/2025\/06\/Kamel-Mraihi1_185411.jpg\" \/>\n\t<meta property=\"og:image:width\" content=\"535\" \/>\n\t<meta property=\"og:image:height\" content=\"451\" \/>\n\t<meta property=\"og:image:type\" content=\"image\/jpeg\" \/>\n<meta name=\"author\" content=\"webdo.tn\" \/>\n<meta name=\"twitter:card\" content=\"summary_large_image\" \/>\n<meta name=\"twitter:creator\" content=\"@webdo_tn\" \/>\n<meta name=\"twitter:site\" content=\"@webdo_tn\" \/>\n<meta name=\"twitter:label1\" content=\"\u00c9crit par\" \/>\n\t<meta name=\"twitter:data1\" content=\"webdo.tn\" \/>\n\t<meta name=\"twitter:label2\" content=\"Dur\u00e9e de lecture estim\u00e9e\" \/>\n\t<meta name=\"twitter:data2\" content=\"1 minute\" \/>\n<script type=\"application\/ld+json\" class=\"yoast-schema-graph\">{\"@context\":\"https:\\\/\\\/schema.org\",\"@graph\":[{\"@type\":\"NewsArticle\",\"@id\":\"https:\\\/\\\/www.webdo.tn\\\/fr\\\/actualite\\\/transition\\\/flot-de-critiques-sur-la-toile-apres-le-court-passage-televise-de-chaqif-le-policier-bourreau\\\/185411\\\/#article\",\"isPartOf\":{\"@id\":\"https:\\\/\\\/www.webdo.tn\\\/fr\\\/actualite\\\/transition\\\/flot-de-critiques-sur-la-toile-apres-le-court-passage-televise-de-chaqif-le-policier-bourreau\\\/185411\\\/\"},\"author\":{\"name\":\"webdo.tn\",\"@id\":\"https:\\\/\\\/www.webdo.tn\\\/fr\\\/#\\\/schema\\\/person\\\/9a9c6118d687c117df8ef3cc36a4d175\"},\"headline\":\"Flot de critiques sur la Toile apr\u00e8s le court passage t\u00e9l\u00e9vis\u00e9 de \u00ab\u00a0Chaqif\u00a0\u00bb, le policier-bourreau\",\"datePublished\":\"2015-01-17T23:25:00+00:00\",\"dateModified\":\"2025-05-22T13:00:43+00:00\",\"mainEntityOfPage\":{\"@id\":\"https:\\\/\\\/www.webdo.tn\\\/fr\\\/actualite\\\/transition\\\/flot-de-critiques-sur-la-toile-apres-le-court-passage-televise-de-chaqif-le-policier-bourreau\\\/185411\\\/\"},\"wordCount\":215,\"commentCount\":0,\"publisher\":{\"@id\":\"https:\\\/\\\/www.webdo.tn\\\/fr\\\/#organization\"},\"image\":{\"@id\":\"https:\\\/\\\/www.webdo.tn\\\/fr\\\/actualite\\\/transition\\\/flot-de-critiques-sur-la-toile-apres-le-court-passage-televise-de-chaqif-le-policier-bourreau\\\/185411\\\/#primaryimage\"},\"thumbnailUrl\":\"https:\\\/\\\/www.webdo.tn\\\/fr\\\/wp-content\\\/uploads\\\/2025\\\/06\\\/Kamel-Mraihi1_185411.jpg\",\"articleSection\":[\"Transition\"],\"inLanguage\":\"fr-FR\"},{\"@type\":\"WebPage\",\"@id\":\"https:\\\/\\\/www.webdo.tn\\\/fr\\\/actualite\\\/transition\\\/flot-de-critiques-sur-la-toile-apres-le-court-passage-televise-de-chaqif-le-policier-bourreau\\\/185411\\\/\",\"url\":\"https:\\\/\\\/www.webdo.tn\\\/fr\\\/actualite\\\/transition\\\/flot-de-critiques-sur-la-toile-apres-le-court-passage-televise-de-chaqif-le-policier-bourreau\\\/185411\\\/\",\"name\":\"Flot de critiques sur la Toile apr\u00e8s le court passage t\u00e9l\u00e9vis\u00e9 de Chaqif , le policier-bourreau\",\"isPartOf\":{\"@id\":\"https:\\\/\\\/www.webdo.tn\\\/fr\\\/#website\"},\"primaryImageOfPage\":{\"@id\":\"https:\\\/\\\/www.webdo.tn\\\/fr\\\/actualite\\\/transition\\\/flot-de-critiques-sur-la-toile-apres-le-court-passage-televise-de-chaqif-le-policier-bourreau\\\/185411\\\/#primaryimage\"},\"image\":{\"@id\":\"https:\\\/\\\/www.webdo.tn\\\/fr\\\/actualite\\\/transition\\\/flot-de-critiques-sur-la-toile-apres-le-court-passage-televise-de-chaqif-le-policier-bourreau\\\/185411\\\/#primaryimage\"},\"thumbnailUrl\":\"https:\\\/\\\/www.webdo.tn\\\/fr\\\/wp-content\\\/uploads\\\/2025\\\/06\\\/Kamel-Mraihi1_185411.jpg\",\"datePublished\":\"2015-01-17T23:25:00+00:00\",\"dateModified\":\"2025-05-22T13:00:43+00:00\",\"description\":\"Flot de critiques sur la Toile apr\u00e8s le court passage t\u00e9l\u00e9vis\u00e9 de Chaqif , le policier-bourreau\",\"breadcrumb\":{\"@id\":\"https:\\\/\\\/www.webdo.tn\\\/fr\\\/actualite\\\/transition\\\/flot-de-critiques-sur-la-toile-apres-le-court-passage-televise-de-chaqif-le-policier-bourreau\\\/185411\\\/#breadcrumb\"},\"inLanguage\":\"fr-FR\",\"potentialAction\":[{\"@type\":\"ReadAction\",\"target\":[\"https:\\\/\\\/www.webdo.tn\\\/fr\\\/actualite\\\/transition\\\/flot-de-critiques-sur-la-toile-apres-le-court-passage-televise-de-chaqif-le-policier-bourreau\\\/185411\\\/\"]}]},{\"@type\":\"ImageObject\",\"inLanguage\":\"fr-FR\",\"@id\":\"https:\\\/\\\/www.webdo.tn\\\/fr\\\/actualite\\\/transition\\\/flot-de-critiques-sur-la-toile-apres-le-court-passage-televise-de-chaqif-le-policier-bourreau\\\/185411\\\/#primaryimage\",\"url\":\"https:\\\/\\\/www.webdo.tn\\\/fr\\\/wp-content\\\/uploads\\\/2025\\\/06\\\/Kamel-Mraihi1_185411.jpg\",\"contentUrl\":\"https:\\\/\\\/www.webdo.tn\\\/fr\\\/wp-content\\\/uploads\\\/2025\\\/06\\\/Kamel-Mraihi1_185411.jpg\",\"width\":535,\"height\":451,\"caption\":\"Flot de critiques sur la Toile apr\u00e8s le court passage t\u00e9l\u00e9vis\u00e9 de \\\"Chaqif\\\", le policier-bourreau\"},{\"@type\":\"BreadcrumbList\",\"@id\":\"https:\\\/\\\/www.webdo.tn\\\/fr\\\/actualite\\\/transition\\\/flot-de-critiques-sur-la-toile-apres-le-court-passage-televise-de-chaqif-le-policier-bourreau\\\/185411\\\/#breadcrumb\",\"itemListElement\":[{\"@type\":\"ListItem\",\"position\":1,\"name\":\"Accueil\",\"item\":\"https:\\\/\\\/www.webdo.tn\\\/fr\\\/\"},{\"@type\":\"ListItem\",\"position\":2,\"name\":\"Flot de critiques sur la Toile apr\u00e8s le court passage t\u00e9l\u00e9vis\u00e9 de \u00ab\u00a0Chaqif\u00a0\u00bb, le policier-bourreau\"}]},{\"@type\":\"WebSite\",\"@id\":\"https:\\\/\\\/www.webdo.tn\\\/fr\\\/#website\",\"url\":\"https:\\\/\\\/www.webdo.tn\\\/fr\\\/\",\"name\":\"webdo\",\"description\":\"Tunisie - News en Tunisie et \u00e0 l&#039;international sur Webdo.tn\",\"publisher\":{\"@id\":\"https:\\\/\\\/www.webdo.tn\\\/fr\\\/#organization\"},\"potentialAction\":[{\"@type\":\"SearchAction\",\"target\":{\"@type\":\"EntryPoint\",\"urlTemplate\":\"https:\\\/\\\/www.webdo.tn\\\/fr\\\/?s={search_term_string}\"},\"query-input\":{\"@type\":\"PropertyValueSpecification\",\"valueRequired\":true,\"valueName\":\"search_term_string\"}}],\"inLanguage\":\"fr-FR\"},{\"@type\":\"Organization\",\"@id\":\"https:\\\/\\\/www.webdo.tn\\\/fr\\\/#organization\",\"name\":\"Webdo\",\"alternateName\":\"Webdo.tn\",\"url\":\"https:\\\/\\\/www.webdo.tn\\\/fr\\\/\",\"logo\":{\"@type\":\"ImageObject\",\"inLanguage\":\"fr-FR\",\"@id\":\"https:\\\/\\\/www.webdo.tn\\\/fr\\\/#\\\/schema\\\/logo\\\/image\\\/\",\"url\":\"https:\\\/\\\/www.webdo.tn\\\/fr\\\/wp-content\\\/uploads\\\/2025\\\/06\\\/Webdo-Tunisie_168377.jpg\",\"contentUrl\":\"https:\\\/\\\/www.webdo.tn\\\/fr\\\/wp-content\\\/uploads\\\/2025\\\/06\\\/Webdo-Tunisie_168377.jpg\",\"width\":301,\"height\":301,\"caption\":\"Webdo\"},\"image\":{\"@id\":\"https:\\\/\\\/www.webdo.tn\\\/fr\\\/#\\\/schema\\\/logo\\\/image\\\/\"},\"sameAs\":[\"https:\\\/\\\/www.facebook.com\\\/webdotn\",\"https:\\\/\\\/x.com\\\/webdo_tn\"],\"description\":\"Webdo est un m\u00e9dia num\u00e9rique tunisien fond\u00e9 en 2010, sp\u00e9cialis\u00e9 dans l\u2019actualit\u00e9 nationale et internationale, l\u2019\u00e9conomie, la soci\u00e9t\u00e9 et les analyses politiques. Le site s\u2019adresse \u00e0 un large public francophone et couvre l\u2019information tunisienne en temps r\u00e9el.\",\"email\":\"redac@webdo.tn\",\"legalName\":\"YNJ SARL\",\"foundingDate\":\"2010-09-06\",\"numberOfEmployees\":{\"@type\":\"QuantitativeValue\",\"minValue\":\"11\",\"maxValue\":\"50\"}},{\"@type\":\"Person\",\"@id\":\"https:\\\/\\\/www.webdo.tn\\\/fr\\\/#\\\/schema\\\/person\\\/9a9c6118d687c117df8ef3cc36a4d175\",\"name\":\"webdo.tn\",\"image\":{\"@type\":\"ImageObject\",\"inLanguage\":\"fr-FR\",\"@id\":\"https:\\\/\\\/secure.gravatar.com\\\/avatar\\\/7ce1f28c0c3bbac99ff550b85ef8e44a6950c6ee24514fb6a5489e51d06f0298?s=96&d=mm&r=g\",\"url\":\"https:\\\/\\\/secure.gravatar.com\\\/avatar\\\/7ce1f28c0c3bbac99ff550b85ef8e44a6950c6ee24514fb6a5489e51d06f0298?s=96&d=mm&r=g\",\"contentUrl\":\"https:\\\/\\\/secure.gravatar.com\\\/avatar\\\/7ce1f28c0c3bbac99ff550b85ef8e44a6950c6ee24514fb6a5489e51d06f0298?s=96&d=mm&r=g\",\"caption\":\"webdo.tn\"},\"url\":\"https:\\\/\\\/www.webdo.tn\\\/fr\\\/actualite\\\/author\\\/webdotn\\\/\"}]}<\/script>\n<!-- \/ Yoast SEO Premium plugin. -->","yoast_head_json":{"title":"Flot de critiques sur la Toile apr\u00e8s le court passage t\u00e9l\u00e9vis\u00e9 de Chaqif , le policier-bourreau","description":"Flot de critiques sur la Toile apr\u00e8s le court passage t\u00e9l\u00e9vis\u00e9 de Chaqif , le policier-bourreau","canonical":"https:\/\/www.webdo.tn\/fr\/actualite\/transition\/flot-de-critiques-sur-la-toile-apres-le-court-passage-televise-de-chaqif-le-policier-bourreau\/185411\/","og_locale":"fr_FR","og_type":"article","og_title":"Flot de critiques sur la Toile apr\u00e8s le court passage t\u00e9l\u00e9vis\u00e9 de \"Chaqif\", le policier-bourreau","og_description":"Flot de critiques sur la Toile apr\u00e8s le court passage t\u00e9l\u00e9vis\u00e9 de Chaqif , le policier-bourreau","og_url":"https:\/\/www.webdo.tn\/fr\/actualite\/transition\/flot-de-critiques-sur-la-toile-apres-le-court-passage-televise-de-chaqif-le-policier-bourreau\/185411\/","og_site_name":"webdo","article_publisher":"https:\/\/www.facebook.com\/webdotn","article_published_time":"2015-01-17T23:25:00+00:00","article_modified_time":"2025-05-22T13:00:43+00:00","og_image":[{"width":535,"height":451,"url":"https:\/\/www.webdo.tn\/fr\/wp-content\/uploads\/2025\/06\/Kamel-Mraihi1_185411.jpg","type":"image\/jpeg"}],"author":"webdo.tn","twitter_card":"summary_large_image","twitter_creator":"@webdo_tn","twitter_site":"@webdo_tn","twitter_misc":{"\u00c9crit par":"webdo.tn","Dur\u00e9e de lecture estim\u00e9e":"1 minute"},"schema":{"@context":"https:\/\/schema.org","@graph":[{"@type":"NewsArticle","@id":"https:\/\/www.webdo.tn\/fr\/actualite\/transition\/flot-de-critiques-sur-la-toile-apres-le-court-passage-televise-de-chaqif-le-policier-bourreau\/185411\/#article","isPartOf":{"@id":"https:\/\/www.webdo.tn\/fr\/actualite\/transition\/flot-de-critiques-sur-la-toile-apres-le-court-passage-televise-de-chaqif-le-policier-bourreau\/185411\/"},"author":{"name":"webdo.tn","@id":"https:\/\/www.webdo.tn\/fr\/#\/schema\/person\/9a9c6118d687c117df8ef3cc36a4d175"},"headline":"Flot de critiques sur la Toile apr\u00e8s le court passage t\u00e9l\u00e9vis\u00e9 de \u00ab\u00a0Chaqif\u00a0\u00bb, le policier-bourreau","datePublished":"2015-01-17T23:25:00+00:00","dateModified":"2025-05-22T13:00:43+00:00","mainEntityOfPage":{"@id":"https:\/\/www.webdo.tn\/fr\/actualite\/transition\/flot-de-critiques-sur-la-toile-apres-le-court-passage-televise-de-chaqif-le-policier-bourreau\/185411\/"},"wordCount":215,"commentCount":0,"publisher":{"@id":"https:\/\/www.webdo.tn\/fr\/#organization"},"image":{"@id":"https:\/\/www.webdo.tn\/fr\/actualite\/transition\/flot-de-critiques-sur-la-toile-apres-le-court-passage-televise-de-chaqif-le-policier-bourreau\/185411\/#primaryimage"},"thumbnailUrl":"https:\/\/www.webdo.tn\/fr\/wp-content\/uploads\/2025\/06\/Kamel-Mraihi1_185411.jpg","articleSection":["Transition"],"inLanguage":"fr-FR"},{"@type":"WebPage","@id":"https:\/\/www.webdo.tn\/fr\/actualite\/transition\/flot-de-critiques-sur-la-toile-apres-le-court-passage-televise-de-chaqif-le-policier-bourreau\/185411\/","url":"https:\/\/www.webdo.tn\/fr\/actualite\/transition\/flot-de-critiques-sur-la-toile-apres-le-court-passage-televise-de-chaqif-le-policier-bourreau\/185411\/","name":"Flot de critiques sur la Toile apr\u00e8s le court passage t\u00e9l\u00e9vis\u00e9 de Chaqif , le policier-bourreau","isPartOf":{"@id":"https:\/\/www.webdo.tn\/fr\/#website"},"primaryImageOfPage":{"@id":"https:\/\/www.webdo.tn\/fr\/actualite\/transition\/flot-de-critiques-sur-la-toile-apres-le-court-passage-televise-de-chaqif-le-policier-bourreau\/185411\/#primaryimage"},"image":{"@id":"https:\/\/www.webdo.tn\/fr\/actualite\/transition\/flot-de-critiques-sur-la-toile-apres-le-court-passage-televise-de-chaqif-le-policier-bourreau\/185411\/#primaryimage"},"thumbnailUrl":"https:\/\/www.webdo.tn\/fr\/wp-content\/uploads\/2025\/06\/Kamel-Mraihi1_185411.jpg","datePublished":"2015-01-17T23:25:00+00:00","dateModified":"2025-05-22T13:00:43+00:00","description":"Flot de critiques sur la Toile apr\u00e8s le court passage t\u00e9l\u00e9vis\u00e9 de Chaqif , le policier-bourreau","breadcrumb":{"@id":"https:\/\/www.webdo.tn\/fr\/actualite\/transition\/flot-de-critiques-sur-la-toile-apres-le-court-passage-televise-de-chaqif-le-policier-bourreau\/185411\/#breadcrumb"},"inLanguage":"fr-FR","potentialAction":[{"@type":"ReadAction","target":["https:\/\/www.webdo.tn\/fr\/actualite\/transition\/flot-de-critiques-sur-la-toile-apres-le-court-passage-televise-de-chaqif-le-policier-bourreau\/185411\/"]}]},{"@type":"ImageObject","inLanguage":"fr-FR","@id":"https:\/\/www.webdo.tn\/fr\/actualite\/transition\/flot-de-critiques-sur-la-toile-apres-le-court-passage-televise-de-chaqif-le-policier-bourreau\/185411\/#primaryimage","url":"https:\/\/www.webdo.tn\/fr\/wp-content\/uploads\/2025\/06\/Kamel-Mraihi1_185411.jpg","contentUrl":"https:\/\/www.webdo.tn\/fr\/wp-content\/uploads\/2025\/06\/Kamel-Mraihi1_185411.jpg","width":535,"height":451,"caption":"Flot de critiques sur la Toile apr\u00e8s le court passage t\u00e9l\u00e9vis\u00e9 de \"Chaqif\", le policier-bourreau"},{"@type":"BreadcrumbList","@id":"https:\/\/www.webdo.tn\/fr\/actualite\/transition\/flot-de-critiques-sur-la-toile-apres-le-court-passage-televise-de-chaqif-le-policier-bourreau\/185411\/#breadcrumb","itemListElement":[{"@type":"ListItem","position":1,"name":"Accueil","item":"https:\/\/www.webdo.tn\/fr\/"},{"@type":"ListItem","position":2,"name":"Flot de critiques sur la Toile apr\u00e8s le court passage t\u00e9l\u00e9vis\u00e9 de \u00ab\u00a0Chaqif\u00a0\u00bb, le policier-bourreau"}]},{"@type":"WebSite","@id":"https:\/\/www.webdo.tn\/fr\/#website","url":"https:\/\/www.webdo.tn\/fr\/","name":"webdo","description":"Tunisie - News en Tunisie et \u00e0 l&#039;international sur Webdo.tn","publisher":{"@id":"https:\/\/www.webdo.tn\/fr\/#organization"},"potentialAction":[{"@type":"SearchAction","target":{"@type":"EntryPoint","urlTemplate":"https:\/\/www.webdo.tn\/fr\/?s={search_term_string}"},"query-input":{"@type":"PropertyValueSpecification","valueRequired":true,"valueName":"search_term_string"}}],"inLanguage":"fr-FR"},{"@type":"Organization","@id":"https:\/\/www.webdo.tn\/fr\/#organization","name":"Webdo","alternateName":"Webdo.tn","url":"https:\/\/www.webdo.tn\/fr\/","logo":{"@type":"ImageObject","inLanguage":"fr-FR","@id":"https:\/\/www.webdo.tn\/fr\/#\/schema\/logo\/image\/","url":"https:\/\/www.webdo.tn\/fr\/wp-content\/uploads\/2025\/06\/Webdo-Tunisie_168377.jpg","contentUrl":"https:\/\/www.webdo.tn\/fr\/wp-content\/uploads\/2025\/06\/Webdo-Tunisie_168377.jpg","width":301,"height":301,"caption":"Webdo"},"image":{"@id":"https:\/\/www.webdo.tn\/fr\/#\/schema\/logo\/image\/"},"sameAs":["https:\/\/www.facebook.com\/webdotn","https:\/\/x.com\/webdo_tn"],"description":"Webdo est un m\u00e9dia num\u00e9rique tunisien fond\u00e9 en 2010, sp\u00e9cialis\u00e9 dans l\u2019actualit\u00e9 nationale et internationale, l\u2019\u00e9conomie, la soci\u00e9t\u00e9 et les analyses politiques. Le site s\u2019adresse \u00e0 un large public francophone et couvre l\u2019information tunisienne en temps r\u00e9el.","email":"redac@webdo.tn","legalName":"YNJ SARL","foundingDate":"2010-09-06","numberOfEmployees":{"@type":"QuantitativeValue","minValue":"11","maxValue":"50"}},{"@type":"Person","@id":"https:\/\/www.webdo.tn\/fr\/#\/schema\/person\/9a9c6118d687c117df8ef3cc36a4d175","name":"webdo.tn","image":{"@type":"ImageObject","inLanguage":"fr-FR","@id":"https:\/\/secure.gravatar.com\/avatar\/7ce1f28c0c3bbac99ff550b85ef8e44a6950c6ee24514fb6a5489e51d06f0298?s=96&d=mm&r=g","url":"https:\/\/secure.gravatar.com\/avatar\/7ce1f28c0c3bbac99ff550b85ef8e44a6950c6ee24514fb6a5489e51d06f0298?s=96&d=mm&r=g","contentUrl":"https:\/\/secure.gravatar.com\/avatar\/7ce1f28c0c3bbac99ff550b85ef8e44a6950c6ee24514fb6a5489e51d06f0298?s=96&d=mm&r=g","caption":"webdo.tn"},"url":"https:\/\/www.webdo.tn\/fr\/actualite\/author\/webdotn\/"}]}},"_links":{"self":[{"href":"https:\/\/www.webdo.tn\/fr\/wp-json\/wp\/v2\/posts\/185411","targetHints":{"allow":["GET"]}}],"collection":[{"href":"https:\/\/www.webdo.tn\/fr\/wp-json\/wp\/v2\/posts"}],"about":[{"href":"https:\/\/www.webdo.tn\/fr\/wp-json\/wp\/v2\/types\/post"}],"author":[{"embeddable":true,"href":"https:\/\/www.webdo.tn\/fr\/wp-json\/wp\/v2\/users\/3222"}],"replies":[{"embeddable":true,"href":"https:\/\/www.webdo.tn\/fr\/wp-json\/wp\/v2\/comments?post=185411"}],"version-history":[{"count":0,"href":"https:\/\/www.webdo.tn\/fr\/wp-json\/wp\/v2\/posts\/185411\/revisions"}],"wp:featuredmedia":[{"embeddable":true,"href":"https:\/\/www.webdo.tn\/fr\/wp-json\/wp\/v2\/media\/373126"}],"wp:attachment":[{"href":"https:\/\/www.webdo.tn\/fr\/wp-json\/wp\/v2\/media?parent=185411"}],"wp:term":[{"taxonomy":"category","embeddable":true,"href":"https:\/\/www.webdo.tn\/fr\/wp-json\/wp\/v2\/categories?post=185411"},{"taxonomy":"post_tag","embeddable":true,"href":"https:\/\/www.webdo.tn\/fr\/wp-json\/wp\/v2\/tags?post=185411"}],"curies":[{"name":"wp","href":"https:\/\/api.w.org\/{rel}","templated":true}]}}