{"id":185409,"date":"2014-08-14T11:05:00","date_gmt":"2014-08-14T11:05:00","guid":{"rendered":"https:\/\/www.webdo.tn\/fr\/blog\/anc-neuf-nouveau-projet-lois-contre-les-violences-aux-femmes\/184529\/"},"modified":"2025-06-04T18:17:15","modified_gmt":"2025-06-04T18:17:15","slug":"anc-neuf-nouveau-projet-lois-contre-les-violences-aux-femmes-2","status":"publish","type":"post","link":"https:\/\/www.webdo.tn\/fr\/actualite\/sante\/anc-neuf-nouveau-projet-lois-contre-les-violences-aux-femmes-2\/185409\/","title":{"rendered":"ANC : Quoi de neuf dans le nouveau projet de lois contre les violences faites aux femmes ?"},"content":{"rendered":"<p>ASSEMBL\u00c9E CONSTITUANTE | Un projet de loi contre les \u00a0violences faites aux femmes tunisiennes a \u00e9t\u00e9 annonc\u00e9 ce mercredi 13 ao\u00fbt \u00e0 l&rsquo;ANC. Le d\u00e9lai de son ach\u00e8vement a \u00e9t\u00e9 fix\u00e9 pour le 25 novembre prochain d&rsquo;apr\u00e8s Mustapha Ben Jaafar .<br \/>\nEn pr\u00e9sence du pr\u00e9sident le l&rsquo;ANC, Mustapha Ben Jaafar, du ministre de la justice Hafedh Ben Salah et de la secr\u00e9taire d&rsquo;Etat \u00e0 la femme et \u00e0 la famille Neila Chaabane, les d\u00e9put\u00e9s de l&rsquo;assembl\u00e9e se sont exprim\u00e9 au sujet du projet de \u00a0loi pr\u00e9sent\u00e9e \u00e0 l&rsquo;assembl\u00e9e.<\/p>\n<p>Quelle diff\u00e9rence par rapport aux anciennes lois ?\u00a0<\/p>\n<p>Pour expliquer la diff\u00e9rence de ce nouveau projet de loi dite \u00a0\u00bb int\u00e9grale \u00ab\u00a0par rapport \u00e0 l&rsquo;arsenal juridique d\u00e9j\u00e0 existant, la d\u00e9put\u00e9e Nadia Chaabane explique qu&rsquo;il\u00a0s&rsquo;agit \u00ab\u00a0d&rsquo;un projet qui vise \u00e0 r\u00e9unir et harmoniser les l\u00e9gislations existantes et surtout pr\u00e9voir tout le volet pr\u00e9vention, \u00e9ducation \u00e0 l&rsquo;\u00e9galit\u00e9, et lutte contre les discriminations etc&#8230; C&rsquo;est une vision globale pour le traitement des\u00a0violences.\u00a0\u00bb\u00a0<\/p>\n<p>Elle pr\u00e9cise aussi que \u00ab\u00a0ce n&rsquo;est pas une \u00e9ni\u00e8me loi mais une refonte de la vision\u00a0\u00bb. Pour illustrer cela, elle a donn\u00e9 les exemples de l\u2019Espagne qui a \u00e9labor\u00e9 une loi-cadre ou loi int\u00e9grale en 2002, ainsi que de la France en 2010 , o\u00f9 elle\u00a0a particip\u00e9 au projet, notamment sur les volets femmes migrantes et droit d&rsquo;asile.<br \/>\n\u00ab\u00a0Ce sont des avanc\u00e9es car ils permettent un traitement plus ajust\u00e9 et une sp\u00e9cialisation au niveau des intervenants, une mutualisation des services, du gain en efficacit\u00e9 surtout. Imaginez un divorce pour violence, deux tribunaux ont en charge le dossier, le juge aux affaires familial pour le divorce et la garde d&rsquo;enfants etc&#8230; et un autre pour le c\u00f4t\u00e9 p\u00e9nal avec des jugements qui peuvent \u00eatre d\u00e9cal\u00e9s dans le temps. Et entre-temps la femme peut se retrouver expos\u00e9e \u00e0 des violences etc&#8230;\u00a0\u00bb, argumente la d\u00e9put\u00e9e.<br \/>\nCe projet se basera donc sur un un\u00a0travail collectif pour rem\u00e9dier aux insuffisances proc\u00e9durales, pointer les dysfonctionnements et am\u00e9liorer les r\u00e9ponses.<\/p>\n<p>Dysfonctionnements\u00a0<\/p>\n<p>Une \u00e9quipe technique va superviser ce travail d&rsquo;\u00e9laboration et de concertation avec des professionnels, notamment des juges, \u00a0des avocats, \u00a0des m\u00e9decins, des sociologues, en collaboration avec des associations sp\u00e9cialis\u00e9es.\u00a0\u00a0<\/p>\n<p>Parmi les sp\u00e9cialistes qui feront partie de cette \u00e9quipe technique, Chaabane annonce d\u00e9j\u00e0 les noms de la juriste Sana Ben Achour, le professeur de droit Wahid Ferchichi et la sociologue Dorra Mahfoudh.\u00a0<\/p>\n<p>Lors de son intervention, Mme Chaabane a relev\u00e9 un certain nombre de dysfonctionnements<\/p>\n<p>D&rsquo;apr\u00e8s elle, les femmes sont souvent confront\u00e9es \u00e0 des discriminations de la part des juges en Tunisie, aux \u00a0proc\u00e9dures de divorces, aux probl\u00e8mes de garde d&rsquo;enfants ou \u00e0 leurs enl\u00e8vements, aux jugements prononc\u00e9s \u00e0 l&rsquo;\u00e9tranger et leur application en Tunisie, \u00e0 la question de l&rsquo;autorit\u00e9 parentale, etc.\u00a0<\/p>\n<p>La d\u00e9put\u00e9e \u00e9voque \u00e9galement le cas\u00a0\u00bb des femmes \u00e9trang\u00e8res qui peuvent \u00eatre victimes de violences (ou m\u00eame de traite) en Tunisie et elles ont peur de porter plainte pour ne pas perdre leur droit de r\u00e9sidence&#8230;.ou bien lors d&rsquo;un divorce se retrouvent priv\u00e9es de la garde des enfants, etc \u00a0\u00bb<br \/>\n\u00ab\u00a0J&rsquo;ai aussi parl\u00e9 de l&rsquo;avortement et des pratiques observ\u00e9es ces derni\u00e8res ann\u00e9es avec des m\u00e9decins dans le secteur public qui refusent de le pratiquer et des femmes des classes populaires qui se retrouvent sanctionn\u00e9es car ne pouvant s&rsquo;offrir une clinique. C&rsquo;est un vrai probl\u00e8me d&rsquo;acc\u00e8s aux droits. Le pire, c&rsquo;est que les m\u00e9decins ne sont pas sanctionn\u00e9s ni m\u00eame rappel\u00e9s \u00e0 l&rsquo;ordre dans ce cas, alors qu&rsquo;ils n&rsquo;ont pas le droit de refuser, c&rsquo;est un acte m\u00e9dical qui fait partie de leur travail&#8230;.\u00a0\u00bbexplique Mme Chaabane.<br \/>\nDurant son intervention \u00e0 l&rsquo;Assembl\u00e9e, \u00a0la secr\u00e9taire d&rsquo;Etat \u00e0 la femme et \u00e0 la famille Neila Chaabane a r\u00e9v\u00e9l\u00e9 que les violences, qu&rsquo;elles soient physiques et\/ou psychologiques, touchent 47% des femmes \u00e2g\u00e9es de 18 \u00e0 64 ans.<\/p>\n<p>D&rsquo;apr\u00e8s le rapport de l&rsquo;Union europ\u00e9enne publi\u00e9 ce mercredi 13 ao\u00fbt, le bilan du quotidien des femmes tunisiennes est inqui\u00e9tant.<br \/>\nEn Tunisie, la violence conjugale est consid\u00e9r\u00e9e comme un crime puni par le Code p\u00e9nal depuis 1993. \u00ab\u00a0Cependant, indique le document de l&rsquo;UE, la violence familiale est g\u00e9n\u00e9ralement per\u00e7ue comme une affaire priv\u00e9e et la police refuse parfois d&rsquo;intervenir, souvent parce qu&rsquo;elle manque de formation ou de ressources pour mener des investigations ou pour prot\u00e9ger effectivement les femmes.\u00a0\u00bb<br \/>\nLe rapport pointe \u00e9galement \u00ab\u00a0la r\u00e9ticence des femmes \u00e0 d\u00e9noncer ou m\u00eame \u00e0 admettre l&rsquo;acte de violence\u00a0\u00bb; 55% des femmes d\u00e9clarant que la violence est \u00ab\u00a0un fait ordinaire qui ne m\u00e9rite pas qu&rsquo;on en parle\u00a0\u00bb.<br \/>\nAinsi, alors que\u00a0pr\u00e8s de la moiti\u00e9 des femmes tunisiennes d\u00e9clarent avoir \u00e9t\u00e9 victimes de violences\u00a0au moins une fois dans leur vie, seuls 17% des cas sont d\u00e9nonc\u00e9s par les femmes.<\/p>\n","protected":false},"excerpt":{"rendered":"<p>ANC : Quoi de neuf dans le nouveau projet de lois contre les violences faites aux femmes ?  <\/p>\n","protected":false},"author":3222,"featured_media":331654,"comment_status":"open","ping_status":"closed","sticky":false,"template":"","format":"standard","meta":{"footnotes":""},"categories":[11341],"tags":[],"class_list":["post-185409","post","type-post","status-publish","format-standard","has-post-thumbnail","hentry","category-sante"],"yoast_head":"<!-- This site is optimized with the Yoast SEO Premium plugin v27.5 (Yoast SEO v27.5) - https:\/\/yoast.com\/product\/yoast-seo-premium-wordpress\/ -->\n<title>ANC : Quoi de neuf dans le nouveau projet de lois contre les violences faites aux femmes ?<\/title>\n<meta name=\"description\" content=\"ANC : Quoi de neuf dans le nouveau projet de lois contre les violences faites aux femmes ?\" \/>\n<link rel=\"canonical\" href=\"https:\/\/www.webdo.tn\/fr\/actualite\/sante\/anc-neuf-nouveau-projet-lois-contre-les-violences-aux-femmes-2\/185409\/\" \/>\n<meta property=\"og:locale\" content=\"fr_FR\" \/>\n<meta property=\"og:type\" content=\"article\" \/>\n<meta property=\"og:title\" content=\"ANC : Quoi de neuf dans le nouveau projet de lois contre les violences faites aux femmes ?\" \/>\n<meta property=\"og:description\" content=\"ANC : Quoi de neuf dans le nouveau projet de lois contre les violences faites aux femmes ?\" \/>\n<meta property=\"og:url\" content=\"https:\/\/www.webdo.tn\/fr\/actualite\/sante\/anc-neuf-nouveau-projet-lois-contre-les-violences-aux-femmes-2\/185409\/\" \/>\n<meta property=\"og:site_name\" content=\"webdo\" \/>\n<meta property=\"article:publisher\" content=\"https:\/\/www.facebook.com\/webdotn\" \/>\n<meta property=\"article:published_time\" content=\"2014-08-14T11:05:00+00:00\" \/>\n<meta property=\"article:modified_time\" content=\"2025-06-04T18:17:15+00:00\" \/>\n<meta property=\"og:image\" content=\"https:\/\/www.webdo.tn\/fr\/wp-content\/uploads\/2014\/08\/Violence-femme.jpg\" \/>\n\t<meta property=\"og:image:width\" content=\"202\" \/>\n\t<meta property=\"og:image:height\" content=\"225\" \/>\n\t<meta property=\"og:image:type\" content=\"image\/jpeg\" \/>\n<meta name=\"author\" content=\"webdo.tn\" \/>\n<meta name=\"twitter:card\" content=\"summary_large_image\" \/>\n<meta name=\"twitter:creator\" content=\"@webdo_tn\" \/>\n<meta name=\"twitter:site\" content=\"@webdo_tn\" \/>\n<meta name=\"twitter:label1\" content=\"\u00c9crit par\" \/>\n\t<meta name=\"twitter:data1\" content=\"webdo.tn\" \/>\n\t<meta name=\"twitter:label2\" content=\"Dur\u00e9e de lecture estim\u00e9e\" \/>\n\t<meta name=\"twitter:data2\" content=\"4 minutes\" \/>\n<script type=\"application\/ld+json\" class=\"yoast-schema-graph\">{\"@context\":\"https:\\\/\\\/schema.org\",\"@graph\":[{\"@type\":\"NewsArticle\",\"@id\":\"https:\\\/\\\/www.webdo.tn\\\/fr\\\/actualite\\\/sante\\\/anc-neuf-nouveau-projet-lois-contre-les-violences-aux-femmes-2\\\/185409\\\/#article\",\"isPartOf\":{\"@id\":\"https:\\\/\\\/www.webdo.tn\\\/fr\\\/actualite\\\/sante\\\/anc-neuf-nouveau-projet-lois-contre-les-violences-aux-femmes-2\\\/185409\\\/\"},\"author\":{\"name\":\"webdo.tn\",\"@id\":\"https:\\\/\\\/www.webdo.tn\\\/fr\\\/#\\\/schema\\\/person\\\/9a9c6118d687c117df8ef3cc36a4d175\"},\"headline\":\"ANC : Quoi de neuf dans le nouveau projet de lois contre les violences faites aux femmes ?\",\"datePublished\":\"2014-08-14T11:05:00+00:00\",\"dateModified\":\"2025-06-04T18:17:15+00:00\",\"mainEntityOfPage\":{\"@id\":\"https:\\\/\\\/www.webdo.tn\\\/fr\\\/actualite\\\/sante\\\/anc-neuf-nouveau-projet-lois-contre-les-violences-aux-femmes-2\\\/185409\\\/\"},\"wordCount\":883,\"commentCount\":0,\"publisher\":{\"@id\":\"https:\\\/\\\/www.webdo.tn\\\/fr\\\/#organization\"},\"image\":{\"@id\":\"https:\\\/\\\/www.webdo.tn\\\/fr\\\/actualite\\\/sante\\\/anc-neuf-nouveau-projet-lois-contre-les-violences-aux-femmes-2\\\/185409\\\/#primaryimage\"},\"thumbnailUrl\":\"https:\\\/\\\/www.webdo.tn\\\/fr\\\/wp-content\\\/uploads\\\/2014\\\/08\\\/Violence-femme.jpg\",\"articleSection\":[\"Sant\u00e9\"],\"inLanguage\":\"fr-FR\"},{\"@type\":\"WebPage\",\"@id\":\"https:\\\/\\\/www.webdo.tn\\\/fr\\\/actualite\\\/sante\\\/anc-neuf-nouveau-projet-lois-contre-les-violences-aux-femmes-2\\\/185409\\\/\",\"url\":\"https:\\\/\\\/www.webdo.tn\\\/fr\\\/actualite\\\/sante\\\/anc-neuf-nouveau-projet-lois-contre-les-violences-aux-femmes-2\\\/185409\\\/\",\"name\":\"ANC : Quoi de neuf dans le nouveau projet de lois contre les violences faites aux femmes ?\",\"isPartOf\":{\"@id\":\"https:\\\/\\\/www.webdo.tn\\\/fr\\\/#website\"},\"primaryImageOfPage\":{\"@id\":\"https:\\\/\\\/www.webdo.tn\\\/fr\\\/actualite\\\/sante\\\/anc-neuf-nouveau-projet-lois-contre-les-violences-aux-femmes-2\\\/185409\\\/#primaryimage\"},\"image\":{\"@id\":\"https:\\\/\\\/www.webdo.tn\\\/fr\\\/actualite\\\/sante\\\/anc-neuf-nouveau-projet-lois-contre-les-violences-aux-femmes-2\\\/185409\\\/#primaryimage\"},\"thumbnailUrl\":\"https:\\\/\\\/www.webdo.tn\\\/fr\\\/wp-content\\\/uploads\\\/2014\\\/08\\\/Violence-femme.jpg\",\"datePublished\":\"2014-08-14T11:05:00+00:00\",\"dateModified\":\"2025-06-04T18:17:15+00:00\",\"description\":\"ANC : Quoi de neuf dans le nouveau projet de lois contre les violences faites aux femmes ?\",\"breadcrumb\":{\"@id\":\"https:\\\/\\\/www.webdo.tn\\\/fr\\\/actualite\\\/sante\\\/anc-neuf-nouveau-projet-lois-contre-les-violences-aux-femmes-2\\\/185409\\\/#breadcrumb\"},\"inLanguage\":\"fr-FR\",\"potentialAction\":[{\"@type\":\"ReadAction\",\"target\":[\"https:\\\/\\\/www.webdo.tn\\\/fr\\\/actualite\\\/sante\\\/anc-neuf-nouveau-projet-lois-contre-les-violences-aux-femmes-2\\\/185409\\\/\"]}]},{\"@type\":\"ImageObject\",\"inLanguage\":\"fr-FR\",\"@id\":\"https:\\\/\\\/www.webdo.tn\\\/fr\\\/actualite\\\/sante\\\/anc-neuf-nouveau-projet-lois-contre-les-violences-aux-femmes-2\\\/185409\\\/#primaryimage\",\"url\":\"https:\\\/\\\/www.webdo.tn\\\/fr\\\/wp-content\\\/uploads\\\/2014\\\/08\\\/Violence-femme.jpg\",\"contentUrl\":\"https:\\\/\\\/www.webdo.tn\\\/fr\\\/wp-content\\\/uploads\\\/2014\\\/08\\\/Violence-femme.jpg\",\"width\":202,\"height\":225,\"caption\":\"ANC : Quoi de neuf dans le nouveau projet de lois contre les violences faites aux femmes ?\"},{\"@type\":\"BreadcrumbList\",\"@id\":\"https:\\\/\\\/www.webdo.tn\\\/fr\\\/actualite\\\/sante\\\/anc-neuf-nouveau-projet-lois-contre-les-violences-aux-femmes-2\\\/185409\\\/#breadcrumb\",\"itemListElement\":[{\"@type\":\"ListItem\",\"position\":1,\"name\":\"Accueil\",\"item\":\"https:\\\/\\\/www.webdo.tn\\\/fr\\\/\"},{\"@type\":\"ListItem\",\"position\":2,\"name\":\"ANC : Quoi de neuf dans le nouveau projet de lois contre les violences faites aux femmes ?\"}]},{\"@type\":\"WebSite\",\"@id\":\"https:\\\/\\\/www.webdo.tn\\\/fr\\\/#website\",\"url\":\"https:\\\/\\\/www.webdo.tn\\\/fr\\\/\",\"name\":\"webdo\",\"description\":\"Tunisie - News en Tunisie et \u00e0 l&#039;international sur Webdo.tn\",\"publisher\":{\"@id\":\"https:\\\/\\\/www.webdo.tn\\\/fr\\\/#organization\"},\"potentialAction\":[{\"@type\":\"SearchAction\",\"target\":{\"@type\":\"EntryPoint\",\"urlTemplate\":\"https:\\\/\\\/www.webdo.tn\\\/fr\\\/?s={search_term_string}\"},\"query-input\":{\"@type\":\"PropertyValueSpecification\",\"valueRequired\":true,\"valueName\":\"search_term_string\"}}],\"inLanguage\":\"fr-FR\"},{\"@type\":\"Organization\",\"@id\":\"https:\\\/\\\/www.webdo.tn\\\/fr\\\/#organization\",\"name\":\"Webdo\",\"alternateName\":\"Webdo.tn\",\"url\":\"https:\\\/\\\/www.webdo.tn\\\/fr\\\/\",\"logo\":{\"@type\":\"ImageObject\",\"inLanguage\":\"fr-FR\",\"@id\":\"https:\\\/\\\/www.webdo.tn\\\/fr\\\/#\\\/schema\\\/logo\\\/image\\\/\",\"url\":\"https:\\\/\\\/www.webdo.tn\\\/fr\\\/wp-content\\\/uploads\\\/2025\\\/06\\\/Webdo-Tunisie_168377.jpg\",\"contentUrl\":\"https:\\\/\\\/www.webdo.tn\\\/fr\\\/wp-content\\\/uploads\\\/2025\\\/06\\\/Webdo-Tunisie_168377.jpg\",\"width\":301,\"height\":301,\"caption\":\"Webdo\"},\"image\":{\"@id\":\"https:\\\/\\\/www.webdo.tn\\\/fr\\\/#\\\/schema\\\/logo\\\/image\\\/\"},\"sameAs\":[\"https:\\\/\\\/www.facebook.com\\\/webdotn\",\"https:\\\/\\\/x.com\\\/webdo_tn\"],\"description\":\"Webdo est un m\u00e9dia num\u00e9rique tunisien fond\u00e9 en 2010, sp\u00e9cialis\u00e9 dans l\u2019actualit\u00e9 nationale et internationale, l\u2019\u00e9conomie, la soci\u00e9t\u00e9 et les analyses politiques. Le site s\u2019adresse \u00e0 un large public francophone et couvre l\u2019information tunisienne en temps r\u00e9el.\",\"email\":\"redac@webdo.tn\",\"legalName\":\"YNJ SARL\",\"foundingDate\":\"2010-09-06\",\"numberOfEmployees\":{\"@type\":\"QuantitativeValue\",\"minValue\":\"11\",\"maxValue\":\"50\"}},{\"@type\":\"Person\",\"@id\":\"https:\\\/\\\/www.webdo.tn\\\/fr\\\/#\\\/schema\\\/person\\\/9a9c6118d687c117df8ef3cc36a4d175\",\"name\":\"webdo.tn\",\"image\":{\"@type\":\"ImageObject\",\"inLanguage\":\"fr-FR\",\"@id\":\"https:\\\/\\\/secure.gravatar.com\\\/avatar\\\/7ce1f28c0c3bbac99ff550b85ef8e44a6950c6ee24514fb6a5489e51d06f0298?s=96&d=mm&r=g\",\"url\":\"https:\\\/\\\/secure.gravatar.com\\\/avatar\\\/7ce1f28c0c3bbac99ff550b85ef8e44a6950c6ee24514fb6a5489e51d06f0298?s=96&d=mm&r=g\",\"contentUrl\":\"https:\\\/\\\/secure.gravatar.com\\\/avatar\\\/7ce1f28c0c3bbac99ff550b85ef8e44a6950c6ee24514fb6a5489e51d06f0298?s=96&d=mm&r=g\",\"caption\":\"webdo.tn\"},\"url\":\"https:\\\/\\\/www.webdo.tn\\\/fr\\\/actualite\\\/author\\\/webdotn\\\/\"}]}<\/script>\n<!-- \/ Yoast SEO Premium plugin. -->","yoast_head_json":{"title":"ANC : Quoi de neuf dans le nouveau projet de lois contre les violences faites aux femmes ?","description":"ANC : Quoi de neuf dans le nouveau projet de lois contre les violences faites aux femmes ?","canonical":"https:\/\/www.webdo.tn\/fr\/actualite\/sante\/anc-neuf-nouveau-projet-lois-contre-les-violences-aux-femmes-2\/185409\/","og_locale":"fr_FR","og_type":"article","og_title":"ANC : Quoi de neuf dans le nouveau projet de lois contre les violences faites aux femmes ?","og_description":"ANC : Quoi de neuf dans le nouveau projet de lois contre les violences faites aux femmes ?","og_url":"https:\/\/www.webdo.tn\/fr\/actualite\/sante\/anc-neuf-nouveau-projet-lois-contre-les-violences-aux-femmes-2\/185409\/","og_site_name":"webdo","article_publisher":"https:\/\/www.facebook.com\/webdotn","article_published_time":"2014-08-14T11:05:00+00:00","article_modified_time":"2025-06-04T18:17:15+00:00","og_image":[{"width":202,"height":225,"url":"https:\/\/www.webdo.tn\/fr\/wp-content\/uploads\/2014\/08\/Violence-femme.jpg","type":"image\/jpeg"}],"author":"webdo.tn","twitter_card":"summary_large_image","twitter_creator":"@webdo_tn","twitter_site":"@webdo_tn","twitter_misc":{"\u00c9crit par":"webdo.tn","Dur\u00e9e de lecture estim\u00e9e":"4 minutes"},"schema":{"@context":"https:\/\/schema.org","@graph":[{"@type":"NewsArticle","@id":"https:\/\/www.webdo.tn\/fr\/actualite\/sante\/anc-neuf-nouveau-projet-lois-contre-les-violences-aux-femmes-2\/185409\/#article","isPartOf":{"@id":"https:\/\/www.webdo.tn\/fr\/actualite\/sante\/anc-neuf-nouveau-projet-lois-contre-les-violences-aux-femmes-2\/185409\/"},"author":{"name":"webdo.tn","@id":"https:\/\/www.webdo.tn\/fr\/#\/schema\/person\/9a9c6118d687c117df8ef3cc36a4d175"},"headline":"ANC : Quoi de neuf dans le nouveau projet de lois contre les violences faites aux femmes ?","datePublished":"2014-08-14T11:05:00+00:00","dateModified":"2025-06-04T18:17:15+00:00","mainEntityOfPage":{"@id":"https:\/\/www.webdo.tn\/fr\/actualite\/sante\/anc-neuf-nouveau-projet-lois-contre-les-violences-aux-femmes-2\/185409\/"},"wordCount":883,"commentCount":0,"publisher":{"@id":"https:\/\/www.webdo.tn\/fr\/#organization"},"image":{"@id":"https:\/\/www.webdo.tn\/fr\/actualite\/sante\/anc-neuf-nouveau-projet-lois-contre-les-violences-aux-femmes-2\/185409\/#primaryimage"},"thumbnailUrl":"https:\/\/www.webdo.tn\/fr\/wp-content\/uploads\/2014\/08\/Violence-femme.jpg","articleSection":["Sant\u00e9"],"inLanguage":"fr-FR"},{"@type":"WebPage","@id":"https:\/\/www.webdo.tn\/fr\/actualite\/sante\/anc-neuf-nouveau-projet-lois-contre-les-violences-aux-femmes-2\/185409\/","url":"https:\/\/www.webdo.tn\/fr\/actualite\/sante\/anc-neuf-nouveau-projet-lois-contre-les-violences-aux-femmes-2\/185409\/","name":"ANC : Quoi de neuf dans le nouveau projet de lois contre les violences faites aux femmes ?","isPartOf":{"@id":"https:\/\/www.webdo.tn\/fr\/#website"},"primaryImageOfPage":{"@id":"https:\/\/www.webdo.tn\/fr\/actualite\/sante\/anc-neuf-nouveau-projet-lois-contre-les-violences-aux-femmes-2\/185409\/#primaryimage"},"image":{"@id":"https:\/\/www.webdo.tn\/fr\/actualite\/sante\/anc-neuf-nouveau-projet-lois-contre-les-violences-aux-femmes-2\/185409\/#primaryimage"},"thumbnailUrl":"https:\/\/www.webdo.tn\/fr\/wp-content\/uploads\/2014\/08\/Violence-femme.jpg","datePublished":"2014-08-14T11:05:00+00:00","dateModified":"2025-06-04T18:17:15+00:00","description":"ANC : Quoi de neuf dans le nouveau projet de lois contre les violences faites aux femmes ?","breadcrumb":{"@id":"https:\/\/www.webdo.tn\/fr\/actualite\/sante\/anc-neuf-nouveau-projet-lois-contre-les-violences-aux-femmes-2\/185409\/#breadcrumb"},"inLanguage":"fr-FR","potentialAction":[{"@type":"ReadAction","target":["https:\/\/www.webdo.tn\/fr\/actualite\/sante\/anc-neuf-nouveau-projet-lois-contre-les-violences-aux-femmes-2\/185409\/"]}]},{"@type":"ImageObject","inLanguage":"fr-FR","@id":"https:\/\/www.webdo.tn\/fr\/actualite\/sante\/anc-neuf-nouveau-projet-lois-contre-les-violences-aux-femmes-2\/185409\/#primaryimage","url":"https:\/\/www.webdo.tn\/fr\/wp-content\/uploads\/2014\/08\/Violence-femme.jpg","contentUrl":"https:\/\/www.webdo.tn\/fr\/wp-content\/uploads\/2014\/08\/Violence-femme.jpg","width":202,"height":225,"caption":"ANC : Quoi de neuf dans le nouveau projet de lois contre les violences faites aux femmes ?"},{"@type":"BreadcrumbList","@id":"https:\/\/www.webdo.tn\/fr\/actualite\/sante\/anc-neuf-nouveau-projet-lois-contre-les-violences-aux-femmes-2\/185409\/#breadcrumb","itemListElement":[{"@type":"ListItem","position":1,"name":"Accueil","item":"https:\/\/www.webdo.tn\/fr\/"},{"@type":"ListItem","position":2,"name":"ANC : Quoi de neuf dans le nouveau projet de lois contre les violences faites aux femmes ?"}]},{"@type":"WebSite","@id":"https:\/\/www.webdo.tn\/fr\/#website","url":"https:\/\/www.webdo.tn\/fr\/","name":"webdo","description":"Tunisie - News en Tunisie et \u00e0 l&#039;international sur Webdo.tn","publisher":{"@id":"https:\/\/www.webdo.tn\/fr\/#organization"},"potentialAction":[{"@type":"SearchAction","target":{"@type":"EntryPoint","urlTemplate":"https:\/\/www.webdo.tn\/fr\/?s={search_term_string}"},"query-input":{"@type":"PropertyValueSpecification","valueRequired":true,"valueName":"search_term_string"}}],"inLanguage":"fr-FR"},{"@type":"Organization","@id":"https:\/\/www.webdo.tn\/fr\/#organization","name":"Webdo","alternateName":"Webdo.tn","url":"https:\/\/www.webdo.tn\/fr\/","logo":{"@type":"ImageObject","inLanguage":"fr-FR","@id":"https:\/\/www.webdo.tn\/fr\/#\/schema\/logo\/image\/","url":"https:\/\/www.webdo.tn\/fr\/wp-content\/uploads\/2025\/06\/Webdo-Tunisie_168377.jpg","contentUrl":"https:\/\/www.webdo.tn\/fr\/wp-content\/uploads\/2025\/06\/Webdo-Tunisie_168377.jpg","width":301,"height":301,"caption":"Webdo"},"image":{"@id":"https:\/\/www.webdo.tn\/fr\/#\/schema\/logo\/image\/"},"sameAs":["https:\/\/www.facebook.com\/webdotn","https:\/\/x.com\/webdo_tn"],"description":"Webdo est un m\u00e9dia num\u00e9rique tunisien fond\u00e9 en 2010, sp\u00e9cialis\u00e9 dans l\u2019actualit\u00e9 nationale et internationale, l\u2019\u00e9conomie, la soci\u00e9t\u00e9 et les analyses politiques. Le site s\u2019adresse \u00e0 un large public francophone et couvre l\u2019information tunisienne en temps r\u00e9el.","email":"redac@webdo.tn","legalName":"YNJ SARL","foundingDate":"2010-09-06","numberOfEmployees":{"@type":"QuantitativeValue","minValue":"11","maxValue":"50"}},{"@type":"Person","@id":"https:\/\/www.webdo.tn\/fr\/#\/schema\/person\/9a9c6118d687c117df8ef3cc36a4d175","name":"webdo.tn","image":{"@type":"ImageObject","inLanguage":"fr-FR","@id":"https:\/\/secure.gravatar.com\/avatar\/7ce1f28c0c3bbac99ff550b85ef8e44a6950c6ee24514fb6a5489e51d06f0298?s=96&d=mm&r=g","url":"https:\/\/secure.gravatar.com\/avatar\/7ce1f28c0c3bbac99ff550b85ef8e44a6950c6ee24514fb6a5489e51d06f0298?s=96&d=mm&r=g","contentUrl":"https:\/\/secure.gravatar.com\/avatar\/7ce1f28c0c3bbac99ff550b85ef8e44a6950c6ee24514fb6a5489e51d06f0298?s=96&d=mm&r=g","caption":"webdo.tn"},"url":"https:\/\/www.webdo.tn\/fr\/actualite\/author\/webdotn\/"}]}},"_links":{"self":[{"href":"https:\/\/www.webdo.tn\/fr\/wp-json\/wp\/v2\/posts\/185409","targetHints":{"allow":["GET"]}}],"collection":[{"href":"https:\/\/www.webdo.tn\/fr\/wp-json\/wp\/v2\/posts"}],"about":[{"href":"https:\/\/www.webdo.tn\/fr\/wp-json\/wp\/v2\/types\/post"}],"author":[{"embeddable":true,"href":"https:\/\/www.webdo.tn\/fr\/wp-json\/wp\/v2\/users\/3222"}],"replies":[{"embeddable":true,"href":"https:\/\/www.webdo.tn\/fr\/wp-json\/wp\/v2\/comments?post=185409"}],"version-history":[{"count":0,"href":"https:\/\/www.webdo.tn\/fr\/wp-json\/wp\/v2\/posts\/185409\/revisions"}],"wp:featuredmedia":[{"embeddable":true,"href":"https:\/\/www.webdo.tn\/fr\/wp-json\/wp\/v2\/media\/331654"}],"wp:attachment":[{"href":"https:\/\/www.webdo.tn\/fr\/wp-json\/wp\/v2\/media?parent=185409"}],"wp:term":[{"taxonomy":"category","embeddable":true,"href":"https:\/\/www.webdo.tn\/fr\/wp-json\/wp\/v2\/categories?post=185409"},{"taxonomy":"post_tag","embeddable":true,"href":"https:\/\/www.webdo.tn\/fr\/wp-json\/wp\/v2\/tags?post=185409"}],"curies":[{"name":"wp","href":"https:\/\/api.w.org\/{rel}","templated":true}]}}