{"id":185403,"date":"2014-09-22T16:43:00","date_gmt":"2014-09-22T16:43:00","guid":{"rendered":"https:\/\/www.webdo.tn\/fr\/blog\/greve-administrative-jours-les-hopitaux-tunisiens\/185403\/"},"modified":"2025-05-22T13:21:49","modified_gmt":"2025-05-22T13:21:49","slug":"greve-administrative-jours-les-hopitaux-tunisiens","status":"publish","type":"post","link":"https:\/\/www.webdo.tn\/fr\/actualite\/sante\/greve-administrative-jours-les-hopitaux-tunisiens\/185403\/","title":{"rendered":"Gr\u00e8ve administrative d&rsquo;une semaine dans les h\u00f4pitaux tunisiens"},"content":{"rendered":"<p>La F\u00e9d\u00e9ration g\u00e9n\u00e9rale de la sant\u00e9, relevant de l&rsquo;Union g\u00e9n\u00e9rale tunisienne du travail (UGTT), a d\u00e9clar\u00e9 sur les ondes de la radio Shems FM que tous les h\u00f4pitaux seront en gr\u00e8ve g\u00e9n\u00e9rale administrative \u00e0 partir d&rsquo;aujourd&rsquo;hui lundi 22 septembre 2014 jusqu&rsquo;\u00e0 la fin de la semaine.<\/p>\n<p>Hsan Mazni, membre de la F\u00e9d\u00e9ration g\u00e9n\u00e9rale de la sant\u00e9 charg\u00e9 de la communication, a d\u00e9fini la gr\u00e8ve comme un acte de pression sur les autorit\u00e9s de tutelles et le minist\u00e8re de la Sant\u00e9, en particulier pour r\u00e9pondre \u00e0 deux principales revendications, qui sont celle de l&rsquo;adoption de la loi organique et l&rsquo;augmentation de la prime sp\u00e9ciale.<\/p>\n<p>Insistant sur le fait que cette gr\u00e8ve fait suite \u00e0 l&rsquo;insatisfaction des 64 000 agents malgr\u00e9 les n\u00e9gociations suite \u00e0 la gr\u00e8ve g\u00e9n\u00e9rale de deux jours qui s&rsquo;est d\u00e9roul\u00e9e les 11 et 12 septembre 2014.<\/p>\n<p>Le membre de la f\u00e9d\u00e9ration a aussi pr\u00e9cis\u00e9 qu&rsquo;en aucun cas cette gr\u00e8ve n&rsquo;entravera les int\u00e9r\u00eats du citoyen, puisqu&rsquo;il s&rsquo;agit d&rsquo;une gr\u00e8ve administrative bloquant toutes les op\u00e9rations financi\u00e8res dans les h\u00f4pitaux, et permettant ainsi au citoyen un acc\u00e8s gratuit \u00e0 tous les services et les soins.<\/p>\n<p>Le syndicaliste a pr\u00e9cis\u00e9 que la f\u00e9d\u00e9ration mettra fin \u00e0 la gr\u00e8ve d\u00e9s que les autorit\u00e9s de tutelle r\u00e9pondront aux revendications.<br \/>\nArroi Baraket<\/p>\n","protected":false},"excerpt":{"rendered":"<p>Gr\u00e8ve administrative d&rsquo;une semaine dans les h\u00f4pitaux tunisiens<\/p>\n","protected":false},"author":3222,"featured_media":335018,"comment_status":"open","ping_status":"closed","sticky":false,"template":"","format":"standard","meta":{"footnotes":""},"categories":[11341],"tags":[],"class_list":["post-185403","post","type-post","status-publish","format-standard","has-post-thumbnail","hentry","category-sante"],"yoast_head":"<!-- This site is optimized with the Yoast SEO Premium plugin v27.5 (Yoast SEO v27.5) - https:\/\/yoast.com\/product\/yoast-seo-premium-wordpress\/ -->\n<title>Gr\u00e8ve administrative d&#039;une semaine dans les h\u00f4pitaux tunisiens<\/title>\n<meta name=\"description\" content=\"Gr\u00e8ve administrative d&#039;une semaine dans les h\u00f4pitaux tunisiens\" \/>\n<link rel=\"canonical\" href=\"https:\/\/www.webdo.tn\/fr\/actualite\/sante\/greve-administrative-jours-les-hopitaux-tunisiens\/185403\/\" \/>\n<meta property=\"og:locale\" content=\"fr_FR\" \/>\n<meta property=\"og:type\" content=\"article\" \/>\n<meta property=\"og:title\" content=\"Gr\u00e8ve administrative d&#039;une semaine dans les h\u00f4pitaux tunisiens\" \/>\n<meta property=\"og:description\" content=\"Gr\u00e8ve administrative d&#039;une semaine dans les h\u00f4pitaux tunisiens\" \/>\n<meta property=\"og:url\" content=\"https:\/\/www.webdo.tn\/fr\/actualite\/sante\/greve-administrative-jours-les-hopitaux-tunisiens\/185403\/\" \/>\n<meta property=\"og:site_name\" content=\"webdo\" \/>\n<meta property=\"article:publisher\" content=\"https:\/\/www.facebook.com\/webdotn\" \/>\n<meta property=\"article:published_time\" content=\"2014-09-22T16:43:00+00:00\" \/>\n<meta property=\"article:modified_time\" content=\"2025-05-22T13:21:49+00:00\" \/>\n<meta property=\"og:image\" content=\"https:\/\/www.webdo.tn\/fr\/wp-content\/uploads\/2014\/09\/Hopital-Salah-Azaiez-300x209-1.jpg\" \/>\n\t<meta property=\"og:image:width\" content=\"300\" \/>\n\t<meta property=\"og:image:height\" content=\"209\" \/>\n\t<meta property=\"og:image:type\" content=\"image\/jpeg\" \/>\n<meta name=\"author\" content=\"webdo.tn\" \/>\n<meta name=\"twitter:card\" content=\"summary_large_image\" \/>\n<meta name=\"twitter:creator\" content=\"@webdo_tn\" \/>\n<meta name=\"twitter:site\" content=\"@webdo_tn\" \/>\n<meta name=\"twitter:label1\" content=\"\u00c9crit par\" \/>\n\t<meta name=\"twitter:data1\" content=\"webdo.tn\" \/>\n\t<meta name=\"twitter:label2\" content=\"Dur\u00e9e de lecture estim\u00e9e\" \/>\n\t<meta name=\"twitter:data2\" content=\"1 minute\" \/>\n<script type=\"application\/ld+json\" class=\"yoast-schema-graph\">{\"@context\":\"https:\\\/\\\/schema.org\",\"@graph\":[{\"@type\":\"NewsArticle\",\"@id\":\"https:\\\/\\\/www.webdo.tn\\\/fr\\\/actualite\\\/sante\\\/greve-administrative-jours-les-hopitaux-tunisiens\\\/185403\\\/#article\",\"isPartOf\":{\"@id\":\"https:\\\/\\\/www.webdo.tn\\\/fr\\\/actualite\\\/sante\\\/greve-administrative-jours-les-hopitaux-tunisiens\\\/185403\\\/\"},\"author\":{\"name\":\"webdo.tn\",\"@id\":\"https:\\\/\\\/www.webdo.tn\\\/fr\\\/#\\\/schema\\\/person\\\/9a9c6118d687c117df8ef3cc36a4d175\"},\"headline\":\"Gr\u00e8ve administrative d&rsquo;une semaine dans les h\u00f4pitaux tunisiens\",\"datePublished\":\"2014-09-22T16:43:00+00:00\",\"dateModified\":\"2025-05-22T13:21:49+00:00\",\"mainEntityOfPage\":{\"@id\":\"https:\\\/\\\/www.webdo.tn\\\/fr\\\/actualite\\\/sante\\\/greve-administrative-jours-les-hopitaux-tunisiens\\\/185403\\\/\"},\"wordCount\":263,\"commentCount\":0,\"publisher\":{\"@id\":\"https:\\\/\\\/www.webdo.tn\\\/fr\\\/#organization\"},\"image\":{\"@id\":\"https:\\\/\\\/www.webdo.tn\\\/fr\\\/actualite\\\/sante\\\/greve-administrative-jours-les-hopitaux-tunisiens\\\/185403\\\/#primaryimage\"},\"thumbnailUrl\":\"https:\\\/\\\/www.webdo.tn\\\/fr\\\/wp-content\\\/uploads\\\/2014\\\/09\\\/Hopital-Salah-Azaiez-300x209-1.jpg\",\"articleSection\":[\"Sant\u00e9\"],\"inLanguage\":\"fr-FR\"},{\"@type\":\"WebPage\",\"@id\":\"https:\\\/\\\/www.webdo.tn\\\/fr\\\/actualite\\\/sante\\\/greve-administrative-jours-les-hopitaux-tunisiens\\\/185403\\\/\",\"url\":\"https:\\\/\\\/www.webdo.tn\\\/fr\\\/actualite\\\/sante\\\/greve-administrative-jours-les-hopitaux-tunisiens\\\/185403\\\/\",\"name\":\"Gr\u00e8ve administrative d'une semaine dans les h\u00f4pitaux tunisiens\",\"isPartOf\":{\"@id\":\"https:\\\/\\\/www.webdo.tn\\\/fr\\\/#website\"},\"primaryImageOfPage\":{\"@id\":\"https:\\\/\\\/www.webdo.tn\\\/fr\\\/actualite\\\/sante\\\/greve-administrative-jours-les-hopitaux-tunisiens\\\/185403\\\/#primaryimage\"},\"image\":{\"@id\":\"https:\\\/\\\/www.webdo.tn\\\/fr\\\/actualite\\\/sante\\\/greve-administrative-jours-les-hopitaux-tunisiens\\\/185403\\\/#primaryimage\"},\"thumbnailUrl\":\"https:\\\/\\\/www.webdo.tn\\\/fr\\\/wp-content\\\/uploads\\\/2014\\\/09\\\/Hopital-Salah-Azaiez-300x209-1.jpg\",\"datePublished\":\"2014-09-22T16:43:00+00:00\",\"dateModified\":\"2025-05-22T13:21:49+00:00\",\"description\":\"Gr\u00e8ve administrative d'une semaine dans les h\u00f4pitaux tunisiens\",\"breadcrumb\":{\"@id\":\"https:\\\/\\\/www.webdo.tn\\\/fr\\\/actualite\\\/sante\\\/greve-administrative-jours-les-hopitaux-tunisiens\\\/185403\\\/#breadcrumb\"},\"inLanguage\":\"fr-FR\",\"potentialAction\":[{\"@type\":\"ReadAction\",\"target\":[\"https:\\\/\\\/www.webdo.tn\\\/fr\\\/actualite\\\/sante\\\/greve-administrative-jours-les-hopitaux-tunisiens\\\/185403\\\/\"]}]},{\"@type\":\"ImageObject\",\"inLanguage\":\"fr-FR\",\"@id\":\"https:\\\/\\\/www.webdo.tn\\\/fr\\\/actualite\\\/sante\\\/greve-administrative-jours-les-hopitaux-tunisiens\\\/185403\\\/#primaryimage\",\"url\":\"https:\\\/\\\/www.webdo.tn\\\/fr\\\/wp-content\\\/uploads\\\/2014\\\/09\\\/Hopital-Salah-Azaiez-300x209-1.jpg\",\"contentUrl\":\"https:\\\/\\\/www.webdo.tn\\\/fr\\\/wp-content\\\/uploads\\\/2014\\\/09\\\/Hopital-Salah-Azaiez-300x209-1.jpg\",\"width\":300,\"height\":209,\"caption\":\"Gr\u00e8ve administrative d'une semaine dans les h\u00f4pitaux tunisiens\"},{\"@type\":\"BreadcrumbList\",\"@id\":\"https:\\\/\\\/www.webdo.tn\\\/fr\\\/actualite\\\/sante\\\/greve-administrative-jours-les-hopitaux-tunisiens\\\/185403\\\/#breadcrumb\",\"itemListElement\":[{\"@type\":\"ListItem\",\"position\":1,\"name\":\"Accueil\",\"item\":\"https:\\\/\\\/www.webdo.tn\\\/fr\\\/\"},{\"@type\":\"ListItem\",\"position\":2,\"name\":\"Gr\u00e8ve administrative d&rsquo;une semaine dans les h\u00f4pitaux tunisiens\"}]},{\"@type\":\"WebSite\",\"@id\":\"https:\\\/\\\/www.webdo.tn\\\/fr\\\/#website\",\"url\":\"https:\\\/\\\/www.webdo.tn\\\/fr\\\/\",\"name\":\"webdo\",\"description\":\"Tunisie - News en Tunisie et \u00e0 l&#039;international sur Webdo.tn\",\"publisher\":{\"@id\":\"https:\\\/\\\/www.webdo.tn\\\/fr\\\/#organization\"},\"potentialAction\":[{\"@type\":\"SearchAction\",\"target\":{\"@type\":\"EntryPoint\",\"urlTemplate\":\"https:\\\/\\\/www.webdo.tn\\\/fr\\\/?s={search_term_string}\"},\"query-input\":{\"@type\":\"PropertyValueSpecification\",\"valueRequired\":true,\"valueName\":\"search_term_string\"}}],\"inLanguage\":\"fr-FR\"},{\"@type\":\"Organization\",\"@id\":\"https:\\\/\\\/www.webdo.tn\\\/fr\\\/#organization\",\"name\":\"Webdo\",\"alternateName\":\"Webdo.tn\",\"url\":\"https:\\\/\\\/www.webdo.tn\\\/fr\\\/\",\"logo\":{\"@type\":\"ImageObject\",\"inLanguage\":\"fr-FR\",\"@id\":\"https:\\\/\\\/www.webdo.tn\\\/fr\\\/#\\\/schema\\\/logo\\\/image\\\/\",\"url\":\"https:\\\/\\\/www.webdo.tn\\\/fr\\\/wp-content\\\/uploads\\\/2025\\\/06\\\/Webdo-Tunisie_168377.jpg\",\"contentUrl\":\"https:\\\/\\\/www.webdo.tn\\\/fr\\\/wp-content\\\/uploads\\\/2025\\\/06\\\/Webdo-Tunisie_168377.jpg\",\"width\":301,\"height\":301,\"caption\":\"Webdo\"},\"image\":{\"@id\":\"https:\\\/\\\/www.webdo.tn\\\/fr\\\/#\\\/schema\\\/logo\\\/image\\\/\"},\"sameAs\":[\"https:\\\/\\\/www.facebook.com\\\/webdotn\",\"https:\\\/\\\/x.com\\\/webdo_tn\"],\"description\":\"Webdo est un m\u00e9dia num\u00e9rique tunisien fond\u00e9 en 2010, sp\u00e9cialis\u00e9 dans l\u2019actualit\u00e9 nationale et internationale, l\u2019\u00e9conomie, la soci\u00e9t\u00e9 et les analyses politiques. Le site s\u2019adresse \u00e0 un large public francophone et couvre l\u2019information tunisienne en temps r\u00e9el.\",\"email\":\"redac@webdo.tn\",\"legalName\":\"YNJ SARL\",\"foundingDate\":\"2010-09-06\",\"numberOfEmployees\":{\"@type\":\"QuantitativeValue\",\"minValue\":\"11\",\"maxValue\":\"50\"}},{\"@type\":\"Person\",\"@id\":\"https:\\\/\\\/www.webdo.tn\\\/fr\\\/#\\\/schema\\\/person\\\/9a9c6118d687c117df8ef3cc36a4d175\",\"name\":\"webdo.tn\",\"image\":{\"@type\":\"ImageObject\",\"inLanguage\":\"fr-FR\",\"@id\":\"https:\\\/\\\/secure.gravatar.com\\\/avatar\\\/7ce1f28c0c3bbac99ff550b85ef8e44a6950c6ee24514fb6a5489e51d06f0298?s=96&d=mm&r=g\",\"url\":\"https:\\\/\\\/secure.gravatar.com\\\/avatar\\\/7ce1f28c0c3bbac99ff550b85ef8e44a6950c6ee24514fb6a5489e51d06f0298?s=96&d=mm&r=g\",\"contentUrl\":\"https:\\\/\\\/secure.gravatar.com\\\/avatar\\\/7ce1f28c0c3bbac99ff550b85ef8e44a6950c6ee24514fb6a5489e51d06f0298?s=96&d=mm&r=g\",\"caption\":\"webdo.tn\"},\"url\":\"https:\\\/\\\/www.webdo.tn\\\/fr\\\/actualite\\\/author\\\/webdotn\\\/\"}]}<\/script>\n<!-- \/ Yoast SEO Premium plugin. -->","yoast_head_json":{"title":"Gr\u00e8ve administrative d'une semaine dans les h\u00f4pitaux tunisiens","description":"Gr\u00e8ve administrative d'une semaine dans les h\u00f4pitaux tunisiens","canonical":"https:\/\/www.webdo.tn\/fr\/actualite\/sante\/greve-administrative-jours-les-hopitaux-tunisiens\/185403\/","og_locale":"fr_FR","og_type":"article","og_title":"Gr\u00e8ve administrative d'une semaine dans les h\u00f4pitaux tunisiens","og_description":"Gr\u00e8ve administrative d'une semaine dans les h\u00f4pitaux tunisiens","og_url":"https:\/\/www.webdo.tn\/fr\/actualite\/sante\/greve-administrative-jours-les-hopitaux-tunisiens\/185403\/","og_site_name":"webdo","article_publisher":"https:\/\/www.facebook.com\/webdotn","article_published_time":"2014-09-22T16:43:00+00:00","article_modified_time":"2025-05-22T13:21:49+00:00","og_image":[{"width":300,"height":209,"url":"https:\/\/www.webdo.tn\/fr\/wp-content\/uploads\/2014\/09\/Hopital-Salah-Azaiez-300x209-1.jpg","type":"image\/jpeg"}],"author":"webdo.tn","twitter_card":"summary_large_image","twitter_creator":"@webdo_tn","twitter_site":"@webdo_tn","twitter_misc":{"\u00c9crit par":"webdo.tn","Dur\u00e9e de lecture estim\u00e9e":"1 minute"},"schema":{"@context":"https:\/\/schema.org","@graph":[{"@type":"NewsArticle","@id":"https:\/\/www.webdo.tn\/fr\/actualite\/sante\/greve-administrative-jours-les-hopitaux-tunisiens\/185403\/#article","isPartOf":{"@id":"https:\/\/www.webdo.tn\/fr\/actualite\/sante\/greve-administrative-jours-les-hopitaux-tunisiens\/185403\/"},"author":{"name":"webdo.tn","@id":"https:\/\/www.webdo.tn\/fr\/#\/schema\/person\/9a9c6118d687c117df8ef3cc36a4d175"},"headline":"Gr\u00e8ve administrative d&rsquo;une semaine dans les h\u00f4pitaux tunisiens","datePublished":"2014-09-22T16:43:00+00:00","dateModified":"2025-05-22T13:21:49+00:00","mainEntityOfPage":{"@id":"https:\/\/www.webdo.tn\/fr\/actualite\/sante\/greve-administrative-jours-les-hopitaux-tunisiens\/185403\/"},"wordCount":263,"commentCount":0,"publisher":{"@id":"https:\/\/www.webdo.tn\/fr\/#organization"},"image":{"@id":"https:\/\/www.webdo.tn\/fr\/actualite\/sante\/greve-administrative-jours-les-hopitaux-tunisiens\/185403\/#primaryimage"},"thumbnailUrl":"https:\/\/www.webdo.tn\/fr\/wp-content\/uploads\/2014\/09\/Hopital-Salah-Azaiez-300x209-1.jpg","articleSection":["Sant\u00e9"],"inLanguage":"fr-FR"},{"@type":"WebPage","@id":"https:\/\/www.webdo.tn\/fr\/actualite\/sante\/greve-administrative-jours-les-hopitaux-tunisiens\/185403\/","url":"https:\/\/www.webdo.tn\/fr\/actualite\/sante\/greve-administrative-jours-les-hopitaux-tunisiens\/185403\/","name":"Gr\u00e8ve administrative d'une semaine dans les h\u00f4pitaux tunisiens","isPartOf":{"@id":"https:\/\/www.webdo.tn\/fr\/#website"},"primaryImageOfPage":{"@id":"https:\/\/www.webdo.tn\/fr\/actualite\/sante\/greve-administrative-jours-les-hopitaux-tunisiens\/185403\/#primaryimage"},"image":{"@id":"https:\/\/www.webdo.tn\/fr\/actualite\/sante\/greve-administrative-jours-les-hopitaux-tunisiens\/185403\/#primaryimage"},"thumbnailUrl":"https:\/\/www.webdo.tn\/fr\/wp-content\/uploads\/2014\/09\/Hopital-Salah-Azaiez-300x209-1.jpg","datePublished":"2014-09-22T16:43:00+00:00","dateModified":"2025-05-22T13:21:49+00:00","description":"Gr\u00e8ve administrative d'une semaine dans les h\u00f4pitaux tunisiens","breadcrumb":{"@id":"https:\/\/www.webdo.tn\/fr\/actualite\/sante\/greve-administrative-jours-les-hopitaux-tunisiens\/185403\/#breadcrumb"},"inLanguage":"fr-FR","potentialAction":[{"@type":"ReadAction","target":["https:\/\/www.webdo.tn\/fr\/actualite\/sante\/greve-administrative-jours-les-hopitaux-tunisiens\/185403\/"]}]},{"@type":"ImageObject","inLanguage":"fr-FR","@id":"https:\/\/www.webdo.tn\/fr\/actualite\/sante\/greve-administrative-jours-les-hopitaux-tunisiens\/185403\/#primaryimage","url":"https:\/\/www.webdo.tn\/fr\/wp-content\/uploads\/2014\/09\/Hopital-Salah-Azaiez-300x209-1.jpg","contentUrl":"https:\/\/www.webdo.tn\/fr\/wp-content\/uploads\/2014\/09\/Hopital-Salah-Azaiez-300x209-1.jpg","width":300,"height":209,"caption":"Gr\u00e8ve administrative d'une semaine dans les h\u00f4pitaux tunisiens"},{"@type":"BreadcrumbList","@id":"https:\/\/www.webdo.tn\/fr\/actualite\/sante\/greve-administrative-jours-les-hopitaux-tunisiens\/185403\/#breadcrumb","itemListElement":[{"@type":"ListItem","position":1,"name":"Accueil","item":"https:\/\/www.webdo.tn\/fr\/"},{"@type":"ListItem","position":2,"name":"Gr\u00e8ve administrative d&rsquo;une semaine dans les h\u00f4pitaux tunisiens"}]},{"@type":"WebSite","@id":"https:\/\/www.webdo.tn\/fr\/#website","url":"https:\/\/www.webdo.tn\/fr\/","name":"webdo","description":"Tunisie - News en Tunisie et \u00e0 l&#039;international sur Webdo.tn","publisher":{"@id":"https:\/\/www.webdo.tn\/fr\/#organization"},"potentialAction":[{"@type":"SearchAction","target":{"@type":"EntryPoint","urlTemplate":"https:\/\/www.webdo.tn\/fr\/?s={search_term_string}"},"query-input":{"@type":"PropertyValueSpecification","valueRequired":true,"valueName":"search_term_string"}}],"inLanguage":"fr-FR"},{"@type":"Organization","@id":"https:\/\/www.webdo.tn\/fr\/#organization","name":"Webdo","alternateName":"Webdo.tn","url":"https:\/\/www.webdo.tn\/fr\/","logo":{"@type":"ImageObject","inLanguage":"fr-FR","@id":"https:\/\/www.webdo.tn\/fr\/#\/schema\/logo\/image\/","url":"https:\/\/www.webdo.tn\/fr\/wp-content\/uploads\/2025\/06\/Webdo-Tunisie_168377.jpg","contentUrl":"https:\/\/www.webdo.tn\/fr\/wp-content\/uploads\/2025\/06\/Webdo-Tunisie_168377.jpg","width":301,"height":301,"caption":"Webdo"},"image":{"@id":"https:\/\/www.webdo.tn\/fr\/#\/schema\/logo\/image\/"},"sameAs":["https:\/\/www.facebook.com\/webdotn","https:\/\/x.com\/webdo_tn"],"description":"Webdo est un m\u00e9dia num\u00e9rique tunisien fond\u00e9 en 2010, sp\u00e9cialis\u00e9 dans l\u2019actualit\u00e9 nationale et internationale, l\u2019\u00e9conomie, la soci\u00e9t\u00e9 et les analyses politiques. Le site s\u2019adresse \u00e0 un large public francophone et couvre l\u2019information tunisienne en temps r\u00e9el.","email":"redac@webdo.tn","legalName":"YNJ SARL","foundingDate":"2010-09-06","numberOfEmployees":{"@type":"QuantitativeValue","minValue":"11","maxValue":"50"}},{"@type":"Person","@id":"https:\/\/www.webdo.tn\/fr\/#\/schema\/person\/9a9c6118d687c117df8ef3cc36a4d175","name":"webdo.tn","image":{"@type":"ImageObject","inLanguage":"fr-FR","@id":"https:\/\/secure.gravatar.com\/avatar\/7ce1f28c0c3bbac99ff550b85ef8e44a6950c6ee24514fb6a5489e51d06f0298?s=96&d=mm&r=g","url":"https:\/\/secure.gravatar.com\/avatar\/7ce1f28c0c3bbac99ff550b85ef8e44a6950c6ee24514fb6a5489e51d06f0298?s=96&d=mm&r=g","contentUrl":"https:\/\/secure.gravatar.com\/avatar\/7ce1f28c0c3bbac99ff550b85ef8e44a6950c6ee24514fb6a5489e51d06f0298?s=96&d=mm&r=g","caption":"webdo.tn"},"url":"https:\/\/www.webdo.tn\/fr\/actualite\/author\/webdotn\/"}]}},"_links":{"self":[{"href":"https:\/\/www.webdo.tn\/fr\/wp-json\/wp\/v2\/posts\/185403","targetHints":{"allow":["GET"]}}],"collection":[{"href":"https:\/\/www.webdo.tn\/fr\/wp-json\/wp\/v2\/posts"}],"about":[{"href":"https:\/\/www.webdo.tn\/fr\/wp-json\/wp\/v2\/types\/post"}],"author":[{"embeddable":true,"href":"https:\/\/www.webdo.tn\/fr\/wp-json\/wp\/v2\/users\/3222"}],"replies":[{"embeddable":true,"href":"https:\/\/www.webdo.tn\/fr\/wp-json\/wp\/v2\/comments?post=185403"}],"version-history":[{"count":0,"href":"https:\/\/www.webdo.tn\/fr\/wp-json\/wp\/v2\/posts\/185403\/revisions"}],"wp:featuredmedia":[{"embeddable":true,"href":"https:\/\/www.webdo.tn\/fr\/wp-json\/wp\/v2\/media\/335018"}],"wp:attachment":[{"href":"https:\/\/www.webdo.tn\/fr\/wp-json\/wp\/v2\/media?parent=185403"}],"wp:term":[{"taxonomy":"category","embeddable":true,"href":"https:\/\/www.webdo.tn\/fr\/wp-json\/wp\/v2\/categories?post=185403"},{"taxonomy":"post_tag","embeddable":true,"href":"https:\/\/www.webdo.tn\/fr\/wp-json\/wp\/v2\/tags?post=185403"}],"curies":[{"name":"wp","href":"https:\/\/api.w.org\/{rel}","templated":true}]}}