{"id":185399,"date":"2014-09-26T18:01:00","date_gmt":"2014-09-26T18:01:00","guid":{"rendered":"https:\/\/www.webdo.tn\/fr\/blog\/tunisie-european-cancer-centers-accuse-ministre-sante-corruption-habib-khedhr-demande-au-gouvernement-jomaa-reagir\/168266\/"},"modified":"2025-05-22T13:04:03","modified_gmt":"2025-05-22T13:04:03","slug":"tunisie-european-cancer-centers-accuse-ministre-sante-corruption-habib-khedhr-demande-au-gouvernement-jomaa-reagir","status":"publish","type":"post","link":"https:\/\/www.webdo.tn\/fr\/actualite\/sante\/tunisie-european-cancer-centers-accuse-ministre-sante-corruption-habib-khedhr-demande-au-gouvernement-jomaa-reagir\/185399\/","title":{"rendered":"Tunisie : European Cancer Centers accuse le ministre de la Sant\u00e9 de corruption : Habib Khedhr demande au gouvernement Joma\u00e2 de r\u00e9agir"},"content":{"rendered":"<p>Mise \u00e0 jour :<\/p>\n<p>Une gr\u00e8ve a eu lieu et des routes ont \u00e9t\u00e9 coup\u00e9es depuis hier, 28 septembre \u00e0 El Hamma \u00e0 Gab\u00e8s. D&rsquo;apr\u00e8s Mohsen Thlibi, l&rsquo;un des meneurs de cette gr\u00e8ve et membre de l&rsquo;association \u00ab\u00a0Invest in El Hamma\u00a0\u00bb, \u00ab\u00a0il y a une grande col\u00e8re du c\u00f4t\u00e9 des habitants qui se sentent marginalis\u00e9s\u00a0\u00bb.<\/p>\n<p>\/\/ <\/p>\n<p>Post by Yas Sine.<\/p>\n<p>\u00a0<\/p>\n<p>\u00a0<\/p>\n<p>\u00a0<\/p>\n<p>\u00a0<\/p>\n<p>Apr\u00e8s l\u2019\u00e9change d\u2019accusations entre European Cancer Centers et le minist\u00e8re de la Sant\u00e9 tunisien, la pol\u00e9mique autour du projet d\u2019h\u00f4pital sp\u00e9cialis\u00e9 en canc\u00e9rologie \u00a0\u00e0 El Hamma, dans le gouvernorat de Gab\u00e8s, prend des proportions importantes.<\/p>\n<p>Le d\u00e9put\u00e9 Habib Khedher, de la m\u00eame r\u00e9gion, a renouvel\u00e9 son soutien au projet, demandant express\u00e9ment des \u00e9claircissements de la part du gouvernement de Mehdi Joma\u00e2.<\/p>\n<p>\u00ab\u00a0C&rsquo;est le minist\u00e8re qui a donn\u00e9 son accord de principe et non le ministre&#8230;\u00a0\u00bb<\/p>\n<p>\u00ab\u00a0J\u2019ai particip\u00e9 \u00e0 l\u2019apport de ce projet qui a \u00e9t\u00e9 \u00e9tudi\u00e9 par le gouvernement Ali La\u00e2rayedh. En tant que d\u00e9put\u00e9 du gouvernorat de Gab\u00e8s qui d\u00e9fend tout projet pouvant aider au d\u00e9veloppement de la r\u00e9gion, nous avons re\u00e7u, le 11 d\u00e9cembre 2013, l\u2019accord de principe du minist\u00e8re de la Sant\u00e9 \u00bb, nous a-t-il pr\u00e9cis\u00e9. \u00ab Je dis bien du minist\u00e8re et non du ministre ou du secr\u00e9taire d\u2019Etat\u00a0\u00bb, avait-t-il bien soulign\u00e9, dans une d\u00e9claration \u00e0 la radio Oasis FM (Gab\u00e8s), en faisant r\u00e9f\u00e9rence au principe de la \u00ab\u00a0continuit\u00e9 de l&rsquo;Etat\u00a0\u00bb.<\/p>\n<p>Dans cette m\u00eame d\u00e9claration \u00e0 Oasis FM, M. Kedher a rappel\u00e9 que la gen\u00e8se de ce projet remonte \u00e0 des mois, \u00ab\u00a0que c&rsquo;\u00e9tait d&rsquo;abord une id\u00e9e, \u00e0 l&rsquo;initiative de l&rsquo;un des investisseurs de la r\u00e9gion\u00a0\u00bbun certain Mark Keller (qui s&rsquo;appellerait en vrai Riadh Khedher), et que \u00e7a a commenc\u00e9 \u00e0 se concr\u00e9tiser depuis une r\u00e9union avec Amor Chahbani, gouverneur de Gab\u00e8s.<\/p>\n<p>\u00ab Une commission r\u00e9unissant tous les minist\u00e8res concern\u00e9s, tourisme, sant\u00e9, agriculture, d\u00e9veloppement, investissements, etc\u2026 et la Banque Centrale de Tunisie, en pr\u00e9sence des investisseurs porteurs du projet, s\u2019est tenue en janvier. Il leur a \u00e9t\u00e9 demand\u00e9 de s\u2019engager par \u00e9crit, ce qui a \u00e9t\u00e9 fait\u00a0\u00bb, a-t-il ajout\u00e9.<\/p>\n<p>\/\/ <\/p>\n<p>Post by \u200e\u062d\u0631\u0643\u0629 \u0627\u0644\u0646\u0647\u0636\u0629 \u0628\u0627\u0644\u062d\u0627\u0645\u0629\u200e.<\/p>\n<p>Le projet \u00ab\u00a0mis \u00e0 c\u00f4t\u00e9\u00a0\u00bb<\/p>\n<p>M. Khedher pr\u00e9cise qu\u2019il a personnellement relanc\u00e9 le secr\u00e9tariat d\u2019Etat au d\u00e9veloppement en demandant s\u2019il restait encore des conditions \u00e0 satisfaire de la part des investisseurs. \u00ab\u00a0Non. Il faut juste attendre la r\u00e9union de la Commission Sup\u00e9rieure des Grands Projets,\u00a0leur a-t-on r\u00e9pondu\u00a0\u00bb, rapporte le d\u00e9put\u00e9 nahdhaoui.<\/p>\n<p>\u00ab\u00a0Le 9 avril dernier, j&rsquo;ai profit\u00e9 de la c\u00e9l\u00e9bration de la F\u00eate des martyrs \u00e0 Sejoumi pour aborder ce sujet avec le ministre de la Sant\u00e9 (Mohamed Salah Ben Ammar), le secr\u00e9taire d\u2019Etat au d\u00e9veloppement et le secr\u00e9taire d\u2019Etat aupr\u00e8s de la pr\u00e9sidence du gouvernement charg\u00e9 des affaires \u00e9conomiques (Nidhal Ouerfelli). Je leur ai dit que c\u2019est un projet important pour la r\u00e9gion et leur ai demand\u00e9 s\u2019ils y sont oppos\u00e9s. Non, m\u2019ont-ils r\u00e9pondu \u00bb, raconte le d\u00e9put\u00e9 sur la radio Oasis FM.<\/p>\n<p>Habib Khedher ajoute que la commission devait se r\u00e9unir en \u00e9t\u00e9 mais a \u00e9t\u00e9 report\u00e9e suite aux attaques terroristes. Il d\u00e9clare avoir \u00e9t\u00e9 surpris de constater que la r\u00e9union de la Commission Sup\u00e9rieure des Grands Projets, tenue le 22 ao\u00fbt, a classifi\u00e9 le projet en tant que projet \u00ab\u00a0normal\u00a0\u00bb, ce qui veut dire que cela va demander plus de temps que pr\u00e9vu pour l&rsquo;entamer.<\/p>\n<p>\u00ab On attend une justification de refus \u00bb<\/p>\n<p>\u00ab\u00a0Jusqu\u2019\u00e0 aujourd\u2019hui, on attend une justification claire de cette d\u00e9cision sachant que c\u2019est sur demande du gouvernement que ce projet a \u00e9t\u00e9 cat\u00e9goris\u00e9 \u00a0\u00bbGrand projet\u00a0\u00bb \u00bb, nous explique le d\u00e9put\u00e9.<\/p>\n<p>Pour\u00a0\u00abEuropean Cancer Centers\u00bb, il s&rsquo;agit \u00a0\u00ab d&rsquo;int\u00e9r\u00eats personnels qui ont bloqu\u00e9 et bafou\u00e9 le processus d\u00e9mocratique \u00bb, d\u00e9nonce-t-il dans\u00a0une\u00a0lettre ouverte au Chef du gouvernement Mehdi Joma\u00e2<\/p>\n<p>Aucune r\u00e9action du gouvernement Joma\u00e2 face aux\u00a0accusations de corruption<\/p>\n<p>Selon l\u2019investisseur, \u00ab cette d\u00e9cision, qui n\u2019est motiv\u00e9e par aucun argument, est la cons\u00e9quence du veto du ministre de la Sant\u00e9 Publique, Mohamed Salah Ben Ammar, seul membre de la Commission Sup\u00e9rieure des Grands Projets \u00e0 s\u2019opposer au projet \u00bb.<\/p>\n<p>\u00ab\u00a0Apr\u00e8s ces accusations de corruption et de n\u00e9potisme, le gouvernement aurait d\u00fb r\u00e9agir et r\u00e9pondre officiellement \u00e0 ces accusations sachant que le contexte actuel pr\u00e9\u00e9lectoral ne pr\u00eate pas \u00e0 ce genre de pol\u00e9mique \u00bb, reproche M. Khedher aux autorit\u00e9s tunisiennes. \u00abDans d\u2019autres circonstances, nous aurions pu demander l\u2019audition \u00e0 l\u2019ANC du ministre de la Sant\u00e9 et du chef du gouvernement \u00bb, nous d\u00e9clare le d\u00e9put\u00e9.<\/p>\n<p>Aujourd&rsquo;hui,\u00a0le vice-pr\u00e9sident d&rsquo;European Cancer Centers est arriv\u00e9 en Tunisie. L&rsquo;affaire, qui n&rsquo;a toujours pas \u00e9t\u00e9 d\u00e9battue en public, reste opaque, en attendant la r\u00e9ponse de la pr\u00e9sidence du gouvernement.<\/p>\n","protected":false},"excerpt":{"rendered":"<p>Tunisie : European Cancer Centers accuse le ministre de la Sant\u00e9 de corruption : Habib Khedhr demande au gouvernement Joma\u00e2 de r\u00e9agir<\/p>\n","protected":false},"author":3222,"featured_media":320248,"comment_status":"open","ping_status":"closed","sticky":false,"template":"","format":"standard","meta":{"footnotes":""},"categories":[11341],"tags":[],"class_list":["post-185399","post","type-post","status-publish","format-standard","has-post-thumbnail","hentry","category-sante"],"yoast_head":"<!-- This site is optimized with the Yoast SEO Premium plugin v27.5 (Yoast SEO v27.5) - https:\/\/yoast.com\/product\/yoast-seo-premium-wordpress\/ -->\n<title>Tunisie : European Cancer Centers accuse le ministre de la Sant\u00e9 de corruption : Habib Khedhr demande au gouvernement Joma\u00e2 de r\u00e9agir<\/title>\n<meta name=\"description\" content=\"Tunisie : European Cancer Centers accuse le ministre de la Sant\u00e9 de corruption : Habib Khedhr demande au gouvernement Joma\u00e2 de r\u00e9agir\" \/>\n<link rel=\"canonical\" href=\"https:\/\/www.webdo.tn\/fr\/actualite\/sante\/tunisie-european-cancer-centers-accuse-ministre-sante-corruption-habib-khedhr-demande-au-gouvernement-jomaa-reagir\/185399\/\" \/>\n<meta property=\"og:locale\" content=\"fr_FR\" \/>\n<meta property=\"og:type\" content=\"article\" \/>\n<meta property=\"og:title\" content=\"Tunisie : European Cancer Centers accuse le ministre de la Sant\u00e9 de corruption : Habib Khedhr demande au gouvernement Joma\u00e2 de r\u00e9agir\" \/>\n<meta property=\"og:description\" content=\"Tunisie : European Cancer Centers accuse le ministre de la Sant\u00e9 de corruption : Habib Khedhr demande au gouvernement Joma\u00e2 de r\u00e9agir\" \/>\n<meta property=\"og:url\" content=\"https:\/\/www.webdo.tn\/fr\/actualite\/sante\/tunisie-european-cancer-centers-accuse-ministre-sante-corruption-habib-khedhr-demande-au-gouvernement-jomaa-reagir\/185399\/\" \/>\n<meta property=\"og:site_name\" content=\"webdo\" \/>\n<meta property=\"article:publisher\" content=\"https:\/\/www.facebook.com\/webdotn\" \/>\n<meta property=\"article:published_time\" content=\"2014-09-26T18:01:00+00:00\" \/>\n<meta property=\"article:modified_time\" content=\"2025-05-22T13:04:03+00:00\" \/>\n<meta property=\"og:image\" content=\"https:\/\/www.webdo.tn\/fr\/wp-content\/uploads\/2014\/09\/Habib-Khedher-photo-FB-Habib-Khedher.jpg\" \/>\n\t<meta property=\"og:image:width\" content=\"298\" \/>\n\t<meta property=\"og:image:height\" content=\"217\" \/>\n\t<meta property=\"og:image:type\" content=\"image\/jpeg\" \/>\n<meta name=\"author\" content=\"webdo.tn\" \/>\n<meta name=\"twitter:card\" content=\"summary_large_image\" \/>\n<meta name=\"twitter:creator\" content=\"@webdo_tn\" \/>\n<meta name=\"twitter:site\" content=\"@webdo_tn\" \/>\n<meta name=\"twitter:label1\" content=\"\u00c9crit par\" \/>\n\t<meta name=\"twitter:data1\" content=\"webdo.tn\" \/>\n\t<meta name=\"twitter:label2\" content=\"Dur\u00e9e de lecture estim\u00e9e\" \/>\n\t<meta name=\"twitter:data2\" content=\"4 minutes\" \/>\n<script type=\"application\/ld+json\" class=\"yoast-schema-graph\">{\"@context\":\"https:\\\/\\\/schema.org\",\"@graph\":[{\"@type\":\"NewsArticle\",\"@id\":\"https:\\\/\\\/www.webdo.tn\\\/fr\\\/actualite\\\/sante\\\/tunisie-european-cancer-centers-accuse-ministre-sante-corruption-habib-khedhr-demande-au-gouvernement-jomaa-reagir\\\/185399\\\/#article\",\"isPartOf\":{\"@id\":\"https:\\\/\\\/www.webdo.tn\\\/fr\\\/actualite\\\/sante\\\/tunisie-european-cancer-centers-accuse-ministre-sante-corruption-habib-khedhr-demande-au-gouvernement-jomaa-reagir\\\/185399\\\/\"},\"author\":{\"name\":\"webdo.tn\",\"@id\":\"https:\\\/\\\/www.webdo.tn\\\/fr\\\/#\\\/schema\\\/person\\\/9a9c6118d687c117df8ef3cc36a4d175\"},\"headline\":\"Tunisie : European Cancer Centers accuse le ministre de la Sant\u00e9 de corruption : Habib Khedhr demande au gouvernement Joma\u00e2 de r\u00e9agir\",\"datePublished\":\"2014-09-26T18:01:00+00:00\",\"dateModified\":\"2025-05-22T13:04:03+00:00\",\"mainEntityOfPage\":{\"@id\":\"https:\\\/\\\/www.webdo.tn\\\/fr\\\/actualite\\\/sante\\\/tunisie-european-cancer-centers-accuse-ministre-sante-corruption-habib-khedhr-demande-au-gouvernement-jomaa-reagir\\\/185399\\\/\"},\"wordCount\":876,\"commentCount\":0,\"publisher\":{\"@id\":\"https:\\\/\\\/www.webdo.tn\\\/fr\\\/#organization\"},\"image\":{\"@id\":\"https:\\\/\\\/www.webdo.tn\\\/fr\\\/actualite\\\/sante\\\/tunisie-european-cancer-centers-accuse-ministre-sante-corruption-habib-khedhr-demande-au-gouvernement-jomaa-reagir\\\/185399\\\/#primaryimage\"},\"thumbnailUrl\":\"https:\\\/\\\/www.webdo.tn\\\/fr\\\/wp-content\\\/uploads\\\/2014\\\/09\\\/Habib-Khedher-photo-FB-Habib-Khedher.jpg\",\"articleSection\":[\"Sant\u00e9\"],\"inLanguage\":\"fr-FR\"},{\"@type\":\"WebPage\",\"@id\":\"https:\\\/\\\/www.webdo.tn\\\/fr\\\/actualite\\\/sante\\\/tunisie-european-cancer-centers-accuse-ministre-sante-corruption-habib-khedhr-demande-au-gouvernement-jomaa-reagir\\\/185399\\\/\",\"url\":\"https:\\\/\\\/www.webdo.tn\\\/fr\\\/actualite\\\/sante\\\/tunisie-european-cancer-centers-accuse-ministre-sante-corruption-habib-khedhr-demande-au-gouvernement-jomaa-reagir\\\/185399\\\/\",\"name\":\"Tunisie : European Cancer Centers accuse le ministre de la Sant\u00e9 de corruption : Habib Khedhr demande au gouvernement Joma\u00e2 de r\u00e9agir\",\"isPartOf\":{\"@id\":\"https:\\\/\\\/www.webdo.tn\\\/fr\\\/#website\"},\"primaryImageOfPage\":{\"@id\":\"https:\\\/\\\/www.webdo.tn\\\/fr\\\/actualite\\\/sante\\\/tunisie-european-cancer-centers-accuse-ministre-sante-corruption-habib-khedhr-demande-au-gouvernement-jomaa-reagir\\\/185399\\\/#primaryimage\"},\"image\":{\"@id\":\"https:\\\/\\\/www.webdo.tn\\\/fr\\\/actualite\\\/sante\\\/tunisie-european-cancer-centers-accuse-ministre-sante-corruption-habib-khedhr-demande-au-gouvernement-jomaa-reagir\\\/185399\\\/#primaryimage\"},\"thumbnailUrl\":\"https:\\\/\\\/www.webdo.tn\\\/fr\\\/wp-content\\\/uploads\\\/2014\\\/09\\\/Habib-Khedher-photo-FB-Habib-Khedher.jpg\",\"datePublished\":\"2014-09-26T18:01:00+00:00\",\"dateModified\":\"2025-05-22T13:04:03+00:00\",\"description\":\"Tunisie : European Cancer Centers accuse le ministre de la Sant\u00e9 de corruption : Habib Khedhr demande au gouvernement Joma\u00e2 de r\u00e9agir\",\"breadcrumb\":{\"@id\":\"https:\\\/\\\/www.webdo.tn\\\/fr\\\/actualite\\\/sante\\\/tunisie-european-cancer-centers-accuse-ministre-sante-corruption-habib-khedhr-demande-au-gouvernement-jomaa-reagir\\\/185399\\\/#breadcrumb\"},\"inLanguage\":\"fr-FR\",\"potentialAction\":[{\"@type\":\"ReadAction\",\"target\":[\"https:\\\/\\\/www.webdo.tn\\\/fr\\\/actualite\\\/sante\\\/tunisie-european-cancer-centers-accuse-ministre-sante-corruption-habib-khedhr-demande-au-gouvernement-jomaa-reagir\\\/185399\\\/\"]}]},{\"@type\":\"ImageObject\",\"inLanguage\":\"fr-FR\",\"@id\":\"https:\\\/\\\/www.webdo.tn\\\/fr\\\/actualite\\\/sante\\\/tunisie-european-cancer-centers-accuse-ministre-sante-corruption-habib-khedhr-demande-au-gouvernement-jomaa-reagir\\\/185399\\\/#primaryimage\",\"url\":\"https:\\\/\\\/www.webdo.tn\\\/fr\\\/wp-content\\\/uploads\\\/2014\\\/09\\\/Habib-Khedher-photo-FB-Habib-Khedher.jpg\",\"contentUrl\":\"https:\\\/\\\/www.webdo.tn\\\/fr\\\/wp-content\\\/uploads\\\/2014\\\/09\\\/Habib-Khedher-photo-FB-Habib-Khedher.jpg\",\"width\":298,\"height\":217,\"caption\":\"Tunisie : European Cancer Centers accuse le ministre de la Sant\u00e9 de corruption : Habib Khedhr demande au gouvernement Joma\u00e2 de r\u00e9agir\"},{\"@type\":\"BreadcrumbList\",\"@id\":\"https:\\\/\\\/www.webdo.tn\\\/fr\\\/actualite\\\/sante\\\/tunisie-european-cancer-centers-accuse-ministre-sante-corruption-habib-khedhr-demande-au-gouvernement-jomaa-reagir\\\/185399\\\/#breadcrumb\",\"itemListElement\":[{\"@type\":\"ListItem\",\"position\":1,\"name\":\"Accueil\",\"item\":\"https:\\\/\\\/www.webdo.tn\\\/fr\\\/\"},{\"@type\":\"ListItem\",\"position\":2,\"name\":\"Tunisie : European Cancer Centers accuse le ministre de la Sant\u00e9 de corruption : Habib Khedhr demande au gouvernement Joma\u00e2 de r\u00e9agir\"}]},{\"@type\":\"WebSite\",\"@id\":\"https:\\\/\\\/www.webdo.tn\\\/fr\\\/#website\",\"url\":\"https:\\\/\\\/www.webdo.tn\\\/fr\\\/\",\"name\":\"webdo\",\"description\":\"Tunisie - News en Tunisie et \u00e0 l&#039;international sur Webdo.tn\",\"publisher\":{\"@id\":\"https:\\\/\\\/www.webdo.tn\\\/fr\\\/#organization\"},\"potentialAction\":[{\"@type\":\"SearchAction\",\"target\":{\"@type\":\"EntryPoint\",\"urlTemplate\":\"https:\\\/\\\/www.webdo.tn\\\/fr\\\/?s={search_term_string}\"},\"query-input\":{\"@type\":\"PropertyValueSpecification\",\"valueRequired\":true,\"valueName\":\"search_term_string\"}}],\"inLanguage\":\"fr-FR\"},{\"@type\":\"Organization\",\"@id\":\"https:\\\/\\\/www.webdo.tn\\\/fr\\\/#organization\",\"name\":\"Webdo\",\"alternateName\":\"Webdo.tn\",\"url\":\"https:\\\/\\\/www.webdo.tn\\\/fr\\\/\",\"logo\":{\"@type\":\"ImageObject\",\"inLanguage\":\"fr-FR\",\"@id\":\"https:\\\/\\\/www.webdo.tn\\\/fr\\\/#\\\/schema\\\/logo\\\/image\\\/\",\"url\":\"https:\\\/\\\/www.webdo.tn\\\/fr\\\/wp-content\\\/uploads\\\/2025\\\/06\\\/Webdo-Tunisie_168377.jpg\",\"contentUrl\":\"https:\\\/\\\/www.webdo.tn\\\/fr\\\/wp-content\\\/uploads\\\/2025\\\/06\\\/Webdo-Tunisie_168377.jpg\",\"width\":301,\"height\":301,\"caption\":\"Webdo\"},\"image\":{\"@id\":\"https:\\\/\\\/www.webdo.tn\\\/fr\\\/#\\\/schema\\\/logo\\\/image\\\/\"},\"sameAs\":[\"https:\\\/\\\/www.facebook.com\\\/webdotn\",\"https:\\\/\\\/x.com\\\/webdo_tn\"],\"description\":\"Webdo est un m\u00e9dia num\u00e9rique tunisien fond\u00e9 en 2010, sp\u00e9cialis\u00e9 dans l\u2019actualit\u00e9 nationale et internationale, l\u2019\u00e9conomie, la soci\u00e9t\u00e9 et les analyses politiques. Le site s\u2019adresse \u00e0 un large public francophone et couvre l\u2019information tunisienne en temps r\u00e9el.\",\"email\":\"redac@webdo.tn\",\"legalName\":\"YNJ SARL\",\"foundingDate\":\"2010-09-06\",\"numberOfEmployees\":{\"@type\":\"QuantitativeValue\",\"minValue\":\"11\",\"maxValue\":\"50\"}},{\"@type\":\"Person\",\"@id\":\"https:\\\/\\\/www.webdo.tn\\\/fr\\\/#\\\/schema\\\/person\\\/9a9c6118d687c117df8ef3cc36a4d175\",\"name\":\"webdo.tn\",\"image\":{\"@type\":\"ImageObject\",\"inLanguage\":\"fr-FR\",\"@id\":\"https:\\\/\\\/secure.gravatar.com\\\/avatar\\\/7ce1f28c0c3bbac99ff550b85ef8e44a6950c6ee24514fb6a5489e51d06f0298?s=96&d=mm&r=g\",\"url\":\"https:\\\/\\\/secure.gravatar.com\\\/avatar\\\/7ce1f28c0c3bbac99ff550b85ef8e44a6950c6ee24514fb6a5489e51d06f0298?s=96&d=mm&r=g\",\"contentUrl\":\"https:\\\/\\\/secure.gravatar.com\\\/avatar\\\/7ce1f28c0c3bbac99ff550b85ef8e44a6950c6ee24514fb6a5489e51d06f0298?s=96&d=mm&r=g\",\"caption\":\"webdo.tn\"},\"url\":\"https:\\\/\\\/www.webdo.tn\\\/fr\\\/actualite\\\/author\\\/webdotn\\\/\"}]}<\/script>\n<!-- \/ Yoast SEO Premium plugin. -->","yoast_head_json":{"title":"Tunisie : European Cancer Centers accuse le ministre de la Sant\u00e9 de corruption : Habib Khedhr demande au gouvernement Joma\u00e2 de r\u00e9agir","description":"Tunisie : European Cancer Centers accuse le ministre de la Sant\u00e9 de corruption : Habib Khedhr demande au gouvernement Joma\u00e2 de r\u00e9agir","canonical":"https:\/\/www.webdo.tn\/fr\/actualite\/sante\/tunisie-european-cancer-centers-accuse-ministre-sante-corruption-habib-khedhr-demande-au-gouvernement-jomaa-reagir\/185399\/","og_locale":"fr_FR","og_type":"article","og_title":"Tunisie : European Cancer Centers accuse le ministre de la Sant\u00e9 de corruption : Habib Khedhr demande au gouvernement Joma\u00e2 de r\u00e9agir","og_description":"Tunisie : European Cancer Centers accuse le ministre de la Sant\u00e9 de corruption : Habib Khedhr demande au gouvernement Joma\u00e2 de r\u00e9agir","og_url":"https:\/\/www.webdo.tn\/fr\/actualite\/sante\/tunisie-european-cancer-centers-accuse-ministre-sante-corruption-habib-khedhr-demande-au-gouvernement-jomaa-reagir\/185399\/","og_site_name":"webdo","article_publisher":"https:\/\/www.facebook.com\/webdotn","article_published_time":"2014-09-26T18:01:00+00:00","article_modified_time":"2025-05-22T13:04:03+00:00","og_image":[{"width":298,"height":217,"url":"https:\/\/www.webdo.tn\/fr\/wp-content\/uploads\/2014\/09\/Habib-Khedher-photo-FB-Habib-Khedher.jpg","type":"image\/jpeg"}],"author":"webdo.tn","twitter_card":"summary_large_image","twitter_creator":"@webdo_tn","twitter_site":"@webdo_tn","twitter_misc":{"\u00c9crit par":"webdo.tn","Dur\u00e9e de lecture estim\u00e9e":"4 minutes"},"schema":{"@context":"https:\/\/schema.org","@graph":[{"@type":"NewsArticle","@id":"https:\/\/www.webdo.tn\/fr\/actualite\/sante\/tunisie-european-cancer-centers-accuse-ministre-sante-corruption-habib-khedhr-demande-au-gouvernement-jomaa-reagir\/185399\/#article","isPartOf":{"@id":"https:\/\/www.webdo.tn\/fr\/actualite\/sante\/tunisie-european-cancer-centers-accuse-ministre-sante-corruption-habib-khedhr-demande-au-gouvernement-jomaa-reagir\/185399\/"},"author":{"name":"webdo.tn","@id":"https:\/\/www.webdo.tn\/fr\/#\/schema\/person\/9a9c6118d687c117df8ef3cc36a4d175"},"headline":"Tunisie : European Cancer Centers accuse le ministre de la Sant\u00e9 de corruption : Habib Khedhr demande au gouvernement Joma\u00e2 de r\u00e9agir","datePublished":"2014-09-26T18:01:00+00:00","dateModified":"2025-05-22T13:04:03+00:00","mainEntityOfPage":{"@id":"https:\/\/www.webdo.tn\/fr\/actualite\/sante\/tunisie-european-cancer-centers-accuse-ministre-sante-corruption-habib-khedhr-demande-au-gouvernement-jomaa-reagir\/185399\/"},"wordCount":876,"commentCount":0,"publisher":{"@id":"https:\/\/www.webdo.tn\/fr\/#organization"},"image":{"@id":"https:\/\/www.webdo.tn\/fr\/actualite\/sante\/tunisie-european-cancer-centers-accuse-ministre-sante-corruption-habib-khedhr-demande-au-gouvernement-jomaa-reagir\/185399\/#primaryimage"},"thumbnailUrl":"https:\/\/www.webdo.tn\/fr\/wp-content\/uploads\/2014\/09\/Habib-Khedher-photo-FB-Habib-Khedher.jpg","articleSection":["Sant\u00e9"],"inLanguage":"fr-FR"},{"@type":"WebPage","@id":"https:\/\/www.webdo.tn\/fr\/actualite\/sante\/tunisie-european-cancer-centers-accuse-ministre-sante-corruption-habib-khedhr-demande-au-gouvernement-jomaa-reagir\/185399\/","url":"https:\/\/www.webdo.tn\/fr\/actualite\/sante\/tunisie-european-cancer-centers-accuse-ministre-sante-corruption-habib-khedhr-demande-au-gouvernement-jomaa-reagir\/185399\/","name":"Tunisie : European Cancer Centers accuse le ministre de la Sant\u00e9 de corruption : Habib Khedhr demande au gouvernement Joma\u00e2 de r\u00e9agir","isPartOf":{"@id":"https:\/\/www.webdo.tn\/fr\/#website"},"primaryImageOfPage":{"@id":"https:\/\/www.webdo.tn\/fr\/actualite\/sante\/tunisie-european-cancer-centers-accuse-ministre-sante-corruption-habib-khedhr-demande-au-gouvernement-jomaa-reagir\/185399\/#primaryimage"},"image":{"@id":"https:\/\/www.webdo.tn\/fr\/actualite\/sante\/tunisie-european-cancer-centers-accuse-ministre-sante-corruption-habib-khedhr-demande-au-gouvernement-jomaa-reagir\/185399\/#primaryimage"},"thumbnailUrl":"https:\/\/www.webdo.tn\/fr\/wp-content\/uploads\/2014\/09\/Habib-Khedher-photo-FB-Habib-Khedher.jpg","datePublished":"2014-09-26T18:01:00+00:00","dateModified":"2025-05-22T13:04:03+00:00","description":"Tunisie : European Cancer Centers accuse le ministre de la Sant\u00e9 de corruption : Habib Khedhr demande au gouvernement Joma\u00e2 de r\u00e9agir","breadcrumb":{"@id":"https:\/\/www.webdo.tn\/fr\/actualite\/sante\/tunisie-european-cancer-centers-accuse-ministre-sante-corruption-habib-khedhr-demande-au-gouvernement-jomaa-reagir\/185399\/#breadcrumb"},"inLanguage":"fr-FR","potentialAction":[{"@type":"ReadAction","target":["https:\/\/www.webdo.tn\/fr\/actualite\/sante\/tunisie-european-cancer-centers-accuse-ministre-sante-corruption-habib-khedhr-demande-au-gouvernement-jomaa-reagir\/185399\/"]}]},{"@type":"ImageObject","inLanguage":"fr-FR","@id":"https:\/\/www.webdo.tn\/fr\/actualite\/sante\/tunisie-european-cancer-centers-accuse-ministre-sante-corruption-habib-khedhr-demande-au-gouvernement-jomaa-reagir\/185399\/#primaryimage","url":"https:\/\/www.webdo.tn\/fr\/wp-content\/uploads\/2014\/09\/Habib-Khedher-photo-FB-Habib-Khedher.jpg","contentUrl":"https:\/\/www.webdo.tn\/fr\/wp-content\/uploads\/2014\/09\/Habib-Khedher-photo-FB-Habib-Khedher.jpg","width":298,"height":217,"caption":"Tunisie : European Cancer Centers accuse le ministre de la Sant\u00e9 de corruption : Habib Khedhr demande au gouvernement Joma\u00e2 de r\u00e9agir"},{"@type":"BreadcrumbList","@id":"https:\/\/www.webdo.tn\/fr\/actualite\/sante\/tunisie-european-cancer-centers-accuse-ministre-sante-corruption-habib-khedhr-demande-au-gouvernement-jomaa-reagir\/185399\/#breadcrumb","itemListElement":[{"@type":"ListItem","position":1,"name":"Accueil","item":"https:\/\/www.webdo.tn\/fr\/"},{"@type":"ListItem","position":2,"name":"Tunisie : European Cancer Centers accuse le ministre de la Sant\u00e9 de corruption : Habib Khedhr demande au gouvernement Joma\u00e2 de r\u00e9agir"}]},{"@type":"WebSite","@id":"https:\/\/www.webdo.tn\/fr\/#website","url":"https:\/\/www.webdo.tn\/fr\/","name":"webdo","description":"Tunisie - News en Tunisie et \u00e0 l&#039;international sur Webdo.tn","publisher":{"@id":"https:\/\/www.webdo.tn\/fr\/#organization"},"potentialAction":[{"@type":"SearchAction","target":{"@type":"EntryPoint","urlTemplate":"https:\/\/www.webdo.tn\/fr\/?s={search_term_string}"},"query-input":{"@type":"PropertyValueSpecification","valueRequired":true,"valueName":"search_term_string"}}],"inLanguage":"fr-FR"},{"@type":"Organization","@id":"https:\/\/www.webdo.tn\/fr\/#organization","name":"Webdo","alternateName":"Webdo.tn","url":"https:\/\/www.webdo.tn\/fr\/","logo":{"@type":"ImageObject","inLanguage":"fr-FR","@id":"https:\/\/www.webdo.tn\/fr\/#\/schema\/logo\/image\/","url":"https:\/\/www.webdo.tn\/fr\/wp-content\/uploads\/2025\/06\/Webdo-Tunisie_168377.jpg","contentUrl":"https:\/\/www.webdo.tn\/fr\/wp-content\/uploads\/2025\/06\/Webdo-Tunisie_168377.jpg","width":301,"height":301,"caption":"Webdo"},"image":{"@id":"https:\/\/www.webdo.tn\/fr\/#\/schema\/logo\/image\/"},"sameAs":["https:\/\/www.facebook.com\/webdotn","https:\/\/x.com\/webdo_tn"],"description":"Webdo est un m\u00e9dia num\u00e9rique tunisien fond\u00e9 en 2010, sp\u00e9cialis\u00e9 dans l\u2019actualit\u00e9 nationale et internationale, l\u2019\u00e9conomie, la soci\u00e9t\u00e9 et les analyses politiques. Le site s\u2019adresse \u00e0 un large public francophone et couvre l\u2019information tunisienne en temps r\u00e9el.","email":"redac@webdo.tn","legalName":"YNJ SARL","foundingDate":"2010-09-06","numberOfEmployees":{"@type":"QuantitativeValue","minValue":"11","maxValue":"50"}},{"@type":"Person","@id":"https:\/\/www.webdo.tn\/fr\/#\/schema\/person\/9a9c6118d687c117df8ef3cc36a4d175","name":"webdo.tn","image":{"@type":"ImageObject","inLanguage":"fr-FR","@id":"https:\/\/secure.gravatar.com\/avatar\/7ce1f28c0c3bbac99ff550b85ef8e44a6950c6ee24514fb6a5489e51d06f0298?s=96&d=mm&r=g","url":"https:\/\/secure.gravatar.com\/avatar\/7ce1f28c0c3bbac99ff550b85ef8e44a6950c6ee24514fb6a5489e51d06f0298?s=96&d=mm&r=g","contentUrl":"https:\/\/secure.gravatar.com\/avatar\/7ce1f28c0c3bbac99ff550b85ef8e44a6950c6ee24514fb6a5489e51d06f0298?s=96&d=mm&r=g","caption":"webdo.tn"},"url":"https:\/\/www.webdo.tn\/fr\/actualite\/author\/webdotn\/"}]}},"_links":{"self":[{"href":"https:\/\/www.webdo.tn\/fr\/wp-json\/wp\/v2\/posts\/185399","targetHints":{"allow":["GET"]}}],"collection":[{"href":"https:\/\/www.webdo.tn\/fr\/wp-json\/wp\/v2\/posts"}],"about":[{"href":"https:\/\/www.webdo.tn\/fr\/wp-json\/wp\/v2\/types\/post"}],"author":[{"embeddable":true,"href":"https:\/\/www.webdo.tn\/fr\/wp-json\/wp\/v2\/users\/3222"}],"replies":[{"embeddable":true,"href":"https:\/\/www.webdo.tn\/fr\/wp-json\/wp\/v2\/comments?post=185399"}],"version-history":[{"count":0,"href":"https:\/\/www.webdo.tn\/fr\/wp-json\/wp\/v2\/posts\/185399\/revisions"}],"wp:featuredmedia":[{"embeddable":true,"href":"https:\/\/www.webdo.tn\/fr\/wp-json\/wp\/v2\/media\/320248"}],"wp:attachment":[{"href":"https:\/\/www.webdo.tn\/fr\/wp-json\/wp\/v2\/media?parent=185399"}],"wp:term":[{"taxonomy":"category","embeddable":true,"href":"https:\/\/www.webdo.tn\/fr\/wp-json\/wp\/v2\/categories?post=185399"},{"taxonomy":"post_tag","embeddable":true,"href":"https:\/\/www.webdo.tn\/fr\/wp-json\/wp\/v2\/tags?post=185399"}],"curies":[{"name":"wp","href":"https:\/\/api.w.org\/{rel}","templated":true}]}}