{"id":185398,"date":"2014-09-27T12:21:00","date_gmt":"2014-09-27T12:21:00","guid":{"rendered":"https:\/\/www.webdo.tn\/fr\/blog\/tunisie-les-8-revendications-manifestants-contre-pollution-djerba\/185398\/"},"modified":"2025-05-22T13:21:59","modified_gmt":"2025-05-22T13:21:59","slug":"tunisie-les-8-revendications-manifestants-contre-pollution-djerba","status":"publish","type":"post","link":"https:\/\/www.webdo.tn\/fr\/actualite\/sante\/tunisie-les-8-revendications-manifestants-contre-pollution-djerba\/185398\/","title":{"rendered":"Tunisie : Les 8 revendications des manifestants contre la pollution \u00e0 Djerba"},"content":{"rendered":"<p>Une manifestation, \u00a0\u00bb mobilisation pour Djerba\u00a0\u00bb a \u00e9t\u00e9 organis\u00e9e ce samedi 27 septembre vers 10 heures du matin sur l&rsquo;av. Habib Bourguiba \u00e0 Tunis. \u00ab\u00a0Djerba en col\u00e8re\u00a0\u00bb, \u00ab\u00a0Djerba c&rsquo;est mon oxyg\u00e8ne c&rsquo;est mon avenir\u00a0\u00bb, &#8230; scandaient des centaines de manifestants devant le minist\u00e8re de l&rsquo;Int\u00e9rieur.\u00a0<\/p>\n<p>\u00ab\u00a0Ces probl\u00e8mes et leur solution ne concernent pas seulement notre \u00eele mais l&rsquo;ensemble de la Tunisie,\u00a0\u00bb expliquaient les manifestants de Tunis et d&rsquo;autres venus de Djerba.<\/p>\n<p>L&rsquo;une des personnes pr\u00e9sentes brandissait une pancarte sur laquelle on pouvait lire, en tunisien, \u00ab\u00a0Nous vivons \u00e0 Djerba comme dans une poubelle\u00a0\u00bb, faisant r\u00e9f\u00e9rence \u00e0 la c\u00e9l\u00e8bre chanson \u00ab\u00a07oumani\u00a0\u00bb.<\/p>\n<p>Les revendications des manifestants<\/p>\n<p> Demande au gouvernement d&rsquo;enlever les poubelles hors de l&rsquo;\u00eele de Djerba comme une solution provisoire<br \/>\n Trouver une solution radicale pour mettre fin \u00e0 la situation catastrophique \u00e0 Djerba<br \/>\n Lancer des projets de gestion des poubelles et en faire participer la soci\u00e9t\u00e9 civile<br \/>\n Cr\u00e9er une cellule de crise pour \u00e9tudier la situation et y faire participer le \u00ab\u00a0conseil des sages\u00a0\u00bb<br \/>\n Retirer la confiance de l&rsquo;agence de gestion des poubelles qui n&rsquo;a fait aucun redressement de la situation et s&rsquo;adresser aux autorit\u00e9s locales, au comit\u00e9 de la municipalit\u00e9 de Houmet Souk, Midoun et Ajim.<br \/>\n Int\u00e9grer la probl\u00e9matique environnementale parmi les priorit\u00e9s du pays en \u00e9tablissant un dialogue national au sujet de l&rsquo;environnement et du d\u00e9veloppement<br \/>\n Plus d&rsquo;engagement du c\u00f4t\u00e9 de la soci\u00e9t\u00e9 civile et des citoyens pour la culture de la citoyennet\u00e9 active dans le domaine \u00e9cologique<br \/>\n Pr\u00e9parer et r\u00e9aliser un programme national pour l&rsquo;\u00e9ducation environnementale au profit des g\u00e9n\u00e9rations \u00e0 venir, notamment aux niveaux primaire et secondaire.<\/p>\n<p>\u00a0<\/p>\n<p>Par Nadia D\u00e9joui<\/p>\n","protected":false},"excerpt":{"rendered":"<p>Tunisie : Les 8 revendications des manifestants contre la pollution \u00e0 Djerba<\/p>\n","protected":false},"author":3222,"featured_media":335048,"comment_status":"open","ping_status":"closed","sticky":false,"template":"","format":"standard","meta":{"footnotes":""},"categories":[11341],"tags":[],"class_list":["post-185398","post","type-post","status-publish","format-standard","has-post-thumbnail","hentry","category-sante"],"yoast_head":"<!-- This site is optimized with the Yoast SEO Premium plugin v27.5 (Yoast SEO v27.5) - https:\/\/yoast.com\/product\/yoast-seo-premium-wordpress\/ -->\n<title>Tunisie : Les 8 revendications des manifestants contre la pollution \u00e0 Djerba<\/title>\n<meta name=\"description\" content=\"Tunisie : Les 8 revendications des manifestants contre la pollution \u00e0 Djerba\" \/>\n<link rel=\"canonical\" href=\"https:\/\/www.webdo.tn\/fr\/actualite\/sante\/tunisie-les-8-revendications-manifestants-contre-pollution-djerba\/185398\/\" \/>\n<meta property=\"og:locale\" content=\"fr_FR\" \/>\n<meta property=\"og:type\" content=\"article\" \/>\n<meta property=\"og:title\" content=\"Tunisie : Les 8 revendications des manifestants contre la pollution \u00e0 Djerba\" \/>\n<meta property=\"og:description\" content=\"Tunisie : Les 8 revendications des manifestants contre la pollution \u00e0 Djerba\" \/>\n<meta property=\"og:url\" content=\"https:\/\/www.webdo.tn\/fr\/actualite\/sante\/tunisie-les-8-revendications-manifestants-contre-pollution-djerba\/185398\/\" \/>\n<meta property=\"og:site_name\" content=\"webdo\" \/>\n<meta property=\"article:publisher\" content=\"https:\/\/www.facebook.com\/webdotn\" \/>\n<meta property=\"article:published_time\" content=\"2014-09-27T12:21:00+00:00\" \/>\n<meta property=\"article:modified_time\" content=\"2025-05-22T13:21:59+00:00\" \/>\n<meta property=\"og:image\" content=\"https:\/\/www.webdo.tn\/fr\/wp-content\/uploads\/2014\/09\/Djerba-manif.jpg\" \/>\n\t<meta property=\"og:image:width\" content=\"567\" \/>\n\t<meta property=\"og:image:height\" content=\"411\" \/>\n\t<meta property=\"og:image:type\" content=\"image\/jpeg\" \/>\n<meta name=\"author\" content=\"webdo.tn\" \/>\n<meta name=\"twitter:card\" content=\"summary_large_image\" \/>\n<meta name=\"twitter:creator\" content=\"@webdo_tn\" \/>\n<meta name=\"twitter:site\" content=\"@webdo_tn\" \/>\n<meta name=\"twitter:label1\" content=\"\u00c9crit par\" \/>\n\t<meta name=\"twitter:data1\" content=\"webdo.tn\" \/>\n\t<meta name=\"twitter:label2\" content=\"Dur\u00e9e de lecture estim\u00e9e\" \/>\n\t<meta name=\"twitter:data2\" content=\"1 minute\" \/>\n<script type=\"application\/ld+json\" class=\"yoast-schema-graph\">{\"@context\":\"https:\\\/\\\/schema.org\",\"@graph\":[{\"@type\":\"NewsArticle\",\"@id\":\"https:\\\/\\\/www.webdo.tn\\\/fr\\\/actualite\\\/sante\\\/tunisie-les-8-revendications-manifestants-contre-pollution-djerba\\\/185398\\\/#article\",\"isPartOf\":{\"@id\":\"https:\\\/\\\/www.webdo.tn\\\/fr\\\/actualite\\\/sante\\\/tunisie-les-8-revendications-manifestants-contre-pollution-djerba\\\/185398\\\/\"},\"author\":{\"name\":\"webdo.tn\",\"@id\":\"https:\\\/\\\/www.webdo.tn\\\/fr\\\/#\\\/schema\\\/person\\\/9a9c6118d687c117df8ef3cc36a4d175\"},\"headline\":\"Tunisie : Les 8 revendications des manifestants contre la pollution \u00e0 Djerba\",\"datePublished\":\"2014-09-27T12:21:00+00:00\",\"dateModified\":\"2025-05-22T13:21:59+00:00\",\"mainEntityOfPage\":{\"@id\":\"https:\\\/\\\/www.webdo.tn\\\/fr\\\/actualite\\\/sante\\\/tunisie-les-8-revendications-manifestants-contre-pollution-djerba\\\/185398\\\/\"},\"wordCount\":302,\"commentCount\":0,\"publisher\":{\"@id\":\"https:\\\/\\\/www.webdo.tn\\\/fr\\\/#organization\"},\"image\":{\"@id\":\"https:\\\/\\\/www.webdo.tn\\\/fr\\\/actualite\\\/sante\\\/tunisie-les-8-revendications-manifestants-contre-pollution-djerba\\\/185398\\\/#primaryimage\"},\"thumbnailUrl\":\"https:\\\/\\\/www.webdo.tn\\\/fr\\\/wp-content\\\/uploads\\\/2014\\\/09\\\/Djerba-manif.jpg\",\"articleSection\":[\"Sant\u00e9\"],\"inLanguage\":\"fr-FR\"},{\"@type\":\"WebPage\",\"@id\":\"https:\\\/\\\/www.webdo.tn\\\/fr\\\/actualite\\\/sante\\\/tunisie-les-8-revendications-manifestants-contre-pollution-djerba\\\/185398\\\/\",\"url\":\"https:\\\/\\\/www.webdo.tn\\\/fr\\\/actualite\\\/sante\\\/tunisie-les-8-revendications-manifestants-contre-pollution-djerba\\\/185398\\\/\",\"name\":\"Tunisie : Les 8 revendications des manifestants contre la pollution \u00e0 Djerba\",\"isPartOf\":{\"@id\":\"https:\\\/\\\/www.webdo.tn\\\/fr\\\/#website\"},\"primaryImageOfPage\":{\"@id\":\"https:\\\/\\\/www.webdo.tn\\\/fr\\\/actualite\\\/sante\\\/tunisie-les-8-revendications-manifestants-contre-pollution-djerba\\\/185398\\\/#primaryimage\"},\"image\":{\"@id\":\"https:\\\/\\\/www.webdo.tn\\\/fr\\\/actualite\\\/sante\\\/tunisie-les-8-revendications-manifestants-contre-pollution-djerba\\\/185398\\\/#primaryimage\"},\"thumbnailUrl\":\"https:\\\/\\\/www.webdo.tn\\\/fr\\\/wp-content\\\/uploads\\\/2014\\\/09\\\/Djerba-manif.jpg\",\"datePublished\":\"2014-09-27T12:21:00+00:00\",\"dateModified\":\"2025-05-22T13:21:59+00:00\",\"description\":\"Tunisie : Les 8 revendications des manifestants contre la pollution \u00e0 Djerba\",\"breadcrumb\":{\"@id\":\"https:\\\/\\\/www.webdo.tn\\\/fr\\\/actualite\\\/sante\\\/tunisie-les-8-revendications-manifestants-contre-pollution-djerba\\\/185398\\\/#breadcrumb\"},\"inLanguage\":\"fr-FR\",\"potentialAction\":[{\"@type\":\"ReadAction\",\"target\":[\"https:\\\/\\\/www.webdo.tn\\\/fr\\\/actualite\\\/sante\\\/tunisie-les-8-revendications-manifestants-contre-pollution-djerba\\\/185398\\\/\"]}]},{\"@type\":\"ImageObject\",\"inLanguage\":\"fr-FR\",\"@id\":\"https:\\\/\\\/www.webdo.tn\\\/fr\\\/actualite\\\/sante\\\/tunisie-les-8-revendications-manifestants-contre-pollution-djerba\\\/185398\\\/#primaryimage\",\"url\":\"https:\\\/\\\/www.webdo.tn\\\/fr\\\/wp-content\\\/uploads\\\/2014\\\/09\\\/Djerba-manif.jpg\",\"contentUrl\":\"https:\\\/\\\/www.webdo.tn\\\/fr\\\/wp-content\\\/uploads\\\/2014\\\/09\\\/Djerba-manif.jpg\",\"width\":567,\"height\":411,\"caption\":\"Tunisie : Les 8 revendications des manifestants contre la pollution \u00e0 Djerba\"},{\"@type\":\"BreadcrumbList\",\"@id\":\"https:\\\/\\\/www.webdo.tn\\\/fr\\\/actualite\\\/sante\\\/tunisie-les-8-revendications-manifestants-contre-pollution-djerba\\\/185398\\\/#breadcrumb\",\"itemListElement\":[{\"@type\":\"ListItem\",\"position\":1,\"name\":\"Accueil\",\"item\":\"https:\\\/\\\/www.webdo.tn\\\/fr\\\/\"},{\"@type\":\"ListItem\",\"position\":2,\"name\":\"Tunisie : Les 8 revendications des manifestants contre la pollution \u00e0 Djerba\"}]},{\"@type\":\"WebSite\",\"@id\":\"https:\\\/\\\/www.webdo.tn\\\/fr\\\/#website\",\"url\":\"https:\\\/\\\/www.webdo.tn\\\/fr\\\/\",\"name\":\"webdo\",\"description\":\"Tunisie - News en Tunisie et \u00e0 l&#039;international sur Webdo.tn\",\"publisher\":{\"@id\":\"https:\\\/\\\/www.webdo.tn\\\/fr\\\/#organization\"},\"potentialAction\":[{\"@type\":\"SearchAction\",\"target\":{\"@type\":\"EntryPoint\",\"urlTemplate\":\"https:\\\/\\\/www.webdo.tn\\\/fr\\\/?s={search_term_string}\"},\"query-input\":{\"@type\":\"PropertyValueSpecification\",\"valueRequired\":true,\"valueName\":\"search_term_string\"}}],\"inLanguage\":\"fr-FR\"},{\"@type\":\"Organization\",\"@id\":\"https:\\\/\\\/www.webdo.tn\\\/fr\\\/#organization\",\"name\":\"Webdo\",\"alternateName\":\"Webdo.tn\",\"url\":\"https:\\\/\\\/www.webdo.tn\\\/fr\\\/\",\"logo\":{\"@type\":\"ImageObject\",\"inLanguage\":\"fr-FR\",\"@id\":\"https:\\\/\\\/www.webdo.tn\\\/fr\\\/#\\\/schema\\\/logo\\\/image\\\/\",\"url\":\"https:\\\/\\\/www.webdo.tn\\\/fr\\\/wp-content\\\/uploads\\\/2025\\\/06\\\/Webdo-Tunisie_168377.jpg\",\"contentUrl\":\"https:\\\/\\\/www.webdo.tn\\\/fr\\\/wp-content\\\/uploads\\\/2025\\\/06\\\/Webdo-Tunisie_168377.jpg\",\"width\":301,\"height\":301,\"caption\":\"Webdo\"},\"image\":{\"@id\":\"https:\\\/\\\/www.webdo.tn\\\/fr\\\/#\\\/schema\\\/logo\\\/image\\\/\"},\"sameAs\":[\"https:\\\/\\\/www.facebook.com\\\/webdotn\",\"https:\\\/\\\/x.com\\\/webdo_tn\"],\"description\":\"Webdo est un m\u00e9dia num\u00e9rique tunisien fond\u00e9 en 2010, sp\u00e9cialis\u00e9 dans l\u2019actualit\u00e9 nationale et internationale, l\u2019\u00e9conomie, la soci\u00e9t\u00e9 et les analyses politiques. Le site s\u2019adresse \u00e0 un large public francophone et couvre l\u2019information tunisienne en temps r\u00e9el.\",\"email\":\"redac@webdo.tn\",\"legalName\":\"YNJ SARL\",\"foundingDate\":\"2010-09-06\",\"numberOfEmployees\":{\"@type\":\"QuantitativeValue\",\"minValue\":\"11\",\"maxValue\":\"50\"}},{\"@type\":\"Person\",\"@id\":\"https:\\\/\\\/www.webdo.tn\\\/fr\\\/#\\\/schema\\\/person\\\/9a9c6118d687c117df8ef3cc36a4d175\",\"name\":\"webdo.tn\",\"image\":{\"@type\":\"ImageObject\",\"inLanguage\":\"fr-FR\",\"@id\":\"https:\\\/\\\/secure.gravatar.com\\\/avatar\\\/7ce1f28c0c3bbac99ff550b85ef8e44a6950c6ee24514fb6a5489e51d06f0298?s=96&d=mm&r=g\",\"url\":\"https:\\\/\\\/secure.gravatar.com\\\/avatar\\\/7ce1f28c0c3bbac99ff550b85ef8e44a6950c6ee24514fb6a5489e51d06f0298?s=96&d=mm&r=g\",\"contentUrl\":\"https:\\\/\\\/secure.gravatar.com\\\/avatar\\\/7ce1f28c0c3bbac99ff550b85ef8e44a6950c6ee24514fb6a5489e51d06f0298?s=96&d=mm&r=g\",\"caption\":\"webdo.tn\"},\"url\":\"https:\\\/\\\/www.webdo.tn\\\/fr\\\/actualite\\\/author\\\/webdotn\\\/\"}]}<\/script>\n<!-- \/ Yoast SEO Premium plugin. -->","yoast_head_json":{"title":"Tunisie : Les 8 revendications des manifestants contre la pollution \u00e0 Djerba","description":"Tunisie : Les 8 revendications des manifestants contre la pollution \u00e0 Djerba","canonical":"https:\/\/www.webdo.tn\/fr\/actualite\/sante\/tunisie-les-8-revendications-manifestants-contre-pollution-djerba\/185398\/","og_locale":"fr_FR","og_type":"article","og_title":"Tunisie : Les 8 revendications des manifestants contre la pollution \u00e0 Djerba","og_description":"Tunisie : Les 8 revendications des manifestants contre la pollution \u00e0 Djerba","og_url":"https:\/\/www.webdo.tn\/fr\/actualite\/sante\/tunisie-les-8-revendications-manifestants-contre-pollution-djerba\/185398\/","og_site_name":"webdo","article_publisher":"https:\/\/www.facebook.com\/webdotn","article_published_time":"2014-09-27T12:21:00+00:00","article_modified_time":"2025-05-22T13:21:59+00:00","og_image":[{"width":567,"height":411,"url":"https:\/\/www.webdo.tn\/fr\/wp-content\/uploads\/2014\/09\/Djerba-manif.jpg","type":"image\/jpeg"}],"author":"webdo.tn","twitter_card":"summary_large_image","twitter_creator":"@webdo_tn","twitter_site":"@webdo_tn","twitter_misc":{"\u00c9crit par":"webdo.tn","Dur\u00e9e de lecture estim\u00e9e":"1 minute"},"schema":{"@context":"https:\/\/schema.org","@graph":[{"@type":"NewsArticle","@id":"https:\/\/www.webdo.tn\/fr\/actualite\/sante\/tunisie-les-8-revendications-manifestants-contre-pollution-djerba\/185398\/#article","isPartOf":{"@id":"https:\/\/www.webdo.tn\/fr\/actualite\/sante\/tunisie-les-8-revendications-manifestants-contre-pollution-djerba\/185398\/"},"author":{"name":"webdo.tn","@id":"https:\/\/www.webdo.tn\/fr\/#\/schema\/person\/9a9c6118d687c117df8ef3cc36a4d175"},"headline":"Tunisie : Les 8 revendications des manifestants contre la pollution \u00e0 Djerba","datePublished":"2014-09-27T12:21:00+00:00","dateModified":"2025-05-22T13:21:59+00:00","mainEntityOfPage":{"@id":"https:\/\/www.webdo.tn\/fr\/actualite\/sante\/tunisie-les-8-revendications-manifestants-contre-pollution-djerba\/185398\/"},"wordCount":302,"commentCount":0,"publisher":{"@id":"https:\/\/www.webdo.tn\/fr\/#organization"},"image":{"@id":"https:\/\/www.webdo.tn\/fr\/actualite\/sante\/tunisie-les-8-revendications-manifestants-contre-pollution-djerba\/185398\/#primaryimage"},"thumbnailUrl":"https:\/\/www.webdo.tn\/fr\/wp-content\/uploads\/2014\/09\/Djerba-manif.jpg","articleSection":["Sant\u00e9"],"inLanguage":"fr-FR"},{"@type":"WebPage","@id":"https:\/\/www.webdo.tn\/fr\/actualite\/sante\/tunisie-les-8-revendications-manifestants-contre-pollution-djerba\/185398\/","url":"https:\/\/www.webdo.tn\/fr\/actualite\/sante\/tunisie-les-8-revendications-manifestants-contre-pollution-djerba\/185398\/","name":"Tunisie : Les 8 revendications des manifestants contre la pollution \u00e0 Djerba","isPartOf":{"@id":"https:\/\/www.webdo.tn\/fr\/#website"},"primaryImageOfPage":{"@id":"https:\/\/www.webdo.tn\/fr\/actualite\/sante\/tunisie-les-8-revendications-manifestants-contre-pollution-djerba\/185398\/#primaryimage"},"image":{"@id":"https:\/\/www.webdo.tn\/fr\/actualite\/sante\/tunisie-les-8-revendications-manifestants-contre-pollution-djerba\/185398\/#primaryimage"},"thumbnailUrl":"https:\/\/www.webdo.tn\/fr\/wp-content\/uploads\/2014\/09\/Djerba-manif.jpg","datePublished":"2014-09-27T12:21:00+00:00","dateModified":"2025-05-22T13:21:59+00:00","description":"Tunisie : Les 8 revendications des manifestants contre la pollution \u00e0 Djerba","breadcrumb":{"@id":"https:\/\/www.webdo.tn\/fr\/actualite\/sante\/tunisie-les-8-revendications-manifestants-contre-pollution-djerba\/185398\/#breadcrumb"},"inLanguage":"fr-FR","potentialAction":[{"@type":"ReadAction","target":["https:\/\/www.webdo.tn\/fr\/actualite\/sante\/tunisie-les-8-revendications-manifestants-contre-pollution-djerba\/185398\/"]}]},{"@type":"ImageObject","inLanguage":"fr-FR","@id":"https:\/\/www.webdo.tn\/fr\/actualite\/sante\/tunisie-les-8-revendications-manifestants-contre-pollution-djerba\/185398\/#primaryimage","url":"https:\/\/www.webdo.tn\/fr\/wp-content\/uploads\/2014\/09\/Djerba-manif.jpg","contentUrl":"https:\/\/www.webdo.tn\/fr\/wp-content\/uploads\/2014\/09\/Djerba-manif.jpg","width":567,"height":411,"caption":"Tunisie : Les 8 revendications des manifestants contre la pollution \u00e0 Djerba"},{"@type":"BreadcrumbList","@id":"https:\/\/www.webdo.tn\/fr\/actualite\/sante\/tunisie-les-8-revendications-manifestants-contre-pollution-djerba\/185398\/#breadcrumb","itemListElement":[{"@type":"ListItem","position":1,"name":"Accueil","item":"https:\/\/www.webdo.tn\/fr\/"},{"@type":"ListItem","position":2,"name":"Tunisie : Les 8 revendications des manifestants contre la pollution \u00e0 Djerba"}]},{"@type":"WebSite","@id":"https:\/\/www.webdo.tn\/fr\/#website","url":"https:\/\/www.webdo.tn\/fr\/","name":"webdo","description":"Tunisie - News en Tunisie et \u00e0 l&#039;international sur Webdo.tn","publisher":{"@id":"https:\/\/www.webdo.tn\/fr\/#organization"},"potentialAction":[{"@type":"SearchAction","target":{"@type":"EntryPoint","urlTemplate":"https:\/\/www.webdo.tn\/fr\/?s={search_term_string}"},"query-input":{"@type":"PropertyValueSpecification","valueRequired":true,"valueName":"search_term_string"}}],"inLanguage":"fr-FR"},{"@type":"Organization","@id":"https:\/\/www.webdo.tn\/fr\/#organization","name":"Webdo","alternateName":"Webdo.tn","url":"https:\/\/www.webdo.tn\/fr\/","logo":{"@type":"ImageObject","inLanguage":"fr-FR","@id":"https:\/\/www.webdo.tn\/fr\/#\/schema\/logo\/image\/","url":"https:\/\/www.webdo.tn\/fr\/wp-content\/uploads\/2025\/06\/Webdo-Tunisie_168377.jpg","contentUrl":"https:\/\/www.webdo.tn\/fr\/wp-content\/uploads\/2025\/06\/Webdo-Tunisie_168377.jpg","width":301,"height":301,"caption":"Webdo"},"image":{"@id":"https:\/\/www.webdo.tn\/fr\/#\/schema\/logo\/image\/"},"sameAs":["https:\/\/www.facebook.com\/webdotn","https:\/\/x.com\/webdo_tn"],"description":"Webdo est un m\u00e9dia num\u00e9rique tunisien fond\u00e9 en 2010, sp\u00e9cialis\u00e9 dans l\u2019actualit\u00e9 nationale et internationale, l\u2019\u00e9conomie, la soci\u00e9t\u00e9 et les analyses politiques. Le site s\u2019adresse \u00e0 un large public francophone et couvre l\u2019information tunisienne en temps r\u00e9el.","email":"redac@webdo.tn","legalName":"YNJ SARL","foundingDate":"2010-09-06","numberOfEmployees":{"@type":"QuantitativeValue","minValue":"11","maxValue":"50"}},{"@type":"Person","@id":"https:\/\/www.webdo.tn\/fr\/#\/schema\/person\/9a9c6118d687c117df8ef3cc36a4d175","name":"webdo.tn","image":{"@type":"ImageObject","inLanguage":"fr-FR","@id":"https:\/\/secure.gravatar.com\/avatar\/7ce1f28c0c3bbac99ff550b85ef8e44a6950c6ee24514fb6a5489e51d06f0298?s=96&d=mm&r=g","url":"https:\/\/secure.gravatar.com\/avatar\/7ce1f28c0c3bbac99ff550b85ef8e44a6950c6ee24514fb6a5489e51d06f0298?s=96&d=mm&r=g","contentUrl":"https:\/\/secure.gravatar.com\/avatar\/7ce1f28c0c3bbac99ff550b85ef8e44a6950c6ee24514fb6a5489e51d06f0298?s=96&d=mm&r=g","caption":"webdo.tn"},"url":"https:\/\/www.webdo.tn\/fr\/actualite\/author\/webdotn\/"}]}},"_links":{"self":[{"href":"https:\/\/www.webdo.tn\/fr\/wp-json\/wp\/v2\/posts\/185398","targetHints":{"allow":["GET"]}}],"collection":[{"href":"https:\/\/www.webdo.tn\/fr\/wp-json\/wp\/v2\/posts"}],"about":[{"href":"https:\/\/www.webdo.tn\/fr\/wp-json\/wp\/v2\/types\/post"}],"author":[{"embeddable":true,"href":"https:\/\/www.webdo.tn\/fr\/wp-json\/wp\/v2\/users\/3222"}],"replies":[{"embeddable":true,"href":"https:\/\/www.webdo.tn\/fr\/wp-json\/wp\/v2\/comments?post=185398"}],"version-history":[{"count":0,"href":"https:\/\/www.webdo.tn\/fr\/wp-json\/wp\/v2\/posts\/185398\/revisions"}],"wp:featuredmedia":[{"embeddable":true,"href":"https:\/\/www.webdo.tn\/fr\/wp-json\/wp\/v2\/media\/335048"}],"wp:attachment":[{"href":"https:\/\/www.webdo.tn\/fr\/wp-json\/wp\/v2\/media?parent=185398"}],"wp:term":[{"taxonomy":"category","embeddable":true,"href":"https:\/\/www.webdo.tn\/fr\/wp-json\/wp\/v2\/categories?post=185398"},{"taxonomy":"post_tag","embeddable":true,"href":"https:\/\/www.webdo.tn\/fr\/wp-json\/wp\/v2\/tags?post=185398"}],"curies":[{"name":"wp","href":"https:\/\/api.w.org\/{rel}","templated":true}]}}